{"id":1217,"date":"2018-09-26T16:07:16","date_gmt":"2018-09-26T16:07:16","guid":{"rendered":"https:\/\/comunidad.iebschool.com\/comunicacion-profesores\/?p=1217"},"modified":"2018-09-26T16:07:16","modified_gmt":"2018-09-26T16:07:16","slug":"profesor-del-mes-juan-luis-de-los-rios","status":"publish","type":"post","link":"https:\/\/www.iebschool.com\/comunicacion-profesores\/profesor-del-mes-juan-luis-de-los-rios\/","title":{"rendered":"Profesor del mes: Juan Luis de los R\u00edos"},"content":{"rendered":"<p><a href=\"https:\/\/www.iebschool.com\/comunicacion-profesores\/wp-content\/uploads\/2018\/09\/profe_mes_blog_845x182_JuanLuis.jpg\" rel=\"attachment wp-att-1220\"><img loading=\"lazy\" decoding=\"async\" class=\"aligncenter wp-image-1220 size-full\" src=\"https:\/\/www.iebschool.com\/comunicacion-profesores\/wp-content\/uploads\/2018\/09\/profe_mes_blog_845x182_JuanLuis.jpg\" alt=\"profe_mes_blog_845x182_JuanLuis\" width=\"845\" height=\"182\" srcset=\"https:\/\/www.iebschool.com\/comunicacion-profesores\/wp-content\/uploads\/2018\/09\/profe_mes_blog_845x182_JuanLuis.jpg 845w, https:\/\/www.iebschool.com\/comunicacion-profesores\/wp-content\/uploads\/2018\/09\/profe_mes_blog_845x182_JuanLuis-300x65.jpg 300w, https:\/\/www.iebschool.com\/comunicacion-profesores\/wp-content\/uploads\/2018\/09\/profe_mes_blog_845x182_JuanLuis-768x165.jpg 768w\" sizes=\"auto, (max-width: 845px) 100vw, 845px\" \/><\/a><\/p>\n<p>Este mes os presentamos a Juan Luis de los R\u00edos, profesor y director del\u00a0\u00a0Master en Supply Chain Management &amp; e-Logistic. Es un profesional muy entregado con el profesorado del programa. A continuaci\u00f3n nos explica su manera de gestionarse y organizarse. \u00a1Esperamos que os sirva!<\/p>\n<p><strong>Hemos observado que controlas la gesti\u00f3n del programa de Log\u00edstica con ayuda de un excel muy organizado.\u00bfNos podr\u00edas hablar un poco de \u00e9l? \u00bfHaces uso de otras herramientas o recursos para la gesti\u00f3n del profesorado y organizaci\u00f3n de los materiales ?<\/strong><\/p>\n<p>Cada director se acaba buscando sus f\u00f3rmulas para coordinar toda la informaci\u00f3n ganando tiempo. En mi caso, ya desde la primera edici\u00f3n me cre\u00e9 un Excel donde tengo centralizada toda la informaci\u00f3n del programa. El Excel ha ido creciendo y a\u00f1adi\u00e9ndole ayudas e informaci\u00f3n, y hoy por hoy casi es una hemeroteca de estos a\u00f1os. As\u00ed, tengo la parrilla de clases de cada edici\u00f3n celebrada, donde adem\u00e1s de la agenda puedo r\u00e1pidamente filtrar por profesores o materias para sacar conclusiones. Anoto todos los acuerdos e indicaciones que cerramos con cada profesor, para no olvidarme de los detalles importantes de desarrollo. Es muy visual, de modo que en cualquier momento puedo sacar un pantallazo de la informaci\u00f3n que concierne a un profesor o de cualquier otro tipo y as\u00ed hacer f\u00e1cil y r\u00e1pida la comunicaci\u00f3n. Por otro lado me cre\u00e9 una agenda de profesores donde tengo todos sus datos, incluso sus fotos para ponerles cara. A partir de ah\u00ed, tengo el Excel permanentemente a mano con un icono de escritorio con el logo IEBS, porque lo uso casi a diario para alguna cosa.<\/p>\n<p><strong>Sabemos que gestionar tantos profesores no es tarea f\u00e1cil. \u00bfTienes alg\u00fan tipo de pautas para hacer el seguimiento de cada profesor?<\/strong><\/p>\n<p>La verdad es que no es nada f\u00e1cil. En esta novena edici\u00f3n del m\u00e1ster hemos hecho una revisi\u00f3n a fondo del programa y hemos incorporado muchas nuevas tem\u00e1ticas. Adem\u00e1s, el nuevo formato del m\u00e1ster incorpora dos videoclass en todos los m\u00f3dulos. Todo ello ha llevado a la incorporaci\u00f3n de muchos nuevos profesores, y hoy por hoy tenemos m\u00e1s profesores que nunca en el programa. B\u00e1sicamente sigo dos pautas con los profesores. La primera es que en todo contacto por correo, extracto del Excel s\u00f3lo los asuntos que les conciernen para no liarnos, y casi siempre dirijo correos individuales, no masivos. Lo segundo es que trato de cerrar todos los acuerdos de incorporaci\u00f3n en persona, aunque me cueste kil\u00f3metros y tiempo. As\u00ed puedo explicarles en profundidad el modelo de m\u00f3dulos, la composici\u00f3n de las clases, y establecer las tem\u00e1ticas a tratar sin solapamientos. As\u00ed palpo de primera mano el grado de convicci\u00f3n del nuevo profesor a la hora de incorporarse a IEBS y por otro lado se evitan muchas dudas posteriores en el desarrollo, con el consiguiente ahorro de tiempo.<\/p>\n<p><strong>\u00bfQue consejos le dar\u00edas a otros directores para gestionar sus programas?<\/strong><\/p>\n<p>A los directores les puedo hablar de un sistema que me ha venido bien. Desde hace ya muchas ediciones incorpor\u00e9 a los proyectos finales la obligatoriedad de defenderlos online ante mi, mediante una conexi\u00f3n de 1\/2 h por Skype. Aparte de entender mucho mejor el proyecto del estudiante (con lo que creo que soy m\u00e1s objetivo al calificarlo), es un buen momento para ponerle cara y poder charlar con \u00e9l. Otra cosa que me ha venido bien es estandarizar de inicio c\u00f3mo espero que sea el proyecto y qu\u00e9 secciones quiero que tenga, de modo que evito variabilidad y centro mucho mejor las expectativas de calificaci\u00f3n final.<\/p>\n<p><strong>No nos olvidemos que tambi\u00e9n eres profesor, \u00bfqu\u00e9 consejos le dar\u00edas a otros profesores a la hora de gestionarse el tiempo?<\/strong><\/p>\n<p>En cuanto al sufrido profesor, mi forma de trabajar es la estandarizaci\u00f3n al m\u00e1ximo de las actividades (casos y preguntas de debate), ya que probablemente es la \u00fanica forma que tenemos de gestionar bien el tiempo dando una buena calidad de servicio. Tanta m\u00e1s dispersi\u00f3n hay en la respuesta a las actividades a realizar, m\u00e1s variables abrimos y menor objetividad podemos dar en las calificaciones.<\/p>\n<hr \/>\n<p>Esperamos que la experiencia de Juan Luis te haya resultado interesante.<\/p>\n<p>\u00bfY t\u00fa? \u00bfTienes alg\u00fan consejo que compartir con el resto de profesores? \u00a1Te escuchamos!<\/p>\n","protected":false},"excerpt":{"rendered":"<p>Este mes os presentamos a Juan Luis de los R\u00edos, profesor y director del\u00a0\u00a0Master en Supply Chain Management &amp; e-Logistic. Es un profesional muy entregado&hellip;<\/p>\n","protected":false},"author":3,"featured_media":1219,"comment_status":"open","ping_status":"open","sticky":false,"template":"","format":"standard","meta":{"footnotes":""},"categories":[3,24,25],"tags":[7],"class_list":["post-1217","post","type-post","status-publish","format-standard","has-post-thumbnail","hentry","category-general","category-nuestros-profesores","category-profesor-del-mes","tag-profesor-del-mes"],"yoast_head":"<!-- This site is optimized with the Yoast SEO plugin v19.10 - https:\/\/yoast.com\/wordpress\/plugins\/seo\/ -->\n<title>Profesor del mes: Juan Luis de los R\u00edos - La Pizzarra 4.0<\/title>\n<meta name=\"robots\" content=\"index, follow, max-snippet:-1, max-image-preview:large, max-video-preview:-1\" \/>\n<link rel=\"canonical\" href=\"https:\/\/www.iebschool.com\/comunicacion-profesores\/profesor-del-mes-juan-luis-de-los-rios\/\" \/>\n<meta property=\"og:locale\" content=\"en_US\" \/>\n<meta property=\"og:type\" content=\"article\" \/>\n<meta property=\"og:title\" content=\"Profesor del mes: Juan Luis de los R\u00edos - La Pizzarra 4.0\" \/>\n<meta property=\"og:description\" content=\"Este mes os presentamos a Juan Luis de los R\u00edos, profesor y director del\u00a0\u00a0Master en Supply Chain Management &amp; e-Logistic. Es un profesional muy entregado&hellip;\" \/>\n<meta property=\"og:url\" content=\"https:\/\/www.iebschool.com\/comunicacion-profesores\/profesor-del-mes-juan-luis-de-los-rios\/\" \/>\n<meta property=\"og:site_name\" content=\"La Pizzarra 4.0\" \/>\n<meta property=\"article:published_time\" content=\"2018-09-26T16:07:16+00:00\" \/>\n<meta property=\"og:image\" content=\"https:\/\/www.iebschool.com\/comunicacion-profesores\/wp-content\/uploads\/2018\/09\/profe_mes_miniatura_330x200_JuanLuis.jpg\" \/>\n\t<meta property=\"og:image:width\" content=\"330\" \/>\n\t<meta property=\"og:image:height\" content=\"200\" \/>\n\t<meta property=\"og:image:type\" content=\"image\/jpeg\" \/>\n<meta name=\"author\" content=\"Aitor D\u00edaz\" \/>\n<meta name=\"twitter:card\" content=\"summary_large_image\" \/>\n<meta name=\"twitter:label1\" content=\"Written by\" \/>\n\t<meta name=\"twitter:data1\" content=\"Aitor D\u00edaz\" \/>\n\t<meta name=\"twitter:label2\" content=\"Est. reading time\" \/>\n\t<meta name=\"twitter:data2\" content=\"4 minutes\" \/>\n<script type=\"application\/ld+json\" class=\"yoast-schema-graph\">{\"@context\":\"https:\/\/schema.org\",\"@graph\":[{\"@type\":\"WebPage\",\"@id\":\"https:\/\/www.iebschool.com\/comunicacion-profesores\/profesor-del-mes-juan-luis-de-los-rios\/\",\"url\":\"https:\/\/www.iebschool.com\/comunicacion-profesores\/profesor-del-mes-juan-luis-de-los-rios\/\",\"name\":\"Profesor del mes: Juan Luis de los R\u00edos - La Pizzarra 4.0\",\"isPartOf\":{\"@id\":\"https:\/\/www.iebschool.com\/comunicacion-profesores\/#website\"},\"datePublished\":\"2018-09-26T16:07:16+00:00\",\"dateModified\":\"2018-09-26T16:07:16+00:00\",\"author\":{\"@id\":\"https:\/\/www.iebschool.com\/comunicacion-profesores\/#\/schema\/person\/b2db3c125a9416583e9ecb7a66656341\"},\"breadcrumb\":{\"@id\":\"https:\/\/www.iebschool.com\/comunicacion-profesores\/profesor-del-mes-juan-luis-de-los-rios\/#breadcrumb\"},\"inLanguage\":\"en-US\",\"potentialAction\":[{\"@type\":\"ReadAction\",\"target\":[\"https:\/\/www.iebschool.com\/comunicacion-profesores\/profesor-del-mes-juan-luis-de-los-rios\/\"]}]},{\"@type\":\"BreadcrumbList\",\"@id\":\"https:\/\/www.iebschool.com\/comunicacion-profesores\/profesor-del-mes-juan-luis-de-los-rios\/#breadcrumb\",\"itemListElement\":[{\"@type\":\"ListItem\",\"position\":1,\"name\":\"Portada\",\"item\":\"https:\/\/www.iebschool.com\/comunicacion-profesores\/\"},{\"@type\":\"ListItem\",\"position\":2,\"name\":\"Profesor del mes: Juan Luis de los R\u00edos\"}]},{\"@type\":\"WebSite\",\"@id\":\"https:\/\/www.iebschool.com\/comunicacion-profesores\/#website\",\"url\":\"https:\/\/www.iebschool.com\/comunicacion-profesores\/\",\"name\":\"La Pizzarra 4.0\",\"description\":\"Otro sitio realizado con WordPress\",\"potentialAction\":[{\"@type\":\"SearchAction\",\"target\":{\"@type\":\"EntryPoint\",\"urlTemplate\":\"https:\/\/www.iebschool.com\/comunicacion-profesores\/?s={search_term_string}\"},\"query-input\":\"required name=search_term_string\"}],\"inLanguage\":\"en-US\"},{\"@type\":\"Person\",\"@id\":\"https:\/\/www.iebschool.com\/comunicacion-profesores\/#\/schema\/person\/b2db3c125a9416583e9ecb7a66656341\",\"name\":\"Aitor D\u00edaz\",\"image\":{\"@type\":\"ImageObject\",\"inLanguage\":\"en-US\",\"@id\":\"https:\/\/www.iebschool.com\/comunicacion-profesores\/#\/schema\/person\/image\/\",\"url\":\"https:\/\/secure.gravatar.com\/avatar\/14a4ffa2e245280e4848621cda2698dbc6235730d6d7b03a0bcf4098456a98b9?s=96&d=mm&r=g\",\"contentUrl\":\"https:\/\/secure.gravatar.com\/avatar\/14a4ffa2e245280e4848621cda2698dbc6235730d6d7b03a0bcf4098456a98b9?s=96&d=mm&r=g\",\"caption\":\"Aitor D\u00edaz\"},\"url\":\"https:\/\/www.iebschool.com\/comunicacion-profesores\/author\/contenidos1iebschool-com\/\"}]}<\/script>\n<!-- \/ Yoast SEO plugin. -->","yoast_head_json":{"title":"Profesor del mes: Juan Luis de los R\u00edos - La Pizzarra 4.0","robots":{"index":"index","follow":"follow","max-snippet":"max-snippet:-1","max-image-preview":"max-image-preview:large","max-video-preview":"max-video-preview:-1"},"canonical":"https:\/\/www.iebschool.com\/comunicacion-profesores\/profesor-del-mes-juan-luis-de-los-rios\/","og_locale":"en_US","og_type":"article","og_title":"Profesor del mes: Juan Luis de los R\u00edos - La Pizzarra 4.0","og_description":"Este mes os presentamos a Juan Luis de los R\u00edos, profesor y director del\u00a0\u00a0Master en Supply Chain Management &amp; e-Logistic. Es un profesional muy entregado&hellip;","og_url":"https:\/\/www.iebschool.com\/comunicacion-profesores\/profesor-del-mes-juan-luis-de-los-rios\/","og_site_name":"La Pizzarra 4.0","article_published_time":"2018-09-26T16:07:16+00:00","og_image":[{"width":330,"height":200,"url":"https:\/\/www.iebschool.com\/comunicacion-profesores\/wp-content\/uploads\/2018\/09\/profe_mes_miniatura_330x200_JuanLuis.jpg","type":"image\/jpeg"}],"author":"Aitor D\u00edaz","twitter_card":"summary_large_image","twitter_misc":{"Written by":"Aitor D\u00edaz","Est. reading time":"4 minutes"},"schema":{"@context":"https:\/\/schema.org","@graph":[{"@type":"WebPage","@id":"https:\/\/www.iebschool.com\/comunicacion-profesores\/profesor-del-mes-juan-luis-de-los-rios\/","url":"https:\/\/www.iebschool.com\/comunicacion-profesores\/profesor-del-mes-juan-luis-de-los-rios\/","name":"Profesor del mes: Juan Luis de los R\u00edos - La Pizzarra 4.0","isPartOf":{"@id":"https:\/\/www.iebschool.com\/comunicacion-profesores\/#website"},"datePublished":"2018-09-26T16:07:16+00:00","dateModified":"2018-09-26T16:07:16+00:00","author":{"@id":"https:\/\/www.iebschool.com\/comunicacion-profesores\/#\/schema\/person\/b2db3c125a9416583e9ecb7a66656341"},"breadcrumb":{"@id":"https:\/\/www.iebschool.com\/comunicacion-profesores\/profesor-del-mes-juan-luis-de-los-rios\/#breadcrumb"},"inLanguage":"en-US","potentialAction":[{"@type":"ReadAction","target":["https:\/\/www.iebschool.com\/comunicacion-profesores\/profesor-del-mes-juan-luis-de-los-rios\/"]}]},{"@type":"BreadcrumbList","@id":"https:\/\/www.iebschool.com\/comunicacion-profesores\/profesor-del-mes-juan-luis-de-los-rios\/#breadcrumb","itemListElement":[{"@type":"ListItem","position":1,"name":"Portada","item":"https:\/\/www.iebschool.com\/comunicacion-profesores\/"},{"@type":"ListItem","position":2,"name":"Profesor del mes: Juan Luis de los R\u00edos"}]},{"@type":"WebSite","@id":"https:\/\/www.iebschool.com\/comunicacion-profesores\/#website","url":"https:\/\/www.iebschool.com\/comunicacion-profesores\/","name":"La Pizzarra 4.0","description":"Otro sitio realizado con WordPress","potentialAction":[{"@type":"SearchAction","target":{"@type":"EntryPoint","urlTemplate":"https:\/\/www.iebschool.com\/comunicacion-profesores\/?s={search_term_string}"},"query-input":"required name=search_term_string"}],"inLanguage":"en-US"},{"@type":"Person","@id":"https:\/\/www.iebschool.com\/comunicacion-profesores\/#\/schema\/person\/b2db3c125a9416583e9ecb7a66656341","name":"Aitor D\u00edaz","image":{"@type":"ImageObject","inLanguage":"en-US","@id":"https:\/\/www.iebschool.com\/comunicacion-profesores\/#\/schema\/person\/image\/","url":"https:\/\/secure.gravatar.com\/avatar\/14a4ffa2e245280e4848621cda2698dbc6235730d6d7b03a0bcf4098456a98b9?s=96&d=mm&r=g","contentUrl":"https:\/\/secure.gravatar.com\/avatar\/14a4ffa2e245280e4848621cda2698dbc6235730d6d7b03a0bcf4098456a98b9?s=96&d=mm&r=g","caption":"Aitor D\u00edaz"},"url":"https:\/\/www.iebschool.com\/comunicacion-profesores\/author\/contenidos1iebschool-com\/"}]}},"_links":{"self":[{"href":"https:\/\/www.iebschool.com\/comunicacion-profesores\/wp-json\/wp\/v2\/posts\/1217","targetHints":{"allow":["GET"]}}],"collection":[{"href":"https:\/\/www.iebschool.com\/comunicacion-profesores\/wp-json\/wp\/v2\/posts"}],"about":[{"href":"https:\/\/www.iebschool.com\/comunicacion-profesores\/wp-json\/wp\/v2\/types\/post"}],"author":[{"embeddable":true,"href":"https:\/\/www.iebschool.com\/comunicacion-profesores\/wp-json\/wp\/v2\/users\/3"}],"replies":[{"embeddable":true,"href":"https:\/\/www.iebschool.com\/comunicacion-profesores\/wp-json\/wp\/v2\/comments?post=1217"}],"version-history":[{"count":0,"href":"https:\/\/www.iebschool.com\/comunicacion-profesores\/wp-json\/wp\/v2\/posts\/1217\/revisions"}],"wp:featuredmedia":[{"embeddable":true,"href":"https:\/\/www.iebschool.com\/comunicacion-profesores\/wp-json\/wp\/v2\/media\/1219"}],"wp:attachment":[{"href":"https:\/\/www.iebschool.com\/comunicacion-profesores\/wp-json\/wp\/v2\/media?parent=1217"}],"wp:term":[{"taxonomy":"category","embeddable":true,"href":"https:\/\/www.iebschool.com\/comunicacion-profesores\/wp-json\/wp\/v2\/categories?post=1217"},{"taxonomy":"post_tag","embeddable":true,"href":"https:\/\/www.iebschool.com\/comunicacion-profesores\/wp-json\/wp\/v2\/tags?post=1217"}],"curies":[{"name":"wp","href":"https:\/\/api.w.org\/{rel}","templated":true}]}}