{"id":1505,"date":"2020-09-28T11:47:35","date_gmt":"2020-09-28T11:47:35","guid":{"rendered":"https:\/\/comunidad.iebschool.com\/comunicacion-profesores\/?p=1505"},"modified":"2020-09-28T11:47:35","modified_gmt":"2020-09-28T11:47:35","slug":"profesor-del-mes-alejandro-martin","status":"publish","type":"post","link":"https:\/\/www.iebschool.com\/comunicacion-profesores\/profesor-del-mes-alejandro-martin\/","title":{"rendered":"Profesor del mes: Alejandro Mart\u00edn"},"content":{"rendered":"<p><a href=\"https:\/\/www.iebschool.com\/comunicacion-profesores\/wp-content\/uploads\/2020\/09\/profe_mes_blog_845x182.jpg\" rel=\"attachment wp-att-1508\"><img loading=\"lazy\" decoding=\"async\" class=\"aligncenter size-full wp-image-1508\" src=\"https:\/\/www.iebschool.com\/comunicacion-profesores\/wp-content\/uploads\/2020\/09\/profe_mes_blog_845x182.jpg\" alt=\"profe_mes_blog_845x182\" width=\"845\" height=\"182\" srcset=\"https:\/\/www.iebschool.com\/comunicacion-profesores\/wp-content\/uploads\/2020\/09\/profe_mes_blog_845x182.jpg 845w, https:\/\/www.iebschool.com\/comunicacion-profesores\/wp-content\/uploads\/2020\/09\/profe_mes_blog_845x182-300x65.jpg 300w, https:\/\/www.iebschool.com\/comunicacion-profesores\/wp-content\/uploads\/2020\/09\/profe_mes_blog_845x182-768x165.jpg 768w\" sizes=\"auto, (max-width: 845px) 100vw, 845px\" \/><\/a><\/p>\n<p>Seguro que a muchos de vosotros y vosotras ya os suena la cara de nuestro nuevo profesor del mes&#8230; S\u00ed, es \u00a1Alejandro Mart\u00edn! Alejandro lleva con nosotros mucho tiempo y cuenta con un gran recorrido en la escuela: primero alumno, luego profesor y ahora tambi\u00e9n director.\u00a0 Sin duda alguna, este proceso le ha otorgado una visi\u00f3n general que se traduce en un material y una tutorizaci\u00f3n de m\u00e1ximo nivel.\u00a0 \u00bfQuieres saber m\u00e1s? \u00a1Vamos a ello! \ud83d\ude42<\/p>\n<p><strong>Como exalumno de IEBS, \u00bfc\u00f3mo viviste tu experiencia estudiando el M\u00e1ster con nosotros?\u00a0 \u00a0\u00bfpodr\u00edas describir la sensaci\u00f3n que tuviste al finalizarlo?<\/strong><\/p>\n<p>Hace 9 a\u00f1os yo ya estaba muy metido en el mundo digital.<\/p>\n<p>Por aquel entonces trabajaba como CMO de un broker de bolsa alem\u00e1n y ten\u00eda que sacar adelante todo el proyecto de desarrollo digital. Siempre me ha gustado ser autodidacta y en ese sentido consum\u00eda todo el contenido que pod\u00eda para ir aprendiendo cada d\u00eda m\u00e1s.<\/p>\n<p>Pero necesitaba consolidar las bases para poder construir unos fuertes cimientos que me permitieran levantar un gran rascacielos.<\/p>\n<p>Cuando descubr\u00ed el <em>Executive Master en Marketing Digital, Anal\u00edtica y UX<\/em> pens\u00e9 que ser\u00eda una buena decisi\u00f3n cursarlo para tener una visi\u00f3n 360 del marketing digital, y sin duda fue una gran decisi\u00f3n que me ayud\u00f3 mucho a construir esos fuertes cimientos que me han permitido crecer much\u00edsimo a nivel profesional.<\/p>\n<p>El recorrido durante el master no fue f\u00e1cil dado que su duraci\u00f3n de dos a\u00f1os requer\u00eda mantener un nivel muy alto de esfuerzo de forma constante, pero sin duda mereci\u00f3 la pena y la sensaci\u00f3n al finalizarlo fue de gran satisfacci\u00f3n al haber cumplido mi prop\u00f3sito inicial y es que ya estaba preparado para la siguiente fase.<\/p>\n<p><strong>Podr\u00eda decirse que has pasado por todas las etapas en la experiencia IEBS: alumni, profesor y ahora director tambi\u00e9n. \u00bfQu\u00e9 es lo que te llevas de cada una?<\/strong><\/p>\n<p>Como alumno me llevo la mentalidad de romper las barreras, de retar absolutamente todo y convertir la palabra \u201cdepende\u201d en mi respuesta favorita, y sobre todo la capacidad de pensar por m\u00ed mismo.<\/p>\n<blockquote><p>Como profesor, es probablemente donde m\u00e1s he disfrutado y d\u00f3nde m\u00e1s cosas me llevo. Desde la sensaci\u00f3n que te genera un simple \u201cgracias, me ha encantado la clase\u201d, hasta la incre\u00edble satisfacci\u00f3n de que un alumno te llame por tel\u00e9fono para decirte que se ha cambiado de trabajo y que mil gracias por ayudarle.<\/p><\/blockquote>\n<p>Y como director me llevo el trabajar con un equipo genial, que es la base de todo.<\/p>\n<p><strong>Tu alumnado disfruta con tus clases y opinan que las preparas en profundidad y con entusiasmo, \u00bfpodr\u00edas compartir con nosotros como las planteas?\u00a0<\/strong><\/p>\n<p>Para m\u00ed hay dos claves super importantes a la hora de preparar una clase:<\/p>\n<p>La primera es que los alumnos aprendan a pensar y a tomar decisiones desde el minuto uno, de una manera profunda en la sean conscientes de los pros y los contras de cada decisi\u00f3n. Y aqu\u00ed lo importante es acompa\u00f1arles para que esos pensamientos e ideas tengan sentido, m\u00e1s all\u00e1 de si estamos de acuerdo con ellas o no, no olvidemos que hay muchos caminos para llegar al mismo destino. Por tanto la reflexi\u00f3n y el retar al alumno es super importante.<\/p>\n<p>La segunda clave es que los alumnos disfruten aprendiendo. Y aqu\u00ed ya entramos en metodolog\u00eda. A mi personalmente me gusta apostar por un lado por v\u00eddeos cortos que nos permiten no perder la atenci\u00f3n del alumno y que en cualquier momento pueda ir avanzando un poco con el temario. Y por otro lado, dentro de lo posible, me gusta enfocar las clases de la manera m\u00e1s pr\u00e1ctica posible. A los alumnos les encanta ver ejemplos reales de las cosas, y cuantos m\u00e1s ejemplos ven m\u00e1s capacidad tienen de pensar en ideas relacionadas para sus propios proyectos. De hecho yo creo que el mejor feedback de todas mis clases est\u00e1 particularmente en una de ellas donde podemos llevar a ver literalmente 50 ejemplos pr\u00e1cticos de programas de afiliaci\u00f3n durante m\u00e1s de 2 horas de v\u00eddeo.<\/p>\n<p>Sobre el uso del v\u00eddeo, soy muy fan de su uso. A veces tengo clases 100% en video y otras clases que mezclan ambos formatos, todo depende de lo que pretendamos conseguir.<\/p>\n<p>Y sobre la actualizaci\u00f3n del contenido, es otro punto esencial, siempre intentamos tener contenido fresco e ir actualizando los temarios con las novedades del sector y con las tendencias del momento.<\/p>\n<p><strong>Y ya por \u00faltimo, nos encanta tu forma de comunicar: cercana y famiiar. \u00bfCrees que este es un factor clave para que los alumnos se animen a participar en los foros de debate? \u00bfutilizaste otra t\u00e9cnica para incentivar la interacci\u00f3n por parte de los alumnos?<\/strong><\/p>\n<p>Los foros de debate est\u00e1n pensando precisamente para lo que coment\u00e1bamos en el punto anterior. Para retar a los alumnos. Para hacerlos pensar y reflexionar. Por eso es super importante que participen en los debates y sobre todo que no se limiten a plantear su respuesta como si de un examen se tratara. La clave es que entren en conversaci\u00f3n con el resto de compa\u00f1eros, y que sean ellos mismos los que premien las mejores aportaciones o incluso entre ellos mismos puedan buscar la mejor soluci\u00f3n al caso que se plantee.<\/p>\n<p>La mejor t\u00e9cnica de interacci\u00f3n es intentar retarles sus respuestas con m\u00e1s preguntas para hacerles ir m\u00e1s all\u00e1 de lo superficial.<\/p>\n<p>\u00bfQu\u00e9 te ha parecido la entrevista? \u00a1Esperamos tus comentarios! Hasta la pr\u00f3xima.<\/p>\n","protected":false},"excerpt":{"rendered":"<p>Seguro que a muchos de vosotros y vosotras ya os suena la cara de nuestro nuevo profesor del mes&#8230; S\u00ed, es \u00a1Alejandro Mart\u00edn! Alejandro lleva&hellip;<\/p>\n","protected":false},"author":3,"featured_media":1507,"comment_status":"open","ping_status":"open","sticky":false,"template":"","format":"standard","meta":{"footnotes":""},"categories":[3,24,25],"tags":[],"class_list":["post-1505","post","type-post","status-publish","format-standard","has-post-thumbnail","hentry","category-general","category-nuestros-profesores","category-profesor-del-mes"],"yoast_head":"<!-- This site is optimized with the Yoast SEO plugin v19.10 - https:\/\/yoast.com\/wordpress\/plugins\/seo\/ -->\n<title>Profesor del mes: Alejandro Mart\u00edn - La Pizzarra 4.0<\/title>\n<meta name=\"robots\" content=\"index, follow, max-snippet:-1, max-image-preview:large, max-video-preview:-1\" \/>\n<link rel=\"canonical\" href=\"https:\/\/www.iebschool.com\/comunicacion-profesores\/profesor-del-mes-alejandro-martin\/\" \/>\n<meta property=\"og:locale\" content=\"en_US\" \/>\n<meta property=\"og:type\" content=\"article\" \/>\n<meta property=\"og:title\" content=\"Profesor del mes: Alejandro Mart\u00edn - La Pizzarra 4.0\" \/>\n<meta property=\"og:description\" content=\"Seguro que a muchos de vosotros y vosotras ya os suena la cara de nuestro nuevo profesor del mes&#8230; S\u00ed, es \u00a1Alejandro Mart\u00edn! Alejandro lleva&hellip;\" \/>\n<meta property=\"og:url\" content=\"https:\/\/www.iebschool.com\/comunicacion-profesores\/profesor-del-mes-alejandro-martin\/\" \/>\n<meta property=\"og:site_name\" content=\"La Pizzarra 4.0\" \/>\n<meta property=\"article:published_time\" content=\"2020-09-28T11:47:35+00:00\" \/>\n<meta property=\"og:image\" content=\"https:\/\/www.iebschool.com\/comunicacion-profesores\/wp-content\/uploads\/2020\/09\/profe_mes_miniatura_330x200.jpg\" \/>\n\t<meta property=\"og:image:width\" content=\"330\" \/>\n\t<meta property=\"og:image:height\" content=\"200\" \/>\n\t<meta property=\"og:image:type\" content=\"image\/jpeg\" \/>\n<meta name=\"author\" content=\"Aitor D\u00edaz\" \/>\n<meta name=\"twitter:card\" content=\"summary_large_image\" \/>\n<meta name=\"twitter:label1\" content=\"Written by\" \/>\n\t<meta name=\"twitter:data1\" content=\"Aitor D\u00edaz\" \/>\n\t<meta name=\"twitter:label2\" content=\"Est. reading time\" \/>\n\t<meta name=\"twitter:data2\" content=\"5 minutes\" \/>\n<script type=\"application\/ld+json\" class=\"yoast-schema-graph\">{\"@context\":\"https:\/\/schema.org\",\"@graph\":[{\"@type\":\"WebPage\",\"@id\":\"https:\/\/www.iebschool.com\/comunicacion-profesores\/profesor-del-mes-alejandro-martin\/\",\"url\":\"https:\/\/www.iebschool.com\/comunicacion-profesores\/profesor-del-mes-alejandro-martin\/\",\"name\":\"Profesor del mes: Alejandro Mart\u00edn - La Pizzarra 4.0\",\"isPartOf\":{\"@id\":\"https:\/\/www.iebschool.com\/comunicacion-profesores\/#website\"},\"datePublished\":\"2020-09-28T11:47:35+00:00\",\"dateModified\":\"2020-09-28T11:47:35+00:00\",\"author\":{\"@id\":\"https:\/\/www.iebschool.com\/comunicacion-profesores\/#\/schema\/person\/b2db3c125a9416583e9ecb7a66656341\"},\"breadcrumb\":{\"@id\":\"https:\/\/www.iebschool.com\/comunicacion-profesores\/profesor-del-mes-alejandro-martin\/#breadcrumb\"},\"inLanguage\":\"en-US\",\"potentialAction\":[{\"@type\":\"ReadAction\",\"target\":[\"https:\/\/www.iebschool.com\/comunicacion-profesores\/profesor-del-mes-alejandro-martin\/\"]}]},{\"@type\":\"BreadcrumbList\",\"@id\":\"https:\/\/www.iebschool.com\/comunicacion-profesores\/profesor-del-mes-alejandro-martin\/#breadcrumb\",\"itemListElement\":[{\"@type\":\"ListItem\",\"position\":1,\"name\":\"Portada\",\"item\":\"https:\/\/www.iebschool.com\/comunicacion-profesores\/\"},{\"@type\":\"ListItem\",\"position\":2,\"name\":\"Profesor del mes: Alejandro Mart\u00edn\"}]},{\"@type\":\"WebSite\",\"@id\":\"https:\/\/www.iebschool.com\/comunicacion-profesores\/#website\",\"url\":\"https:\/\/www.iebschool.com\/comunicacion-profesores\/\",\"name\":\"La Pizzarra 4.0\",\"description\":\"Otro sitio realizado con WordPress\",\"potentialAction\":[{\"@type\":\"SearchAction\",\"target\":{\"@type\":\"EntryPoint\",\"urlTemplate\":\"https:\/\/www.iebschool.com\/comunicacion-profesores\/?s={search_term_string}\"},\"query-input\":\"required name=search_term_string\"}],\"inLanguage\":\"en-US\"},{\"@type\":\"Person\",\"@id\":\"https:\/\/www.iebschool.com\/comunicacion-profesores\/#\/schema\/person\/b2db3c125a9416583e9ecb7a66656341\",\"name\":\"Aitor D\u00edaz\",\"image\":{\"@type\":\"ImageObject\",\"inLanguage\":\"en-US\",\"@id\":\"https:\/\/www.iebschool.com\/comunicacion-profesores\/#\/schema\/person\/image\/\",\"url\":\"https:\/\/secure.gravatar.com\/avatar\/14a4ffa2e245280e4848621cda2698dbc6235730d6d7b03a0bcf4098456a98b9?s=96&d=mm&r=g\",\"contentUrl\":\"https:\/\/secure.gravatar.com\/avatar\/14a4ffa2e245280e4848621cda2698dbc6235730d6d7b03a0bcf4098456a98b9?s=96&d=mm&r=g\",\"caption\":\"Aitor D\u00edaz\"},\"url\":\"https:\/\/www.iebschool.com\/comunicacion-profesores\/author\/contenidos1iebschool-com\/\"}]}<\/script>\n<!-- \/ Yoast SEO plugin. -->","yoast_head_json":{"title":"Profesor del mes: Alejandro Mart\u00edn - La Pizzarra 4.0","robots":{"index":"index","follow":"follow","max-snippet":"max-snippet:-1","max-image-preview":"max-image-preview:large","max-video-preview":"max-video-preview:-1"},"canonical":"https:\/\/www.iebschool.com\/comunicacion-profesores\/profesor-del-mes-alejandro-martin\/","og_locale":"en_US","og_type":"article","og_title":"Profesor del mes: Alejandro Mart\u00edn - La Pizzarra 4.0","og_description":"Seguro que a muchos de vosotros y vosotras ya os suena la cara de nuestro nuevo profesor del mes&#8230; S\u00ed, es \u00a1Alejandro Mart\u00edn! Alejandro lleva&hellip;","og_url":"https:\/\/www.iebschool.com\/comunicacion-profesores\/profesor-del-mes-alejandro-martin\/","og_site_name":"La Pizzarra 4.0","article_published_time":"2020-09-28T11:47:35+00:00","og_image":[{"width":330,"height":200,"url":"https:\/\/www.iebschool.com\/comunicacion-profesores\/wp-content\/uploads\/2020\/09\/profe_mes_miniatura_330x200.jpg","type":"image\/jpeg"}],"author":"Aitor D\u00edaz","twitter_card":"summary_large_image","twitter_misc":{"Written by":"Aitor D\u00edaz","Est. reading time":"5 minutes"},"schema":{"@context":"https:\/\/schema.org","@graph":[{"@type":"WebPage","@id":"https:\/\/www.iebschool.com\/comunicacion-profesores\/profesor-del-mes-alejandro-martin\/","url":"https:\/\/www.iebschool.com\/comunicacion-profesores\/profesor-del-mes-alejandro-martin\/","name":"Profesor del mes: Alejandro Mart\u00edn - La Pizzarra 4.0","isPartOf":{"@id":"https:\/\/www.iebschool.com\/comunicacion-profesores\/#website"},"datePublished":"2020-09-28T11:47:35+00:00","dateModified":"2020-09-28T11:47:35+00:00","author":{"@id":"https:\/\/www.iebschool.com\/comunicacion-profesores\/#\/schema\/person\/b2db3c125a9416583e9ecb7a66656341"},"breadcrumb":{"@id":"https:\/\/www.iebschool.com\/comunicacion-profesores\/profesor-del-mes-alejandro-martin\/#breadcrumb"},"inLanguage":"en-US","potentialAction":[{"@type":"ReadAction","target":["https:\/\/www.iebschool.com\/comunicacion-profesores\/profesor-del-mes-alejandro-martin\/"]}]},{"@type":"BreadcrumbList","@id":"https:\/\/www.iebschool.com\/comunicacion-profesores\/profesor-del-mes-alejandro-martin\/#breadcrumb","itemListElement":[{"@type":"ListItem","position":1,"name":"Portada","item":"https:\/\/www.iebschool.com\/comunicacion-profesores\/"},{"@type":"ListItem","position":2,"name":"Profesor del mes: Alejandro Mart\u00edn"}]},{"@type":"WebSite","@id":"https:\/\/www.iebschool.com\/comunicacion-profesores\/#website","url":"https:\/\/www.iebschool.com\/comunicacion-profesores\/","name":"La Pizzarra 4.0","description":"Otro sitio realizado con WordPress","potentialAction":[{"@type":"SearchAction","target":{"@type":"EntryPoint","urlTemplate":"https:\/\/www.iebschool.com\/comunicacion-profesores\/?s={search_term_string}"},"query-input":"required name=search_term_string"}],"inLanguage":"en-US"},{"@type":"Person","@id":"https:\/\/www.iebschool.com\/comunicacion-profesores\/#\/schema\/person\/b2db3c125a9416583e9ecb7a66656341","name":"Aitor D\u00edaz","image":{"@type":"ImageObject","inLanguage":"en-US","@id":"https:\/\/www.iebschool.com\/comunicacion-profesores\/#\/schema\/person\/image\/","url":"https:\/\/secure.gravatar.com\/avatar\/14a4ffa2e245280e4848621cda2698dbc6235730d6d7b03a0bcf4098456a98b9?s=96&d=mm&r=g","contentUrl":"https:\/\/secure.gravatar.com\/avatar\/14a4ffa2e245280e4848621cda2698dbc6235730d6d7b03a0bcf4098456a98b9?s=96&d=mm&r=g","caption":"Aitor D\u00edaz"},"url":"https:\/\/www.iebschool.com\/comunicacion-profesores\/author\/contenidos1iebschool-com\/"}]}},"_links":{"self":[{"href":"https:\/\/www.iebschool.com\/comunicacion-profesores\/wp-json\/wp\/v2\/posts\/1505","targetHints":{"allow":["GET"]}}],"collection":[{"href":"https:\/\/www.iebschool.com\/comunicacion-profesores\/wp-json\/wp\/v2\/posts"}],"about":[{"href":"https:\/\/www.iebschool.com\/comunicacion-profesores\/wp-json\/wp\/v2\/types\/post"}],"author":[{"embeddable":true,"href":"https:\/\/www.iebschool.com\/comunicacion-profesores\/wp-json\/wp\/v2\/users\/3"}],"replies":[{"embeddable":true,"href":"https:\/\/www.iebschool.com\/comunicacion-profesores\/wp-json\/wp\/v2\/comments?post=1505"}],"version-history":[{"count":0,"href":"https:\/\/www.iebschool.com\/comunicacion-profesores\/wp-json\/wp\/v2\/posts\/1505\/revisions"}],"wp:featuredmedia":[{"embeddable":true,"href":"https:\/\/www.iebschool.com\/comunicacion-profesores\/wp-json\/wp\/v2\/media\/1507"}],"wp:attachment":[{"href":"https:\/\/www.iebschool.com\/comunicacion-profesores\/wp-json\/wp\/v2\/media?parent=1505"}],"wp:term":[{"taxonomy":"category","embeddable":true,"href":"https:\/\/www.iebschool.com\/comunicacion-profesores\/wp-json\/wp\/v2\/categories?post=1505"},{"taxonomy":"post_tag","embeddable":true,"href":"https:\/\/www.iebschool.com\/comunicacion-profesores\/wp-json\/wp\/v2\/tags?post=1505"}],"curies":[{"name":"wp","href":"https:\/\/api.w.org\/{rel}","templated":true}]}}