{"id":2156,"date":"2022-08-01T11:49:38","date_gmt":"2022-08-01T11:49:38","guid":{"rendered":"https:\/\/www.iebschool.com\/comunicacion-profesores\/?p=2156"},"modified":"2022-12-05T16:03:12","modified_gmt":"2022-12-05T16:03:12","slug":"profesor-del-mes-raul-garay-linares","status":"publish","type":"post","link":"https:\/\/www.iebschool.com\/comunicacion-profesores\/profesor-del-mes-raul-garay-linares\/","title":{"rendered":"Profesor del mes &#8211; Raul Garay Linares"},"content":{"rendered":"\n<figure class=\"wp-block-image size-full\"><img loading=\"lazy\" decoding=\"async\" width=\"845\" height=\"182\" src=\"https:\/\/www.iebschool.com\/comunicacion-profesores\/wp-content\/uploads\/2022\/08\/Profe-del-mes-845x182-4.png\" alt=\"\" class=\"wp-image-2160\" srcset=\"https:\/\/www.iebschool.com\/comunicacion-profesores\/wp-content\/uploads\/2022\/08\/Profe-del-mes-845x182-4.png 845w, https:\/\/www.iebschool.com\/comunicacion-profesores\/wp-content\/uploads\/2022\/08\/Profe-del-mes-845x182-4-300x65.png 300w, https:\/\/www.iebschool.com\/comunicacion-profesores\/wp-content\/uploads\/2022\/08\/Profe-del-mes-845x182-4-768x165.png 768w\" sizes=\"auto, (max-width: 845px) 100vw, 845px\" \/><\/figure>\n\n\n\n<p>\u00bfNo conoces a <strong>Raul Garay Linares<\/strong>? Es profesor del <strong><a href=\"https:\/\/www.iebschool.com\/programas\/executive-mba-online\/\">Executive MBA in Digital Transformaci\u00f3n<\/a><\/strong> y estamos encantados de present\u00e1rtelo como nuestro profesor del mes. \u00a1Enhorabuena Raul! Las razones de la elecci\u00f3n de Raul son, por un lado, su excelente labor comunicativa, y el gran trabajo en la preparaci\u00f3n de los sprints dentro de sus clases. \u00a1An\u00edmate a seguir leyendo por que le hemos entrevistado y nos cuenta detalles s\u00faper interesantes!<\/p>\n\n\n\n<p><\/p>\n\n\n\n<p><strong>IEBS: Como profesor, eres una parte muy importante en IEBS. \u00bfQu\u00e9 te aporta ser docente en tu desarrollo profesional?<\/strong> <\/p>\n\n\n\n<p>Como ingeniero qu\u00edmico y laboral, doctorando en Ciencia de la Educaci\u00f3n, el ser docente forma parte esencial de mi prop\u00f3sito profesional que es el de Inspirar y Desarrollar a los l\u00edderes de una Cultura que impulse la plenitud, la autoorganizaci\u00f3n y la vida con prop\u00f3sito.<\/p>\n\n\n\n<p><\/p>\n\n\n\n<p><strong>IEBS: Tu m\u00f3dulo se llama &#8220;People: Cultura y Agilidad\u201d \u00bfQu\u00e9 es lo que m\u00e1s destacar\u00edas de tu asignatura?<\/strong><\/p>\n\n\n\n<p>La agilidad es una respuesta para navegar en entornos complejos, pero para ello es necesario lograr la alineaci\u00f3n entre la estrategia y la cultura en el ecosistema en el que habitamos. Este m\u00f3dulo es una invitaci\u00f3n a desarrollar una mentalidad \u00e1gil y flexible que nos permita abordar los desaf\u00edos de la transformaci\u00f3n cultural y organizacional que acompa\u00f1a a la transformaci\u00f3n digital de una manera muy relevante, trascendente y sostenible. Juntos exploramos conceptos y pr\u00e1cticas que nos ayudan a transitar el camino de convertir un grupo en un equipo \u00e1gil de alto rendimiento, buscando entre todos generar una cultura que se caracterice por ofrecer las mejores experiencias de usuario y de empleado en un mundo que se presenta como bien fr\u00e1gil, con mucha ansiedad, con un entramado no lineal, m\u00e1s bien complejo, y que requiere como nunca antes de todo nuestro talento, resiliencia, y colaboraci\u00f3n creativa para regenerar un mundo pleno de oportunidades para crecer y desarrollarnos en forma sostenible.<br><\/p>\n\n\n\n<p><strong>IEBS: \u00bfCu\u00e1l es tu criterio para la elecci\u00f3n de ejemplos\/casos reales que muestras a los alumnos?<\/strong><\/p>\n\n\n\n<p>En especial y como en este m\u00f3dulo se aborda uno de los temas que me apasionan y a los que le he dedicado muchos a\u00f1os de estudio y de aplicaci\u00f3n pr\u00e1ctica, he elegido una serie de casos probados donde se logra adaptabilidad estrat\u00e9gica de una manera integral, en al menos seis dimensiones, lo que nos permite interiorizarnos de los cambios estructurales y culturales que acompa\u00f1an una exitosa implementaci\u00f3n o escalado de agilidad.<br>En todos est\u00e1n presentes el Learnability, los procesos de change managment y el liderazgo que impulsa un cambio trascendente de mindset, al cual llamamos Mindflex. En algunos de ellos lo central es el m\u00e9todo para adquirir e integrar talentos, en otros la clave est\u00e1 en la generaci\u00f3n de un ambiente de seguridad psicol\u00f3gica que garantice la mejor experiencia del empleado, en los casos m\u00e1s maduros  Tomamos como referencia las estrategias de upskilling y reskilling para dotar de sentido a la nueva carrera profesional.<br><\/p>\n\n\n\n<p>I<strong>EBS: Ya para finalizar \u00bftienes alg\u00fan consejo para el resto de profesores y profesoras?<\/strong><\/p>\n\n\n\n<p>Necesitamos pensadores que resuelvan problemas complejos. David Perkins, Profesor de Inteligencia Artificial en Harvard University dice que\u201d La escuela es casi el \u00fanico lugar donde los problemas ya est\u00e1n formulados para que uno los resuelva\u201d. En la vida y en el trabajo tenemos la oportunidad de generar respuestas que vayan m\u00e1s all\u00e1 de lo obvio. Las clases y las entregas en sprint nos dan la oportunidad de seguir un proceso iterativo e incremental, que nos permita desplegar un mayor potencial creativo e<br>innovador, esto es que no se queden limitados a la consigna.<\/p>\n\n\n\n<p><\/p>\n\n\n\n<p><strong>IEBS: \u00bfAlgo m\u00e1s que quieras a\u00f1adir y\/o compartir con el resto de profesores\/as?<\/strong><\/p>\n\n\n\n<p>Creo que entre alumnos y profesores podemos generar una comunidad de practica y de aprendizaje continuo que regenere el ecosistema cultural y digital que habitamos de una forma trascendente, reafirmando nuestro prop\u00f3sito como IEBS: Cambiar el mundo con la educaci\u00f3n.<\/p>\n\n\n\n<p>Felicidades Raul, y gracias por tu enorme trabajo con la escuela!!!<\/p>\n","protected":false},"excerpt":{"rendered":"<p>\u00bfNo conoces a Raul Garay Linares? Es profesor del Executive MBA in Digital Transformaci\u00f3n y estamos encantados de present\u00e1rtelo como nuestro profesor del mes. \u00a1Enhorabuena&hellip;<\/p>\n","protected":false},"author":3,"featured_media":2164,"comment_status":"open","ping_status":"open","sticky":false,"template":"","format":"standard","meta":{"footnotes":""},"categories":[26,22,24,25],"tags":[],"class_list":["post-2156","post","type-post","status-publish","format-standard","has-post-thumbnail","hentry","category-actualidad","category-entrevista","category-nuestros-profesores","category-profesor-del-mes"],"yoast_head":"<!-- This site is optimized with the Yoast SEO plugin v19.10 - https:\/\/yoast.com\/wordpress\/plugins\/seo\/ -->\n<title>Profesor del mes - Raul Garay Linares - La Pizzarra 4.0<\/title>\n<meta name=\"robots\" content=\"index, follow, max-snippet:-1, max-image-preview:large, max-video-preview:-1\" \/>\n<link rel=\"canonical\" href=\"https:\/\/www.iebschool.com\/comunicacion-profesores\/profesor-del-mes-raul-garay-linares\/\" \/>\n<meta property=\"og:locale\" content=\"en_US\" \/>\n<meta property=\"og:type\" content=\"article\" \/>\n<meta property=\"og:title\" content=\"Profesor del mes - Raul Garay Linares - La Pizzarra 4.0\" \/>\n<meta property=\"og:description\" content=\"\u00bfNo conoces a Raul Garay Linares? Es profesor del Executive MBA in Digital Transformaci\u00f3n y estamos encantados de present\u00e1rtelo como nuestro profesor del mes. \u00a1Enhorabuena&hellip;\" \/>\n<meta property=\"og:url\" content=\"https:\/\/www.iebschool.com\/comunicacion-profesores\/profesor-del-mes-raul-garay-linares\/\" \/>\n<meta property=\"og:site_name\" content=\"La Pizzarra 4.0\" \/>\n<meta property=\"article:published_time\" content=\"2022-08-01T11:49:38+00:00\" \/>\n<meta property=\"article:modified_time\" content=\"2022-12-05T16:03:12+00:00\" \/>\n<meta property=\"og:image\" content=\"https:\/\/www.iebschool.com\/comunicacion-profesores\/wp-content\/uploads\/2022\/08\/RaulGaray-1.png\" \/>\n\t<meta property=\"og:image:width\" content=\"330\" \/>\n\t<meta property=\"og:image:height\" content=\"220\" \/>\n\t<meta property=\"og:image:type\" content=\"image\/png\" \/>\n<meta name=\"author\" content=\"Aitor D\u00edaz\" \/>\n<meta name=\"twitter:card\" content=\"summary_large_image\" \/>\n<meta name=\"twitter:label1\" content=\"Written by\" \/>\n\t<meta name=\"twitter:data1\" content=\"Aitor D\u00edaz\" \/>\n\t<meta name=\"twitter:label2\" content=\"Est. reading time\" \/>\n\t<meta name=\"twitter:data2\" content=\"4 minutes\" \/>\n<script type=\"application\/ld+json\" class=\"yoast-schema-graph\">{\"@context\":\"https:\/\/schema.org\",\"@graph\":[{\"@type\":\"WebPage\",\"@id\":\"https:\/\/www.iebschool.com\/comunicacion-profesores\/profesor-del-mes-raul-garay-linares\/\",\"url\":\"https:\/\/www.iebschool.com\/comunicacion-profesores\/profesor-del-mes-raul-garay-linares\/\",\"name\":\"Profesor del mes - Raul Garay Linares - La Pizzarra 4.0\",\"isPartOf\":{\"@id\":\"https:\/\/www.iebschool.com\/comunicacion-profesores\/#website\"},\"datePublished\":\"2022-08-01T11:49:38+00:00\",\"dateModified\":\"2022-12-05T16:03:12+00:00\",\"author\":{\"@id\":\"https:\/\/www.iebschool.com\/comunicacion-profesores\/#\/schema\/person\/b2db3c125a9416583e9ecb7a66656341\"},\"breadcrumb\":{\"@id\":\"https:\/\/www.iebschool.com\/comunicacion-profesores\/profesor-del-mes-raul-garay-linares\/#breadcrumb\"},\"inLanguage\":\"en-US\",\"potentialAction\":[{\"@type\":\"ReadAction\",\"target\":[\"https:\/\/www.iebschool.com\/comunicacion-profesores\/profesor-del-mes-raul-garay-linares\/\"]}]},{\"@type\":\"BreadcrumbList\",\"@id\":\"https:\/\/www.iebschool.com\/comunicacion-profesores\/profesor-del-mes-raul-garay-linares\/#breadcrumb\",\"itemListElement\":[{\"@type\":\"ListItem\",\"position\":1,\"name\":\"Portada\",\"item\":\"https:\/\/www.iebschool.com\/comunicacion-profesores\/\"},{\"@type\":\"ListItem\",\"position\":2,\"name\":\"Profesor del mes &#8211; Raul Garay Linares\"}]},{\"@type\":\"WebSite\",\"@id\":\"https:\/\/www.iebschool.com\/comunicacion-profesores\/#website\",\"url\":\"https:\/\/www.iebschool.com\/comunicacion-profesores\/\",\"name\":\"La Pizzarra 4.0\",\"description\":\"Otro sitio realizado con WordPress\",\"potentialAction\":[{\"@type\":\"SearchAction\",\"target\":{\"@type\":\"EntryPoint\",\"urlTemplate\":\"https:\/\/www.iebschool.com\/comunicacion-profesores\/?s={search_term_string}\"},\"query-input\":\"required name=search_term_string\"}],\"inLanguage\":\"en-US\"},{\"@type\":\"Person\",\"@id\":\"https:\/\/www.iebschool.com\/comunicacion-profesores\/#\/schema\/person\/b2db3c125a9416583e9ecb7a66656341\",\"name\":\"Aitor D\u00edaz\",\"image\":{\"@type\":\"ImageObject\",\"inLanguage\":\"en-US\",\"@id\":\"https:\/\/www.iebschool.com\/comunicacion-profesores\/#\/schema\/person\/image\/\",\"url\":\"https:\/\/secure.gravatar.com\/avatar\/14a4ffa2e245280e4848621cda2698dbc6235730d6d7b03a0bcf4098456a98b9?s=96&d=mm&r=g\",\"contentUrl\":\"https:\/\/secure.gravatar.com\/avatar\/14a4ffa2e245280e4848621cda2698dbc6235730d6d7b03a0bcf4098456a98b9?s=96&d=mm&r=g\",\"caption\":\"Aitor D\u00edaz\"},\"url\":\"https:\/\/www.iebschool.com\/comunicacion-profesores\/author\/contenidos1iebschool-com\/\"}]}<\/script>\n<!-- \/ Yoast SEO plugin. -->","yoast_head_json":{"title":"Profesor del mes - Raul Garay Linares - La Pizzarra 4.0","robots":{"index":"index","follow":"follow","max-snippet":"max-snippet:-1","max-image-preview":"max-image-preview:large","max-video-preview":"max-video-preview:-1"},"canonical":"https:\/\/www.iebschool.com\/comunicacion-profesores\/profesor-del-mes-raul-garay-linares\/","og_locale":"en_US","og_type":"article","og_title":"Profesor del mes - Raul Garay Linares - La Pizzarra 4.0","og_description":"\u00bfNo conoces a Raul Garay Linares? Es profesor del Executive MBA in Digital Transformaci\u00f3n y estamos encantados de present\u00e1rtelo como nuestro profesor del mes. \u00a1Enhorabuena&hellip;","og_url":"https:\/\/www.iebschool.com\/comunicacion-profesores\/profesor-del-mes-raul-garay-linares\/","og_site_name":"La Pizzarra 4.0","article_published_time":"2022-08-01T11:49:38+00:00","article_modified_time":"2022-12-05T16:03:12+00:00","og_image":[{"width":330,"height":220,"url":"https:\/\/www.iebschool.com\/comunicacion-profesores\/wp-content\/uploads\/2022\/08\/RaulGaray-1.png","type":"image\/png"}],"author":"Aitor D\u00edaz","twitter_card":"summary_large_image","twitter_misc":{"Written by":"Aitor D\u00edaz","Est. reading time":"4 minutes"},"schema":{"@context":"https:\/\/schema.org","@graph":[{"@type":"WebPage","@id":"https:\/\/www.iebschool.com\/comunicacion-profesores\/profesor-del-mes-raul-garay-linares\/","url":"https:\/\/www.iebschool.com\/comunicacion-profesores\/profesor-del-mes-raul-garay-linares\/","name":"Profesor del mes - Raul Garay Linares - La Pizzarra 4.0","isPartOf":{"@id":"https:\/\/www.iebschool.com\/comunicacion-profesores\/#website"},"datePublished":"2022-08-01T11:49:38+00:00","dateModified":"2022-12-05T16:03:12+00:00","author":{"@id":"https:\/\/www.iebschool.com\/comunicacion-profesores\/#\/schema\/person\/b2db3c125a9416583e9ecb7a66656341"},"breadcrumb":{"@id":"https:\/\/www.iebschool.com\/comunicacion-profesores\/profesor-del-mes-raul-garay-linares\/#breadcrumb"},"inLanguage":"en-US","potentialAction":[{"@type":"ReadAction","target":["https:\/\/www.iebschool.com\/comunicacion-profesores\/profesor-del-mes-raul-garay-linares\/"]}]},{"@type":"BreadcrumbList","@id":"https:\/\/www.iebschool.com\/comunicacion-profesores\/profesor-del-mes-raul-garay-linares\/#breadcrumb","itemListElement":[{"@type":"ListItem","position":1,"name":"Portada","item":"https:\/\/www.iebschool.com\/comunicacion-profesores\/"},{"@type":"ListItem","position":2,"name":"Profesor del mes &#8211; Raul Garay Linares"}]},{"@type":"WebSite","@id":"https:\/\/www.iebschool.com\/comunicacion-profesores\/#website","url":"https:\/\/www.iebschool.com\/comunicacion-profesores\/","name":"La Pizzarra 4.0","description":"Otro sitio realizado con WordPress","potentialAction":[{"@type":"SearchAction","target":{"@type":"EntryPoint","urlTemplate":"https:\/\/www.iebschool.com\/comunicacion-profesores\/?s={search_term_string}"},"query-input":"required name=search_term_string"}],"inLanguage":"en-US"},{"@type":"Person","@id":"https:\/\/www.iebschool.com\/comunicacion-profesores\/#\/schema\/person\/b2db3c125a9416583e9ecb7a66656341","name":"Aitor D\u00edaz","image":{"@type":"ImageObject","inLanguage":"en-US","@id":"https:\/\/www.iebschool.com\/comunicacion-profesores\/#\/schema\/person\/image\/","url":"https:\/\/secure.gravatar.com\/avatar\/14a4ffa2e245280e4848621cda2698dbc6235730d6d7b03a0bcf4098456a98b9?s=96&d=mm&r=g","contentUrl":"https:\/\/secure.gravatar.com\/avatar\/14a4ffa2e245280e4848621cda2698dbc6235730d6d7b03a0bcf4098456a98b9?s=96&d=mm&r=g","caption":"Aitor D\u00edaz"},"url":"https:\/\/www.iebschool.com\/comunicacion-profesores\/author\/contenidos1iebschool-com\/"}]}},"_links":{"self":[{"href":"https:\/\/www.iebschool.com\/comunicacion-profesores\/wp-json\/wp\/v2\/posts\/2156","targetHints":{"allow":["GET"]}}],"collection":[{"href":"https:\/\/www.iebschool.com\/comunicacion-profesores\/wp-json\/wp\/v2\/posts"}],"about":[{"href":"https:\/\/www.iebschool.com\/comunicacion-profesores\/wp-json\/wp\/v2\/types\/post"}],"author":[{"embeddable":true,"href":"https:\/\/www.iebschool.com\/comunicacion-profesores\/wp-json\/wp\/v2\/users\/3"}],"replies":[{"embeddable":true,"href":"https:\/\/www.iebschool.com\/comunicacion-profesores\/wp-json\/wp\/v2\/comments?post=2156"}],"version-history":[{"count":6,"href":"https:\/\/www.iebschool.com\/comunicacion-profesores\/wp-json\/wp\/v2\/posts\/2156\/revisions"}],"predecessor-version":[{"id":2166,"href":"https:\/\/www.iebschool.com\/comunicacion-profesores\/wp-json\/wp\/v2\/posts\/2156\/revisions\/2166"}],"wp:featuredmedia":[{"embeddable":true,"href":"https:\/\/www.iebschool.com\/comunicacion-profesores\/wp-json\/wp\/v2\/media\/2164"}],"wp:attachment":[{"href":"https:\/\/www.iebschool.com\/comunicacion-profesores\/wp-json\/wp\/v2\/media?parent=2156"}],"wp:term":[{"taxonomy":"category","embeddable":true,"href":"https:\/\/www.iebschool.com\/comunicacion-profesores\/wp-json\/wp\/v2\/categories?post=2156"},{"taxonomy":"post_tag","embeddable":true,"href":"https:\/\/www.iebschool.com\/comunicacion-profesores\/wp-json\/wp\/v2\/tags?post=2156"}],"curies":[{"name":"wp","href":"https:\/\/api.w.org\/{rel}","templated":true}]}}