{"id":2247,"date":"2023-06-14T07:59:36","date_gmt":"2023-06-14T07:59:36","guid":{"rendered":"https:\/\/www.iebschool.com\/comunicacion-profesores\/?p=2247"},"modified":"2023-06-14T09:23:44","modified_gmt":"2023-06-14T09:23:44","slug":"profesor-del-mes-diego-dalman","status":"publish","type":"post","link":"https:\/\/www.iebschool.com\/comunicacion-profesores\/profesor-del-mes-diego-dalman\/","title":{"rendered":"Profesor del mes \u2013 Diego Dalman"},"content":{"rendered":"\n<figure class=\"wp-block-image size-full\"><img loading=\"lazy\" decoding=\"async\" width=\"845\" height=\"182\" src=\"https:\/\/www.iebschool.com\/comunicacion-profesores\/wp-content\/uploads\/2023\/06\/Profe-del-mes-845x182-10.png\" alt=\"\" class=\"wp-image-2251\" srcset=\"https:\/\/www.iebschool.com\/comunicacion-profesores\/wp-content\/uploads\/2023\/06\/Profe-del-mes-845x182-10.png 845w, https:\/\/www.iebschool.com\/comunicacion-profesores\/wp-content\/uploads\/2023\/06\/Profe-del-mes-845x182-10-300x65.png 300w, https:\/\/www.iebschool.com\/comunicacion-profesores\/wp-content\/uploads\/2023\/06\/Profe-del-mes-845x182-10-768x165.png 768w\" sizes=\"auto, (max-width: 845px) 100vw, 845px\" \/><\/figure>\n\n\n\n<p><\/p>\n\n\n\n<p><strong>\u00bfSabes qui\u00e9n es\u00a0<a href=\"https:\/\/www.linkedin.com\/in\/diegodalman\/\" target=\"_blank\" rel=\"noreferrer noopener\">Diego Dalman<\/a>?\u00a0<\/strong>Es profesor del\u00a0<a href=\"https:\/\/www.iebschool.com\/programas\/master-direccion-financiera-contable-2-0\/\">M\u00e1ster en Direcci\u00f3n Financiera y Controlling<\/a>\u00a0y estamos encantados de present\u00e1rtelo como nuevo profesor del mes.\u00a0<strong>\u00a1Enhorabuena Diego!<\/strong>\u00a0Son varias las razones de la elecci\u00f3n de Diego como profesor del mes, y entre ellas, est\u00e1 su compromiso y dedicaci\u00f3n sin descanso. Sigue leyendo la entrevista que le hemos hecho!!!<\/p>\n\n\n\n<p><strong>IEBS:&nbsp;Los motivos que nos han llevado a elegirte como&nbsp;profesor&nbsp;del&nbsp;mes&nbsp;son tu proactividad e implicaci\u00f3n. \u00bfQu\u00e9 es lo que te motiva a seguir buscando mejoras y propuestas educativas?&nbsp;<\/strong><\/p>\n\n\n\n<p>Aprender implica curiosidad, interesarse por lo que sucede en la clase, participar, probar, experimentar. Y aqu\u00ed el&nbsp;profesor&nbsp;tiene mucho que ver. Si una clase es aburrida, la gente se cierra, se distrae y pierde su magia.Me motiva que los alumnos aprendan, se desarrollen, participen. Por eso intento innovar en mis clases con din\u00e1micas y propuestas que hagan reflexionar al alumno y lo lleven a la acci\u00f3n. Los seres humanos aprendemos haciendo. Y la clase debe ser un lugar seguro para pensar, cuestionar y hacer.<\/p>\n\n\n\n<p><br><strong>IEBS:&nbsp;Tu material se destaca por tener variedad de ejemplos que ayudan a los estudiantes a comprender mejor todo el contenido desarrollado durante el m\u00f3dulo. Cu\u00e9ntanos, \u00bfCu\u00e1l es tu criterio para la elecci\u00f3n de los ejemplos\/casos reales que muestras a los estudiantes?&nbsp;<\/strong><\/p>\n\n\n\n<p>Los ejemplos y casos est\u00e1n al servicio de la clase y del tema. El primer paso ser\u00eda ese: planificar la clase, tener en claro el objetivo y luego definir los mejores contenidos y ejemplos para abordar el tema.Me gustan los ejemplos pr\u00e1cticos, las escenas de series y pel\u00edculas, los casos que se dan en el d\u00eda a d\u00eda de las organizaciones, los juegos de roles. Los alumnos trasladan esos ejemplos a su d\u00eda a d\u00eda, y fijan los conceptos clave. En resumen, actualidad, aplicaci\u00f3n, cercan\u00eda: criterios importantes en mi elecci\u00f3n de ejemplos.<\/p>\n\n\n\n<p><br><strong>IEBS:<\/strong>&nbsp;<strong>\u00bfQu\u00e9 te aporta ser docente en tu desarrollo profesional?&nbsp;\u00bfTienes&nbsp;alguna an\u00e9cdota que quieras compartir?<\/strong><\/p>\n\n\n\n<p>Ser docente me permite cumplir con mi prop\u00f3sito: ayudo a personas y organizaciones a liderar, trabajar en equipo y dise\u00f1ar mejores lugares para trabajar. \u00bfPor qu\u00e9 pasarla mal en el trabajo? Est\u00e1 comprobado que el bienestar de los colaboradores los hace m\u00e1s productivos. Todos ganan: si la gente est\u00e1 mejor, los resultados son mejores. Hay mucho por hacer al respecto, ya que la mayor parte de las personas en el mundo no est\u00e1n satisfechas con su trabajo. Y pasamos un tercio de nuestras vidas trabajando&#8230;Tengo varias an\u00e9cdotas. El denominador com\u00fan de ellas es la conexi\u00f3n humana. Mi profesi\u00f3n me permite conocer personas en todo el mundo. He ganado amigos, contactos, clientes, proyectos. Muchas personas me han escrito varios a\u00f1os despu\u00e9s de una clase o conferencia para contarme el impacto en sus vidas que tuvo ese momento compartido.&nbsp;Hace poco, una profesional de gran experiencia me dijo que, luego de un curso, decidi\u00f3 renunciar a su trabajo. Se dio cuenta que los valores de esa empresa ya no estaban alineados con su prop\u00f3sito y sus propios valores. As\u00ed que se fue y consigui\u00f3 otro empleo. Personas que cambian, que se animan, que demuestran coraje, a partir de lo que hemos vivido juntos en las clases. Siento que aporto mi granito de arena, con gran humildad, y eso me da satisfacci\u00f3n.<\/p>\n\n\n\n<p><\/p>\n\n\n\n<p><strong>IEBS:<\/strong>&nbsp;<strong>\u00bfTienes alg\u00fan referente al que admires en tu disciplina? Cu\u00e9ntanos por qu\u00e9.&nbsp;<br><\/strong>Tengo varios. Me gustan las personas que comunican con claridad y me hacen pensar: Simon Sinek, Seth Godin, Susan David, Marian Rojas Estap\u00e9, Mario Alonso Puig, Daniel Pink, Dale Carnegie, Bren\u00e9 Brown.&nbsp;Mi gran referente es Su, la mam\u00e1 de mi mam\u00e1, una docente de pura cepa. Ya no est\u00e1 con nosotros. Era muy coqueta y no le dec\u00edamos abuela, simplemente &#8220;Su&#8221;. Nos ense\u00f1\u00f3 de todo, no solo a leer y a escribir, sino los valores con los cuales salir a enfrentar la vida. Caerse y volverse a levantar. Vivir el hoy. La velocidad del tiempo. La pasi\u00f3n por los libros. Un amor infinito. Debe estar contenta que segu\u00ed sus pasos.<\/p>\n\n\n\n<p><\/p>\n\n\n\n<p><strong>IEBS:&nbsp;Por \u00faltimo, \u00bfQu\u00e9 le dir\u00edas a aquellas personas que est\u00e1n pensando en estudiar en IEBS?&nbsp;<\/strong><\/p>\n\n\n\n<p>Les dir\u00eda que se animen, que se formen, que aprovechen. Invertir en educaci\u00f3n es invertir en uno mismo. Dicen por ah\u00ed que debemos ser nuestra mejor inversi\u00f3n. Un mundo que cambia todo el tiempo nos obliga a reaprender, desaprender y estar en formaci\u00f3n permanente.A no quedarse en el camino: IEBS es un gran lugar, con profesionales de primer nivel que piensan en los alumnos y en la calidad de su experiencia de aprendizaje. \u00a1Espero verlos en mis clases!<\/p>\n\n\n\n<p><strong>IEBS: Gracias por tu gran trabajo Diego!!!<\/strong><\/p>\n","protected":false},"excerpt":{"rendered":"<p>\u00bfSabes qui\u00e9n es\u00a0Diego Dalman?\u00a0Es profesor del\u00a0M\u00e1ster en Direcci\u00f3n Financiera y Controlling\u00a0y estamos encantados de present\u00e1rtelo como nuevo profesor del mes.\u00a0\u00a1Enhorabuena Diego!\u00a0Son varias las razones de&hellip;<\/p>\n","protected":false},"author":3,"featured_media":2249,"comment_status":"open","ping_status":"open","sticky":false,"template":"","format":"standard","meta":{"footnotes":""},"categories":[26,22,25],"tags":[],"class_list":["post-2247","post","type-post","status-publish","format-standard","has-post-thumbnail","hentry","category-actualidad","category-entrevista","category-profesor-del-mes"],"yoast_head":"<!-- This site is optimized with the Yoast SEO plugin v19.10 - https:\/\/yoast.com\/wordpress\/plugins\/seo\/ -->\n<title>Profesor del mes \u2013 Diego Dalman - La Pizzarra 4.0<\/title>\n<meta name=\"robots\" content=\"index, follow, max-snippet:-1, max-image-preview:large, max-video-preview:-1\" \/>\n<link rel=\"canonical\" href=\"https:\/\/www.iebschool.com\/comunicacion-profesores\/profesor-del-mes-diego-dalman\/\" \/>\n<meta property=\"og:locale\" content=\"en_US\" \/>\n<meta property=\"og:type\" content=\"article\" \/>\n<meta property=\"og:title\" content=\"Profesor del mes \u2013 Diego Dalman - La Pizzarra 4.0\" \/>\n<meta property=\"og:description\" content=\"\u00bfSabes qui\u00e9n es\u00a0Diego Dalman?\u00a0Es profesor del\u00a0M\u00e1ster en Direcci\u00f3n Financiera y Controlling\u00a0y estamos encantados de present\u00e1rtelo como nuevo profesor del mes.\u00a0\u00a1Enhorabuena Diego!\u00a0Son varias las razones de&hellip;\" \/>\n<meta property=\"og:url\" content=\"https:\/\/www.iebschool.com\/comunicacion-profesores\/profesor-del-mes-diego-dalman\/\" \/>\n<meta property=\"og:site_name\" content=\"La Pizzarra 4.0\" \/>\n<meta property=\"article:published_time\" content=\"2023-06-14T07:59:36+00:00\" \/>\n<meta property=\"article:modified_time\" content=\"2023-06-14T09:23:44+00:00\" \/>\n<meta property=\"og:image\" content=\"https:\/\/www.iebschool.com\/comunicacion-profesores\/wp-content\/uploads\/2023\/06\/Profe-del-mes-800x800-7.png\" \/>\n\t<meta property=\"og:image:width\" content=\"800\" \/>\n\t<meta property=\"og:image:height\" content=\"800\" \/>\n\t<meta property=\"og:image:type\" content=\"image\/png\" \/>\n<meta name=\"author\" content=\"Aitor D\u00edaz\" \/>\n<meta name=\"twitter:card\" content=\"summary_large_image\" \/>\n<meta name=\"twitter:label1\" content=\"Written by\" \/>\n\t<meta name=\"twitter:data1\" content=\"Aitor D\u00edaz\" \/>\n\t<meta name=\"twitter:label2\" content=\"Est. reading time\" \/>\n\t<meta name=\"twitter:data2\" content=\"4 minutes\" \/>\n<script type=\"application\/ld+json\" class=\"yoast-schema-graph\">{\"@context\":\"https:\/\/schema.org\",\"@graph\":[{\"@type\":\"WebPage\",\"@id\":\"https:\/\/www.iebschool.com\/comunicacion-profesores\/profesor-del-mes-diego-dalman\/\",\"url\":\"https:\/\/www.iebschool.com\/comunicacion-profesores\/profesor-del-mes-diego-dalman\/\",\"name\":\"Profesor del mes \u2013 Diego Dalman - La Pizzarra 4.0\",\"isPartOf\":{\"@id\":\"https:\/\/www.iebschool.com\/comunicacion-profesores\/#website\"},\"datePublished\":\"2023-06-14T07:59:36+00:00\",\"dateModified\":\"2023-06-14T09:23:44+00:00\",\"author\":{\"@id\":\"https:\/\/www.iebschool.com\/comunicacion-profesores\/#\/schema\/person\/b2db3c125a9416583e9ecb7a66656341\"},\"breadcrumb\":{\"@id\":\"https:\/\/www.iebschool.com\/comunicacion-profesores\/profesor-del-mes-diego-dalman\/#breadcrumb\"},\"inLanguage\":\"en-US\",\"potentialAction\":[{\"@type\":\"ReadAction\",\"target\":[\"https:\/\/www.iebschool.com\/comunicacion-profesores\/profesor-del-mes-diego-dalman\/\"]}]},{\"@type\":\"BreadcrumbList\",\"@id\":\"https:\/\/www.iebschool.com\/comunicacion-profesores\/profesor-del-mes-diego-dalman\/#breadcrumb\",\"itemListElement\":[{\"@type\":\"ListItem\",\"position\":1,\"name\":\"Portada\",\"item\":\"https:\/\/www.iebschool.com\/comunicacion-profesores\/\"},{\"@type\":\"ListItem\",\"position\":2,\"name\":\"Profesor del mes \u2013 Diego Dalman\"}]},{\"@type\":\"WebSite\",\"@id\":\"https:\/\/www.iebschool.com\/comunicacion-profesores\/#website\",\"url\":\"https:\/\/www.iebschool.com\/comunicacion-profesores\/\",\"name\":\"La Pizzarra 4.0\",\"description\":\"Otro sitio realizado con WordPress\",\"potentialAction\":[{\"@type\":\"SearchAction\",\"target\":{\"@type\":\"EntryPoint\",\"urlTemplate\":\"https:\/\/www.iebschool.com\/comunicacion-profesores\/?s={search_term_string}\"},\"query-input\":\"required name=search_term_string\"}],\"inLanguage\":\"en-US\"},{\"@type\":\"Person\",\"@id\":\"https:\/\/www.iebschool.com\/comunicacion-profesores\/#\/schema\/person\/b2db3c125a9416583e9ecb7a66656341\",\"name\":\"Aitor D\u00edaz\",\"image\":{\"@type\":\"ImageObject\",\"inLanguage\":\"en-US\",\"@id\":\"https:\/\/www.iebschool.com\/comunicacion-profesores\/#\/schema\/person\/image\/\",\"url\":\"https:\/\/secure.gravatar.com\/avatar\/14a4ffa2e245280e4848621cda2698dbc6235730d6d7b03a0bcf4098456a98b9?s=96&d=mm&r=g\",\"contentUrl\":\"https:\/\/secure.gravatar.com\/avatar\/14a4ffa2e245280e4848621cda2698dbc6235730d6d7b03a0bcf4098456a98b9?s=96&d=mm&r=g\",\"caption\":\"Aitor D\u00edaz\"},\"url\":\"https:\/\/www.iebschool.com\/comunicacion-profesores\/author\/contenidos1iebschool-com\/\"}]}<\/script>\n<!-- \/ Yoast SEO plugin. -->","yoast_head_json":{"title":"Profesor del mes \u2013 Diego Dalman - La Pizzarra 4.0","robots":{"index":"index","follow":"follow","max-snippet":"max-snippet:-1","max-image-preview":"max-image-preview:large","max-video-preview":"max-video-preview:-1"},"canonical":"https:\/\/www.iebschool.com\/comunicacion-profesores\/profesor-del-mes-diego-dalman\/","og_locale":"en_US","og_type":"article","og_title":"Profesor del mes \u2013 Diego Dalman - La Pizzarra 4.0","og_description":"\u00bfSabes qui\u00e9n es\u00a0Diego Dalman?\u00a0Es profesor del\u00a0M\u00e1ster en Direcci\u00f3n Financiera y Controlling\u00a0y estamos encantados de present\u00e1rtelo como nuevo profesor del mes.\u00a0\u00a1Enhorabuena Diego!\u00a0Son varias las razones de&hellip;","og_url":"https:\/\/www.iebschool.com\/comunicacion-profesores\/profesor-del-mes-diego-dalman\/","og_site_name":"La Pizzarra 4.0","article_published_time":"2023-06-14T07:59:36+00:00","article_modified_time":"2023-06-14T09:23:44+00:00","og_image":[{"width":800,"height":800,"url":"https:\/\/www.iebschool.com\/comunicacion-profesores\/wp-content\/uploads\/2023\/06\/Profe-del-mes-800x800-7.png","type":"image\/png"}],"author":"Aitor D\u00edaz","twitter_card":"summary_large_image","twitter_misc":{"Written by":"Aitor D\u00edaz","Est. reading time":"4 minutes"},"schema":{"@context":"https:\/\/schema.org","@graph":[{"@type":"WebPage","@id":"https:\/\/www.iebschool.com\/comunicacion-profesores\/profesor-del-mes-diego-dalman\/","url":"https:\/\/www.iebschool.com\/comunicacion-profesores\/profesor-del-mes-diego-dalman\/","name":"Profesor del mes \u2013 Diego Dalman - La Pizzarra 4.0","isPartOf":{"@id":"https:\/\/www.iebschool.com\/comunicacion-profesores\/#website"},"datePublished":"2023-06-14T07:59:36+00:00","dateModified":"2023-06-14T09:23:44+00:00","author":{"@id":"https:\/\/www.iebschool.com\/comunicacion-profesores\/#\/schema\/person\/b2db3c125a9416583e9ecb7a66656341"},"breadcrumb":{"@id":"https:\/\/www.iebschool.com\/comunicacion-profesores\/profesor-del-mes-diego-dalman\/#breadcrumb"},"inLanguage":"en-US","potentialAction":[{"@type":"ReadAction","target":["https:\/\/www.iebschool.com\/comunicacion-profesores\/profesor-del-mes-diego-dalman\/"]}]},{"@type":"BreadcrumbList","@id":"https:\/\/www.iebschool.com\/comunicacion-profesores\/profesor-del-mes-diego-dalman\/#breadcrumb","itemListElement":[{"@type":"ListItem","position":1,"name":"Portada","item":"https:\/\/www.iebschool.com\/comunicacion-profesores\/"},{"@type":"ListItem","position":2,"name":"Profesor del mes \u2013 Diego Dalman"}]},{"@type":"WebSite","@id":"https:\/\/www.iebschool.com\/comunicacion-profesores\/#website","url":"https:\/\/www.iebschool.com\/comunicacion-profesores\/","name":"La Pizzarra 4.0","description":"Otro sitio realizado con WordPress","potentialAction":[{"@type":"SearchAction","target":{"@type":"EntryPoint","urlTemplate":"https:\/\/www.iebschool.com\/comunicacion-profesores\/?s={search_term_string}"},"query-input":"required name=search_term_string"}],"inLanguage":"en-US"},{"@type":"Person","@id":"https:\/\/www.iebschool.com\/comunicacion-profesores\/#\/schema\/person\/b2db3c125a9416583e9ecb7a66656341","name":"Aitor D\u00edaz","image":{"@type":"ImageObject","inLanguage":"en-US","@id":"https:\/\/www.iebschool.com\/comunicacion-profesores\/#\/schema\/person\/image\/","url":"https:\/\/secure.gravatar.com\/avatar\/14a4ffa2e245280e4848621cda2698dbc6235730d6d7b03a0bcf4098456a98b9?s=96&d=mm&r=g","contentUrl":"https:\/\/secure.gravatar.com\/avatar\/14a4ffa2e245280e4848621cda2698dbc6235730d6d7b03a0bcf4098456a98b9?s=96&d=mm&r=g","caption":"Aitor D\u00edaz"},"url":"https:\/\/www.iebschool.com\/comunicacion-profesores\/author\/contenidos1iebschool-com\/"}]}},"_links":{"self":[{"href":"https:\/\/www.iebschool.com\/comunicacion-profesores\/wp-json\/wp\/v2\/posts\/2247","targetHints":{"allow":["GET"]}}],"collection":[{"href":"https:\/\/www.iebschool.com\/comunicacion-profesores\/wp-json\/wp\/v2\/posts"}],"about":[{"href":"https:\/\/www.iebschool.com\/comunicacion-profesores\/wp-json\/wp\/v2\/types\/post"}],"author":[{"embeddable":true,"href":"https:\/\/www.iebschool.com\/comunicacion-profesores\/wp-json\/wp\/v2\/users\/3"}],"replies":[{"embeddable":true,"href":"https:\/\/www.iebschool.com\/comunicacion-profesores\/wp-json\/wp\/v2\/comments?post=2247"}],"version-history":[{"count":2,"href":"https:\/\/www.iebschool.com\/comunicacion-profesores\/wp-json\/wp\/v2\/posts\/2247\/revisions"}],"predecessor-version":[{"id":2253,"href":"https:\/\/www.iebschool.com\/comunicacion-profesores\/wp-json\/wp\/v2\/posts\/2247\/revisions\/2253"}],"wp:featuredmedia":[{"embeddable":true,"href":"https:\/\/www.iebschool.com\/comunicacion-profesores\/wp-json\/wp\/v2\/media\/2249"}],"wp:attachment":[{"href":"https:\/\/www.iebschool.com\/comunicacion-profesores\/wp-json\/wp\/v2\/media?parent=2247"}],"wp:term":[{"taxonomy":"category","embeddable":true,"href":"https:\/\/www.iebschool.com\/comunicacion-profesores\/wp-json\/wp\/v2\/categories?post=2247"},{"taxonomy":"post_tag","embeddable":true,"href":"https:\/\/www.iebschool.com\/comunicacion-profesores\/wp-json\/wp\/v2\/tags?post=2247"}],"curies":[{"name":"wp","href":"https:\/\/api.w.org\/{rel}","templated":true}]}}