{"id":2341,"date":"2024-07-17T11:25:16","date_gmt":"2024-07-17T11:25:16","guid":{"rendered":"https:\/\/www.iebschool.com\/comunicacion-profesores\/?p=2341"},"modified":"2024-07-17T11:26:18","modified_gmt":"2024-07-17T11:26:18","slug":"profesor-del-mes-borja-gomez","status":"publish","type":"post","link":"https:\/\/www.iebschool.com\/comunicacion-profesores\/profesor-del-mes-borja-gomez\/","title":{"rendered":"Profesor del mes &#8211; Borja G\u00f3mez"},"content":{"rendered":"\n<figure class=\"wp-block-image size-full\"><img loading=\"lazy\" decoding=\"async\" width=\"845\" height=\"182\" src=\"https:\/\/www.iebschool.com\/comunicacion-profesores\/wp-content\/uploads\/2024\/07\/Borja-Gomez.jpg\" alt=\"\" class=\"wp-image-2342\" srcset=\"https:\/\/www.iebschool.com\/comunicacion-profesores\/wp-content\/uploads\/2024\/07\/Borja-Gomez.jpg 845w, https:\/\/www.iebschool.com\/comunicacion-profesores\/wp-content\/uploads\/2024\/07\/Borja-Gomez-300x65.jpg 300w, https:\/\/www.iebschool.com\/comunicacion-profesores\/wp-content\/uploads\/2024\/07\/Borja-Gomez-768x165.jpg 768w\" sizes=\"auto, (max-width: 845px) 100vw, 845px\" \/><\/figure>\n\n\n\n<p id=\"block-0a975179-11d5-45b9-9928-61a20a22ec76\"><strong>\u00bfQuieres saber qui\u00e9n es Borja G\u00f3mez?\u00a0<\/strong>Es profesor del <a href=\"https:\/\/www.iebschool.com\/programas\/master-agile-project-management\/\">M\u00e1ster Agile Project Management <\/a>y estamos encantados de present\u00e1rtelo como nuevo profesor del mes de junio de este a\u00f1o 2024.\u00a0<strong>\u00a1Felicidades Borja!<\/strong>\u00a0Son varias las razones de la elecci\u00f3n de Borja como profesor del mes, y entre ellas, est\u00e1 su gran compromiso por los alumnos de la escuela.<\/p>\n\n\n\n<p id=\"block-c67d4a3f-2363-42d7-ac28-280b4cae4444\">Te lo contamos todo en una entrevista que le hemos hecho.<\/p>\n\n\n\n<p><strong>IEBS: \u00bfC\u00f3mo crees que la metodolog\u00eda OKR redefine el \u00e9xito empresarial en la era digital?<\/strong><br>La metodolog\u00eda OKR proporcionar un marco claro y \u00e1gil para la definici\u00f3n y seguimiento de objetivos. \u00c1gil por la transparencia de objetivos visibles para todos, por los ciclos cortos de revisi\u00f3n y la r\u00e1pida iteraci\u00f3n.<br>Y el marco claro por el enfoque en resultados medibles, el ser trabajado entre todos y no ser impuesto por la direcci\u00f3n, lo cual hace que el compromiso sea mayor por parte de todos.<\/p>\n\n\n\n<p><br><strong>IEBS: \u00bfQu\u00e9 habilidades clave desarrollan los l\u00edderes al implementar OKRs en sus equipos?<\/strong><br>Muchas, la visi\u00f3n estrat\u00e9gica, mediante claridad de objetivos y priorizaci\u00f3n.<br>Comunicaci\u00f3n efectiva, mediante transparencia y feedback continuo.<br>Habilidades anal\u00edticas, mediante medici\u00f3n y seguimiento de objetivos y como resultado ajuste de estrategias<br>La adaptabilidad, agilidad, orientaci\u00f3n a resultados y trabajo en equipo.<\/p>\n\n\n\n<p><strong>IEBS: \u00bfTienes alguna experiencia inspiradora sobre c\u00f3mo los OKRs han impulsado la innovaci\u00f3n en una empresa?<\/strong><br>Quiz\u00e1s el caso m\u00e1s famoso sea el de Google y su CEO Sundar Pichai cuando en 2008 se propuso el Objetivo de tener el mejor navegador a 3 a\u00f1os vista. Como resultado clave se propusieron alcanzar al a\u00f1o siguiente 20 millones de usuarios. No lo consiguieron, para el segundo fijaron 50 millones, y llegaron a 37.<br>Finalmente al tercer a\u00f1o siguieron apostando por un objetivo ambicioso, llegar a 100 millones de usuarios\u2026 Y llegaron a 111!<br>A nivel particular puedo decir que desde que empezamos a trabajar con OKR\u00b4s en Roche equipos \u00e1giles de todo el mundo hemos visto el potencial de la entrega frecuente y continua y a d\u00eda de hoy se han establecido los OKRs como metodolog\u00eda de establecimiento de objetivos tanto a nivel IT como a nivel de negocio final, cambiando objetivos basados en consecuci\u00f3n de tareas a objetivos basados en entrega de valor real.<\/p>\n\n\n\n<p><strong>IEBS: \u00bfQu\u00e9 sorpresas pueden encontrar los estudiantes en tus clases sobre OKRs que no esperar\u00edan de un curso convencional?<\/strong><br>Trabajar de manera iterativa e incremental desde la primera semana, de una manera pr\u00e1ctica van a crear los OKRs de una empresa de transformaci\u00f3n digital y van a recibir feedback semanalmente aplicando mejora continua y mejorando el valor de cada entrega.<br>Adem\u00e1s van a trabajar con la herramienta Miro donde van a crear el proceso end-to-end desde la visi\u00f3n estrat\u00e9gica hasta la creaci\u00f3n y priorizaci\u00f3n de las iniciativas m\u00e1s t\u00e1cticas, y luego van a poder utilizar este tablero digital para la definici\u00f3n de OKRs en sus empresas.<\/p>\n\n\n\n<p><strong>IEBS: \u00bfPodr\u00edas compartir una an\u00e9cdota con tus alumnos de IEBS?<\/strong><br>Me sigue maravillando la calidad de los trabajos de fin de Master, los alumnos crean proyectos digitales innovadores y que muchos de ellos est\u00e1n pr\u00e1cticamente preparados para salir al mercado si ellos lo deciden as\u00ed.<br>Me encanta que los alumnos me pongan a prueba y se reten entre ellos a debatir, muchas veces he cambiado el contenido de las clases gracias a ellos , aprendemos mutuamente y generamos un contenido de mayor calidad.<\/p>\n\n\n\n<p><strong>IEBS: Completa las siguientes frases con una sola palabra:<\/strong><br>Sin OKRs, la organizaci\u00f3n es\u2026 Menos capaz de adaptarse a cambios estrategivos.<br>La verdadera fuerza de los OKRs reside en\u2026 El poder de definir objetivos como organizaci\u00f3n<br>Como docente de IEBS, mi pasi\u00f3n es contribuir en el desarrollo de los nuevos lideres que necesitan nuestras organizaciones!<br>A mis alumnos les recalco que siempre\u2026 Estamos a tiempo de trabajar la mentalidad estrat\u00e9gica y que eso es lo que nos hace diferenciales, construir el presente pensando en los objetivos a medio y largo plazo.<br>En tiempos de cambio, lo fundamental es\u2026 Tener una mentalidad de continuo crecimiento y no dejar nunca de aprender !!<\/p>\n\n\n\n<p><strong>IEBS<\/strong>:&nbsp;<strong>Es un placer contar con profesores con tu nivel de compromiso. Gracias por formar parte de IEBS<\/strong>!<\/p>\n","protected":false},"excerpt":{"rendered":"<p>\u00bfQuieres saber qui\u00e9n es Borja G\u00f3mez?\u00a0Es profesor del M\u00e1ster Agile Project Management y estamos encantados de present\u00e1rtelo como nuevo profesor del mes de junio de&hellip;<\/p>\n","protected":false},"author":3,"featured_media":2343,"comment_status":"open","ping_status":"open","sticky":false,"template":"","format":"standard","meta":{"footnotes":""},"categories":[22,25],"tags":[],"class_list":["post-2341","post","type-post","status-publish","format-standard","has-post-thumbnail","hentry","category-entrevista","category-profesor-del-mes"],"yoast_head":"<!-- This site is optimized with the Yoast SEO plugin v19.10 - https:\/\/yoast.com\/wordpress\/plugins\/seo\/ -->\n<title>Profesor del mes - Borja G\u00f3mez - La Pizzarra 4.0<\/title>\n<meta name=\"robots\" content=\"index, follow, max-snippet:-1, max-image-preview:large, max-video-preview:-1\" \/>\n<link rel=\"canonical\" href=\"https:\/\/www.iebschool.com\/comunicacion-profesores\/profesor-del-mes-borja-gomez\/\" \/>\n<meta property=\"og:locale\" content=\"en_US\" \/>\n<meta property=\"og:type\" content=\"article\" \/>\n<meta property=\"og:title\" content=\"Profesor del mes - Borja G\u00f3mez - La Pizzarra 4.0\" \/>\n<meta property=\"og:description\" content=\"\u00bfQuieres saber qui\u00e9n es Borja G\u00f3mez?\u00a0Es profesor del M\u00e1ster Agile Project Management y estamos encantados de present\u00e1rtelo como nuevo profesor del mes de junio de&hellip;\" \/>\n<meta property=\"og:url\" content=\"https:\/\/www.iebschool.com\/comunicacion-profesores\/profesor-del-mes-borja-gomez\/\" \/>\n<meta property=\"og:site_name\" content=\"La Pizzarra 4.0\" \/>\n<meta property=\"article:published_time\" content=\"2024-07-17T11:25:16+00:00\" \/>\n<meta property=\"article:modified_time\" content=\"2024-07-17T11:26:18+00:00\" \/>\n<meta property=\"og:image\" content=\"https:\/\/www.iebschool.com\/comunicacion-profesores\/wp-content\/uploads\/2024\/07\/Borja-Gomez-1.jpg\" \/>\n\t<meta property=\"og:image:width\" content=\"800\" \/>\n\t<meta property=\"og:image:height\" content=\"800\" \/>\n\t<meta property=\"og:image:type\" content=\"image\/jpeg\" \/>\n<meta name=\"author\" content=\"Aitor D\u00edaz\" \/>\n<meta name=\"twitter:card\" content=\"summary_large_image\" \/>\n<meta name=\"twitter:label1\" content=\"Written by\" \/>\n\t<meta name=\"twitter:data1\" content=\"Aitor D\u00edaz\" \/>\n\t<meta name=\"twitter:label2\" content=\"Est. reading time\" \/>\n\t<meta name=\"twitter:data2\" content=\"4 minutes\" \/>\n<script type=\"application\/ld+json\" class=\"yoast-schema-graph\">{\"@context\":\"https:\/\/schema.org\",\"@graph\":[{\"@type\":\"WebPage\",\"@id\":\"https:\/\/www.iebschool.com\/comunicacion-profesores\/profesor-del-mes-borja-gomez\/\",\"url\":\"https:\/\/www.iebschool.com\/comunicacion-profesores\/profesor-del-mes-borja-gomez\/\",\"name\":\"Profesor del mes - Borja G\u00f3mez - La Pizzarra 4.0\",\"isPartOf\":{\"@id\":\"https:\/\/www.iebschool.com\/comunicacion-profesores\/#website\"},\"datePublished\":\"2024-07-17T11:25:16+00:00\",\"dateModified\":\"2024-07-17T11:26:18+00:00\",\"author\":{\"@id\":\"https:\/\/www.iebschool.com\/comunicacion-profesores\/#\/schema\/person\/b2db3c125a9416583e9ecb7a66656341\"},\"breadcrumb\":{\"@id\":\"https:\/\/www.iebschool.com\/comunicacion-profesores\/profesor-del-mes-borja-gomez\/#breadcrumb\"},\"inLanguage\":\"en-US\",\"potentialAction\":[{\"@type\":\"ReadAction\",\"target\":[\"https:\/\/www.iebschool.com\/comunicacion-profesores\/profesor-del-mes-borja-gomez\/\"]}]},{\"@type\":\"BreadcrumbList\",\"@id\":\"https:\/\/www.iebschool.com\/comunicacion-profesores\/profesor-del-mes-borja-gomez\/#breadcrumb\",\"itemListElement\":[{\"@type\":\"ListItem\",\"position\":1,\"name\":\"Portada\",\"item\":\"https:\/\/www.iebschool.com\/comunicacion-profesores\/\"},{\"@type\":\"ListItem\",\"position\":2,\"name\":\"Profesor del mes &#8211; Borja G\u00f3mez\"}]},{\"@type\":\"WebSite\",\"@id\":\"https:\/\/www.iebschool.com\/comunicacion-profesores\/#website\",\"url\":\"https:\/\/www.iebschool.com\/comunicacion-profesores\/\",\"name\":\"La Pizzarra 4.0\",\"description\":\"Otro sitio realizado con WordPress\",\"potentialAction\":[{\"@type\":\"SearchAction\",\"target\":{\"@type\":\"EntryPoint\",\"urlTemplate\":\"https:\/\/www.iebschool.com\/comunicacion-profesores\/?s={search_term_string}\"},\"query-input\":\"required name=search_term_string\"}],\"inLanguage\":\"en-US\"},{\"@type\":\"Person\",\"@id\":\"https:\/\/www.iebschool.com\/comunicacion-profesores\/#\/schema\/person\/b2db3c125a9416583e9ecb7a66656341\",\"name\":\"Aitor D\u00edaz\",\"image\":{\"@type\":\"ImageObject\",\"inLanguage\":\"en-US\",\"@id\":\"https:\/\/www.iebschool.com\/comunicacion-profesores\/#\/schema\/person\/image\/\",\"url\":\"https:\/\/secure.gravatar.com\/avatar\/14a4ffa2e245280e4848621cda2698dbc6235730d6d7b03a0bcf4098456a98b9?s=96&d=mm&r=g\",\"contentUrl\":\"https:\/\/secure.gravatar.com\/avatar\/14a4ffa2e245280e4848621cda2698dbc6235730d6d7b03a0bcf4098456a98b9?s=96&d=mm&r=g\",\"caption\":\"Aitor D\u00edaz\"},\"url\":\"https:\/\/www.iebschool.com\/comunicacion-profesores\/author\/contenidos1iebschool-com\/\"}]}<\/script>\n<!-- \/ Yoast SEO plugin. -->","yoast_head_json":{"title":"Profesor del mes - Borja G\u00f3mez - La Pizzarra 4.0","robots":{"index":"index","follow":"follow","max-snippet":"max-snippet:-1","max-image-preview":"max-image-preview:large","max-video-preview":"max-video-preview:-1"},"canonical":"https:\/\/www.iebschool.com\/comunicacion-profesores\/profesor-del-mes-borja-gomez\/","og_locale":"en_US","og_type":"article","og_title":"Profesor del mes - Borja G\u00f3mez - La Pizzarra 4.0","og_description":"\u00bfQuieres saber qui\u00e9n es Borja G\u00f3mez?\u00a0Es profesor del M\u00e1ster Agile Project Management y estamos encantados de present\u00e1rtelo como nuevo profesor del mes de junio de&hellip;","og_url":"https:\/\/www.iebschool.com\/comunicacion-profesores\/profesor-del-mes-borja-gomez\/","og_site_name":"La Pizzarra 4.0","article_published_time":"2024-07-17T11:25:16+00:00","article_modified_time":"2024-07-17T11:26:18+00:00","og_image":[{"width":800,"height":800,"url":"https:\/\/www.iebschool.com\/comunicacion-profesores\/wp-content\/uploads\/2024\/07\/Borja-Gomez-1.jpg","type":"image\/jpeg"}],"author":"Aitor D\u00edaz","twitter_card":"summary_large_image","twitter_misc":{"Written by":"Aitor D\u00edaz","Est. reading time":"4 minutes"},"schema":{"@context":"https:\/\/schema.org","@graph":[{"@type":"WebPage","@id":"https:\/\/www.iebschool.com\/comunicacion-profesores\/profesor-del-mes-borja-gomez\/","url":"https:\/\/www.iebschool.com\/comunicacion-profesores\/profesor-del-mes-borja-gomez\/","name":"Profesor del mes - Borja G\u00f3mez - La Pizzarra 4.0","isPartOf":{"@id":"https:\/\/www.iebschool.com\/comunicacion-profesores\/#website"},"datePublished":"2024-07-17T11:25:16+00:00","dateModified":"2024-07-17T11:26:18+00:00","author":{"@id":"https:\/\/www.iebschool.com\/comunicacion-profesores\/#\/schema\/person\/b2db3c125a9416583e9ecb7a66656341"},"breadcrumb":{"@id":"https:\/\/www.iebschool.com\/comunicacion-profesores\/profesor-del-mes-borja-gomez\/#breadcrumb"},"inLanguage":"en-US","potentialAction":[{"@type":"ReadAction","target":["https:\/\/www.iebschool.com\/comunicacion-profesores\/profesor-del-mes-borja-gomez\/"]}]},{"@type":"BreadcrumbList","@id":"https:\/\/www.iebschool.com\/comunicacion-profesores\/profesor-del-mes-borja-gomez\/#breadcrumb","itemListElement":[{"@type":"ListItem","position":1,"name":"Portada","item":"https:\/\/www.iebschool.com\/comunicacion-profesores\/"},{"@type":"ListItem","position":2,"name":"Profesor del mes &#8211; Borja G\u00f3mez"}]},{"@type":"WebSite","@id":"https:\/\/www.iebschool.com\/comunicacion-profesores\/#website","url":"https:\/\/www.iebschool.com\/comunicacion-profesores\/","name":"La Pizzarra 4.0","description":"Otro sitio realizado con WordPress","potentialAction":[{"@type":"SearchAction","target":{"@type":"EntryPoint","urlTemplate":"https:\/\/www.iebschool.com\/comunicacion-profesores\/?s={search_term_string}"},"query-input":"required name=search_term_string"}],"inLanguage":"en-US"},{"@type":"Person","@id":"https:\/\/www.iebschool.com\/comunicacion-profesores\/#\/schema\/person\/b2db3c125a9416583e9ecb7a66656341","name":"Aitor D\u00edaz","image":{"@type":"ImageObject","inLanguage":"en-US","@id":"https:\/\/www.iebschool.com\/comunicacion-profesores\/#\/schema\/person\/image\/","url":"https:\/\/secure.gravatar.com\/avatar\/14a4ffa2e245280e4848621cda2698dbc6235730d6d7b03a0bcf4098456a98b9?s=96&d=mm&r=g","contentUrl":"https:\/\/secure.gravatar.com\/avatar\/14a4ffa2e245280e4848621cda2698dbc6235730d6d7b03a0bcf4098456a98b9?s=96&d=mm&r=g","caption":"Aitor D\u00edaz"},"url":"https:\/\/www.iebschool.com\/comunicacion-profesores\/author\/contenidos1iebschool-com\/"}]}},"_links":{"self":[{"href":"https:\/\/www.iebschool.com\/comunicacion-profesores\/wp-json\/wp\/v2\/posts\/2341","targetHints":{"allow":["GET"]}}],"collection":[{"href":"https:\/\/www.iebschool.com\/comunicacion-profesores\/wp-json\/wp\/v2\/posts"}],"about":[{"href":"https:\/\/www.iebschool.com\/comunicacion-profesores\/wp-json\/wp\/v2\/types\/post"}],"author":[{"embeddable":true,"href":"https:\/\/www.iebschool.com\/comunicacion-profesores\/wp-json\/wp\/v2\/users\/3"}],"replies":[{"embeddable":true,"href":"https:\/\/www.iebschool.com\/comunicacion-profesores\/wp-json\/wp\/v2\/comments?post=2341"}],"version-history":[{"count":2,"href":"https:\/\/www.iebschool.com\/comunicacion-profesores\/wp-json\/wp\/v2\/posts\/2341\/revisions"}],"predecessor-version":[{"id":2345,"href":"https:\/\/www.iebschool.com\/comunicacion-profesores\/wp-json\/wp\/v2\/posts\/2341\/revisions\/2345"}],"wp:featuredmedia":[{"embeddable":true,"href":"https:\/\/www.iebschool.com\/comunicacion-profesores\/wp-json\/wp\/v2\/media\/2343"}],"wp:attachment":[{"href":"https:\/\/www.iebschool.com\/comunicacion-profesores\/wp-json\/wp\/v2\/media?parent=2341"}],"wp:term":[{"taxonomy":"category","embeddable":true,"href":"https:\/\/www.iebschool.com\/comunicacion-profesores\/wp-json\/wp\/v2\/categories?post=2341"},{"taxonomy":"post_tag","embeddable":true,"href":"https:\/\/www.iebschool.com\/comunicacion-profesores\/wp-json\/wp\/v2\/tags?post=2341"}],"curies":[{"name":"wp","href":"https:\/\/api.w.org\/{rel}","templated":true}]}}