{"id":898,"date":"2017-06-26T13:08:52","date_gmt":"2017-06-26T13:08:52","guid":{"rendered":"http:\/\/comunidad.iebschool.com\/comunicacion-profesores\/?p=898"},"modified":"2017-06-26T13:08:52","modified_gmt":"2017-06-26T13:08:52","slug":"profesor-del-mes-de-julio","status":"publish","type":"post","link":"https:\/\/www.iebschool.com\/comunicacion-profesores\/profesor-del-mes-de-julio\/","title":{"rendered":"Profesor del mes de julio"},"content":{"rendered":"<p><span style=\"font-weight: 400\">Se aproxima julio y estamos encantados de presentaros a una de nuestras profesoras m\u00e1s veteranas para nuestra secci\u00f3n del profesor del mes: <strong>Gemma Segura<\/strong>, experta en marketing y comunicaci\u00f3n y profesora en IEBS desde 2012.<\/span><\/p>\n<p><span style=\"font-weight: 400\">Gemma siempre nos sorprende dedicando mucho tiempo a <strong>revisar y actualizar las clases<\/strong> que imparte para que sus alumnos disfruten de un contenido nuevo y de calidad. Pero esta vez, le ha dado un giro a todo su m\u00f3dulo de 5 clases &#8220;Social Media&#8221; del programa <\/span><i><span style=\"font-weight: 400\">Executive Master en Marketing Digital, Anal\u00edtica y UX<\/span><\/i><span style=\"font-weight: 400\">, renovando todos sus contenidos.<\/span><\/p>\n<p><span style=\"font-weight: 400\">Adem\u00e1s de<strong> anticiparse al aviso de actualizaci\u00f3n<\/strong> por parte de la escuela, Gemma ha decidido renovar y enviar sus contenidos de cara a la siguiente convocatoria justo al acabar de impartir las clases, aprovechando que ten\u00eda recientes los contenidos y comentarios de los alumnos.<\/span><\/p>\n<p><span style=\"font-weight: 400\">Por eso, hemos querido agradecerle su <strong>compromiso<\/strong> con nosotros y conocer su visi\u00f3n sobre las actualizaciones. Sigue leyendo y no te pierdas sus recomendaciones.<\/span><\/p>\n<p><strong><a href=\"https:\/\/www.iebschool.com\/comunicacion-profesores\/wp-content\/uploads\/2017\/06\/gemma-segura-email-1-e1509352921999.jpg\" rel=\"attachment wp-att-904\"><img loading=\"lazy\" decoding=\"async\" class=\"size-medium wp-image-904 aligncenter\" src=\"http:\/\/www.iebschool.com\/comunicacion-profesores\/wp-content\/uploads\/2017\/06\/gemma-segura-email-1-300x300.jpg\" alt=\"gemma-segura-email (1)\" width=\"300\" height=\"300\" \/><\/a><\/strong><\/p>\n<hr style=\"color: #0056b2\" \/>\n<p style=\"padding-left: 60px\"><span style=\"font-weight: 400\">&#8220;Considero que los pilares de la formaci\u00f3n online se centran en la <strong>plataforma, los contenidos y la acci\u00f3n de tutorizaci\u00f3n del profesor<\/strong>. Siendo as\u00ed, es imprescindible que los contenidos de las diferentes clases que tutorizamos est\u00e9n actualizados y respondiendo a los objetivos de aprendizaje.<\/span><\/p>\n<p style=\"padding-left: 60px\"><span style=\"font-weight: 400\">Dejadme que comparta una an\u00e9cdota, que mostrar\u00e1 los motivos por los cu\u00e1les decid\u00ed darle un giro a los materiales de las clases de social media, en el master de anal\u00edtica web.<\/span><\/p>\n<p style=\"padding-left: 60px\"><span style=\"font-weight: 400\">En una de las clases del m\u00f3dulo, uno de los estudiantes se quej\u00f3 de que algunas referencias estaban desactualizadas (eran referencias a art\u00edculos de hace tres a\u00f1os) y, adem\u00e1s, algunas de las afirmaciones de dichos art\u00edculos hab\u00edan dejado de ser ciertas.<\/span><\/p>\n<p style=\"padding-left: 60px\"><span style=\"font-weight: 400\">Una queja del todo motivada, cierta y comprensible. Lo primero que hice fue pedir disculpas por las desactualizaciones y, acto seguido, repasar el material para hacerle un \u201clavado de cara\u201d al material de esa clase y tambi\u00e9n al de las dos siguientes. Algo que los estudiantes agradecieron, pero que me dej\u00f3 con mal sabor de boca porque era evidente que no ser\u00eda suficiente.<\/span><\/p>\n<p style=\"padding-left: 60px\"><span style=\"font-weight: 400\">Una vez finalizado el m\u00f3dulo, decid\u00ed hacer un cambio radical a los materiales y apostar por aquello que considero que puede <strong>aportar valor en una formaci\u00f3n<\/strong> como la que impartimos en IEBS.<\/span><\/p>\n<p style=\"padding-left: 60px\"><span style=\"font-weight: 400\">Estamos en un entorno donde podemos buscar y encontrar contenidos de cualquier tem\u00e1tica en Internet: el \u201cse\u00f1or\u201d Google lo sabe todo, o casi todo. Adem\u00e1s, los contenidos relacionados con el mundo de las redes sociales son tan cambiantes como los usos que hacemos de ellas. Por ello, convencida de que lo que aporta valor a los estudiantes es ofrecerles una <strong>visi\u00f3n estrat\u00e9gica y operativa de los diferentes conceptos<\/strong>, replante\u00e9 los materiales para ofrecer unos contenidos que contengan una visi\u00f3n completa de los conceptos y los procedimiento clave que ayuden a entender y a <strong>comprender su aplicaci\u00f3n en la actividad profesional<\/strong>.<\/span><\/p>\n<p style=\"padding-left: 60px\"><span style=\"font-weight: 400\">El resultado ha sido la creaci\u00f3n de un material totalmente nuevo -nada de actualizar-, donde el contenido pretende ser el punto de partida de lo verdaderamente esencial y que al mismo tiempo sea un<strong> contenido riguroso, actual, concreto, simple, did\u00e1ctico y motivante, con elementos complementarios<\/strong> como glosario de t\u00e9rminos, resumen de las ideas principales, lecturas recomendadas, esquemas e im\u00e1genes aclaratorios y mapas conceptuales.<\/span><\/p>\n<p>Mi recomendaci\u00f3n es que al finalizar cada clase, seg\u00fan los resultados obtenidos por los estudiantes y los resultados en las encuestas de satisfacci\u00f3n, hagamos una revisi\u00f3n de los contenidos para adaptarlos o transformarlos a las necesidades reales de los alumnos. Y durante el tiempo que transcurre entre clase y clase, guardemos todo aquello que vayamos leyendo y que consideremos importante para tener en cuenta en pr\u00f3ximas actualizaciones.<\/p>\n<p style=\"padding-left: 60px\"><span style=\"font-weight: 400\">Se trata de estar siempre en modo docente y con la mirada enfocada en todo aquello que podemos compartir con los estudiantes.&#8221;<\/span><\/p>\n<hr style=\"color: #0056b2\" \/>\n<p><span style=\"font-weight: 400\">De la experiencia de Gemma podemos aprender que, por mucho que nos esforcemos por tener nuestros contenidos actualizados, a veces, se nos puede escapar algo. Pero con una buena actitud y gesti\u00f3n, podemos convertir un problema en una oportunidad y, en este caso, Gemma la ha aprovechado totalmente.<\/span><\/p>\n<p><span style=\"font-weight: 400\">\u00a1Feliz semana! Y, como dir\u00eda Gemma.. <\/span><i><span style=\"font-weight: 400\">una forta abra\u00e7ada<\/span><\/i><span style=\"font-weight: 400\"> (un fuerte abrazo)<\/span><\/p>\n","protected":false},"excerpt":{"rendered":"<p>Se aproxima julio y estamos encantados de presentaros a una de nuestras profesoras m\u00e1s veteranas para nuestra secci\u00f3n del profesor del mes: Gemma Segura, experta&hellip;<\/p>\n","protected":false},"author":6,"featured_media":904,"comment_status":"open","ping_status":"open","sticky":false,"template":"","format":"standard","meta":{"footnotes":""},"categories":[3,24,25],"tags":[7],"class_list":["post-898","post","type-post","status-publish","format-standard","has-post-thumbnail","hentry","category-general","category-nuestros-profesores","category-profesor-del-mes","tag-profesor-del-mes"],"yoast_head":"<!-- This site is optimized with the Yoast SEO plugin v19.10 - https:\/\/yoast.com\/wordpress\/plugins\/seo\/ -->\n<title>Profesor del mes de julio - La Pizzarra 4.0<\/title>\n<meta name=\"description\" content=\"Se aproxima julio y estamos encantados de presentaros a una de nuestras profesoras m\u00e1s veteranas para nuestra secci\u00f3n del profesor del mes:\u00a0Gemma Segura\" \/>\n<meta name=\"robots\" content=\"index, follow, max-snippet:-1, max-image-preview:large, max-video-preview:-1\" \/>\n<link rel=\"canonical\" href=\"https:\/\/www.iebschool.com\/comunicacion-profesores\/profesor-del-mes-de-julio\/\" \/>\n<meta property=\"og:locale\" content=\"en_US\" \/>\n<meta property=\"og:type\" content=\"article\" \/>\n<meta property=\"og:title\" content=\"Profesor del mes de julio - La Pizzarra 4.0\" \/>\n<meta property=\"og:description\" content=\"Se aproxima julio y estamos encantados de presentaros a una de nuestras profesoras m\u00e1s veteranas para nuestra secci\u00f3n del profesor del mes:\u00a0Gemma Segura\" \/>\n<meta property=\"og:url\" content=\"https:\/\/www.iebschool.com\/comunicacion-profesores\/profesor-del-mes-de-julio\/\" \/>\n<meta property=\"og:site_name\" content=\"La Pizzarra 4.0\" \/>\n<meta property=\"article:published_time\" content=\"2017-06-26T13:08:52+00:00\" \/>\n<meta property=\"og:image\" content=\"https:\/\/www.iebschool.com\/comunicacion-profesores\/wp-content\/uploads\/2017\/06\/gemma-segura-email-1-e1509352921999.jpg\" \/>\n\t<meta property=\"og:image:width\" content=\"200\" \/>\n\t<meta property=\"og:image:height\" content=\"200\" \/>\n\t<meta property=\"og:image:type\" content=\"image\/jpeg\" \/>\n<meta name=\"author\" content=\"Marina Mancilla\" \/>\n<meta name=\"twitter:card\" content=\"summary_large_image\" \/>\n<meta name=\"twitter:label1\" content=\"Written by\" \/>\n\t<meta name=\"twitter:data1\" content=\"Marina Mancilla\" \/>\n\t<meta name=\"twitter:label2\" content=\"Est. reading time\" \/>\n\t<meta name=\"twitter:data2\" content=\"4 minutes\" \/>\n<script type=\"application\/ld+json\" class=\"yoast-schema-graph\">{\"@context\":\"https:\/\/schema.org\",\"@graph\":[{\"@type\":\"WebPage\",\"@id\":\"https:\/\/www.iebschool.com\/comunicacion-profesores\/profesor-del-mes-de-julio\/\",\"url\":\"https:\/\/www.iebschool.com\/comunicacion-profesores\/profesor-del-mes-de-julio\/\",\"name\":\"Profesor del mes de julio - La Pizzarra 4.0\",\"isPartOf\":{\"@id\":\"https:\/\/www.iebschool.com\/comunicacion-profesores\/#website\"},\"datePublished\":\"2017-06-26T13:08:52+00:00\",\"dateModified\":\"2017-06-26T13:08:52+00:00\",\"author\":{\"@id\":\"https:\/\/www.iebschool.com\/comunicacion-profesores\/#\/schema\/person\/53f994c53baeaab8cbf102cdc2ba8f6e\"},\"description\":\"Se aproxima julio y estamos encantados de presentaros a una de nuestras profesoras m\u00e1s veteranas para nuestra secci\u00f3n del profesor del mes:\u00a0Gemma Segura\",\"breadcrumb\":{\"@id\":\"https:\/\/www.iebschool.com\/comunicacion-profesores\/profesor-del-mes-de-julio\/#breadcrumb\"},\"inLanguage\":\"en-US\",\"potentialAction\":[{\"@type\":\"ReadAction\",\"target\":[\"https:\/\/www.iebschool.com\/comunicacion-profesores\/profesor-del-mes-de-julio\/\"]}]},{\"@type\":\"BreadcrumbList\",\"@id\":\"https:\/\/www.iebschool.com\/comunicacion-profesores\/profesor-del-mes-de-julio\/#breadcrumb\",\"itemListElement\":[{\"@type\":\"ListItem\",\"position\":1,\"name\":\"Portada\",\"item\":\"https:\/\/www.iebschool.com\/comunicacion-profesores\/\"},{\"@type\":\"ListItem\",\"position\":2,\"name\":\"Profesor del mes de julio\"}]},{\"@type\":\"WebSite\",\"@id\":\"https:\/\/www.iebschool.com\/comunicacion-profesores\/#website\",\"url\":\"https:\/\/www.iebschool.com\/comunicacion-profesores\/\",\"name\":\"La Pizzarra 4.0\",\"description\":\"Otro sitio realizado con WordPress\",\"potentialAction\":[{\"@type\":\"SearchAction\",\"target\":{\"@type\":\"EntryPoint\",\"urlTemplate\":\"https:\/\/www.iebschool.com\/comunicacion-profesores\/?s={search_term_string}\"},\"query-input\":\"required name=search_term_string\"}],\"inLanguage\":\"en-US\"},{\"@type\":\"Person\",\"@id\":\"https:\/\/www.iebschool.com\/comunicacion-profesores\/#\/schema\/person\/53f994c53baeaab8cbf102cdc2ba8f6e\",\"name\":\"Marina Mancilla\",\"image\":{\"@type\":\"ImageObject\",\"inLanguage\":\"en-US\",\"@id\":\"https:\/\/www.iebschool.com\/comunicacion-profesores\/#\/schema\/person\/image\/\",\"url\":\"https:\/\/secure.gravatar.com\/avatar\/6f40edfbc825428791f26107d1e2861a78bbd6dd581d6c5d93fec0ed04cd7543?s=96&d=mm&r=g\",\"contentUrl\":\"https:\/\/secure.gravatar.com\/avatar\/6f40edfbc825428791f26107d1e2861a78bbd6dd581d6c5d93fec0ed04cd7543?s=96&d=mm&r=g\",\"caption\":\"Marina Mancilla\"},\"url\":\"https:\/\/www.iebschool.com\/comunicacion-profesores\/author\/contenidos5iebschool-com\/\"}]}<\/script>\n<!-- \/ Yoast SEO plugin. -->","yoast_head_json":{"title":"Profesor del mes de julio - La Pizzarra 4.0","description":"Se aproxima julio y estamos encantados de presentaros a una de nuestras profesoras m\u00e1s veteranas para nuestra secci\u00f3n del profesor del mes:\u00a0Gemma Segura","robots":{"index":"index","follow":"follow","max-snippet":"max-snippet:-1","max-image-preview":"max-image-preview:large","max-video-preview":"max-video-preview:-1"},"canonical":"https:\/\/www.iebschool.com\/comunicacion-profesores\/profesor-del-mes-de-julio\/","og_locale":"en_US","og_type":"article","og_title":"Profesor del mes de julio - La Pizzarra 4.0","og_description":"Se aproxima julio y estamos encantados de presentaros a una de nuestras profesoras m\u00e1s veteranas para nuestra secci\u00f3n del profesor del mes:\u00a0Gemma Segura","og_url":"https:\/\/www.iebschool.com\/comunicacion-profesores\/profesor-del-mes-de-julio\/","og_site_name":"La Pizzarra 4.0","article_published_time":"2017-06-26T13:08:52+00:00","og_image":[{"width":200,"height":200,"url":"https:\/\/www.iebschool.com\/comunicacion-profesores\/wp-content\/uploads\/2017\/06\/gemma-segura-email-1-e1509352921999.jpg","type":"image\/jpeg"}],"author":"Marina Mancilla","twitter_card":"summary_large_image","twitter_misc":{"Written by":"Marina Mancilla","Est. reading time":"4 minutes"},"schema":{"@context":"https:\/\/schema.org","@graph":[{"@type":"WebPage","@id":"https:\/\/www.iebschool.com\/comunicacion-profesores\/profesor-del-mes-de-julio\/","url":"https:\/\/www.iebschool.com\/comunicacion-profesores\/profesor-del-mes-de-julio\/","name":"Profesor del mes de julio - La Pizzarra 4.0","isPartOf":{"@id":"https:\/\/www.iebschool.com\/comunicacion-profesores\/#website"},"datePublished":"2017-06-26T13:08:52+00:00","dateModified":"2017-06-26T13:08:52+00:00","author":{"@id":"https:\/\/www.iebschool.com\/comunicacion-profesores\/#\/schema\/person\/53f994c53baeaab8cbf102cdc2ba8f6e"},"description":"Se aproxima julio y estamos encantados de presentaros a una de nuestras profesoras m\u00e1s veteranas para nuestra secci\u00f3n del profesor del mes:\u00a0Gemma Segura","breadcrumb":{"@id":"https:\/\/www.iebschool.com\/comunicacion-profesores\/profesor-del-mes-de-julio\/#breadcrumb"},"inLanguage":"en-US","potentialAction":[{"@type":"ReadAction","target":["https:\/\/www.iebschool.com\/comunicacion-profesores\/profesor-del-mes-de-julio\/"]}]},{"@type":"BreadcrumbList","@id":"https:\/\/www.iebschool.com\/comunicacion-profesores\/profesor-del-mes-de-julio\/#breadcrumb","itemListElement":[{"@type":"ListItem","position":1,"name":"Portada","item":"https:\/\/www.iebschool.com\/comunicacion-profesores\/"},{"@type":"ListItem","position":2,"name":"Profesor del mes de julio"}]},{"@type":"WebSite","@id":"https:\/\/www.iebschool.com\/comunicacion-profesores\/#website","url":"https:\/\/www.iebschool.com\/comunicacion-profesores\/","name":"La Pizzarra 4.0","description":"Otro sitio realizado con WordPress","potentialAction":[{"@type":"SearchAction","target":{"@type":"EntryPoint","urlTemplate":"https:\/\/www.iebschool.com\/comunicacion-profesores\/?s={search_term_string}"},"query-input":"required name=search_term_string"}],"inLanguage":"en-US"},{"@type":"Person","@id":"https:\/\/www.iebschool.com\/comunicacion-profesores\/#\/schema\/person\/53f994c53baeaab8cbf102cdc2ba8f6e","name":"Marina Mancilla","image":{"@type":"ImageObject","inLanguage":"en-US","@id":"https:\/\/www.iebschool.com\/comunicacion-profesores\/#\/schema\/person\/image\/","url":"https:\/\/secure.gravatar.com\/avatar\/6f40edfbc825428791f26107d1e2861a78bbd6dd581d6c5d93fec0ed04cd7543?s=96&d=mm&r=g","contentUrl":"https:\/\/secure.gravatar.com\/avatar\/6f40edfbc825428791f26107d1e2861a78bbd6dd581d6c5d93fec0ed04cd7543?s=96&d=mm&r=g","caption":"Marina Mancilla"},"url":"https:\/\/www.iebschool.com\/comunicacion-profesores\/author\/contenidos5iebschool-com\/"}]}},"_links":{"self":[{"href":"https:\/\/www.iebschool.com\/comunicacion-profesores\/wp-json\/wp\/v2\/posts\/898","targetHints":{"allow":["GET"]}}],"collection":[{"href":"https:\/\/www.iebschool.com\/comunicacion-profesores\/wp-json\/wp\/v2\/posts"}],"about":[{"href":"https:\/\/www.iebschool.com\/comunicacion-profesores\/wp-json\/wp\/v2\/types\/post"}],"author":[{"embeddable":true,"href":"https:\/\/www.iebschool.com\/comunicacion-profesores\/wp-json\/wp\/v2\/users\/6"}],"replies":[{"embeddable":true,"href":"https:\/\/www.iebschool.com\/comunicacion-profesores\/wp-json\/wp\/v2\/comments?post=898"}],"version-history":[{"count":0,"href":"https:\/\/www.iebschool.com\/comunicacion-profesores\/wp-json\/wp\/v2\/posts\/898\/revisions"}],"wp:featuredmedia":[{"embeddable":true,"href":"https:\/\/www.iebschool.com\/comunicacion-profesores\/wp-json\/wp\/v2\/media\/904"}],"wp:attachment":[{"href":"https:\/\/www.iebschool.com\/comunicacion-profesores\/wp-json\/wp\/v2\/media?parent=898"}],"wp:term":[{"taxonomy":"category","embeddable":true,"href":"https:\/\/www.iebschool.com\/comunicacion-profesores\/wp-json\/wp\/v2\/categories?post=898"},{"taxonomy":"post_tag","embeddable":true,"href":"https:\/\/www.iebschool.com\/comunicacion-profesores\/wp-json\/wp\/v2\/tags?post=898"}],"curies":[{"name":"wp","href":"https:\/\/api.w.org\/{rel}","templated":true}]}}