{"id":962,"date":"2017-09-01T09:41:12","date_gmt":"2017-09-01T09:41:12","guid":{"rendered":"http:\/\/comunidad.iebschool.com\/comunicacion-profesores\/?p=962"},"modified":"2017-09-01T09:41:12","modified_gmt":"2017-09-01T09:41:12","slug":"962-2","status":"publish","type":"post","link":"https:\/\/www.iebschool.com\/comunicacion-profesores\/962-2\/","title":{"rendered":"Profesor del mes de septiembre"},"content":{"rendered":"<div><a href=\"https:\/\/www.iebschool.com\/comunicacion-profesores\/wp-content\/uploads\/2017\/09\/3-MdBPHv-1-e1509352619853.jpg\" rel=\"attachment wp-att-969\"><img loading=\"lazy\" decoding=\"async\" class=\"alignleft wp-image-969 \" src=\"http:\/\/www.iebschool.com\/comunicacion-profesores\/wp-content\/uploads\/2017\/09\/3-MdBPHv-1-150x150.jpg\" alt=\"3-MdBPHv (1)\" width=\"207\" height=\"207\" \/><\/a><\/div>\n<div>\n<p><span style=\"font-weight: 400\">Despu\u00e9s de un peque\u00f1o descanso, volvemos con nuestra menci\u00f3n al nuevo profesor del mes.<\/span><\/p>\n<p><span style=\"font-weight: 400\">Esta vez, tenemos el placer de presentaros a <span style=\"color: #0000ff\"><strong><a style=\"color: #0000ff\" href=\"http:\/\/www.iebschool.com\/profesores\/marce-castro\/\">Marce Castro<\/a><\/strong><\/span>, especialista digital con experiencia en equipos multidisciplinares y estrategias 360 y profesor en el <em>Master en Community Management: Empresa 2.0 y Redes Sociales<\/em>.<\/span><\/p>\n<p><span style=\"font-weight: 400\">Hemos nombrado a Marce como profesor del mes por destacar en la <strong>puntualidad<\/strong> con la que nos env\u00eda siempre los materiales. Desde el equipo acad\u00e9mico, \u00a1te lo agradecemos mucho!<\/span><\/p>\n<p><span style=\"font-weight: 400\">El truco de Marce no es nada m\u00e1s ni nada menos que una <strong>buena gesti\u00f3n de su tiempo y tareas<\/strong> con ayuda de herramientas de gesti\u00f3n de tareas. En concreto, utiliza Google Calendar para recordar cuando revisar y enviarnos las clases.<\/span><\/p>\n<p><span style=\"font-weight: 400\">A continuaci\u00f3n Marce nos ha respondido a algunas preguntas sobre su forma de gestionarse y las herramientas que utiliza. <strong>\u00a1No te lo pierdas!<\/strong><\/span><\/p>\n<hr style=\"color: #0056b2\" \/>\n<p style=\"padding-left: 30px\"><b>Utilizas Google Calendar para cumplir siempre los timings y poder hacer la revisi\u00f3n y actualizaci\u00f3n del temario a tiempo. \u00bfCon cu\u00e1nto tiempo de margen te pones las notificaciones? \u00bfC\u00f3mo te configuras Google Calendar para que no se te pasen las cosas?<\/b><\/p>\n<p style=\"padding-left: 30px\"><span style=\"font-weight: 400\">Suelo utilizar Google Calendar junto a otras herramientas de gesti\u00f3n de tareas. Pero GC es muy c\u00f3modo y r\u00e1pido desde el m\u00f3vil, as\u00ed que lo uso para anotar cosas en el momento f\u00e1cilmente, que puedo luego trasladar o no a mi gestor de tareas.<\/span><\/p>\n<p style=\"padding-left: 30px\"><span style=\"font-weight: 400\">Por ejemplo, imagina que leo en la calle un email donde me piden entregar algo dentro de 4 d\u00edas. Lo que hago es crear r\u00e1pidamente un evento en GC para que me avise en una hora en la que sepa que estar\u00e9 con acceso al ordenador y, as\u00ed, en ese momento, lo paso a mi gestor de tareas, o directamente gestiono lo que me piden y me lo quito del medio.<\/span><\/p>\n<p style=\"padding-left: 30px\"><span style=\"font-weight: 400\">Las notificaciones las pongo por defecto con aviso 30 minutos antes, 10 minutos antes y un d\u00eda antes. Puede parecer demasiado, pero lo hago as\u00ed porque por mi trabajo actual necesito que el d\u00eda de antes me salte un aviso con lo que tengo ma\u00f1ana, por si es una reuni\u00f3n fuera que requiera desplazamiento, preparar ropa, etc. Ya en el d\u00eda de trabajo me marco 30 minutos porque es el m\u00ednimo que necesitar\u00eda para moverme a otra sala o a alg\u00fan cliente cercano en taxi.<\/span><\/p>\n<p style=\"padding-left: 30px\"><span style=\"font-weight: 400\">Y el recordatorio de 10 minutos es por si se me va un poco la pinza&#8230;<\/span><\/p>\n<p style=\"padding-left: 30px\"><b>\u00bfHaces uso de Google Calendar en otros \u00e1mbitos? <\/b><\/p>\n<p style=\"padding-left: 30px\"><span style=\"font-weight: 400\">A nivel personal tambi\u00e9n. Prefiero guardar el espacio en mi mente para lo importante. As\u00ed que anoto cosas como &#8220;quedar con Pedro&#8221;, &#8220;revisar factura luz&#8221; o &#8220;dar de baja X servicio&#8221;.<\/span><\/p>\n<p style=\"padding-left: 30px\"><b>\u00bfQu\u00e9 otras herramientas para gestionar tu tiempo y tu trabajo utilizas para organizar y controlar tu trabajo?<\/b><\/p>\n<p style=\"padding-left: 30px\"><span style=\"font-weight: 400\">He usado muchas y diferentes metodolog\u00edas, pero la que me est\u00e1 funcionando mejor ahora es la <strong>metodolog\u00eda GTD (Get Things Done).<\/strong> La herramienta con la que la pongo en pr\u00e1ctica es <\/span><strong><span style=\"color: #0000ff\"><a style=\"color: #0000ff\" href=\"http:\/\/doit.im\/\">doit.im<\/a><\/span>.<\/strong><span style=\"font-weight: 400\"> Aparte de esto, uso mucho las hojas de c\u00e1lculo de Google, que complementan bien esta metodolog\u00eda.<\/span><\/p>\n<p style=\"padding-left: 30px\"><b>\u00bfSiempre has trabajado con este tipo de herramientas de gesti\u00f3n? \u00bfQu\u00e9 beneficios te aportan en tu vida laboral?<\/b><\/p>\n<p style=\"padding-left: 30px\"><span style=\"font-weight: 400\">Casi siempre he trabajado con este tipo de herramientas. En mis inicios profesionales no las conoc\u00eda, as\u00ed que usaba el l\u00e1piz y papel, que a\u00fan sigue funcionando&#8230; Pero seg\u00fan avanzas te das cuenta de que <strong>puedes optimizar tu tiempo para trabajar mejor y m\u00e1s r\u00e1pido<\/strong>.<\/span><\/p>\n<p style=\"padding-left: 30px\"><span style=\"font-weight: 400\">Como siempre digo, no me importa perder un d\u00eda de trabajo para aprender a usar una herramienta que me va a ayudar a ahorrar 10 minutos cada d\u00eda en mis futuras jornadas laborales.<\/span><\/p>\n<p style=\"padding-left: 30px\"><span style=\"font-weight: 400\">Esto me ayuda a ser m\u00e1s organizado y estructurado. Adem\u00e1s,<strong> reduce el estr\u00e9s<\/strong>, porque sabes que tienes todo anotado y que las alertas har\u00e1n que tu mente no tenga porque recordar &#8220;lanzar esas alertas&#8221;. En mi caso, esas alertas mentales sol\u00edan aparecer mientras dorm\u00eda, as\u00ed que ahora duermo mejor.<\/span><\/p>\n<hr style=\"color: #0056b2\" \/>\n<p><span style=\"font-weight: 400\">Seguro que, al igual que Marce, muchos de vosotros utiliz\u00e1is algunos trucos para organizaros y evitar \u201cque se os vaya la pinza\u201d. Por ejemplo, nosotros organizamos los trabajos de equipo a trav\u00e9s de <\/span><b>Trello<\/b><span style=\"font-weight: 400\"> y el correo electr\u00f3nico con <\/span><b>Sortd<\/b><span style=\"font-weight: 400\">.<\/span><\/p>\n<p><span style=\"font-weight: 400\">\u00bfY vosotros c\u00f3mo os organiz\u00e1is?<\/span><\/p>\n<\/div>\n","protected":false},"excerpt":{"rendered":"<p>Despu\u00e9s de un peque\u00f1o descanso, volvemos con nuestra menci\u00f3n al nuevo profesor del mes. Esta vez, tenemos el placer de presentaros a Marce Castro, especialista&hellip;<\/p>\n","protected":false},"author":6,"featured_media":969,"comment_status":"open","ping_status":"open","sticky":false,"template":"","format":"standard","meta":{"footnotes":""},"categories":[3,24,25],"tags":[7],"class_list":["post-962","post","type-post","status-publish","format-standard","has-post-thumbnail","hentry","category-general","category-nuestros-profesores","category-profesor-del-mes","tag-profesor-del-mes"],"yoast_head":"<!-- This site is optimized with the Yoast SEO plugin v19.10 - https:\/\/yoast.com\/wordpress\/plugins\/seo\/ -->\n<title>Profesor del mes de septiembre - La Pizzarra 4.0<\/title>\n<meta name=\"description\" content=\"Marce Castro,\u00a0especialista digital\u00a0con experiencia en equipos multidisciplinares y estrategias 360\u00a0,\u00a0como profesor del mes de septiembre\" \/>\n<meta name=\"robots\" content=\"index, follow, max-snippet:-1, max-image-preview:large, max-video-preview:-1\" \/>\n<link rel=\"canonical\" href=\"https:\/\/www.iebschool.com\/comunicacion-profesores\/962-2\/\" \/>\n<meta property=\"og:locale\" content=\"en_US\" \/>\n<meta property=\"og:type\" content=\"article\" \/>\n<meta property=\"og:title\" content=\"Profesor del mes de septiembre - La Pizzarra 4.0\" \/>\n<meta property=\"og:description\" content=\"Marce Castro,\u00a0especialista digital\u00a0con experiencia en equipos multidisciplinares y estrategias 360\u00a0,\u00a0como profesor del mes de septiembre\" \/>\n<meta property=\"og:url\" content=\"https:\/\/www.iebschool.com\/comunicacion-profesores\/962-2\/\" \/>\n<meta property=\"og:site_name\" content=\"La Pizzarra 4.0\" \/>\n<meta property=\"article:published_time\" content=\"2017-09-01T09:41:12+00:00\" \/>\n<meta property=\"og:image\" content=\"https:\/\/www.iebschool.com\/comunicacion-profesores\/wp-content\/uploads\/2017\/09\/3-MdBPHv-1-e1509352619853.jpg\" \/>\n\t<meta property=\"og:image:width\" content=\"200\" \/>\n\t<meta property=\"og:image:height\" content=\"200\" \/>\n\t<meta property=\"og:image:type\" content=\"image\/jpeg\" \/>\n<meta name=\"author\" content=\"Marina Mancilla\" \/>\n<meta name=\"twitter:card\" content=\"summary_large_image\" \/>\n<meta name=\"twitter:label1\" content=\"Written by\" \/>\n\t<meta name=\"twitter:data1\" content=\"Marina Mancilla\" \/>\n\t<meta name=\"twitter:label2\" content=\"Est. reading time\" \/>\n\t<meta name=\"twitter:data2\" content=\"4 minutes\" \/>\n<script type=\"application\/ld+json\" class=\"yoast-schema-graph\">{\"@context\":\"https:\/\/schema.org\",\"@graph\":[{\"@type\":\"WebPage\",\"@id\":\"https:\/\/www.iebschool.com\/comunicacion-profesores\/962-2\/\",\"url\":\"https:\/\/www.iebschool.com\/comunicacion-profesores\/962-2\/\",\"name\":\"Profesor del mes de septiembre - La Pizzarra 4.0\",\"isPartOf\":{\"@id\":\"https:\/\/www.iebschool.com\/comunicacion-profesores\/#website\"},\"datePublished\":\"2017-09-01T09:41:12+00:00\",\"dateModified\":\"2017-09-01T09:41:12+00:00\",\"author\":{\"@id\":\"https:\/\/www.iebschool.com\/comunicacion-profesores\/#\/schema\/person\/53f994c53baeaab8cbf102cdc2ba8f6e\"},\"description\":\"Marce Castro,\u00a0especialista digital\u00a0con experiencia en equipos multidisciplinares y estrategias 360\u00a0,\u00a0como profesor del mes de septiembre\",\"breadcrumb\":{\"@id\":\"https:\/\/www.iebschool.com\/comunicacion-profesores\/962-2\/#breadcrumb\"},\"inLanguage\":\"en-US\",\"potentialAction\":[{\"@type\":\"ReadAction\",\"target\":[\"https:\/\/www.iebschool.com\/comunicacion-profesores\/962-2\/\"]}]},{\"@type\":\"BreadcrumbList\",\"@id\":\"https:\/\/www.iebschool.com\/comunicacion-profesores\/962-2\/#breadcrumb\",\"itemListElement\":[{\"@type\":\"ListItem\",\"position\":1,\"name\":\"Portada\",\"item\":\"https:\/\/www.iebschool.com\/comunicacion-profesores\/\"},{\"@type\":\"ListItem\",\"position\":2,\"name\":\"Profesor del mes de septiembre\"}]},{\"@type\":\"WebSite\",\"@id\":\"https:\/\/www.iebschool.com\/comunicacion-profesores\/#website\",\"url\":\"https:\/\/www.iebschool.com\/comunicacion-profesores\/\",\"name\":\"La Pizzarra 4.0\",\"description\":\"Otro sitio realizado con WordPress\",\"potentialAction\":[{\"@type\":\"SearchAction\",\"target\":{\"@type\":\"EntryPoint\",\"urlTemplate\":\"https:\/\/www.iebschool.com\/comunicacion-profesores\/?s={search_term_string}\"},\"query-input\":\"required name=search_term_string\"}],\"inLanguage\":\"en-US\"},{\"@type\":\"Person\",\"@id\":\"https:\/\/www.iebschool.com\/comunicacion-profesores\/#\/schema\/person\/53f994c53baeaab8cbf102cdc2ba8f6e\",\"name\":\"Marina Mancilla\",\"image\":{\"@type\":\"ImageObject\",\"inLanguage\":\"en-US\",\"@id\":\"https:\/\/www.iebschool.com\/comunicacion-profesores\/#\/schema\/person\/image\/\",\"url\":\"https:\/\/secure.gravatar.com\/avatar\/6f40edfbc825428791f26107d1e2861a78bbd6dd581d6c5d93fec0ed04cd7543?s=96&d=mm&r=g\",\"contentUrl\":\"https:\/\/secure.gravatar.com\/avatar\/6f40edfbc825428791f26107d1e2861a78bbd6dd581d6c5d93fec0ed04cd7543?s=96&d=mm&r=g\",\"caption\":\"Marina Mancilla\"},\"url\":\"https:\/\/www.iebschool.com\/comunicacion-profesores\/author\/contenidos5iebschool-com\/\"}]}<\/script>\n<!-- \/ Yoast SEO plugin. -->","yoast_head_json":{"title":"Profesor del mes de septiembre - La Pizzarra 4.0","description":"Marce Castro,\u00a0especialista digital\u00a0con experiencia en equipos multidisciplinares y estrategias 360\u00a0,\u00a0como profesor del mes de septiembre","robots":{"index":"index","follow":"follow","max-snippet":"max-snippet:-1","max-image-preview":"max-image-preview:large","max-video-preview":"max-video-preview:-1"},"canonical":"https:\/\/www.iebschool.com\/comunicacion-profesores\/962-2\/","og_locale":"en_US","og_type":"article","og_title":"Profesor del mes de septiembre - La Pizzarra 4.0","og_description":"Marce Castro,\u00a0especialista digital\u00a0con experiencia en equipos multidisciplinares y estrategias 360\u00a0,\u00a0como profesor del mes de septiembre","og_url":"https:\/\/www.iebschool.com\/comunicacion-profesores\/962-2\/","og_site_name":"La Pizzarra 4.0","article_published_time":"2017-09-01T09:41:12+00:00","og_image":[{"width":200,"height":200,"url":"https:\/\/www.iebschool.com\/comunicacion-profesores\/wp-content\/uploads\/2017\/09\/3-MdBPHv-1-e1509352619853.jpg","type":"image\/jpeg"}],"author":"Marina Mancilla","twitter_card":"summary_large_image","twitter_misc":{"Written by":"Marina Mancilla","Est. reading time":"4 minutes"},"schema":{"@context":"https:\/\/schema.org","@graph":[{"@type":"WebPage","@id":"https:\/\/www.iebschool.com\/comunicacion-profesores\/962-2\/","url":"https:\/\/www.iebschool.com\/comunicacion-profesores\/962-2\/","name":"Profesor del mes de septiembre - La Pizzarra 4.0","isPartOf":{"@id":"https:\/\/www.iebschool.com\/comunicacion-profesores\/#website"},"datePublished":"2017-09-01T09:41:12+00:00","dateModified":"2017-09-01T09:41:12+00:00","author":{"@id":"https:\/\/www.iebschool.com\/comunicacion-profesores\/#\/schema\/person\/53f994c53baeaab8cbf102cdc2ba8f6e"},"description":"Marce Castro,\u00a0especialista digital\u00a0con experiencia en equipos multidisciplinares y estrategias 360\u00a0,\u00a0como profesor del mes de septiembre","breadcrumb":{"@id":"https:\/\/www.iebschool.com\/comunicacion-profesores\/962-2\/#breadcrumb"},"inLanguage":"en-US","potentialAction":[{"@type":"ReadAction","target":["https:\/\/www.iebschool.com\/comunicacion-profesores\/962-2\/"]}]},{"@type":"BreadcrumbList","@id":"https:\/\/www.iebschool.com\/comunicacion-profesores\/962-2\/#breadcrumb","itemListElement":[{"@type":"ListItem","position":1,"name":"Portada","item":"https:\/\/www.iebschool.com\/comunicacion-profesores\/"},{"@type":"ListItem","position":2,"name":"Profesor del mes de septiembre"}]},{"@type":"WebSite","@id":"https:\/\/www.iebschool.com\/comunicacion-profesores\/#website","url":"https:\/\/www.iebschool.com\/comunicacion-profesores\/","name":"La Pizzarra 4.0","description":"Otro sitio realizado con WordPress","potentialAction":[{"@type":"SearchAction","target":{"@type":"EntryPoint","urlTemplate":"https:\/\/www.iebschool.com\/comunicacion-profesores\/?s={search_term_string}"},"query-input":"required name=search_term_string"}],"inLanguage":"en-US"},{"@type":"Person","@id":"https:\/\/www.iebschool.com\/comunicacion-profesores\/#\/schema\/person\/53f994c53baeaab8cbf102cdc2ba8f6e","name":"Marina Mancilla","image":{"@type":"ImageObject","inLanguage":"en-US","@id":"https:\/\/www.iebschool.com\/comunicacion-profesores\/#\/schema\/person\/image\/","url":"https:\/\/secure.gravatar.com\/avatar\/6f40edfbc825428791f26107d1e2861a78bbd6dd581d6c5d93fec0ed04cd7543?s=96&d=mm&r=g","contentUrl":"https:\/\/secure.gravatar.com\/avatar\/6f40edfbc825428791f26107d1e2861a78bbd6dd581d6c5d93fec0ed04cd7543?s=96&d=mm&r=g","caption":"Marina Mancilla"},"url":"https:\/\/www.iebschool.com\/comunicacion-profesores\/author\/contenidos5iebschool-com\/"}]}},"_links":{"self":[{"href":"https:\/\/www.iebschool.com\/comunicacion-profesores\/wp-json\/wp\/v2\/posts\/962","targetHints":{"allow":["GET"]}}],"collection":[{"href":"https:\/\/www.iebschool.com\/comunicacion-profesores\/wp-json\/wp\/v2\/posts"}],"about":[{"href":"https:\/\/www.iebschool.com\/comunicacion-profesores\/wp-json\/wp\/v2\/types\/post"}],"author":[{"embeddable":true,"href":"https:\/\/www.iebschool.com\/comunicacion-profesores\/wp-json\/wp\/v2\/users\/6"}],"replies":[{"embeddable":true,"href":"https:\/\/www.iebschool.com\/comunicacion-profesores\/wp-json\/wp\/v2\/comments?post=962"}],"version-history":[{"count":0,"href":"https:\/\/www.iebschool.com\/comunicacion-profesores\/wp-json\/wp\/v2\/posts\/962\/revisions"}],"wp:featuredmedia":[{"embeddable":true,"href":"https:\/\/www.iebschool.com\/comunicacion-profesores\/wp-json\/wp\/v2\/media\/969"}],"wp:attachment":[{"href":"https:\/\/www.iebschool.com\/comunicacion-profesores\/wp-json\/wp\/v2\/media?parent=962"}],"wp:term":[{"taxonomy":"category","embeddable":true,"href":"https:\/\/www.iebschool.com\/comunicacion-profesores\/wp-json\/wp\/v2\/categories?post=962"},{"taxonomy":"post_tag","embeddable":true,"href":"https:\/\/www.iebschool.com\/comunicacion-profesores\/wp-json\/wp\/v2\/tags?post=962"}],"curies":[{"name":"wp","href":"https:\/\/api.w.org\/{rel}","templated":true}]}}