{"id":1317,"date":"2013-01-29T12:04:03","date_gmt":"2013-01-29T10:04:03","guid":{"rendered":"http:\/\/comunidad.iebschool.com\/saladeprensa\/?p=1317"},"modified":"2013-01-29T12:04:03","modified_gmt":"2013-01-29T10:04:03","slug":"analista-web-big-data-reclamo-corto-plazo-empresas-online","status":"publish","type":"post","link":"https:\/\/www.iebschool.com\/saladeprensa\/2013\/01\/29\/analista-web-big-data-reclamo-corto-plazo-empresas-online\/","title":{"rendered":"Los analistas web y el \u201cBig Data\u201d, reclamos a corto plazo para las empresas online"},"content":{"rendered":"<table cellspacing=\"0\" cellpadding=\"0\">\n<tbody>\n<tr>\n<td><img src=\"http:\/\/static.iebschool.com\/11\/mailing_generico\/v3\/img\/logo_azul.png\" alt=\"\" width=\"212\" height=\"67\" \/><\/td>\n<\/tr>\n<tr>\n<td>\n<p style=\"margin-bottom: 0.5cm; font-style: normal; text-decoration: none; text-align: left;\"><span style=\"color: #000000;\"><span style=\"font-family: Arial,sans-serif;\"><span style=\"font-size: medium;\"><strong>Los analistas web y el \u201cBig Data\u201d, reclamos a corto plazo para las empresas online<\/strong><\/span><\/span><\/span><\/p>\n<p style=\"margin-bottom: 0cm;\"><em>Barcelona, 22 de enero de 2013.<\/em> \u00bfQui\u00e9nes visitan la p\u00e1gina web de un negocio diariamente? \u00bfQu\u00e9 caracter\u00edsticas tienen los lectores del blog? \u00bfC\u00f3mo interpretar la ingente cantidad de datos \u201cBig Data\u201d que recibe una compa\u00f1\u00eda online? \u00c9stas son algunas de las preguntas que las empresas se formulan para dibujar el retrato robot de sus clientes potenciales y mejorar sus productos y servicios. La figura encargada de dar respuesta es el <strong>analista web<\/strong>, una de las profesiones digitales con mayor proyecci\u00f3n.<\/p>\n<p style=\"margin-bottom: 0cm;\">La demanda de profesionales especializados en IT sigue creciendo en Espa\u00f1a como consecuencia de la <strong>proliferaci\u00f3n del e-commerce y del salto a la red de las empresas<\/strong>. De hecho, atendiendo a diversos informes publicados por las consultoras Adecco y Randstad, el analista web ser\u00e1 <strong>uno de los empleos m\u00e1s solicitados durante 2013.<\/strong><\/p>\n<p style=\"margin-bottom: 0cm;\">El analista web es un <strong>profesional experto en Inteligencia de Negocio<\/strong>, capaz de controlar medir y generar conocimiento a trav\u00e9s de todos los datos que llegan a una p\u00e1gina web, conocido como \u201cBig Data\u201d. Es el responsable de <strong>interpretar y analizar los datos que se reciben en un negocio online<\/strong> para mejorar los resultados desde un punto de vista de <strong>Conversi\u00f3n, Campa\u00f1as, Contenidos, Clientes y Competencia.<\/strong><\/p>\n<p style=\"margin-bottom: 0cm;\">La demanda de estos profesionales especializados se ha reflejado en el \u00e9xito de los programas formativos centrados en esta \u00e1rea que imparte la escuela de negocios IEBS. Programas como el<a href=\"http:\/\/www.iebschool.com\/programas\/master-marketing-digital-captacion-conversion-analitica-web\/\"> Master en Marketing Digital: Captaci\u00f3n, Conversi\u00f3n y Anal\u00edtica Web<\/a>, lanzado hace s\u00f3lo unos meses, han contando con el respaldo de los alumnos y han hecho evidente la necesidad de nuevos programas m\u00e1s espec\u00edficos. De ah\u00ed que, en su VI convocatoria, la escuela haya incluido en su oferta acad\u00e9mica<strong> dos nuevos masters en torno a la anal\u00edtica web.<\/strong><\/p>\n<p style=\"margin-bottom: 0cm;\">Por una parte, el<a href=\"http:\/\/www.iebschool.com\/programas\/master-web-analytics-marketing-Online\/\"> Master en Web Analytics y Marketing Online<\/a>, un programa avanzado centrado en las principales t\u00e9cnicas de an\u00e1lisis. Por otro lado, IEBS ha unificado dos de sus postgrados estrellas en el<a href=\"http:\/\/www.iebschool.com\/programas\/master-analitica-web-usabilidad-experiencia-usuario-ux\/\"> Master en Anal\u00edtica Web, Usabilidad y Experiencia de Usuario (UX)<\/a>, destinado a dise\u00f1adores, webmasters y analistas que quieran convertir las visitas de una web o app en experiencias positivas de usuario.<\/p>\n<p style=\"margin-bottom: 0cm;\">La formaci\u00f3n, junto con la experiencia, se convierte as\u00ed en un valor a\u00f1adido para quienes quieren optar a un puesto de analista web. Una <strong>oportunidad laboral<\/strong> para los interesados en especializarse en el sector IT, que cuenta con dos importantes bazas: demanda y sueldo, aproximadamente unos 45.000 \u20ac\/anuales.<\/p>\n<strong>Sobre IEBS<\/strong>\n<p style=\"margin-bottom: 0cm;\">IEBS, la escuela de negocios de la innovaci\u00f3n y los emprendedores, nace en el a\u00f1o 2010 con el objetivo de aportar<strong> una alternativa real al modelo de ense\u00f1anza tradicional <\/strong>con el que <strong>formar personas m\u00e1s responsables<\/strong>, que dirijan proyectos con un <strong>Esp\u00edritu Emprendedor desde la Innovaci\u00f3n, la \u00c9tica y la Sostenibilidad<span style=\"font-family: Arial,sans-serif;\">.<\/span><\/strong><\/p>\n<\/td>\n<\/tr>\n<\/tbody>\n<\/table>\n<table cellspacing=\"0\" cellpadding=\"0\" width=\"550\">\n<tbody>\n<tr>\n<td height=\"7\"><\/td>\n<\/tr>\n<tr>\n<td>\n<table cellspacing=\"0\" cellpadding=\"0\" width=\"100%\" bgcolor=\"#67BEE7\">\n<tbody>\n<tr>\n<td height=\"5\"><\/td>\n<\/tr>\n<\/tbody>\n<\/table>\n<\/td>\n<\/tr>\n<tr>\n<td height=\"15\"><\/td>\n<\/tr>\n<tr>\n<td>\n<table cellspacing=\"0\" cellpadding=\"0\">\n<tbody>\n<tr>\n<td width=\"50%\"><strong>Christian Pastrana<\/strong><\/td>\n<td width=\"50%\"><strong>\n<\/strong><\/td>\n<\/tr>\n<\/tbody>\n<\/table>\n<\/td>\n<\/tr>\n<tr>\n<td height=\"10\"><strong>Encu\u00e9ntrame en:<\/strong><\/td>\n<\/tr>\n<tr>\n<td>\n<table cellspacing=\"0\" cellpadding=\"0\" width=\"100%\">\n<tbody>\n<tr>\n<td width=\"50%\">\n<table cellspacing=\"0\" cellpadding=\"0\">\n<tbody>\n<tr>\n<td width=\"10\" height=\"14\">email<\/td>\n<td width=\"15\">\u00b7<\/td>\n<td><a href=\"mailto:eva@iebschool.com\">christian@iebschool.com<\/a><\/td>\n<\/tr>\n<tr>\n<td width=\"10\" height=\"14\">tlf<\/td>\n<td width=\"15\">\u00b7<\/td>\n<td>+34 93 1833 199<\/td>\n<\/tr>\n<tr>\n<td width=\"10\" height=\"14\">web<\/td>\n<td width=\"15\">\u00b7<\/td>\n<td><a href=\"http:\/\/www.iebschool.com\/\">www.iebschool.com<\/a><\/td>\n<\/tr>\n<\/tbody>\n<\/table>\n<\/td>\n<td width=\"50%\" align=\"right\" valign=\"top\">\n<table cellspacing=\"0\" cellpadding=\"0\">\n<tbody>\n<tr>\n<td width=\"3\" height=\"26\"><a href=\"http:\/\/www.youtube.com\/user\/Iebschool\"><img src=\"http:\/\/comunidad.iebschool.com\/saladeprensa\/2012\/09\/12\/files\/2011\/06\/logo-youtube-150x150.jpg\" border=\"0\" alt=\"\" width=\"26\" height=\"26\" \/><\/a><\/td>\n<td width=\"26\" height=\"26\"><a href=\"http:\/\/es.linkedin.com\/in\/iebschool\"><img src=\"http:\/\/static.iebschool.com\/11\/mailing_generico\/v3\/img\/linkedin.png\" border=\"0\" alt=\"\" width=\"26\" height=\"26\" \/><\/a><\/td>\n<td width=\"3\" height=\"26\"><\/td>\n<td width=\"26\" height=\"26\"><a href=\"http:\/\/www.facebook.com\/iebschool\"><img src=\"http:\/\/static.iebschool.com\/11\/mailing_generico\/v3\/img\/facebook.png\" border=\"0\" alt=\"\" \/><\/a><\/td>\n<td width=\"3\" height=\"26\"><\/td>\n<td width=\"26\" height=\"26\"><a href=\"http:\/\/twitter.com\/iebschool\"><img src=\"http:\/\/static.iebschool.com\/11\/mailing_generico\/v3\/img\/twitter.png\" border=\"0\" alt=\"\" \/><\/a><\/td>\n<\/tr>\n<\/tbody>\n<\/table>\n<\/td>\n<\/tr>\n<\/tbody>\n<\/table>\n<\/td>\n<\/tr>\n<\/tbody>\n<\/table>\n<div id=\"_mcePaste\" style=\"position: absolute; left: -10000px; top: 0px; width: 1px; height: 1px; overflow: hidden;\">\n<p style=\"margin-bottom: 0cm; font-style: normal; text-decoration: none;\"><span style=\"color: #000000;\"><span style=\"font-family: Verdana,sans-serif;\"><span style=\"font-size: medium;\"><strong>El emprendimiento y los perfiles 2.0 marcan la V Convocatoria de IEBS y el cierre del a\u00f1o acad\u00e9mico<\/strong><\/span><\/span><\/span><\/p>\n\n<ul>\n\t<li>\n<p style=\"margin-bottom: 0cm; background: transparent; font-weight: normal; text-decoration: none;\"><span style=\"color: #000000;\"><span style=\"font-size: small;\"><em>El \t\u00e9xito del seminario online 'Emprender con m\u00e1s de 40 en Internet' \tlo convierte en uno de los programas estrellas de este a\u00f1o.<\/em><\/span><\/span><\/p>\n<\/li>\n\t<li>\n<p style=\"margin-bottom: 0cm; background: transparent; font-weight: normal; text-decoration: none;\"><span style=\"color: #000000;\"><span style=\"font-size: small;\"><em>El \tproyecto Open IEBS, presentado a primeros de a\u00f1o se consolida como \tla primera plataforma de open learning de habla hispana.<\/em><\/span><\/span><\/p>\n<\/li>\n\t<li>\n<p style=\"margin-bottom: 0cm; background: transparent; font-weight: normal; text-decoration: none;\"><span style=\"color: #000000;\"><span style=\"font-size: small;\"><em>La \tescuela de negocios reafirma su liderazgo en la formaci\u00f3n online \tcerrando el a\u00f1o con 3.817 alumnos.<\/em><\/span><\/span><\/p>\n<\/li>\n<\/ul>\n<p style=\"margin-bottom: 0cm;\"><span style=\"color: #000000;\"><span style=\"text-decoration: none;\"><span style=\"font-size: x-small;\"><span style=\"font-style: normal;\"><span style=\"font-weight: normal;\">Los profesionales son conscientes de la importancia de reciclarse y aprender nuevas t\u00e9cnicas para adaptarse a las necesidades del mercado. \u00c9sta es una de las claves del \u00e9xito de la <\/span><\/span><\/span><\/span><\/span><span style=\"color: #000000;\"><span style=\"text-decoration: none;\"><span style=\"font-size: x-small;\"><span style=\"font-style: normal;\"><strong>V Convocatoria de Masters y Postgrados de la escuela de negocios IEBS<\/strong><\/span><\/span><\/span><\/span><span style=\"color: #000000;\"><span style=\"text-decoration: none;\"><span style=\"font-size: x-small;\"><span style=\"font-style: normal;\"><span style=\"font-weight: normal;\">, con la que se alcanzan los <\/span><\/span><\/span><\/span><\/span><span style=\"color: #000000;\"><span style=\"text-decoration: none;\"><span style=\"font-size: x-small;\"><span style=\"font-style: normal;\"><strong>3.817 alumnos<\/strong><\/span><\/span><\/span><\/span><span style=\"color: #000000;\"><span style=\"text-decoration: none;\"><span style=\"font-size: x-small;\"><span style=\"font-style: normal;\"><span style=\"font-weight: normal;\">. La nueva edici\u00f3n est\u00e1 marcada por el creciente inter\u00e9s por formarse en las profesiones que giran alrededor del entorno 2.0 y por las ganas de emprender en tiempos de crisis.<\/span><\/span><\/span><\/span><\/span><\/p>\n<p style=\"margin-bottom: 0cm;\"><span style=\"color: #000000;\"><span style=\"text-decoration: none;\"><span style=\"font-size: x-small;\"><span style=\"font-style: normal;\"><span style=\"font-weight: normal;\">Ante las dificultades por encontrar un puesto de trabajo, muchos son los que deciden <\/span><\/span><\/span><\/span><\/span><span style=\"color: #000000;\"><span style=\"text-decoration: none;\"><span style=\"font-size: x-small;\"><span style=\"font-style: normal;\"><strong>buscar alternativas como el emprendimiento o la b\u00fasqueda activa de trabajo<\/strong><\/span><\/span><\/span><\/span><span style=\"color: #000000;\"><span style=\"text-decoration: none;\"><span style=\"font-size: x-small;\"><span style=\"font-style: normal;\"><span style=\"font-weight: normal;\">. Profesionales que han decidido ir en busca del empleo en vez de esperarlo y reci\u00e9n licenciados son los perfiles que m\u00e1s han destacado en esta nueva convocatoria en el <\/span><\/span><\/span><\/span><\/span><span style=\"color: #000000;\"><span style=\"text-decoration: none;\"><span style=\"font-size: x-small;\"><span style=\"font-style: normal;\"><strong>Master en Direcci\u00f3n de Empresas para Emprendedores<\/strong><\/span><\/span><\/span><\/span><span style=\"color: #000000;\"><span style=\"text-decoration: none;\"><span style=\"font-family: Verdana,sans-serif;\"><span style=\"font-size: x-small;\"><span style=\"font-style: normal;\"><span style=\"font-weight: normal;\">. El programa ha sido <\/span><\/span><\/span><\/span><\/span><\/span><span style=\"color: #000000;\"><span style=\"text-decoration: none;\"><span style=\"font-size: x-small;\"><span style=\"font-style: normal;\"><span style=\"font-weight: normal;\"> nuevamente uno de los programas m\u00e1s demandados tras haber conseguido cubrir todas sus plazas.<\/span><\/span><\/span><\/span><\/span><\/p>\n<p style=\"margin-bottom: 0cm;\"><span style=\"color: #000000;\"><span style=\"text-decoration: none;\"><span style=\"font-size: x-small;\"><span style=\"font-style: normal;\"><span style=\"font-weight: normal;\">Una muestra del inter\u00e9s por montar un negocio propio ha quedado patente en el \u00e9xito del curso <\/span><\/span><\/span><\/span><\/span><span style=\"color: #000080;\"><span lang=\"zxx\"><span style=\"text-decoration: underline;\"><a href=\"http:\/\/www.iebschool.com\/programas\/taller-emprender-40-internet\/\"><span style=\"font-family: Verdana,sans-serif;\"><span style=\"font-size: x-small;\"><span style=\"font-style: normal;\"><strong><span style=\"background: transparent;\">'Emprender con m\u00e1s de 40 en Internet'<\/span><\/strong><\/span><\/span><\/span><\/a><\/span><\/span><\/span><span style=\"color: #000000;\"><span style=\"text-decoration: none;\"><span style=\"font-size: x-small;\"><span style=\"font-style: normal;\"><span style=\"font-weight: normal;\">, que sirvi\u00f3 de punto de encuentro para m\u00e1s de 160 personas de todo el mundo que desarrollaron en equipo proyectos con un gran futuro. Ante tan buena acogida, la escuela de negocios repetir\u00e1 la experiencia con un <\/span><\/span><\/span><\/span><\/span><span style=\"color: #000000;\"><span style=\"text-decoration: none;\"><span style=\"font-size: x-small;\"><span style=\"font-style: normal;\"><strong>evento online de emprendimiento a nivel global<\/strong><\/span><\/span><\/span><\/span><span style=\"color: #000000;\"><span style=\"text-decoration: none;\"><span style=\"font-size: x-small;\"> <\/span><\/span><\/span><span style=\"color: #000000;\"><span style=\"text-decoration: none;\"><span style=\"font-size: x-small;\"><span style=\"font-style: normal;\"><span style=\"font-weight: normal;\">que presentar\u00e1 en breve.<\/span><\/span><\/span><\/span><\/span><\/p>\n<p style=\"margin-bottom: 0cm;\"><span style=\"color: #000000;\"><span style=\"text-decoration: none;\"><span style=\"font-size: x-small;\"><span style=\"font-style: normal;\"><span style=\"font-weight: normal;\">Asimismo, otra de las caracter\u00edsticas de esta quinta convocatoria es la demanda por parte de los alumnos de <\/span><\/span><\/span><\/span><\/span><span style=\"color: #000000;\"><span style=\"text-decoration: none;\"><span style=\"font-size: x-small;\"><span style=\"font-style: normal;\"><strong>programas relacionados con las nuevas tecnolog\u00edas<\/strong><\/span><\/span><\/span><\/span><span style=\"color: #000000;\"><span style=\"text-decoration: none;\"><span style=\"font-size: x-small;\"> <\/span><\/span><\/span><span style=\"color: #000000;\"><span style=\"text-decoration: none;\"><span style=\"font-size: x-small;\"><span style=\"font-style: normal;\"><span style=\"font-weight: normal;\">y la web 2.0. El auge del community manager de nuevo se ve reflejado en el n\u00famero de alumnos que llenan tanto el <\/span><\/span><\/span><\/span><\/span><span style=\"color: #000000;\"><span style=\"text-decoration: none;\"><span style=\"font-size: x-small;\"><span style=\"font-style: normal;\"><strong>Master en Empresa 2.0 y Community Management<\/strong><\/span><\/span><\/span><\/span><span style=\"color: #000000;\"><span style=\"text-decoration: none;\"><span style=\"font-size: x-small;\"> <\/span><\/span><\/span><span style=\"color: #000000;\"><span style=\"text-decoration: none;\"><span style=\"font-size: x-small;\"><span style=\"font-style: normal;\"><span style=\"font-weight: normal;\">como el <\/span><\/span><\/span><\/span><\/span><span style=\"color: #000000;\"><span style=\"text-decoration: none;\"><span style=\"font-size: x-small;\"><span style=\"font-style: normal;\"><strong>Postgrado en Marketing Digital y Community Management<\/strong><\/span><\/span><\/span><\/span><span style=\"color: #000000;\"><span style=\"text-decoration: none;\"><span style=\"font-size: x-small;\"><span style=\"font-style: normal;\"><span style=\"font-weight: normal;\">.<\/span><\/span><\/span><\/span><\/span><\/p>\n<p style=\"margin-bottom: 0cm;\"><span style=\"color: #000000;\"><span style=\"text-decoration: none;\"><span style=\"font-size: x-small;\"><span style=\"font-style: normal;\"><span style=\"font-weight: normal;\">Por esta misma raz\u00f3n, las nuevas propuestas formativas de IEBS para este a\u00f1o, los Postgrados en <\/span><\/span><\/span><\/span><\/span><span style=\"color: #000080;\"><span lang=\"zxx\"><span style=\"text-decoration: underline;\"><a href=\"http:\/\/www.iebschool.com\/programas\/postgrado-traffic-management-seo-sem-display-social-media\/\"><span style=\"font-family: Verdana,sans-serif;\"><span style=\"font-size: x-small;\"><span style=\"font-style: normal;\"><span style=\"font-weight: normal;\"><span style=\"background: transparent;\">Traffic Management<\/span><\/span><\/span><\/span><\/span><\/a><\/span><\/span><\/span><span style=\"color: #000000;\"><span style=\"text-decoration: none;\"><span style=\"font-size: x-small;\"><span style=\"font-style: normal;\"><span style=\"font-weight: normal;\">, <\/span><\/span><\/span><\/span><\/span><span style=\"color: #000080;\"><span lang=\"zxx\"><span style=\"text-decoration: underline;\"><a href=\"http:\/\/www.iebschool.com\/programas\/postgrado-analitica-web-tecnicas-analisis\/\"><span style=\"font-family: Verdana,sans-serif;\"><span style=\"font-size: x-small;\"><span style=\"font-style: normal;\"><span style=\"font-weight: normal;\"><span style=\"background: transparent;\">Web Analytics<\/span><\/span><\/span><\/span><\/span><\/a><\/span><\/span><\/span><span style=\"color: #000000;\"><span style=\"text-decoration: none;\"><span style=\"font-size: x-small;\"><span style=\"font-style: normal;\"><span style=\"font-weight: normal;\">, <\/span><\/span><\/span><\/span><\/span><span style=\"color: #000080;\"><span lang=\"zxx\"><span style=\"text-decoration: underline;\"><a href=\"http:\/\/www.iebschool.com\/programas\/postgrado-usabilidad-web-conversion-experiencia-usuario\/\"><span style=\"font-family: Verdana,sans-serif;\"><span style=\"font-size: x-small;\"><span style=\"font-style: normal;\"><span style=\"font-weight: normal;\"><span style=\"background: transparent;\">Usabilidad y Experiencia de Usuario<\/span><\/span><\/span><\/span><\/span><\/a><\/span><\/span><\/span><span style=\"color: #000000;\"><span style=\"text-decoration: none;\"><span style=\"font-size: x-small;\"> <\/span><\/span><\/span><span style=\"color: #000000;\"><span style=\"text-decoration: none;\"><span style=\"font-size: x-small;\"><span style=\"font-style: normal;\"><span style=\"font-weight: normal;\">y el <\/span><\/span><\/span><\/span><\/span><span style=\"color: #000080;\"><span lang=\"zxx\"><span style=\"text-decoration: underline;\"><a href=\"http:\/\/www.iebschool.com\/programas\/postgrado-direccion-desarrollo-proyectos-metodos-agiles\/\"><span style=\"font-family: Verdana,sans-serif;\"><span style=\"font-size: x-small;\"><span style=\"font-style: normal;\"><span style=\"font-weight: normal;\"><span style=\"background: transparent;\">Agile Project &amp; Product Management<\/span><\/span><\/span><\/span><\/span><\/a><\/span><\/span><\/span><span style=\"color: #000000;\"><span style=\"text-decoration: none;\"><span style=\"font-size: x-small;\"><span style=\"font-style: normal;\"><span style=\"font-weight: normal;\">, tambi\u00e9n han contado con el respaldo de los alumnos completando todas las plazas ofertadas en su primera convocatoria.<\/span><\/span><\/span><\/span><\/span><\/p>\n<p style=\"margin-bottom: 0cm;\"><span style=\"color: #000000;\"><span style=\"text-decoration: none;\"><span style=\"font-size: x-small;\"><span style=\"font-style: normal;\"><span style=\"font-weight: normal;\">Otra de las <\/span><\/span><\/span><\/span><\/span><span style=\"color: #000000;\"><span style=\"text-decoration: none;\"><span style=\"font-size: x-small;\"><span style=\"font-style: normal;\"><strong>tendencias es la formaci\u00f3n por competencias just in time<\/strong><\/span><\/span><\/span><\/span><span style=\"color: #000000;\"><span style=\"text-decoration: none;\"><span style=\"font-size: x-small;\"><span style=\"font-style: normal;\"><span style=\"font-weight: normal;\">, que consiste en adquirir los conocimientos que necesitas en tu trabajo en el mismo momento en el que surge la necesidad, a trav\u00e9s de cursos muy espec\u00edficos, de bajo coste y corta duraci\u00f3n. Gracias a la plataforma <\/span><\/span><\/span><\/span><\/span><span style=\"color: #000080;\"><span lang=\"zxx\"><span style=\"text-decoration: underline;\"><a href=\"http:\/\/open.iebschool.com\/\"><span style=\"font-family: Verdana,sans-serif;\"><span style=\"font-size: x-small;\"><span style=\"font-style: normal;\"><span style=\"font-weight: normal;\"><span style=\"background: transparent;\">Open IEBS<\/span><\/span><\/span><\/span><\/span><\/a><\/span><\/span><\/span><span style=\"color: #000000;\"><span style=\"text-decoration: none;\"><span style=\"font-size: x-small;\"><span style=\"font-style: normal;\"><span style=\"font-weight: normal;\">, presentada a primeros de a\u00f1o, cerca de 1.500 alumnos han podido probar gratuitamente los 362 cursos creados por 81 profesores. M\u00e1s de 235 cursos ya est\u00e1n disponibles para que puedan realizarse desde cualquier plataforma y en cualquier momento.<\/span><\/span><\/span><\/span><\/span><\/p>\n<p style=\"margin-bottom: 0cm;\"><span style=\"color: #000000;\"><span style=\"text-decoration: none;\"><span style=\"font-size: x-small;\"><span style=\"font-style: normal;\"><span style=\"font-weight: normal;\">Desde que naciese en 2010, IEBS se ha interesado por integrar en sus programas los nuevos conceptos que han ido surgido en el mundo de los negocios, teniendo como base de su formaci\u00f3n el esp\u00edritu emprendedor, la sostenibilidad, la innovaci\u00f3n y la \u00e9tica. Unos valores que transmite a sus alumnos y que la han convertido en la <\/span><\/span><\/span><\/span><\/span><span style=\"color: #000000;\"><span style=\"text-decoration: none;\"><span style=\"font-size: x-small;\"><span style=\"font-style: normal;\"><strong>primera escuela de negocios espa\u00f1ola \u00edntegramente online<\/strong><\/span><\/span><\/span><\/span><span style=\"color: #000000;\"><span style=\"text-decoration: none;\"><span style=\"font-size: x-small;\"><span style=\"font-style: normal;\"><span style=\"font-weight: normal;\">, seg\u00fan el ranking elaborado por Webometrics, Laboratorio de Cibermetr\u00eda del CSIC, adscrito al Ministerio de Ciencia y Tecnolog\u00eda.<\/span><\/span><\/span><\/span><\/span><\/p>\n\n<\/div>","protected":false},"excerpt":{"rendered":"","protected":false},"author":3,"featured_media":0,"comment_status":"open","ping_status":"open","sticky":false,"template":"","format":"standard","meta":{"footnotes":""},"categories":[8],"tags":[130,179],"class_list":["post-1317","post","type-post","status-publish","format-standard","hentry","category-notas-de-prensa","tag-iebs","tag-notas-de-prensa"],"yoast_head":"<!-- This site is optimized with the Yoast SEO Premium plugin v23.9 (Yoast SEO v24.6) - https:\/\/yoast.com\/wordpress\/plugins\/seo\/ -->\n<title>Los analistas web y el \u201cBig Data\u201d, reclamos a corto plazo para las empresas online - Sala de Prensa<\/title>\n<meta name=\"description\" content=\"Los analistas web y el \u201cBig Data\u201d, reclamos a corto plazo para las empresas online Barcelona, 22 de enero de 2013. \u00bfQui\u00e9nes visitan la p\u00e1gina web de un\" \/>\n<meta name=\"robots\" content=\"index, follow, max-snippet:-1, max-image-preview:large, max-video-preview:-1\" \/>\n<link rel=\"canonical\" href=\"https:\/\/www.iebschool.com\/saladeprensa\/2013\/01\/29\/analista-web-big-data-reclamo-corto-plazo-empresas-online\/\" \/>\n<meta property=\"og:locale\" content=\"es_ES\" \/>\n<meta property=\"og:type\" content=\"article\" \/>\n<meta property=\"og:title\" content=\"Los analistas web y el \u201cBig Data\u201d, reclamos a corto plazo para las empresas online\" \/>\n<meta property=\"og:description\" content=\"Los analistas web y el \u201cBig Data\u201d, reclamos a corto plazo para las empresas online Barcelona, 22 de enero de 2013. \u00bfQui\u00e9nes visitan la p\u00e1gina web de un\" \/>\n<meta property=\"og:url\" content=\"https:\/\/www.iebschool.com\/saladeprensa\/2013\/01\/29\/analista-web-big-data-reclamo-corto-plazo-empresas-online\/\" \/>\n<meta property=\"og:site_name\" content=\"Sala de Prensa\" \/>\n<meta property=\"article:published_time\" content=\"2013-01-29T10:04:03+00:00\" \/>\n<meta property=\"og:image\" content=\"http:\/\/static.iebschool.com\/11\/mailing_generico\/v3\/img\/logo_azul.png\" \/>\n<meta name=\"author\" content=\"Christian Pastrana\" \/>\n<meta name=\"twitter:card\" content=\"summary_large_image\" \/>\n<meta name=\"twitter:label1\" content=\"Escrito por\" \/>\n\t<meta name=\"twitter:data1\" content=\"Christian Pastrana\" \/>\n\t<meta name=\"twitter:label2\" content=\"Tiempo de lectura\" \/>\n\t<meta name=\"twitter:data2\" content=\"6 minutos\" \/>\n<script type=\"application\/ld+json\" class=\"yoast-schema-graph\">{\"@context\":\"https:\/\/schema.org\",\"@graph\":[{\"@type\":\"Article\",\"@id\":\"https:\/\/www.iebschool.com\/saladeprensa\/2013\/01\/29\/analista-web-big-data-reclamo-corto-plazo-empresas-online\/#article\",\"isPartOf\":{\"@id\":\"https:\/\/www.iebschool.com\/saladeprensa\/2013\/01\/29\/analista-web-big-data-reclamo-corto-plazo-empresas-online\/\"},\"author\":{\"name\":\"Christian Pastrana\",\"@id\":\"https:\/\/www.iebschool.com\/saladeprensa\/#\/schema\/person\/0d505c2f871ebcb26069fe93bad7f9a9\"},\"headline\":\"Los analistas web y el \u201cBig Data\u201d, reclamos a corto plazo para las empresas online\",\"datePublished\":\"2013-01-29T10:04:03+00:00\",\"mainEntityOfPage\":{\"@id\":\"https:\/\/www.iebschool.com\/saladeprensa\/2013\/01\/29\/analista-web-big-data-reclamo-corto-plazo-empresas-online\/\"},\"wordCount\":1141,\"commentCount\":0,\"publisher\":{\"@id\":\"https:\/\/www.iebschool.com\/saladeprensa\/#organization\"},\"image\":{\"@id\":\"https:\/\/www.iebschool.com\/saladeprensa\/2013\/01\/29\/analista-web-big-data-reclamo-corto-plazo-empresas-online\/#primaryimage\"},\"thumbnailUrl\":\"http:\/\/static.iebschool.com\/11\/mailing_generico\/v3\/img\/logo_azul.png\",\"keywords\":[\"IEBS\",\"Notas de Prensa\"],\"articleSection\":[\"Notas de Prensa\"],\"inLanguage\":\"es\",\"potentialAction\":[{\"@type\":\"CommentAction\",\"name\":\"Comment\",\"target\":[\"https:\/\/www.iebschool.com\/saladeprensa\/2013\/01\/29\/analista-web-big-data-reclamo-corto-plazo-empresas-online\/#respond\"]}]},{\"@type\":\"WebPage\",\"@id\":\"https:\/\/www.iebschool.com\/saladeprensa\/2013\/01\/29\/analista-web-big-data-reclamo-corto-plazo-empresas-online\/\",\"url\":\"https:\/\/www.iebschool.com\/saladeprensa\/2013\/01\/29\/analista-web-big-data-reclamo-corto-plazo-empresas-online\/\",\"name\":\"Los analistas web y el \u201cBig Data\u201d, reclamos a corto plazo para las empresas online - Sala de Prensa\",\"isPartOf\":{\"@id\":\"https:\/\/www.iebschool.com\/saladeprensa\/#website\"},\"primaryImageOfPage\":{\"@id\":\"https:\/\/www.iebschool.com\/saladeprensa\/2013\/01\/29\/analista-web-big-data-reclamo-corto-plazo-empresas-online\/#primaryimage\"},\"image\":{\"@id\":\"https:\/\/www.iebschool.com\/saladeprensa\/2013\/01\/29\/analista-web-big-data-reclamo-corto-plazo-empresas-online\/#primaryimage\"},\"thumbnailUrl\":\"http:\/\/static.iebschool.com\/11\/mailing_generico\/v3\/img\/logo_azul.png\",\"datePublished\":\"2013-01-29T10:04:03+00:00\",\"description\":\"Los analistas web y el \u201cBig Data\u201d, reclamos a corto plazo para las empresas online Barcelona, 22 de enero de 2013. \u00bfQui\u00e9nes visitan la p\u00e1gina web de un\",\"breadcrumb\":{\"@id\":\"https:\/\/www.iebschool.com\/saladeprensa\/2013\/01\/29\/analista-web-big-data-reclamo-corto-plazo-empresas-online\/#breadcrumb\"},\"inLanguage\":\"es\",\"potentialAction\":[{\"@type\":\"ReadAction\",\"target\":[\"https:\/\/www.iebschool.com\/saladeprensa\/2013\/01\/29\/analista-web-big-data-reclamo-corto-plazo-empresas-online\/\"]}]},{\"@type\":\"ImageObject\",\"inLanguage\":\"es\",\"@id\":\"https:\/\/www.iebschool.com\/saladeprensa\/2013\/01\/29\/analista-web-big-data-reclamo-corto-plazo-empresas-online\/#primaryimage\",\"url\":\"http:\/\/static.iebschool.com\/11\/mailing_generico\/v3\/img\/logo_azul.png\",\"contentUrl\":\"http:\/\/static.iebschool.com\/11\/mailing_generico\/v3\/img\/logo_azul.png\"},{\"@type\":\"BreadcrumbList\",\"@id\":\"https:\/\/www.iebschool.com\/saladeprensa\/2013\/01\/29\/analista-web-big-data-reclamo-corto-plazo-empresas-online\/#breadcrumb\",\"itemListElement\":[{\"@type\":\"ListItem\",\"position\":1,\"name\":\"Portada\",\"item\":\"https:\/\/www.iebschool.com\/saladeprensa\/\"},{\"@type\":\"ListItem\",\"position\":2,\"name\":\"Los analistas web y el \u201cBig Data\u201d, reclamos a corto plazo para las empresas online\"}]},{\"@type\":\"WebSite\",\"@id\":\"https:\/\/www.iebschool.com\/saladeprensa\/#website\",\"url\":\"https:\/\/www.iebschool.com\/saladeprensa\/\",\"name\":\"Sala de Prensa\",\"description\":\"IEBS\",\"publisher\":{\"@id\":\"https:\/\/www.iebschool.com\/saladeprensa\/#organization\"},\"potentialAction\":[{\"@type\":\"SearchAction\",\"target\":{\"@type\":\"EntryPoint\",\"urlTemplate\":\"https:\/\/www.iebschool.com\/saladeprensa\/?s={search_term_string}\"},\"query-input\":{\"@type\":\"PropertyValueSpecification\",\"valueRequired\":true,\"valueName\":\"search_term_string\"}}],\"inLanguage\":\"es\"},{\"@type\":\"Organization\",\"@id\":\"https:\/\/www.iebschool.com\/saladeprensa\/#organization\",\"name\":\"Sala de Prensa\",\"url\":\"https:\/\/www.iebschool.com\/saladeprensa\/\",\"logo\":{\"@type\":\"ImageObject\",\"inLanguage\":\"es\",\"@id\":\"https:\/\/www.iebschool.com\/saladeprensa\/#\/schema\/logo\/image\/\",\"url\":\"https:\/\/www.iebschool.com\/saladeprensa\/wp-content\/uploads\/2026\/02\/IEBS_Logo_BusinessSchool_1_Hor_Violeta-scaled.png\",\"contentUrl\":\"https:\/\/www.iebschool.com\/saladeprensa\/wp-content\/uploads\/2026\/02\/IEBS_Logo_BusinessSchool_1_Hor_Violeta-scaled.png\",\"width\":2560,\"height\":374,\"caption\":\"Sala de Prensa\"},\"image\":{\"@id\":\"https:\/\/www.iebschool.com\/saladeprensa\/#\/schema\/logo\/image\/\"}},{\"@type\":\"Person\",\"@id\":\"https:\/\/www.iebschool.com\/saladeprensa\/#\/schema\/person\/0d505c2f871ebcb26069fe93bad7f9a9\",\"name\":\"Christian Pastrana\",\"image\":{\"@type\":\"ImageObject\",\"inLanguage\":\"es\",\"@id\":\"https:\/\/www.iebschool.com\/saladeprensa\/#\/schema\/person\/image\/\",\"url\":\"https:\/\/secure.gravatar.com\/avatar\/9a9a01e1579bd4cc84333c230abcf16a43486ac86ed0f6284b167e18377800d3?s=96&d=mm&r=g\",\"contentUrl\":\"https:\/\/secure.gravatar.com\/avatar\/9a9a01e1579bd4cc84333c230abcf16a43486ac86ed0f6284b167e18377800d3?s=96&d=mm&r=g\",\"caption\":\"Christian Pastrana\"},\"url\":\"https:\/\/www.iebschool.com\/saladeprensa\/author\/christianiebschool-com\/\"}]}<\/script>\n<!-- \/ Yoast SEO Premium plugin. -->","yoast_head_json":{"title":"Los analistas web y el \u201cBig Data\u201d, reclamos a corto plazo para las empresas online - Sala de Prensa","description":"Los analistas web y el \u201cBig Data\u201d, reclamos a corto plazo para las empresas online Barcelona, 22 de enero de 2013. \u00bfQui\u00e9nes visitan la p\u00e1gina web de un","robots":{"index":"index","follow":"follow","max-snippet":"max-snippet:-1","max-image-preview":"max-image-preview:large","max-video-preview":"max-video-preview:-1"},"canonical":"https:\/\/www.iebschool.com\/saladeprensa\/2013\/01\/29\/analista-web-big-data-reclamo-corto-plazo-empresas-online\/","og_locale":"es_ES","og_type":"article","og_title":"Los analistas web y el \u201cBig Data\u201d, reclamos a corto plazo para las empresas online","og_description":"Los analistas web y el \u201cBig Data\u201d, reclamos a corto plazo para las empresas online Barcelona, 22 de enero de 2013. \u00bfQui\u00e9nes visitan la p\u00e1gina web de un","og_url":"https:\/\/www.iebschool.com\/saladeprensa\/2013\/01\/29\/analista-web-big-data-reclamo-corto-plazo-empresas-online\/","og_site_name":"Sala de Prensa","article_published_time":"2013-01-29T10:04:03+00:00","og_image":[{"url":"http:\/\/static.iebschool.com\/11\/mailing_generico\/v3\/img\/logo_azul.png","type":"","width":"","height":""}],"author":"Christian Pastrana","twitter_card":"summary_large_image","twitter_misc":{"Escrito por":"Christian Pastrana","Tiempo de lectura":"6 minutos"},"schema":{"@context":"https:\/\/schema.org","@graph":[{"@type":"Article","@id":"https:\/\/www.iebschool.com\/saladeprensa\/2013\/01\/29\/analista-web-big-data-reclamo-corto-plazo-empresas-online\/#article","isPartOf":{"@id":"https:\/\/www.iebschool.com\/saladeprensa\/2013\/01\/29\/analista-web-big-data-reclamo-corto-plazo-empresas-online\/"},"author":{"name":"Christian Pastrana","@id":"https:\/\/www.iebschool.com\/saladeprensa\/#\/schema\/person\/0d505c2f871ebcb26069fe93bad7f9a9"},"headline":"Los analistas web y el \u201cBig Data\u201d, reclamos a corto plazo para las empresas online","datePublished":"2013-01-29T10:04:03+00:00","mainEntityOfPage":{"@id":"https:\/\/www.iebschool.com\/saladeprensa\/2013\/01\/29\/analista-web-big-data-reclamo-corto-plazo-empresas-online\/"},"wordCount":1141,"commentCount":0,"publisher":{"@id":"https:\/\/www.iebschool.com\/saladeprensa\/#organization"},"image":{"@id":"https:\/\/www.iebschool.com\/saladeprensa\/2013\/01\/29\/analista-web-big-data-reclamo-corto-plazo-empresas-online\/#primaryimage"},"thumbnailUrl":"http:\/\/static.iebschool.com\/11\/mailing_generico\/v3\/img\/logo_azul.png","keywords":["IEBS","Notas de Prensa"],"articleSection":["Notas de Prensa"],"inLanguage":"es","potentialAction":[{"@type":"CommentAction","name":"Comment","target":["https:\/\/www.iebschool.com\/saladeprensa\/2013\/01\/29\/analista-web-big-data-reclamo-corto-plazo-empresas-online\/#respond"]}]},{"@type":"WebPage","@id":"https:\/\/www.iebschool.com\/saladeprensa\/2013\/01\/29\/analista-web-big-data-reclamo-corto-plazo-empresas-online\/","url":"https:\/\/www.iebschool.com\/saladeprensa\/2013\/01\/29\/analista-web-big-data-reclamo-corto-plazo-empresas-online\/","name":"Los analistas web y el \u201cBig Data\u201d, reclamos a corto plazo para las empresas online - Sala de Prensa","isPartOf":{"@id":"https:\/\/www.iebschool.com\/saladeprensa\/#website"},"primaryImageOfPage":{"@id":"https:\/\/www.iebschool.com\/saladeprensa\/2013\/01\/29\/analista-web-big-data-reclamo-corto-plazo-empresas-online\/#primaryimage"},"image":{"@id":"https:\/\/www.iebschool.com\/saladeprensa\/2013\/01\/29\/analista-web-big-data-reclamo-corto-plazo-empresas-online\/#primaryimage"},"thumbnailUrl":"http:\/\/static.iebschool.com\/11\/mailing_generico\/v3\/img\/logo_azul.png","datePublished":"2013-01-29T10:04:03+00:00","description":"Los analistas web y el \u201cBig Data\u201d, reclamos a corto plazo para las empresas online Barcelona, 22 de enero de 2013. \u00bfQui\u00e9nes visitan la p\u00e1gina web de un","breadcrumb":{"@id":"https:\/\/www.iebschool.com\/saladeprensa\/2013\/01\/29\/analista-web-big-data-reclamo-corto-plazo-empresas-online\/#breadcrumb"},"inLanguage":"es","potentialAction":[{"@type":"ReadAction","target":["https:\/\/www.iebschool.com\/saladeprensa\/2013\/01\/29\/analista-web-big-data-reclamo-corto-plazo-empresas-online\/"]}]},{"@type":"ImageObject","inLanguage":"es","@id":"https:\/\/www.iebschool.com\/saladeprensa\/2013\/01\/29\/analista-web-big-data-reclamo-corto-plazo-empresas-online\/#primaryimage","url":"http:\/\/static.iebschool.com\/11\/mailing_generico\/v3\/img\/logo_azul.png","contentUrl":"http:\/\/static.iebschool.com\/11\/mailing_generico\/v3\/img\/logo_azul.png"},{"@type":"BreadcrumbList","@id":"https:\/\/www.iebschool.com\/saladeprensa\/2013\/01\/29\/analista-web-big-data-reclamo-corto-plazo-empresas-online\/#breadcrumb","itemListElement":[{"@type":"ListItem","position":1,"name":"Portada","item":"https:\/\/www.iebschool.com\/saladeprensa\/"},{"@type":"ListItem","position":2,"name":"Los analistas web y el \u201cBig Data\u201d, reclamos a corto plazo para las empresas online"}]},{"@type":"WebSite","@id":"https:\/\/www.iebschool.com\/saladeprensa\/#website","url":"https:\/\/www.iebschool.com\/saladeprensa\/","name":"Sala de Prensa","description":"IEBS","publisher":{"@id":"https:\/\/www.iebschool.com\/saladeprensa\/#organization"},"potentialAction":[{"@type":"SearchAction","target":{"@type":"EntryPoint","urlTemplate":"https:\/\/www.iebschool.com\/saladeprensa\/?s={search_term_string}"},"query-input":{"@type":"PropertyValueSpecification","valueRequired":true,"valueName":"search_term_string"}}],"inLanguage":"es"},{"@type":"Organization","@id":"https:\/\/www.iebschool.com\/saladeprensa\/#organization","name":"Sala de Prensa","url":"https:\/\/www.iebschool.com\/saladeprensa\/","logo":{"@type":"ImageObject","inLanguage":"es","@id":"https:\/\/www.iebschool.com\/saladeprensa\/#\/schema\/logo\/image\/","url":"https:\/\/www.iebschool.com\/saladeprensa\/wp-content\/uploads\/2026\/02\/IEBS_Logo_BusinessSchool_1_Hor_Violeta-scaled.png","contentUrl":"https:\/\/www.iebschool.com\/saladeprensa\/wp-content\/uploads\/2026\/02\/IEBS_Logo_BusinessSchool_1_Hor_Violeta-scaled.png","width":2560,"height":374,"caption":"Sala de Prensa"},"image":{"@id":"https:\/\/www.iebschool.com\/saladeprensa\/#\/schema\/logo\/image\/"}},{"@type":"Person","@id":"https:\/\/www.iebschool.com\/saladeprensa\/#\/schema\/person\/0d505c2f871ebcb26069fe93bad7f9a9","name":"Christian Pastrana","image":{"@type":"ImageObject","inLanguage":"es","@id":"https:\/\/www.iebschool.com\/saladeprensa\/#\/schema\/person\/image\/","url":"https:\/\/secure.gravatar.com\/avatar\/9a9a01e1579bd4cc84333c230abcf16a43486ac86ed0f6284b167e18377800d3?s=96&d=mm&r=g","contentUrl":"https:\/\/secure.gravatar.com\/avatar\/9a9a01e1579bd4cc84333c230abcf16a43486ac86ed0f6284b167e18377800d3?s=96&d=mm&r=g","caption":"Christian Pastrana"},"url":"https:\/\/www.iebschool.com\/saladeprensa\/author\/christianiebschool-com\/"}]}},"image_thumbnail":"https:\/\/www.iebschool.com\/saladeprensa\/wp-includes\/images\/media\/default.svg","image_full":"https:\/\/www.iebschool.com\/saladeprensa\/wp-includes\/images\/media\/default.svg","categoria":{"nombre":"Notas de Prensa","slug":"category\/notas-de-prensa"},"_links":{"self":[{"href":"https:\/\/www.iebschool.com\/saladeprensa\/wp-json\/wp\/v2\/posts\/1317","targetHints":{"allow":["GET"]}}],"collection":[{"href":"https:\/\/www.iebschool.com\/saladeprensa\/wp-json\/wp\/v2\/posts"}],"about":[{"href":"https:\/\/www.iebschool.com\/saladeprensa\/wp-json\/wp\/v2\/types\/post"}],"author":[{"embeddable":true,"href":"https:\/\/www.iebschool.com\/saladeprensa\/wp-json\/wp\/v2\/users\/3"}],"replies":[{"embeddable":true,"href":"https:\/\/www.iebschool.com\/saladeprensa\/wp-json\/wp\/v2\/comments?post=1317"}],"version-history":[{"count":0,"href":"https:\/\/www.iebschool.com\/saladeprensa\/wp-json\/wp\/v2\/posts\/1317\/revisions"}],"wp:attachment":[{"href":"https:\/\/www.iebschool.com\/saladeprensa\/wp-json\/wp\/v2\/media?parent=1317"}],"wp:term":[{"taxonomy":"category","embeddable":true,"href":"https:\/\/www.iebschool.com\/saladeprensa\/wp-json\/wp\/v2\/categories?post=1317"},{"taxonomy":"post_tag","embeddable":true,"href":"https:\/\/www.iebschool.com\/saladeprensa\/wp-json\/wp\/v2\/tags?post=1317"}],"curies":[{"name":"wp","href":"https:\/\/api.w.org\/{rel}","templated":true}]}}