{"id":2000,"date":"2013-07-04T12:40:08","date_gmt":"2013-07-04T10:40:08","guid":{"rendered":"http:\/\/comunidad.iebschool.com\/saladeprensa\/?p=2000"},"modified":"2013-07-04T12:40:08","modified_gmt":"2013-07-04T10:40:08","slug":"demanda-mobile-business","status":"publish","type":"post","link":"https:\/\/www.iebschool.com\/saladeprensa\/2013\/07\/04\/demanda-mobile-business\/","title":{"rendered":"La demanda de profesionales con formaci\u00f3n en Mobile Business se duplica en el \u00faltimo a\u00f1o"},"content":{"rendered":"<table cellspacing=\"0\" cellpadding=\"0\">\n<tbody>\n<tr>\n<td><img alt=\"\" src=\"http:\/\/static.iebschool.com\/11\/mailing_generico\/v3\/img\/logo_azul.png\" width=\"212\" height=\"67\" \/><\/td>\n<\/tr>\n<tr>\n<td>\n<p lang=\"es-ES\" style=\"text-align: left\" align=\"CENTER\"><\/p>\n\n<h1 style=\"text-align: left\" align=\"CENTER\"><span style=\"color: #000000\">La demanda de profesionales con formaci\u00f3n en Mobile Business se duplica en el \u00faltimo a\u00f1o<\/span><\/h1>\n<ul>\n\t<li>\n<p style=\"margin-bottom: 0cm\"><em><span style=\"font-family: Verdana,serif\"><span style=\"font-size: small\">La formaci\u00f3n especializada se postula como opci\u00f3n ante la falta de especialistas en entorno de negocio m\u00f3vil<\/span><\/span><\/em><\/p>\n<\/li>\n<\/ul>\n&nbsp;\n\n<em> Barcelona, 4 de julio de 2013 -\u00a0<\/em>El negocio m\u00f3vil es ya una realidad imparable. Con un 63% de los usuarios m\u00f3viles con smartphone y un creciente mercado de m-commerce, tambi\u00e9n se multiplica el n\u00famero de profesionales especializados en entorno Mobile.\n\n<strong>As\u00ed lo confirma la empresa de reclutaci\u00f3n de perfiles digitales Twago, que en su \u00faltimo estudio comunicaba que los perfiles vinculados a Mobile y Apps se ha duplicado en el a\u00f1o 2012. Unos datos positivos que chocan con otra realidad \u00bfexisten profesionales formados para cubrir esos puestos de empleo?<\/strong>\n\nAnte la demanda de nuevos perfiles digitales y falta de entornos formativos profesionales, la escuela de negocios de la innovaci\u00f3n y los emprendedores, IEBS Business School acaba de anunciar el lanzamiento del nuevo <strong>Master en Mobile Business: tecnolog\u00edas, apps y negocios para m\u00f3viles<\/strong>.\n\n\u201cLas empresas requieren expertos en gesti\u00f3n del negocio digital. Expertos que sepan cu\u00e1les son las opciones de integraci\u00f3n de los modelos tradicionales de las empresas en los entornos digitales, qu\u00e9 implica cada una, qu\u00e9 profesionales hacen posible este trabajo y saber encontrar y coordinar a ese equipo que se capaz de hacer la transferencia de conocimiento\u201d, comenta Pascual Parada, director del programa y experto en innovaci\u00f3n.\n\nEl creciente uso de smartphones es una tendencia imparable. <strong>Espa\u00f1a<\/strong> es el<strong> pa\u00eds<\/strong> que mayor proporci\u00f3n de <strong>smartphones<\/strong> tiene en Europa, con un <strong>63,2% de los usuarios del mercado m\u00f3vil con smartphone, aumentando a un ritmo del 14,8% frente al 13% de la media europea, seg\u00fan datos de ComScore.<\/strong>\n\n<strong>La irrupci\u00f3n del uso de smartphones y tablets en los hogares obliga a las empresas a adecuar sus servicios y canales de venta a los nuevos formatos donde el consumidor, busca, comparte, recomienda y compra. <\/strong>\n\nEl mobile marketing, desarrollo de apps, adaptaci\u00f3n del tejido empresarial a los entornos online, ecommerce y expertos en responsive design se postulan como ejes de los perfiles profesionales del entorno m\u00f3vil actual.\n\n<strong>El Master en Mobile Business: tecnolog\u00edas, apps y negocios para m\u00f3viles profundiza en la estrategia de adaptaci\u00f3n de modelos de negocios a dichos espacios. <\/strong>A trav\u00e9s de una metodolog\u00eda pr\u00e1ctica<strong>, la escuela dota a los alumnos de conocimientos en base a situaciones reales, casos actuales y nuevas tendencias. <\/strong>\n\n<strong>\u201cLas sinergias se multiplican cuando te encuentras rodeado de otros profesionales especializados en \u00e1reas como el Mobile, que te ayudan a resolver dificultades. Son las ventajas de pertenecer a una comunidad especializada\u201d, comenta Parada. <\/strong>\n<a name=\"_GoBack\"><\/a>\n\n\u201cEl \u00e9xito de una aplicaci\u00f3n m\u00f3vil no s\u00f3lo consiste en un buen an\u00e1lisis y desarrollo, sino que tenemos que estar alineados con las necesidades de nuestros clientes y hacerles ver que nuestra soluci\u00f3n es la que buscaban. Por este motivo, no s\u00f3lo nos centraremos en c\u00f3mo desarrollar Apps, sino tambi\u00e9n, en dise\u00f1ar la estrategia adecuada para el \u00e9xito del negocio\u201d declara Pascual Parada.\n\nEl Master en Mobile Business: tecnolog\u00edas, apps y negocios para m\u00f3viles est\u00e1 dirigido a profesionales del entorno del marketing, product managers, emprendedores, consultores, ingenieros y todas aquellas personas interesadas en el entorno m\u00f3vil como modelo de negocio.\n\nLa primera edici\u00f3n del <span lang=\"zxx\"><a href=\"http:\/\/www.iebschool.com\/programas\/master-mobile-business-tecnologias-apps-negocios-moviles\/?utm_source=blog&amp;utm_medium=offsite&amp;utm_campaign=MMOB\">Master<\/a><\/span> comienza el pr\u00f3ximo 24 de octubre.\n\n<strong>Sobre IEBS<\/strong>\n<p lang=\"es-ES\" align=\"JUSTIFY\"><strong>IEBS<\/strong> nace en 2010 como una <span lang=\"zxx\"><a href=\"http:\/\/www.iebschool.com\/\">escuela de negocios<\/a><\/span> basada en la innovaci\u00f3n, el apoyo a los emprendedores, la \u00e9tica y la sostenibilidad. Su objetivo es crear un<strong> trampol\u00edn para emprendedores<\/strong> que ofrezca formaci\u00f3n, apoyo y financiaci\u00f3n para acelerar al m\u00e1ximo start-ups de base tecnol\u00f3gica. Ha sido elegido recientemente como la 1\u00aa escuela de negocios \u00edntegramente online y en el <span lang=\"zxx\"><a href=\"http:\/\/comunidad.iebschool.com\/iebs\/noticias\/iebs-se-reafirma-como-mejor-escuela-de-negocios-integramente-online-en-espana\/\">TOP 9<\/a><\/span> de las mejores escuelas de Espa\u00f1a.<\/p>\n<\/td>\n<\/tr>\n<\/tbody>\n<\/table>\n<table width=\"550\" cellspacing=\"0\" cellpadding=\"0\">\n<tbody>\n<tr>\n<td height=\"7\"><\/td>\n<\/tr>\n<tr>\n<td>\n<table width=\"100%\" cellspacing=\"0\" cellpadding=\"0\" bgcolor=\"#67BEE7\">\n<tbody>\n<tr>\n<td height=\"5\"><\/td>\n<\/tr>\n<\/tbody>\n<\/table>\n<\/td>\n<\/tr>\n<tr>\n<td height=\"15\"><\/td>\n<\/tr>\n<tr>\n<td>\n<table cellspacing=\"0\" cellpadding=\"0\">\n<tbody>\n<tr>\n<td width=\"50%\"><strong>Judit Izquierdo\n<\/strong><\/td>\n<td width=\"50%\"><strong>\n<\/strong><\/td>\n<\/tr>\n<\/tbody>\n<\/table>\n<\/td>\n<\/tr>\n<tr>\n<td height=\"10\"><strong>Encu\u00e9ntrame en:<\/strong><\/td>\n<\/tr>\n<tr>\n<td>\n<table width=\"100%\" cellspacing=\"0\" cellpadding=\"0\">\n<tbody>\n<tr>\n<td width=\"50%\">\n<table cellspacing=\"0\" cellpadding=\"0\">\n<tbody>\n<tr>\n<td width=\"10\" height=\"14\">email<\/td>\n<td width=\"15\">\u00b7<\/td>\n<td>\n<p style=\"margin-bottom: 0cm;line-height: 100%\"><a href=\"mailto:jizquierdo@iebschool.com\">jizquierdo@iebschool.com<\/a><\/p>\n<\/td>\n<\/tr>\n<tr>\n<td width=\"10\" height=\"14\">tlf<\/td>\n<td width=\"15\">\u00b7<\/td>\n<td>\n<p style=\"margin-bottom: 0cm;line-height: 100%\"><span style=\"color: #000000\"><span style=\"font-family: Times New Roman,serif\"><span style=\"font-size: medium\"><span style=\"font-family: Verdana,serif\"><span style=\"font-size: small\">902 945 936 <\/span><\/span><\/span><\/span><\/span><\/p>\n<\/td>\n<\/tr>\n<tr>\n<td width=\"10\" height=\"14\">web<\/td>\n<td width=\"15\">\u00b7<\/td>\n<td><a href=\"http:\/\/www.iebschool.com\/\">www.iebschool.com<\/a><\/td>\n<\/tr>\n<\/tbody>\n<\/table>\n<\/td>\n<td align=\"right\" valign=\"top\" width=\"50%\">\n<table cellspacing=\"0\" cellpadding=\"0\">\n<tbody>\n<tr>\n<td width=\"3\" height=\"26\"><a href=\"http:\/\/www.youtube.com\/user\/Iebschool\"><img alt=\"\" src=\"http:\/\/comunidad.iebschool.com\/saladeprensa\/2012\/09\/12\/files\/2011\/06\/logo-youtube-150x150.jpg\" width=\"26\" height=\"26\" border=\"0\" \/><\/a><\/td>\n<td width=\"26\" height=\"26\"><a href=\"http:\/\/es.linkedin.com\/in\/iebschool\"><img alt=\"\" src=\"http:\/\/static.iebschool.com\/11\/mailing_generico\/v3\/img\/linkedin.png\" width=\"26\" height=\"26\" border=\"0\" \/><\/a><\/td>\n<td width=\"3\" height=\"26\"><\/td>\n<td width=\"26\" height=\"26\"><a href=\"http:\/\/www.facebook.com\/iebschool\"><img alt=\"\" src=\"http:\/\/static.iebschool.com\/11\/mailing_generico\/v3\/img\/facebook.png\" border=\"0\" \/><\/a><\/td>\n<td width=\"3\" height=\"26\"><\/td>\n<td width=\"26\" height=\"26\"><a href=\"http:\/\/twitter.com\/iebschool\"><img alt=\"\" src=\"http:\/\/static.iebschool.com\/11\/mailing_generico\/v3\/img\/twitter.png\" border=\"0\" \/><\/a><\/td>\n<\/tr>\n<\/tbody>\n<\/table>\n<\/td>\n<\/tr>\n<\/tbody>\n<\/table>\n<\/td>\n<\/tr>\n<\/tbody>\n<\/table>\n<div id=\"_mcePaste\" style=\"width: 1px;height: 1px;overflow: hidden\">\n<p style=\"margin-bottom: 0cm;font-style: normal;text-decoration: none\"><span style=\"color: #000000\"><span style=\"font-family: Verdana,sans-serif\"><span style=\"font-size: medium\"><strong>El emprendimiento y los perfiles 2.0 marcan la V Convocatoria de IEBS y el cierre del a\u00f1o acad\u00e9mico<\/strong><\/span><\/span><\/span><\/p>\n\n<ul>\n\t<li>\n<p style=\"margin-bottom: 0cm;background: transparent;font-weight: normal;text-decoration: none\"><span style=\"color: #000000\"><span style=\"font-size: small\"><em>El \u00e9xito del seminario online 'Emprender con m\u00e1s de 40 en Internet' lo convierte en uno de los programas estrellas de este a\u00f1o.<\/em><\/span><\/span><\/p>\n<\/li>\n\t<li>\n<p style=\"margin-bottom: 0cm;background: transparent;font-weight: normal;text-decoration: none\"><span style=\"color: #000000\"><span style=\"font-size: small\"><em>El proyecto Open IEBS, presentado a primeros de a\u00f1o se consolida como la primera plataforma de open learning de habla hispana.<\/em><\/span><\/span><\/p>\n<\/li>\n\t<li>\n<p style=\"margin-bottom: 0cm;background: transparent;font-weight: normal;text-decoration: none\"><span style=\"color: #000000\"><span style=\"font-size: small\"><em>La escuela de negocios reafirma su liderazgo en la formaci\u00f3n online cerrando el a\u00f1o con 3.817 alumnos.<\/em><\/span><\/span><\/p>\n<\/li>\n<\/ul>\n<p style=\"margin-bottom: 0cm\"><span style=\"color: #000000\"><span style=\"text-decoration: none\"><span style=\"font-size: x-small\"><span style=\"font-style: normal\"><span style=\"font-weight: normal\">Los profesionales son conscientes de la importancia de reciclarse y aprender nuevas t\u00e9cnicas para adaptarse a las necesidades del mercado. \u00c9sta es una de las claves del \u00e9xito de la <\/span><\/span><\/span><\/span><\/span><span style=\"color: #000000\"><span style=\"text-decoration: none\"><span style=\"font-size: x-small\"><span style=\"font-style: normal\"><strong>V Convocatoria de Masters y Postgrados de la escuela de negocios IEBS<\/strong><\/span><\/span><\/span><\/span><span style=\"color: #000000\"><span style=\"text-decoration: none\"><span style=\"font-size: x-small\"><span style=\"font-style: normal\"><span style=\"font-weight: normal\">, con la que se alcanzan los <\/span><\/span><\/span><\/span><\/span><span style=\"color: #000000\"><span style=\"text-decoration: none\"><span style=\"font-size: x-small\"><span style=\"font-style: normal\"><strong>3.817 alumnos<\/strong><\/span><\/span><\/span><\/span><span style=\"color: #000000\"><span style=\"text-decoration: none\"><span style=\"font-size: x-small\"><span style=\"font-style: normal\"><span style=\"font-weight: normal\">. La nueva edici\u00f3n est\u00e1 marcada por el creciente inter\u00e9s por formarse en las profesiones que giran alrededor del entorno 2.0 y por las ganas de emprender en tiempos de crisis.<\/span><\/span><\/span><\/span><\/span><\/p>\n<p style=\"margin-bottom: 0cm\"><span style=\"color: #000000\"><span style=\"text-decoration: none\"><span style=\"font-size: x-small\"><span style=\"font-style: normal\"><span style=\"font-weight: normal\">Ante las dificultades por encontrar un puesto de trabajo, muchos son los que deciden <\/span><\/span><\/span><\/span><\/span><span style=\"color: #000000\"><span style=\"text-decoration: none\"><span style=\"font-size: x-small\"><span style=\"font-style: normal\"><strong>buscar alternativas como el emprendimiento o la b\u00fasqueda activa de trabajo<\/strong><\/span><\/span><\/span><\/span><span style=\"color: #000000\"><span style=\"text-decoration: none\"><span style=\"font-size: x-small\"><span style=\"font-style: normal\"><span style=\"font-weight: normal\">. Profesionales que han decidido ir en busca del empleo en vez de esperarlo y reci\u00e9n licenciados son los perfiles que m\u00e1s han destacado en esta nueva convocatoria en el <\/span><\/span><\/span><\/span><\/span><span style=\"color: #000000\"><span style=\"text-decoration: none\"><span style=\"font-size: x-small\"><span style=\"font-style: normal\"><strong>Master en Direcci\u00f3n de Empresas para Emprendedores<\/strong><\/span><\/span><\/span><\/span><span style=\"color: #000000\"><span style=\"text-decoration: none\"><span style=\"font-family: Verdana,sans-serif\"><span style=\"font-size: x-small\"><span style=\"font-style: normal\"><span style=\"font-weight: normal\">. El programa ha sido <\/span><\/span><\/span><\/span><\/span><\/span><span style=\"color: #000000\"><span style=\"text-decoration: none\"><span style=\"font-size: x-small\"><span style=\"font-style: normal\"><span style=\"font-weight: normal\"> nuevamente uno de los programas m\u00e1s demandados tras haber conseguido cubrir todas sus plazas.<\/span><\/span><\/span><\/span><\/span><\/p>\n<p style=\"margin-bottom: 0cm\"><span style=\"color: #000000\"><span style=\"text-decoration: none\"><span style=\"font-size: x-small\"><span style=\"font-style: normal\"><span style=\"font-weight: normal\">Una muestra del inter\u00e9s por montar un negocio propio ha quedado patente en el \u00e9xito del curso <\/span><\/span><\/span><\/span><\/span><span style=\"color: #000080\"><span lang=\"zxx\"><span style=\"text-decoration: underline\"><a href=\"http:\/\/www.iebschool.com\/programas\/taller-emprender-40-internet\/\"><span style=\"font-family: Verdana,sans-serif\"><span style=\"font-size: x-small\"><span style=\"font-style: normal\"><strong><span style=\"background: transparent\">'Emprender con m\u00e1s de 40 en Internet'<\/span><\/strong><\/span><\/span><\/span><\/a><\/span><\/span><\/span><span style=\"color: #000000\"><span style=\"text-decoration: none\"><span style=\"font-size: x-small\"><span style=\"font-style: normal\"><span style=\"font-weight: normal\">, que sirvi\u00f3 de punto de encuentro para m\u00e1s de 160 personas de todo el mundo que desarrollaron en equipo proyectos con un gran futuro. Ante tan buena acogida, la escuela de negocios repetir\u00e1 la experiencia con un <\/span><\/span><\/span><\/span><\/span><span style=\"color: #000000\"><span style=\"text-decoration: none\"><span style=\"font-size: x-small\"><span style=\"font-style: normal\"><strong>evento online de emprendimiento a nivel global<\/strong><\/span><\/span><\/span><\/span><span style=\"color: #000000\"><span style=\"text-decoration: none\"><span style=\"font-size: x-small\"><span style=\"font-style: normal\"><span style=\"font-weight: normal\">que presentar\u00e1 en breve.<\/span><\/span><\/span><\/span><\/span><\/p>\n<p style=\"margin-bottom: 0cm\"><span style=\"color: #000000\"><span style=\"text-decoration: none\"><span style=\"font-size: x-small\"><span style=\"font-style: normal\"><span style=\"font-weight: normal\">Asimismo, otra de las caracter\u00edsticas de esta quinta convocatoria es la demanda por parte de los alumnos de <\/span><\/span><\/span><\/span><\/span><span style=\"color: #000000\"><span style=\"text-decoration: none\"><span style=\"font-size: x-small\"><span style=\"font-style: normal\"><strong>programas relacionados con las nuevas tecnolog\u00edas<\/strong><\/span><\/span><\/span><\/span><span style=\"color: #000000\"><span style=\"text-decoration: none\"><span style=\"font-size: x-small\"><span style=\"font-style: normal\"><span style=\"font-weight: normal\">y la web 2.0. El auge del community manager de nuevo se ve reflejado en el n\u00famero de alumnos que llenan tanto el <\/span><\/span><\/span><\/span><\/span><span style=\"color: #000000\"><span style=\"text-decoration: none\"><span style=\"font-size: x-small\"><span style=\"font-style: normal\"><strong>Master en Empresa 2.0 y Community Management<\/strong><\/span><\/span><\/span><\/span><span style=\"color: #000000\"><span style=\"text-decoration: none\"><span style=\"font-size: x-small\"><span style=\"font-style: normal\"><span style=\"font-weight: normal\">como el <\/span><\/span><\/span><\/span><\/span><span style=\"color: #000000\"><span style=\"text-decoration: none\"><span style=\"font-size: x-small\"><span style=\"font-style: normal\"><strong>Postgrado en Marketing Digital y Community Management<\/strong><\/span><\/span><\/span><\/span><span style=\"color: #000000\"><span style=\"text-decoration: none\"><span style=\"font-size: x-small\"><span style=\"font-style: normal\"><span style=\"font-weight: normal\">.<\/span><\/span><\/span><\/span><\/span><\/p>\n<p style=\"margin-bottom: 0cm\"><span style=\"color: #000000\"><span style=\"text-decoration: none\"><span style=\"font-size: x-small\"><span style=\"font-style: normal\"><span style=\"font-weight: normal\">Por esta misma raz\u00f3n, las nuevas propuestas formativas de IEBS para este a\u00f1o, los Postgrados en <\/span><\/span><\/span><\/span><\/span><span style=\"color: #000080\"><span lang=\"zxx\"><span style=\"text-decoration: underline\"><a href=\"http:\/\/www.iebschool.com\/programas\/postgrado-traffic-management-seo-sem-display-social-media\/\"><span style=\"font-family: Verdana,sans-serif\"><span style=\"font-size: x-small\"><span style=\"font-style: normal\"><span style=\"font-weight: normal\"><span style=\"background: transparent\">Traffic Management<\/span><\/span><\/span><\/span><\/span><\/a><\/span><\/span><\/span><span style=\"color: #000000\"><span style=\"text-decoration: none\"><span style=\"font-size: x-small\"><span style=\"font-style: normal\"><span style=\"font-weight: normal\">, <\/span><\/span><\/span><\/span><\/span><span style=\"color: #000080\"><span lang=\"zxx\"><span style=\"text-decoration: underline\"><a href=\"http:\/\/www.iebschool.com\/programas\/postgrado-analitica-web-tecnicas-analisis\/\"><span style=\"font-family: Verdana,sans-serif\"><span style=\"font-size: x-small\"><span style=\"font-style: normal\"><span style=\"font-weight: normal\"><span style=\"background: transparent\">Web Analytics<\/span><\/span><\/span><\/span><\/span><\/a><\/span><\/span><\/span><span style=\"color: #000000\"><span style=\"text-decoration: none\"><span style=\"font-size: x-small\"><span style=\"font-style: normal\"><span style=\"font-weight: normal\">, <\/span><\/span><\/span><\/span><\/span><span style=\"color: #000080\"><span lang=\"zxx\"><span style=\"text-decoration: underline\"><a href=\"http:\/\/www.iebschool.com\/programas\/postgrado-usabilidad-web-conversion-experiencia-usuario\/\"><span style=\"font-family: Verdana,sans-serif\"><span style=\"font-size: x-small\"><span style=\"font-style: normal\"><span style=\"font-weight: normal\"><span style=\"background: transparent\">Usabilidad y Experiencia de Usuario<\/span><\/span><\/span><\/span><\/span><\/a><\/span><\/span><\/span><span style=\"color: #000000\"><span style=\"text-decoration: none\"><span style=\"font-size: x-small\"><span style=\"font-style: normal\"><span style=\"font-weight: normal\">y el <\/span><\/span><\/span><\/span><\/span><span style=\"color: #000080\"><span lang=\"zxx\"><span style=\"text-decoration: underline\"><a href=\"http:\/\/www.iebschool.com\/programas\/postgrado-direccion-desarrollo-proyectos-metodos-agiles\/\"><span style=\"font-family: Verdana,sans-serif\"><span style=\"font-size: x-small\"><span style=\"font-style: normal\"><span style=\"font-weight: normal\"><span style=\"background: transparent\">Agile Project &amp; Product Management<\/span><\/span><\/span><\/span><\/span><\/a><\/span><\/span><\/span><span style=\"color: #000000\"><span style=\"text-decoration: none\"><span style=\"font-size: x-small\"><span style=\"font-style: normal\"><span style=\"font-weight: normal\">, tambi\u00e9n han contado con el respaldo de los alumnos completando todas las plazas ofertadas en su primera convocatoria.<\/span><\/span><\/span><\/span><\/span><\/p>\n<p style=\"margin-bottom: 0cm\"><span style=\"color: #000000\"><span style=\"text-decoration: none\"><span style=\"font-size: x-small\"><span style=\"font-style: normal\"><span style=\"font-weight: normal\">Otra de las <\/span><\/span><\/span><\/span><\/span><span style=\"color: #000000\"><span style=\"text-decoration: none\"><span style=\"font-size: x-small\"><span style=\"font-style: normal\"><strong>tendencias es la formaci\u00f3n por competencias just in time<\/strong><\/span><\/span><\/span><\/span><span style=\"color: #000000\"><span style=\"text-decoration: none\"><span style=\"font-size: x-small\"><span style=\"font-style: normal\"><span style=\"font-weight: normal\">, que consiste en adquirir los conocimientos que necesitas en tu trabajo en el mismo momento en el que surge la necesidad, a trav\u00e9s de cursos muy espec\u00edficos, de bajo coste y corta duraci\u00f3n. Gracias a la plataforma <\/span><\/span><\/span><\/span><\/span><span style=\"color: #000080\"><span lang=\"zxx\"><span style=\"text-decoration: underline\"><a href=\"http:\/\/open.iebschool.com\/\"><span style=\"font-family: Verdana,sans-serif\"><span style=\"font-size: x-small\"><span style=\"font-style: normal\"><span style=\"font-weight: normal\"><span style=\"background: transparent\">Open IEBS<\/span><\/span><\/span><\/span><\/span><\/a><\/span><\/span><\/span><span style=\"color: #000000\"><span style=\"text-decoration: none\"><span style=\"font-size: x-small\"><span style=\"font-style: normal\"><span style=\"font-weight: normal\">, presentada a primeros de a\u00f1o, cerca de 1.500 alumnos han podido probar gratuitamente los 362 cursos creados por 81 profesores. M\u00e1s de 235 cursos ya est\u00e1n disponibles para que puedan realizarse desde cualquier plataforma y en cualquier momento.<\/span><\/span><\/span><\/span><\/span><\/p>\n<p style=\"margin-bottom: 0cm\"><span style=\"color: #000000\"><span style=\"text-decoration: none\"><span style=\"font-size: x-small\"><span style=\"font-style: normal\"><span style=\"font-weight: normal\">Desde que naciese en 2010, IEBS se ha interesado por integrar en sus programas los nuevos conceptos que han ido surgido en el mundo de los negocios, teniendo como base de su formaci\u00f3n el esp\u00edritu emprendedor, la sostenibilidad, la innovaci\u00f3n y la \u00e9tica. Unos valores que transmite a sus alumnos y que la han convertido en la <\/span><\/span><\/span><\/span><\/span><span style=\"color: #000000\"><span style=\"text-decoration: none\"><span style=\"font-size: x-small\"><span style=\"font-style: normal\"><strong>primera escuela de negocios espa\u00f1ola \u00edntegramente online<\/strong><\/span><\/span><\/span><\/span><span style=\"color: #000000\"><span style=\"text-decoration: none\"><span style=\"font-size: x-small\"><span style=\"font-style: normal\"><span style=\"font-weight: normal\">, seg\u00fan el ranking elaborado por Webometrics, Laboratorio de Cibermetr\u00eda del CSIC, adscrito al Ministerio de Ciencia y Tecnolog\u00eda.<\/span><\/span><\/span><\/span><\/span><\/p>\n\n<\/div>","protected":false},"excerpt":{"rendered":"","protected":false},"author":3,"featured_media":0,"comment_status":"open","ping_status":"open","sticky":false,"template":"","format":"standard","meta":{"footnotes":""},"categories":[8],"tags":[171,179],"class_list":["post-2000","post","type-post","status-publish","format-standard","hentry","category-notas-de-prensa","tag-mobile","tag-notas-de-prensa"],"yoast_head":"<!-- This site is optimized with the Yoast SEO Premium plugin v23.9 (Yoast SEO v24.6) - https:\/\/yoast.com\/wordpress\/plugins\/seo\/ -->\n<title>La demanda de profesionales con formaci\u00f3n en Mobile Business se duplica en el \u00faltimo a\u00f1o - Sala de Prensa<\/title>\n<meta name=\"description\" content=\"La demanda de profesionales con formaci\u00f3n en Mobile Business se duplica en el \u00faltimo a\u00f1o La formaci\u00f3n especializada se postula como opci\u00f3n ante la falta\" \/>\n<meta name=\"robots\" content=\"index, follow, max-snippet:-1, max-image-preview:large, max-video-preview:-1\" \/>\n<link rel=\"canonical\" href=\"https:\/\/www.iebschool.com\/saladeprensa\/2013\/07\/04\/demanda-mobile-business\/\" \/>\n<meta property=\"og:locale\" content=\"es_ES\" \/>\n<meta property=\"og:type\" content=\"article\" \/>\n<meta property=\"og:title\" content=\"La demanda de profesionales con formaci\u00f3n en Mobile Business se duplica en el \u00faltimo a\u00f1o\" \/>\n<meta property=\"og:description\" content=\"La demanda de profesionales con formaci\u00f3n en Mobile Business se duplica en el \u00faltimo a\u00f1o La formaci\u00f3n especializada se postula como opci\u00f3n ante la falta\" \/>\n<meta property=\"og:url\" content=\"https:\/\/www.iebschool.com\/saladeprensa\/2013\/07\/04\/demanda-mobile-business\/\" \/>\n<meta property=\"og:site_name\" content=\"Sala de Prensa\" \/>\n<meta property=\"article:published_time\" content=\"2013-07-04T10:40:08+00:00\" \/>\n<meta property=\"og:image\" content=\"http:\/\/static.iebschool.com\/11\/mailing_generico\/v3\/img\/logo_azul.png\" \/>\n<meta name=\"author\" content=\"Christian Pastrana\" \/>\n<meta name=\"twitter:card\" content=\"summary_large_image\" \/>\n<meta name=\"twitter:label1\" content=\"Escrito por\" \/>\n\t<meta name=\"twitter:data1\" content=\"Christian Pastrana\" \/>\n\t<meta name=\"twitter:label2\" content=\"Tiempo de lectura\" \/>\n\t<meta name=\"twitter:data2\" content=\"6 minutos\" \/>\n<script type=\"application\/ld+json\" class=\"yoast-schema-graph\">{\"@context\":\"https:\/\/schema.org\",\"@graph\":[{\"@type\":\"Article\",\"@id\":\"https:\/\/www.iebschool.com\/saladeprensa\/2013\/07\/04\/demanda-mobile-business\/#article\",\"isPartOf\":{\"@id\":\"https:\/\/www.iebschool.com\/saladeprensa\/2013\/07\/04\/demanda-mobile-business\/\"},\"author\":{\"name\":\"Christian Pastrana\",\"@id\":\"https:\/\/www.iebschool.com\/saladeprensa\/#\/schema\/person\/0d505c2f871ebcb26069fe93bad7f9a9\"},\"headline\":\"La demanda de profesionales con formaci\u00f3n en Mobile Business se duplica en el \u00faltimo a\u00f1o\",\"datePublished\":\"2013-07-04T10:40:08+00:00\",\"mainEntityOfPage\":{\"@id\":\"https:\/\/www.iebschool.com\/saladeprensa\/2013\/07\/04\/demanda-mobile-business\/\"},\"wordCount\":1302,\"commentCount\":0,\"publisher\":{\"@id\":\"https:\/\/www.iebschool.com\/saladeprensa\/#organization\"},\"image\":{\"@id\":\"https:\/\/www.iebschool.com\/saladeprensa\/2013\/07\/04\/demanda-mobile-business\/#primaryimage\"},\"thumbnailUrl\":\"http:\/\/static.iebschool.com\/11\/mailing_generico\/v3\/img\/logo_azul.png\",\"keywords\":[\"mobile\",\"Notas de Prensa\"],\"articleSection\":[\"Notas de Prensa\"],\"inLanguage\":\"es\",\"potentialAction\":[{\"@type\":\"CommentAction\",\"name\":\"Comment\",\"target\":[\"https:\/\/www.iebschool.com\/saladeprensa\/2013\/07\/04\/demanda-mobile-business\/#respond\"]}]},{\"@type\":\"WebPage\",\"@id\":\"https:\/\/www.iebschool.com\/saladeprensa\/2013\/07\/04\/demanda-mobile-business\/\",\"url\":\"https:\/\/www.iebschool.com\/saladeprensa\/2013\/07\/04\/demanda-mobile-business\/\",\"name\":\"La demanda de profesionales con formaci\u00f3n en Mobile Business se duplica en el \u00faltimo a\u00f1o - Sala de Prensa\",\"isPartOf\":{\"@id\":\"https:\/\/www.iebschool.com\/saladeprensa\/#website\"},\"primaryImageOfPage\":{\"@id\":\"https:\/\/www.iebschool.com\/saladeprensa\/2013\/07\/04\/demanda-mobile-business\/#primaryimage\"},\"image\":{\"@id\":\"https:\/\/www.iebschool.com\/saladeprensa\/2013\/07\/04\/demanda-mobile-business\/#primaryimage\"},\"thumbnailUrl\":\"http:\/\/static.iebschool.com\/11\/mailing_generico\/v3\/img\/logo_azul.png\",\"datePublished\":\"2013-07-04T10:40:08+00:00\",\"description\":\"La demanda de profesionales con formaci\u00f3n en Mobile Business se duplica en el \u00faltimo a\u00f1o La formaci\u00f3n especializada se postula como opci\u00f3n ante la falta\",\"breadcrumb\":{\"@id\":\"https:\/\/www.iebschool.com\/saladeprensa\/2013\/07\/04\/demanda-mobile-business\/#breadcrumb\"},\"inLanguage\":\"es\",\"potentialAction\":[{\"@type\":\"ReadAction\",\"target\":[\"https:\/\/www.iebschool.com\/saladeprensa\/2013\/07\/04\/demanda-mobile-business\/\"]}]},{\"@type\":\"ImageObject\",\"inLanguage\":\"es\",\"@id\":\"https:\/\/www.iebschool.com\/saladeprensa\/2013\/07\/04\/demanda-mobile-business\/#primaryimage\",\"url\":\"http:\/\/static.iebschool.com\/11\/mailing_generico\/v3\/img\/logo_azul.png\",\"contentUrl\":\"http:\/\/static.iebschool.com\/11\/mailing_generico\/v3\/img\/logo_azul.png\"},{\"@type\":\"BreadcrumbList\",\"@id\":\"https:\/\/www.iebschool.com\/saladeprensa\/2013\/07\/04\/demanda-mobile-business\/#breadcrumb\",\"itemListElement\":[{\"@type\":\"ListItem\",\"position\":1,\"name\":\"Portada\",\"item\":\"https:\/\/www.iebschool.com\/saladeprensa\/\"},{\"@type\":\"ListItem\",\"position\":2,\"name\":\"La demanda de profesionales con formaci\u00f3n en Mobile Business se duplica en el \u00faltimo a\u00f1o\"}]},{\"@type\":\"WebSite\",\"@id\":\"https:\/\/www.iebschool.com\/saladeprensa\/#website\",\"url\":\"https:\/\/www.iebschool.com\/saladeprensa\/\",\"name\":\"Sala de Prensa\",\"description\":\"IEBS\",\"publisher\":{\"@id\":\"https:\/\/www.iebschool.com\/saladeprensa\/#organization\"},\"potentialAction\":[{\"@type\":\"SearchAction\",\"target\":{\"@type\":\"EntryPoint\",\"urlTemplate\":\"https:\/\/www.iebschool.com\/saladeprensa\/?s={search_term_string}\"},\"query-input\":{\"@type\":\"PropertyValueSpecification\",\"valueRequired\":true,\"valueName\":\"search_term_string\"}}],\"inLanguage\":\"es\"},{\"@type\":\"Organization\",\"@id\":\"https:\/\/www.iebschool.com\/saladeprensa\/#organization\",\"name\":\"Sala de Prensa\",\"url\":\"https:\/\/www.iebschool.com\/saladeprensa\/\",\"logo\":{\"@type\":\"ImageObject\",\"inLanguage\":\"es\",\"@id\":\"https:\/\/www.iebschool.com\/saladeprensa\/#\/schema\/logo\/image\/\",\"url\":\"https:\/\/www.iebschool.com\/saladeprensa\/wp-content\/uploads\/2026\/02\/IEBS_Logo_BusinessSchool_1_Hor_Violeta-scaled.png\",\"contentUrl\":\"https:\/\/www.iebschool.com\/saladeprensa\/wp-content\/uploads\/2026\/02\/IEBS_Logo_BusinessSchool_1_Hor_Violeta-scaled.png\",\"width\":2560,\"height\":374,\"caption\":\"Sala de Prensa\"},\"image\":{\"@id\":\"https:\/\/www.iebschool.com\/saladeprensa\/#\/schema\/logo\/image\/\"}},{\"@type\":\"Person\",\"@id\":\"https:\/\/www.iebschool.com\/saladeprensa\/#\/schema\/person\/0d505c2f871ebcb26069fe93bad7f9a9\",\"name\":\"Christian Pastrana\",\"image\":{\"@type\":\"ImageObject\",\"inLanguage\":\"es\",\"@id\":\"https:\/\/www.iebschool.com\/saladeprensa\/#\/schema\/person\/image\/\",\"url\":\"https:\/\/secure.gravatar.com\/avatar\/9a9a01e1579bd4cc84333c230abcf16a43486ac86ed0f6284b167e18377800d3?s=96&d=mm&r=g\",\"contentUrl\":\"https:\/\/secure.gravatar.com\/avatar\/9a9a01e1579bd4cc84333c230abcf16a43486ac86ed0f6284b167e18377800d3?s=96&d=mm&r=g\",\"caption\":\"Christian Pastrana\"},\"url\":\"https:\/\/www.iebschool.com\/saladeprensa\/author\/christianiebschool-com\/\"}]}<\/script>\n<!-- \/ Yoast SEO Premium plugin. -->","yoast_head_json":{"title":"La demanda de profesionales con formaci\u00f3n en Mobile Business se duplica en el \u00faltimo a\u00f1o - Sala de Prensa","description":"La demanda de profesionales con formaci\u00f3n en Mobile Business se duplica en el \u00faltimo a\u00f1o La formaci\u00f3n especializada se postula como opci\u00f3n ante la falta","robots":{"index":"index","follow":"follow","max-snippet":"max-snippet:-1","max-image-preview":"max-image-preview:large","max-video-preview":"max-video-preview:-1"},"canonical":"https:\/\/www.iebschool.com\/saladeprensa\/2013\/07\/04\/demanda-mobile-business\/","og_locale":"es_ES","og_type":"article","og_title":"La demanda de profesionales con formaci\u00f3n en Mobile Business se duplica en el \u00faltimo a\u00f1o","og_description":"La demanda de profesionales con formaci\u00f3n en Mobile Business se duplica en el \u00faltimo a\u00f1o La formaci\u00f3n especializada se postula como opci\u00f3n ante la falta","og_url":"https:\/\/www.iebschool.com\/saladeprensa\/2013\/07\/04\/demanda-mobile-business\/","og_site_name":"Sala de Prensa","article_published_time":"2013-07-04T10:40:08+00:00","og_image":[{"url":"http:\/\/static.iebschool.com\/11\/mailing_generico\/v3\/img\/logo_azul.png","type":"","width":"","height":""}],"author":"Christian Pastrana","twitter_card":"summary_large_image","twitter_misc":{"Escrito por":"Christian Pastrana","Tiempo de lectura":"6 minutos"},"schema":{"@context":"https:\/\/schema.org","@graph":[{"@type":"Article","@id":"https:\/\/www.iebschool.com\/saladeprensa\/2013\/07\/04\/demanda-mobile-business\/#article","isPartOf":{"@id":"https:\/\/www.iebschool.com\/saladeprensa\/2013\/07\/04\/demanda-mobile-business\/"},"author":{"name":"Christian Pastrana","@id":"https:\/\/www.iebschool.com\/saladeprensa\/#\/schema\/person\/0d505c2f871ebcb26069fe93bad7f9a9"},"headline":"La demanda de profesionales con formaci\u00f3n en Mobile Business se duplica en el \u00faltimo a\u00f1o","datePublished":"2013-07-04T10:40:08+00:00","mainEntityOfPage":{"@id":"https:\/\/www.iebschool.com\/saladeprensa\/2013\/07\/04\/demanda-mobile-business\/"},"wordCount":1302,"commentCount":0,"publisher":{"@id":"https:\/\/www.iebschool.com\/saladeprensa\/#organization"},"image":{"@id":"https:\/\/www.iebschool.com\/saladeprensa\/2013\/07\/04\/demanda-mobile-business\/#primaryimage"},"thumbnailUrl":"http:\/\/static.iebschool.com\/11\/mailing_generico\/v3\/img\/logo_azul.png","keywords":["mobile","Notas de Prensa"],"articleSection":["Notas de Prensa"],"inLanguage":"es","potentialAction":[{"@type":"CommentAction","name":"Comment","target":["https:\/\/www.iebschool.com\/saladeprensa\/2013\/07\/04\/demanda-mobile-business\/#respond"]}]},{"@type":"WebPage","@id":"https:\/\/www.iebschool.com\/saladeprensa\/2013\/07\/04\/demanda-mobile-business\/","url":"https:\/\/www.iebschool.com\/saladeprensa\/2013\/07\/04\/demanda-mobile-business\/","name":"La demanda de profesionales con formaci\u00f3n en Mobile Business se duplica en el \u00faltimo a\u00f1o - Sala de Prensa","isPartOf":{"@id":"https:\/\/www.iebschool.com\/saladeprensa\/#website"},"primaryImageOfPage":{"@id":"https:\/\/www.iebschool.com\/saladeprensa\/2013\/07\/04\/demanda-mobile-business\/#primaryimage"},"image":{"@id":"https:\/\/www.iebschool.com\/saladeprensa\/2013\/07\/04\/demanda-mobile-business\/#primaryimage"},"thumbnailUrl":"http:\/\/static.iebschool.com\/11\/mailing_generico\/v3\/img\/logo_azul.png","datePublished":"2013-07-04T10:40:08+00:00","description":"La demanda de profesionales con formaci\u00f3n en Mobile Business se duplica en el \u00faltimo a\u00f1o La formaci\u00f3n especializada se postula como opci\u00f3n ante la falta","breadcrumb":{"@id":"https:\/\/www.iebschool.com\/saladeprensa\/2013\/07\/04\/demanda-mobile-business\/#breadcrumb"},"inLanguage":"es","potentialAction":[{"@type":"ReadAction","target":["https:\/\/www.iebschool.com\/saladeprensa\/2013\/07\/04\/demanda-mobile-business\/"]}]},{"@type":"ImageObject","inLanguage":"es","@id":"https:\/\/www.iebschool.com\/saladeprensa\/2013\/07\/04\/demanda-mobile-business\/#primaryimage","url":"http:\/\/static.iebschool.com\/11\/mailing_generico\/v3\/img\/logo_azul.png","contentUrl":"http:\/\/static.iebschool.com\/11\/mailing_generico\/v3\/img\/logo_azul.png"},{"@type":"BreadcrumbList","@id":"https:\/\/www.iebschool.com\/saladeprensa\/2013\/07\/04\/demanda-mobile-business\/#breadcrumb","itemListElement":[{"@type":"ListItem","position":1,"name":"Portada","item":"https:\/\/www.iebschool.com\/saladeprensa\/"},{"@type":"ListItem","position":2,"name":"La demanda de profesionales con formaci\u00f3n en Mobile Business se duplica en el \u00faltimo a\u00f1o"}]},{"@type":"WebSite","@id":"https:\/\/www.iebschool.com\/saladeprensa\/#website","url":"https:\/\/www.iebschool.com\/saladeprensa\/","name":"Sala de Prensa","description":"IEBS","publisher":{"@id":"https:\/\/www.iebschool.com\/saladeprensa\/#organization"},"potentialAction":[{"@type":"SearchAction","target":{"@type":"EntryPoint","urlTemplate":"https:\/\/www.iebschool.com\/saladeprensa\/?s={search_term_string}"},"query-input":{"@type":"PropertyValueSpecification","valueRequired":true,"valueName":"search_term_string"}}],"inLanguage":"es"},{"@type":"Organization","@id":"https:\/\/www.iebschool.com\/saladeprensa\/#organization","name":"Sala de Prensa","url":"https:\/\/www.iebschool.com\/saladeprensa\/","logo":{"@type":"ImageObject","inLanguage":"es","@id":"https:\/\/www.iebschool.com\/saladeprensa\/#\/schema\/logo\/image\/","url":"https:\/\/www.iebschool.com\/saladeprensa\/wp-content\/uploads\/2026\/02\/IEBS_Logo_BusinessSchool_1_Hor_Violeta-scaled.png","contentUrl":"https:\/\/www.iebschool.com\/saladeprensa\/wp-content\/uploads\/2026\/02\/IEBS_Logo_BusinessSchool_1_Hor_Violeta-scaled.png","width":2560,"height":374,"caption":"Sala de Prensa"},"image":{"@id":"https:\/\/www.iebschool.com\/saladeprensa\/#\/schema\/logo\/image\/"}},{"@type":"Person","@id":"https:\/\/www.iebschool.com\/saladeprensa\/#\/schema\/person\/0d505c2f871ebcb26069fe93bad7f9a9","name":"Christian Pastrana","image":{"@type":"ImageObject","inLanguage":"es","@id":"https:\/\/www.iebschool.com\/saladeprensa\/#\/schema\/person\/image\/","url":"https:\/\/secure.gravatar.com\/avatar\/9a9a01e1579bd4cc84333c230abcf16a43486ac86ed0f6284b167e18377800d3?s=96&d=mm&r=g","contentUrl":"https:\/\/secure.gravatar.com\/avatar\/9a9a01e1579bd4cc84333c230abcf16a43486ac86ed0f6284b167e18377800d3?s=96&d=mm&r=g","caption":"Christian Pastrana"},"url":"https:\/\/www.iebschool.com\/saladeprensa\/author\/christianiebschool-com\/"}]}},"image_thumbnail":"https:\/\/www.iebschool.com\/saladeprensa\/wp-includes\/images\/media\/default.svg","image_full":"https:\/\/www.iebschool.com\/saladeprensa\/wp-includes\/images\/media\/default.svg","categoria":{"nombre":"Notas de Prensa","slug":"category\/notas-de-prensa"},"_links":{"self":[{"href":"https:\/\/www.iebschool.com\/saladeprensa\/wp-json\/wp\/v2\/posts\/2000","targetHints":{"allow":["GET"]}}],"collection":[{"href":"https:\/\/www.iebschool.com\/saladeprensa\/wp-json\/wp\/v2\/posts"}],"about":[{"href":"https:\/\/www.iebschool.com\/saladeprensa\/wp-json\/wp\/v2\/types\/post"}],"author":[{"embeddable":true,"href":"https:\/\/www.iebschool.com\/saladeprensa\/wp-json\/wp\/v2\/users\/3"}],"replies":[{"embeddable":true,"href":"https:\/\/www.iebschool.com\/saladeprensa\/wp-json\/wp\/v2\/comments?post=2000"}],"version-history":[{"count":0,"href":"https:\/\/www.iebschool.com\/saladeprensa\/wp-json\/wp\/v2\/posts\/2000\/revisions"}],"wp:attachment":[{"href":"https:\/\/www.iebschool.com\/saladeprensa\/wp-json\/wp\/v2\/media?parent=2000"}],"wp:term":[{"taxonomy":"category","embeddable":true,"href":"https:\/\/www.iebschool.com\/saladeprensa\/wp-json\/wp\/v2\/categories?post=2000"},{"taxonomy":"post_tag","embeddable":true,"href":"https:\/\/www.iebschool.com\/saladeprensa\/wp-json\/wp\/v2\/tags?post=2000"}],"curies":[{"name":"wp","href":"https:\/\/api.w.org\/{rel}","templated":true}]}}