{"id":2358,"date":"2014-09-02T13:26:13","date_gmt":"2014-09-02T11:26:13","guid":{"rendered":"http:\/\/comunidad.iebschool.com\/saladeprensa\/?p=2358"},"modified":"2014-09-02T13:26:13","modified_gmt":"2014-09-02T11:26:13","slug":"iebs-amplia-hasta-el-15-de-septiembre-el-plazo-del-concurso-de-emprendedores-que-premia-con-24-becas-a-las-mejores-ideas","status":"publish","type":"post","link":"https:\/\/www.iebschool.com\/saladeprensa\/2014\/09\/02\/iebs-amplia-hasta-el-15-de-septiembre-el-plazo-del-concurso-de-emprendedores-que-premia-con-24-becas-a-las-mejores-ideas\/","title":{"rendered":"IEBS ampl\u00eda hasta el 15 de septiembre el plazo del Concurso de Emprendedores que premia con 24 Becas a las mejores ideas"},"content":{"rendered":"<table cellspacing=\"0\" cellpadding=\"0\">\n<tbody>\n<tr>\n<td><img src=\"http:\/\/static.iebschool.com\/11\/mailing_generico\/v3\/img\/logo_azul.png\" alt=\"\" width=\"212\" height=\"67\" \/><\/td>\n<\/tr>\n<tr>\n<td>\n<h1><strong>IEBS ampl\u00eda hasta el 15 de septiembre el plazo del Concurso de Emprendedores que premia con 24 Becas a las mejores ideas<\/strong><\/h1>\n<ul>\n\t<li><em>Las ocho categor\u00edas disponibles en el concurso son Emprendedores, Marketing, Social Media, Mobile Business, eCommerce y Log\u00edstica, Software Libre, Recursos Humanos y Periodismo Digital.\u00a0<\/em><\/li>\n<\/ul>\n<i>Barcelona, 02 de septiembre\u00a0de 2014.<\/i>\u00a0\u201cAyudar a quienes necesitan un empuj\u00f3n para crecer profesionalmente y premiar la innovaci\u00f3n en el emprendimiento\u201d. \u00c9ste es el objetivo que se ha propuesto la Escuela de Negocios de la Innovaci\u00f3n y los Emprendedores, IEBS, mediante la presente edici\u00f3n de su <a href=\"http:\/\/comunidad.iebschool.com\/concurso-idea-innovadora\/\">Concurso Idea Innovadora 2014<\/a>, dirigida a todas aquellas personas que est\u00e9n buscando una oportunidad para reorientar su carrera profesional o emprender su propio proyecto.\n\nConscientes de la importancia de ofrecer m\u00e1s ayudas a emprendedores, desempleados, j\u00f3venes reci\u00e9n licenciados, <b>IEBS ampl\u00eda el plazo para enviar ideas innovadoras a su concurso hasta el pr\u00f3ximo d\u00eda 15 de septiembre<\/b>. Hay 24 becas disponibles para cursar un master en la escuela de negocios. Adem\u00e1s, los ganadores podr\u00e1n beneficiarse de visibilidad y asesoramiento en el desarrollo de sus proyectos y acceso a los servicios exclusivos de IEBS.\n\nA pesar de las tasas de desempleo, desde la escuela de negocios, est\u00e1n convencidos que existen numerosos profesionales con grandes ideas a la espera de poder llevarlas a cabo. \u201cAhora es el momento de luchar por tus ideas\u201d apuntan desde IEBS. El concurso est\u00e1 dirigido tanto a quienes hayan creado recientemente un proyecto empresarial como a aquellos que est\u00e1n en la fase inicial de creaci\u00f3n de la idea de negocio.\n\nEl concurso est\u00e1 organizado en ocho categor\u00edas distintas: Emprendedores, Marketing, Social Media, Mobile Business, eCommerce y Log\u00edstica, Software Libre, Periodismo Digital y Recursos Humanos.\n\nLos participantes deber\u00e1n inscribirse al concurso en una de las categor\u00edas <a href=\"http:\/\/comunidad.iebschool.com\/concurso-idea-innovadora\/\">a trav\u00e9s de la web<\/a> antes del 15 de septiembre. Cada categor\u00eda contar\u00e1 con tres ganadores, el primero disfrutar\u00e1 de una Beca del 100% para cursar un master en la escuela de negocios. El segundo y tercer clasificados de cada categor\u00eda, por su parte, recibir\u00e1n una beca del 70% y del 50% respectivamente.\n\nA partir del 15 de septiembre, IEBS publicar\u00e1 los primeros proyectos seleccionados en su web donde las ideas ser\u00e1n expuestas a votaci\u00f3n p\u00fablica. Despu\u00e9s, un jurado compuesto por profesionales de las ocho \u00e1reas y los partners de cada categor\u00eda, tomar\u00e1n la decisi\u00f3n final premiando las tres mejores ideas emprendedoras.\n\n<b>Sobre IEBS<\/b>\n\n<b><\/b><b>IEBS,\u00a0<\/b>la escuela de negocios de la innovaci\u00f3n y los emprendedores, nace en el a\u00f1o 2010 con el objetivo de aportar\u00a0<b>una alternativa real al modelo de ense\u00f1anza tradicional\u00a0<\/b>con el que\u00a0<b>formar personas m\u00e1s responsables,\u00a0<\/b>que dirijan proyectos con un\u00a0<b>Esp\u00edritu Emprendedor\u00a0<\/b>desde la\u00a0<b>Innovaci\u00f3n<\/b>, la\u00a0<b>\u00c9tica\u00a0<\/b>y la\u00a0<b>Sostenibilidad<\/b>.<\/td>\n<\/tr>\n<\/tbody>\n<\/table>\n<table width=\"550\" cellspacing=\"0\" cellpadding=\"0\">\n<tbody>\n<tr>\n<td height=\"7\"><\/td>\n<\/tr>\n<tr>\n<td>\n<table width=\"100%\" cellspacing=\"0\" cellpadding=\"0\" bgcolor=\"#67BEE7\">\n<tbody>\n<tr>\n<td height=\"5\"><\/td>\n<\/tr>\n<\/tbody>\n<\/table>\n<\/td>\n<\/tr>\n<tr>\n<td height=\"15\"><\/td>\n<\/tr>\n<tr>\n<td>\n<table cellspacing=\"0\" cellpadding=\"0\">\n<tbody>\n<tr>\n<td width=\"50%\"><strong>Judit Izquierdo\n<\/strong><\/td>\n<td width=\"50%\"><strong>\u00a0<\/strong><\/td>\n<\/tr>\n<\/tbody>\n<\/table>\n<\/td>\n<\/tr>\n<tr>\n<td height=\"10\"><strong>Encu\u00e9ntrame en:<\/strong><\/td>\n<\/tr>\n<tr>\n<td>\n<table width=\"100%\" cellspacing=\"0\" cellpadding=\"0\">\n<tbody>\n<tr>\n<td width=\"50%\">\n<table cellspacing=\"0\" cellpadding=\"0\">\n<tbody>\n<tr>\n<td width=\"10\" height=\"14\">email<\/td>\n<td width=\"15\">\u00b7<\/td>\n<td><a href=\"mailto:jizquierdo@iebschool.com\">jizquierdo@iebschool.com<\/a><\/td>\n<\/tr>\n<tr>\n<td width=\"10\" height=\"14\">tlf<\/td>\n<td width=\"15\">\u00b7<\/td>\n<td>93 5035579<\/td>\n<\/tr>\n<tr>\n<td width=\"10\" height=\"14\">web<\/td>\n<td width=\"15\">\u00b7<\/td>\n<td><a href=\"http:\/\/www.iebschool.com\/\">www.iebschool.com<\/a><\/td>\n<\/tr>\n<\/tbody>\n<\/table>\n<\/td>\n<td align=\"right\" valign=\"top\" width=\"50%\">\n<table cellspacing=\"0\" cellpadding=\"0\">\n<tbody>\n<tr>\n<td width=\"3\" height=\"26\"><a href=\"http:\/\/www.youtube.com\/user\/Iebschool\"><img src=\"http:\/\/static.iebschool.com\/11\/mailing_generico\/v6\/img\/youtube.png\" alt=\"\" border=\"0\" \/><\/a><\/td>\n<td width=\"26\" height=\"26\"><a href=\"http:\/\/es.linkedin.com\/in\/iebschool\"><img src=\"http:\/\/static.iebschool.com\/11\/mailing_generico\/v3\/img\/linkedin.png\" alt=\"\" width=\"26\" height=\"26\" border=\"0\" \/><\/a><\/td>\n<td width=\"3\" height=\"26\"><\/td>\n<td width=\"26\" height=\"26\"><a href=\"http:\/\/www.facebook.com\/iebschool\"><img src=\"http:\/\/static.iebschool.com\/11\/mailing_generico\/v3\/img\/facebook.png\" alt=\"\" border=\"0\" \/><\/a><\/td>\n<td width=\"3\" height=\"26\"><\/td>\n<td width=\"26\" height=\"26\"><a href=\"http:\/\/twitter.com\/iebschool\"><img src=\"http:\/\/static.iebschool.com\/11\/mailing_generico\/v3\/img\/twitter.png\" alt=\"\" border=\"0\" \/><\/a><\/td>\n<\/tr>\n<\/tbody>\n<\/table>\n<\/td>\n<\/tr>\n<\/tbody>\n<\/table>\n<\/td>\n<\/tr>\n<\/tbody>\n<\/table>","protected":false},"excerpt":{"rendered":"","protected":false},"author":10,"featured_media":0,"comment_status":"open","ping_status":"open","sticky":false,"template":"","format":"standard","meta":{"footnotes":""},"categories":[8],"tags":[],"class_list":["post-2358","post","type-post","status-publish","format-standard","hentry","category-notas-de-prensa"],"yoast_head":"<!-- This site is optimized with the Yoast SEO Premium plugin v23.9 (Yoast SEO v24.6) - https:\/\/yoast.com\/wordpress\/plugins\/seo\/ -->\n<title>IEBS ampl\u00eda hasta el 15 de septiembre el plazo del Concurso de Emprendedores que premia con 24 Becas a las mejores ideas<\/title>\n<meta name=\"description\" content=\"Cada categor\u00eda del Concurso de Emprendedores contar\u00e1 con tres ganadores, el primero disfrutar\u00e1 de una Beca del 100% para cursar un master en la escuela de negocios. El segundo y tercer clasificados de cada categor\u00eda, por su parte, recibir\u00e1n una beca del 70% y del 50% respectivamente.\" \/>\n<meta name=\"robots\" content=\"index, follow, max-snippet:-1, max-image-preview:large, max-video-preview:-1\" \/>\n<link rel=\"canonical\" href=\"https:\/\/www.iebschool.com\/saladeprensa\/2014\/09\/02\/iebs-amplia-hasta-el-15-de-septiembre-el-plazo-del-concurso-de-emprendedores-que-premia-con-24-becas-a-las-mejores-ideas\/\" \/>\n<meta property=\"og:locale\" content=\"es_ES\" \/>\n<meta property=\"og:type\" content=\"article\" \/>\n<meta property=\"og:title\" content=\"IEBS ampl\u00eda hasta el 15 de septiembre el plazo del Concurso de Emprendedores que premia con 24 Becas a las mejores ideas\" \/>\n<meta property=\"og:description\" content=\"Cada categor\u00eda del Concurso de Emprendedores contar\u00e1 con tres ganadores, el primero disfrutar\u00e1 de una Beca del 100% para cursar un master en la escuela de negocios. El segundo y tercer clasificados de cada categor\u00eda, por su parte, recibir\u00e1n una beca del 70% y del 50% respectivamente.\" \/>\n<meta property=\"og:url\" content=\"https:\/\/www.iebschool.com\/saladeprensa\/2014\/09\/02\/iebs-amplia-hasta-el-15-de-septiembre-el-plazo-del-concurso-de-emprendedores-que-premia-con-24-becas-a-las-mejores-ideas\/\" \/>\n<meta property=\"og:site_name\" content=\"Sala de Prensa\" \/>\n<meta property=\"article:published_time\" content=\"2014-09-02T11:26:13+00:00\" \/>\n<meta property=\"og:image\" content=\"http:\/\/static.iebschool.com\/11\/mailing_generico\/v3\/img\/logo_azul.png\" \/>\n<meta name=\"author\" content=\"Judit Izquierdo\" \/>\n<meta name=\"twitter:card\" content=\"summary_large_image\" \/>\n<meta name=\"twitter:label1\" content=\"Escrito por\" \/>\n\t<meta name=\"twitter:data1\" content=\"Judit Izquierdo\" \/>\n\t<meta name=\"twitter:label2\" content=\"Tiempo de lectura\" \/>\n\t<meta name=\"twitter:data2\" content=\"2 minutos\" \/>\n<script type=\"application\/ld+json\" class=\"yoast-schema-graph\">{\"@context\":\"https:\/\/schema.org\",\"@graph\":[{\"@type\":\"Article\",\"@id\":\"https:\/\/www.iebschool.com\/saladeprensa\/2014\/09\/02\/iebs-amplia-hasta-el-15-de-septiembre-el-plazo-del-concurso-de-emprendedores-que-premia-con-24-becas-a-las-mejores-ideas\/#article\",\"isPartOf\":{\"@id\":\"https:\/\/www.iebschool.com\/saladeprensa\/2014\/09\/02\/iebs-amplia-hasta-el-15-de-septiembre-el-plazo-del-concurso-de-emprendedores-que-premia-con-24-becas-a-las-mejores-ideas\/\"},\"author\":{\"name\":\"Judit Izquierdo\",\"@id\":\"https:\/\/www.iebschool.com\/saladeprensa\/#\/schema\/person\/b6eefee4c22a49f18f820784d2bd9848\"},\"headline\":\"IEBS ampl\u00eda hasta el 15 de septiembre el plazo del Concurso de Emprendedores que premia con 24 Becas a las mejores ideas\",\"datePublished\":\"2014-09-02T11:26:13+00:00\",\"mainEntityOfPage\":{\"@id\":\"https:\/\/www.iebschool.com\/saladeprensa\/2014\/09\/02\/iebs-amplia-hasta-el-15-de-septiembre-el-plazo-del-concurso-de-emprendedores-que-premia-con-24-becas-a-las-mejores-ideas\/\"},\"wordCount\":507,\"commentCount\":0,\"publisher\":{\"@id\":\"https:\/\/www.iebschool.com\/saladeprensa\/#organization\"},\"image\":{\"@id\":\"https:\/\/www.iebschool.com\/saladeprensa\/2014\/09\/02\/iebs-amplia-hasta-el-15-de-septiembre-el-plazo-del-concurso-de-emprendedores-que-premia-con-24-becas-a-las-mejores-ideas\/#primaryimage\"},\"thumbnailUrl\":\"http:\/\/static.iebschool.com\/11\/mailing_generico\/v3\/img\/logo_azul.png\",\"articleSection\":[\"Notas de Prensa\"],\"inLanguage\":\"es\",\"potentialAction\":[{\"@type\":\"CommentAction\",\"name\":\"Comment\",\"target\":[\"https:\/\/www.iebschool.com\/saladeprensa\/2014\/09\/02\/iebs-amplia-hasta-el-15-de-septiembre-el-plazo-del-concurso-de-emprendedores-que-premia-con-24-becas-a-las-mejores-ideas\/#respond\"]}]},{\"@type\":\"WebPage\",\"@id\":\"https:\/\/www.iebschool.com\/saladeprensa\/2014\/09\/02\/iebs-amplia-hasta-el-15-de-septiembre-el-plazo-del-concurso-de-emprendedores-que-premia-con-24-becas-a-las-mejores-ideas\/\",\"url\":\"https:\/\/www.iebschool.com\/saladeprensa\/2014\/09\/02\/iebs-amplia-hasta-el-15-de-septiembre-el-plazo-del-concurso-de-emprendedores-que-premia-con-24-becas-a-las-mejores-ideas\/\",\"name\":\"IEBS ampl\u00eda hasta el 15 de septiembre el plazo del Concurso de Emprendedores que premia con 24 Becas a las mejores ideas\",\"isPartOf\":{\"@id\":\"https:\/\/www.iebschool.com\/saladeprensa\/#website\"},\"primaryImageOfPage\":{\"@id\":\"https:\/\/www.iebschool.com\/saladeprensa\/2014\/09\/02\/iebs-amplia-hasta-el-15-de-septiembre-el-plazo-del-concurso-de-emprendedores-que-premia-con-24-becas-a-las-mejores-ideas\/#primaryimage\"},\"image\":{\"@id\":\"https:\/\/www.iebschool.com\/saladeprensa\/2014\/09\/02\/iebs-amplia-hasta-el-15-de-septiembre-el-plazo-del-concurso-de-emprendedores-que-premia-con-24-becas-a-las-mejores-ideas\/#primaryimage\"},\"thumbnailUrl\":\"http:\/\/static.iebschool.com\/11\/mailing_generico\/v3\/img\/logo_azul.png\",\"datePublished\":\"2014-09-02T11:26:13+00:00\",\"description\":\"Cada categor\u00eda del Concurso de Emprendedores contar\u00e1 con tres ganadores, el primero disfrutar\u00e1 de una Beca del 100% para cursar un master en la escuela de negocios. El segundo y tercer clasificados de cada categor\u00eda, por su parte, recibir\u00e1n una beca del 70% y del 50% respectivamente.\",\"breadcrumb\":{\"@id\":\"https:\/\/www.iebschool.com\/saladeprensa\/2014\/09\/02\/iebs-amplia-hasta-el-15-de-septiembre-el-plazo-del-concurso-de-emprendedores-que-premia-con-24-becas-a-las-mejores-ideas\/#breadcrumb\"},\"inLanguage\":\"es\",\"potentialAction\":[{\"@type\":\"ReadAction\",\"target\":[\"https:\/\/www.iebschool.com\/saladeprensa\/2014\/09\/02\/iebs-amplia-hasta-el-15-de-septiembre-el-plazo-del-concurso-de-emprendedores-que-premia-con-24-becas-a-las-mejores-ideas\/\"]}]},{\"@type\":\"ImageObject\",\"inLanguage\":\"es\",\"@id\":\"https:\/\/www.iebschool.com\/saladeprensa\/2014\/09\/02\/iebs-amplia-hasta-el-15-de-septiembre-el-plazo-del-concurso-de-emprendedores-que-premia-con-24-becas-a-las-mejores-ideas\/#primaryimage\",\"url\":\"http:\/\/static.iebschool.com\/11\/mailing_generico\/v3\/img\/logo_azul.png\",\"contentUrl\":\"http:\/\/static.iebschool.com\/11\/mailing_generico\/v3\/img\/logo_azul.png\"},{\"@type\":\"BreadcrumbList\",\"@id\":\"https:\/\/www.iebschool.com\/saladeprensa\/2014\/09\/02\/iebs-amplia-hasta-el-15-de-septiembre-el-plazo-del-concurso-de-emprendedores-que-premia-con-24-becas-a-las-mejores-ideas\/#breadcrumb\",\"itemListElement\":[{\"@type\":\"ListItem\",\"position\":1,\"name\":\"Portada\",\"item\":\"https:\/\/www.iebschool.com\/saladeprensa\/\"},{\"@type\":\"ListItem\",\"position\":2,\"name\":\"IEBS ampl\u00eda hasta el 15 de septiembre el plazo del Concurso de Emprendedores que premia con 24 Becas a las mejores ideas\"}]},{\"@type\":\"WebSite\",\"@id\":\"https:\/\/www.iebschool.com\/saladeprensa\/#website\",\"url\":\"https:\/\/www.iebschool.com\/saladeprensa\/\",\"name\":\"Sala de Prensa\",\"description\":\"IEBS\",\"publisher\":{\"@id\":\"https:\/\/www.iebschool.com\/saladeprensa\/#organization\"},\"potentialAction\":[{\"@type\":\"SearchAction\",\"target\":{\"@type\":\"EntryPoint\",\"urlTemplate\":\"https:\/\/www.iebschool.com\/saladeprensa\/?s={search_term_string}\"},\"query-input\":{\"@type\":\"PropertyValueSpecification\",\"valueRequired\":true,\"valueName\":\"search_term_string\"}}],\"inLanguage\":\"es\"},{\"@type\":\"Organization\",\"@id\":\"https:\/\/www.iebschool.com\/saladeprensa\/#organization\",\"name\":\"Sala de Prensa\",\"url\":\"https:\/\/www.iebschool.com\/saladeprensa\/\",\"logo\":{\"@type\":\"ImageObject\",\"inLanguage\":\"es\",\"@id\":\"https:\/\/www.iebschool.com\/saladeprensa\/#\/schema\/logo\/image\/\",\"url\":\"https:\/\/www.iebschool.com\/saladeprensa\/wp-content\/uploads\/2026\/02\/IEBS_Logo_BusinessSchool_1_Hor_Violeta-scaled.png\",\"contentUrl\":\"https:\/\/www.iebschool.com\/saladeprensa\/wp-content\/uploads\/2026\/02\/IEBS_Logo_BusinessSchool_1_Hor_Violeta-scaled.png\",\"width\":2560,\"height\":374,\"caption\":\"Sala de Prensa\"},\"image\":{\"@id\":\"https:\/\/www.iebschool.com\/saladeprensa\/#\/schema\/logo\/image\/\"}},{\"@type\":\"Person\",\"@id\":\"https:\/\/www.iebschool.com\/saladeprensa\/#\/schema\/person\/b6eefee4c22a49f18f820784d2bd9848\",\"name\":\"Judit Izquierdo\",\"image\":{\"@type\":\"ImageObject\",\"inLanguage\":\"es\",\"@id\":\"https:\/\/www.iebschool.com\/saladeprensa\/#\/schema\/person\/image\/\",\"url\":\"https:\/\/secure.gravatar.com\/avatar\/fbf11061af7aed5c148fe51ea08eda1cdd44973c5d902e5bc7075f8306612b70?s=96&d=mm&r=g\",\"contentUrl\":\"https:\/\/secure.gravatar.com\/avatar\/fbf11061af7aed5c148fe51ea08eda1cdd44973c5d902e5bc7075f8306612b70?s=96&d=mm&r=g\",\"caption\":\"Judit Izquierdo\"},\"url\":\"https:\/\/www.iebschool.com\/saladeprensa\/author\/jizquierdoiebschool-com\/\"}]}<\/script>\n<!-- \/ Yoast SEO Premium plugin. -->","yoast_head_json":{"title":"IEBS ampl\u00eda hasta el 15 de septiembre el plazo del Concurso de Emprendedores que premia con 24 Becas a las mejores ideas","description":"Cada categor\u00eda del Concurso de Emprendedores contar\u00e1 con tres ganadores, el primero disfrutar\u00e1 de una Beca del 100% para cursar un master en la escuela de negocios. El segundo y tercer clasificados de cada categor\u00eda, por su parte, recibir\u00e1n una beca del 70% y del 50% respectivamente.","robots":{"index":"index","follow":"follow","max-snippet":"max-snippet:-1","max-image-preview":"max-image-preview:large","max-video-preview":"max-video-preview:-1"},"canonical":"https:\/\/www.iebschool.com\/saladeprensa\/2014\/09\/02\/iebs-amplia-hasta-el-15-de-septiembre-el-plazo-del-concurso-de-emprendedores-que-premia-con-24-becas-a-las-mejores-ideas\/","og_locale":"es_ES","og_type":"article","og_title":"IEBS ampl\u00eda hasta el 15 de septiembre el plazo del Concurso de Emprendedores que premia con 24 Becas a las mejores ideas","og_description":"Cada categor\u00eda del Concurso de Emprendedores contar\u00e1 con tres ganadores, el primero disfrutar\u00e1 de una Beca del 100% para cursar un master en la escuela de negocios. El segundo y tercer clasificados de cada categor\u00eda, por su parte, recibir\u00e1n una beca del 70% y del 50% respectivamente.","og_url":"https:\/\/www.iebschool.com\/saladeprensa\/2014\/09\/02\/iebs-amplia-hasta-el-15-de-septiembre-el-plazo-del-concurso-de-emprendedores-que-premia-con-24-becas-a-las-mejores-ideas\/","og_site_name":"Sala de Prensa","article_published_time":"2014-09-02T11:26:13+00:00","og_image":[{"url":"http:\/\/static.iebschool.com\/11\/mailing_generico\/v3\/img\/logo_azul.png","type":"","width":"","height":""}],"author":"Judit Izquierdo","twitter_card":"summary_large_image","twitter_misc":{"Escrito por":"Judit Izquierdo","Tiempo de lectura":"2 minutos"},"schema":{"@context":"https:\/\/schema.org","@graph":[{"@type":"Article","@id":"https:\/\/www.iebschool.com\/saladeprensa\/2014\/09\/02\/iebs-amplia-hasta-el-15-de-septiembre-el-plazo-del-concurso-de-emprendedores-que-premia-con-24-becas-a-las-mejores-ideas\/#article","isPartOf":{"@id":"https:\/\/www.iebschool.com\/saladeprensa\/2014\/09\/02\/iebs-amplia-hasta-el-15-de-septiembre-el-plazo-del-concurso-de-emprendedores-que-premia-con-24-becas-a-las-mejores-ideas\/"},"author":{"name":"Judit Izquierdo","@id":"https:\/\/www.iebschool.com\/saladeprensa\/#\/schema\/person\/b6eefee4c22a49f18f820784d2bd9848"},"headline":"IEBS ampl\u00eda hasta el 15 de septiembre el plazo del Concurso de Emprendedores que premia con 24 Becas a las mejores ideas","datePublished":"2014-09-02T11:26:13+00:00","mainEntityOfPage":{"@id":"https:\/\/www.iebschool.com\/saladeprensa\/2014\/09\/02\/iebs-amplia-hasta-el-15-de-septiembre-el-plazo-del-concurso-de-emprendedores-que-premia-con-24-becas-a-las-mejores-ideas\/"},"wordCount":507,"commentCount":0,"publisher":{"@id":"https:\/\/www.iebschool.com\/saladeprensa\/#organization"},"image":{"@id":"https:\/\/www.iebschool.com\/saladeprensa\/2014\/09\/02\/iebs-amplia-hasta-el-15-de-septiembre-el-plazo-del-concurso-de-emprendedores-que-premia-con-24-becas-a-las-mejores-ideas\/#primaryimage"},"thumbnailUrl":"http:\/\/static.iebschool.com\/11\/mailing_generico\/v3\/img\/logo_azul.png","articleSection":["Notas de Prensa"],"inLanguage":"es","potentialAction":[{"@type":"CommentAction","name":"Comment","target":["https:\/\/www.iebschool.com\/saladeprensa\/2014\/09\/02\/iebs-amplia-hasta-el-15-de-septiembre-el-plazo-del-concurso-de-emprendedores-que-premia-con-24-becas-a-las-mejores-ideas\/#respond"]}]},{"@type":"WebPage","@id":"https:\/\/www.iebschool.com\/saladeprensa\/2014\/09\/02\/iebs-amplia-hasta-el-15-de-septiembre-el-plazo-del-concurso-de-emprendedores-que-premia-con-24-becas-a-las-mejores-ideas\/","url":"https:\/\/www.iebschool.com\/saladeprensa\/2014\/09\/02\/iebs-amplia-hasta-el-15-de-septiembre-el-plazo-del-concurso-de-emprendedores-que-premia-con-24-becas-a-las-mejores-ideas\/","name":"IEBS ampl\u00eda hasta el 15 de septiembre el plazo del Concurso de Emprendedores que premia con 24 Becas a las mejores ideas","isPartOf":{"@id":"https:\/\/www.iebschool.com\/saladeprensa\/#website"},"primaryImageOfPage":{"@id":"https:\/\/www.iebschool.com\/saladeprensa\/2014\/09\/02\/iebs-amplia-hasta-el-15-de-septiembre-el-plazo-del-concurso-de-emprendedores-que-premia-con-24-becas-a-las-mejores-ideas\/#primaryimage"},"image":{"@id":"https:\/\/www.iebschool.com\/saladeprensa\/2014\/09\/02\/iebs-amplia-hasta-el-15-de-septiembre-el-plazo-del-concurso-de-emprendedores-que-premia-con-24-becas-a-las-mejores-ideas\/#primaryimage"},"thumbnailUrl":"http:\/\/static.iebschool.com\/11\/mailing_generico\/v3\/img\/logo_azul.png","datePublished":"2014-09-02T11:26:13+00:00","description":"Cada categor\u00eda del Concurso de Emprendedores contar\u00e1 con tres ganadores, el primero disfrutar\u00e1 de una Beca del 100% para cursar un master en la escuela de negocios. El segundo y tercer clasificados de cada categor\u00eda, por su parte, recibir\u00e1n una beca del 70% y del 50% respectivamente.","breadcrumb":{"@id":"https:\/\/www.iebschool.com\/saladeprensa\/2014\/09\/02\/iebs-amplia-hasta-el-15-de-septiembre-el-plazo-del-concurso-de-emprendedores-que-premia-con-24-becas-a-las-mejores-ideas\/#breadcrumb"},"inLanguage":"es","potentialAction":[{"@type":"ReadAction","target":["https:\/\/www.iebschool.com\/saladeprensa\/2014\/09\/02\/iebs-amplia-hasta-el-15-de-septiembre-el-plazo-del-concurso-de-emprendedores-que-premia-con-24-becas-a-las-mejores-ideas\/"]}]},{"@type":"ImageObject","inLanguage":"es","@id":"https:\/\/www.iebschool.com\/saladeprensa\/2014\/09\/02\/iebs-amplia-hasta-el-15-de-septiembre-el-plazo-del-concurso-de-emprendedores-que-premia-con-24-becas-a-las-mejores-ideas\/#primaryimage","url":"http:\/\/static.iebschool.com\/11\/mailing_generico\/v3\/img\/logo_azul.png","contentUrl":"http:\/\/static.iebschool.com\/11\/mailing_generico\/v3\/img\/logo_azul.png"},{"@type":"BreadcrumbList","@id":"https:\/\/www.iebschool.com\/saladeprensa\/2014\/09\/02\/iebs-amplia-hasta-el-15-de-septiembre-el-plazo-del-concurso-de-emprendedores-que-premia-con-24-becas-a-las-mejores-ideas\/#breadcrumb","itemListElement":[{"@type":"ListItem","position":1,"name":"Portada","item":"https:\/\/www.iebschool.com\/saladeprensa\/"},{"@type":"ListItem","position":2,"name":"IEBS ampl\u00eda hasta el 15 de septiembre el plazo del Concurso de Emprendedores que premia con 24 Becas a las mejores ideas"}]},{"@type":"WebSite","@id":"https:\/\/www.iebschool.com\/saladeprensa\/#website","url":"https:\/\/www.iebschool.com\/saladeprensa\/","name":"Sala de Prensa","description":"IEBS","publisher":{"@id":"https:\/\/www.iebschool.com\/saladeprensa\/#organization"},"potentialAction":[{"@type":"SearchAction","target":{"@type":"EntryPoint","urlTemplate":"https:\/\/www.iebschool.com\/saladeprensa\/?s={search_term_string}"},"query-input":{"@type":"PropertyValueSpecification","valueRequired":true,"valueName":"search_term_string"}}],"inLanguage":"es"},{"@type":"Organization","@id":"https:\/\/www.iebschool.com\/saladeprensa\/#organization","name":"Sala de Prensa","url":"https:\/\/www.iebschool.com\/saladeprensa\/","logo":{"@type":"ImageObject","inLanguage":"es","@id":"https:\/\/www.iebschool.com\/saladeprensa\/#\/schema\/logo\/image\/","url":"https:\/\/www.iebschool.com\/saladeprensa\/wp-content\/uploads\/2026\/02\/IEBS_Logo_BusinessSchool_1_Hor_Violeta-scaled.png","contentUrl":"https:\/\/www.iebschool.com\/saladeprensa\/wp-content\/uploads\/2026\/02\/IEBS_Logo_BusinessSchool_1_Hor_Violeta-scaled.png","width":2560,"height":374,"caption":"Sala de Prensa"},"image":{"@id":"https:\/\/www.iebschool.com\/saladeprensa\/#\/schema\/logo\/image\/"}},{"@type":"Person","@id":"https:\/\/www.iebschool.com\/saladeprensa\/#\/schema\/person\/b6eefee4c22a49f18f820784d2bd9848","name":"Judit Izquierdo","image":{"@type":"ImageObject","inLanguage":"es","@id":"https:\/\/www.iebschool.com\/saladeprensa\/#\/schema\/person\/image\/","url":"https:\/\/secure.gravatar.com\/avatar\/fbf11061af7aed5c148fe51ea08eda1cdd44973c5d902e5bc7075f8306612b70?s=96&d=mm&r=g","contentUrl":"https:\/\/secure.gravatar.com\/avatar\/fbf11061af7aed5c148fe51ea08eda1cdd44973c5d902e5bc7075f8306612b70?s=96&d=mm&r=g","caption":"Judit Izquierdo"},"url":"https:\/\/www.iebschool.com\/saladeprensa\/author\/jizquierdoiebschool-com\/"}]}},"image_thumbnail":"https:\/\/www.iebschool.com\/saladeprensa\/wp-includes\/images\/media\/default.svg","image_full":"https:\/\/www.iebschool.com\/saladeprensa\/wp-includes\/images\/media\/default.svg","categoria":{"nombre":"Notas de Prensa","slug":"category\/notas-de-prensa"},"_links":{"self":[{"href":"https:\/\/www.iebschool.com\/saladeprensa\/wp-json\/wp\/v2\/posts\/2358","targetHints":{"allow":["GET"]}}],"collection":[{"href":"https:\/\/www.iebschool.com\/saladeprensa\/wp-json\/wp\/v2\/posts"}],"about":[{"href":"https:\/\/www.iebschool.com\/saladeprensa\/wp-json\/wp\/v2\/types\/post"}],"author":[{"embeddable":true,"href":"https:\/\/www.iebschool.com\/saladeprensa\/wp-json\/wp\/v2\/users\/10"}],"replies":[{"embeddable":true,"href":"https:\/\/www.iebschool.com\/saladeprensa\/wp-json\/wp\/v2\/comments?post=2358"}],"version-history":[{"count":0,"href":"https:\/\/www.iebschool.com\/saladeprensa\/wp-json\/wp\/v2\/posts\/2358\/revisions"}],"wp:attachment":[{"href":"https:\/\/www.iebschool.com\/saladeprensa\/wp-json\/wp\/v2\/media?parent=2358"}],"wp:term":[{"taxonomy":"category","embeddable":true,"href":"https:\/\/www.iebschool.com\/saladeprensa\/wp-json\/wp\/v2\/categories?post=2358"},{"taxonomy":"post_tag","embeddable":true,"href":"https:\/\/www.iebschool.com\/saladeprensa\/wp-json\/wp\/v2\/tags?post=2358"}],"curies":[{"name":"wp","href":"https:\/\/api.w.org\/{rel}","templated":true}]}}