{"id":2404,"date":"2014-09-25T13:19:33","date_gmt":"2014-09-25T11:19:33","guid":{"rendered":"http:\/\/comunidad.iebschool.com\/saladeprensa\/?p=2404"},"modified":"2014-09-25T13:19:33","modified_gmt":"2014-09-25T11:19:33","slug":"iebs-formara-a-expertos-en-sem-ppc-y-social-ads-con-el-nuevo-master-dirigido-por-fernando-beneitez","status":"publish","type":"post","link":"https:\/\/www.iebschool.com\/saladeprensa\/2014\/09\/25\/iebs-formara-a-expertos-en-sem-ppc-y-social-ads-con-el-nuevo-master-dirigido-por-fernando-beneitez\/","title":{"rendered":"IEBS formar\u00e1 a expertos en SEM, PPC y Social Ads con el nuevo Master dirigido por Fernando Bene\u00edtez"},"content":{"rendered":"<table cellspacing=\"0\" cellpadding=\"0\">\n<tbody>\n<tr>\n<td><img src=\"http:\/\/static.iebschool.com\/11\/mailing_generico\/v3\/img\/logo_azul.png\" alt=\"\" width=\"212\" height=\"67\" \/><\/td>\n<\/tr>\n<tr>\n<td>\n<h1><b>IEBS formar\u00e1 a expertos en SEM, PPC y Social Ads con el nuevo Master dirigido por Fernando Bene\u00edtez<\/b><\/h1>\n<ul>\n\t<li><em><em>El Master propone la formaci\u00f3n de consultores especializados en tendencias en publicidad online y Native Advertising<\/em><\/em><em>\u00a0<\/em><\/li>\n\t<li><em>La demanda de profesionales SEM aumenta con la inversi\u00f3n en medios online<\/em><\/li>\n<\/ul>\n<i>Barcelona, 25 de septiembre\u00a0de 2014.\u00a0<\/i>Las empresas buscan expertos en SEM que sean capaces de gestionar campa\u00f1as mucho m\u00e1s all\u00e1 de Google Adwords y conocer el uso de herramientas.\n\nAs\u00ed lo considera Fernando Bene\u00edtez, director del nuevo <strong>Master en SEM y PPC que lanza la escuela de negocios IEBS.<\/strong>\n\nEl crecimiento de la inversi\u00f3n en publicidad online, que se concentra adem\u00e1s en muy pocos agentes como son el buscador Google, Facebook, Twitter y grandes medios de comunicaci\u00f3n digitales, ha hecho que <strong>tambi\u00e9n aumente la necesidad de profesionales que se adapten a los nuevos canales.<\/strong>\n\nYa no basta con conocer c\u00f3mo funcionan las herramientas de gesti\u00f3n de PPC sino que hay que ir mucho m\u00e1s all\u00e1, con <strong>estrategias que resuelvan las necesidades individuales<\/strong> de cada cliente. \u201cPrecisamente el Master lo que busca es\u00a0<strong>capacitar al alumno a definir estrategias con distintos tipos de clientes<\/strong><strong>\u201d<\/strong><strong>, afirma el director.<\/strong>\n\nA ello hay que unir que la publicidad en\u00a0 internet crece a la misma velocidad que el medio, lo que obliga a las personas que operan en \u00e9l a estar form\u00e1ndose continuamente. Hablamos de dominar <strong>campa\u00f1as avanzadas de adwords, display, remarketing, social media Ads\u2026 <\/strong>y de adentrarse en las<strong> tendencias que llegan como el Native Advertising o publicidad nativa.<\/strong>\n\n\u201cEl canal es cada vez m\u00e1s exigente\u201d, comenta Bene\u00edtez. Cuando crees que ya dominas un punto, surgen nuevos aspectos que te obligan a empezar. Ahora los retos est\u00e1n en saber aprovechar las oportunidades de SEM del canal m\u00f3vil, de publicidad local, de publicidad no solo en adwords\u2026\u201d.\n\nEl <strong>perfil multidisciplinar<\/strong> es la tendencia. Si las <strong>estrategias SEO y SEM<\/strong> van alineadas es m\u00e1s f\u00e1cil conseguir los objetivos que demandan las empresas y los clientes.\n\nIEBS Business School es la primera escuela de negocio online. M\u00e1s de 7000 alumnos ya han pasado por ella, aprendiendo a trav\u00e9s de un m\u00e9todo exclusivo, 100% online y pr\u00e1ctico, donde se aprende en clases semanales con profesores que mentorizan d\u00eda a d\u00eda el aprendizaje a trav\u00e9s del campus virtual y forman a los alumnos a trav\u00e9s de casos pr\u00e1cticos.\n\nLa primera edici\u00f3n del <a href=\"http:\/\/www.iebschool.com\/programas\/master-sem-ppc-marketing-buscadores\/\">Master en SEM y PPC<\/a> dar\u00e1 comienza el <strong>pr\u00f3ximo 30 de octubre.<\/strong>\n\n&nbsp;\n\n<b>Sobre IEBS<\/b>\n\n<b><\/b><b>IEBS,\u00a0<\/b>la escuela de negocios de la innovaci\u00f3n y los emprendedores, nace en el a\u00f1o 2010 con el objetivo de aportar\u00a0<b>una alternativa real al modelo de ense\u00f1anza tradicional\u00a0<\/b>con el que\u00a0<b>formar personas m\u00e1s responsables,\u00a0<\/b>que dirijan proyectos con un\u00a0<b>Esp\u00edritu Emprendedor\u00a0<\/b>desde la\u00a0<b>Innovaci\u00f3n<\/b>, la\u00a0<b>\u00c9tica\u00a0<\/b>y la\u00a0<b>Sostenibilidad<\/b>.<\/td>\n<\/tr>\n<\/tbody>\n<\/table>\n<table width=\"550\" cellspacing=\"0\" cellpadding=\"0\">\n<tbody>\n<tr>\n<td height=\"7\"><\/td>\n<\/tr>\n<tr>\n<td>\n<table width=\"100%\" cellspacing=\"0\" cellpadding=\"0\" bgcolor=\"#67BEE7\">\n<tbody>\n<tr>\n<td height=\"5\"><\/td>\n<\/tr>\n<\/tbody>\n<\/table>\n<\/td>\n<\/tr>\n<tr>\n<td height=\"15\"><\/td>\n<\/tr>\n<tr>\n<td>\n<table cellspacing=\"0\" cellpadding=\"0\">\n<tbody>\n<tr>\n<td width=\"50%\"><strong>Judit Izquierdo\n<\/strong><\/td>\n<td width=\"50%\"><strong>\u00a0<\/strong><\/td>\n<\/tr>\n<\/tbody>\n<\/table>\n<\/td>\n<\/tr>\n<tr>\n<td height=\"10\"><strong>Encu\u00e9ntrame en:<\/strong><\/td>\n<\/tr>\n<tr>\n<td>\n<table width=\"100%\" cellspacing=\"0\" cellpadding=\"0\">\n<tbody>\n<tr>\n<td width=\"50%\">\n<table cellspacing=\"0\" cellpadding=\"0\">\n<tbody>\n<tr>\n<td width=\"10\" height=\"14\">email<\/td>\n<td width=\"15\">\u00b7<\/td>\n<td><a href=\"mailto:jizquierdo@iebschool.com\">jizquierdo@iebschool.com<\/a><\/td>\n<\/tr>\n<tr>\n<td width=\"10\" height=\"14\">tlf<\/td>\n<td width=\"15\">\u00b7<\/td>\n<td>93 1833 199<\/td>\n<\/tr>\n<tr>\n<td width=\"10\" height=\"14\">web<\/td>\n<td width=\"15\">\u00b7<\/td>\n<td><a href=\"http:\/\/www.iebschool.com\/\">www.iebschool.com<\/a><\/td>\n<\/tr>\n<\/tbody>\n<\/table>\n<\/td>\n<td align=\"right\" valign=\"top\" width=\"50%\">\n<table cellspacing=\"0\" cellpadding=\"0\">\n<tbody>\n<tr>\n<td width=\"3\" height=\"26\"><a href=\"http:\/\/www.youtube.com\/user\/Iebschool\"><img src=\"http:\/\/static.iebschool.com\/11\/mailing_generico\/v6\/img\/youtube.png\" alt=\"\" border=\"0\" \/><\/a><\/td>\n<td width=\"26\" height=\"26\"><a href=\"http:\/\/es.linkedin.com\/in\/iebschool\"><img src=\"http:\/\/static.iebschool.com\/11\/mailing_generico\/v3\/img\/linkedin.png\" alt=\"\" width=\"26\" height=\"26\" border=\"0\" \/><\/a><\/td>\n<td width=\"3\" height=\"26\"><\/td>\n<td width=\"26\" height=\"26\"><a href=\"http:\/\/www.facebook.com\/iebschool\"><img src=\"http:\/\/static.iebschool.com\/11\/mailing_generico\/v3\/img\/facebook.png\" alt=\"\" border=\"0\" \/><\/a><\/td>\n<td width=\"3\" height=\"26\"><\/td>\n<td width=\"26\" height=\"26\"><a href=\"http:\/\/twitter.com\/iebschool\"><img src=\"http:\/\/static.iebschool.com\/11\/mailing_generico\/v3\/img\/twitter.png\" alt=\"\" border=\"0\" \/><\/a><\/td>\n<\/tr>\n<\/tbody>\n<\/table>\n<\/td>\n<\/tr>\n<\/tbody>\n<\/table>\n<\/td>\n<\/tr>\n<\/tbody>\n<\/table>","protected":false},"excerpt":{"rendered":"","protected":false},"author":10,"featured_media":0,"comment_status":"open","ping_status":"open","sticky":false,"template":"","format":"standard","meta":{"footnotes":""},"categories":[8],"tags":[],"class_list":["post-2404","post","type-post","status-publish","format-standard","hentry","category-notas-de-prensa"],"yoast_head":"<!-- This site is optimized with the Yoast SEO Premium plugin v23.9 (Yoast SEO v24.6) - https:\/\/yoast.com\/wordpress\/plugins\/seo\/ -->\n<title>IEBS formar\u00e1 a expertos en SEM, PPC y Social Ads con el nuevo Master dirigido por Fernando Bene\u00edtez - Sala de Prensa<\/title>\n<meta name=\"description\" content=\"IEBS formar\u00e1 a expertos en SEM, PPC y Social Ads con el nuevo Master dirigido por Fernando Bene\u00edtez El Master propone la formaci\u00f3n de consultores\" \/>\n<meta name=\"robots\" content=\"index, follow, max-snippet:-1, max-image-preview:large, max-video-preview:-1\" \/>\n<link rel=\"canonical\" href=\"https:\/\/www.iebschool.com\/saladeprensa\/2014\/09\/25\/iebs-formara-a-expertos-en-sem-ppc-y-social-ads-con-el-nuevo-master-dirigido-por-fernando-beneitez\/\" \/>\n<meta property=\"og:locale\" content=\"es_ES\" \/>\n<meta property=\"og:type\" content=\"article\" \/>\n<meta property=\"og:title\" content=\"IEBS formar\u00e1 a expertos en SEM, PPC y Social Ads con el nuevo Master dirigido por Fernando Bene\u00edtez\" \/>\n<meta property=\"og:description\" content=\"IEBS formar\u00e1 a expertos en SEM, PPC y Social Ads con el nuevo Master dirigido por Fernando Bene\u00edtez El Master propone la formaci\u00f3n de consultores\" \/>\n<meta property=\"og:url\" content=\"https:\/\/www.iebschool.com\/saladeprensa\/2014\/09\/25\/iebs-formara-a-expertos-en-sem-ppc-y-social-ads-con-el-nuevo-master-dirigido-por-fernando-beneitez\/\" \/>\n<meta property=\"og:site_name\" content=\"Sala de Prensa\" \/>\n<meta property=\"article:published_time\" content=\"2014-09-25T11:19:33+00:00\" \/>\n<meta property=\"og:image\" content=\"http:\/\/static.iebschool.com\/11\/mailing_generico\/v3\/img\/logo_azul.png\" \/>\n<meta name=\"author\" content=\"Judit Izquierdo\" \/>\n<meta name=\"twitter:card\" content=\"summary_large_image\" \/>\n<meta name=\"twitter:label1\" content=\"Escrito por\" \/>\n\t<meta name=\"twitter:data1\" content=\"Judit Izquierdo\" \/>\n\t<meta name=\"twitter:label2\" content=\"Tiempo de lectura\" \/>\n\t<meta name=\"twitter:data2\" content=\"3 minutos\" \/>\n<script type=\"application\/ld+json\" class=\"yoast-schema-graph\">{\"@context\":\"https:\/\/schema.org\",\"@graph\":[{\"@type\":\"Article\",\"@id\":\"https:\/\/www.iebschool.com\/saladeprensa\/2014\/09\/25\/iebs-formara-a-expertos-en-sem-ppc-y-social-ads-con-el-nuevo-master-dirigido-por-fernando-beneitez\/#article\",\"isPartOf\":{\"@id\":\"https:\/\/www.iebschool.com\/saladeprensa\/2014\/09\/25\/iebs-formara-a-expertos-en-sem-ppc-y-social-ads-con-el-nuevo-master-dirigido-por-fernando-beneitez\/\"},\"author\":{\"name\":\"Judit Izquierdo\",\"@id\":\"https:\/\/www.iebschool.com\/saladeprensa\/#\/schema\/person\/b6eefee4c22a49f18f820784d2bd9848\"},\"headline\":\"IEBS formar\u00e1 a expertos en SEM, PPC y Social Ads con el nuevo Master dirigido por Fernando Bene\u00edtez\",\"datePublished\":\"2014-09-25T11:19:33+00:00\",\"mainEntityOfPage\":{\"@id\":\"https:\/\/www.iebschool.com\/saladeprensa\/2014\/09\/25\/iebs-formara-a-expertos-en-sem-ppc-y-social-ads-con-el-nuevo-master-dirigido-por-fernando-beneitez\/\"},\"wordCount\":521,\"commentCount\":0,\"publisher\":{\"@id\":\"https:\/\/www.iebschool.com\/saladeprensa\/#organization\"},\"image\":{\"@id\":\"https:\/\/www.iebschool.com\/saladeprensa\/2014\/09\/25\/iebs-formara-a-expertos-en-sem-ppc-y-social-ads-con-el-nuevo-master-dirigido-por-fernando-beneitez\/#primaryimage\"},\"thumbnailUrl\":\"http:\/\/static.iebschool.com\/11\/mailing_generico\/v3\/img\/logo_azul.png\",\"articleSection\":[\"Notas de Prensa\"],\"inLanguage\":\"es\",\"potentialAction\":[{\"@type\":\"CommentAction\",\"name\":\"Comment\",\"target\":[\"https:\/\/www.iebschool.com\/saladeprensa\/2014\/09\/25\/iebs-formara-a-expertos-en-sem-ppc-y-social-ads-con-el-nuevo-master-dirigido-por-fernando-beneitez\/#respond\"]}]},{\"@type\":\"WebPage\",\"@id\":\"https:\/\/www.iebschool.com\/saladeprensa\/2014\/09\/25\/iebs-formara-a-expertos-en-sem-ppc-y-social-ads-con-el-nuevo-master-dirigido-por-fernando-beneitez\/\",\"url\":\"https:\/\/www.iebschool.com\/saladeprensa\/2014\/09\/25\/iebs-formara-a-expertos-en-sem-ppc-y-social-ads-con-el-nuevo-master-dirigido-por-fernando-beneitez\/\",\"name\":\"IEBS formar\u00e1 a expertos en SEM, PPC y Social Ads con el nuevo Master dirigido por Fernando Bene\u00edtez - Sala de Prensa\",\"isPartOf\":{\"@id\":\"https:\/\/www.iebschool.com\/saladeprensa\/#website\"},\"primaryImageOfPage\":{\"@id\":\"https:\/\/www.iebschool.com\/saladeprensa\/2014\/09\/25\/iebs-formara-a-expertos-en-sem-ppc-y-social-ads-con-el-nuevo-master-dirigido-por-fernando-beneitez\/#primaryimage\"},\"image\":{\"@id\":\"https:\/\/www.iebschool.com\/saladeprensa\/2014\/09\/25\/iebs-formara-a-expertos-en-sem-ppc-y-social-ads-con-el-nuevo-master-dirigido-por-fernando-beneitez\/#primaryimage\"},\"thumbnailUrl\":\"http:\/\/static.iebschool.com\/11\/mailing_generico\/v3\/img\/logo_azul.png\",\"datePublished\":\"2014-09-25T11:19:33+00:00\",\"description\":\"IEBS formar\u00e1 a expertos en SEM, PPC y Social Ads con el nuevo Master dirigido por Fernando Bene\u00edtez El Master propone la formaci\u00f3n de consultores\",\"breadcrumb\":{\"@id\":\"https:\/\/www.iebschool.com\/saladeprensa\/2014\/09\/25\/iebs-formara-a-expertos-en-sem-ppc-y-social-ads-con-el-nuevo-master-dirigido-por-fernando-beneitez\/#breadcrumb\"},\"inLanguage\":\"es\",\"potentialAction\":[{\"@type\":\"ReadAction\",\"target\":[\"https:\/\/www.iebschool.com\/saladeprensa\/2014\/09\/25\/iebs-formara-a-expertos-en-sem-ppc-y-social-ads-con-el-nuevo-master-dirigido-por-fernando-beneitez\/\"]}]},{\"@type\":\"ImageObject\",\"inLanguage\":\"es\",\"@id\":\"https:\/\/www.iebschool.com\/saladeprensa\/2014\/09\/25\/iebs-formara-a-expertos-en-sem-ppc-y-social-ads-con-el-nuevo-master-dirigido-por-fernando-beneitez\/#primaryimage\",\"url\":\"http:\/\/static.iebschool.com\/11\/mailing_generico\/v3\/img\/logo_azul.png\",\"contentUrl\":\"http:\/\/static.iebschool.com\/11\/mailing_generico\/v3\/img\/logo_azul.png\"},{\"@type\":\"BreadcrumbList\",\"@id\":\"https:\/\/www.iebschool.com\/saladeprensa\/2014\/09\/25\/iebs-formara-a-expertos-en-sem-ppc-y-social-ads-con-el-nuevo-master-dirigido-por-fernando-beneitez\/#breadcrumb\",\"itemListElement\":[{\"@type\":\"ListItem\",\"position\":1,\"name\":\"Portada\",\"item\":\"https:\/\/www.iebschool.com\/saladeprensa\/\"},{\"@type\":\"ListItem\",\"position\":2,\"name\":\"IEBS formar\u00e1 a expertos en SEM, PPC y Social Ads con el nuevo Master dirigido por Fernando Bene\u00edtez\"}]},{\"@type\":\"WebSite\",\"@id\":\"https:\/\/www.iebschool.com\/saladeprensa\/#website\",\"url\":\"https:\/\/www.iebschool.com\/saladeprensa\/\",\"name\":\"Sala de Prensa\",\"description\":\"IEBS\",\"publisher\":{\"@id\":\"https:\/\/www.iebschool.com\/saladeprensa\/#organization\"},\"potentialAction\":[{\"@type\":\"SearchAction\",\"target\":{\"@type\":\"EntryPoint\",\"urlTemplate\":\"https:\/\/www.iebschool.com\/saladeprensa\/?s={search_term_string}\"},\"query-input\":{\"@type\":\"PropertyValueSpecification\",\"valueRequired\":true,\"valueName\":\"search_term_string\"}}],\"inLanguage\":\"es\"},{\"@type\":\"Organization\",\"@id\":\"https:\/\/www.iebschool.com\/saladeprensa\/#organization\",\"name\":\"Sala de Prensa\",\"url\":\"https:\/\/www.iebschool.com\/saladeprensa\/\",\"logo\":{\"@type\":\"ImageObject\",\"inLanguage\":\"es\",\"@id\":\"https:\/\/www.iebschool.com\/saladeprensa\/#\/schema\/logo\/image\/\",\"url\":\"https:\/\/www.iebschool.com\/saladeprensa\/wp-content\/uploads\/2026\/02\/IEBS_Logo_BusinessSchool_1_Hor_Violeta-scaled.png\",\"contentUrl\":\"https:\/\/www.iebschool.com\/saladeprensa\/wp-content\/uploads\/2026\/02\/IEBS_Logo_BusinessSchool_1_Hor_Violeta-scaled.png\",\"width\":2560,\"height\":374,\"caption\":\"Sala de Prensa\"},\"image\":{\"@id\":\"https:\/\/www.iebschool.com\/saladeprensa\/#\/schema\/logo\/image\/\"}},{\"@type\":\"Person\",\"@id\":\"https:\/\/www.iebschool.com\/saladeprensa\/#\/schema\/person\/b6eefee4c22a49f18f820784d2bd9848\",\"name\":\"Judit Izquierdo\",\"image\":{\"@type\":\"ImageObject\",\"inLanguage\":\"es\",\"@id\":\"https:\/\/www.iebschool.com\/saladeprensa\/#\/schema\/person\/image\/\",\"url\":\"https:\/\/secure.gravatar.com\/avatar\/fbf11061af7aed5c148fe51ea08eda1cdd44973c5d902e5bc7075f8306612b70?s=96&d=mm&r=g\",\"contentUrl\":\"https:\/\/secure.gravatar.com\/avatar\/fbf11061af7aed5c148fe51ea08eda1cdd44973c5d902e5bc7075f8306612b70?s=96&d=mm&r=g\",\"caption\":\"Judit Izquierdo\"},\"url\":\"https:\/\/www.iebschool.com\/saladeprensa\/author\/jizquierdoiebschool-com\/\"}]}<\/script>\n<!-- \/ Yoast SEO Premium plugin. -->","yoast_head_json":{"title":"IEBS formar\u00e1 a expertos en SEM, PPC y Social Ads con el nuevo Master dirigido por Fernando Bene\u00edtez - Sala de Prensa","description":"IEBS formar\u00e1 a expertos en SEM, PPC y Social Ads con el nuevo Master dirigido por Fernando Bene\u00edtez El Master propone la formaci\u00f3n de consultores","robots":{"index":"index","follow":"follow","max-snippet":"max-snippet:-1","max-image-preview":"max-image-preview:large","max-video-preview":"max-video-preview:-1"},"canonical":"https:\/\/www.iebschool.com\/saladeprensa\/2014\/09\/25\/iebs-formara-a-expertos-en-sem-ppc-y-social-ads-con-el-nuevo-master-dirigido-por-fernando-beneitez\/","og_locale":"es_ES","og_type":"article","og_title":"IEBS formar\u00e1 a expertos en SEM, PPC y Social Ads con el nuevo Master dirigido por Fernando Bene\u00edtez","og_description":"IEBS formar\u00e1 a expertos en SEM, PPC y Social Ads con el nuevo Master dirigido por Fernando Bene\u00edtez El Master propone la formaci\u00f3n de consultores","og_url":"https:\/\/www.iebschool.com\/saladeprensa\/2014\/09\/25\/iebs-formara-a-expertos-en-sem-ppc-y-social-ads-con-el-nuevo-master-dirigido-por-fernando-beneitez\/","og_site_name":"Sala de Prensa","article_published_time":"2014-09-25T11:19:33+00:00","og_image":[{"url":"http:\/\/static.iebschool.com\/11\/mailing_generico\/v3\/img\/logo_azul.png","type":"","width":"","height":""}],"author":"Judit Izquierdo","twitter_card":"summary_large_image","twitter_misc":{"Escrito por":"Judit Izquierdo","Tiempo de lectura":"3 minutos"},"schema":{"@context":"https:\/\/schema.org","@graph":[{"@type":"Article","@id":"https:\/\/www.iebschool.com\/saladeprensa\/2014\/09\/25\/iebs-formara-a-expertos-en-sem-ppc-y-social-ads-con-el-nuevo-master-dirigido-por-fernando-beneitez\/#article","isPartOf":{"@id":"https:\/\/www.iebschool.com\/saladeprensa\/2014\/09\/25\/iebs-formara-a-expertos-en-sem-ppc-y-social-ads-con-el-nuevo-master-dirigido-por-fernando-beneitez\/"},"author":{"name":"Judit Izquierdo","@id":"https:\/\/www.iebschool.com\/saladeprensa\/#\/schema\/person\/b6eefee4c22a49f18f820784d2bd9848"},"headline":"IEBS formar\u00e1 a expertos en SEM, PPC y Social Ads con el nuevo Master dirigido por Fernando Bene\u00edtez","datePublished":"2014-09-25T11:19:33+00:00","mainEntityOfPage":{"@id":"https:\/\/www.iebschool.com\/saladeprensa\/2014\/09\/25\/iebs-formara-a-expertos-en-sem-ppc-y-social-ads-con-el-nuevo-master-dirigido-por-fernando-beneitez\/"},"wordCount":521,"commentCount":0,"publisher":{"@id":"https:\/\/www.iebschool.com\/saladeprensa\/#organization"},"image":{"@id":"https:\/\/www.iebschool.com\/saladeprensa\/2014\/09\/25\/iebs-formara-a-expertos-en-sem-ppc-y-social-ads-con-el-nuevo-master-dirigido-por-fernando-beneitez\/#primaryimage"},"thumbnailUrl":"http:\/\/static.iebschool.com\/11\/mailing_generico\/v3\/img\/logo_azul.png","articleSection":["Notas de Prensa"],"inLanguage":"es","potentialAction":[{"@type":"CommentAction","name":"Comment","target":["https:\/\/www.iebschool.com\/saladeprensa\/2014\/09\/25\/iebs-formara-a-expertos-en-sem-ppc-y-social-ads-con-el-nuevo-master-dirigido-por-fernando-beneitez\/#respond"]}]},{"@type":"WebPage","@id":"https:\/\/www.iebschool.com\/saladeprensa\/2014\/09\/25\/iebs-formara-a-expertos-en-sem-ppc-y-social-ads-con-el-nuevo-master-dirigido-por-fernando-beneitez\/","url":"https:\/\/www.iebschool.com\/saladeprensa\/2014\/09\/25\/iebs-formara-a-expertos-en-sem-ppc-y-social-ads-con-el-nuevo-master-dirigido-por-fernando-beneitez\/","name":"IEBS formar\u00e1 a expertos en SEM, PPC y Social Ads con el nuevo Master dirigido por Fernando Bene\u00edtez - Sala de Prensa","isPartOf":{"@id":"https:\/\/www.iebschool.com\/saladeprensa\/#website"},"primaryImageOfPage":{"@id":"https:\/\/www.iebschool.com\/saladeprensa\/2014\/09\/25\/iebs-formara-a-expertos-en-sem-ppc-y-social-ads-con-el-nuevo-master-dirigido-por-fernando-beneitez\/#primaryimage"},"image":{"@id":"https:\/\/www.iebschool.com\/saladeprensa\/2014\/09\/25\/iebs-formara-a-expertos-en-sem-ppc-y-social-ads-con-el-nuevo-master-dirigido-por-fernando-beneitez\/#primaryimage"},"thumbnailUrl":"http:\/\/static.iebschool.com\/11\/mailing_generico\/v3\/img\/logo_azul.png","datePublished":"2014-09-25T11:19:33+00:00","description":"IEBS formar\u00e1 a expertos en SEM, PPC y Social Ads con el nuevo Master dirigido por Fernando Bene\u00edtez El Master propone la formaci\u00f3n de consultores","breadcrumb":{"@id":"https:\/\/www.iebschool.com\/saladeprensa\/2014\/09\/25\/iebs-formara-a-expertos-en-sem-ppc-y-social-ads-con-el-nuevo-master-dirigido-por-fernando-beneitez\/#breadcrumb"},"inLanguage":"es","potentialAction":[{"@type":"ReadAction","target":["https:\/\/www.iebschool.com\/saladeprensa\/2014\/09\/25\/iebs-formara-a-expertos-en-sem-ppc-y-social-ads-con-el-nuevo-master-dirigido-por-fernando-beneitez\/"]}]},{"@type":"ImageObject","inLanguage":"es","@id":"https:\/\/www.iebschool.com\/saladeprensa\/2014\/09\/25\/iebs-formara-a-expertos-en-sem-ppc-y-social-ads-con-el-nuevo-master-dirigido-por-fernando-beneitez\/#primaryimage","url":"http:\/\/static.iebschool.com\/11\/mailing_generico\/v3\/img\/logo_azul.png","contentUrl":"http:\/\/static.iebschool.com\/11\/mailing_generico\/v3\/img\/logo_azul.png"},{"@type":"BreadcrumbList","@id":"https:\/\/www.iebschool.com\/saladeprensa\/2014\/09\/25\/iebs-formara-a-expertos-en-sem-ppc-y-social-ads-con-el-nuevo-master-dirigido-por-fernando-beneitez\/#breadcrumb","itemListElement":[{"@type":"ListItem","position":1,"name":"Portada","item":"https:\/\/www.iebschool.com\/saladeprensa\/"},{"@type":"ListItem","position":2,"name":"IEBS formar\u00e1 a expertos en SEM, PPC y Social Ads con el nuevo Master dirigido por Fernando Bene\u00edtez"}]},{"@type":"WebSite","@id":"https:\/\/www.iebschool.com\/saladeprensa\/#website","url":"https:\/\/www.iebschool.com\/saladeprensa\/","name":"Sala de Prensa","description":"IEBS","publisher":{"@id":"https:\/\/www.iebschool.com\/saladeprensa\/#organization"},"potentialAction":[{"@type":"SearchAction","target":{"@type":"EntryPoint","urlTemplate":"https:\/\/www.iebschool.com\/saladeprensa\/?s={search_term_string}"},"query-input":{"@type":"PropertyValueSpecification","valueRequired":true,"valueName":"search_term_string"}}],"inLanguage":"es"},{"@type":"Organization","@id":"https:\/\/www.iebschool.com\/saladeprensa\/#organization","name":"Sala de Prensa","url":"https:\/\/www.iebschool.com\/saladeprensa\/","logo":{"@type":"ImageObject","inLanguage":"es","@id":"https:\/\/www.iebschool.com\/saladeprensa\/#\/schema\/logo\/image\/","url":"https:\/\/www.iebschool.com\/saladeprensa\/wp-content\/uploads\/2026\/02\/IEBS_Logo_BusinessSchool_1_Hor_Violeta-scaled.png","contentUrl":"https:\/\/www.iebschool.com\/saladeprensa\/wp-content\/uploads\/2026\/02\/IEBS_Logo_BusinessSchool_1_Hor_Violeta-scaled.png","width":2560,"height":374,"caption":"Sala de Prensa"},"image":{"@id":"https:\/\/www.iebschool.com\/saladeprensa\/#\/schema\/logo\/image\/"}},{"@type":"Person","@id":"https:\/\/www.iebschool.com\/saladeprensa\/#\/schema\/person\/b6eefee4c22a49f18f820784d2bd9848","name":"Judit Izquierdo","image":{"@type":"ImageObject","inLanguage":"es","@id":"https:\/\/www.iebschool.com\/saladeprensa\/#\/schema\/person\/image\/","url":"https:\/\/secure.gravatar.com\/avatar\/fbf11061af7aed5c148fe51ea08eda1cdd44973c5d902e5bc7075f8306612b70?s=96&d=mm&r=g","contentUrl":"https:\/\/secure.gravatar.com\/avatar\/fbf11061af7aed5c148fe51ea08eda1cdd44973c5d902e5bc7075f8306612b70?s=96&d=mm&r=g","caption":"Judit Izquierdo"},"url":"https:\/\/www.iebschool.com\/saladeprensa\/author\/jizquierdoiebschool-com\/"}]}},"image_thumbnail":"https:\/\/www.iebschool.com\/saladeprensa\/wp-includes\/images\/media\/default.svg","image_full":"https:\/\/www.iebschool.com\/saladeprensa\/wp-includes\/images\/media\/default.svg","categoria":{"nombre":"Notas de Prensa","slug":"category\/notas-de-prensa"},"_links":{"self":[{"href":"https:\/\/www.iebschool.com\/saladeprensa\/wp-json\/wp\/v2\/posts\/2404","targetHints":{"allow":["GET"]}}],"collection":[{"href":"https:\/\/www.iebschool.com\/saladeprensa\/wp-json\/wp\/v2\/posts"}],"about":[{"href":"https:\/\/www.iebschool.com\/saladeprensa\/wp-json\/wp\/v2\/types\/post"}],"author":[{"embeddable":true,"href":"https:\/\/www.iebschool.com\/saladeprensa\/wp-json\/wp\/v2\/users\/10"}],"replies":[{"embeddable":true,"href":"https:\/\/www.iebschool.com\/saladeprensa\/wp-json\/wp\/v2\/comments?post=2404"}],"version-history":[{"count":0,"href":"https:\/\/www.iebschool.com\/saladeprensa\/wp-json\/wp\/v2\/posts\/2404\/revisions"}],"wp:attachment":[{"href":"https:\/\/www.iebschool.com\/saladeprensa\/wp-json\/wp\/v2\/media?parent=2404"}],"wp:term":[{"taxonomy":"category","embeddable":true,"href":"https:\/\/www.iebschool.com\/saladeprensa\/wp-json\/wp\/v2\/categories?post=2404"},{"taxonomy":"post_tag","embeddable":true,"href":"https:\/\/www.iebschool.com\/saladeprensa\/wp-json\/wp\/v2\/tags?post=2404"}],"curies":[{"name":"wp","href":"https:\/\/api.w.org\/{rel}","templated":true}]}}