{"id":2471,"date":"2014-10-22T11:26:17","date_gmt":"2014-10-22T09:26:17","guid":{"rendered":"http:\/\/comunidad.iebschool.com\/saladeprensa\/?p=2471"},"modified":"2014-10-22T11:26:17","modified_gmt":"2014-10-22T09:26:17","slug":"concurso-emprendedores-innova-2014","status":"publish","type":"post","link":"https:\/\/www.iebschool.com\/saladeprensa\/2014\/10\/22\/concurso-emprendedores-innova-2014\/","title":{"rendered":"IEBS publica los ganadores de su concurso a la innovaci\u00f3n y los emprendedores del 2014"},"content":{"rendered":"<table cellspacing=\"0\" cellpadding=\"0\">\n<tbody>\n<tr>\n<td><img src=\"http:\/\/static.iebschool.com\/11\/mailing_generico\/v3\/img\/logo_azul.png\" alt=\"\" width=\"212\" height=\"67\" \/><\/td>\n<\/tr>\n<tr>\n<td style=\"text-align: justify\">\n<h1 style=\"text-align: left\" align=\"CENTER\"><span style=\"color: #000000\">IEBS publica los ganadores de su concurso a la innovaci\u00f3n y los emprendedores del 2014<\/span><\/h1>\n<ul>\n\t<li>\n<p style=\"margin-bottom: 0cm\"><em><span style=\"font-family: Verdana,serif\"><span style=\"font-size: small\">El certamen ha vuelto a alcanzar una\u00a0cifra r\u00e9cord de participaci\u00f3n con m\u00e1s de 1.500 proyectos recibidos\n<\/span><\/span><\/em><\/p>\n<\/li>\n\t<li>\n<p style=\"margin-bottom: 0cm\"><em><span style=\"font-family: Verdana,serif\"><span style=\"font-size: small\">El ganador recibe una beca total para cursar un master en la Escuela de la Innovaci\u00f3n y los Emprendedores<\/span><\/span><\/em><em><span style=\"font-family: Verdana,serif\"><span style=\"font-size: small\">\u00a0<\/span><\/span><\/em><\/p>\n<\/li>\n<\/ul>\n<em>Barcelona, 22 de octubre de 2014<\/em>\u00a0- La escuela de negocios IEBS ha anunciado, hoy, los <a href=\"http:\/\/comunidad.iebschool.com\/concurso-idea-innovadora\/ganadores-2014\/\" target=\"_blank\" rel=\"noopener\">ganadores del Concurso Idea Innovadora<\/a> en las distintas \u00e1reas de conocimiento. En esta quinta\u00a0edici\u00f3n, IEBS ha destacado la gran acogida que han tenido las nuevas categor\u00edas as\u00ed como la cantidad y calidad de los proyectos recibidos. En palabras de Oscar Fuente, director de la Escuela: \u201clas m\u00e1s de 1.500 propuestas recibidas son un indicador de que si hay apoyo no faltan ideas innovadoras\u201d.\n\nEl jurado del concurso ha estado compuesto por profesores de la escuela, profesionales de del sector y los media partners, que han dado soporte durante todo el proceso. \u00a0Seg\u00fan los portavoces, \u201cla decisi\u00f3n final ha sido muy complicada debido al alto nivel de los proyectos y el gran n\u00famero de propuestas recibidas\u201d. En esta edici\u00f3n los ganadores en cada una de las <strong>8 categor\u00edas<\/strong> han sido en la categor\u00eda de\u00a0<span><strong>Emprendimiento 2014<\/strong>:\u00a0Opcionis.com de\u00a0Gabriel Montero; en la categor\u00eda de\u00a0<strong>Marketing 2014<\/strong>:\u00a0MRC Digital\u00a0de\u00a0Mercedes Haba Montero; en la categor\u00eda de<strong>\u00a0Relaciones Humanas 2.0 2014<\/strong>:\u00a0Cuadrante de Identificaci\u00f3n de Talentos de\u00a0Rafael Zapata; en la categor\u00eda de\u00a0<strong>Redes Sociales 2014<\/strong>:\u00a0<strong>Whimbe<\/strong> de\u00a0Fernando Huelin Gan; en la categor\u00eda de\u00a0<strong>Periodismo Digital 2014<\/strong>:\u00a0AL ACECHO \u2013 TV ON LINE de\u00a0Johan Barrios; en la categor\u00eda de<strong>\u00a0Mobile Business &amp; Apps M\u00f3viles 2014<\/strong>:\u00a0Fitrip de<strong>\u00a0<\/strong>Alejandra Urbana; en la categor\u00eda de\u00a0<strong>Ecommerce 2014<\/strong>:\u00a0SmartPacking de\u00a0Javier L\u00f3pez Bravo; y en la categor\u00eda de\u00a0<strong>Software Libre &amp; Business Applications 2014<\/strong>:\u00a0Una mano por Colombia de\u00a0Esteban Vel\u00e1squez<\/span>\n\nTodos ellos recibir\u00e1n una\u00a0<b>beca del 100% para cursar un\u00a0Master<\/b>\u00a0en la Escuela con el objetivo de desarrollar las competencias necesarias para tirar adelante su idea de negocio.Los proyectos que han quedado en segunda y tercera posici\u00f3n han sido premiados con una beca del 70% y el 50%, respectivamente. Puedes consultar el listado completo de ganadores siguiendo <span lang=\"zxx\"><a href=\"http:\/\/comunidad.iebschool.com\/concurso-idea-innovadora\/ganadores-2014\/\" target=\"_blank\" rel=\"noopener\">este enlace<\/a><\/span>.\n\nPara la organizaci\u00f3n del concurso, IEBS ha contado con el soporte de partners de referencia en su \u00e1mbito, como son: Seedrocket, MarketingDirecto, RRHH Magazine, WwwhatsNew, TreceBits, el Publicista, ERP-Spain.com y eMagazine. Como en anteriores ediciones, el objetivo del concurso es apoyar a personas con ideas innovadoras, premiarles con formaci\u00f3n especializada y ayudarles a impulsar y acelerar sus proyectos.\n\n<strong>Sobre IEBS Business School<\/strong>\n\n<strong>IEBS Business School\u00a0<\/strong>nace en 2010 como una <span lang=\"zxx\"><a href=\"http:\/\/www.iebschool.com\/\">escuela de negocios<\/a><\/span> basada en la innovaci\u00f3n, el apoyo a los emprendedores, la \u00e9tica y la sostenibilidad. Su objetivo es crear un<strong> trampol\u00edn para emprendedores<\/strong> que ofrezca formaci\u00f3n, apoyo y financiaci\u00f3n para acelerar al m\u00e1ximo start-ups de base tecnol\u00f3gica. Ha sido elegido recientemente como la 1\u00aa escuela de negocios \u00edntegramente online y en el <span lang=\"zxx\"><a href=\"http:\/\/comunidad.iebschool.com\/iebs\/noticias\/iebs-se-reafirma-como-mejor-escuela-de-negocios-integramente-online-en-espana\/\">TOP 9<\/a><\/span> de las mejores escuelas de Espa\u00f1a.<\/td>\n<\/tr>\n<\/tbody>\n<\/table>\n<table width=\"550\" cellspacing=\"0\" cellpadding=\"0\">\n<tbody>\n<tr>\n<td height=\"7\"><\/td>\n<\/tr>\n<tr>\n<td>\n<table width=\"100%\" cellspacing=\"0\" cellpadding=\"0\" bgcolor=\"#67BEE7\">\n<tbody>\n<tr>\n<td height=\"5\"><\/td>\n<\/tr>\n<\/tbody>\n<\/table>\n<\/td>\n<\/tr>\n<tr>\n<td height=\"15\"><\/td>\n<\/tr>\n<tr>\n<td>\n<table cellspacing=\"0\" cellpadding=\"0\">\n<tbody>\n<tr>\n<td width=\"50%\"><strong>Jose Abell\u00e1n\n<\/strong><\/td>\n<td width=\"50%\"><strong>\n<\/strong><\/td>\n<\/tr>\n<\/tbody>\n<\/table>\n<\/td>\n<\/tr>\n<tr>\n<td height=\"10\"><strong>Encu\u00e9ntrame en:<\/strong><\/td>\n<\/tr>\n<tr>\n<td>\n<table width=\"100%\" cellspacing=\"0\" cellpadding=\"0\">\n<tbody>\n<tr>\n<td width=\"50%\">\n<table cellspacing=\"0\" cellpadding=\"0\">\n<tbody>\n<tr>\n<td width=\"10\" height=\"14\">email<\/td>\n<td width=\"15\">\u00b7<\/td>\n<td>\n<p style=\"margin-bottom: 0cm;line-height: 100%\"><a href=\"mailto:jizquierdo@iebschool.com\">jabellan@iebschool.com<\/a><\/p>\n<\/td>\n<\/tr>\n<tr>\n<td width=\"10\" height=\"14\">tlf<\/td>\n<td width=\"15\">\u00b7<\/td>\n<td>\n<p style=\"margin-bottom: 0cm;line-height: 100%\"><span style=\"color: #000000\"><span style=\"font-family: Times New Roman,serif\"><span style=\"font-size: medium\"><span style=\"font-family: Verdana,serif\"><span style=\"font-size: small\">902 945 936 <\/span><\/span><\/span><\/span><\/span><\/p>\n<\/td>\n<\/tr>\n<tr>\n<td width=\"10\" height=\"14\">web<\/td>\n<td width=\"15\">\u00b7<\/td>\n<td><a href=\"http:\/\/www.iebschool.com\/\">www.iebschool.com<\/a><\/td>\n<\/tr>\n<\/tbody>\n<\/table>\n<\/td>\n<td align=\"right\" valign=\"top\" width=\"50%\">\n<table cellspacing=\"0\" cellpadding=\"0\">\n<tbody>\n<tr>\n<td width=\"3\" height=\"26\"><\/td>\n<td width=\"26\" height=\"26\"><a href=\"http:\/\/www.linkedin.com\/company\/iebschool\" target=\"_blank\" rel=\"noopener\"><img src=\"http:\/\/static.iebschool.com\/11\/mailing_generico\/v3\/img\/linkedin.png\" alt=\"\" width=\"26\" height=\"26\" border=\"0\" \/><\/a><\/td>\n<td width=\"3\" height=\"26\"><\/td>\n<td width=\"26\" height=\"26\"><a href=\"http:\/\/www.facebook.com\/iebschool\" target=\"_blank\" rel=\"noopener\"><img src=\"http:\/\/static.iebschool.com\/11\/mailing_generico\/v3\/img\/facebook.png\" alt=\"\" border=\"0\" \/><\/a><\/td>\n<td width=\"3\" height=\"26\"><\/td>\n<td width=\"26\" height=\"26\"><a href=\"http:\/\/twitter.com\/iebschool\" target=\"_blank\" rel=\"noopener\"><img src=\"http:\/\/static.iebschool.com\/11\/mailing_generico\/v3\/img\/twitter.png\" alt=\"\" border=\"0\" \/><\/a><\/td>\n<\/tr>\n<\/tbody>\n<\/table>\n<\/td>\n<\/tr>\n<\/tbody>\n<\/table>\n<\/td>\n<\/tr>\n<\/tbody>\n<\/table>\n<div id=\"_mcePaste\" style=\"width: 1px;height: 1px;overflow: hidden\">\n<p style=\"margin-bottom: 0cm;font-style: normal;text-decoration: none\"><span style=\"color: #000000\"><span style=\"font-family: Verdana,sans-serif\"><span style=\"font-size: medium\"><strong>El emprendimiento y los perfiles 2.0 marcan la V Convocatoria de IEBS y el cierre del a\u00f1o acad\u00e9mico<\/strong><\/span><\/span><\/span><\/p>\n\n<ul>\n\t<li>\n<p style=\"margin-bottom: 0cm;background: transparent;font-weight: normal;text-decoration: none\"><span style=\"color: #000000\"><span style=\"font-size: small\"><em>El \u00e9xito del seminario online 'Emprender con m\u00e1s de 40 en Internet' lo convierte en uno de los programas estrellas de este a\u00f1o.<\/em><\/span><\/span><\/p>\n<\/li>\n\t<li>\n<p style=\"margin-bottom: 0cm;background: transparent;font-weight: normal;text-decoration: none\"><span style=\"color: #000000\"><span style=\"font-size: small\"><em>El proyecto Open IEBS, presentado a primeros de a\u00f1o se consolida como la primera plataforma de open learning de habla hispana.<\/em><\/span><\/span><\/p>\n<\/li>\n\t<li>\n<p style=\"margin-bottom: 0cm;background: transparent;font-weight: normal;text-decoration: none\"><span style=\"color: #000000\"><span style=\"font-size: small\"><em>La escuela de negocios reafirma su liderazgo en la formaci\u00f3n online cerrando el a\u00f1o con 3.817 alumnos.<\/em><\/span><\/span><\/p>\n<\/li>\n<\/ul>\n<p style=\"margin-bottom: 0cm\"><span style=\"color: #000000\"><span style=\"text-decoration: none\"><span style=\"font-size: x-small\"><span style=\"font-style: normal\"><span style=\"font-weight: normal\">Los profesionales son conscientes de la importancia de reciclarse y aprender nuevas t\u00e9cnicas para adaptarse a las necesidades del mercado. \u00c9sta es una de las claves del \u00e9xito de la <\/span><\/span><\/span><\/span><\/span><span style=\"color: #000000\"><span style=\"text-decoration: none\"><span style=\"font-size: x-small\"><span style=\"font-style: normal\"><strong>V Convocatoria de Masters y Postgrados de la escuela de negocios IEBS<\/strong><\/span><\/span><\/span><\/span><span style=\"color: #000000\"><span style=\"text-decoration: none\"><span style=\"font-size: x-small\"><span style=\"font-style: normal\"><span style=\"font-weight: normal\">, con la que se alcanzan los <\/span><\/span><\/span><\/span><\/span><span style=\"color: #000000\"><span style=\"text-decoration: none\"><span style=\"font-size: x-small\"><span style=\"font-style: normal\"><strong>3.817 alumnos<\/strong><\/span><\/span><\/span><\/span><span style=\"color: #000000\"><span style=\"text-decoration: none\"><span style=\"font-size: x-small\"><span style=\"font-style: normal\"><span style=\"font-weight: normal\">. La nueva edici\u00f3n est\u00e1 marcada por el creciente inter\u00e9s por formarse en las profesiones que giran alrededor del entorno 2.0 y por las ganas de emprender en tiempos de crisis.<\/span><\/span><\/span><\/span><\/span><\/p>\n<p style=\"margin-bottom: 0cm\"><span style=\"color: #000000\"><span style=\"text-decoration: none\"><span style=\"font-size: x-small\"><span style=\"font-style: normal\"><span style=\"font-weight: normal\">Ante las dificultades por encontrar un puesto de trabajo, muchos son los que deciden <\/span><\/span><\/span><\/span><\/span><span style=\"color: #000000\"><span style=\"text-decoration: none\"><span style=\"font-size: x-small\"><span style=\"font-style: normal\"><strong>buscar alternativas como el emprendimiento o la b\u00fasqueda activa de trabajo<\/strong><\/span><\/span><\/span><\/span><span style=\"color: #000000\"><span style=\"text-decoration: none\"><span style=\"font-size: x-small\"><span style=\"font-style: normal\"><span style=\"font-weight: normal\">. Profesionales que han decidido ir en busca del empleo en vez de esperarlo y reci\u00e9n licenciados son los perfiles que m\u00e1s han destacado en esta nueva convocatoria en el <\/span><\/span><\/span><\/span><\/span><span style=\"color: #000000\"><span style=\"text-decoration: none\"><span style=\"font-size: x-small\"><span style=\"font-style: normal\"><strong>Master en Direcci\u00f3n de Empresas para Emprendedores<\/strong><\/span><\/span><\/span><\/span><span style=\"color: #000000\"><span style=\"text-decoration: none\"><span style=\"font-family: Verdana,sans-serif\"><span style=\"font-size: x-small\"><span style=\"font-style: normal\"><span style=\"font-weight: normal\">. El programa ha sido <\/span><\/span><\/span><\/span><\/span><\/span><span style=\"color: #000000\"><span style=\"text-decoration: none\"><span style=\"font-size: x-small\"><span style=\"font-style: normal\"><span style=\"font-weight: normal\"> nuevamente uno de los programas m\u00e1s demandados tras haber conseguido cubrir todas sus plazas.<\/span><\/span><\/span><\/span><\/span><\/p>\n<p style=\"margin-bottom: 0cm\"><span style=\"color: #000000\"><span style=\"text-decoration: none\"><span style=\"font-size: x-small\"><span style=\"font-style: normal\"><span style=\"font-weight: normal\">Una muestra del inter\u00e9s por montar un negocio propio ha quedado patente en el \u00e9xito del curso <\/span><\/span><\/span><\/span><\/span><span style=\"color: #000080\"><span lang=\"zxx\"><span style=\"text-decoration: underline\"><a href=\"http:\/\/www.iebschool.com\/programas\/taller-emprender-40-internet\/\"><span style=\"font-family: Verdana,sans-serif\"><span style=\"font-size: x-small\"><span style=\"font-style: normal\"><strong><span style=\"background: transparent\">'Emprender con m\u00e1s de 40 en Internet'<\/span><\/strong><\/span><\/span><\/span><\/a><\/span><\/span><\/span><span style=\"color: #000000\"><span style=\"text-decoration: none\"><span style=\"font-size: x-small\"><span style=\"font-style: normal\"><span style=\"font-weight: normal\">, que sirvi\u00f3 de punto de encuentro para m\u00e1s de 160 personas de todo el mundo que desarrollaron en equipo proyectos con un gran futuro. Ante tan buena acogida, la escuela de negocios repetir\u00e1 la experiencia con un <\/span><\/span><\/span><\/span><\/span><span style=\"color: #000000\"><span style=\"text-decoration: none\"><span style=\"font-size: x-small\"><span style=\"font-style: normal\"><strong>evento online de emprendimiento a nivel global<\/strong><\/span><\/span><\/span><\/span><span style=\"color: #000000\"><span style=\"text-decoration: none\"><span style=\"font-size: x-small\"><span style=\"font-style: normal\"><span style=\"font-weight: normal\">que presentar\u00e1 en breve.<\/span><\/span><\/span><\/span><\/span><\/p>\n<p style=\"margin-bottom: 0cm\"><span style=\"color: #000000\"><span style=\"text-decoration: none\"><span style=\"font-size: x-small\"><span style=\"font-style: normal\"><span style=\"font-weight: normal\">Asimismo, otra de las caracter\u00edsticas de esta quinta convocatoria es la demanda por parte de los alumnos de <\/span><\/span><\/span><\/span><\/span><span style=\"color: #000000\"><span style=\"text-decoration: none\"><span style=\"font-size: x-small\"><span style=\"font-style: normal\"><strong>programas relacionados con las nuevas tecnolog\u00edas<\/strong><\/span><\/span><\/span><\/span><span style=\"color: #000000\"><span style=\"text-decoration: none\"><span style=\"font-size: x-small\"><span style=\"font-style: normal\"><span style=\"font-weight: normal\">y la web 2.0. El auge del community manager de nuevo se ve reflejado en el n\u00famero de alumnos que llenan tanto el <\/span><\/span><\/span><\/span><\/span><span style=\"color: #000000\"><span style=\"text-decoration: none\"><span style=\"font-size: x-small\"><span style=\"font-style: normal\"><strong>Master en Empresa 2.0 y Community Management<\/strong><\/span><\/span><\/span><\/span><span style=\"color: #000000\"><span style=\"text-decoration: none\"><span style=\"font-size: x-small\"><span style=\"font-style: normal\"><span style=\"font-weight: normal\">como el <\/span><\/span><\/span><\/span><\/span><span style=\"color: #000000\"><span style=\"text-decoration: none\"><span style=\"font-size: x-small\"><span style=\"font-style: normal\"><strong>Postgrado en Marketing Digital y Community Management<\/strong><\/span><\/span><\/span><\/span><span style=\"color: #000000\"><span style=\"text-decoration: none\"><span style=\"font-size: x-small\"><span style=\"font-style: normal\"><span style=\"font-weight: normal\">.<\/span><\/span><\/span><\/span><\/span><\/p>\n<p style=\"margin-bottom: 0cm\"><span style=\"color: #000000\"><span style=\"text-decoration: none\"><span style=\"font-size: x-small\"><span style=\"font-style: normal\"><span style=\"font-weight: normal\">Por esta misma raz\u00f3n, las nuevas propuestas formativas de IEBS para este a\u00f1o, los Postgrados en <\/span><\/span><\/span><\/span><\/span><span style=\"color: #000080\"><span lang=\"zxx\"><span style=\"text-decoration: underline\"><a href=\"http:\/\/www.iebschool.com\/programas\/postgrado-traffic-management-seo-sem-display-social-media\/\"><span style=\"font-family: Verdana,sans-serif\"><span style=\"font-size: x-small\"><span style=\"font-style: normal\"><span style=\"font-weight: normal\"><span style=\"background: transparent\">Traffic Management<\/span><\/span><\/span><\/span><\/span><\/a><\/span><\/span><\/span><span style=\"color: #000000\"><span style=\"text-decoration: none\"><span style=\"font-size: x-small\"><span style=\"font-style: normal\"><span style=\"font-weight: normal\">, <\/span><\/span><\/span><\/span><\/span><span style=\"color: #000080\"><span lang=\"zxx\"><span style=\"text-decoration: underline\"><a href=\"http:\/\/www.iebschool.com\/programas\/postgrado-analitica-web-tecnicas-analisis\/\"><span style=\"font-family: Verdana,sans-serif\"><span style=\"font-size: x-small\"><span style=\"font-style: normal\"><span style=\"font-weight: normal\"><span style=\"background: transparent\">Web Analytics<\/span><\/span><\/span><\/span><\/span><\/a><\/span><\/span><\/span><span style=\"color: #000000\"><span style=\"text-decoration: none\"><span style=\"font-size: x-small\"><span style=\"font-style: normal\"><span style=\"font-weight: normal\">, <\/span><\/span><\/span><\/span><\/span><span style=\"color: #000080\"><span lang=\"zxx\"><span style=\"text-decoration: underline\"><a href=\"http:\/\/www.iebschool.com\/programas\/postgrado-usabilidad-web-conversion-experiencia-usuario\/\"><span style=\"font-family: Verdana,sans-serif\"><span style=\"font-size: x-small\"><span style=\"font-style: normal\"><span style=\"font-weight: normal\"><span style=\"background: transparent\">Usabilidad y Experiencia de Usuario<\/span><\/span><\/span><\/span><\/span><\/a><\/span><\/span><\/span><span style=\"color: #000000\"><span style=\"text-decoration: none\"><span style=\"font-size: x-small\"><span style=\"font-style: normal\"><span style=\"font-weight: normal\">y el <\/span><\/span><\/span><\/span><\/span><span style=\"color: #000080\"><span lang=\"zxx\"><span style=\"text-decoration: underline\"><a href=\"http:\/\/www.iebschool.com\/programas\/postgrado-direccion-desarrollo-proyectos-metodos-agiles\/\"><span style=\"font-family: Verdana,sans-serif\"><span style=\"font-size: x-small\"><span style=\"font-style: normal\"><span style=\"font-weight: normal\"><span style=\"background: transparent\">Agile Project &amp; Product Management<\/span><\/span><\/span><\/span><\/span><\/a><\/span><\/span><\/span><span style=\"color: #000000\"><span style=\"text-decoration: none\"><span style=\"font-size: x-small\"><span style=\"font-style: normal\"><span style=\"font-weight: normal\">, tambi\u00e9n han contado con el respaldo de los alumnos completando todas las plazas ofertadas en su primera convocatoria.<\/span><\/span><\/span><\/span><\/span><\/p>\n<p style=\"margin-bottom: 0cm\"><span style=\"color: #000000\"><span style=\"text-decoration: none\"><span style=\"font-size: x-small\"><span style=\"font-style: normal\"><span style=\"font-weight: normal\">Otra de las <\/span><\/span><\/span><\/span><\/span><span style=\"color: #000000\"><span style=\"text-decoration: none\"><span style=\"font-size: x-small\"><span style=\"font-style: normal\"><strong>tendencias es la formaci\u00f3n por competencias just in time<\/strong><\/span><\/span><\/span><\/span><span style=\"color: #000000\"><span style=\"text-decoration: none\"><span style=\"font-size: x-small\"><span style=\"font-style: normal\"><span style=\"font-weight: normal\">, que consiste en adquirir los conocimientos que necesitas en tu trabajo en el mismo momento en el que surge la necesidad, a trav\u00e9s de cursos muy espec\u00edficos, de bajo coste y corta duraci\u00f3n. Gracias a la plataforma <\/span><\/span><\/span><\/span><\/span><span style=\"color: #000080\"><span lang=\"zxx\"><span style=\"text-decoration: underline\"><a href=\"http:\/\/open.iebschool.com\/\"><span style=\"font-family: Verdana,sans-serif\"><span style=\"font-size: x-small\"><span style=\"font-style: normal\"><span style=\"font-weight: normal\"><span style=\"background: transparent\">Open IEBS<\/span><\/span><\/span><\/span><\/span><\/a><\/span><\/span><\/span><span style=\"color: #000000\"><span style=\"text-decoration: none\"><span style=\"font-size: x-small\"><span style=\"font-style: normal\"><span style=\"font-weight: normal\">, presentada a primeros de a\u00f1o, cerca de 1.500 alumnos han podido probar gratuitamente los 362 cursos creados por 81 profesores. M\u00e1s de 235 cursos ya est\u00e1n disponibles para que puedan realizarse desde cualquier plataforma y en cualquier momento.<\/span><\/span><\/span><\/span><\/span><\/p>\n<p style=\"margin-bottom: 0cm\"><span style=\"color: #000000\"><span style=\"text-decoration: none\"><span style=\"font-size: x-small\"><span style=\"font-style: normal\"><span style=\"font-weight: normal\">Desde que naciese en 2010, IEBS se ha interesado por integrar en sus programas los nuevos conceptos que han ido surgido en el mundo de los negocios, teniendo como base de su formaci\u00f3n el esp\u00edritu emprendedor, la sostenibilidad, la innovaci\u00f3n y la \u00e9tica. Unos valores que transmite a sus alumnos y que la han convertido en la <\/span><\/span><\/span><\/span><\/span><span style=\"color: #000000\"><span style=\"text-decoration: none\"><span style=\"font-size: x-small\"><span style=\"font-style: normal\"><strong>primera escuela de negocios espa\u00f1ola \u00edntegramente online<\/strong><\/span><\/span><\/span><\/span><span style=\"color: #000000\"><span style=\"text-decoration: none\"><span style=\"font-size: x-small\"><span style=\"font-style: normal\"><span style=\"font-weight: normal\">, seg\u00fan el ranking elaborado por Webometrics, Laboratorio de Cibermetr\u00eda del CSIC, adscrito al Ministerio de Ciencia y Tecnolog\u00eda.<\/span><\/span><\/span><\/span><\/span><\/p>\n\n<\/div>","protected":false},"excerpt":{"rendered":"","protected":false},"author":9,"featured_media":0,"comment_status":"open","ping_status":"open","sticky":false,"template":"","format":"standard","meta":{"footnotes":""},"categories":[8],"tags":[],"class_list":["post-2471","post","type-post","status-publish","format-standard","hentry","category-notas-de-prensa"],"yoast_head":"<!-- This site is optimized with the Yoast SEO Premium plugin v23.9 (Yoast SEO v24.6) - https:\/\/yoast.com\/wordpress\/plugins\/seo\/ -->\n<title>IEBS publica los ganadores de su concurso a la innovaci\u00f3n y los emprendedores del 2014 - Sala de Prensa<\/title>\n<meta name=\"description\" content=\"IEBS publica los ganadores de su concurso a la innovaci\u00f3n y los emprendedores del 2014 El certamen ha vuelto a alcanzar una\u00a0cifra r\u00e9cord de participaci\u00f3n\" \/>\n<meta name=\"robots\" content=\"index, follow, max-snippet:-1, max-image-preview:large, max-video-preview:-1\" \/>\n<link rel=\"canonical\" href=\"https:\/\/www.iebschool.com\/saladeprensa\/2014\/10\/22\/concurso-emprendedores-innova-2014\/\" \/>\n<meta property=\"og:locale\" content=\"es_ES\" \/>\n<meta property=\"og:type\" content=\"article\" \/>\n<meta property=\"og:title\" content=\"IEBS publica los ganadores de su concurso a la innovaci\u00f3n y los emprendedores del 2014\" \/>\n<meta property=\"og:description\" content=\"IEBS publica los ganadores de su concurso a la innovaci\u00f3n y los emprendedores del 2014 El certamen ha vuelto a alcanzar una\u00a0cifra r\u00e9cord de participaci\u00f3n\" \/>\n<meta property=\"og:url\" content=\"https:\/\/www.iebschool.com\/saladeprensa\/2014\/10\/22\/concurso-emprendedores-innova-2014\/\" \/>\n<meta property=\"og:site_name\" content=\"Sala de Prensa\" \/>\n<meta property=\"article:published_time\" content=\"2014-10-22T09:26:17+00:00\" \/>\n<meta property=\"og:image\" content=\"http:\/\/static.iebschool.com\/11\/mailing_generico\/v3\/img\/logo_azul.png\" \/>\n<meta name=\"author\" content=\"Jos\u00e9 Abell\u00e1n\" \/>\n<meta name=\"twitter:card\" content=\"summary_large_image\" \/>\n<meta name=\"twitter:label1\" content=\"Escrito por\" \/>\n\t<meta name=\"twitter:data1\" content=\"Jos\u00e9 Abell\u00e1n\" \/>\n\t<meta name=\"twitter:label2\" content=\"Tiempo de lectura\" \/>\n\t<meta name=\"twitter:data2\" content=\"6 minutos\" \/>\n<script type=\"application\/ld+json\" class=\"yoast-schema-graph\">{\"@context\":\"https:\/\/schema.org\",\"@graph\":[{\"@type\":\"Article\",\"@id\":\"https:\/\/www.iebschool.com\/saladeprensa\/2014\/10\/22\/concurso-emprendedores-innova-2014\/#article\",\"isPartOf\":{\"@id\":\"https:\/\/www.iebschool.com\/saladeprensa\/2014\/10\/22\/concurso-emprendedores-innova-2014\/\"},\"author\":{\"name\":\"Jos\u00e9 Abell\u00e1n\",\"@id\":\"https:\/\/www.iebschool.com\/saladeprensa\/#\/schema\/person\/d760ac601996424e6cbb04342dde73a3\"},\"headline\":\"IEBS publica los ganadores de su concurso a la innovaci\u00f3n y los emprendedores del 2014\",\"datePublished\":\"2014-10-22T09:26:17+00:00\",\"mainEntityOfPage\":{\"@id\":\"https:\/\/www.iebschool.com\/saladeprensa\/2014\/10\/22\/concurso-emprendedores-innova-2014\/\"},\"wordCount\":1163,\"commentCount\":0,\"publisher\":{\"@id\":\"https:\/\/www.iebschool.com\/saladeprensa\/#organization\"},\"image\":{\"@id\":\"https:\/\/www.iebschool.com\/saladeprensa\/2014\/10\/22\/concurso-emprendedores-innova-2014\/#primaryimage\"},\"thumbnailUrl\":\"http:\/\/static.iebschool.com\/11\/mailing_generico\/v3\/img\/logo_azul.png\",\"articleSection\":[\"Notas de Prensa\"],\"inLanguage\":\"es\",\"potentialAction\":[{\"@type\":\"CommentAction\",\"name\":\"Comment\",\"target\":[\"https:\/\/www.iebschool.com\/saladeprensa\/2014\/10\/22\/concurso-emprendedores-innova-2014\/#respond\"]}]},{\"@type\":\"WebPage\",\"@id\":\"https:\/\/www.iebschool.com\/saladeprensa\/2014\/10\/22\/concurso-emprendedores-innova-2014\/\",\"url\":\"https:\/\/www.iebschool.com\/saladeprensa\/2014\/10\/22\/concurso-emprendedores-innova-2014\/\",\"name\":\"IEBS publica los ganadores de su concurso a la innovaci\u00f3n y los emprendedores del 2014 - Sala de Prensa\",\"isPartOf\":{\"@id\":\"https:\/\/www.iebschool.com\/saladeprensa\/#website\"},\"primaryImageOfPage\":{\"@id\":\"https:\/\/www.iebschool.com\/saladeprensa\/2014\/10\/22\/concurso-emprendedores-innova-2014\/#primaryimage\"},\"image\":{\"@id\":\"https:\/\/www.iebschool.com\/saladeprensa\/2014\/10\/22\/concurso-emprendedores-innova-2014\/#primaryimage\"},\"thumbnailUrl\":\"http:\/\/static.iebschool.com\/11\/mailing_generico\/v3\/img\/logo_azul.png\",\"datePublished\":\"2014-10-22T09:26:17+00:00\",\"description\":\"IEBS publica los ganadores de su concurso a la innovaci\u00f3n y los emprendedores del 2014 El certamen ha vuelto a alcanzar una\u00a0cifra r\u00e9cord de participaci\u00f3n\",\"breadcrumb\":{\"@id\":\"https:\/\/www.iebschool.com\/saladeprensa\/2014\/10\/22\/concurso-emprendedores-innova-2014\/#breadcrumb\"},\"inLanguage\":\"es\",\"potentialAction\":[{\"@type\":\"ReadAction\",\"target\":[\"https:\/\/www.iebschool.com\/saladeprensa\/2014\/10\/22\/concurso-emprendedores-innova-2014\/\"]}]},{\"@type\":\"ImageObject\",\"inLanguage\":\"es\",\"@id\":\"https:\/\/www.iebschool.com\/saladeprensa\/2014\/10\/22\/concurso-emprendedores-innova-2014\/#primaryimage\",\"url\":\"http:\/\/static.iebschool.com\/11\/mailing_generico\/v3\/img\/logo_azul.png\",\"contentUrl\":\"http:\/\/static.iebschool.com\/11\/mailing_generico\/v3\/img\/logo_azul.png\"},{\"@type\":\"BreadcrumbList\",\"@id\":\"https:\/\/www.iebschool.com\/saladeprensa\/2014\/10\/22\/concurso-emprendedores-innova-2014\/#breadcrumb\",\"itemListElement\":[{\"@type\":\"ListItem\",\"position\":1,\"name\":\"Portada\",\"item\":\"https:\/\/www.iebschool.com\/saladeprensa\/\"},{\"@type\":\"ListItem\",\"position\":2,\"name\":\"IEBS publica los ganadores de su concurso a la innovaci\u00f3n y los emprendedores del 2014\"}]},{\"@type\":\"WebSite\",\"@id\":\"https:\/\/www.iebschool.com\/saladeprensa\/#website\",\"url\":\"https:\/\/www.iebschool.com\/saladeprensa\/\",\"name\":\"Sala de Prensa\",\"description\":\"IEBS\",\"publisher\":{\"@id\":\"https:\/\/www.iebschool.com\/saladeprensa\/#organization\"},\"potentialAction\":[{\"@type\":\"SearchAction\",\"target\":{\"@type\":\"EntryPoint\",\"urlTemplate\":\"https:\/\/www.iebschool.com\/saladeprensa\/?s={search_term_string}\"},\"query-input\":{\"@type\":\"PropertyValueSpecification\",\"valueRequired\":true,\"valueName\":\"search_term_string\"}}],\"inLanguage\":\"es\"},{\"@type\":\"Organization\",\"@id\":\"https:\/\/www.iebschool.com\/saladeprensa\/#organization\",\"name\":\"Sala de Prensa\",\"url\":\"https:\/\/www.iebschool.com\/saladeprensa\/\",\"logo\":{\"@type\":\"ImageObject\",\"inLanguage\":\"es\",\"@id\":\"https:\/\/www.iebschool.com\/saladeprensa\/#\/schema\/logo\/image\/\",\"url\":\"https:\/\/www.iebschool.com\/saladeprensa\/wp-content\/uploads\/2026\/02\/IEBS_Logo_BusinessSchool_1_Hor_Violeta-scaled.png\",\"contentUrl\":\"https:\/\/www.iebschool.com\/saladeprensa\/wp-content\/uploads\/2026\/02\/IEBS_Logo_BusinessSchool_1_Hor_Violeta-scaled.png\",\"width\":2560,\"height\":374,\"caption\":\"Sala de Prensa\"},\"image\":{\"@id\":\"https:\/\/www.iebschool.com\/saladeprensa\/#\/schema\/logo\/image\/\"}},{\"@type\":\"Person\",\"@id\":\"https:\/\/www.iebschool.com\/saladeprensa\/#\/schema\/person\/d760ac601996424e6cbb04342dde73a3\",\"name\":\"Jos\u00e9 Abell\u00e1n\",\"image\":{\"@type\":\"ImageObject\",\"inLanguage\":\"es\",\"@id\":\"https:\/\/www.iebschool.com\/saladeprensa\/#\/schema\/person\/image\/\",\"url\":\"https:\/\/secure.gravatar.com\/avatar\/0bd72596a549521e570d7c9aa32c0b7889959bf3d9fdb7261d9a1cca629c956f?s=96&d=mm&r=g\",\"contentUrl\":\"https:\/\/secure.gravatar.com\/avatar\/0bd72596a549521e570d7c9aa32c0b7889959bf3d9fdb7261d9a1cca629c956f?s=96&d=mm&r=g\",\"caption\":\"Jos\u00e9 Abell\u00e1n\"},\"url\":\"https:\/\/www.iebschool.com\/saladeprensa\/author\/jabellaniebschool-com\/\"}]}<\/script>\n<!-- \/ Yoast SEO Premium plugin. -->","yoast_head_json":{"title":"IEBS publica los ganadores de su concurso a la innovaci\u00f3n y los emprendedores del 2014 - Sala de Prensa","description":"IEBS publica los ganadores de su concurso a la innovaci\u00f3n y los emprendedores del 2014 El certamen ha vuelto a alcanzar una\u00a0cifra r\u00e9cord de participaci\u00f3n","robots":{"index":"index","follow":"follow","max-snippet":"max-snippet:-1","max-image-preview":"max-image-preview:large","max-video-preview":"max-video-preview:-1"},"canonical":"https:\/\/www.iebschool.com\/saladeprensa\/2014\/10\/22\/concurso-emprendedores-innova-2014\/","og_locale":"es_ES","og_type":"article","og_title":"IEBS publica los ganadores de su concurso a la innovaci\u00f3n y los emprendedores del 2014","og_description":"IEBS publica los ganadores de su concurso a la innovaci\u00f3n y los emprendedores del 2014 El certamen ha vuelto a alcanzar una\u00a0cifra r\u00e9cord de participaci\u00f3n","og_url":"https:\/\/www.iebschool.com\/saladeprensa\/2014\/10\/22\/concurso-emprendedores-innova-2014\/","og_site_name":"Sala de Prensa","article_published_time":"2014-10-22T09:26:17+00:00","og_image":[{"url":"http:\/\/static.iebschool.com\/11\/mailing_generico\/v3\/img\/logo_azul.png","type":"","width":"","height":""}],"author":"Jos\u00e9 Abell\u00e1n","twitter_card":"summary_large_image","twitter_misc":{"Escrito por":"Jos\u00e9 Abell\u00e1n","Tiempo de lectura":"6 minutos"},"schema":{"@context":"https:\/\/schema.org","@graph":[{"@type":"Article","@id":"https:\/\/www.iebschool.com\/saladeprensa\/2014\/10\/22\/concurso-emprendedores-innova-2014\/#article","isPartOf":{"@id":"https:\/\/www.iebschool.com\/saladeprensa\/2014\/10\/22\/concurso-emprendedores-innova-2014\/"},"author":{"name":"Jos\u00e9 Abell\u00e1n","@id":"https:\/\/www.iebschool.com\/saladeprensa\/#\/schema\/person\/d760ac601996424e6cbb04342dde73a3"},"headline":"IEBS publica los ganadores de su concurso a la innovaci\u00f3n y los emprendedores del 2014","datePublished":"2014-10-22T09:26:17+00:00","mainEntityOfPage":{"@id":"https:\/\/www.iebschool.com\/saladeprensa\/2014\/10\/22\/concurso-emprendedores-innova-2014\/"},"wordCount":1163,"commentCount":0,"publisher":{"@id":"https:\/\/www.iebschool.com\/saladeprensa\/#organization"},"image":{"@id":"https:\/\/www.iebschool.com\/saladeprensa\/2014\/10\/22\/concurso-emprendedores-innova-2014\/#primaryimage"},"thumbnailUrl":"http:\/\/static.iebschool.com\/11\/mailing_generico\/v3\/img\/logo_azul.png","articleSection":["Notas de Prensa"],"inLanguage":"es","potentialAction":[{"@type":"CommentAction","name":"Comment","target":["https:\/\/www.iebschool.com\/saladeprensa\/2014\/10\/22\/concurso-emprendedores-innova-2014\/#respond"]}]},{"@type":"WebPage","@id":"https:\/\/www.iebschool.com\/saladeprensa\/2014\/10\/22\/concurso-emprendedores-innova-2014\/","url":"https:\/\/www.iebschool.com\/saladeprensa\/2014\/10\/22\/concurso-emprendedores-innova-2014\/","name":"IEBS publica los ganadores de su concurso a la innovaci\u00f3n y los emprendedores del 2014 - Sala de Prensa","isPartOf":{"@id":"https:\/\/www.iebschool.com\/saladeprensa\/#website"},"primaryImageOfPage":{"@id":"https:\/\/www.iebschool.com\/saladeprensa\/2014\/10\/22\/concurso-emprendedores-innova-2014\/#primaryimage"},"image":{"@id":"https:\/\/www.iebschool.com\/saladeprensa\/2014\/10\/22\/concurso-emprendedores-innova-2014\/#primaryimage"},"thumbnailUrl":"http:\/\/static.iebschool.com\/11\/mailing_generico\/v3\/img\/logo_azul.png","datePublished":"2014-10-22T09:26:17+00:00","description":"IEBS publica los ganadores de su concurso a la innovaci\u00f3n y los emprendedores del 2014 El certamen ha vuelto a alcanzar una\u00a0cifra r\u00e9cord de participaci\u00f3n","breadcrumb":{"@id":"https:\/\/www.iebschool.com\/saladeprensa\/2014\/10\/22\/concurso-emprendedores-innova-2014\/#breadcrumb"},"inLanguage":"es","potentialAction":[{"@type":"ReadAction","target":["https:\/\/www.iebschool.com\/saladeprensa\/2014\/10\/22\/concurso-emprendedores-innova-2014\/"]}]},{"@type":"ImageObject","inLanguage":"es","@id":"https:\/\/www.iebschool.com\/saladeprensa\/2014\/10\/22\/concurso-emprendedores-innova-2014\/#primaryimage","url":"http:\/\/static.iebschool.com\/11\/mailing_generico\/v3\/img\/logo_azul.png","contentUrl":"http:\/\/static.iebschool.com\/11\/mailing_generico\/v3\/img\/logo_azul.png"},{"@type":"BreadcrumbList","@id":"https:\/\/www.iebschool.com\/saladeprensa\/2014\/10\/22\/concurso-emprendedores-innova-2014\/#breadcrumb","itemListElement":[{"@type":"ListItem","position":1,"name":"Portada","item":"https:\/\/www.iebschool.com\/saladeprensa\/"},{"@type":"ListItem","position":2,"name":"IEBS publica los ganadores de su concurso a la innovaci\u00f3n y los emprendedores del 2014"}]},{"@type":"WebSite","@id":"https:\/\/www.iebschool.com\/saladeprensa\/#website","url":"https:\/\/www.iebschool.com\/saladeprensa\/","name":"Sala de Prensa","description":"IEBS","publisher":{"@id":"https:\/\/www.iebschool.com\/saladeprensa\/#organization"},"potentialAction":[{"@type":"SearchAction","target":{"@type":"EntryPoint","urlTemplate":"https:\/\/www.iebschool.com\/saladeprensa\/?s={search_term_string}"},"query-input":{"@type":"PropertyValueSpecification","valueRequired":true,"valueName":"search_term_string"}}],"inLanguage":"es"},{"@type":"Organization","@id":"https:\/\/www.iebschool.com\/saladeprensa\/#organization","name":"Sala de Prensa","url":"https:\/\/www.iebschool.com\/saladeprensa\/","logo":{"@type":"ImageObject","inLanguage":"es","@id":"https:\/\/www.iebschool.com\/saladeprensa\/#\/schema\/logo\/image\/","url":"https:\/\/www.iebschool.com\/saladeprensa\/wp-content\/uploads\/2026\/02\/IEBS_Logo_BusinessSchool_1_Hor_Violeta-scaled.png","contentUrl":"https:\/\/www.iebschool.com\/saladeprensa\/wp-content\/uploads\/2026\/02\/IEBS_Logo_BusinessSchool_1_Hor_Violeta-scaled.png","width":2560,"height":374,"caption":"Sala de Prensa"},"image":{"@id":"https:\/\/www.iebschool.com\/saladeprensa\/#\/schema\/logo\/image\/"}},{"@type":"Person","@id":"https:\/\/www.iebschool.com\/saladeprensa\/#\/schema\/person\/d760ac601996424e6cbb04342dde73a3","name":"Jos\u00e9 Abell\u00e1n","image":{"@type":"ImageObject","inLanguage":"es","@id":"https:\/\/www.iebschool.com\/saladeprensa\/#\/schema\/person\/image\/","url":"https:\/\/secure.gravatar.com\/avatar\/0bd72596a549521e570d7c9aa32c0b7889959bf3d9fdb7261d9a1cca629c956f?s=96&d=mm&r=g","contentUrl":"https:\/\/secure.gravatar.com\/avatar\/0bd72596a549521e570d7c9aa32c0b7889959bf3d9fdb7261d9a1cca629c956f?s=96&d=mm&r=g","caption":"Jos\u00e9 Abell\u00e1n"},"url":"https:\/\/www.iebschool.com\/saladeprensa\/author\/jabellaniebschool-com\/"}]}},"image_thumbnail":"https:\/\/www.iebschool.com\/saladeprensa\/wp-includes\/images\/media\/default.svg","image_full":"https:\/\/www.iebschool.com\/saladeprensa\/wp-includes\/images\/media\/default.svg","categoria":{"nombre":"Notas de Prensa","slug":"category\/notas-de-prensa"},"_links":{"self":[{"href":"https:\/\/www.iebschool.com\/saladeprensa\/wp-json\/wp\/v2\/posts\/2471","targetHints":{"allow":["GET"]}}],"collection":[{"href":"https:\/\/www.iebschool.com\/saladeprensa\/wp-json\/wp\/v2\/posts"}],"about":[{"href":"https:\/\/www.iebschool.com\/saladeprensa\/wp-json\/wp\/v2\/types\/post"}],"author":[{"embeddable":true,"href":"https:\/\/www.iebschool.com\/saladeprensa\/wp-json\/wp\/v2\/users\/9"}],"replies":[{"embeddable":true,"href":"https:\/\/www.iebschool.com\/saladeprensa\/wp-json\/wp\/v2\/comments?post=2471"}],"version-history":[{"count":0,"href":"https:\/\/www.iebschool.com\/saladeprensa\/wp-json\/wp\/v2\/posts\/2471\/revisions"}],"wp:attachment":[{"href":"https:\/\/www.iebschool.com\/saladeprensa\/wp-json\/wp\/v2\/media?parent=2471"}],"wp:term":[{"taxonomy":"category","embeddable":true,"href":"https:\/\/www.iebschool.com\/saladeprensa\/wp-json\/wp\/v2\/categories?post=2471"},{"taxonomy":"post_tag","embeddable":true,"href":"https:\/\/www.iebschool.com\/saladeprensa\/wp-json\/wp\/v2\/tags?post=2471"}],"curies":[{"name":"wp","href":"https:\/\/api.w.org\/{rel}","templated":true}]}}