{"id":2564,"date":"2015-01-23T09:44:39","date_gmt":"2015-01-23T07:44:39","guid":{"rendered":"http:\/\/comunidad.iebschool.com\/saladeprensa\/?p=2564"},"modified":"2015-01-23T09:44:39","modified_gmt":"2015-01-23T07:44:39","slug":"open-iebs-lanza-un-curso-intensivo-de-e-commerce-para-profesionales-y-emprendedores","status":"publish","type":"post","link":"https:\/\/www.iebschool.com\/saladeprensa\/2015\/01\/23\/open-iebs-lanza-un-curso-intensivo-de-e-commerce-para-profesionales-y-emprendedores\/","title":{"rendered":"Open IEBS lanza un \u201cCurso intensivo de e-Commerce\u201d para profesionales y emprendedores."},"content":{"rendered":"<ul>\n\t<li><strong><em>El programa de tan s\u00f3lo cuatro meses pretende ayudar a profesionales y aut\u00f3nomos que est\u00e1n creando su propio comercio electr\u00f3nico.<\/em><\/strong><\/li>\n\t<li><strong><em>Tambi\u00e9n es un programa dirigido a emprendedores que necesitan aprender lo fundamental en poco tiempo.<\/em><\/strong><\/li>\n<\/ul>\n<em>Barcelona, 18 de Diciembre de 2014.<\/em>\u00a0 El comercio electr\u00f3nico se ha consolidado en Espa\u00f1a. Est\u00e1 previsto que este a\u00f1o termine con un incremento de ventas mayor al 20% y el potencial a largo plazo es enorme. Por ese motivo, y para ayudar a empresarios, aut\u00f3nomos y emprendedores, Open IEBS ha creado el \u201cCurso de Experto en e-Commerce\u201d con el que, en tan s\u00f3lo cuatro meses, un profesional recibir\u00e1 una formaci\u00f3n intensiva que le prepara para crear su propio eCommerce con garant\u00edas.\n\nEste programa concentrado en cuatro meses de formaci\u00f3n intensivos busca focalizarse en lo realmente importante y lo que aporta valor instant\u00e1neo al alumno. \u00a0De esta manera, aquellos que ya se encuentran desarrollando su proyecto de comercio electr\u00f3nico, o desean hacerlo en un periodo corto de tiempo, se pueden beneficiar de un conocimiento pr\u00e1ctico que pueden aplicar de forma inmediata a sus proyectos.\n\nEl proyecto ha sido dirigido por <a href=\"http:\/\/open.iebschool.com\/profesores\/jose-miguel-pulido\/\">Jos\u00e9 Miguel Pulido<\/a>, confundador y CTO de Promofarma, que ha tratado de trasladar su dilatada experiencia en el mundo de internet y el comercio electr\u00f3nico para que muchos profesionales que quieren emprender o ampliar su negocio al mundo de internet se puedan beneficiar.\n\n\u201c<em>Realizar eCommerce no consiste simplemente en tener una web, si no que requiere cubrir muchas otras facetas para culminar un proyecto de \u00e9xito<\/em>\u201d declara Jos\u00e9 Miguel Pulido, \u201c<em>es necesario, no solo que la experiencia de compra que le ofrezcamos sea lo m\u00e1s r\u00e1pida y sencilla posible, sino tambi\u00e9n el tener una estrategia para m\u00f3vil, la gesti\u00f3n de cat\u00e1logo eficiente, la optimizaci\u00f3n de la tasa de conversi\u00f3n, etc.<\/em>\u201d a\u00f1ade.\n\nEl programa ofrece una\u00a0<strong>visi\u00f3n global sobre la creaci\u00f3n de un negocio online<\/strong>, en la que los alumnos aprender\u00e1n a gestionar proyectos de comercio electr\u00f3nico. Pero lo destacable es que, una vez finalizado el curso, ser\u00e1n capaces de <strong>crear su propia tienda online<\/strong> empleando herramientas de software, analizar la rentabilidad de su\u00a0 proyecto, desarrollar campa\u00f1as y acciones de marketing digital,\u00a0 fidelizar a sus clientes y adaptar su proyecto a los nuevos dispositivos m\u00f3viles, entendiendo las diferencias y claves de los procesos del Social Commerce y el Mobile Commerce.\n\nM\u00e1s de 17 millones de compradores online s\u00f3lo en Espa\u00f1a es un mercado m\u00e1s que atractivo para iniciar un proyecto de comercio online.\u00a0 Las posibilidades que el mundo digital ofrece a los emprendedores supone una motivaci\u00f3n extra para aquellos cuya inquietud les empuja a iniciar su propia idea de negocio.\n\nPor ello, el\u00a0<strong>pr\u00f3ximo 19 de Febrero<\/strong>\u00a0dar\u00e1 comienzo la primera edici\u00f3n\u201cCurso de Experto en e-Commerce\u201d. El programa de Open IEBS est\u00e1 dirigido a emprendedores que quieran desarrollar un proyecto de comercio electr\u00f3nico y profesionales que quieran ampliar sus canales de venta a trav\u00e9s de un e-Commerce.\n\n<strong>Sobre Open IEBS<\/strong>\n\n<a href=\"http:\/\/open.iebschool.com\/\">Open IEBS<\/a><strong> es la primera plataforma de open learning en lengua castellana. Naci\u00f3 en marzo de 2012 como parte de la apuesta por la innovaci\u00f3n de IEBS.<\/strong> Open IEBS <strong>apuesta por una nueva forma de aprendizaje<\/strong> abierta, flexible, personalizada y accesible desde cualquier lugar del mundo y en cualquier plataforma donde el alumno es el protagonista del aprendizaje.","protected":false},"excerpt":{"rendered":"","protected":false},"author":5,"featured_media":0,"comment_status":"open","ping_status":"open","sticky":false,"template":"","format":"standard","meta":{"footnotes":""},"categories":[8],"tags":[],"class_list":["post-2564","post","type-post","status-publish","format-standard","hentry","category-notas-de-prensa"],"yoast_head":"<!-- This site is optimized with the Yoast SEO Premium plugin v23.9 (Yoast SEO v24.6) - https:\/\/yoast.com\/wordpress\/plugins\/seo\/ -->\n<title>Open IEBS lanza un \u201cCurso intensivo de e-Commerce\u201d para profesionales y emprendedores. - Sala de Prensa<\/title>\n<meta name=\"description\" content=\"El programa de tan s\u00f3lo cuatro meses pretende ayudar a profesionales y aut\u00f3nomos que est\u00e1n creando su propio comercio electr\u00f3nico. Tambi\u00e9n es un programa\" \/>\n<meta name=\"robots\" content=\"index, follow, max-snippet:-1, max-image-preview:large, max-video-preview:-1\" \/>\n<link rel=\"canonical\" href=\"https:\/\/www.iebschool.com\/saladeprensa\/2015\/01\/23\/open-iebs-lanza-un-curso-intensivo-de-e-commerce-para-profesionales-y-emprendedores\/\" \/>\n<meta property=\"og:locale\" content=\"es_ES\" \/>\n<meta property=\"og:type\" content=\"article\" \/>\n<meta property=\"og:title\" content=\"Open IEBS lanza un \u201cCurso intensivo de e-Commerce\u201d para profesionales y emprendedores.\" \/>\n<meta property=\"og:description\" content=\"El programa de tan s\u00f3lo cuatro meses pretende ayudar a profesionales y aut\u00f3nomos que est\u00e1n creando su propio comercio electr\u00f3nico. Tambi\u00e9n es un programa\" \/>\n<meta property=\"og:url\" content=\"https:\/\/www.iebschool.com\/saladeprensa\/2015\/01\/23\/open-iebs-lanza-un-curso-intensivo-de-e-commerce-para-profesionales-y-emprendedores\/\" \/>\n<meta property=\"og:site_name\" content=\"Sala de Prensa\" \/>\n<meta property=\"article:published_time\" content=\"2015-01-23T07:44:39+00:00\" \/>\n<meta name=\"author\" content=\"Helena Rengel\" \/>\n<meta name=\"twitter:card\" content=\"summary_large_image\" \/>\n<meta name=\"twitter:label1\" content=\"Escrito por\" \/>\n\t<meta name=\"twitter:data1\" content=\"Helena Rengel\" \/>\n\t<meta name=\"twitter:label2\" content=\"Tiempo de lectura\" \/>\n\t<meta name=\"twitter:data2\" content=\"3 minutos\" \/>\n<script type=\"application\/ld+json\" class=\"yoast-schema-graph\">{\"@context\":\"https:\/\/schema.org\",\"@graph\":[{\"@type\":\"Article\",\"@id\":\"https:\/\/www.iebschool.com\/saladeprensa\/2015\/01\/23\/open-iebs-lanza-un-curso-intensivo-de-e-commerce-para-profesionales-y-emprendedores\/#article\",\"isPartOf\":{\"@id\":\"https:\/\/www.iebschool.com\/saladeprensa\/2015\/01\/23\/open-iebs-lanza-un-curso-intensivo-de-e-commerce-para-profesionales-y-emprendedores\/\"},\"author\":{\"name\":\"Helena Rengel\",\"@id\":\"https:\/\/www.iebschool.com\/saladeprensa\/#\/schema\/person\/4e37795e61afec781e763d9c6044229b\"},\"headline\":\"Open IEBS lanza un \u201cCurso intensivo de e-Commerce\u201d para profesionales y emprendedores.\",\"datePublished\":\"2015-01-23T07:44:39+00:00\",\"mainEntityOfPage\":{\"@id\":\"https:\/\/www.iebschool.com\/saladeprensa\/2015\/01\/23\/open-iebs-lanza-un-curso-intensivo-de-e-commerce-para-profesionales-y-emprendedores\/\"},\"wordCount\":591,\"commentCount\":0,\"publisher\":{\"@id\":\"https:\/\/www.iebschool.com\/saladeprensa\/#organization\"},\"articleSection\":[\"Notas de Prensa\"],\"inLanguage\":\"es\",\"potentialAction\":[{\"@type\":\"CommentAction\",\"name\":\"Comment\",\"target\":[\"https:\/\/www.iebschool.com\/saladeprensa\/2015\/01\/23\/open-iebs-lanza-un-curso-intensivo-de-e-commerce-para-profesionales-y-emprendedores\/#respond\"]}]},{\"@type\":\"WebPage\",\"@id\":\"https:\/\/www.iebschool.com\/saladeprensa\/2015\/01\/23\/open-iebs-lanza-un-curso-intensivo-de-e-commerce-para-profesionales-y-emprendedores\/\",\"url\":\"https:\/\/www.iebschool.com\/saladeprensa\/2015\/01\/23\/open-iebs-lanza-un-curso-intensivo-de-e-commerce-para-profesionales-y-emprendedores\/\",\"name\":\"Open IEBS lanza un \u201cCurso intensivo de e-Commerce\u201d para profesionales y emprendedores. - Sala de Prensa\",\"isPartOf\":{\"@id\":\"https:\/\/www.iebschool.com\/saladeprensa\/#website\"},\"datePublished\":\"2015-01-23T07:44:39+00:00\",\"description\":\"El programa de tan s\u00f3lo cuatro meses pretende ayudar a profesionales y aut\u00f3nomos que est\u00e1n creando su propio comercio electr\u00f3nico. Tambi\u00e9n es un programa\",\"breadcrumb\":{\"@id\":\"https:\/\/www.iebschool.com\/saladeprensa\/2015\/01\/23\/open-iebs-lanza-un-curso-intensivo-de-e-commerce-para-profesionales-y-emprendedores\/#breadcrumb\"},\"inLanguage\":\"es\",\"potentialAction\":[{\"@type\":\"ReadAction\",\"target\":[\"https:\/\/www.iebschool.com\/saladeprensa\/2015\/01\/23\/open-iebs-lanza-un-curso-intensivo-de-e-commerce-para-profesionales-y-emprendedores\/\"]}]},{\"@type\":\"BreadcrumbList\",\"@id\":\"https:\/\/www.iebschool.com\/saladeprensa\/2015\/01\/23\/open-iebs-lanza-un-curso-intensivo-de-e-commerce-para-profesionales-y-emprendedores\/#breadcrumb\",\"itemListElement\":[{\"@type\":\"ListItem\",\"position\":1,\"name\":\"Portada\",\"item\":\"https:\/\/www.iebschool.com\/saladeprensa\/\"},{\"@type\":\"ListItem\",\"position\":2,\"name\":\"Open IEBS lanza un \u201cCurso intensivo de e-Commerce\u201d para profesionales y emprendedores.\"}]},{\"@type\":\"WebSite\",\"@id\":\"https:\/\/www.iebschool.com\/saladeprensa\/#website\",\"url\":\"https:\/\/www.iebschool.com\/saladeprensa\/\",\"name\":\"Sala de Prensa\",\"description\":\"IEBS\",\"publisher\":{\"@id\":\"https:\/\/www.iebschool.com\/saladeprensa\/#organization\"},\"potentialAction\":[{\"@type\":\"SearchAction\",\"target\":{\"@type\":\"EntryPoint\",\"urlTemplate\":\"https:\/\/www.iebschool.com\/saladeprensa\/?s={search_term_string}\"},\"query-input\":{\"@type\":\"PropertyValueSpecification\",\"valueRequired\":true,\"valueName\":\"search_term_string\"}}],\"inLanguage\":\"es\"},{\"@type\":\"Organization\",\"@id\":\"https:\/\/www.iebschool.com\/saladeprensa\/#organization\",\"name\":\"Sala de Prensa\",\"url\":\"https:\/\/www.iebschool.com\/saladeprensa\/\",\"logo\":{\"@type\":\"ImageObject\",\"inLanguage\":\"es\",\"@id\":\"https:\/\/www.iebschool.com\/saladeprensa\/#\/schema\/logo\/image\/\",\"url\":\"https:\/\/www.iebschool.com\/saladeprensa\/wp-content\/uploads\/2026\/02\/IEBS_Logo_BusinessSchool_1_Hor_Violeta-scaled.png\",\"contentUrl\":\"https:\/\/www.iebschool.com\/saladeprensa\/wp-content\/uploads\/2026\/02\/IEBS_Logo_BusinessSchool_1_Hor_Violeta-scaled.png\",\"width\":2560,\"height\":374,\"caption\":\"Sala de Prensa\"},\"image\":{\"@id\":\"https:\/\/www.iebschool.com\/saladeprensa\/#\/schema\/logo\/image\/\"}},{\"@type\":\"Person\",\"@id\":\"https:\/\/www.iebschool.com\/saladeprensa\/#\/schema\/person\/4e37795e61afec781e763d9c6044229b\",\"name\":\"Helena Rengel\",\"image\":{\"@type\":\"ImageObject\",\"inLanguage\":\"es\",\"@id\":\"https:\/\/www.iebschool.com\/saladeprensa\/#\/schema\/person\/image\/\",\"url\":\"https:\/\/secure.gravatar.com\/avatar\/c76a402d49e5378cb8df395b267df14695c634009e89eff37a723561a4c44af7?s=96&d=mm&r=g\",\"contentUrl\":\"https:\/\/secure.gravatar.com\/avatar\/c76a402d49e5378cb8df395b267df14695c634009e89eff37a723561a4c44af7?s=96&d=mm&r=g\",\"caption\":\"Helena Rengel\"},\"url\":\"https:\/\/www.iebschool.com\/saladeprensa\/author\/comunicacioniebschool-com\/\"}]}<\/script>\n<!-- \/ Yoast SEO Premium plugin. -->","yoast_head_json":{"title":"Open IEBS lanza un \u201cCurso intensivo de e-Commerce\u201d para profesionales y emprendedores. - Sala de Prensa","description":"El programa de tan s\u00f3lo cuatro meses pretende ayudar a profesionales y aut\u00f3nomos que est\u00e1n creando su propio comercio electr\u00f3nico. Tambi\u00e9n es un programa","robots":{"index":"index","follow":"follow","max-snippet":"max-snippet:-1","max-image-preview":"max-image-preview:large","max-video-preview":"max-video-preview:-1"},"canonical":"https:\/\/www.iebschool.com\/saladeprensa\/2015\/01\/23\/open-iebs-lanza-un-curso-intensivo-de-e-commerce-para-profesionales-y-emprendedores\/","og_locale":"es_ES","og_type":"article","og_title":"Open IEBS lanza un \u201cCurso intensivo de e-Commerce\u201d para profesionales y emprendedores.","og_description":"El programa de tan s\u00f3lo cuatro meses pretende ayudar a profesionales y aut\u00f3nomos que est\u00e1n creando su propio comercio electr\u00f3nico. Tambi\u00e9n es un programa","og_url":"https:\/\/www.iebschool.com\/saladeprensa\/2015\/01\/23\/open-iebs-lanza-un-curso-intensivo-de-e-commerce-para-profesionales-y-emprendedores\/","og_site_name":"Sala de Prensa","article_published_time":"2015-01-23T07:44:39+00:00","author":"Helena Rengel","twitter_card":"summary_large_image","twitter_misc":{"Escrito por":"Helena Rengel","Tiempo de lectura":"3 minutos"},"schema":{"@context":"https:\/\/schema.org","@graph":[{"@type":"Article","@id":"https:\/\/www.iebschool.com\/saladeprensa\/2015\/01\/23\/open-iebs-lanza-un-curso-intensivo-de-e-commerce-para-profesionales-y-emprendedores\/#article","isPartOf":{"@id":"https:\/\/www.iebschool.com\/saladeprensa\/2015\/01\/23\/open-iebs-lanza-un-curso-intensivo-de-e-commerce-para-profesionales-y-emprendedores\/"},"author":{"name":"Helena Rengel","@id":"https:\/\/www.iebschool.com\/saladeprensa\/#\/schema\/person\/4e37795e61afec781e763d9c6044229b"},"headline":"Open IEBS lanza un \u201cCurso intensivo de e-Commerce\u201d para profesionales y emprendedores.","datePublished":"2015-01-23T07:44:39+00:00","mainEntityOfPage":{"@id":"https:\/\/www.iebschool.com\/saladeprensa\/2015\/01\/23\/open-iebs-lanza-un-curso-intensivo-de-e-commerce-para-profesionales-y-emprendedores\/"},"wordCount":591,"commentCount":0,"publisher":{"@id":"https:\/\/www.iebschool.com\/saladeprensa\/#organization"},"articleSection":["Notas de Prensa"],"inLanguage":"es","potentialAction":[{"@type":"CommentAction","name":"Comment","target":["https:\/\/www.iebschool.com\/saladeprensa\/2015\/01\/23\/open-iebs-lanza-un-curso-intensivo-de-e-commerce-para-profesionales-y-emprendedores\/#respond"]}]},{"@type":"WebPage","@id":"https:\/\/www.iebschool.com\/saladeprensa\/2015\/01\/23\/open-iebs-lanza-un-curso-intensivo-de-e-commerce-para-profesionales-y-emprendedores\/","url":"https:\/\/www.iebschool.com\/saladeprensa\/2015\/01\/23\/open-iebs-lanza-un-curso-intensivo-de-e-commerce-para-profesionales-y-emprendedores\/","name":"Open IEBS lanza un \u201cCurso intensivo de e-Commerce\u201d para profesionales y emprendedores. - Sala de Prensa","isPartOf":{"@id":"https:\/\/www.iebschool.com\/saladeprensa\/#website"},"datePublished":"2015-01-23T07:44:39+00:00","description":"El programa de tan s\u00f3lo cuatro meses pretende ayudar a profesionales y aut\u00f3nomos que est\u00e1n creando su propio comercio electr\u00f3nico. Tambi\u00e9n es un programa","breadcrumb":{"@id":"https:\/\/www.iebschool.com\/saladeprensa\/2015\/01\/23\/open-iebs-lanza-un-curso-intensivo-de-e-commerce-para-profesionales-y-emprendedores\/#breadcrumb"},"inLanguage":"es","potentialAction":[{"@type":"ReadAction","target":["https:\/\/www.iebschool.com\/saladeprensa\/2015\/01\/23\/open-iebs-lanza-un-curso-intensivo-de-e-commerce-para-profesionales-y-emprendedores\/"]}]},{"@type":"BreadcrumbList","@id":"https:\/\/www.iebschool.com\/saladeprensa\/2015\/01\/23\/open-iebs-lanza-un-curso-intensivo-de-e-commerce-para-profesionales-y-emprendedores\/#breadcrumb","itemListElement":[{"@type":"ListItem","position":1,"name":"Portada","item":"https:\/\/www.iebschool.com\/saladeprensa\/"},{"@type":"ListItem","position":2,"name":"Open IEBS lanza un \u201cCurso intensivo de e-Commerce\u201d para profesionales y emprendedores."}]},{"@type":"WebSite","@id":"https:\/\/www.iebschool.com\/saladeprensa\/#website","url":"https:\/\/www.iebschool.com\/saladeprensa\/","name":"Sala de Prensa","description":"IEBS","publisher":{"@id":"https:\/\/www.iebschool.com\/saladeprensa\/#organization"},"potentialAction":[{"@type":"SearchAction","target":{"@type":"EntryPoint","urlTemplate":"https:\/\/www.iebschool.com\/saladeprensa\/?s={search_term_string}"},"query-input":{"@type":"PropertyValueSpecification","valueRequired":true,"valueName":"search_term_string"}}],"inLanguage":"es"},{"@type":"Organization","@id":"https:\/\/www.iebschool.com\/saladeprensa\/#organization","name":"Sala de Prensa","url":"https:\/\/www.iebschool.com\/saladeprensa\/","logo":{"@type":"ImageObject","inLanguage":"es","@id":"https:\/\/www.iebschool.com\/saladeprensa\/#\/schema\/logo\/image\/","url":"https:\/\/www.iebschool.com\/saladeprensa\/wp-content\/uploads\/2026\/02\/IEBS_Logo_BusinessSchool_1_Hor_Violeta-scaled.png","contentUrl":"https:\/\/www.iebschool.com\/saladeprensa\/wp-content\/uploads\/2026\/02\/IEBS_Logo_BusinessSchool_1_Hor_Violeta-scaled.png","width":2560,"height":374,"caption":"Sala de Prensa"},"image":{"@id":"https:\/\/www.iebschool.com\/saladeprensa\/#\/schema\/logo\/image\/"}},{"@type":"Person","@id":"https:\/\/www.iebschool.com\/saladeprensa\/#\/schema\/person\/4e37795e61afec781e763d9c6044229b","name":"Helena Rengel","image":{"@type":"ImageObject","inLanguage":"es","@id":"https:\/\/www.iebschool.com\/saladeprensa\/#\/schema\/person\/image\/","url":"https:\/\/secure.gravatar.com\/avatar\/c76a402d49e5378cb8df395b267df14695c634009e89eff37a723561a4c44af7?s=96&d=mm&r=g","contentUrl":"https:\/\/secure.gravatar.com\/avatar\/c76a402d49e5378cb8df395b267df14695c634009e89eff37a723561a4c44af7?s=96&d=mm&r=g","caption":"Helena Rengel"},"url":"https:\/\/www.iebschool.com\/saladeprensa\/author\/comunicacioniebschool-com\/"}]}},"image_thumbnail":"https:\/\/www.iebschool.com\/saladeprensa\/wp-includes\/images\/media\/default.svg","image_full":"https:\/\/www.iebschool.com\/saladeprensa\/wp-includes\/images\/media\/default.svg","categoria":{"nombre":"Notas de Prensa","slug":"category\/notas-de-prensa"},"_links":{"self":[{"href":"https:\/\/www.iebschool.com\/saladeprensa\/wp-json\/wp\/v2\/posts\/2564","targetHints":{"allow":["GET"]}}],"collection":[{"href":"https:\/\/www.iebschool.com\/saladeprensa\/wp-json\/wp\/v2\/posts"}],"about":[{"href":"https:\/\/www.iebschool.com\/saladeprensa\/wp-json\/wp\/v2\/types\/post"}],"author":[{"embeddable":true,"href":"https:\/\/www.iebschool.com\/saladeprensa\/wp-json\/wp\/v2\/users\/5"}],"replies":[{"embeddable":true,"href":"https:\/\/www.iebschool.com\/saladeprensa\/wp-json\/wp\/v2\/comments?post=2564"}],"version-history":[{"count":0,"href":"https:\/\/www.iebschool.com\/saladeprensa\/wp-json\/wp\/v2\/posts\/2564\/revisions"}],"wp:attachment":[{"href":"https:\/\/www.iebschool.com\/saladeprensa\/wp-json\/wp\/v2\/media?parent=2564"}],"wp:term":[{"taxonomy":"category","embeddable":true,"href":"https:\/\/www.iebschool.com\/saladeprensa\/wp-json\/wp\/v2\/categories?post=2564"},{"taxonomy":"post_tag","embeddable":true,"href":"https:\/\/www.iebschool.com\/saladeprensa\/wp-json\/wp\/v2\/tags?post=2564"}],"curies":[{"name":"wp","href":"https:\/\/api.w.org\/{rel}","templated":true}]}}