{"id":2648,"date":"2015-02-18T17:46:34","date_gmt":"2015-02-18T15:46:34","guid":{"rendered":"http:\/\/comunidad.iebschool.com\/saladeprensa\/?p=2648"},"modified":"2015-02-18T17:46:34","modified_gmt":"2015-02-18T15:46:34","slug":"mon-dirigent-oscar-fuente","status":"publish","type":"post","link":"https:\/\/www.iebschool.com\/saladeprensa\/2015\/02\/18\/mon-dirigent-oscar-fuente\/","title":{"rendered":"M\u00f3n Dirigent &#8211; \u00d3scar Fuente"},"content":{"rendered":"<div id=\"post-2643\" class=\"entry\">\n<p class=\"entry-summary\" style=\"color: #555555\">Declaraciones de \u00d3scar Fuente, Director General de IEBS \u00a0en el reportaje de M\u00f3n Dirigent\u00a0\u201cNokia, el gegant de la telefonia (im)m\u00f2bil\u201d<\/p>\n<p class=\"entry-summary\" style=\"color: #555555\"><a href=\"https:\/\/www.iebschool.com\/saladeprensa\/wp-content\/uploads\/2015\/02\/Nokia1.jpg\"><img class=\"alignnone  wp-image-2649\" src=\"https:\/\/www.iebschool.com\/saladeprensa\/wp-content\/uploads\/2015\/02\/Nokia1.jpg\" alt=\"Nokia1\" width=\"521\" height=\"678\" \/><\/a><\/p>\n<p class=\"entry-summary\" style=\"color: #555555\"><a href=\"https:\/\/www.iebschool.com\/saladeprensa\/wp-content\/uploads\/2015\/02\/nokia2.jpg\"><img class=\"alignnone  wp-image-2650\" src=\"https:\/\/www.iebschool.com\/saladeprensa\/wp-content\/uploads\/2015\/02\/nokia2.jpg\" alt=\"nokia2\" width=\"518\" height=\"648\" \/><\/a><\/p>\n\n<\/div>\n&nbsp;","protected":false},"excerpt":{"rendered":"","protected":false},"author":5,"featured_media":0,"comment_status":"open","ping_status":"open","sticky":false,"template":"","format":"standard","meta":{"footnotes":""},"categories":[6],"tags":[],"class_list":["post-2648","post","type-post","status-publish","format-standard","hentry","category-entrevista-profesores"],"yoast_head":"<!-- This site is optimized with the Yoast SEO Premium plugin v23.9 (Yoast SEO v24.6) - https:\/\/yoast.com\/wordpress\/plugins\/seo\/ -->\n<title>M\u00f3n Dirigent - \u00d3scar Fuente - Sala de Prensa<\/title>\n<meta name=\"description\" content=\"Declaraciones de \u00d3scar Fuente, Director General de IEBS \u00a0en el reportaje de M\u00f3n Dirigent\u00a0\u201cNokia, el gegant de la telefonia (im)m\u00f2bil\u201d   &nbsp;\" \/>\n<meta name=\"robots\" content=\"index, follow, max-snippet:-1, max-image-preview:large, max-video-preview:-1\" \/>\n<link rel=\"canonical\" href=\"https:\/\/www.iebschool.com\/saladeprensa\/2015\/02\/18\/mon-dirigent-oscar-fuente\/\" \/>\n<meta property=\"og:locale\" content=\"es_ES\" \/>\n<meta property=\"og:type\" content=\"article\" \/>\n<meta property=\"og:title\" content=\"M\u00f3n Dirigent - \u00d3scar Fuente\" \/>\n<meta property=\"og:description\" content=\"Declaraciones de \u00d3scar Fuente, Director General de IEBS \u00a0en el reportaje de M\u00f3n Dirigent\u00a0\u201cNokia, el gegant de la telefonia (im)m\u00f2bil\u201d   &nbsp;\" \/>\n<meta property=\"og:url\" content=\"https:\/\/www.iebschool.com\/saladeprensa\/2015\/02\/18\/mon-dirigent-oscar-fuente\/\" \/>\n<meta property=\"og:site_name\" content=\"Sala de Prensa\" \/>\n<meta property=\"article:published_time\" content=\"2015-02-18T15:46:34+00:00\" \/>\n<meta property=\"og:image\" content=\"https:\/\/www.iebschool.com\/saladeprensa\/wp-content\/uploads\/2015\/02\/Nokia1.jpg\" \/>\n<meta name=\"author\" content=\"Helena Rengel\" \/>\n<meta name=\"twitter:card\" content=\"summary_large_image\" \/>\n<meta name=\"twitter:label1\" content=\"Escrito por\" \/>\n\t<meta name=\"twitter:data1\" content=\"Helena Rengel\" \/>\n<script type=\"application\/ld+json\" class=\"yoast-schema-graph\">{\"@context\":\"https:\/\/schema.org\",\"@graph\":[{\"@type\":\"Article\",\"@id\":\"https:\/\/www.iebschool.com\/saladeprensa\/2015\/02\/18\/mon-dirigent-oscar-fuente\/#article\",\"isPartOf\":{\"@id\":\"https:\/\/www.iebschool.com\/saladeprensa\/2015\/02\/18\/mon-dirigent-oscar-fuente\/\"},\"author\":{\"name\":\"Helena Rengel\",\"@id\":\"https:\/\/www.iebschool.com\/saladeprensa\/#\/schema\/person\/4e37795e61afec781e763d9c6044229b\"},\"headline\":\"M\u00f3n Dirigent &#8211; \u00d3scar Fuente\",\"datePublished\":\"2015-02-18T15:46:34+00:00\",\"mainEntityOfPage\":{\"@id\":\"https:\/\/www.iebschool.com\/saladeprensa\/2015\/02\/18\/mon-dirigent-oscar-fuente\/\"},\"wordCount\":31,\"commentCount\":0,\"publisher\":{\"@id\":\"https:\/\/www.iebschool.com\/saladeprensa\/#organization\"},\"image\":{\"@id\":\"https:\/\/www.iebschool.com\/saladeprensa\/2015\/02\/18\/mon-dirigent-oscar-fuente\/#primaryimage\"},\"thumbnailUrl\":\"https:\/\/www.iebschool.com\/saladeprensa\/wp-content\/uploads\/2015\/02\/Nokia1.jpg\",\"articleSection\":[\"Hablan nuestros profesores\"],\"inLanguage\":\"es\",\"potentialAction\":[{\"@type\":\"CommentAction\",\"name\":\"Comment\",\"target\":[\"https:\/\/www.iebschool.com\/saladeprensa\/2015\/02\/18\/mon-dirigent-oscar-fuente\/#respond\"]}]},{\"@type\":\"WebPage\",\"@id\":\"https:\/\/www.iebschool.com\/saladeprensa\/2015\/02\/18\/mon-dirigent-oscar-fuente\/\",\"url\":\"https:\/\/www.iebschool.com\/saladeprensa\/2015\/02\/18\/mon-dirigent-oscar-fuente\/\",\"name\":\"M\u00f3n Dirigent - \u00d3scar Fuente - Sala de Prensa\",\"isPartOf\":{\"@id\":\"https:\/\/www.iebschool.com\/saladeprensa\/#website\"},\"primaryImageOfPage\":{\"@id\":\"https:\/\/www.iebschool.com\/saladeprensa\/2015\/02\/18\/mon-dirigent-oscar-fuente\/#primaryimage\"},\"image\":{\"@id\":\"https:\/\/www.iebschool.com\/saladeprensa\/2015\/02\/18\/mon-dirigent-oscar-fuente\/#primaryimage\"},\"thumbnailUrl\":\"https:\/\/www.iebschool.com\/saladeprensa\/wp-content\/uploads\/2015\/02\/Nokia1.jpg\",\"datePublished\":\"2015-02-18T15:46:34+00:00\",\"description\":\"Declaraciones de \u00d3scar Fuente, Director General de IEBS \u00a0en el reportaje de M\u00f3n Dirigent\u00a0\u201cNokia, el gegant de la telefonia (im)m\u00f2bil\u201d &nbsp;\",\"breadcrumb\":{\"@id\":\"https:\/\/www.iebschool.com\/saladeprensa\/2015\/02\/18\/mon-dirigent-oscar-fuente\/#breadcrumb\"},\"inLanguage\":\"es\",\"potentialAction\":[{\"@type\":\"ReadAction\",\"target\":[\"https:\/\/www.iebschool.com\/saladeprensa\/2015\/02\/18\/mon-dirigent-oscar-fuente\/\"]}]},{\"@type\":\"ImageObject\",\"inLanguage\":\"es\",\"@id\":\"https:\/\/www.iebschool.com\/saladeprensa\/2015\/02\/18\/mon-dirigent-oscar-fuente\/#primaryimage\",\"url\":\"https:\/\/www.iebschool.com\/saladeprensa\/wp-content\/uploads\/2015\/02\/Nokia1.jpg\",\"contentUrl\":\"https:\/\/www.iebschool.com\/saladeprensa\/wp-content\/uploads\/2015\/02\/Nokia1.jpg\",\"width\":728,\"height\":946},{\"@type\":\"BreadcrumbList\",\"@id\":\"https:\/\/www.iebschool.com\/saladeprensa\/2015\/02\/18\/mon-dirigent-oscar-fuente\/#breadcrumb\",\"itemListElement\":[{\"@type\":\"ListItem\",\"position\":1,\"name\":\"Portada\",\"item\":\"https:\/\/www.iebschool.com\/saladeprensa\/\"},{\"@type\":\"ListItem\",\"position\":2,\"name\":\"M\u00f3n Dirigent &#8211; \u00d3scar Fuente\"}]},{\"@type\":\"WebSite\",\"@id\":\"https:\/\/www.iebschool.com\/saladeprensa\/#website\",\"url\":\"https:\/\/www.iebschool.com\/saladeprensa\/\",\"name\":\"Sala de Prensa\",\"description\":\"IEBS\",\"publisher\":{\"@id\":\"https:\/\/www.iebschool.com\/saladeprensa\/#organization\"},\"potentialAction\":[{\"@type\":\"SearchAction\",\"target\":{\"@type\":\"EntryPoint\",\"urlTemplate\":\"https:\/\/www.iebschool.com\/saladeprensa\/?s={search_term_string}\"},\"query-input\":{\"@type\":\"PropertyValueSpecification\",\"valueRequired\":true,\"valueName\":\"search_term_string\"}}],\"inLanguage\":\"es\"},{\"@type\":\"Organization\",\"@id\":\"https:\/\/www.iebschool.com\/saladeprensa\/#organization\",\"name\":\"Sala de Prensa\",\"url\":\"https:\/\/www.iebschool.com\/saladeprensa\/\",\"logo\":{\"@type\":\"ImageObject\",\"inLanguage\":\"es\",\"@id\":\"https:\/\/www.iebschool.com\/saladeprensa\/#\/schema\/logo\/image\/\",\"url\":\"https:\/\/www.iebschool.com\/saladeprensa\/wp-content\/uploads\/2026\/02\/IEBS_Logo_BusinessSchool_1_Hor_Violeta-scaled.png\",\"contentUrl\":\"https:\/\/www.iebschool.com\/saladeprensa\/wp-content\/uploads\/2026\/02\/IEBS_Logo_BusinessSchool_1_Hor_Violeta-scaled.png\",\"width\":2560,\"height\":374,\"caption\":\"Sala de Prensa\"},\"image\":{\"@id\":\"https:\/\/www.iebschool.com\/saladeprensa\/#\/schema\/logo\/image\/\"}},{\"@type\":\"Person\",\"@id\":\"https:\/\/www.iebschool.com\/saladeprensa\/#\/schema\/person\/4e37795e61afec781e763d9c6044229b\",\"name\":\"Helena Rengel\",\"image\":{\"@type\":\"ImageObject\",\"inLanguage\":\"es\",\"@id\":\"https:\/\/www.iebschool.com\/saladeprensa\/#\/schema\/person\/image\/\",\"url\":\"https:\/\/secure.gravatar.com\/avatar\/c76a402d49e5378cb8df395b267df14695c634009e89eff37a723561a4c44af7?s=96&d=mm&r=g\",\"contentUrl\":\"https:\/\/secure.gravatar.com\/avatar\/c76a402d49e5378cb8df395b267df14695c634009e89eff37a723561a4c44af7?s=96&d=mm&r=g\",\"caption\":\"Helena Rengel\"},\"url\":\"https:\/\/www.iebschool.com\/saladeprensa\/author\/comunicacioniebschool-com\/\"}]}<\/script>\n<!-- \/ Yoast SEO Premium plugin. -->","yoast_head_json":{"title":"M\u00f3n Dirigent - \u00d3scar Fuente - Sala de Prensa","description":"Declaraciones de \u00d3scar Fuente, Director General de IEBS \u00a0en el reportaje de M\u00f3n Dirigent\u00a0\u201cNokia, el gegant de la telefonia (im)m\u00f2bil\u201d   &nbsp;","robots":{"index":"index","follow":"follow","max-snippet":"max-snippet:-1","max-image-preview":"max-image-preview:large","max-video-preview":"max-video-preview:-1"},"canonical":"https:\/\/www.iebschool.com\/saladeprensa\/2015\/02\/18\/mon-dirigent-oscar-fuente\/","og_locale":"es_ES","og_type":"article","og_title":"M\u00f3n Dirigent - \u00d3scar Fuente","og_description":"Declaraciones de \u00d3scar Fuente, Director General de IEBS \u00a0en el reportaje de M\u00f3n Dirigent\u00a0\u201cNokia, el gegant de la telefonia (im)m\u00f2bil\u201d   &nbsp;","og_url":"https:\/\/www.iebschool.com\/saladeprensa\/2015\/02\/18\/mon-dirigent-oscar-fuente\/","og_site_name":"Sala de Prensa","article_published_time":"2015-02-18T15:46:34+00:00","og_image":[{"url":"https:\/\/www.iebschool.com\/saladeprensa\/wp-content\/uploads\/2015\/02\/Nokia1.jpg","type":"","width":"","height":""}],"author":"Helena Rengel","twitter_card":"summary_large_image","twitter_misc":{"Escrito por":"Helena Rengel"},"schema":{"@context":"https:\/\/schema.org","@graph":[{"@type":"Article","@id":"https:\/\/www.iebschool.com\/saladeprensa\/2015\/02\/18\/mon-dirigent-oscar-fuente\/#article","isPartOf":{"@id":"https:\/\/www.iebschool.com\/saladeprensa\/2015\/02\/18\/mon-dirigent-oscar-fuente\/"},"author":{"name":"Helena Rengel","@id":"https:\/\/www.iebschool.com\/saladeprensa\/#\/schema\/person\/4e37795e61afec781e763d9c6044229b"},"headline":"M\u00f3n Dirigent &#8211; \u00d3scar Fuente","datePublished":"2015-02-18T15:46:34+00:00","mainEntityOfPage":{"@id":"https:\/\/www.iebschool.com\/saladeprensa\/2015\/02\/18\/mon-dirigent-oscar-fuente\/"},"wordCount":31,"commentCount":0,"publisher":{"@id":"https:\/\/www.iebschool.com\/saladeprensa\/#organization"},"image":{"@id":"https:\/\/www.iebschool.com\/saladeprensa\/2015\/02\/18\/mon-dirigent-oscar-fuente\/#primaryimage"},"thumbnailUrl":"https:\/\/www.iebschool.com\/saladeprensa\/wp-content\/uploads\/2015\/02\/Nokia1.jpg","articleSection":["Hablan nuestros profesores"],"inLanguage":"es","potentialAction":[{"@type":"CommentAction","name":"Comment","target":["https:\/\/www.iebschool.com\/saladeprensa\/2015\/02\/18\/mon-dirigent-oscar-fuente\/#respond"]}]},{"@type":"WebPage","@id":"https:\/\/www.iebschool.com\/saladeprensa\/2015\/02\/18\/mon-dirigent-oscar-fuente\/","url":"https:\/\/www.iebschool.com\/saladeprensa\/2015\/02\/18\/mon-dirigent-oscar-fuente\/","name":"M\u00f3n Dirigent - \u00d3scar Fuente - Sala de Prensa","isPartOf":{"@id":"https:\/\/www.iebschool.com\/saladeprensa\/#website"},"primaryImageOfPage":{"@id":"https:\/\/www.iebschool.com\/saladeprensa\/2015\/02\/18\/mon-dirigent-oscar-fuente\/#primaryimage"},"image":{"@id":"https:\/\/www.iebschool.com\/saladeprensa\/2015\/02\/18\/mon-dirigent-oscar-fuente\/#primaryimage"},"thumbnailUrl":"https:\/\/www.iebschool.com\/saladeprensa\/wp-content\/uploads\/2015\/02\/Nokia1.jpg","datePublished":"2015-02-18T15:46:34+00:00","description":"Declaraciones de \u00d3scar Fuente, Director General de IEBS \u00a0en el reportaje de M\u00f3n Dirigent\u00a0\u201cNokia, el gegant de la telefonia (im)m\u00f2bil\u201d &nbsp;","breadcrumb":{"@id":"https:\/\/www.iebschool.com\/saladeprensa\/2015\/02\/18\/mon-dirigent-oscar-fuente\/#breadcrumb"},"inLanguage":"es","potentialAction":[{"@type":"ReadAction","target":["https:\/\/www.iebschool.com\/saladeprensa\/2015\/02\/18\/mon-dirigent-oscar-fuente\/"]}]},{"@type":"ImageObject","inLanguage":"es","@id":"https:\/\/www.iebschool.com\/saladeprensa\/2015\/02\/18\/mon-dirigent-oscar-fuente\/#primaryimage","url":"https:\/\/www.iebschool.com\/saladeprensa\/wp-content\/uploads\/2015\/02\/Nokia1.jpg","contentUrl":"https:\/\/www.iebschool.com\/saladeprensa\/wp-content\/uploads\/2015\/02\/Nokia1.jpg","width":728,"height":946},{"@type":"BreadcrumbList","@id":"https:\/\/www.iebschool.com\/saladeprensa\/2015\/02\/18\/mon-dirigent-oscar-fuente\/#breadcrumb","itemListElement":[{"@type":"ListItem","position":1,"name":"Portada","item":"https:\/\/www.iebschool.com\/saladeprensa\/"},{"@type":"ListItem","position":2,"name":"M\u00f3n Dirigent &#8211; \u00d3scar Fuente"}]},{"@type":"WebSite","@id":"https:\/\/www.iebschool.com\/saladeprensa\/#website","url":"https:\/\/www.iebschool.com\/saladeprensa\/","name":"Sala de Prensa","description":"IEBS","publisher":{"@id":"https:\/\/www.iebschool.com\/saladeprensa\/#organization"},"potentialAction":[{"@type":"SearchAction","target":{"@type":"EntryPoint","urlTemplate":"https:\/\/www.iebschool.com\/saladeprensa\/?s={search_term_string}"},"query-input":{"@type":"PropertyValueSpecification","valueRequired":true,"valueName":"search_term_string"}}],"inLanguage":"es"},{"@type":"Organization","@id":"https:\/\/www.iebschool.com\/saladeprensa\/#organization","name":"Sala de Prensa","url":"https:\/\/www.iebschool.com\/saladeprensa\/","logo":{"@type":"ImageObject","inLanguage":"es","@id":"https:\/\/www.iebschool.com\/saladeprensa\/#\/schema\/logo\/image\/","url":"https:\/\/www.iebschool.com\/saladeprensa\/wp-content\/uploads\/2026\/02\/IEBS_Logo_BusinessSchool_1_Hor_Violeta-scaled.png","contentUrl":"https:\/\/www.iebschool.com\/saladeprensa\/wp-content\/uploads\/2026\/02\/IEBS_Logo_BusinessSchool_1_Hor_Violeta-scaled.png","width":2560,"height":374,"caption":"Sala de Prensa"},"image":{"@id":"https:\/\/www.iebschool.com\/saladeprensa\/#\/schema\/logo\/image\/"}},{"@type":"Person","@id":"https:\/\/www.iebschool.com\/saladeprensa\/#\/schema\/person\/4e37795e61afec781e763d9c6044229b","name":"Helena Rengel","image":{"@type":"ImageObject","inLanguage":"es","@id":"https:\/\/www.iebschool.com\/saladeprensa\/#\/schema\/person\/image\/","url":"https:\/\/secure.gravatar.com\/avatar\/c76a402d49e5378cb8df395b267df14695c634009e89eff37a723561a4c44af7?s=96&d=mm&r=g","contentUrl":"https:\/\/secure.gravatar.com\/avatar\/c76a402d49e5378cb8df395b267df14695c634009e89eff37a723561a4c44af7?s=96&d=mm&r=g","caption":"Helena Rengel"},"url":"https:\/\/www.iebschool.com\/saladeprensa\/author\/comunicacioniebschool-com\/"}]}},"image_thumbnail":"https:\/\/www.iebschool.com\/saladeprensa\/wp-includes\/images\/media\/default.svg","image_full":"https:\/\/www.iebschool.com\/saladeprensa\/wp-includes\/images\/media\/default.svg","categoria":{"nombre":"Hablan nuestros profesores","slug":"category\/entrevista-profesores"},"_links":{"self":[{"href":"https:\/\/www.iebschool.com\/saladeprensa\/wp-json\/wp\/v2\/posts\/2648","targetHints":{"allow":["GET"]}}],"collection":[{"href":"https:\/\/www.iebschool.com\/saladeprensa\/wp-json\/wp\/v2\/posts"}],"about":[{"href":"https:\/\/www.iebschool.com\/saladeprensa\/wp-json\/wp\/v2\/types\/post"}],"author":[{"embeddable":true,"href":"https:\/\/www.iebschool.com\/saladeprensa\/wp-json\/wp\/v2\/users\/5"}],"replies":[{"embeddable":true,"href":"https:\/\/www.iebschool.com\/saladeprensa\/wp-json\/wp\/v2\/comments?post=2648"}],"version-history":[{"count":0,"href":"https:\/\/www.iebschool.com\/saladeprensa\/wp-json\/wp\/v2\/posts\/2648\/revisions"}],"wp:attachment":[{"href":"https:\/\/www.iebschool.com\/saladeprensa\/wp-json\/wp\/v2\/media?parent=2648"}],"wp:term":[{"taxonomy":"category","embeddable":true,"href":"https:\/\/www.iebschool.com\/saladeprensa\/wp-json\/wp\/v2\/categories?post=2648"},{"taxonomy":"post_tag","embeddable":true,"href":"https:\/\/www.iebschool.com\/saladeprensa\/wp-json\/wp\/v2\/tags?post=2648"}],"curies":[{"name":"wp","href":"https:\/\/api.w.org\/{rel}","templated":true}]}}