{"id":2699,"date":"2015-02-28T10:27:58","date_gmt":"2015-02-28T08:27:58","guid":{"rendered":"http:\/\/comunidad.iebschool.com\/saladeprensa\/?p=2699"},"modified":"2015-02-28T10:27:58","modified_gmt":"2015-02-28T08:27:58","slug":"iebs-pone-en-marcha-la-semana-del-emprendedor-un-evento-de-creacion-de-startups-online","status":"publish","type":"post","link":"https:\/\/www.iebschool.com\/saladeprensa\/2015\/02\/28\/iebs-pone-en-marcha-la-semana-del-emprendedor-un-evento-de-creacion-de-startups-online\/","title":{"rendered":"IEBS pone en marcha \u201cLa semana del emprendedor\u201d, un evento de creaci\u00f3n de startups online"},"content":{"rendered":"<p style=\"text-align: justify\"><em>Barcelona, 27 de Febrero de 2015<\/em>\u00a0\u2013 A ra\u00edz la compleja situaci\u00f3n que ha estado atravesando la econom\u00eda en nuestro pa\u00eds, est\u00e1n surgiendo un sinf\u00edn de oportunidades y desaf\u00edos para muchos de nosotros, que nos vemos en la necesidad de reorientar nuestra carrera profesional y nos planteamos la posibilidad de emprender. Profesionales cualificados que nos hemos quedado sin trabajo, que no encontramos un mercado laboral en el que ubicarnos y que, al plantearnos el gran reto de emprender, no sabemos por d\u00f3nde empezar.<\/p>\n<p style=\"text-align: justify\">Con el objetivo de transformar <strong>ideas de negocio en proyectos reales<\/strong>, la escuela de negocios de la Innovaci\u00f3n y los Emprendedores, IEBS, \u00a0ha desarrollado <strong>un evento online gratuito<\/strong>,\u201cLa semana del emprendedor en IEBS\u201d. Por primera vez, un evento de creaci\u00f3n de startups Global y online que pondr\u00e1 en com\u00fan a emprendedores de cualquier parte del mundo con un \u00fanico objetivo: \"la creaci\u00f3n de startups\".<\/p>\n<p style=\"text-align: justify\">Del<strong> 19 al 25 de Marzo,\u00a0 \u201cLa semana del emprendedor en IEBS\u201d<\/strong> ser\u00e1 un programa pr\u00e1ctico en el que los asistentes tendr\u00e1n la oportunidad de <strong>presentar y desarrollar sus ideas<\/strong>, validar el <strong>modelo de negocio<\/strong>, trabajar en <strong>equipo<\/strong> con otros asistentes y, lo m\u00e1s importante, contar con el <strong><em>mentoring<\/em><\/strong> de profesionales emprendedores que ayudar\u00e1n a evitar los errores m\u00e1s comunes. \u00a0Y todo ello, en una red de trabajo colaborativo mundial donde todo el mundo cabe, tanto el que tiene una idea y quiere validarla como el que quiere vivir la experiencia del emprendimiento en primera persona y colaborar con un equipo multidisciplinar.<\/p>\n<p style=\"text-align: justify\">El evento contar\u00e1 con un equipo de expertos y colaboradores que participaran en el mentoring del mismo. As\u00ed mismo, encontramos a <strong>Pascual Parada<\/strong>, docente, consultor y mentor de emprendedores y Startups tecnol\u00f3gicas y mobile;<strong> Sandra Garrido<\/strong>, consultora especialista en el impulso de startups, definici\u00f3n y modelo de negocio e inversi\u00f3n y especialista en metodolog\u00edas \u00e1giles de gesti\u00f3n; <strong>Oscar Fuente<\/strong>, fundador de \u00c1rea de Ventas, \u00c1rea Interactiva, Iberestudios y Edutech en Latinoam\u00e9rica, adem\u00e1s de ser mentor en Seedrocket y socio en Brandrain, Palbin, Erreqerre.net y Reallylatebooking; <strong>Javier Mart\u00edn<\/strong>, CEO de Loogic, organizador de Smart Money, autor de \u201cEmprender Ligero\u201d y Cofundador de Iniciador; <strong>Rebeca G\u00f3mez<\/strong>, SEO &amp; Data Strategist en iProspect, SEO &amp; Social Media Senior Account Manager en LBI \u2013 Publicis, Formadora de marketing online para j\u00f3venes emprendedores en SOPRODEVAJE (Proyecto Leader de la Uni\u00f3n Europea) y redactora y gestora de\u00a0<a href=\"http:\/\/www.esta-de-moda.es\/\">www.esta-de-moda.es<\/a><\/p>\n<p style=\"text-align: justify\">\u00c9sta es una oportunidad \u00fanica para cualquiera que quiera validar una idea de negocio,experimentar lo que significa crear una startup en todas sus etapas iniciales, trabajar en equipo y entrar en contacto con personas con las que colaborar en el futuro y compartir experiencias. \u00a0IEBS evaluar\u00e1 los 3 mejores proyectos, ofreciendo la posibilidad de incubar el mismo en las instalaciones de IEBS y la idea ganadora podr\u00e1 ser presentada ante una audiencia de potenciales inversores en el I Encuentro Global de IEBS Alumni que se celebrar\u00e1 el pr\u00f3ximo 27 de Marzo.<\/p>\n<strong>Sobre IEBS<\/strong>\n<p style=\"text-align: justify\"><strong>\u00a0<\/strong><strong>IEBS<\/strong> nace en 2010 como una <a href=\"http:\/\/www.iebschool.com\/\">escuela de negocios<\/a> basada en la innovaci\u00f3n, el apoyo a los emprendedores, la \u00e9tica y la sostenibilidad. Su objetivo es crear un <strong>trampol\u00edn para emprendedores<\/strong> que ofrezca formaci\u00f3n, apoyo y financiaci\u00f3n para acelerar al m\u00e1ximo start-ups de base tecnol\u00f3gica. Ha sido elegido recientemente como la 1\u00aa escuela de negocios \u00edntegramente online y en el <a href=\"http:\/\/comunidad.iebschool.com\/iebs\/noticias\/iebs-se-reafirma-como-mejor-escuela-de-negocios-integramente-online-en-espana\/#.UW7DHbUqyIU\">TOP 10<\/a> de las mejores escuelas de Espa\u00f1a.<\/p>\n<strong>\u00a0 \u00a0 \u00a0 \u00a0\u00a0<\/strong>","protected":false},"excerpt":{"rendered":"","protected":false},"author":5,"featured_media":0,"comment_status":"open","ping_status":"open","sticky":false,"template":"","format":"standard","meta":{"footnotes":""},"categories":[8],"tags":[],"class_list":["post-2699","post","type-post","status-publish","format-standard","hentry","category-notas-de-prensa"],"yoast_head":"<!-- This site is optimized with the Yoast SEO Premium plugin v23.9 (Yoast SEO v24.6) - https:\/\/yoast.com\/wordpress\/plugins\/seo\/ -->\n<title>IEBS pone en marcha \u201cLa semana del emprendedor\u201d, un evento de creaci\u00f3n de startups online - Sala de Prensa<\/title>\n<meta name=\"description\" content=\"Barcelona, 27 de Febrero de 2015\u00a0\u2013 A ra\u00edz la compleja situaci\u00f3n que ha estado atravesando la econom\u00eda en nuestro pa\u00eds, est\u00e1n surgiendo un sinf\u00edn de\" \/>\n<meta name=\"robots\" content=\"index, follow, max-snippet:-1, max-image-preview:large, max-video-preview:-1\" \/>\n<link rel=\"canonical\" href=\"https:\/\/www.iebschool.com\/saladeprensa\/2015\/02\/28\/iebs-pone-en-marcha-la-semana-del-emprendedor-un-evento-de-creacion-de-startups-online\/\" \/>\n<meta property=\"og:locale\" content=\"es_ES\" \/>\n<meta property=\"og:type\" content=\"article\" \/>\n<meta property=\"og:title\" content=\"IEBS pone en marcha \u201cLa semana del emprendedor\u201d, un evento de creaci\u00f3n de startups online\" \/>\n<meta property=\"og:description\" content=\"Barcelona, 27 de Febrero de 2015\u00a0\u2013 A ra\u00edz la compleja situaci\u00f3n que ha estado atravesando la econom\u00eda en nuestro pa\u00eds, est\u00e1n surgiendo un sinf\u00edn de\" \/>\n<meta property=\"og:url\" content=\"https:\/\/www.iebschool.com\/saladeprensa\/2015\/02\/28\/iebs-pone-en-marcha-la-semana-del-emprendedor-un-evento-de-creacion-de-startups-online\/\" \/>\n<meta property=\"og:site_name\" content=\"Sala de Prensa\" \/>\n<meta property=\"article:published_time\" content=\"2015-02-28T08:27:58+00:00\" \/>\n<meta name=\"author\" content=\"Helena Rengel\" \/>\n<meta name=\"twitter:card\" content=\"summary_large_image\" \/>\n<meta name=\"twitter:label1\" content=\"Escrito por\" \/>\n\t<meta name=\"twitter:data1\" content=\"Helena Rengel\" \/>\n\t<meta name=\"twitter:label2\" content=\"Tiempo de lectura\" \/>\n\t<meta name=\"twitter:data2\" content=\"3 minutos\" \/>\n<script type=\"application\/ld+json\" class=\"yoast-schema-graph\">{\"@context\":\"https:\/\/schema.org\",\"@graph\":[{\"@type\":\"Article\",\"@id\":\"https:\/\/www.iebschool.com\/saladeprensa\/2015\/02\/28\/iebs-pone-en-marcha-la-semana-del-emprendedor-un-evento-de-creacion-de-startups-online\/#article\",\"isPartOf\":{\"@id\":\"https:\/\/www.iebschool.com\/saladeprensa\/2015\/02\/28\/iebs-pone-en-marcha-la-semana-del-emprendedor-un-evento-de-creacion-de-startups-online\/\"},\"author\":{\"name\":\"Helena Rengel\",\"@id\":\"https:\/\/www.iebschool.com\/saladeprensa\/#\/schema\/person\/4e37795e61afec781e763d9c6044229b\"},\"headline\":\"IEBS pone en marcha \u201cLa semana del emprendedor\u201d, un evento de creaci\u00f3n de startups online\",\"datePublished\":\"2015-02-28T08:27:58+00:00\",\"mainEntityOfPage\":{\"@id\":\"https:\/\/www.iebschool.com\/saladeprensa\/2015\/02\/28\/iebs-pone-en-marcha-la-semana-del-emprendedor-un-evento-de-creacion-de-startups-online\/\"},\"wordCount\":598,\"commentCount\":0,\"publisher\":{\"@id\":\"https:\/\/www.iebschool.com\/saladeprensa\/#organization\"},\"articleSection\":[\"Notas de Prensa\"],\"inLanguage\":\"es\",\"potentialAction\":[{\"@type\":\"CommentAction\",\"name\":\"Comment\",\"target\":[\"https:\/\/www.iebschool.com\/saladeprensa\/2015\/02\/28\/iebs-pone-en-marcha-la-semana-del-emprendedor-un-evento-de-creacion-de-startups-online\/#respond\"]}]},{\"@type\":\"WebPage\",\"@id\":\"https:\/\/www.iebschool.com\/saladeprensa\/2015\/02\/28\/iebs-pone-en-marcha-la-semana-del-emprendedor-un-evento-de-creacion-de-startups-online\/\",\"url\":\"https:\/\/www.iebschool.com\/saladeprensa\/2015\/02\/28\/iebs-pone-en-marcha-la-semana-del-emprendedor-un-evento-de-creacion-de-startups-online\/\",\"name\":\"IEBS pone en marcha \u201cLa semana del emprendedor\u201d, un evento de creaci\u00f3n de startups online - Sala de Prensa\",\"isPartOf\":{\"@id\":\"https:\/\/www.iebschool.com\/saladeprensa\/#website\"},\"datePublished\":\"2015-02-28T08:27:58+00:00\",\"description\":\"Barcelona, 27 de Febrero de 2015\u00a0\u2013 A ra\u00edz la compleja situaci\u00f3n que ha estado atravesando la econom\u00eda en nuestro pa\u00eds, est\u00e1n surgiendo un sinf\u00edn de\",\"breadcrumb\":{\"@id\":\"https:\/\/www.iebschool.com\/saladeprensa\/2015\/02\/28\/iebs-pone-en-marcha-la-semana-del-emprendedor-un-evento-de-creacion-de-startups-online\/#breadcrumb\"},\"inLanguage\":\"es\",\"potentialAction\":[{\"@type\":\"ReadAction\",\"target\":[\"https:\/\/www.iebschool.com\/saladeprensa\/2015\/02\/28\/iebs-pone-en-marcha-la-semana-del-emprendedor-un-evento-de-creacion-de-startups-online\/\"]}]},{\"@type\":\"BreadcrumbList\",\"@id\":\"https:\/\/www.iebschool.com\/saladeprensa\/2015\/02\/28\/iebs-pone-en-marcha-la-semana-del-emprendedor-un-evento-de-creacion-de-startups-online\/#breadcrumb\",\"itemListElement\":[{\"@type\":\"ListItem\",\"position\":1,\"name\":\"Portada\",\"item\":\"https:\/\/www.iebschool.com\/saladeprensa\/\"},{\"@type\":\"ListItem\",\"position\":2,\"name\":\"IEBS pone en marcha \u201cLa semana del emprendedor\u201d, un evento de creaci\u00f3n de startups online\"}]},{\"@type\":\"WebSite\",\"@id\":\"https:\/\/www.iebschool.com\/saladeprensa\/#website\",\"url\":\"https:\/\/www.iebschool.com\/saladeprensa\/\",\"name\":\"Sala de Prensa\",\"description\":\"IEBS\",\"publisher\":{\"@id\":\"https:\/\/www.iebschool.com\/saladeprensa\/#organization\"},\"potentialAction\":[{\"@type\":\"SearchAction\",\"target\":{\"@type\":\"EntryPoint\",\"urlTemplate\":\"https:\/\/www.iebschool.com\/saladeprensa\/?s={search_term_string}\"},\"query-input\":{\"@type\":\"PropertyValueSpecification\",\"valueRequired\":true,\"valueName\":\"search_term_string\"}}],\"inLanguage\":\"es\"},{\"@type\":\"Organization\",\"@id\":\"https:\/\/www.iebschool.com\/saladeprensa\/#organization\",\"name\":\"Sala de Prensa\",\"url\":\"https:\/\/www.iebschool.com\/saladeprensa\/\",\"logo\":{\"@type\":\"ImageObject\",\"inLanguage\":\"es\",\"@id\":\"https:\/\/www.iebschool.com\/saladeprensa\/#\/schema\/logo\/image\/\",\"url\":\"https:\/\/www.iebschool.com\/saladeprensa\/wp-content\/uploads\/2026\/02\/IEBS_Logo_BusinessSchool_1_Hor_Violeta-scaled.png\",\"contentUrl\":\"https:\/\/www.iebschool.com\/saladeprensa\/wp-content\/uploads\/2026\/02\/IEBS_Logo_BusinessSchool_1_Hor_Violeta-scaled.png\",\"width\":2560,\"height\":374,\"caption\":\"Sala de Prensa\"},\"image\":{\"@id\":\"https:\/\/www.iebschool.com\/saladeprensa\/#\/schema\/logo\/image\/\"}},{\"@type\":\"Person\",\"@id\":\"https:\/\/www.iebschool.com\/saladeprensa\/#\/schema\/person\/4e37795e61afec781e763d9c6044229b\",\"name\":\"Helena Rengel\",\"image\":{\"@type\":\"ImageObject\",\"inLanguage\":\"es\",\"@id\":\"https:\/\/www.iebschool.com\/saladeprensa\/#\/schema\/person\/image\/\",\"url\":\"https:\/\/secure.gravatar.com\/avatar\/c76a402d49e5378cb8df395b267df14695c634009e89eff37a723561a4c44af7?s=96&d=mm&r=g\",\"contentUrl\":\"https:\/\/secure.gravatar.com\/avatar\/c76a402d49e5378cb8df395b267df14695c634009e89eff37a723561a4c44af7?s=96&d=mm&r=g\",\"caption\":\"Helena Rengel\"},\"url\":\"https:\/\/www.iebschool.com\/saladeprensa\/author\/comunicacioniebschool-com\/\"}]}<\/script>\n<!-- \/ Yoast SEO Premium plugin. -->","yoast_head_json":{"title":"IEBS pone en marcha \u201cLa semana del emprendedor\u201d, un evento de creaci\u00f3n de startups online - Sala de Prensa","description":"Barcelona, 27 de Febrero de 2015\u00a0\u2013 A ra\u00edz la compleja situaci\u00f3n que ha estado atravesando la econom\u00eda en nuestro pa\u00eds, est\u00e1n surgiendo un sinf\u00edn de","robots":{"index":"index","follow":"follow","max-snippet":"max-snippet:-1","max-image-preview":"max-image-preview:large","max-video-preview":"max-video-preview:-1"},"canonical":"https:\/\/www.iebschool.com\/saladeprensa\/2015\/02\/28\/iebs-pone-en-marcha-la-semana-del-emprendedor-un-evento-de-creacion-de-startups-online\/","og_locale":"es_ES","og_type":"article","og_title":"IEBS pone en marcha \u201cLa semana del emprendedor\u201d, un evento de creaci\u00f3n de startups online","og_description":"Barcelona, 27 de Febrero de 2015\u00a0\u2013 A ra\u00edz la compleja situaci\u00f3n que ha estado atravesando la econom\u00eda en nuestro pa\u00eds, est\u00e1n surgiendo un sinf\u00edn de","og_url":"https:\/\/www.iebschool.com\/saladeprensa\/2015\/02\/28\/iebs-pone-en-marcha-la-semana-del-emprendedor-un-evento-de-creacion-de-startups-online\/","og_site_name":"Sala de Prensa","article_published_time":"2015-02-28T08:27:58+00:00","author":"Helena Rengel","twitter_card":"summary_large_image","twitter_misc":{"Escrito por":"Helena Rengel","Tiempo de lectura":"3 minutos"},"schema":{"@context":"https:\/\/schema.org","@graph":[{"@type":"Article","@id":"https:\/\/www.iebschool.com\/saladeprensa\/2015\/02\/28\/iebs-pone-en-marcha-la-semana-del-emprendedor-un-evento-de-creacion-de-startups-online\/#article","isPartOf":{"@id":"https:\/\/www.iebschool.com\/saladeprensa\/2015\/02\/28\/iebs-pone-en-marcha-la-semana-del-emprendedor-un-evento-de-creacion-de-startups-online\/"},"author":{"name":"Helena Rengel","@id":"https:\/\/www.iebschool.com\/saladeprensa\/#\/schema\/person\/4e37795e61afec781e763d9c6044229b"},"headline":"IEBS pone en marcha \u201cLa semana del emprendedor\u201d, un evento de creaci\u00f3n de startups online","datePublished":"2015-02-28T08:27:58+00:00","mainEntityOfPage":{"@id":"https:\/\/www.iebschool.com\/saladeprensa\/2015\/02\/28\/iebs-pone-en-marcha-la-semana-del-emprendedor-un-evento-de-creacion-de-startups-online\/"},"wordCount":598,"commentCount":0,"publisher":{"@id":"https:\/\/www.iebschool.com\/saladeprensa\/#organization"},"articleSection":["Notas de Prensa"],"inLanguage":"es","potentialAction":[{"@type":"CommentAction","name":"Comment","target":["https:\/\/www.iebschool.com\/saladeprensa\/2015\/02\/28\/iebs-pone-en-marcha-la-semana-del-emprendedor-un-evento-de-creacion-de-startups-online\/#respond"]}]},{"@type":"WebPage","@id":"https:\/\/www.iebschool.com\/saladeprensa\/2015\/02\/28\/iebs-pone-en-marcha-la-semana-del-emprendedor-un-evento-de-creacion-de-startups-online\/","url":"https:\/\/www.iebschool.com\/saladeprensa\/2015\/02\/28\/iebs-pone-en-marcha-la-semana-del-emprendedor-un-evento-de-creacion-de-startups-online\/","name":"IEBS pone en marcha \u201cLa semana del emprendedor\u201d, un evento de creaci\u00f3n de startups online - Sala de Prensa","isPartOf":{"@id":"https:\/\/www.iebschool.com\/saladeprensa\/#website"},"datePublished":"2015-02-28T08:27:58+00:00","description":"Barcelona, 27 de Febrero de 2015\u00a0\u2013 A ra\u00edz la compleja situaci\u00f3n que ha estado atravesando la econom\u00eda en nuestro pa\u00eds, est\u00e1n surgiendo un sinf\u00edn de","breadcrumb":{"@id":"https:\/\/www.iebschool.com\/saladeprensa\/2015\/02\/28\/iebs-pone-en-marcha-la-semana-del-emprendedor-un-evento-de-creacion-de-startups-online\/#breadcrumb"},"inLanguage":"es","potentialAction":[{"@type":"ReadAction","target":["https:\/\/www.iebschool.com\/saladeprensa\/2015\/02\/28\/iebs-pone-en-marcha-la-semana-del-emprendedor-un-evento-de-creacion-de-startups-online\/"]}]},{"@type":"BreadcrumbList","@id":"https:\/\/www.iebschool.com\/saladeprensa\/2015\/02\/28\/iebs-pone-en-marcha-la-semana-del-emprendedor-un-evento-de-creacion-de-startups-online\/#breadcrumb","itemListElement":[{"@type":"ListItem","position":1,"name":"Portada","item":"https:\/\/www.iebschool.com\/saladeprensa\/"},{"@type":"ListItem","position":2,"name":"IEBS pone en marcha \u201cLa semana del emprendedor\u201d, un evento de creaci\u00f3n de startups online"}]},{"@type":"WebSite","@id":"https:\/\/www.iebschool.com\/saladeprensa\/#website","url":"https:\/\/www.iebschool.com\/saladeprensa\/","name":"Sala de Prensa","description":"IEBS","publisher":{"@id":"https:\/\/www.iebschool.com\/saladeprensa\/#organization"},"potentialAction":[{"@type":"SearchAction","target":{"@type":"EntryPoint","urlTemplate":"https:\/\/www.iebschool.com\/saladeprensa\/?s={search_term_string}"},"query-input":{"@type":"PropertyValueSpecification","valueRequired":true,"valueName":"search_term_string"}}],"inLanguage":"es"},{"@type":"Organization","@id":"https:\/\/www.iebschool.com\/saladeprensa\/#organization","name":"Sala de Prensa","url":"https:\/\/www.iebschool.com\/saladeprensa\/","logo":{"@type":"ImageObject","inLanguage":"es","@id":"https:\/\/www.iebschool.com\/saladeprensa\/#\/schema\/logo\/image\/","url":"https:\/\/www.iebschool.com\/saladeprensa\/wp-content\/uploads\/2026\/02\/IEBS_Logo_BusinessSchool_1_Hor_Violeta-scaled.png","contentUrl":"https:\/\/www.iebschool.com\/saladeprensa\/wp-content\/uploads\/2026\/02\/IEBS_Logo_BusinessSchool_1_Hor_Violeta-scaled.png","width":2560,"height":374,"caption":"Sala de Prensa"},"image":{"@id":"https:\/\/www.iebschool.com\/saladeprensa\/#\/schema\/logo\/image\/"}},{"@type":"Person","@id":"https:\/\/www.iebschool.com\/saladeprensa\/#\/schema\/person\/4e37795e61afec781e763d9c6044229b","name":"Helena Rengel","image":{"@type":"ImageObject","inLanguage":"es","@id":"https:\/\/www.iebschool.com\/saladeprensa\/#\/schema\/person\/image\/","url":"https:\/\/secure.gravatar.com\/avatar\/c76a402d49e5378cb8df395b267df14695c634009e89eff37a723561a4c44af7?s=96&d=mm&r=g","contentUrl":"https:\/\/secure.gravatar.com\/avatar\/c76a402d49e5378cb8df395b267df14695c634009e89eff37a723561a4c44af7?s=96&d=mm&r=g","caption":"Helena Rengel"},"url":"https:\/\/www.iebschool.com\/saladeprensa\/author\/comunicacioniebschool-com\/"}]}},"image_thumbnail":"https:\/\/www.iebschool.com\/saladeprensa\/wp-includes\/images\/media\/default.svg","image_full":"https:\/\/www.iebschool.com\/saladeprensa\/wp-includes\/images\/media\/default.svg","categoria":{"nombre":"Notas de Prensa","slug":"category\/notas-de-prensa"},"_links":{"self":[{"href":"https:\/\/www.iebschool.com\/saladeprensa\/wp-json\/wp\/v2\/posts\/2699","targetHints":{"allow":["GET"]}}],"collection":[{"href":"https:\/\/www.iebschool.com\/saladeprensa\/wp-json\/wp\/v2\/posts"}],"about":[{"href":"https:\/\/www.iebschool.com\/saladeprensa\/wp-json\/wp\/v2\/types\/post"}],"author":[{"embeddable":true,"href":"https:\/\/www.iebschool.com\/saladeprensa\/wp-json\/wp\/v2\/users\/5"}],"replies":[{"embeddable":true,"href":"https:\/\/www.iebschool.com\/saladeprensa\/wp-json\/wp\/v2\/comments?post=2699"}],"version-history":[{"count":0,"href":"https:\/\/www.iebschool.com\/saladeprensa\/wp-json\/wp\/v2\/posts\/2699\/revisions"}],"wp:attachment":[{"href":"https:\/\/www.iebschool.com\/saladeprensa\/wp-json\/wp\/v2\/media?parent=2699"}],"wp:term":[{"taxonomy":"category","embeddable":true,"href":"https:\/\/www.iebschool.com\/saladeprensa\/wp-json\/wp\/v2\/categories?post=2699"},{"taxonomy":"post_tag","embeddable":true,"href":"https:\/\/www.iebschool.com\/saladeprensa\/wp-json\/wp\/v2\/tags?post=2699"}],"curies":[{"name":"wp","href":"https:\/\/api.w.org\/{rel}","templated":true}]}}