{"id":2706,"date":"2015-03-30T10:31:06","date_gmt":"2015-03-30T08:31:06","guid":{"rendered":"http:\/\/comunidad.iebschool.com\/saladeprensa\/?p=2706"},"modified":"2015-03-30T10:31:06","modified_gmt":"2015-03-30T08:31:06","slug":"barcelona-acoge-a-alumnos-y-profesores-de-iebs-en-su-primer-encuentro-global-alumni","status":"publish","type":"post","link":"https:\/\/www.iebschool.com\/saladeprensa\/2015\/03\/30\/barcelona-acoge-a-alumnos-y-profesores-de-iebs-en-su-primer-encuentro-global-alumni\/","title":{"rendered":"Barcelona acoge a alumnos y profesores de IEBS  en su primer encuentro Global Alumni"},"content":{"rendered":"<strong><em>La iniciativa emprendedora qued\u00f3 patente con los muchos proyectos creados por los alumnos.<\/em><\/strong>\n\n<strong><em>\u00a0El consumo colaborativo y la econom\u00eda real fueron los protagonistas de la entrega de premios a los mejores proyectos emprendedores.<\/em><\/strong>\n\nEl pasado 27 de marzo se celebr\u00f3 en Barcelona el primer Encuentro Global de alumnos y profesores de la escuela de negocios IEBS, en el que tuvo lugar la clausura del a\u00f1o acad\u00e9mico, la entrega de diplomas de la \u00faltima convocatoria y el anuncio de los ganadores de la semana del emprendedor.\n\nLa mayor\u00eda de los <a href=\"https:\/\/twitter.com\/search?f=realtime&amp;q=%23encuentroAlumniIEBS&amp;src=typd\">asistentes<\/a> destac\u00f3 que el formato del evento rompi\u00f3 moldes, alej\u00e1ndose de los r\u00edgidos y pomposos actos tradicionales para dar paso a un acto abierto, flexible y participativo que fue recibido con sorpresa por los asistentes y en el que se pudo comprobar el gran impacto del esp\u00edritu emprendedor entre la comunidad de alumnos de la escuela. Seg\u00fan el alumno C\u00e9sar Alcacer:\n\n<em>\u201cHa sido disfrutar much\u00edsimo, cambiar el chip (...) A pesar de que no ten\u00eda idea de emprender ahora me he animado\u201d<\/em>\n\nPrueba de ello fue tambi\u00e9n el testimonio de Julia Socorro, alumna graduada con honores, que agradeci\u00f3 el apoyo desinteresado de su profesora Gemma Segura, que consigui\u00f3 convertir su sue\u00f1o emprendedor en algo que hoy en d\u00eda es ya una realidad: <a href=\"https:\/\/islassem.com\/\">IslasSEM<\/a>.\n\n\u201c<em>Un d\u00eda conect\u00e9 con Gemma, le dije que quer\u00eda montar un proyecto por mi cuenta, ella me dijo que yo representaba a las islas, y que tambi\u00e9n era SEM y en su momento formamos islas SEM (...) lo hizo de una manera altruista, que para una emprendedora vale mucho, una marca que viene desde el coraz\u00f3n, y es tambi\u00e9n gracias a Gemma<\/em>\u201d\n\nPor \u00faltimo, y como acto central del evento, se anunciaron los ganadores de los proyectos desarrollados por los alumnos en \u201c<a href=\"http:\/\/comunidad.iebschool.com\/iebs\/general\/semana-del-emprendedor-en-iebs\/\"><strong>La Semana del Emprendedo<\/strong><\/a><a href=\"http:\/\/comunidad.iebschool.com\/iebs\/general\/semana-del-emprendedor-en-iebs\/\"><strong>r<\/strong><\/a>\u201d, un evento sin precedentes en el\u00a0 mundo online\u00a0 destinado a que alumnos de la escuela desarrollasen sus ideas de negocio y las transformasen en <em>startups<\/em> reales en una semana de intenso trabajo. El consumo colaborativo y la econom\u00eda real fueron los verdaderos ganadores y recibir\u00e1n como premio la posibilidad de ser incubados y recibir apoyo y <em>mentoring<\/em> para sus proyectos desde <a href=\"http:\/\/comunidad.iebschool.com\/emprendelinker\/\">Emprendelinker<\/a>. Los ganadores fueron:\n\n<strong>Artesas: <\/strong>un proyecto basado en la econom\u00eda real y en acercar una plataforma de comercio electr\u00f3nico a artesanos de Ecuador en una primera etapa y del resto del mundo.\n\n<strong>No-Buy First: <\/strong>una app de consumo colaborativo para poder alquilar directamente entre particulares art\u00edculos y objetos que no usamos y que podemos alquilar en vez de comprar. Desde un equipo de bricolaje hasta un caballo.\n\n<strong>InVcex<\/strong>: un proyecto de internacionalizaci\u00f3n de empresas centrado en los productores de jam\u00f3n espa\u00f1ol.\n\nPara cerrar el evento, el protagonista fue el networking entre los asistentes, tanto los alumnos como profesores participaron en una din\u00e1mica sesi\u00f3n de <em>speednetworking, <\/em>donde a trav\u00e9s de un modelo de citas express llevado al mundo de los negocios, pudieron conocerse todos los asistentes en un entorno mucho m\u00e1s relajado y distendido.\n\n<strong>Sobre IEBS<\/strong>\n\n<strong>IEBS<\/strong> nace en 2010 como una<a href=\"http:\/\/www.iebschool.com\/\">escuela de negocios<\/a> basada en la innovaci\u00f3n, el apoyo a los emprendedores, la \u00e9tica y la sostenibilidad. Su objetivo es crear un <strong>trampol\u00edn para emprendedores<\/strong> que ofrezca formaci\u00f3n, apoyo y financiaci\u00f3n para acelerar al m\u00e1ximo start-ups de base tecnol\u00f3gica. Ha sido elegido recientemente como la 1\u00aa escuela de negocios \u00edntegramente online y en el<a href=\"http:\/\/comunidad.iebschool.com\/iebs\/noticias\/iebs-se-reafirma-como-mejor-escuela-de-negocios-integramente-online-en-espana\/#.UW7DHbUqyIU\">TOP 10<\/a> de las mejores escuelas de Espa\u00f1a.","protected":false},"excerpt":{"rendered":"","protected":false},"author":5,"featured_media":0,"comment_status":"open","ping_status":"open","sticky":false,"template":"","format":"standard","meta":{"footnotes":""},"categories":[8],"tags":[],"class_list":["post-2706","post","type-post","status-publish","format-standard","hentry","category-notas-de-prensa"],"yoast_head":"<!-- This site is optimized with the Yoast SEO Premium plugin v23.9 (Yoast SEO v24.6) - https:\/\/yoast.com\/wordpress\/plugins\/seo\/ -->\n<title>Barcelona acoge a alumnos y profesores de IEBS en su primer encuentro Global Alumni - Sala de Prensa<\/title>\n<meta name=\"description\" content=\"La iniciativa emprendedora qued\u00f3 patente con los muchos proyectos creados por los alumnos. \u00a0El consumo colaborativo y la econom\u00eda real fueron los\" \/>\n<meta name=\"robots\" content=\"index, follow, max-snippet:-1, max-image-preview:large, max-video-preview:-1\" \/>\n<link rel=\"canonical\" href=\"https:\/\/www.iebschool.com\/saladeprensa\/2015\/03\/30\/barcelona-acoge-a-alumnos-y-profesores-de-iebs-en-su-primer-encuentro-global-alumni\/\" \/>\n<meta property=\"og:locale\" content=\"es_ES\" \/>\n<meta property=\"og:type\" content=\"article\" \/>\n<meta property=\"og:title\" content=\"Barcelona acoge a alumnos y profesores de IEBS en su primer encuentro Global Alumni\" \/>\n<meta property=\"og:description\" content=\"La iniciativa emprendedora qued\u00f3 patente con los muchos proyectos creados por los alumnos. \u00a0El consumo colaborativo y la econom\u00eda real fueron los\" \/>\n<meta property=\"og:url\" content=\"https:\/\/www.iebschool.com\/saladeprensa\/2015\/03\/30\/barcelona-acoge-a-alumnos-y-profesores-de-iebs-en-su-primer-encuentro-global-alumni\/\" \/>\n<meta property=\"og:site_name\" content=\"Sala de Prensa\" \/>\n<meta property=\"article:published_time\" content=\"2015-03-30T08:31:06+00:00\" \/>\n<meta name=\"author\" content=\"Helena Rengel\" \/>\n<meta name=\"twitter:card\" content=\"summary_large_image\" \/>\n<meta name=\"twitter:label1\" content=\"Escrito por\" \/>\n\t<meta name=\"twitter:data1\" content=\"Helena Rengel\" \/>\n\t<meta name=\"twitter:label2\" content=\"Tiempo de lectura\" \/>\n\t<meta name=\"twitter:data2\" content=\"3 minutos\" \/>\n<script type=\"application\/ld+json\" class=\"yoast-schema-graph\">{\"@context\":\"https:\/\/schema.org\",\"@graph\":[{\"@type\":\"Article\",\"@id\":\"https:\/\/www.iebschool.com\/saladeprensa\/2015\/03\/30\/barcelona-acoge-a-alumnos-y-profesores-de-iebs-en-su-primer-encuentro-global-alumni\/#article\",\"isPartOf\":{\"@id\":\"https:\/\/www.iebschool.com\/saladeprensa\/2015\/03\/30\/barcelona-acoge-a-alumnos-y-profesores-de-iebs-en-su-primer-encuentro-global-alumni\/\"},\"author\":{\"name\":\"Helena Rengel\",\"@id\":\"https:\/\/www.iebschool.com\/saladeprensa\/#\/schema\/person\/4e37795e61afec781e763d9c6044229b\"},\"headline\":\"Barcelona acoge a alumnos y profesores de IEBS en su primer encuentro Global Alumni\",\"datePublished\":\"2015-03-30T08:31:06+00:00\",\"mainEntityOfPage\":{\"@id\":\"https:\/\/www.iebschool.com\/saladeprensa\/2015\/03\/30\/barcelona-acoge-a-alumnos-y-profesores-de-iebs-en-su-primer-encuentro-global-alumni\/\"},\"wordCount\":608,\"commentCount\":0,\"publisher\":{\"@id\":\"https:\/\/www.iebschool.com\/saladeprensa\/#organization\"},\"articleSection\":[\"Notas de Prensa\"],\"inLanguage\":\"es\",\"potentialAction\":[{\"@type\":\"CommentAction\",\"name\":\"Comment\",\"target\":[\"https:\/\/www.iebschool.com\/saladeprensa\/2015\/03\/30\/barcelona-acoge-a-alumnos-y-profesores-de-iebs-en-su-primer-encuentro-global-alumni\/#respond\"]}]},{\"@type\":\"WebPage\",\"@id\":\"https:\/\/www.iebschool.com\/saladeprensa\/2015\/03\/30\/barcelona-acoge-a-alumnos-y-profesores-de-iebs-en-su-primer-encuentro-global-alumni\/\",\"url\":\"https:\/\/www.iebschool.com\/saladeprensa\/2015\/03\/30\/barcelona-acoge-a-alumnos-y-profesores-de-iebs-en-su-primer-encuentro-global-alumni\/\",\"name\":\"Barcelona acoge a alumnos y profesores de IEBS en su primer encuentro Global Alumni - Sala de Prensa\",\"isPartOf\":{\"@id\":\"https:\/\/www.iebschool.com\/saladeprensa\/#website\"},\"datePublished\":\"2015-03-30T08:31:06+00:00\",\"description\":\"La iniciativa emprendedora qued\u00f3 patente con los muchos proyectos creados por los alumnos. \u00a0El consumo colaborativo y la econom\u00eda real fueron los\",\"breadcrumb\":{\"@id\":\"https:\/\/www.iebschool.com\/saladeprensa\/2015\/03\/30\/barcelona-acoge-a-alumnos-y-profesores-de-iebs-en-su-primer-encuentro-global-alumni\/#breadcrumb\"},\"inLanguage\":\"es\",\"potentialAction\":[{\"@type\":\"ReadAction\",\"target\":[\"https:\/\/www.iebschool.com\/saladeprensa\/2015\/03\/30\/barcelona-acoge-a-alumnos-y-profesores-de-iebs-en-su-primer-encuentro-global-alumni\/\"]}]},{\"@type\":\"BreadcrumbList\",\"@id\":\"https:\/\/www.iebschool.com\/saladeprensa\/2015\/03\/30\/barcelona-acoge-a-alumnos-y-profesores-de-iebs-en-su-primer-encuentro-global-alumni\/#breadcrumb\",\"itemListElement\":[{\"@type\":\"ListItem\",\"position\":1,\"name\":\"Portada\",\"item\":\"https:\/\/www.iebschool.com\/saladeprensa\/\"},{\"@type\":\"ListItem\",\"position\":2,\"name\":\"Barcelona acoge a alumnos y profesores de IEBS en su primer encuentro Global Alumni\"}]},{\"@type\":\"WebSite\",\"@id\":\"https:\/\/www.iebschool.com\/saladeprensa\/#website\",\"url\":\"https:\/\/www.iebschool.com\/saladeprensa\/\",\"name\":\"Sala de Prensa\",\"description\":\"IEBS\",\"publisher\":{\"@id\":\"https:\/\/www.iebschool.com\/saladeprensa\/#organization\"},\"potentialAction\":[{\"@type\":\"SearchAction\",\"target\":{\"@type\":\"EntryPoint\",\"urlTemplate\":\"https:\/\/www.iebschool.com\/saladeprensa\/?s={search_term_string}\"},\"query-input\":{\"@type\":\"PropertyValueSpecification\",\"valueRequired\":true,\"valueName\":\"search_term_string\"}}],\"inLanguage\":\"es\"},{\"@type\":\"Organization\",\"@id\":\"https:\/\/www.iebschool.com\/saladeprensa\/#organization\",\"name\":\"Sala de Prensa\",\"url\":\"https:\/\/www.iebschool.com\/saladeprensa\/\",\"logo\":{\"@type\":\"ImageObject\",\"inLanguage\":\"es\",\"@id\":\"https:\/\/www.iebschool.com\/saladeprensa\/#\/schema\/logo\/image\/\",\"url\":\"https:\/\/www.iebschool.com\/saladeprensa\/wp-content\/uploads\/2026\/02\/IEBS_Logo_BusinessSchool_1_Hor_Violeta-scaled.png\",\"contentUrl\":\"https:\/\/www.iebschool.com\/saladeprensa\/wp-content\/uploads\/2026\/02\/IEBS_Logo_BusinessSchool_1_Hor_Violeta-scaled.png\",\"width\":2560,\"height\":374,\"caption\":\"Sala de Prensa\"},\"image\":{\"@id\":\"https:\/\/www.iebschool.com\/saladeprensa\/#\/schema\/logo\/image\/\"}},{\"@type\":\"Person\",\"@id\":\"https:\/\/www.iebschool.com\/saladeprensa\/#\/schema\/person\/4e37795e61afec781e763d9c6044229b\",\"name\":\"Helena Rengel\",\"image\":{\"@type\":\"ImageObject\",\"inLanguage\":\"es\",\"@id\":\"https:\/\/www.iebschool.com\/saladeprensa\/#\/schema\/person\/image\/\",\"url\":\"https:\/\/secure.gravatar.com\/avatar\/c76a402d49e5378cb8df395b267df14695c634009e89eff37a723561a4c44af7?s=96&d=mm&r=g\",\"contentUrl\":\"https:\/\/secure.gravatar.com\/avatar\/c76a402d49e5378cb8df395b267df14695c634009e89eff37a723561a4c44af7?s=96&d=mm&r=g\",\"caption\":\"Helena Rengel\"},\"url\":\"https:\/\/www.iebschool.com\/saladeprensa\/author\/comunicacioniebschool-com\/\"}]}<\/script>\n<!-- \/ Yoast SEO Premium plugin. -->","yoast_head_json":{"title":"Barcelona acoge a alumnos y profesores de IEBS en su primer encuentro Global Alumni - Sala de Prensa","description":"La iniciativa emprendedora qued\u00f3 patente con los muchos proyectos creados por los alumnos. \u00a0El consumo colaborativo y la econom\u00eda real fueron los","robots":{"index":"index","follow":"follow","max-snippet":"max-snippet:-1","max-image-preview":"max-image-preview:large","max-video-preview":"max-video-preview:-1"},"canonical":"https:\/\/www.iebschool.com\/saladeprensa\/2015\/03\/30\/barcelona-acoge-a-alumnos-y-profesores-de-iebs-en-su-primer-encuentro-global-alumni\/","og_locale":"es_ES","og_type":"article","og_title":"Barcelona acoge a alumnos y profesores de IEBS en su primer encuentro Global Alumni","og_description":"La iniciativa emprendedora qued\u00f3 patente con los muchos proyectos creados por los alumnos. \u00a0El consumo colaborativo y la econom\u00eda real fueron los","og_url":"https:\/\/www.iebschool.com\/saladeprensa\/2015\/03\/30\/barcelona-acoge-a-alumnos-y-profesores-de-iebs-en-su-primer-encuentro-global-alumni\/","og_site_name":"Sala de Prensa","article_published_time":"2015-03-30T08:31:06+00:00","author":"Helena Rengel","twitter_card":"summary_large_image","twitter_misc":{"Escrito por":"Helena Rengel","Tiempo de lectura":"3 minutos"},"schema":{"@context":"https:\/\/schema.org","@graph":[{"@type":"Article","@id":"https:\/\/www.iebschool.com\/saladeprensa\/2015\/03\/30\/barcelona-acoge-a-alumnos-y-profesores-de-iebs-en-su-primer-encuentro-global-alumni\/#article","isPartOf":{"@id":"https:\/\/www.iebschool.com\/saladeprensa\/2015\/03\/30\/barcelona-acoge-a-alumnos-y-profesores-de-iebs-en-su-primer-encuentro-global-alumni\/"},"author":{"name":"Helena Rengel","@id":"https:\/\/www.iebschool.com\/saladeprensa\/#\/schema\/person\/4e37795e61afec781e763d9c6044229b"},"headline":"Barcelona acoge a alumnos y profesores de IEBS en su primer encuentro Global Alumni","datePublished":"2015-03-30T08:31:06+00:00","mainEntityOfPage":{"@id":"https:\/\/www.iebschool.com\/saladeprensa\/2015\/03\/30\/barcelona-acoge-a-alumnos-y-profesores-de-iebs-en-su-primer-encuentro-global-alumni\/"},"wordCount":608,"commentCount":0,"publisher":{"@id":"https:\/\/www.iebschool.com\/saladeprensa\/#organization"},"articleSection":["Notas de Prensa"],"inLanguage":"es","potentialAction":[{"@type":"CommentAction","name":"Comment","target":["https:\/\/www.iebschool.com\/saladeprensa\/2015\/03\/30\/barcelona-acoge-a-alumnos-y-profesores-de-iebs-en-su-primer-encuentro-global-alumni\/#respond"]}]},{"@type":"WebPage","@id":"https:\/\/www.iebschool.com\/saladeprensa\/2015\/03\/30\/barcelona-acoge-a-alumnos-y-profesores-de-iebs-en-su-primer-encuentro-global-alumni\/","url":"https:\/\/www.iebschool.com\/saladeprensa\/2015\/03\/30\/barcelona-acoge-a-alumnos-y-profesores-de-iebs-en-su-primer-encuentro-global-alumni\/","name":"Barcelona acoge a alumnos y profesores de IEBS en su primer encuentro Global Alumni - Sala de Prensa","isPartOf":{"@id":"https:\/\/www.iebschool.com\/saladeprensa\/#website"},"datePublished":"2015-03-30T08:31:06+00:00","description":"La iniciativa emprendedora qued\u00f3 patente con los muchos proyectos creados por los alumnos. \u00a0El consumo colaborativo y la econom\u00eda real fueron los","breadcrumb":{"@id":"https:\/\/www.iebschool.com\/saladeprensa\/2015\/03\/30\/barcelona-acoge-a-alumnos-y-profesores-de-iebs-en-su-primer-encuentro-global-alumni\/#breadcrumb"},"inLanguage":"es","potentialAction":[{"@type":"ReadAction","target":["https:\/\/www.iebschool.com\/saladeprensa\/2015\/03\/30\/barcelona-acoge-a-alumnos-y-profesores-de-iebs-en-su-primer-encuentro-global-alumni\/"]}]},{"@type":"BreadcrumbList","@id":"https:\/\/www.iebschool.com\/saladeprensa\/2015\/03\/30\/barcelona-acoge-a-alumnos-y-profesores-de-iebs-en-su-primer-encuentro-global-alumni\/#breadcrumb","itemListElement":[{"@type":"ListItem","position":1,"name":"Portada","item":"https:\/\/www.iebschool.com\/saladeprensa\/"},{"@type":"ListItem","position":2,"name":"Barcelona acoge a alumnos y profesores de IEBS en su primer encuentro Global Alumni"}]},{"@type":"WebSite","@id":"https:\/\/www.iebschool.com\/saladeprensa\/#website","url":"https:\/\/www.iebschool.com\/saladeprensa\/","name":"Sala de Prensa","description":"IEBS","publisher":{"@id":"https:\/\/www.iebschool.com\/saladeprensa\/#organization"},"potentialAction":[{"@type":"SearchAction","target":{"@type":"EntryPoint","urlTemplate":"https:\/\/www.iebschool.com\/saladeprensa\/?s={search_term_string}"},"query-input":{"@type":"PropertyValueSpecification","valueRequired":true,"valueName":"search_term_string"}}],"inLanguage":"es"},{"@type":"Organization","@id":"https:\/\/www.iebschool.com\/saladeprensa\/#organization","name":"Sala de Prensa","url":"https:\/\/www.iebschool.com\/saladeprensa\/","logo":{"@type":"ImageObject","inLanguage":"es","@id":"https:\/\/www.iebschool.com\/saladeprensa\/#\/schema\/logo\/image\/","url":"https:\/\/www.iebschool.com\/saladeprensa\/wp-content\/uploads\/2026\/02\/IEBS_Logo_BusinessSchool_1_Hor_Violeta-scaled.png","contentUrl":"https:\/\/www.iebschool.com\/saladeprensa\/wp-content\/uploads\/2026\/02\/IEBS_Logo_BusinessSchool_1_Hor_Violeta-scaled.png","width":2560,"height":374,"caption":"Sala de Prensa"},"image":{"@id":"https:\/\/www.iebschool.com\/saladeprensa\/#\/schema\/logo\/image\/"}},{"@type":"Person","@id":"https:\/\/www.iebschool.com\/saladeprensa\/#\/schema\/person\/4e37795e61afec781e763d9c6044229b","name":"Helena Rengel","image":{"@type":"ImageObject","inLanguage":"es","@id":"https:\/\/www.iebschool.com\/saladeprensa\/#\/schema\/person\/image\/","url":"https:\/\/secure.gravatar.com\/avatar\/c76a402d49e5378cb8df395b267df14695c634009e89eff37a723561a4c44af7?s=96&d=mm&r=g","contentUrl":"https:\/\/secure.gravatar.com\/avatar\/c76a402d49e5378cb8df395b267df14695c634009e89eff37a723561a4c44af7?s=96&d=mm&r=g","caption":"Helena Rengel"},"url":"https:\/\/www.iebschool.com\/saladeprensa\/author\/comunicacioniebschool-com\/"}]}},"image_thumbnail":"https:\/\/www.iebschool.com\/saladeprensa\/wp-includes\/images\/media\/default.svg","image_full":"https:\/\/www.iebschool.com\/saladeprensa\/wp-includes\/images\/media\/default.svg","categoria":{"nombre":"Notas de Prensa","slug":"category\/notas-de-prensa"},"_links":{"self":[{"href":"https:\/\/www.iebschool.com\/saladeprensa\/wp-json\/wp\/v2\/posts\/2706","targetHints":{"allow":["GET"]}}],"collection":[{"href":"https:\/\/www.iebschool.com\/saladeprensa\/wp-json\/wp\/v2\/posts"}],"about":[{"href":"https:\/\/www.iebschool.com\/saladeprensa\/wp-json\/wp\/v2\/types\/post"}],"author":[{"embeddable":true,"href":"https:\/\/www.iebschool.com\/saladeprensa\/wp-json\/wp\/v2\/users\/5"}],"replies":[{"embeddable":true,"href":"https:\/\/www.iebschool.com\/saladeprensa\/wp-json\/wp\/v2\/comments?post=2706"}],"version-history":[{"count":0,"href":"https:\/\/www.iebschool.com\/saladeprensa\/wp-json\/wp\/v2\/posts\/2706\/revisions"}],"wp:attachment":[{"href":"https:\/\/www.iebschool.com\/saladeprensa\/wp-json\/wp\/v2\/media?parent=2706"}],"wp:term":[{"taxonomy":"category","embeddable":true,"href":"https:\/\/www.iebschool.com\/saladeprensa\/wp-json\/wp\/v2\/categories?post=2706"},{"taxonomy":"post_tag","embeddable":true,"href":"https:\/\/www.iebschool.com\/saladeprensa\/wp-json\/wp\/v2\/tags?post=2706"}],"curies":[{"name":"wp","href":"https:\/\/api.w.org\/{rel}","templated":true}]}}