{"id":2709,"date":"2015-03-11T10:34:19","date_gmt":"2015-03-11T08:34:19","guid":{"rendered":"http:\/\/comunidad.iebschool.com\/saladeprensa\/?p=2709"},"modified":"2015-03-11T10:34:19","modified_gmt":"2015-03-11T08:34:19","slug":"5-000-alumnos-de-iebs-se-encontraran-en-barcelona","status":"publish","type":"post","link":"https:\/\/www.iebschool.com\/saladeprensa\/2015\/03\/11\/5-000-alumnos-de-iebs-se-encontraran-en-barcelona\/","title":{"rendered":"5.000 alumnos de IEBS se encontrar\u00e1n en Barcelona"},"content":{"rendered":"<em>Barcelona, 10 de Marzo de 2015.<\/em>\u00a0Coincidiendo con la celebraci\u00f3n de sus primeros cinco a\u00f1os de actividad, la <a href=\"http:\/\/www.iebschool.com\/\">escuela de negocios IEBS<\/a> ha convocado a sus m\u00e1s de cinco mil alumnos de m\u00e1sters y postgrados con el objetivo de reunirlos en el<strong> I encuentro Global de Alumni IEBS.<\/strong>\n\nEl evento tendr\u00e1 lugar el d\u00eda<strong> 27 de marzo<\/strong> en el <strong>Palacio de Congresos de Catalu\u00f1a,<\/strong> donde, por primera vez, se encontrar\u00e1 una <strong>generaci\u00f3n renovada de profesionales<\/strong> para poner en com\u00fan sus trayectorias, experiencias e ilusiones y que, como contrapunto a la generaci\u00f3n de dirigentes formados en las principales escuelas de negocios con anterioridad a la crisis, <strong>han sido preparados con unos principios y valores fundamentales:<\/strong> el esp\u00edritu emprendedor, la innovaci\u00f3n, la \u00e9tica y la sostenibilidad como banderas para construir un mundo diferente que invita a hacer las cosas de manera distinta.\n\nLos dos ejes sobre los que pivotar\u00e1 el evento ser\u00e1n el networking y el emprendimiento. Por un lado, los alumnos y profesores participar\u00e1n en una actividad de citas r\u00e1pidas denominada \u201cSpeednetworking\u201d con el objetivo de fomentar el intercambio de experiencias y oportunidades. La actividad correr\u00e1 a cargo de <strong>Toni Porr\u00e1s<\/strong>, uno de los gur\u00fas del networking profesional en Espa\u00f1a.\n\nPor otro lado y durante la semana previa al evento, tendr\u00e1 lugar \u00a0<strong>\u201cLa semana del emprendedor\u201d<\/strong>, una actividad de formaci\u00f3n y creaci\u00f3n de startups dirigida a alumnos y coordinada por expertos mentores de la escuela, donde ya se han inscrito m\u00e1s de trescientos alumnos. Los ganadores de esta iniciativa tendr\u00e1n la oportunidad de presentar sus proyectos ante un panel de <em>business angels<\/em> e inversores privados, adem\u00e1s de contar con el compromiso de IEBS de incubar el mejor de todos los proyectos en sus instalaciones.\n\nAdem\u00e1s, el encuentro quedar\u00e1 complementado con la celebraci\u00f3n de dos ponencias magistrales. La primera a cargo de <strong>Sandra Garrido<\/strong>,experta en impulsi\u00f3n de startups y \u201c<em>open innovation<\/em>\u201d, que se centrar\u00e1 en el <strong>cambio en las organizaciones<\/strong> a trav\u00e9s de un mundo en constante evoluci\u00f3n, cuya m\u00e1xima es que \u00a0las cosas no se pueden seguir haci\u00e9ndose de la misma manera. Tambi\u00e9n se contar\u00e1 con la presencia de <strong>Pascual Parada,<\/strong> experto en Mobile Business, que expondr\u00e1 las \u00faltimas tendencias del sector <strong>Mobile<\/strong>, siendo \u00e9ste uno de los que m\u00e1s oportunidades presenta y que m\u00e1s est\u00e1n priorizando las empresas.\n\nSe contempla el evento como una <strong>oportunidad de establecer v\u00ednculos<\/strong> entre todas sus partes implicadas, poniendo en contacto a profesionales de distintos y complementarios sectores y se espera que marque un precedente que permita, con cierta asiduidad, unir a la gran comunidad IEBS.\n\n<strong>Sobre IEBS<\/strong>\n\n<strong>IEBS<\/strong> nace en 2010 como una <a href=\"http:\/\/www.iebschool.com\/\">escuela de negocios<\/a> basada en la innovaci\u00f3n, el apoyo a los emprendedores, la \u00e9tica y la sostenibilidad. Su objetivo es crear un <strong>trampol\u00edn para emprendedores<\/strong> que ofrezca formaci\u00f3n, apoyo y financiaci\u00f3n para acelerar al m\u00e1ximo start-ups de base tecnol\u00f3gica. Ha sido elegido recientemente como la 1\u00aa escuela de negocios \u00edntegramente online y en el <a href=\"http:\/\/comunidad.iebschool.com\/iebs\/noticias\/iebs-se-reafirma-como-mejor-escuela-de-negocios-integramente-online-en-espana\/#.UW7DHbUqyIU\">TOP 10<\/a> de las mejores escuelas de Espa\u00f1a.\n\n&nbsp;","protected":false},"excerpt":{"rendered":"","protected":false},"author":5,"featured_media":0,"comment_status":"open","ping_status":"open","sticky":false,"template":"","format":"standard","meta":{"footnotes":""},"categories":[8],"tags":[],"class_list":["post-2709","post","type-post","status-publish","format-standard","hentry","category-notas-de-prensa"],"yoast_head":"<!-- This site is optimized with the Yoast SEO Premium plugin v23.9 (Yoast SEO v24.6) - https:\/\/yoast.com\/wordpress\/plugins\/seo\/ -->\n<title>5.000 alumnos de IEBS se encontrar\u00e1n en Barcelona - Sala de Prensa<\/title>\n<meta name=\"description\" content=\"Barcelona, 10 de Marzo de 2015.\u00a0Coincidiendo con la celebraci\u00f3n de sus primeros cinco a\u00f1os de actividad, la escuela de negocios IEBS ha convocado a sus\" \/>\n<meta name=\"robots\" content=\"index, follow, max-snippet:-1, max-image-preview:large, max-video-preview:-1\" \/>\n<link rel=\"canonical\" href=\"https:\/\/www.iebschool.com\/saladeprensa\/2015\/03\/11\/5-000-alumnos-de-iebs-se-encontraran-en-barcelona\/\" \/>\n<meta property=\"og:locale\" content=\"es_ES\" \/>\n<meta property=\"og:type\" content=\"article\" \/>\n<meta property=\"og:title\" content=\"5.000 alumnos de IEBS se encontrar\u00e1n en Barcelona\" \/>\n<meta property=\"og:description\" content=\"Barcelona, 10 de Marzo de 2015.\u00a0Coincidiendo con la celebraci\u00f3n de sus primeros cinco a\u00f1os de actividad, la escuela de negocios IEBS ha convocado a sus\" \/>\n<meta property=\"og:url\" content=\"https:\/\/www.iebschool.com\/saladeprensa\/2015\/03\/11\/5-000-alumnos-de-iebs-se-encontraran-en-barcelona\/\" \/>\n<meta property=\"og:site_name\" content=\"Sala de Prensa\" \/>\n<meta property=\"article:published_time\" content=\"2015-03-11T08:34:19+00:00\" \/>\n<meta name=\"author\" content=\"Helena Rengel\" \/>\n<meta name=\"twitter:card\" content=\"summary_large_image\" \/>\n<meta name=\"twitter:label1\" content=\"Escrito por\" \/>\n\t<meta name=\"twitter:data1\" content=\"Helena Rengel\" \/>\n\t<meta name=\"twitter:label2\" content=\"Tiempo de lectura\" \/>\n\t<meta name=\"twitter:data2\" content=\"3 minutos\" \/>\n<script type=\"application\/ld+json\" class=\"yoast-schema-graph\">{\"@context\":\"https:\/\/schema.org\",\"@graph\":[{\"@type\":\"Article\",\"@id\":\"https:\/\/www.iebschool.com\/saladeprensa\/2015\/03\/11\/5-000-alumnos-de-iebs-se-encontraran-en-barcelona\/#article\",\"isPartOf\":{\"@id\":\"https:\/\/www.iebschool.com\/saladeprensa\/2015\/03\/11\/5-000-alumnos-de-iebs-se-encontraran-en-barcelona\/\"},\"author\":{\"name\":\"Helena Rengel\",\"@id\":\"https:\/\/www.iebschool.com\/saladeprensa\/#\/schema\/person\/4e37795e61afec781e763d9c6044229b\"},\"headline\":\"5.000 alumnos de IEBS se encontrar\u00e1n en Barcelona\",\"datePublished\":\"2015-03-11T08:34:19+00:00\",\"mainEntityOfPage\":{\"@id\":\"https:\/\/www.iebschool.com\/saladeprensa\/2015\/03\/11\/5-000-alumnos-de-iebs-se-encontraran-en-barcelona\/\"},\"wordCount\":536,\"commentCount\":0,\"publisher\":{\"@id\":\"https:\/\/www.iebschool.com\/saladeprensa\/#organization\"},\"articleSection\":[\"Notas de Prensa\"],\"inLanguage\":\"es\",\"potentialAction\":[{\"@type\":\"CommentAction\",\"name\":\"Comment\",\"target\":[\"https:\/\/www.iebschool.com\/saladeprensa\/2015\/03\/11\/5-000-alumnos-de-iebs-se-encontraran-en-barcelona\/#respond\"]}]},{\"@type\":\"WebPage\",\"@id\":\"https:\/\/www.iebschool.com\/saladeprensa\/2015\/03\/11\/5-000-alumnos-de-iebs-se-encontraran-en-barcelona\/\",\"url\":\"https:\/\/www.iebschool.com\/saladeprensa\/2015\/03\/11\/5-000-alumnos-de-iebs-se-encontraran-en-barcelona\/\",\"name\":\"5.000 alumnos de IEBS se encontrar\u00e1n en Barcelona - Sala de Prensa\",\"isPartOf\":{\"@id\":\"https:\/\/www.iebschool.com\/saladeprensa\/#website\"},\"datePublished\":\"2015-03-11T08:34:19+00:00\",\"description\":\"Barcelona, 10 de Marzo de 2015.\u00a0Coincidiendo con la celebraci\u00f3n de sus primeros cinco a\u00f1os de actividad, la escuela de negocios IEBS ha convocado a sus\",\"breadcrumb\":{\"@id\":\"https:\/\/www.iebschool.com\/saladeprensa\/2015\/03\/11\/5-000-alumnos-de-iebs-se-encontraran-en-barcelona\/#breadcrumb\"},\"inLanguage\":\"es\",\"potentialAction\":[{\"@type\":\"ReadAction\",\"target\":[\"https:\/\/www.iebschool.com\/saladeprensa\/2015\/03\/11\/5-000-alumnos-de-iebs-se-encontraran-en-barcelona\/\"]}]},{\"@type\":\"BreadcrumbList\",\"@id\":\"https:\/\/www.iebschool.com\/saladeprensa\/2015\/03\/11\/5-000-alumnos-de-iebs-se-encontraran-en-barcelona\/#breadcrumb\",\"itemListElement\":[{\"@type\":\"ListItem\",\"position\":1,\"name\":\"Portada\",\"item\":\"https:\/\/www.iebschool.com\/saladeprensa\/\"},{\"@type\":\"ListItem\",\"position\":2,\"name\":\"5.000 alumnos de IEBS se encontrar\u00e1n en Barcelona\"}]},{\"@type\":\"WebSite\",\"@id\":\"https:\/\/www.iebschool.com\/saladeprensa\/#website\",\"url\":\"https:\/\/www.iebschool.com\/saladeprensa\/\",\"name\":\"Sala de Prensa\",\"description\":\"IEBS\",\"publisher\":{\"@id\":\"https:\/\/www.iebschool.com\/saladeprensa\/#organization\"},\"potentialAction\":[{\"@type\":\"SearchAction\",\"target\":{\"@type\":\"EntryPoint\",\"urlTemplate\":\"https:\/\/www.iebschool.com\/saladeprensa\/?s={search_term_string}\"},\"query-input\":{\"@type\":\"PropertyValueSpecification\",\"valueRequired\":true,\"valueName\":\"search_term_string\"}}],\"inLanguage\":\"es\"},{\"@type\":\"Organization\",\"@id\":\"https:\/\/www.iebschool.com\/saladeprensa\/#organization\",\"name\":\"Sala de Prensa\",\"url\":\"https:\/\/www.iebschool.com\/saladeprensa\/\",\"logo\":{\"@type\":\"ImageObject\",\"inLanguage\":\"es\",\"@id\":\"https:\/\/www.iebschool.com\/saladeprensa\/#\/schema\/logo\/image\/\",\"url\":\"https:\/\/www.iebschool.com\/saladeprensa\/wp-content\/uploads\/2026\/02\/IEBS_Logo_BusinessSchool_1_Hor_Violeta-scaled.png\",\"contentUrl\":\"https:\/\/www.iebschool.com\/saladeprensa\/wp-content\/uploads\/2026\/02\/IEBS_Logo_BusinessSchool_1_Hor_Violeta-scaled.png\",\"width\":2560,\"height\":374,\"caption\":\"Sala de Prensa\"},\"image\":{\"@id\":\"https:\/\/www.iebschool.com\/saladeprensa\/#\/schema\/logo\/image\/\"}},{\"@type\":\"Person\",\"@id\":\"https:\/\/www.iebschool.com\/saladeprensa\/#\/schema\/person\/4e37795e61afec781e763d9c6044229b\",\"name\":\"Helena Rengel\",\"image\":{\"@type\":\"ImageObject\",\"inLanguage\":\"es\",\"@id\":\"https:\/\/www.iebschool.com\/saladeprensa\/#\/schema\/person\/image\/\",\"url\":\"https:\/\/secure.gravatar.com\/avatar\/c76a402d49e5378cb8df395b267df14695c634009e89eff37a723561a4c44af7?s=96&d=mm&r=g\",\"contentUrl\":\"https:\/\/secure.gravatar.com\/avatar\/c76a402d49e5378cb8df395b267df14695c634009e89eff37a723561a4c44af7?s=96&d=mm&r=g\",\"caption\":\"Helena Rengel\"},\"url\":\"https:\/\/www.iebschool.com\/saladeprensa\/author\/comunicacioniebschool-com\/\"}]}<\/script>\n<!-- \/ Yoast SEO Premium plugin. -->","yoast_head_json":{"title":"5.000 alumnos de IEBS se encontrar\u00e1n en Barcelona - Sala de Prensa","description":"Barcelona, 10 de Marzo de 2015.\u00a0Coincidiendo con la celebraci\u00f3n de sus primeros cinco a\u00f1os de actividad, la escuela de negocios IEBS ha convocado a sus","robots":{"index":"index","follow":"follow","max-snippet":"max-snippet:-1","max-image-preview":"max-image-preview:large","max-video-preview":"max-video-preview:-1"},"canonical":"https:\/\/www.iebschool.com\/saladeprensa\/2015\/03\/11\/5-000-alumnos-de-iebs-se-encontraran-en-barcelona\/","og_locale":"es_ES","og_type":"article","og_title":"5.000 alumnos de IEBS se encontrar\u00e1n en Barcelona","og_description":"Barcelona, 10 de Marzo de 2015.\u00a0Coincidiendo con la celebraci\u00f3n de sus primeros cinco a\u00f1os de actividad, la escuela de negocios IEBS ha convocado a sus","og_url":"https:\/\/www.iebschool.com\/saladeprensa\/2015\/03\/11\/5-000-alumnos-de-iebs-se-encontraran-en-barcelona\/","og_site_name":"Sala de Prensa","article_published_time":"2015-03-11T08:34:19+00:00","author":"Helena Rengel","twitter_card":"summary_large_image","twitter_misc":{"Escrito por":"Helena Rengel","Tiempo de lectura":"3 minutos"},"schema":{"@context":"https:\/\/schema.org","@graph":[{"@type":"Article","@id":"https:\/\/www.iebschool.com\/saladeprensa\/2015\/03\/11\/5-000-alumnos-de-iebs-se-encontraran-en-barcelona\/#article","isPartOf":{"@id":"https:\/\/www.iebschool.com\/saladeprensa\/2015\/03\/11\/5-000-alumnos-de-iebs-se-encontraran-en-barcelona\/"},"author":{"name":"Helena Rengel","@id":"https:\/\/www.iebschool.com\/saladeprensa\/#\/schema\/person\/4e37795e61afec781e763d9c6044229b"},"headline":"5.000 alumnos de IEBS se encontrar\u00e1n en Barcelona","datePublished":"2015-03-11T08:34:19+00:00","mainEntityOfPage":{"@id":"https:\/\/www.iebschool.com\/saladeprensa\/2015\/03\/11\/5-000-alumnos-de-iebs-se-encontraran-en-barcelona\/"},"wordCount":536,"commentCount":0,"publisher":{"@id":"https:\/\/www.iebschool.com\/saladeprensa\/#organization"},"articleSection":["Notas de Prensa"],"inLanguage":"es","potentialAction":[{"@type":"CommentAction","name":"Comment","target":["https:\/\/www.iebschool.com\/saladeprensa\/2015\/03\/11\/5-000-alumnos-de-iebs-se-encontraran-en-barcelona\/#respond"]}]},{"@type":"WebPage","@id":"https:\/\/www.iebschool.com\/saladeprensa\/2015\/03\/11\/5-000-alumnos-de-iebs-se-encontraran-en-barcelona\/","url":"https:\/\/www.iebschool.com\/saladeprensa\/2015\/03\/11\/5-000-alumnos-de-iebs-se-encontraran-en-barcelona\/","name":"5.000 alumnos de IEBS se encontrar\u00e1n en Barcelona - Sala de Prensa","isPartOf":{"@id":"https:\/\/www.iebschool.com\/saladeprensa\/#website"},"datePublished":"2015-03-11T08:34:19+00:00","description":"Barcelona, 10 de Marzo de 2015.\u00a0Coincidiendo con la celebraci\u00f3n de sus primeros cinco a\u00f1os de actividad, la escuela de negocios IEBS ha convocado a sus","breadcrumb":{"@id":"https:\/\/www.iebschool.com\/saladeprensa\/2015\/03\/11\/5-000-alumnos-de-iebs-se-encontraran-en-barcelona\/#breadcrumb"},"inLanguage":"es","potentialAction":[{"@type":"ReadAction","target":["https:\/\/www.iebschool.com\/saladeprensa\/2015\/03\/11\/5-000-alumnos-de-iebs-se-encontraran-en-barcelona\/"]}]},{"@type":"BreadcrumbList","@id":"https:\/\/www.iebschool.com\/saladeprensa\/2015\/03\/11\/5-000-alumnos-de-iebs-se-encontraran-en-barcelona\/#breadcrumb","itemListElement":[{"@type":"ListItem","position":1,"name":"Portada","item":"https:\/\/www.iebschool.com\/saladeprensa\/"},{"@type":"ListItem","position":2,"name":"5.000 alumnos de IEBS se encontrar\u00e1n en Barcelona"}]},{"@type":"WebSite","@id":"https:\/\/www.iebschool.com\/saladeprensa\/#website","url":"https:\/\/www.iebschool.com\/saladeprensa\/","name":"Sala de Prensa","description":"IEBS","publisher":{"@id":"https:\/\/www.iebschool.com\/saladeprensa\/#organization"},"potentialAction":[{"@type":"SearchAction","target":{"@type":"EntryPoint","urlTemplate":"https:\/\/www.iebschool.com\/saladeprensa\/?s={search_term_string}"},"query-input":{"@type":"PropertyValueSpecification","valueRequired":true,"valueName":"search_term_string"}}],"inLanguage":"es"},{"@type":"Organization","@id":"https:\/\/www.iebschool.com\/saladeprensa\/#organization","name":"Sala de Prensa","url":"https:\/\/www.iebschool.com\/saladeprensa\/","logo":{"@type":"ImageObject","inLanguage":"es","@id":"https:\/\/www.iebschool.com\/saladeprensa\/#\/schema\/logo\/image\/","url":"https:\/\/www.iebschool.com\/saladeprensa\/wp-content\/uploads\/2026\/02\/IEBS_Logo_BusinessSchool_1_Hor_Violeta-scaled.png","contentUrl":"https:\/\/www.iebschool.com\/saladeprensa\/wp-content\/uploads\/2026\/02\/IEBS_Logo_BusinessSchool_1_Hor_Violeta-scaled.png","width":2560,"height":374,"caption":"Sala de Prensa"},"image":{"@id":"https:\/\/www.iebschool.com\/saladeprensa\/#\/schema\/logo\/image\/"}},{"@type":"Person","@id":"https:\/\/www.iebschool.com\/saladeprensa\/#\/schema\/person\/4e37795e61afec781e763d9c6044229b","name":"Helena Rengel","image":{"@type":"ImageObject","inLanguage":"es","@id":"https:\/\/www.iebschool.com\/saladeprensa\/#\/schema\/person\/image\/","url":"https:\/\/secure.gravatar.com\/avatar\/c76a402d49e5378cb8df395b267df14695c634009e89eff37a723561a4c44af7?s=96&d=mm&r=g","contentUrl":"https:\/\/secure.gravatar.com\/avatar\/c76a402d49e5378cb8df395b267df14695c634009e89eff37a723561a4c44af7?s=96&d=mm&r=g","caption":"Helena Rengel"},"url":"https:\/\/www.iebschool.com\/saladeprensa\/author\/comunicacioniebschool-com\/"}]}},"image_thumbnail":"https:\/\/www.iebschool.com\/saladeprensa\/wp-includes\/images\/media\/default.svg","image_full":"https:\/\/www.iebschool.com\/saladeprensa\/wp-includes\/images\/media\/default.svg","categoria":{"nombre":"Notas de Prensa","slug":"category\/notas-de-prensa"},"_links":{"self":[{"href":"https:\/\/www.iebschool.com\/saladeprensa\/wp-json\/wp\/v2\/posts\/2709","targetHints":{"allow":["GET"]}}],"collection":[{"href":"https:\/\/www.iebschool.com\/saladeprensa\/wp-json\/wp\/v2\/posts"}],"about":[{"href":"https:\/\/www.iebschool.com\/saladeprensa\/wp-json\/wp\/v2\/types\/post"}],"author":[{"embeddable":true,"href":"https:\/\/www.iebschool.com\/saladeprensa\/wp-json\/wp\/v2\/users\/5"}],"replies":[{"embeddable":true,"href":"https:\/\/www.iebschool.com\/saladeprensa\/wp-json\/wp\/v2\/comments?post=2709"}],"version-history":[{"count":0,"href":"https:\/\/www.iebschool.com\/saladeprensa\/wp-json\/wp\/v2\/posts\/2709\/revisions"}],"wp:attachment":[{"href":"https:\/\/www.iebschool.com\/saladeprensa\/wp-json\/wp\/v2\/media?parent=2709"}],"wp:term":[{"taxonomy":"category","embeddable":true,"href":"https:\/\/www.iebschool.com\/saladeprensa\/wp-json\/wp\/v2\/categories?post=2709"},{"taxonomy":"post_tag","embeddable":true,"href":"https:\/\/www.iebschool.com\/saladeprensa\/wp-json\/wp\/v2\/tags?post=2709"}],"curies":[{"name":"wp","href":"https:\/\/api.w.org\/{rel}","templated":true}]}}