{"id":2757,"date":"2015-05-22T09:51:47","date_gmt":"2015-05-22T07:51:47","guid":{"rendered":"http:\/\/comunidad.iebschool.com\/saladeprensa\/?p=2757"},"modified":"2015-05-22T09:51:47","modified_gmt":"2015-05-22T07:51:47","slug":"iebs-incuba-appquilo-proyecto-ganador-de-la-semana-del-emprendedor","status":"publish","type":"post","link":"https:\/\/www.iebschool.com\/saladeprensa\/2015\/05\/22\/iebs-incuba-appquilo-proyecto-ganador-de-la-semana-del-emprendedor\/","title":{"rendered":"IEBS incuba Appquilo, proyecto ganador de\u00a0\u201cLa semana del Emprendedor\u201d"},"content":{"rendered":"<ul>\n\t<li><em>El proyecto elegido por IEBS para ser incubado ha sido Appquilo una aplicaci\u00f3n m\u00f3vil basada en el consumo colaborativo.<\/em><\/li>\n\t<li><em>Los tres proyectos ganadores surgidos de este evento est\u00e1n actualmente en marcha.<\/em><\/li>\n<\/ul>\n<strong>Barcelona, 20 de Mayo de 2015.<\/strong> La escuela de negocios IEBS da un paso adelante en el desarrollo de la iniciativa emprendedora surgida entre sus alumnos e incubar\u00e1 uno de los \u00a0proyectos ganadores de \u201c<a href=\"http:\/\/comunidad.iebschool.com\/iebs\/general\/semana-del-emprendedor-en-iebs\/?utm_source=NdP\">La semana del Emprendedor<\/a>\u201d, evento en el que los alumnos de la escuela tuvieron la oportunidad de transformar simples ideas en proyectos empresariales.\n\nEl proyecto elegido para ser incubado ha sido <a href=\"http:\/\/www.appquilo.com\/\"><strong>Appquilo<\/strong><\/a>, una aplicaci\u00f3n para m\u00f3viles que se apoya en el principio del <strong>consumo colaborativo y cuyo objetivo es fomentar la cultura del alquiler como alternativa a la compra<\/strong>, ofreciendo un sistema para localizar recursos que otros usuarios cercanos no utilizan y puedan estar interesados en rentabilizarlos mediante el alquiler.\n\nEl joven ganador del evento, <strong>Ferran D\u00edaz<\/strong>, que actualmente cursa un M\u00e1ster en IEBS, ser\u00e1 apoyado por la escuela de negocios y por su red de mentores para que pueda desarrollar el proyecto de Appquilo a trav\u00e9s de la aplicaci\u00f3n de la metodolog\u00eda <em>Lean Startup<\/em>. Para ello ha recibido una inversi\u00f3n de 10.500 \u20ac que le permitir\u00e1 seguir un proceso de incubaci\u00f3n dividido en tres etapas.\n\nDurante la <strong>primera etapa<\/strong> se trabajar\u00e1 el modelo de negocio, la oportunidad de mercado y la propuesta de valor estableciendo las m\u00e9tricas y objetivos a seguir. La <strong>segunda etapa<\/strong> se centrar\u00e1 en desarrollo de la app y su lanzamiento para validar la hip\u00f3tesis de mercado. Y por \u00faltimo, tras llegar a los objetivos marcados, se realizar\u00e1 una ronda de financiaci\u00f3n a trav\u00e9s de <strong>equity<\/strong> <strong>crowdfunding entre profesores y alumnos de IEBS<\/strong> para dar el empuj\u00f3n econ\u00f3mico final a la startup.\n\nA lo largo de este proceso, IEBS pone a disposici\u00f3n del proyecto <strong>las instalaciones, los recursos y la estructura de la escuela<\/strong>, as\u00ed como la <strong>mentorizaci\u00f3n <\/strong>y el <strong>asesoramiento <\/strong>en el desarrollo del modelo negocio, actuando as\u00ed como nexo entre el proyecto y el mercado, que esperemos tenga pronto esta innovadora app a su disposici\u00f3n.\n\n<strong>Web de la app:<\/strong><a href=\"http:\/\/www.appquilo.com\/\">http:\/\/www.appquilo.com\/<\/a>\n\nhttps:\/\/www.youtube.com\/watch?v=xvxh7vBfurQ","protected":false},"excerpt":{"rendered":"","protected":false},"author":5,"featured_media":0,"comment_status":"open","ping_status":"open","sticky":false,"template":"","format":"standard","meta":{"footnotes":""},"categories":[8],"tags":[],"class_list":["post-2757","post","type-post","status-publish","format-standard","hentry","category-notas-de-prensa"],"yoast_head":"<!-- This site is optimized with the Yoast SEO Premium plugin v23.9 (Yoast SEO v24.6) - https:\/\/yoast.com\/wordpress\/plugins\/seo\/ -->\n<title>IEBS incuba Appquilo, proyecto ganador de\u00a0\u201cLa semana del Emprendedor\u201d - Sala de Prensa<\/title>\n<meta name=\"description\" content=\"El proyecto elegido por IEBS para ser incubado ha sido Appquilo una aplicaci\u00f3n m\u00f3vil basada en el consumo colaborativo. Los tres proyectos ganadores\" \/>\n<meta name=\"robots\" content=\"index, follow, max-snippet:-1, max-image-preview:large, max-video-preview:-1\" \/>\n<link rel=\"canonical\" href=\"https:\/\/www.iebschool.com\/saladeprensa\/2015\/05\/22\/iebs-incuba-appquilo-proyecto-ganador-de-la-semana-del-emprendedor\/\" \/>\n<meta property=\"og:locale\" content=\"es_ES\" \/>\n<meta property=\"og:type\" content=\"article\" \/>\n<meta property=\"og:title\" content=\"IEBS incuba Appquilo, proyecto ganador de\u00a0\u201cLa semana del Emprendedor\u201d\" \/>\n<meta property=\"og:description\" content=\"El proyecto elegido por IEBS para ser incubado ha sido Appquilo una aplicaci\u00f3n m\u00f3vil basada en el consumo colaborativo. Los tres proyectos ganadores\" \/>\n<meta property=\"og:url\" content=\"https:\/\/www.iebschool.com\/saladeprensa\/2015\/05\/22\/iebs-incuba-appquilo-proyecto-ganador-de-la-semana-del-emprendedor\/\" \/>\n<meta property=\"og:site_name\" content=\"Sala de Prensa\" \/>\n<meta property=\"article:published_time\" content=\"2015-05-22T07:51:47+00:00\" \/>\n<meta name=\"author\" content=\"Helena Rengel\" \/>\n<meta name=\"twitter:card\" content=\"summary_large_image\" \/>\n<meta name=\"twitter:label1\" content=\"Escrito por\" \/>\n\t<meta name=\"twitter:data1\" content=\"Helena Rengel\" \/>\n\t<meta name=\"twitter:label2\" content=\"Tiempo de lectura\" \/>\n\t<meta name=\"twitter:data2\" content=\"2 minutos\" \/>\n<script type=\"application\/ld+json\" class=\"yoast-schema-graph\">{\"@context\":\"https:\/\/schema.org\",\"@graph\":[{\"@type\":\"Article\",\"@id\":\"https:\/\/www.iebschool.com\/saladeprensa\/2015\/05\/22\/iebs-incuba-appquilo-proyecto-ganador-de-la-semana-del-emprendedor\/#article\",\"isPartOf\":{\"@id\":\"https:\/\/www.iebschool.com\/saladeprensa\/2015\/05\/22\/iebs-incuba-appquilo-proyecto-ganador-de-la-semana-del-emprendedor\/\"},\"author\":{\"name\":\"Helena Rengel\",\"@id\":\"https:\/\/www.iebschool.com\/saladeprensa\/#\/schema\/person\/4e37795e61afec781e763d9c6044229b\"},\"headline\":\"IEBS incuba Appquilo, proyecto ganador de\u00a0\u201cLa semana del Emprendedor\u201d\",\"datePublished\":\"2015-05-22T07:51:47+00:00\",\"mainEntityOfPage\":{\"@id\":\"https:\/\/www.iebschool.com\/saladeprensa\/2015\/05\/22\/iebs-incuba-appquilo-proyecto-ganador-de-la-semana-del-emprendedor\/\"},\"wordCount\":389,\"commentCount\":0,\"publisher\":{\"@id\":\"https:\/\/www.iebschool.com\/saladeprensa\/#organization\"},\"articleSection\":[\"Notas de Prensa\"],\"inLanguage\":\"es\",\"potentialAction\":[{\"@type\":\"CommentAction\",\"name\":\"Comment\",\"target\":[\"https:\/\/www.iebschool.com\/saladeprensa\/2015\/05\/22\/iebs-incuba-appquilo-proyecto-ganador-de-la-semana-del-emprendedor\/#respond\"]}]},{\"@type\":\"WebPage\",\"@id\":\"https:\/\/www.iebschool.com\/saladeprensa\/2015\/05\/22\/iebs-incuba-appquilo-proyecto-ganador-de-la-semana-del-emprendedor\/\",\"url\":\"https:\/\/www.iebschool.com\/saladeprensa\/2015\/05\/22\/iebs-incuba-appquilo-proyecto-ganador-de-la-semana-del-emprendedor\/\",\"name\":\"IEBS incuba Appquilo, proyecto ganador de\u00a0\u201cLa semana del Emprendedor\u201d - Sala de Prensa\",\"isPartOf\":{\"@id\":\"https:\/\/www.iebschool.com\/saladeprensa\/#website\"},\"datePublished\":\"2015-05-22T07:51:47+00:00\",\"description\":\"El proyecto elegido por IEBS para ser incubado ha sido Appquilo una aplicaci\u00f3n m\u00f3vil basada en el consumo colaborativo. Los tres proyectos ganadores\",\"breadcrumb\":{\"@id\":\"https:\/\/www.iebschool.com\/saladeprensa\/2015\/05\/22\/iebs-incuba-appquilo-proyecto-ganador-de-la-semana-del-emprendedor\/#breadcrumb\"},\"inLanguage\":\"es\",\"potentialAction\":[{\"@type\":\"ReadAction\",\"target\":[\"https:\/\/www.iebschool.com\/saladeprensa\/2015\/05\/22\/iebs-incuba-appquilo-proyecto-ganador-de-la-semana-del-emprendedor\/\"]}]},{\"@type\":\"BreadcrumbList\",\"@id\":\"https:\/\/www.iebschool.com\/saladeprensa\/2015\/05\/22\/iebs-incuba-appquilo-proyecto-ganador-de-la-semana-del-emprendedor\/#breadcrumb\",\"itemListElement\":[{\"@type\":\"ListItem\",\"position\":1,\"name\":\"Portada\",\"item\":\"https:\/\/www.iebschool.com\/saladeprensa\/\"},{\"@type\":\"ListItem\",\"position\":2,\"name\":\"IEBS incuba Appquilo, proyecto ganador de\u00a0\u201cLa semana del Emprendedor\u201d\"}]},{\"@type\":\"WebSite\",\"@id\":\"https:\/\/www.iebschool.com\/saladeprensa\/#website\",\"url\":\"https:\/\/www.iebschool.com\/saladeprensa\/\",\"name\":\"Sala de Prensa\",\"description\":\"IEBS\",\"publisher\":{\"@id\":\"https:\/\/www.iebschool.com\/saladeprensa\/#organization\"},\"potentialAction\":[{\"@type\":\"SearchAction\",\"target\":{\"@type\":\"EntryPoint\",\"urlTemplate\":\"https:\/\/www.iebschool.com\/saladeprensa\/?s={search_term_string}\"},\"query-input\":{\"@type\":\"PropertyValueSpecification\",\"valueRequired\":true,\"valueName\":\"search_term_string\"}}],\"inLanguage\":\"es\"},{\"@type\":\"Organization\",\"@id\":\"https:\/\/www.iebschool.com\/saladeprensa\/#organization\",\"name\":\"Sala de Prensa\",\"url\":\"https:\/\/www.iebschool.com\/saladeprensa\/\",\"logo\":{\"@type\":\"ImageObject\",\"inLanguage\":\"es\",\"@id\":\"https:\/\/www.iebschool.com\/saladeprensa\/#\/schema\/logo\/image\/\",\"url\":\"https:\/\/www.iebschool.com\/saladeprensa\/wp-content\/uploads\/2026\/02\/IEBS_Logo_BusinessSchool_1_Hor_Violeta-scaled.png\",\"contentUrl\":\"https:\/\/www.iebschool.com\/saladeprensa\/wp-content\/uploads\/2026\/02\/IEBS_Logo_BusinessSchool_1_Hor_Violeta-scaled.png\",\"width\":2560,\"height\":374,\"caption\":\"Sala de Prensa\"},\"image\":{\"@id\":\"https:\/\/www.iebschool.com\/saladeprensa\/#\/schema\/logo\/image\/\"}},{\"@type\":\"Person\",\"@id\":\"https:\/\/www.iebschool.com\/saladeprensa\/#\/schema\/person\/4e37795e61afec781e763d9c6044229b\",\"name\":\"Helena Rengel\",\"image\":{\"@type\":\"ImageObject\",\"inLanguage\":\"es\",\"@id\":\"https:\/\/www.iebschool.com\/saladeprensa\/#\/schema\/person\/image\/\",\"url\":\"https:\/\/secure.gravatar.com\/avatar\/c76a402d49e5378cb8df395b267df14695c634009e89eff37a723561a4c44af7?s=96&d=mm&r=g\",\"contentUrl\":\"https:\/\/secure.gravatar.com\/avatar\/c76a402d49e5378cb8df395b267df14695c634009e89eff37a723561a4c44af7?s=96&d=mm&r=g\",\"caption\":\"Helena Rengel\"},\"url\":\"https:\/\/www.iebschool.com\/saladeprensa\/author\/comunicacioniebschool-com\/\"}]}<\/script>\n<!-- \/ Yoast SEO Premium plugin. -->","yoast_head_json":{"title":"IEBS incuba Appquilo, proyecto ganador de\u00a0\u201cLa semana del Emprendedor\u201d - Sala de Prensa","description":"El proyecto elegido por IEBS para ser incubado ha sido Appquilo una aplicaci\u00f3n m\u00f3vil basada en el consumo colaborativo. Los tres proyectos ganadores","robots":{"index":"index","follow":"follow","max-snippet":"max-snippet:-1","max-image-preview":"max-image-preview:large","max-video-preview":"max-video-preview:-1"},"canonical":"https:\/\/www.iebschool.com\/saladeprensa\/2015\/05\/22\/iebs-incuba-appquilo-proyecto-ganador-de-la-semana-del-emprendedor\/","og_locale":"es_ES","og_type":"article","og_title":"IEBS incuba Appquilo, proyecto ganador de\u00a0\u201cLa semana del Emprendedor\u201d","og_description":"El proyecto elegido por IEBS para ser incubado ha sido Appquilo una aplicaci\u00f3n m\u00f3vil basada en el consumo colaborativo. Los tres proyectos ganadores","og_url":"https:\/\/www.iebschool.com\/saladeprensa\/2015\/05\/22\/iebs-incuba-appquilo-proyecto-ganador-de-la-semana-del-emprendedor\/","og_site_name":"Sala de Prensa","article_published_time":"2015-05-22T07:51:47+00:00","author":"Helena Rengel","twitter_card":"summary_large_image","twitter_misc":{"Escrito por":"Helena Rengel","Tiempo de lectura":"2 minutos"},"schema":{"@context":"https:\/\/schema.org","@graph":[{"@type":"Article","@id":"https:\/\/www.iebschool.com\/saladeprensa\/2015\/05\/22\/iebs-incuba-appquilo-proyecto-ganador-de-la-semana-del-emprendedor\/#article","isPartOf":{"@id":"https:\/\/www.iebschool.com\/saladeprensa\/2015\/05\/22\/iebs-incuba-appquilo-proyecto-ganador-de-la-semana-del-emprendedor\/"},"author":{"name":"Helena Rengel","@id":"https:\/\/www.iebschool.com\/saladeprensa\/#\/schema\/person\/4e37795e61afec781e763d9c6044229b"},"headline":"IEBS incuba Appquilo, proyecto ganador de\u00a0\u201cLa semana del Emprendedor\u201d","datePublished":"2015-05-22T07:51:47+00:00","mainEntityOfPage":{"@id":"https:\/\/www.iebschool.com\/saladeprensa\/2015\/05\/22\/iebs-incuba-appquilo-proyecto-ganador-de-la-semana-del-emprendedor\/"},"wordCount":389,"commentCount":0,"publisher":{"@id":"https:\/\/www.iebschool.com\/saladeprensa\/#organization"},"articleSection":["Notas de Prensa"],"inLanguage":"es","potentialAction":[{"@type":"CommentAction","name":"Comment","target":["https:\/\/www.iebschool.com\/saladeprensa\/2015\/05\/22\/iebs-incuba-appquilo-proyecto-ganador-de-la-semana-del-emprendedor\/#respond"]}]},{"@type":"WebPage","@id":"https:\/\/www.iebschool.com\/saladeprensa\/2015\/05\/22\/iebs-incuba-appquilo-proyecto-ganador-de-la-semana-del-emprendedor\/","url":"https:\/\/www.iebschool.com\/saladeprensa\/2015\/05\/22\/iebs-incuba-appquilo-proyecto-ganador-de-la-semana-del-emprendedor\/","name":"IEBS incuba Appquilo, proyecto ganador de\u00a0\u201cLa semana del Emprendedor\u201d - Sala de Prensa","isPartOf":{"@id":"https:\/\/www.iebschool.com\/saladeprensa\/#website"},"datePublished":"2015-05-22T07:51:47+00:00","description":"El proyecto elegido por IEBS para ser incubado ha sido Appquilo una aplicaci\u00f3n m\u00f3vil basada en el consumo colaborativo. Los tres proyectos ganadores","breadcrumb":{"@id":"https:\/\/www.iebschool.com\/saladeprensa\/2015\/05\/22\/iebs-incuba-appquilo-proyecto-ganador-de-la-semana-del-emprendedor\/#breadcrumb"},"inLanguage":"es","potentialAction":[{"@type":"ReadAction","target":["https:\/\/www.iebschool.com\/saladeprensa\/2015\/05\/22\/iebs-incuba-appquilo-proyecto-ganador-de-la-semana-del-emprendedor\/"]}]},{"@type":"BreadcrumbList","@id":"https:\/\/www.iebschool.com\/saladeprensa\/2015\/05\/22\/iebs-incuba-appquilo-proyecto-ganador-de-la-semana-del-emprendedor\/#breadcrumb","itemListElement":[{"@type":"ListItem","position":1,"name":"Portada","item":"https:\/\/www.iebschool.com\/saladeprensa\/"},{"@type":"ListItem","position":2,"name":"IEBS incuba Appquilo, proyecto ganador de\u00a0\u201cLa semana del Emprendedor\u201d"}]},{"@type":"WebSite","@id":"https:\/\/www.iebschool.com\/saladeprensa\/#website","url":"https:\/\/www.iebschool.com\/saladeprensa\/","name":"Sala de Prensa","description":"IEBS","publisher":{"@id":"https:\/\/www.iebschool.com\/saladeprensa\/#organization"},"potentialAction":[{"@type":"SearchAction","target":{"@type":"EntryPoint","urlTemplate":"https:\/\/www.iebschool.com\/saladeprensa\/?s={search_term_string}"},"query-input":{"@type":"PropertyValueSpecification","valueRequired":true,"valueName":"search_term_string"}}],"inLanguage":"es"},{"@type":"Organization","@id":"https:\/\/www.iebschool.com\/saladeprensa\/#organization","name":"Sala de Prensa","url":"https:\/\/www.iebschool.com\/saladeprensa\/","logo":{"@type":"ImageObject","inLanguage":"es","@id":"https:\/\/www.iebschool.com\/saladeprensa\/#\/schema\/logo\/image\/","url":"https:\/\/www.iebschool.com\/saladeprensa\/wp-content\/uploads\/2026\/02\/IEBS_Logo_BusinessSchool_1_Hor_Violeta-scaled.png","contentUrl":"https:\/\/www.iebschool.com\/saladeprensa\/wp-content\/uploads\/2026\/02\/IEBS_Logo_BusinessSchool_1_Hor_Violeta-scaled.png","width":2560,"height":374,"caption":"Sala de Prensa"},"image":{"@id":"https:\/\/www.iebschool.com\/saladeprensa\/#\/schema\/logo\/image\/"}},{"@type":"Person","@id":"https:\/\/www.iebschool.com\/saladeprensa\/#\/schema\/person\/4e37795e61afec781e763d9c6044229b","name":"Helena Rengel","image":{"@type":"ImageObject","inLanguage":"es","@id":"https:\/\/www.iebschool.com\/saladeprensa\/#\/schema\/person\/image\/","url":"https:\/\/secure.gravatar.com\/avatar\/c76a402d49e5378cb8df395b267df14695c634009e89eff37a723561a4c44af7?s=96&d=mm&r=g","contentUrl":"https:\/\/secure.gravatar.com\/avatar\/c76a402d49e5378cb8df395b267df14695c634009e89eff37a723561a4c44af7?s=96&d=mm&r=g","caption":"Helena Rengel"},"url":"https:\/\/www.iebschool.com\/saladeprensa\/author\/comunicacioniebschool-com\/"}]}},"image_thumbnail":"https:\/\/www.iebschool.com\/saladeprensa\/wp-includes\/images\/media\/default.svg","image_full":"https:\/\/www.iebschool.com\/saladeprensa\/wp-includes\/images\/media\/default.svg","categoria":{"nombre":"Notas de Prensa","slug":"category\/notas-de-prensa"},"_links":{"self":[{"href":"https:\/\/www.iebschool.com\/saladeprensa\/wp-json\/wp\/v2\/posts\/2757","targetHints":{"allow":["GET"]}}],"collection":[{"href":"https:\/\/www.iebschool.com\/saladeprensa\/wp-json\/wp\/v2\/posts"}],"about":[{"href":"https:\/\/www.iebschool.com\/saladeprensa\/wp-json\/wp\/v2\/types\/post"}],"author":[{"embeddable":true,"href":"https:\/\/www.iebschool.com\/saladeprensa\/wp-json\/wp\/v2\/users\/5"}],"replies":[{"embeddable":true,"href":"https:\/\/www.iebschool.com\/saladeprensa\/wp-json\/wp\/v2\/comments?post=2757"}],"version-history":[{"count":0,"href":"https:\/\/www.iebschool.com\/saladeprensa\/wp-json\/wp\/v2\/posts\/2757\/revisions"}],"wp:attachment":[{"href":"https:\/\/www.iebschool.com\/saladeprensa\/wp-json\/wp\/v2\/media?parent=2757"}],"wp:term":[{"taxonomy":"category","embeddable":true,"href":"https:\/\/www.iebschool.com\/saladeprensa\/wp-json\/wp\/v2\/categories?post=2757"},{"taxonomy":"post_tag","embeddable":true,"href":"https:\/\/www.iebschool.com\/saladeprensa\/wp-json\/wp\/v2\/tags?post=2757"}],"curies":[{"name":"wp","href":"https:\/\/api.w.org\/{rel}","templated":true}]}}