{"id":2766,"date":"2015-06-11T16:10:30","date_gmt":"2015-06-11T14:10:30","guid":{"rendered":"http:\/\/comunidad.iebschool.com\/saladeprensa\/?p=2766"},"modified":"2015-06-11T16:10:30","modified_gmt":"2015-06-11T14:10:30","slug":"open-iebs-pone-en-marcha-la-primera-edicion-de-cursos-de-verano","status":"publish","type":"post","link":"https:\/\/www.iebschool.com\/saladeprensa\/2015\/06\/11\/open-iebs-pone-en-marcha-la-primera-edicion-de-cursos-de-verano\/","title":{"rendered":"Open IEBS pone en marcha la primera edici\u00f3n de Cursos de Verano"},"content":{"rendered":"<ul>\n\t<li>\u00a0<em><strong>La escuela ofrece Cursos de Verano en las \u00e1reas de Social Media, Anal\u00edtica Web y Marketing Digital.<\/strong><\/em><\/li>\n\t<li><strong>\u00a0<\/strong><strong><em>El sistema de ense\u00f1anza Open Learning permite que el alumno cree su propio itinerario<\/em><\/strong><em>\u00a0<\/em><\/li>\n<\/ul>\n<em>Barcelona, 11 de junio de 2015<\/em>. Open IEBS, la primera escuela de negocios abierta del mundo, pone en marcha por primera vez sus <a href=\"http:\/\/open.iebschool.com\/tu-mejor-verano\/?utm_source=NdP\">Cursos de Verano<\/a>. Estos cursos, como todos los que ofrece Open IEBS, permiten al alumno recibir la formaci\u00f3n que realmente necesita creando su propio itinerario y adapt\u00e1ndolo a su ritmo y capacidades gracias al sistema Open Learning.\n\nLos cursos tienen un total de <strong>treinta horas de duraci\u00f3n<\/strong> y cada uno est\u00e1 compuesto de dos partes. La primera, la m\u00e1s te\u00f3rica, est\u00e1 formada por material hipertextual y audiovisual y foros de participaci\u00f3n donde se incorpora el aprendizaje informal, social y colaborativo. En cuanto a la segunda parte, se trata del caso pr\u00e1ctico donde el alumno debe enfrentarse a una situaci\u00f3n real de trabajo y aprender a resolver situaciones y problemas de la misma manera que lo har\u00eda en un entorno real.\n\nEn total, Open IEBS pone en marcha 6 Cursos de Verano dentro de las \u00e1reas de <strong>Social Media<\/strong>, <strong>Anal\u00edtica Web<\/strong> y <strong>Marketing<\/strong>. Concretamente, se trata de los cursos titulados:\n\n<a href=\"http:\/\/open.iebschool.com\/cursos\/curso-verano-gestion-marcas-redes-sociales\/?cupon=VERANO25&amp;utm_sale=sale\"><em>Gesti\u00f3n de marcas en redes sociales<\/em><\/a>\n\n<a href=\"http:\/\/open.iebschool.com\/cursos\/curso-verano-comprender-analitica-web\/?cupon=VERANO25&amp;utm_sale=sale\"><em>Comprender la anal\u00edtica web<\/em><\/a>\n\n<a href=\"http:\/\/open.iebschool.com\/cursos\/curso-verano-marketing-moviles\/?cupon=VERANO25&amp;utm_sale=sale\"><em>Marketing para m\u00f3viles<\/em><\/a>\n\n<a href=\"http:\/\/open.iebschool.com\/cursos\/curso-verano-plan-marketing-digital-social-media\/?cupon=VERANO25&amp;utm_sale=sale\"><em>Plan de marketing digital y social media<\/em><\/a>\n\n<a href=\"http:\/\/open.iebschool.com\/cursos\/curso-verano-claves-buena-estrategia-inbound-marketing\/?cupon=VERANO25&amp;utm_sale=sale\"><em>Claves para una buena estrategia de Inbound Marketing<\/em><\/a>\n\n<a href=\"http:\/\/open.iebschool.com\/cursos\/curso-verano-iniciacion-buscadores-seo-sem\/?cupon=VERANO25&amp;utm_sale=sale\"><em>Iniciaci\u00f3n a SEO y SEM<\/em><\/a>\n\nOpen IEBS se present\u00f3 de forma pionera en abril de 2012 y desde entonces ha formado a m\u00e1s de 14.000 alumnos con m\u00e1s de 800 cursos en activo y cerca de 150 profesores expertos.\n\n&nbsp;\n\n<strong>Sobre Open IEBS<\/strong>\n\nOpen IEBS es la primera escuela de negocios abierta del mundo. Desde el 2012 lleva revolucionando la educaci\u00f3n a trav\u00e9s de su mercado de formaci\u00f3n donde el alumno puede aprender de manera flexible lo que necesite, cuando lo necesite, donde lo necesite y construir sus propios itinerarios formativos.\n\n<strong>Sobre IEBS<\/strong>\n\nIEBS, la escuela de negocios de la innovaci\u00f3n y los emprendedores, nace en el a\u00f1o 2010 con el objetivo de aportar una alternativa real al modelo de ense\u00f1anza tradicional con el que formar personas m\u00e1s responsables, que dirijan proyectos con un Esp\u00edritu Emprendedor desde la Innovaci\u00f3n, la \u00c9tica y la Sostenibilidad.\n\n&nbsp;","protected":false},"excerpt":{"rendered":"","protected":false},"author":5,"featured_media":0,"comment_status":"open","ping_status":"open","sticky":false,"template":"","format":"standard","meta":{"footnotes":""},"categories":[8],"tags":[],"class_list":["post-2766","post","type-post","status-publish","format-standard","hentry","category-notas-de-prensa"],"yoast_head":"<!-- This site is optimized with the Yoast SEO Premium plugin v23.9 (Yoast SEO v24.6) - https:\/\/yoast.com\/wordpress\/plugins\/seo\/ -->\n<title>Open IEBS pone en marcha la primera edici\u00f3n de Cursos de Verano - Sala de Prensa<\/title>\n<meta name=\"description\" content=\"\u00a0La escuela ofrece Cursos de Verano en las \u00e1reas de Social Media, Anal\u00edtica Web y Marketing Digital. \u00a0El sistema de ense\u00f1anza Open Learning permite que el\" \/>\n<meta name=\"robots\" content=\"index, follow, max-snippet:-1, max-image-preview:large, max-video-preview:-1\" \/>\n<link rel=\"canonical\" href=\"https:\/\/www.iebschool.com\/saladeprensa\/2015\/06\/11\/open-iebs-pone-en-marcha-la-primera-edicion-de-cursos-de-verano\/\" \/>\n<meta property=\"og:locale\" content=\"es_ES\" \/>\n<meta property=\"og:type\" content=\"article\" \/>\n<meta property=\"og:title\" content=\"Open IEBS pone en marcha la primera edici\u00f3n de Cursos de Verano\" \/>\n<meta property=\"og:description\" content=\"\u00a0La escuela ofrece Cursos de Verano en las \u00e1reas de Social Media, Anal\u00edtica Web y Marketing Digital. \u00a0El sistema de ense\u00f1anza Open Learning permite que el\" \/>\n<meta property=\"og:url\" content=\"https:\/\/www.iebschool.com\/saladeprensa\/2015\/06\/11\/open-iebs-pone-en-marcha-la-primera-edicion-de-cursos-de-verano\/\" \/>\n<meta property=\"og:site_name\" content=\"Sala de Prensa\" \/>\n<meta property=\"article:published_time\" content=\"2015-06-11T14:10:30+00:00\" \/>\n<meta name=\"author\" content=\"Helena Rengel\" \/>\n<meta name=\"twitter:card\" content=\"summary_large_image\" \/>\n<meta name=\"twitter:label1\" content=\"Escrito por\" \/>\n\t<meta name=\"twitter:data1\" content=\"Helena Rengel\" \/>\n\t<meta name=\"twitter:label2\" content=\"Tiempo de lectura\" \/>\n\t<meta name=\"twitter:data2\" content=\"2 minutos\" \/>\n<script type=\"application\/ld+json\" class=\"yoast-schema-graph\">{\"@context\":\"https:\/\/schema.org\",\"@graph\":[{\"@type\":\"Article\",\"@id\":\"https:\/\/www.iebschool.com\/saladeprensa\/2015\/06\/11\/open-iebs-pone-en-marcha-la-primera-edicion-de-cursos-de-verano\/#article\",\"isPartOf\":{\"@id\":\"https:\/\/www.iebschool.com\/saladeprensa\/2015\/06\/11\/open-iebs-pone-en-marcha-la-primera-edicion-de-cursos-de-verano\/\"},\"author\":{\"name\":\"Helena Rengel\",\"@id\":\"https:\/\/www.iebschool.com\/saladeprensa\/#\/schema\/person\/4e37795e61afec781e763d9c6044229b\"},\"headline\":\"Open IEBS pone en marcha la primera edici\u00f3n de Cursos de Verano\",\"datePublished\":\"2015-06-11T14:10:30+00:00\",\"mainEntityOfPage\":{\"@id\":\"https:\/\/www.iebschool.com\/saladeprensa\/2015\/06\/11\/open-iebs-pone-en-marcha-la-primera-edicion-de-cursos-de-verano\/\"},\"wordCount\":407,\"commentCount\":0,\"publisher\":{\"@id\":\"https:\/\/www.iebschool.com\/saladeprensa\/#organization\"},\"articleSection\":[\"Notas de Prensa\"],\"inLanguage\":\"es\",\"potentialAction\":[{\"@type\":\"CommentAction\",\"name\":\"Comment\",\"target\":[\"https:\/\/www.iebschool.com\/saladeprensa\/2015\/06\/11\/open-iebs-pone-en-marcha-la-primera-edicion-de-cursos-de-verano\/#respond\"]}]},{\"@type\":\"WebPage\",\"@id\":\"https:\/\/www.iebschool.com\/saladeprensa\/2015\/06\/11\/open-iebs-pone-en-marcha-la-primera-edicion-de-cursos-de-verano\/\",\"url\":\"https:\/\/www.iebschool.com\/saladeprensa\/2015\/06\/11\/open-iebs-pone-en-marcha-la-primera-edicion-de-cursos-de-verano\/\",\"name\":\"Open IEBS pone en marcha la primera edici\u00f3n de Cursos de Verano - Sala de Prensa\",\"isPartOf\":{\"@id\":\"https:\/\/www.iebschool.com\/saladeprensa\/#website\"},\"datePublished\":\"2015-06-11T14:10:30+00:00\",\"description\":\"\u00a0La escuela ofrece Cursos de Verano en las \u00e1reas de Social Media, Anal\u00edtica Web y Marketing Digital. \u00a0El sistema de ense\u00f1anza Open Learning permite que el\",\"breadcrumb\":{\"@id\":\"https:\/\/www.iebschool.com\/saladeprensa\/2015\/06\/11\/open-iebs-pone-en-marcha-la-primera-edicion-de-cursos-de-verano\/#breadcrumb\"},\"inLanguage\":\"es\",\"potentialAction\":[{\"@type\":\"ReadAction\",\"target\":[\"https:\/\/www.iebschool.com\/saladeprensa\/2015\/06\/11\/open-iebs-pone-en-marcha-la-primera-edicion-de-cursos-de-verano\/\"]}]},{\"@type\":\"BreadcrumbList\",\"@id\":\"https:\/\/www.iebschool.com\/saladeprensa\/2015\/06\/11\/open-iebs-pone-en-marcha-la-primera-edicion-de-cursos-de-verano\/#breadcrumb\",\"itemListElement\":[{\"@type\":\"ListItem\",\"position\":1,\"name\":\"Portada\",\"item\":\"https:\/\/www.iebschool.com\/saladeprensa\/\"},{\"@type\":\"ListItem\",\"position\":2,\"name\":\"Open IEBS pone en marcha la primera edici\u00f3n de Cursos de Verano\"}]},{\"@type\":\"WebSite\",\"@id\":\"https:\/\/www.iebschool.com\/saladeprensa\/#website\",\"url\":\"https:\/\/www.iebschool.com\/saladeprensa\/\",\"name\":\"Sala de Prensa\",\"description\":\"IEBS\",\"publisher\":{\"@id\":\"https:\/\/www.iebschool.com\/saladeprensa\/#organization\"},\"potentialAction\":[{\"@type\":\"SearchAction\",\"target\":{\"@type\":\"EntryPoint\",\"urlTemplate\":\"https:\/\/www.iebschool.com\/saladeprensa\/?s={search_term_string}\"},\"query-input\":{\"@type\":\"PropertyValueSpecification\",\"valueRequired\":true,\"valueName\":\"search_term_string\"}}],\"inLanguage\":\"es\"},{\"@type\":\"Organization\",\"@id\":\"https:\/\/www.iebschool.com\/saladeprensa\/#organization\",\"name\":\"Sala de Prensa\",\"url\":\"https:\/\/www.iebschool.com\/saladeprensa\/\",\"logo\":{\"@type\":\"ImageObject\",\"inLanguage\":\"es\",\"@id\":\"https:\/\/www.iebschool.com\/saladeprensa\/#\/schema\/logo\/image\/\",\"url\":\"https:\/\/www.iebschool.com\/saladeprensa\/wp-content\/uploads\/2026\/02\/IEBS_Logo_BusinessSchool_1_Hor_Violeta-scaled.png\",\"contentUrl\":\"https:\/\/www.iebschool.com\/saladeprensa\/wp-content\/uploads\/2026\/02\/IEBS_Logo_BusinessSchool_1_Hor_Violeta-scaled.png\",\"width\":2560,\"height\":374,\"caption\":\"Sala de Prensa\"},\"image\":{\"@id\":\"https:\/\/www.iebschool.com\/saladeprensa\/#\/schema\/logo\/image\/\"}},{\"@type\":\"Person\",\"@id\":\"https:\/\/www.iebschool.com\/saladeprensa\/#\/schema\/person\/4e37795e61afec781e763d9c6044229b\",\"name\":\"Helena Rengel\",\"image\":{\"@type\":\"ImageObject\",\"inLanguage\":\"es\",\"@id\":\"https:\/\/www.iebschool.com\/saladeprensa\/#\/schema\/person\/image\/\",\"url\":\"https:\/\/secure.gravatar.com\/avatar\/c76a402d49e5378cb8df395b267df14695c634009e89eff37a723561a4c44af7?s=96&d=mm&r=g\",\"contentUrl\":\"https:\/\/secure.gravatar.com\/avatar\/c76a402d49e5378cb8df395b267df14695c634009e89eff37a723561a4c44af7?s=96&d=mm&r=g\",\"caption\":\"Helena Rengel\"},\"url\":\"https:\/\/www.iebschool.com\/saladeprensa\/author\/comunicacioniebschool-com\/\"}]}<\/script>\n<!-- \/ Yoast SEO Premium plugin. -->","yoast_head_json":{"title":"Open IEBS pone en marcha la primera edici\u00f3n de Cursos de Verano - Sala de Prensa","description":"\u00a0La escuela ofrece Cursos de Verano en las \u00e1reas de Social Media, Anal\u00edtica Web y Marketing Digital. \u00a0El sistema de ense\u00f1anza Open Learning permite que el","robots":{"index":"index","follow":"follow","max-snippet":"max-snippet:-1","max-image-preview":"max-image-preview:large","max-video-preview":"max-video-preview:-1"},"canonical":"https:\/\/www.iebschool.com\/saladeprensa\/2015\/06\/11\/open-iebs-pone-en-marcha-la-primera-edicion-de-cursos-de-verano\/","og_locale":"es_ES","og_type":"article","og_title":"Open IEBS pone en marcha la primera edici\u00f3n de Cursos de Verano","og_description":"\u00a0La escuela ofrece Cursos de Verano en las \u00e1reas de Social Media, Anal\u00edtica Web y Marketing Digital. \u00a0El sistema de ense\u00f1anza Open Learning permite que el","og_url":"https:\/\/www.iebschool.com\/saladeprensa\/2015\/06\/11\/open-iebs-pone-en-marcha-la-primera-edicion-de-cursos-de-verano\/","og_site_name":"Sala de Prensa","article_published_time":"2015-06-11T14:10:30+00:00","author":"Helena Rengel","twitter_card":"summary_large_image","twitter_misc":{"Escrito por":"Helena Rengel","Tiempo de lectura":"2 minutos"},"schema":{"@context":"https:\/\/schema.org","@graph":[{"@type":"Article","@id":"https:\/\/www.iebschool.com\/saladeprensa\/2015\/06\/11\/open-iebs-pone-en-marcha-la-primera-edicion-de-cursos-de-verano\/#article","isPartOf":{"@id":"https:\/\/www.iebschool.com\/saladeprensa\/2015\/06\/11\/open-iebs-pone-en-marcha-la-primera-edicion-de-cursos-de-verano\/"},"author":{"name":"Helena Rengel","@id":"https:\/\/www.iebschool.com\/saladeprensa\/#\/schema\/person\/4e37795e61afec781e763d9c6044229b"},"headline":"Open IEBS pone en marcha la primera edici\u00f3n de Cursos de Verano","datePublished":"2015-06-11T14:10:30+00:00","mainEntityOfPage":{"@id":"https:\/\/www.iebschool.com\/saladeprensa\/2015\/06\/11\/open-iebs-pone-en-marcha-la-primera-edicion-de-cursos-de-verano\/"},"wordCount":407,"commentCount":0,"publisher":{"@id":"https:\/\/www.iebschool.com\/saladeprensa\/#organization"},"articleSection":["Notas de Prensa"],"inLanguage":"es","potentialAction":[{"@type":"CommentAction","name":"Comment","target":["https:\/\/www.iebschool.com\/saladeprensa\/2015\/06\/11\/open-iebs-pone-en-marcha-la-primera-edicion-de-cursos-de-verano\/#respond"]}]},{"@type":"WebPage","@id":"https:\/\/www.iebschool.com\/saladeprensa\/2015\/06\/11\/open-iebs-pone-en-marcha-la-primera-edicion-de-cursos-de-verano\/","url":"https:\/\/www.iebschool.com\/saladeprensa\/2015\/06\/11\/open-iebs-pone-en-marcha-la-primera-edicion-de-cursos-de-verano\/","name":"Open IEBS pone en marcha la primera edici\u00f3n de Cursos de Verano - Sala de Prensa","isPartOf":{"@id":"https:\/\/www.iebschool.com\/saladeprensa\/#website"},"datePublished":"2015-06-11T14:10:30+00:00","description":"\u00a0La escuela ofrece Cursos de Verano en las \u00e1reas de Social Media, Anal\u00edtica Web y Marketing Digital. \u00a0El sistema de ense\u00f1anza Open Learning permite que el","breadcrumb":{"@id":"https:\/\/www.iebschool.com\/saladeprensa\/2015\/06\/11\/open-iebs-pone-en-marcha-la-primera-edicion-de-cursos-de-verano\/#breadcrumb"},"inLanguage":"es","potentialAction":[{"@type":"ReadAction","target":["https:\/\/www.iebschool.com\/saladeprensa\/2015\/06\/11\/open-iebs-pone-en-marcha-la-primera-edicion-de-cursos-de-verano\/"]}]},{"@type":"BreadcrumbList","@id":"https:\/\/www.iebschool.com\/saladeprensa\/2015\/06\/11\/open-iebs-pone-en-marcha-la-primera-edicion-de-cursos-de-verano\/#breadcrumb","itemListElement":[{"@type":"ListItem","position":1,"name":"Portada","item":"https:\/\/www.iebschool.com\/saladeprensa\/"},{"@type":"ListItem","position":2,"name":"Open IEBS pone en marcha la primera edici\u00f3n de Cursos de Verano"}]},{"@type":"WebSite","@id":"https:\/\/www.iebschool.com\/saladeprensa\/#website","url":"https:\/\/www.iebschool.com\/saladeprensa\/","name":"Sala de Prensa","description":"IEBS","publisher":{"@id":"https:\/\/www.iebschool.com\/saladeprensa\/#organization"},"potentialAction":[{"@type":"SearchAction","target":{"@type":"EntryPoint","urlTemplate":"https:\/\/www.iebschool.com\/saladeprensa\/?s={search_term_string}"},"query-input":{"@type":"PropertyValueSpecification","valueRequired":true,"valueName":"search_term_string"}}],"inLanguage":"es"},{"@type":"Organization","@id":"https:\/\/www.iebschool.com\/saladeprensa\/#organization","name":"Sala de Prensa","url":"https:\/\/www.iebschool.com\/saladeprensa\/","logo":{"@type":"ImageObject","inLanguage":"es","@id":"https:\/\/www.iebschool.com\/saladeprensa\/#\/schema\/logo\/image\/","url":"https:\/\/www.iebschool.com\/saladeprensa\/wp-content\/uploads\/2026\/02\/IEBS_Logo_BusinessSchool_1_Hor_Violeta-scaled.png","contentUrl":"https:\/\/www.iebschool.com\/saladeprensa\/wp-content\/uploads\/2026\/02\/IEBS_Logo_BusinessSchool_1_Hor_Violeta-scaled.png","width":2560,"height":374,"caption":"Sala de Prensa"},"image":{"@id":"https:\/\/www.iebschool.com\/saladeprensa\/#\/schema\/logo\/image\/"}},{"@type":"Person","@id":"https:\/\/www.iebschool.com\/saladeprensa\/#\/schema\/person\/4e37795e61afec781e763d9c6044229b","name":"Helena Rengel","image":{"@type":"ImageObject","inLanguage":"es","@id":"https:\/\/www.iebschool.com\/saladeprensa\/#\/schema\/person\/image\/","url":"https:\/\/secure.gravatar.com\/avatar\/c76a402d49e5378cb8df395b267df14695c634009e89eff37a723561a4c44af7?s=96&d=mm&r=g","contentUrl":"https:\/\/secure.gravatar.com\/avatar\/c76a402d49e5378cb8df395b267df14695c634009e89eff37a723561a4c44af7?s=96&d=mm&r=g","caption":"Helena Rengel"},"url":"https:\/\/www.iebschool.com\/saladeprensa\/author\/comunicacioniebschool-com\/"}]}},"image_thumbnail":"https:\/\/www.iebschool.com\/saladeprensa\/wp-includes\/images\/media\/default.svg","image_full":"https:\/\/www.iebschool.com\/saladeprensa\/wp-includes\/images\/media\/default.svg","categoria":{"nombre":"Notas de Prensa","slug":"category\/notas-de-prensa"},"_links":{"self":[{"href":"https:\/\/www.iebschool.com\/saladeprensa\/wp-json\/wp\/v2\/posts\/2766","targetHints":{"allow":["GET"]}}],"collection":[{"href":"https:\/\/www.iebschool.com\/saladeprensa\/wp-json\/wp\/v2\/posts"}],"about":[{"href":"https:\/\/www.iebschool.com\/saladeprensa\/wp-json\/wp\/v2\/types\/post"}],"author":[{"embeddable":true,"href":"https:\/\/www.iebschool.com\/saladeprensa\/wp-json\/wp\/v2\/users\/5"}],"replies":[{"embeddable":true,"href":"https:\/\/www.iebschool.com\/saladeprensa\/wp-json\/wp\/v2\/comments?post=2766"}],"version-history":[{"count":0,"href":"https:\/\/www.iebschool.com\/saladeprensa\/wp-json\/wp\/v2\/posts\/2766\/revisions"}],"wp:attachment":[{"href":"https:\/\/www.iebschool.com\/saladeprensa\/wp-json\/wp\/v2\/media?parent=2766"}],"wp:term":[{"taxonomy":"category","embeddable":true,"href":"https:\/\/www.iebschool.com\/saladeprensa\/wp-json\/wp\/v2\/categories?post=2766"},{"taxonomy":"post_tag","embeddable":true,"href":"https:\/\/www.iebschool.com\/saladeprensa\/wp-json\/wp\/v2\/tags?post=2766"}],"curies":[{"name":"wp","href":"https:\/\/api.w.org\/{rel}","templated":true}]}}