{"id":2842,"date":"2015-07-28T14:11:11","date_gmt":"2015-07-28T12:11:11","guid":{"rendered":"http:\/\/comunidad.iebschool.com\/saladeprensa\/?p=2842"},"modified":"2015-07-28T14:11:11","modified_gmt":"2015-07-28T12:11:11","slug":"granada-hoy-nestor-fernandez","status":"publish","type":"post","link":"https:\/\/www.iebschool.com\/saladeprensa\/2015\/07\/28\/granada-hoy-nestor-fernandez\/","title":{"rendered":"Granada Hoy &#8211;  \u00abN\u00e9stor Fern\u00e1ndez entra en la Junta al frende de la Agencia de Cooperaci\u00f3n\u00bb"},"content":{"rendered":"N\u00e9stor Fern\u00e1ndez entra en la Junta al frende de la Agencia de Cooperaci\u00f3n\n\n<a href=\"https:\/\/www.iebschool.com\/saladeprensa\/wp-content\/uploads\/2015\/07\/granadahoy1.png\"><img class=\"alignnone  wp-image-2843\" src=\"https:\/\/www.iebschool.com\/saladeprensa\/wp-content\/uploads\/2015\/07\/granadahoy1.png\" alt=\"granadahoy1\" width=\"486\" height=\"652\" \/><\/a>\n\n<a href=\"https:\/\/www.iebschool.com\/saladeprensa\/wp-content\/uploads\/2015\/07\/granadahoy2.png\"><img class=\"alignnone  wp-image-2844\" src=\"https:\/\/www.iebschool.com\/saladeprensa\/wp-content\/uploads\/2015\/07\/granadahoy2.png\" alt=\"granadahoy2\" width=\"479\" height=\"314\" \/><\/a>","protected":false},"excerpt":{"rendered":"","protected":false},"author":5,"featured_media":0,"comment_status":"open","ping_status":"open","sticky":false,"template":"","format":"standard","meta":{"footnotes":""},"categories":[5],"tags":[],"class_list":["post-2842","post","type-post","status-publish","format-standard","hentry","category-entrevista-alumnos"],"yoast_head":"<!-- This site is optimized with the Yoast SEO Premium plugin v23.9 (Yoast SEO v24.6) - https:\/\/yoast.com\/wordpress\/plugins\/seo\/ -->\n<title>Granada Hoy - &quot;N\u00e9stor Fern\u00e1ndez entra en la Junta al frende de la Agencia de Cooperaci\u00f3n&quot; - Sala de Prensa<\/title>\n<meta name=\"description\" content=\"N\u00e9stor Fern\u00e1ndez entra en la Junta al frende de la Agencia de Cooperaci\u00f3n\" \/>\n<meta name=\"robots\" content=\"index, follow, max-snippet:-1, max-image-preview:large, max-video-preview:-1\" \/>\n<link rel=\"canonical\" href=\"https:\/\/www.iebschool.com\/saladeprensa\/2015\/07\/28\/granada-hoy-nestor-fernandez\/\" \/>\n<meta property=\"og:locale\" content=\"es_ES\" \/>\n<meta property=\"og:type\" content=\"article\" \/>\n<meta property=\"og:title\" content=\"Granada Hoy - &quot;N\u00e9stor Fern\u00e1ndez entra en la Junta al frende de la Agencia de Cooperaci\u00f3n&quot;\" \/>\n<meta property=\"og:description\" content=\"N\u00e9stor Fern\u00e1ndez entra en la Junta al frende de la Agencia de Cooperaci\u00f3n\" \/>\n<meta property=\"og:url\" content=\"https:\/\/www.iebschool.com\/saladeprensa\/2015\/07\/28\/granada-hoy-nestor-fernandez\/\" \/>\n<meta property=\"og:site_name\" content=\"Sala de Prensa\" \/>\n<meta property=\"article:published_time\" content=\"2015-07-28T12:11:11+00:00\" \/>\n<meta property=\"og:image\" content=\"https:\/\/www.iebschool.com\/saladeprensa\/wp-content\/uploads\/2015\/07\/granadahoy1.png\" \/>\n<meta name=\"author\" content=\"Helena Rengel\" \/>\n<meta name=\"twitter:card\" content=\"summary_large_image\" \/>\n<meta name=\"twitter:label1\" content=\"Escrito por\" \/>\n\t<meta name=\"twitter:data1\" content=\"Helena Rengel\" \/>\n<script type=\"application\/ld+json\" class=\"yoast-schema-graph\">{\"@context\":\"https:\/\/schema.org\",\"@graph\":[{\"@type\":\"Article\",\"@id\":\"https:\/\/www.iebschool.com\/saladeprensa\/2015\/07\/28\/granada-hoy-nestor-fernandez\/#article\",\"isPartOf\":{\"@id\":\"https:\/\/www.iebschool.com\/saladeprensa\/2015\/07\/28\/granada-hoy-nestor-fernandez\/\"},\"author\":{\"name\":\"Helena Rengel\",\"@id\":\"https:\/\/www.iebschool.com\/saladeprensa\/#\/schema\/person\/4e37795e61afec781e763d9c6044229b\"},\"headline\":\"Granada Hoy &#8211; \u00abN\u00e9stor Fern\u00e1ndez entra en la Junta al frende de la Agencia de Cooperaci\u00f3n\u00bb\",\"datePublished\":\"2015-07-28T12:11:11+00:00\",\"mainEntityOfPage\":{\"@id\":\"https:\/\/www.iebschool.com\/saladeprensa\/2015\/07\/28\/granada-hoy-nestor-fernandez\/\"},\"wordCount\":35,\"commentCount\":0,\"publisher\":{\"@id\":\"https:\/\/www.iebschool.com\/saladeprensa\/#organization\"},\"image\":{\"@id\":\"https:\/\/www.iebschool.com\/saladeprensa\/2015\/07\/28\/granada-hoy-nestor-fernandez\/#primaryimage\"},\"thumbnailUrl\":\"https:\/\/www.iebschool.com\/saladeprensa\/wp-content\/uploads\/2015\/07\/granadahoy1.png\",\"articleSection\":[\"Hablan nuestros alumnos\"],\"inLanguage\":\"es\",\"potentialAction\":[{\"@type\":\"CommentAction\",\"name\":\"Comment\",\"target\":[\"https:\/\/www.iebschool.com\/saladeprensa\/2015\/07\/28\/granada-hoy-nestor-fernandez\/#respond\"]}]},{\"@type\":\"WebPage\",\"@id\":\"https:\/\/www.iebschool.com\/saladeprensa\/2015\/07\/28\/granada-hoy-nestor-fernandez\/\",\"url\":\"https:\/\/www.iebschool.com\/saladeprensa\/2015\/07\/28\/granada-hoy-nestor-fernandez\/\",\"name\":\"Granada Hoy - \\\"N\u00e9stor Fern\u00e1ndez entra en la Junta al frende de la Agencia de Cooperaci\u00f3n\\\" - Sala de Prensa\",\"isPartOf\":{\"@id\":\"https:\/\/www.iebschool.com\/saladeprensa\/#website\"},\"primaryImageOfPage\":{\"@id\":\"https:\/\/www.iebschool.com\/saladeprensa\/2015\/07\/28\/granada-hoy-nestor-fernandez\/#primaryimage\"},\"image\":{\"@id\":\"https:\/\/www.iebschool.com\/saladeprensa\/2015\/07\/28\/granada-hoy-nestor-fernandez\/#primaryimage\"},\"thumbnailUrl\":\"https:\/\/www.iebschool.com\/saladeprensa\/wp-content\/uploads\/2015\/07\/granadahoy1.png\",\"datePublished\":\"2015-07-28T12:11:11+00:00\",\"description\":\"N\u00e9stor Fern\u00e1ndez entra en la Junta al frende de la Agencia de Cooperaci\u00f3n\",\"breadcrumb\":{\"@id\":\"https:\/\/www.iebschool.com\/saladeprensa\/2015\/07\/28\/granada-hoy-nestor-fernandez\/#breadcrumb\"},\"inLanguage\":\"es\",\"potentialAction\":[{\"@type\":\"ReadAction\",\"target\":[\"https:\/\/www.iebschool.com\/saladeprensa\/2015\/07\/28\/granada-hoy-nestor-fernandez\/\"]}]},{\"@type\":\"ImageObject\",\"inLanguage\":\"es\",\"@id\":\"https:\/\/www.iebschool.com\/saladeprensa\/2015\/07\/28\/granada-hoy-nestor-fernandez\/#primaryimage\",\"url\":\"https:\/\/www.iebschool.com\/saladeprensa\/wp-content\/uploads\/2015\/07\/granadahoy1.png\",\"contentUrl\":\"https:\/\/www.iebschool.com\/saladeprensa\/wp-content\/uploads\/2015\/07\/granadahoy1.png\",\"width\":542,\"height\":727},{\"@type\":\"BreadcrumbList\",\"@id\":\"https:\/\/www.iebschool.com\/saladeprensa\/2015\/07\/28\/granada-hoy-nestor-fernandez\/#breadcrumb\",\"itemListElement\":[{\"@type\":\"ListItem\",\"position\":1,\"name\":\"Portada\",\"item\":\"https:\/\/www.iebschool.com\/saladeprensa\/\"},{\"@type\":\"ListItem\",\"position\":2,\"name\":\"Granada Hoy &#8211; \u00abN\u00e9stor Fern\u00e1ndez entra en la Junta al frende de la Agencia de Cooperaci\u00f3n\u00bb\"}]},{\"@type\":\"WebSite\",\"@id\":\"https:\/\/www.iebschool.com\/saladeprensa\/#website\",\"url\":\"https:\/\/www.iebschool.com\/saladeprensa\/\",\"name\":\"Sala de Prensa\",\"description\":\"IEBS\",\"publisher\":{\"@id\":\"https:\/\/www.iebschool.com\/saladeprensa\/#organization\"},\"potentialAction\":[{\"@type\":\"SearchAction\",\"target\":{\"@type\":\"EntryPoint\",\"urlTemplate\":\"https:\/\/www.iebschool.com\/saladeprensa\/?s={search_term_string}\"},\"query-input\":{\"@type\":\"PropertyValueSpecification\",\"valueRequired\":true,\"valueName\":\"search_term_string\"}}],\"inLanguage\":\"es\"},{\"@type\":\"Organization\",\"@id\":\"https:\/\/www.iebschool.com\/saladeprensa\/#organization\",\"name\":\"Sala de Prensa\",\"url\":\"https:\/\/www.iebschool.com\/saladeprensa\/\",\"logo\":{\"@type\":\"ImageObject\",\"inLanguage\":\"es\",\"@id\":\"https:\/\/www.iebschool.com\/saladeprensa\/#\/schema\/logo\/image\/\",\"url\":\"https:\/\/www.iebschool.com\/saladeprensa\/wp-content\/uploads\/2026\/02\/IEBS_Logo_BusinessSchool_1_Hor_Violeta-scaled.png\",\"contentUrl\":\"https:\/\/www.iebschool.com\/saladeprensa\/wp-content\/uploads\/2026\/02\/IEBS_Logo_BusinessSchool_1_Hor_Violeta-scaled.png\",\"width\":2560,\"height\":374,\"caption\":\"Sala de Prensa\"},\"image\":{\"@id\":\"https:\/\/www.iebschool.com\/saladeprensa\/#\/schema\/logo\/image\/\"}},{\"@type\":\"Person\",\"@id\":\"https:\/\/www.iebschool.com\/saladeprensa\/#\/schema\/person\/4e37795e61afec781e763d9c6044229b\",\"name\":\"Helena Rengel\",\"image\":{\"@type\":\"ImageObject\",\"inLanguage\":\"es\",\"@id\":\"https:\/\/www.iebschool.com\/saladeprensa\/#\/schema\/person\/image\/\",\"url\":\"https:\/\/secure.gravatar.com\/avatar\/c76a402d49e5378cb8df395b267df14695c634009e89eff37a723561a4c44af7?s=96&d=mm&r=g\",\"contentUrl\":\"https:\/\/secure.gravatar.com\/avatar\/c76a402d49e5378cb8df395b267df14695c634009e89eff37a723561a4c44af7?s=96&d=mm&r=g\",\"caption\":\"Helena Rengel\"},\"url\":\"https:\/\/www.iebschool.com\/saladeprensa\/author\/comunicacioniebschool-com\/\"}]}<\/script>\n<!-- \/ Yoast SEO Premium plugin. -->","yoast_head_json":{"title":"Granada Hoy - \"N\u00e9stor Fern\u00e1ndez entra en la Junta al frende de la Agencia de Cooperaci\u00f3n\" - Sala de Prensa","description":"N\u00e9stor Fern\u00e1ndez entra en la Junta al frende de la Agencia de Cooperaci\u00f3n","robots":{"index":"index","follow":"follow","max-snippet":"max-snippet:-1","max-image-preview":"max-image-preview:large","max-video-preview":"max-video-preview:-1"},"canonical":"https:\/\/www.iebschool.com\/saladeprensa\/2015\/07\/28\/granada-hoy-nestor-fernandez\/","og_locale":"es_ES","og_type":"article","og_title":"Granada Hoy - \"N\u00e9stor Fern\u00e1ndez entra en la Junta al frende de la Agencia de Cooperaci\u00f3n\"","og_description":"N\u00e9stor Fern\u00e1ndez entra en la Junta al frende de la Agencia de Cooperaci\u00f3n","og_url":"https:\/\/www.iebschool.com\/saladeprensa\/2015\/07\/28\/granada-hoy-nestor-fernandez\/","og_site_name":"Sala de Prensa","article_published_time":"2015-07-28T12:11:11+00:00","og_image":[{"url":"https:\/\/www.iebschool.com\/saladeprensa\/wp-content\/uploads\/2015\/07\/granadahoy1.png","type":"","width":"","height":""}],"author":"Helena Rengel","twitter_card":"summary_large_image","twitter_misc":{"Escrito por":"Helena Rengel"},"schema":{"@context":"https:\/\/schema.org","@graph":[{"@type":"Article","@id":"https:\/\/www.iebschool.com\/saladeprensa\/2015\/07\/28\/granada-hoy-nestor-fernandez\/#article","isPartOf":{"@id":"https:\/\/www.iebschool.com\/saladeprensa\/2015\/07\/28\/granada-hoy-nestor-fernandez\/"},"author":{"name":"Helena Rengel","@id":"https:\/\/www.iebschool.com\/saladeprensa\/#\/schema\/person\/4e37795e61afec781e763d9c6044229b"},"headline":"Granada Hoy &#8211; \u00abN\u00e9stor Fern\u00e1ndez entra en la Junta al frende de la Agencia de Cooperaci\u00f3n\u00bb","datePublished":"2015-07-28T12:11:11+00:00","mainEntityOfPage":{"@id":"https:\/\/www.iebschool.com\/saladeprensa\/2015\/07\/28\/granada-hoy-nestor-fernandez\/"},"wordCount":35,"commentCount":0,"publisher":{"@id":"https:\/\/www.iebschool.com\/saladeprensa\/#organization"},"image":{"@id":"https:\/\/www.iebschool.com\/saladeprensa\/2015\/07\/28\/granada-hoy-nestor-fernandez\/#primaryimage"},"thumbnailUrl":"https:\/\/www.iebschool.com\/saladeprensa\/wp-content\/uploads\/2015\/07\/granadahoy1.png","articleSection":["Hablan nuestros alumnos"],"inLanguage":"es","potentialAction":[{"@type":"CommentAction","name":"Comment","target":["https:\/\/www.iebschool.com\/saladeprensa\/2015\/07\/28\/granada-hoy-nestor-fernandez\/#respond"]}]},{"@type":"WebPage","@id":"https:\/\/www.iebschool.com\/saladeprensa\/2015\/07\/28\/granada-hoy-nestor-fernandez\/","url":"https:\/\/www.iebschool.com\/saladeprensa\/2015\/07\/28\/granada-hoy-nestor-fernandez\/","name":"Granada Hoy - \"N\u00e9stor Fern\u00e1ndez entra en la Junta al frende de la Agencia de Cooperaci\u00f3n\" - Sala de Prensa","isPartOf":{"@id":"https:\/\/www.iebschool.com\/saladeprensa\/#website"},"primaryImageOfPage":{"@id":"https:\/\/www.iebschool.com\/saladeprensa\/2015\/07\/28\/granada-hoy-nestor-fernandez\/#primaryimage"},"image":{"@id":"https:\/\/www.iebschool.com\/saladeprensa\/2015\/07\/28\/granada-hoy-nestor-fernandez\/#primaryimage"},"thumbnailUrl":"https:\/\/www.iebschool.com\/saladeprensa\/wp-content\/uploads\/2015\/07\/granadahoy1.png","datePublished":"2015-07-28T12:11:11+00:00","description":"N\u00e9stor Fern\u00e1ndez entra en la Junta al frende de la Agencia de Cooperaci\u00f3n","breadcrumb":{"@id":"https:\/\/www.iebschool.com\/saladeprensa\/2015\/07\/28\/granada-hoy-nestor-fernandez\/#breadcrumb"},"inLanguage":"es","potentialAction":[{"@type":"ReadAction","target":["https:\/\/www.iebschool.com\/saladeprensa\/2015\/07\/28\/granada-hoy-nestor-fernandez\/"]}]},{"@type":"ImageObject","inLanguage":"es","@id":"https:\/\/www.iebschool.com\/saladeprensa\/2015\/07\/28\/granada-hoy-nestor-fernandez\/#primaryimage","url":"https:\/\/www.iebschool.com\/saladeprensa\/wp-content\/uploads\/2015\/07\/granadahoy1.png","contentUrl":"https:\/\/www.iebschool.com\/saladeprensa\/wp-content\/uploads\/2015\/07\/granadahoy1.png","width":542,"height":727},{"@type":"BreadcrumbList","@id":"https:\/\/www.iebschool.com\/saladeprensa\/2015\/07\/28\/granada-hoy-nestor-fernandez\/#breadcrumb","itemListElement":[{"@type":"ListItem","position":1,"name":"Portada","item":"https:\/\/www.iebschool.com\/saladeprensa\/"},{"@type":"ListItem","position":2,"name":"Granada Hoy &#8211; \u00abN\u00e9stor Fern\u00e1ndez entra en la Junta al frende de la Agencia de Cooperaci\u00f3n\u00bb"}]},{"@type":"WebSite","@id":"https:\/\/www.iebschool.com\/saladeprensa\/#website","url":"https:\/\/www.iebschool.com\/saladeprensa\/","name":"Sala de Prensa","description":"IEBS","publisher":{"@id":"https:\/\/www.iebschool.com\/saladeprensa\/#organization"},"potentialAction":[{"@type":"SearchAction","target":{"@type":"EntryPoint","urlTemplate":"https:\/\/www.iebschool.com\/saladeprensa\/?s={search_term_string}"},"query-input":{"@type":"PropertyValueSpecification","valueRequired":true,"valueName":"search_term_string"}}],"inLanguage":"es"},{"@type":"Organization","@id":"https:\/\/www.iebschool.com\/saladeprensa\/#organization","name":"Sala de Prensa","url":"https:\/\/www.iebschool.com\/saladeprensa\/","logo":{"@type":"ImageObject","inLanguage":"es","@id":"https:\/\/www.iebschool.com\/saladeprensa\/#\/schema\/logo\/image\/","url":"https:\/\/www.iebschool.com\/saladeprensa\/wp-content\/uploads\/2026\/02\/IEBS_Logo_BusinessSchool_1_Hor_Violeta-scaled.png","contentUrl":"https:\/\/www.iebschool.com\/saladeprensa\/wp-content\/uploads\/2026\/02\/IEBS_Logo_BusinessSchool_1_Hor_Violeta-scaled.png","width":2560,"height":374,"caption":"Sala de Prensa"},"image":{"@id":"https:\/\/www.iebschool.com\/saladeprensa\/#\/schema\/logo\/image\/"}},{"@type":"Person","@id":"https:\/\/www.iebschool.com\/saladeprensa\/#\/schema\/person\/4e37795e61afec781e763d9c6044229b","name":"Helena Rengel","image":{"@type":"ImageObject","inLanguage":"es","@id":"https:\/\/www.iebschool.com\/saladeprensa\/#\/schema\/person\/image\/","url":"https:\/\/secure.gravatar.com\/avatar\/c76a402d49e5378cb8df395b267df14695c634009e89eff37a723561a4c44af7?s=96&d=mm&r=g","contentUrl":"https:\/\/secure.gravatar.com\/avatar\/c76a402d49e5378cb8df395b267df14695c634009e89eff37a723561a4c44af7?s=96&d=mm&r=g","caption":"Helena Rengel"},"url":"https:\/\/www.iebschool.com\/saladeprensa\/author\/comunicacioniebschool-com\/"}]}},"image_thumbnail":"https:\/\/www.iebschool.com\/saladeprensa\/wp-includes\/images\/media\/default.svg","image_full":"https:\/\/www.iebschool.com\/saladeprensa\/wp-includes\/images\/media\/default.svg","categoria":{"nombre":"Hablan nuestros alumnos","slug":"category\/entrevista-alumnos"},"_links":{"self":[{"href":"https:\/\/www.iebschool.com\/saladeprensa\/wp-json\/wp\/v2\/posts\/2842","targetHints":{"allow":["GET"]}}],"collection":[{"href":"https:\/\/www.iebschool.com\/saladeprensa\/wp-json\/wp\/v2\/posts"}],"about":[{"href":"https:\/\/www.iebschool.com\/saladeprensa\/wp-json\/wp\/v2\/types\/post"}],"author":[{"embeddable":true,"href":"https:\/\/www.iebschool.com\/saladeprensa\/wp-json\/wp\/v2\/users\/5"}],"replies":[{"embeddable":true,"href":"https:\/\/www.iebschool.com\/saladeprensa\/wp-json\/wp\/v2\/comments?post=2842"}],"version-history":[{"count":0,"href":"https:\/\/www.iebschool.com\/saladeprensa\/wp-json\/wp\/v2\/posts\/2842\/revisions"}],"wp:attachment":[{"href":"https:\/\/www.iebschool.com\/saladeprensa\/wp-json\/wp\/v2\/media?parent=2842"}],"wp:term":[{"taxonomy":"category","embeddable":true,"href":"https:\/\/www.iebschool.com\/saladeprensa\/wp-json\/wp\/v2\/categories?post=2842"},{"taxonomy":"post_tag","embeddable":true,"href":"https:\/\/www.iebschool.com\/saladeprensa\/wp-json\/wp\/v2\/tags?post=2842"}],"curies":[{"name":"wp","href":"https:\/\/api.w.org\/{rel}","templated":true}]}}