{"id":2857,"date":"2015-08-25T09:07:53","date_gmt":"2015-08-25T07:07:53","guid":{"rendered":"http:\/\/comunidad.iebschool.com\/saladeprensa\/?p=2857"},"modified":"2015-08-25T09:07:53","modified_gmt":"2015-08-25T07:07:53","slug":"se-alarga-el-plazo-de-inscripcion-al-concurso-de-emprendedores-de-iebs","status":"publish","type":"post","link":"https:\/\/www.iebschool.com\/saladeprensa\/2015\/08\/25\/se-alarga-el-plazo-de-inscripcion-al-concurso-de-emprendedores-de-iebs\/","title":{"rendered":"Se alarga el plazo de inscripci\u00f3n al Concurso de Emprendedores de IEBS"},"content":{"rendered":"<ul>\n\t<li style=\"text-align: justify\"><em>Los participantes podr\u00e1n inscribirse hasta el 15 de septiembre.<\/em><\/li>\n<\/ul>\n<ul style=\"text-align: justify\">\n\t<li><em>Los ganadores recibir\u00e1n formaci\u00f3n y mentoring para el desarrollo de su proyecto, incluso la incubaci\u00f3n de sus ideas.<\/em><\/li>\n<\/ul>\n<p style=\"text-align: justify\"><em>Barcelona, 25 de junio de 2015<\/em>. La escuela de negocios IEBS alarga la convocatoria de inscripci\u00f3n al <strong>Concurso Emprendedores de IEBS<\/strong>, con el que busca premiar el talento y la innovaci\u00f3n de j\u00f3venes emprendedores. Si bien el plazo terminaba a finales de agosto, <strong>ahora los participantes podr\u00e1n inscribirse hasta el 15 de septiembre<\/strong>. El ganador de cada una de las categor\u00edas recibir\u00e1 una <strong>Beca Total<\/strong> para cursar <strong>un programa de M\u00e1ster \u00a0o Postgrado<\/strong> y recibir\u00e1 mentoring para sacar adelante su idea de negocio, as\u00ed como la posibilidad de que su proyecto sea incubado dentro de la plataforma de IEBS.<\/p>\n<p style=\"text-align: justify\">La escuela premiar\u00e1 a un total de 15 proyectos vinculados a la innovaci\u00f3n emprendedora que guarden relaci\u00f3n con alguna de estas \u00e1reas de negocio: <a href=\"http:\/\/comunidad.iebschool.com\/concurso-emprendedores\/category\/apps-mobile\/\"><strong>Mobile Business<\/strong><\/a><strong>; <\/strong><a href=\"http:\/\/comunidad.iebschool.com\/concurso-emprendedores\/category\/gaming-gamification\/\"><strong>Gamificaci\u00f3n<\/strong><\/a><strong>; <\/strong><a href=\"http:\/\/comunidad.iebschool.com\/concurso-emprendedores\/category\/ecommerce\/\"><strong>eCommerce<\/strong><\/a><strong>; <\/strong><a href=\"http:\/\/comunidad.iebschool.com\/concurso-emprendedores\/category\/emprendimiento-social\/\"><strong>Emprendimiento Social<\/strong><\/a><strong> e <\/strong><a href=\"http:\/\/comunidad.iebschool.com\/concurso-emprendedores\/category\/innovacion-tic\/\"><strong>Innovaci\u00f3n y TIC<\/strong><\/a>. No solamente se trata de buscar ideas originales e innovadoras, sino que tambi\u00e9n aporten valor a la sociedad con proyectos que sean sostenibles.<\/p>\n<p style=\"text-align: justify\">\u00a0Los interesados pueden presentar sus proyectos a trav\u00e9s de<a href=\"http:\/\/comunidad.iebschool.com\/concurso-emprendedores\/inscripcion\/\">la web del Concurso Emprendedores 2015<\/a>, como decimos, <strong>hasta el 15 de septiembre<\/strong>. Las ideas ser\u00e1n evaluadas por un jurado profesional, formado por IEBS y las empresas colaboradoras, pero tambi\u00e9n podr\u00e1n votar los usuarios a trav\u00e9s de las redes sociales. \u00a0Los <strong>ganadores se dar\u00e1n a conocer el 22 de octubre<\/strong>.<\/p>\n<p style=\"text-align: justify\">Con el concurso, se reafirma el esfuerzo de la escuela de negocios por apoyar a emprendedores con proyectos en fase inicial. Adem\u00e1s, busca fomentar el esp\u00edritu emprendedor y las iniciativas innovadoras como elementos de progreso, y poner de manifiesto el importante papel de la formaci\u00f3n en la creaci\u00f3n de nuevas empresas.<\/p>\n<p style=\"text-align: justify\">\u00a0Algunos ejemplos de empresas por las que IEBS ha apostado en las 5 ediciones anteriores del concurso son <em>Opcionis, Fitrip, Lily Media, TinyTien o Pet&amp;Net<\/em>.<\/p>\n<p style=\"text-align: justify\">\u00a0Las expectativas de este a\u00f1o son altas, puesto que el a\u00f1o pasado \u00a0se presentaron <strong>m\u00e1s de 1.500 proyectos<\/strong>, que en palabras de Oscar Fuente, director de IEBS, supone que <em>\u201csi hay apoyo, no faltan ideas innovadoras y representa un claro indicador de la recuperaci\u00f3n\u201d<\/em>.<\/p>\n<p style=\"text-align: justify\">\u00a0El Concurso Emprendedores de IEBS cuenta con la colaboraci\u00f3n de la aceleradora <strong>Seedrocket, Ecommerce news, Eureka Startups, Marketing Directo, Emprendedores, Loogic, LanceTalent, SphericalPixel, PickASO y CookieBox entre otros.<\/strong><\/p>\n<p style=\"text-align: justify\"><strong>\u00a0<\/strong><\/p>\n<p style=\"text-align: justify\"><strong>\u00a0<\/strong><strong>Sobre IEBS<\/strong><\/p>\n<p style=\"text-align: justify\">IEBS, la escuela de negocios de la innovaci\u00f3n y los emprendedores, nace en el a\u00f1o 2010 con el objetivo de aportar una alternativa real al modelo de ense\u00f1anza tradicional con el que formar personas m\u00e1s responsables, que dirijan proyectos con un Esp\u00edritu Emprendedor desde la Innovaci\u00f3n, la \u00c9tica y la Sostenibilidad.<\/p>","protected":false},"excerpt":{"rendered":"","protected":false},"author":5,"featured_media":0,"comment_status":"open","ping_status":"open","sticky":false,"template":"","format":"standard","meta":{"footnotes":""},"categories":[8],"tags":[],"class_list":["post-2857","post","type-post","status-publish","format-standard","hentry","category-notas-de-prensa"],"yoast_head":"<!-- This site is optimized with the Yoast SEO Premium plugin v23.9 (Yoast SEO v24.6) - https:\/\/yoast.com\/wordpress\/plugins\/seo\/ -->\n<title>Se alarga el plazo de inscripci\u00f3n al Concurso de Emprendedores de IEBS<\/title>\n<meta name=\"description\" content=\"La escuela de negocios IEBS alarga la convocatoria de inscripci\u00f3n al Concurso Emprendedores de IEBS, con el que busca premiar el talento y la innovaci\u00f3n de j\u00f3venes emprendedores. Si bien el plazo terminaba a finales de agosto, ahora los participantes podr\u00e1n inscribirse hasta el 15 de septiembre.\" \/>\n<meta name=\"robots\" content=\"index, follow, max-snippet:-1, max-image-preview:large, max-video-preview:-1\" \/>\n<link rel=\"canonical\" href=\"https:\/\/www.iebschool.com\/saladeprensa\/2015\/08\/25\/se-alarga-el-plazo-de-inscripcion-al-concurso-de-emprendedores-de-iebs\/\" \/>\n<meta property=\"og:locale\" content=\"es_ES\" \/>\n<meta property=\"og:type\" content=\"article\" \/>\n<meta property=\"og:title\" content=\"Se alarga el plazo de inscripci\u00f3n al Concurso de Emprendedores de IEBS\" \/>\n<meta property=\"og:description\" content=\"La escuela de negocios IEBS alarga la convocatoria de inscripci\u00f3n al Concurso Emprendedores de IEBS, con el que busca premiar el talento y la innovaci\u00f3n de j\u00f3venes emprendedores. Si bien el plazo terminaba a finales de agosto, ahora los participantes podr\u00e1n inscribirse hasta el 15 de septiembre.\" \/>\n<meta property=\"og:url\" content=\"https:\/\/www.iebschool.com\/saladeprensa\/2015\/08\/25\/se-alarga-el-plazo-de-inscripcion-al-concurso-de-emprendedores-de-iebs\/\" \/>\n<meta property=\"og:site_name\" content=\"Sala de Prensa\" \/>\n<meta property=\"article:published_time\" content=\"2015-08-25T07:07:53+00:00\" \/>\n<meta name=\"author\" content=\"Helena Rengel\" \/>\n<meta name=\"twitter:card\" content=\"summary_large_image\" \/>\n<meta name=\"twitter:label1\" content=\"Escrito por\" \/>\n\t<meta name=\"twitter:data1\" content=\"Helena Rengel\" \/>\n\t<meta name=\"twitter:label2\" content=\"Tiempo de lectura\" \/>\n\t<meta name=\"twitter:data2\" content=\"2 minutos\" \/>\n<script type=\"application\/ld+json\" class=\"yoast-schema-graph\">{\"@context\":\"https:\/\/schema.org\",\"@graph\":[{\"@type\":\"Article\",\"@id\":\"https:\/\/www.iebschool.com\/saladeprensa\/2015\/08\/25\/se-alarga-el-plazo-de-inscripcion-al-concurso-de-emprendedores-de-iebs\/#article\",\"isPartOf\":{\"@id\":\"https:\/\/www.iebschool.com\/saladeprensa\/2015\/08\/25\/se-alarga-el-plazo-de-inscripcion-al-concurso-de-emprendedores-de-iebs\/\"},\"author\":{\"name\":\"Helena Rengel\",\"@id\":\"https:\/\/www.iebschool.com\/saladeprensa\/#\/schema\/person\/4e37795e61afec781e763d9c6044229b\"},\"headline\":\"Se alarga el plazo de inscripci\u00f3n al Concurso de Emprendedores de IEBS\",\"datePublished\":\"2015-08-25T07:07:53+00:00\",\"mainEntityOfPage\":{\"@id\":\"https:\/\/www.iebschool.com\/saladeprensa\/2015\/08\/25\/se-alarga-el-plazo-de-inscripcion-al-concurso-de-emprendedores-de-iebs\/\"},\"wordCount\":482,\"commentCount\":0,\"publisher\":{\"@id\":\"https:\/\/www.iebschool.com\/saladeprensa\/#organization\"},\"articleSection\":[\"Notas de Prensa\"],\"inLanguage\":\"es\",\"potentialAction\":[{\"@type\":\"CommentAction\",\"name\":\"Comment\",\"target\":[\"https:\/\/www.iebschool.com\/saladeprensa\/2015\/08\/25\/se-alarga-el-plazo-de-inscripcion-al-concurso-de-emprendedores-de-iebs\/#respond\"]}]},{\"@type\":\"WebPage\",\"@id\":\"https:\/\/www.iebschool.com\/saladeprensa\/2015\/08\/25\/se-alarga-el-plazo-de-inscripcion-al-concurso-de-emprendedores-de-iebs\/\",\"url\":\"https:\/\/www.iebschool.com\/saladeprensa\/2015\/08\/25\/se-alarga-el-plazo-de-inscripcion-al-concurso-de-emprendedores-de-iebs\/\",\"name\":\"Se alarga el plazo de inscripci\u00f3n al Concurso de Emprendedores de IEBS\",\"isPartOf\":{\"@id\":\"https:\/\/www.iebschool.com\/saladeprensa\/#website\"},\"datePublished\":\"2015-08-25T07:07:53+00:00\",\"description\":\"La escuela de negocios IEBS alarga la convocatoria de inscripci\u00f3n al Concurso Emprendedores de IEBS, con el que busca premiar el talento y la innovaci\u00f3n de j\u00f3venes emprendedores. Si bien el plazo terminaba a finales de agosto, ahora los participantes podr\u00e1n inscribirse hasta el 15 de septiembre.\",\"breadcrumb\":{\"@id\":\"https:\/\/www.iebschool.com\/saladeprensa\/2015\/08\/25\/se-alarga-el-plazo-de-inscripcion-al-concurso-de-emprendedores-de-iebs\/#breadcrumb\"},\"inLanguage\":\"es\",\"potentialAction\":[{\"@type\":\"ReadAction\",\"target\":[\"https:\/\/www.iebschool.com\/saladeprensa\/2015\/08\/25\/se-alarga-el-plazo-de-inscripcion-al-concurso-de-emprendedores-de-iebs\/\"]}]},{\"@type\":\"BreadcrumbList\",\"@id\":\"https:\/\/www.iebschool.com\/saladeprensa\/2015\/08\/25\/se-alarga-el-plazo-de-inscripcion-al-concurso-de-emprendedores-de-iebs\/#breadcrumb\",\"itemListElement\":[{\"@type\":\"ListItem\",\"position\":1,\"name\":\"Portada\",\"item\":\"https:\/\/www.iebschool.com\/saladeprensa\/\"},{\"@type\":\"ListItem\",\"position\":2,\"name\":\"Se alarga el plazo de inscripci\u00f3n al Concurso de Emprendedores de IEBS\"}]},{\"@type\":\"WebSite\",\"@id\":\"https:\/\/www.iebschool.com\/saladeprensa\/#website\",\"url\":\"https:\/\/www.iebschool.com\/saladeprensa\/\",\"name\":\"Sala de Prensa\",\"description\":\"IEBS\",\"publisher\":{\"@id\":\"https:\/\/www.iebschool.com\/saladeprensa\/#organization\"},\"potentialAction\":[{\"@type\":\"SearchAction\",\"target\":{\"@type\":\"EntryPoint\",\"urlTemplate\":\"https:\/\/www.iebschool.com\/saladeprensa\/?s={search_term_string}\"},\"query-input\":{\"@type\":\"PropertyValueSpecification\",\"valueRequired\":true,\"valueName\":\"search_term_string\"}}],\"inLanguage\":\"es\"},{\"@type\":\"Organization\",\"@id\":\"https:\/\/www.iebschool.com\/saladeprensa\/#organization\",\"name\":\"Sala de Prensa\",\"url\":\"https:\/\/www.iebschool.com\/saladeprensa\/\",\"logo\":{\"@type\":\"ImageObject\",\"inLanguage\":\"es\",\"@id\":\"https:\/\/www.iebschool.com\/saladeprensa\/#\/schema\/logo\/image\/\",\"url\":\"https:\/\/www.iebschool.com\/saladeprensa\/wp-content\/uploads\/2026\/02\/IEBS_Logo_BusinessSchool_1_Hor_Violeta-scaled.png\",\"contentUrl\":\"https:\/\/www.iebschool.com\/saladeprensa\/wp-content\/uploads\/2026\/02\/IEBS_Logo_BusinessSchool_1_Hor_Violeta-scaled.png\",\"width\":2560,\"height\":374,\"caption\":\"Sala de Prensa\"},\"image\":{\"@id\":\"https:\/\/www.iebschool.com\/saladeprensa\/#\/schema\/logo\/image\/\"}},{\"@type\":\"Person\",\"@id\":\"https:\/\/www.iebschool.com\/saladeprensa\/#\/schema\/person\/4e37795e61afec781e763d9c6044229b\",\"name\":\"Helena Rengel\",\"image\":{\"@type\":\"ImageObject\",\"inLanguage\":\"es\",\"@id\":\"https:\/\/www.iebschool.com\/saladeprensa\/#\/schema\/person\/image\/\",\"url\":\"https:\/\/secure.gravatar.com\/avatar\/c76a402d49e5378cb8df395b267df14695c634009e89eff37a723561a4c44af7?s=96&d=mm&r=g\",\"contentUrl\":\"https:\/\/secure.gravatar.com\/avatar\/c76a402d49e5378cb8df395b267df14695c634009e89eff37a723561a4c44af7?s=96&d=mm&r=g\",\"caption\":\"Helena Rengel\"},\"url\":\"https:\/\/www.iebschool.com\/saladeprensa\/author\/comunicacioniebschool-com\/\"}]}<\/script>\n<!-- \/ Yoast SEO Premium plugin. -->","yoast_head_json":{"title":"Se alarga el plazo de inscripci\u00f3n al Concurso de Emprendedores de IEBS","description":"La escuela de negocios IEBS alarga la convocatoria de inscripci\u00f3n al Concurso Emprendedores de IEBS, con el que busca premiar el talento y la innovaci\u00f3n de j\u00f3venes emprendedores. Si bien el plazo terminaba a finales de agosto, ahora los participantes podr\u00e1n inscribirse hasta el 15 de septiembre.","robots":{"index":"index","follow":"follow","max-snippet":"max-snippet:-1","max-image-preview":"max-image-preview:large","max-video-preview":"max-video-preview:-1"},"canonical":"https:\/\/www.iebschool.com\/saladeprensa\/2015\/08\/25\/se-alarga-el-plazo-de-inscripcion-al-concurso-de-emprendedores-de-iebs\/","og_locale":"es_ES","og_type":"article","og_title":"Se alarga el plazo de inscripci\u00f3n al Concurso de Emprendedores de IEBS","og_description":"La escuela de negocios IEBS alarga la convocatoria de inscripci\u00f3n al Concurso Emprendedores de IEBS, con el que busca premiar el talento y la innovaci\u00f3n de j\u00f3venes emprendedores. Si bien el plazo terminaba a finales de agosto, ahora los participantes podr\u00e1n inscribirse hasta el 15 de septiembre.","og_url":"https:\/\/www.iebschool.com\/saladeprensa\/2015\/08\/25\/se-alarga-el-plazo-de-inscripcion-al-concurso-de-emprendedores-de-iebs\/","og_site_name":"Sala de Prensa","article_published_time":"2015-08-25T07:07:53+00:00","author":"Helena Rengel","twitter_card":"summary_large_image","twitter_misc":{"Escrito por":"Helena Rengel","Tiempo de lectura":"2 minutos"},"schema":{"@context":"https:\/\/schema.org","@graph":[{"@type":"Article","@id":"https:\/\/www.iebschool.com\/saladeprensa\/2015\/08\/25\/se-alarga-el-plazo-de-inscripcion-al-concurso-de-emprendedores-de-iebs\/#article","isPartOf":{"@id":"https:\/\/www.iebschool.com\/saladeprensa\/2015\/08\/25\/se-alarga-el-plazo-de-inscripcion-al-concurso-de-emprendedores-de-iebs\/"},"author":{"name":"Helena Rengel","@id":"https:\/\/www.iebschool.com\/saladeprensa\/#\/schema\/person\/4e37795e61afec781e763d9c6044229b"},"headline":"Se alarga el plazo de inscripci\u00f3n al Concurso de Emprendedores de IEBS","datePublished":"2015-08-25T07:07:53+00:00","mainEntityOfPage":{"@id":"https:\/\/www.iebschool.com\/saladeprensa\/2015\/08\/25\/se-alarga-el-plazo-de-inscripcion-al-concurso-de-emprendedores-de-iebs\/"},"wordCount":482,"commentCount":0,"publisher":{"@id":"https:\/\/www.iebschool.com\/saladeprensa\/#organization"},"articleSection":["Notas de Prensa"],"inLanguage":"es","potentialAction":[{"@type":"CommentAction","name":"Comment","target":["https:\/\/www.iebschool.com\/saladeprensa\/2015\/08\/25\/se-alarga-el-plazo-de-inscripcion-al-concurso-de-emprendedores-de-iebs\/#respond"]}]},{"@type":"WebPage","@id":"https:\/\/www.iebschool.com\/saladeprensa\/2015\/08\/25\/se-alarga-el-plazo-de-inscripcion-al-concurso-de-emprendedores-de-iebs\/","url":"https:\/\/www.iebschool.com\/saladeprensa\/2015\/08\/25\/se-alarga-el-plazo-de-inscripcion-al-concurso-de-emprendedores-de-iebs\/","name":"Se alarga el plazo de inscripci\u00f3n al Concurso de Emprendedores de IEBS","isPartOf":{"@id":"https:\/\/www.iebschool.com\/saladeprensa\/#website"},"datePublished":"2015-08-25T07:07:53+00:00","description":"La escuela de negocios IEBS alarga la convocatoria de inscripci\u00f3n al Concurso Emprendedores de IEBS, con el que busca premiar el talento y la innovaci\u00f3n de j\u00f3venes emprendedores. Si bien el plazo terminaba a finales de agosto, ahora los participantes podr\u00e1n inscribirse hasta el 15 de septiembre.","breadcrumb":{"@id":"https:\/\/www.iebschool.com\/saladeprensa\/2015\/08\/25\/se-alarga-el-plazo-de-inscripcion-al-concurso-de-emprendedores-de-iebs\/#breadcrumb"},"inLanguage":"es","potentialAction":[{"@type":"ReadAction","target":["https:\/\/www.iebschool.com\/saladeprensa\/2015\/08\/25\/se-alarga-el-plazo-de-inscripcion-al-concurso-de-emprendedores-de-iebs\/"]}]},{"@type":"BreadcrumbList","@id":"https:\/\/www.iebschool.com\/saladeprensa\/2015\/08\/25\/se-alarga-el-plazo-de-inscripcion-al-concurso-de-emprendedores-de-iebs\/#breadcrumb","itemListElement":[{"@type":"ListItem","position":1,"name":"Portada","item":"https:\/\/www.iebschool.com\/saladeprensa\/"},{"@type":"ListItem","position":2,"name":"Se alarga el plazo de inscripci\u00f3n al Concurso de Emprendedores de IEBS"}]},{"@type":"WebSite","@id":"https:\/\/www.iebschool.com\/saladeprensa\/#website","url":"https:\/\/www.iebschool.com\/saladeprensa\/","name":"Sala de Prensa","description":"IEBS","publisher":{"@id":"https:\/\/www.iebschool.com\/saladeprensa\/#organization"},"potentialAction":[{"@type":"SearchAction","target":{"@type":"EntryPoint","urlTemplate":"https:\/\/www.iebschool.com\/saladeprensa\/?s={search_term_string}"},"query-input":{"@type":"PropertyValueSpecification","valueRequired":true,"valueName":"search_term_string"}}],"inLanguage":"es"},{"@type":"Organization","@id":"https:\/\/www.iebschool.com\/saladeprensa\/#organization","name":"Sala de Prensa","url":"https:\/\/www.iebschool.com\/saladeprensa\/","logo":{"@type":"ImageObject","inLanguage":"es","@id":"https:\/\/www.iebschool.com\/saladeprensa\/#\/schema\/logo\/image\/","url":"https:\/\/www.iebschool.com\/saladeprensa\/wp-content\/uploads\/2026\/02\/IEBS_Logo_BusinessSchool_1_Hor_Violeta-scaled.png","contentUrl":"https:\/\/www.iebschool.com\/saladeprensa\/wp-content\/uploads\/2026\/02\/IEBS_Logo_BusinessSchool_1_Hor_Violeta-scaled.png","width":2560,"height":374,"caption":"Sala de Prensa"},"image":{"@id":"https:\/\/www.iebschool.com\/saladeprensa\/#\/schema\/logo\/image\/"}},{"@type":"Person","@id":"https:\/\/www.iebschool.com\/saladeprensa\/#\/schema\/person\/4e37795e61afec781e763d9c6044229b","name":"Helena Rengel","image":{"@type":"ImageObject","inLanguage":"es","@id":"https:\/\/www.iebschool.com\/saladeprensa\/#\/schema\/person\/image\/","url":"https:\/\/secure.gravatar.com\/avatar\/c76a402d49e5378cb8df395b267df14695c634009e89eff37a723561a4c44af7?s=96&d=mm&r=g","contentUrl":"https:\/\/secure.gravatar.com\/avatar\/c76a402d49e5378cb8df395b267df14695c634009e89eff37a723561a4c44af7?s=96&d=mm&r=g","caption":"Helena Rengel"},"url":"https:\/\/www.iebschool.com\/saladeprensa\/author\/comunicacioniebschool-com\/"}]}},"image_thumbnail":"https:\/\/www.iebschool.com\/saladeprensa\/wp-includes\/images\/media\/default.svg","image_full":"https:\/\/www.iebschool.com\/saladeprensa\/wp-includes\/images\/media\/default.svg","categoria":{"nombre":"Notas de Prensa","slug":"category\/notas-de-prensa"},"_links":{"self":[{"href":"https:\/\/www.iebschool.com\/saladeprensa\/wp-json\/wp\/v2\/posts\/2857","targetHints":{"allow":["GET"]}}],"collection":[{"href":"https:\/\/www.iebschool.com\/saladeprensa\/wp-json\/wp\/v2\/posts"}],"about":[{"href":"https:\/\/www.iebschool.com\/saladeprensa\/wp-json\/wp\/v2\/types\/post"}],"author":[{"embeddable":true,"href":"https:\/\/www.iebschool.com\/saladeprensa\/wp-json\/wp\/v2\/users\/5"}],"replies":[{"embeddable":true,"href":"https:\/\/www.iebschool.com\/saladeprensa\/wp-json\/wp\/v2\/comments?post=2857"}],"version-history":[{"count":0,"href":"https:\/\/www.iebschool.com\/saladeprensa\/wp-json\/wp\/v2\/posts\/2857\/revisions"}],"wp:attachment":[{"href":"https:\/\/www.iebschool.com\/saladeprensa\/wp-json\/wp\/v2\/media?parent=2857"}],"wp:term":[{"taxonomy":"category","embeddable":true,"href":"https:\/\/www.iebschool.com\/saladeprensa\/wp-json\/wp\/v2\/categories?post=2857"},{"taxonomy":"post_tag","embeddable":true,"href":"https:\/\/www.iebschool.com\/saladeprensa\/wp-json\/wp\/v2\/tags?post=2857"}],"curies":[{"name":"wp","href":"https:\/\/api.w.org\/{rel}","templated":true}]}}