{"id":3014,"date":"2016-07-06T11:39:33","date_gmt":"2016-07-06T09:39:33","guid":{"rendered":"http:\/\/comunidad.iebschool.com\/saladeprensa\/?p=3014"},"modified":"2025-03-04T17:13:18","modified_gmt":"2025-03-04T17:13:18","slug":"open-iebs-big-data-formacion","status":"publish","type":"post","link":"https:\/\/www.iebschool.com\/saladeprensa\/2016\/07\/06\/open-iebs-big-data-formacion\/","title":{"rendered":"Clipping OPEN IEBS BIG DATA &#8211; Medios Digitales"},"content":{"rendered":"<h2>IEBS reinventa la formaci\u00f3n con el Aprendizaje Adaptativo gracias al Big Data -\u00a0<em>OPEN IEBS BIG DATA<\/em><\/h2>\n<ul>\n \t<li><b>EL ECONOMISTA<\/b>\n<ul>\n \t<li><strong>Tema <\/strong><em><u>Nota de prensa OPEN IEBS BIG DATA<\/u><\/em><\/li>\n \t<li>Fecha de publicaci\u00f3n <strong><em>25 de mayo<\/em><\/strong><\/li>\n \t<li>Secci\u00f3n <strong><em>formaci\u00f3n<\/em><\/strong><\/li>\n \t<li><strong><em>Link a la noticia<\/em><\/strong><\/li>\n<\/ul>\n<\/li>\n \t<li><strong>REVISTA EMPRENDEDORES<\/strong>\n<ul>\n \t<li><strong>Tema <\/strong><em><u>Nota de prensa OPEN IEBS BIG DATA<\/u><\/em><\/li>\n \t<li>Fecha de publicaci\u00f3n <strong><em>25 de mayo<\/em><\/strong><\/li>\n \t<li>Secci\u00f3n <strong><em>formaci\u00f3n<\/em><\/strong><\/li>\n \t<li><strong><em><a href=\"http:\/\/www.emprendedores.es\/noticias-de-empresa\/nuevo-canal-formacion-iebs\">Link a la noticia<\/a><\/em><\/strong><\/li>\n<\/ul>\n<\/li>\n<\/ul>\n<ul>\n \t<li><strong>RRHH DIGITAL<\/strong>\n<ul>\n \t<li><strong>Tema <\/strong><em><u>Nota de prensa OPEN IEBS BIG DATA<\/u><\/em><\/li>\n \t<li>Fecha de publicaci\u00f3n <strong><em>29 de mayo<\/em><\/strong><\/li>\n \t<li>Secci\u00f3n <strong><em>formaci\u00f3n<\/em><\/strong><\/li>\n \t<li><strong><em><a href=\"http:\/\/www.rrhhdigital.com\/secciones\/formacion\/117712\/IEBS-reinventa-la-formacion-con-el-Aprendizaje-Adaptativo-gracias-al-Big-Data\">Link a la noticia<\/a><\/em><\/strong><\/li>\n<\/ul>\n<\/li>\n<\/ul>\n<ul>\n \t<li><strong>AMERICA ECON\u00d3MIA<\/strong>\n<ul>\n \t<li><strong>Tema <\/strong><em><u>Nota de prensa OPEN IEBS BIG DATA<\/u><\/em><\/li>\n \t<li>Fecha de publicaci\u00f3n <strong><em>26 de mayo<\/em><\/strong><\/li>\n \t<li>Secci\u00f3n \u00a0<strong><em>educaci\u00f3n<\/em><\/strong><\/li>\n \t<li><strong><em>Link a la noticia<\/em><\/strong><\/li>\n<\/ul>\n<\/li>\n<\/ul>\n<ul>\n \t<li><strong>MARKETING4ECOMMERCE<\/strong>\n<ul>\n \t<li><strong>Tema <\/strong><em><u>Nota de prensa OPEN IEBS BIG DATA<\/u><\/em><\/li>\n \t<li>Fecha de publicaci\u00f3n <strong><em>13 de mayo<\/em><\/strong><\/li>\n \t<li>Secci\u00f3n <strong><em>marketing<\/em><\/strong><\/li>\n \t<li><strong><em><a href=\"http:\/\/marketing4ecommerce.net\/iebs-aprendizaje-adaptativo\/\">Link a la noticia<\/a><\/em><\/strong><\/li>\n<\/ul>\n<\/li>\n<\/ul>\n<ul>\n \t<li><strong>CANAL MARKETING<\/strong>\n<ul>\n \t<li><strong>Tema <\/strong><em><u>Nota de prensa OPEN IEBS BIG DATA<\/u><\/em><\/li>\n \t<li>Fecha de publicaci\u00f3n <strong><em>30 de junio<\/em><\/strong><\/li>\n \t<li>Secci\u00f3n <strong><em>marketing directo<\/em><\/strong><\/li>\n \t<li><strong><em><a href=\"https:\/\/canalmarketing.wordpress.com\/2016\/05\/30\/marketing-iebs-reinventa-la-formacion-con-el-aprendizaje-adaptativo-gracias-al-big-data\/\">Link a la noticia<\/a><\/em><\/strong><\/li>\n<\/ul>\n<\/li>\n<\/ul>\n<ul>\n \t<li><strong>MARKETING DIRECTO<\/strong>\n<ul>\n \t<li><strong>Tema <\/strong><em><u>Nota de prensa OPEN IEBS BIG DATA<\/u><\/em><\/li>\n \t<li>Fecha de publicaci\u00f3n <strong><em>30 de mayo<\/em><\/strong><\/li>\n \t<li>Secci\u00f3n <strong><em>eventos y formaci\u00f3n<\/em><\/strong><\/li>\n \t<li><strong><em><a href=\"http:\/\/www.marketingdirecto.com\/marketing-general\/eventos-y-formacion\/iebs-reinventa-la-formacion-aprendizaje-adaptativo-gracias-al-big-data\/\">Link a la noticia<\/a><\/em><\/strong><\/li>\n<\/ul>\n<\/li>\n<\/ul>\n<ul>\n \t<li><strong>THE EMAGAZINE<\/strong>\n<ul>\n \t<li><strong>Tema <\/strong><em><u>Nota de prensa OPEN IEBS BIG DATA<\/u><\/em><\/li>\n \t<li>Fecha de publicaci\u00f3n <strong><em>3 de junio<\/em><\/strong><\/li>\n \t<li>Secci\u00f3n <strong><em>tendencias<\/em><\/strong><\/li>\n \t<li><strong><em>Link a la noticia<\/em><\/strong><\/li>\n<\/ul>\n<\/li>\n<\/ul>\n<ul>\n \t<li><strong>EQUIPOS &amp; TALENTO<\/strong>\n<ul>\n \t<li><strong>Tema <\/strong><em><u>Nota de prensa OPEN IEBS BIG DATA<\/u><\/em><\/li>\n \t<li>Fecha de publicaci\u00f3n <strong><em>2 de junio<\/em><\/strong><\/li>\n \t<li>Secci\u00f3n <strong><em>actualidad<\/em><\/strong><\/li>\n \t<li><strong><em><a href=\"http:\/\/www.equiposytalento.com\/talentstreet\/noticias\/iebs-reinventa-la-formacion-con-el-aprendizaje-adaptativo-gracias-al-big-data\/673\/\">Link a la noticia<\/a><\/em><\/strong><\/li>\n<\/ul>\n<\/li>\n<\/ul>\n<ul>\n \t<li><strong>COM<\/strong>\n<ul>\n \t<li><strong>Tema <\/strong><em><u>Nota de prensa OPEN IEBS BIG DATA<\/u><\/em><\/li>\n \t<li>Fecha de publicaci\u00f3n <strong><em>3 de junio<\/em><\/strong><\/li>\n \t<li>Secci\u00f3n <strong><em>notas de prensa<\/em><\/strong><\/li>\n \t<li><strong><em>Link a la noticia<\/em><\/strong><\/li>\n<\/ul>\n<\/li>\n<\/ul>\n<ul>\n \t<li><strong>AGENCIAS DE COMUNICACI\u00d3N.ORG<\/strong>\n<ul>\n \t<li><strong>Tema <\/strong><em><u>Nota de prensa OPEN IEBS BIG DATA<\/u><\/em><\/li>\n \t<li>Fecha de publicaci\u00f3n <strong><em>3 de junio<\/em><\/strong><\/li>\n \t<li>Secci\u00f3n <strong><em>blog de comunicaci\u00f3n<\/em><\/strong><\/li>\n \t<li><strong><em><a href=\"http:\/\/www.agenciasdecomunicacion.org\/comunicados-de-prensa\/iebs-reinventa-la-formacion-con-el-aprendizaje-adaptativo-gracias-al-big-data.html\">Link a la noticia<\/a><\/em><\/strong><\/li>\n<\/ul>\n<\/li>\n<\/ul>\n<ul>\n \t<li><strong>ASTURIAS &amp; BUSINESS<\/strong>\n<ul>\n \t<li><strong>Tema <\/strong><em><u>Nota de prensa OPEN IEBS BIG DATA<\/u><\/em><\/li>\n \t<li>Fecha de publicaci\u00f3n <strong><em>3 de junio<\/em><\/strong><\/li>\n \t<li>Secci\u00f3n <strong><em>escuelas de negocios<\/em><\/strong><\/li>\n \t<li><strong><em>Link a la noticia<\/em><\/strong><\/li>\n<\/ul>\n<\/li>\n<\/ul>\n<ul>\n \t<li><strong>BARCELONA &amp; BUSINESS<\/strong>\n<ul>\n \t<li><strong>Tema <\/strong><em><u>Nota de prensa OPEN IEBS BIG DATA<\/u><\/em><\/li>\n \t<li>Fecha de publicaci\u00f3n <strong><em>3 de junio<\/em><\/strong><\/li>\n \t<li>Secci\u00f3n <strong><em>escuelas de negocios<\/em><\/strong><\/li>\n \t<li><strong><em>Link a la noticia<\/em><\/strong><\/li>\n<\/ul>\n<\/li>\n<\/ul>\n<ul>\n \t<li><strong>COMUNICADO-PRENSA.COM<\/strong>\n<ul>\n \t<li><strong>Tema <\/strong><em><u>Nota de prensa OPEN IEBS BIG DATA<\/u><\/em><\/li>\n \t<li>Fecha de publicaci\u00f3n <strong><em>3 de junio<\/em><\/strong><\/li>\n \t<li>Secci\u00f3n <strong><em>actualidad<\/em><\/strong><\/li>\n \t<li><strong><em>Link a la noticia<\/em><\/strong><\/li>\n<\/ul>\n<\/li>\n<\/ul>\n<ul>\n \t<li><strong>COM<\/strong>\n<ul>\n \t<li><strong>Tema <\/strong><em><u>Nota de prensa OPEN IEBS BIG DATA<\/u><\/em><\/li>\n \t<li>Fecha de publicaci\u00f3n <strong><em>3 de junio<\/em><\/strong><\/li>\n \t<li>Secci\u00f3n <strong><em>negocios<\/em><\/strong><\/li>\n \t<li><strong><em>Link a la noticia<\/em><\/strong><\/li>\n<\/ul>\n<\/li>\n<\/ul>\n<ul>\n \t<li><strong>INFOPERIODISTAS<\/strong>\n<ul>\n \t<li><strong>Tema <\/strong><em><u>Nota de prensa OPEN IEBS BIG DATA<\/u><\/em><\/li>\n \t<li>Fecha de publicaci\u00f3n <strong><em>3 de junio<\/em><\/strong><\/li>\n \t<li>Secci\u00f3n <strong><em>notas de prensa<\/em><\/strong><\/li>\n \t<li><strong><em><a href=\"http:\/\/www.infoperiodistas.info\/notadeprensa\/20911\/IEBS-reinventa-la-formacion-con-el-Aprendizaje-Adaptativo-gracias-al-Big-Data\">Link a la noticia<\/a><\/em><\/strong><\/li>\n<\/ul>\n<\/li>\n<\/ul>\n<ul>\n \t<li><strong>COM<\/strong>\n<ul>\n \t<li><strong>Tema <\/strong><em><u>Nota de prensa OPEN IEBS BIG DATA<\/u><\/em><\/li>\n \t<li>Fecha de publicaci\u00f3n <strong><em>3 de junio<\/em><\/strong><\/li>\n \t<li>Secci\u00f3n <strong><em>emprendedores <\/em><\/strong><\/li>\n \t<li><strong><em>Link a la noticia<\/em><\/strong><\/li>\n<\/ul>\n<\/li>\n<\/ul>\n<ul>\n \t<li><strong>COM<\/strong>\n<ul>\n \t<li><strong>Tema <\/strong><em><u>Nota de prensa OPEN IEBS BIG DATA<\/u><\/em><\/li>\n \t<li>Fecha de publicaci\u00f3n <strong><em>3 de junio<\/em><\/strong><\/li>\n \t<li>Secci\u00f3n <strong><em>tecnolog\u00eda<\/em><\/strong><\/li>\n \t<li><strong><em>Link a la noticia<\/em><\/strong><\/li>\n<\/ul>\n<\/li>\n<\/ul>\n<ul>\n \t<li><strong>MADRID &amp; BUSINESS<\/strong>\n<ul>\n \t<li><strong>Tema <\/strong><em><u>Nota de prensa OPEN IEBS BIG DATA<\/u><\/em><\/li>\n \t<li>Fecha de publicaci\u00f3n <strong><em>3 de junio<\/em><\/strong><\/li>\n \t<li>Secci\u00f3n <strong><em>escuelas de negocios<\/em><\/strong><\/li>\n \t<li><strong><em><a href=\"http:\/\/madridbusiness.es\/iebs-reinventa-la-formacion-con-el-aprendizaje-adaptativo-gracias-al-big-data\/\">Link a la noticia<\/a><\/em><\/strong><\/li>\n<\/ul>\n<\/li>\n<\/ul>\n<ul>\n \t<li><strong>PRO<\/strong>\n<ul>\n \t<li><strong>Tema <\/strong><em><u>Nota de prensa OPEN IEBS BIG DATA<\/u><\/em><\/li>\n \t<li>Fecha de publicaci\u00f3n <strong><em>3 de junio<\/em><\/strong><\/li>\n \t<li>Secci\u00f3n <strong><em>noticias de econom\u00eda &gt; empleo y formaci\u00f3n<\/em><\/strong><\/li>\n \t<li><strong><em>Link a la noticia<\/em><\/strong><\/li>\n<\/ul>\n<\/li>\n<\/ul>\n<ul>\n \t<li><strong>NET<\/strong>\n<ul>\n \t<li><strong>Tema <\/strong><em><u>Nota de prensa OPEN IEBS BIG DATA<\/u><\/em><\/li>\n \t<li>Fecha de publicaci\u00f3n <strong><em>3 de junio<\/em><\/strong><\/li>\n \t<li>Secci\u00f3n <strong><em>formaci\u00f3n<\/em><\/strong><\/li>\n \t<li><strong><em>Link a la noticia<\/em><\/strong><\/li>\n<\/ul>\n<\/li>\n<\/ul>\n<ul>\n \t<li><strong>NOTICIAS PRESS<\/strong>\n<ul>\n \t<li><strong>Tema <\/strong><em><u>Nota de prensa OPEN IEBS BIG DATA<\/u><\/em><\/li>\n \t<li>Fecha de publicaci\u00f3n <strong><em>3 de junio<\/em><\/strong><\/li>\n \t<li>Secci\u00f3n <strong><em>notas de prensa<\/em><\/strong><\/li>\n \t<li><strong><em>Link a la noticia<\/em><\/strong><\/li>\n<\/ul>\n<\/li>\n<\/ul>\n<strong>\u00a0<\/strong>\n<ul>\n \t<li><strong>COM<\/strong>\n<ul>\n \t<li><strong>Tema <\/strong><em><u>Nota de prensa OPEN IEBS BIG DATA<\/u><\/em><\/li>\n \t<li>Fecha de publicaci\u00f3n <strong><em>3 de junio<\/em><\/strong><\/li>\n \t<li>Secci\u00f3n <strong><em>econom\u00eda y negocios &gt; formaci\u00f3n<\/em><\/strong><\/li>\n \t<li><strong><em>Link a la noticia<\/em><\/strong><\/li>\n<\/ul>\n<\/li>\n<\/ul>\n<strong>\u00a0<\/strong><strong>\u00a0<\/strong>\n<ul>\n \t<li><strong>TUS MEDIOS<\/strong>\n<ul>\n \t<li><strong>Tema <\/strong><em><u>Nota de prensa OPEN IEBS BIG DATA<\/u><\/em><\/li>\n \t<li>Fecha de publicaci\u00f3n <strong><em>3 de junio<\/em><\/strong><\/li>\n \t<li>Secci\u00f3n <strong><em>cultura &gt; educaci\u00f3n<\/em><\/strong><\/li>\n \t<li><strong><em>Link a la noticia<\/em><\/strong><\/li>\n<\/ul>\n<\/li>\n<\/ul>\n<strong>\u00a0<\/strong>\n<ul>\n \t<li><strong>VALENCIA &amp; BUSINESS<\/strong>\n<ul>\n \t<li><strong>Tema <\/strong><em><u>Nota de prensa OPEN IEBS BIG DATA<\/u><\/em><\/li>\n \t<li>Fecha de publicaci\u00f3n <strong><em>3 de junio<\/em><\/strong><\/li>\n \t<li>Secci\u00f3n <strong><em>escuelas de negocios<\/em><\/strong><\/li>\n \t<li><strong><em><a href=\"http:\/\/valencia-business.es\/2016\/06\/03\/iebs-reinventa-la-formacion-con-el-aprendizaje-adaptativo-gracias-al-big-data\/\">Link a la noticia<\/a><\/em><\/strong><\/li>\n<\/ul>\n<\/li>\n<\/ul>\n<strong>\u00a0<\/strong>\n<ul>\n \t<li><strong>COM<\/strong>\n<ul>\n \t<li><strong>Tema <\/strong><em><u>Nota de prensa OPEN IEBS BIG DATA<\/u><\/em><\/li>\n \t<li>Fecha de publicaci\u00f3n <strong><em>3 de junio<\/em><\/strong><\/li>\n \t<li>Secci\u00f3n <strong><em>negocios y econom\u00eda<\/em><\/strong><\/li>\n \t<li><strong><em>Link a la noticia<\/em><\/strong><\/li>\n<\/ul>\n<\/li>\n<\/ul>\n<strong>\u00a0<\/strong>","protected":false},"excerpt":{"rendered":"","protected":false},"author":15,"featured_media":0,"comment_status":"open","ping_status":"open","sticky":false,"template":"","format":"standard","meta":{"footnotes":""},"categories":[7],"tags":[],"class_list":["post-3014","post","type-post","status-publish","format-standard","hentry","category-iebs-en-los-medios"],"yoast_head":"<!-- This site is optimized with the Yoast SEO Premium plugin v23.9 (Yoast SEO v24.6) - https:\/\/yoast.com\/wordpress\/plugins\/seo\/ -->\n<title>Clipping OPEN IEBS BIG DATA - Medios Digitales - Sala de Prensa<\/title>\n<meta name=\"description\" content=\"Publicaciones del nuevo canal de formaci\u00f3n adaptativo de Open IEBS en medios digitales. Entra para ver en donde aparecemos.\" \/>\n<meta name=\"robots\" content=\"index, follow, max-snippet:-1, max-image-preview:large, max-video-preview:-1\" \/>\n<link rel=\"canonical\" href=\"https:\/\/www.iebschool.com\/saladeprensa\/2016\/07\/06\/open-iebs-big-data-formacion\/\" \/>\n<meta property=\"og:locale\" content=\"es_ES\" \/>\n<meta property=\"og:type\" content=\"article\" \/>\n<meta property=\"og:title\" content=\"Clipping OPEN IEBS BIG DATA - Medios Digitales\" \/>\n<meta property=\"og:description\" content=\"Publicaciones del nuevo canal de formaci\u00f3n adaptativo de Open IEBS en medios digitales. Entra para ver en donde aparecemos.\" \/>\n<meta property=\"og:url\" content=\"https:\/\/www.iebschool.com\/saladeprensa\/2016\/07\/06\/open-iebs-big-data-formacion\/\" \/>\n<meta property=\"og:site_name\" content=\"Sala de Prensa\" \/>\n<meta property=\"article:published_time\" content=\"2016-07-06T09:39:33+00:00\" \/>\n<meta property=\"article:modified_time\" content=\"2025-03-04T17:13:18+00:00\" \/>\n<meta name=\"author\" content=\"Rosa Ayari Rodr\u00edguez Rivas\" \/>\n<meta name=\"twitter:card\" content=\"summary_large_image\" \/>\n<meta name=\"twitter:label1\" content=\"Escrito por\" \/>\n\t<meta name=\"twitter:data1\" content=\"Rosa Ayari Rodr\u00edguez Rivas\" \/>\n\t<meta name=\"twitter:label2\" content=\"Tiempo de lectura\" \/>\n\t<meta name=\"twitter:data2\" content=\"3 minutos\" \/>\n<script type=\"application\/ld+json\" class=\"yoast-schema-graph\">{\"@context\":\"https:\/\/schema.org\",\"@graph\":[{\"@type\":\"Article\",\"@id\":\"https:\/\/www.iebschool.com\/saladeprensa\/2016\/07\/06\/open-iebs-big-data-formacion\/#article\",\"isPartOf\":{\"@id\":\"https:\/\/www.iebschool.com\/saladeprensa\/2016\/07\/06\/open-iebs-big-data-formacion\/\"},\"author\":{\"name\":\"Rosa Ayari Rodr\u00edguez Rivas\",\"@id\":\"https:\/\/www.iebschool.com\/saladeprensa\/#\/schema\/person\/6c2b3f43dcb32e031f53fd155f5c2f80\"},\"headline\":\"Clipping OPEN IEBS BIG DATA &#8211; Medios Digitales\",\"datePublished\":\"2016-07-06T09:39:33+00:00\",\"dateModified\":\"2025-03-04T17:13:18+00:00\",\"mainEntityOfPage\":{\"@id\":\"https:\/\/www.iebschool.com\/saladeprensa\/2016\/07\/06\/open-iebs-big-data-formacion\/\"},\"wordCount\":671,\"commentCount\":0,\"publisher\":{\"@id\":\"https:\/\/www.iebschool.com\/saladeprensa\/#organization\"},\"articleSection\":[\"IEBS en los medios\"],\"inLanguage\":\"es\",\"potentialAction\":[{\"@type\":\"CommentAction\",\"name\":\"Comment\",\"target\":[\"https:\/\/www.iebschool.com\/saladeprensa\/2016\/07\/06\/open-iebs-big-data-formacion\/#respond\"]}]},{\"@type\":\"WebPage\",\"@id\":\"https:\/\/www.iebschool.com\/saladeprensa\/2016\/07\/06\/open-iebs-big-data-formacion\/\",\"url\":\"https:\/\/www.iebschool.com\/saladeprensa\/2016\/07\/06\/open-iebs-big-data-formacion\/\",\"name\":\"Clipping OPEN IEBS BIG DATA - Medios Digitales - Sala de Prensa\",\"isPartOf\":{\"@id\":\"https:\/\/www.iebschool.com\/saladeprensa\/#website\"},\"datePublished\":\"2016-07-06T09:39:33+00:00\",\"dateModified\":\"2025-03-04T17:13:18+00:00\",\"description\":\"Publicaciones del nuevo canal de formaci\u00f3n adaptativo de Open IEBS en medios digitales. Entra para ver en donde aparecemos.\",\"breadcrumb\":{\"@id\":\"https:\/\/www.iebschool.com\/saladeprensa\/2016\/07\/06\/open-iebs-big-data-formacion\/#breadcrumb\"},\"inLanguage\":\"es\",\"potentialAction\":[{\"@type\":\"ReadAction\",\"target\":[\"https:\/\/www.iebschool.com\/saladeprensa\/2016\/07\/06\/open-iebs-big-data-formacion\/\"]}]},{\"@type\":\"BreadcrumbList\",\"@id\":\"https:\/\/www.iebschool.com\/saladeprensa\/2016\/07\/06\/open-iebs-big-data-formacion\/#breadcrumb\",\"itemListElement\":[{\"@type\":\"ListItem\",\"position\":1,\"name\":\"Portada\",\"item\":\"https:\/\/www.iebschool.com\/saladeprensa\/\"},{\"@type\":\"ListItem\",\"position\":2,\"name\":\"Clipping OPEN IEBS BIG DATA &#8211; Medios Digitales\"}]},{\"@type\":\"WebSite\",\"@id\":\"https:\/\/www.iebschool.com\/saladeprensa\/#website\",\"url\":\"https:\/\/www.iebschool.com\/saladeprensa\/\",\"name\":\"Sala de Prensa\",\"description\":\"IEBS\",\"publisher\":{\"@id\":\"https:\/\/www.iebschool.com\/saladeprensa\/#organization\"},\"potentialAction\":[{\"@type\":\"SearchAction\",\"target\":{\"@type\":\"EntryPoint\",\"urlTemplate\":\"https:\/\/www.iebschool.com\/saladeprensa\/?s={search_term_string}\"},\"query-input\":{\"@type\":\"PropertyValueSpecification\",\"valueRequired\":true,\"valueName\":\"search_term_string\"}}],\"inLanguage\":\"es\"},{\"@type\":\"Organization\",\"@id\":\"https:\/\/www.iebschool.com\/saladeprensa\/#organization\",\"name\":\"Sala de Prensa\",\"url\":\"https:\/\/www.iebschool.com\/saladeprensa\/\",\"logo\":{\"@type\":\"ImageObject\",\"inLanguage\":\"es\",\"@id\":\"https:\/\/www.iebschool.com\/saladeprensa\/#\/schema\/logo\/image\/\",\"url\":\"https:\/\/www.iebschool.com\/saladeprensa\/wp-content\/uploads\/2026\/02\/IEBS_Logo_BusinessSchool_1_Hor_Violeta-scaled.png\",\"contentUrl\":\"https:\/\/www.iebschool.com\/saladeprensa\/wp-content\/uploads\/2026\/02\/IEBS_Logo_BusinessSchool_1_Hor_Violeta-scaled.png\",\"width\":2560,\"height\":374,\"caption\":\"Sala de Prensa\"},\"image\":{\"@id\":\"https:\/\/www.iebschool.com\/saladeprensa\/#\/schema\/logo\/image\/\"}},{\"@type\":\"Person\",\"@id\":\"https:\/\/www.iebschool.com\/saladeprensa\/#\/schema\/person\/6c2b3f43dcb32e031f53fd155f5c2f80\",\"name\":\"Rosa Ayari Rodr\u00edguez Rivas\",\"image\":{\"@type\":\"ImageObject\",\"inLanguage\":\"es\",\"@id\":\"https:\/\/www.iebschool.com\/saladeprensa\/#\/schema\/person\/image\/\",\"url\":\"https:\/\/secure.gravatar.com\/avatar\/348aa928e5bf2974486c25da272441801da36f71be9909334040f0cf6c75f288?s=96&d=mm&r=g\",\"contentUrl\":\"https:\/\/secure.gravatar.com\/avatar\/348aa928e5bf2974486c25da272441801da36f71be9909334040f0cf6c75f288?s=96&d=mm&r=g\",\"caption\":\"Rosa Ayari Rodr\u00edguez Rivas\"},\"url\":\"https:\/\/www.iebschool.com\/saladeprensa\/author\/rosarosaayari-com\/\"}]}<\/script>\n<!-- \/ Yoast SEO Premium plugin. -->","yoast_head_json":{"title":"Clipping OPEN IEBS BIG DATA - Medios Digitales - Sala de Prensa","description":"Publicaciones del nuevo canal de formaci\u00f3n adaptativo de Open IEBS en medios digitales. Entra para ver en donde aparecemos.","robots":{"index":"index","follow":"follow","max-snippet":"max-snippet:-1","max-image-preview":"max-image-preview:large","max-video-preview":"max-video-preview:-1"},"canonical":"https:\/\/www.iebschool.com\/saladeprensa\/2016\/07\/06\/open-iebs-big-data-formacion\/","og_locale":"es_ES","og_type":"article","og_title":"Clipping OPEN IEBS BIG DATA - Medios Digitales","og_description":"Publicaciones del nuevo canal de formaci\u00f3n adaptativo de Open IEBS en medios digitales. Entra para ver en donde aparecemos.","og_url":"https:\/\/www.iebschool.com\/saladeprensa\/2016\/07\/06\/open-iebs-big-data-formacion\/","og_site_name":"Sala de Prensa","article_published_time":"2016-07-06T09:39:33+00:00","article_modified_time":"2025-03-04T17:13:18+00:00","author":"Rosa Ayari Rodr\u00edguez Rivas","twitter_card":"summary_large_image","twitter_misc":{"Escrito por":"Rosa Ayari Rodr\u00edguez Rivas","Tiempo de lectura":"3 minutos"},"schema":{"@context":"https:\/\/schema.org","@graph":[{"@type":"Article","@id":"https:\/\/www.iebschool.com\/saladeprensa\/2016\/07\/06\/open-iebs-big-data-formacion\/#article","isPartOf":{"@id":"https:\/\/www.iebschool.com\/saladeprensa\/2016\/07\/06\/open-iebs-big-data-formacion\/"},"author":{"name":"Rosa Ayari Rodr\u00edguez Rivas","@id":"https:\/\/www.iebschool.com\/saladeprensa\/#\/schema\/person\/6c2b3f43dcb32e031f53fd155f5c2f80"},"headline":"Clipping OPEN IEBS BIG DATA &#8211; Medios Digitales","datePublished":"2016-07-06T09:39:33+00:00","dateModified":"2025-03-04T17:13:18+00:00","mainEntityOfPage":{"@id":"https:\/\/www.iebschool.com\/saladeprensa\/2016\/07\/06\/open-iebs-big-data-formacion\/"},"wordCount":671,"commentCount":0,"publisher":{"@id":"https:\/\/www.iebschool.com\/saladeprensa\/#organization"},"articleSection":["IEBS en los medios"],"inLanguage":"es","potentialAction":[{"@type":"CommentAction","name":"Comment","target":["https:\/\/www.iebschool.com\/saladeprensa\/2016\/07\/06\/open-iebs-big-data-formacion\/#respond"]}]},{"@type":"WebPage","@id":"https:\/\/www.iebschool.com\/saladeprensa\/2016\/07\/06\/open-iebs-big-data-formacion\/","url":"https:\/\/www.iebschool.com\/saladeprensa\/2016\/07\/06\/open-iebs-big-data-formacion\/","name":"Clipping OPEN IEBS BIG DATA - Medios Digitales - Sala de Prensa","isPartOf":{"@id":"https:\/\/www.iebschool.com\/saladeprensa\/#website"},"datePublished":"2016-07-06T09:39:33+00:00","dateModified":"2025-03-04T17:13:18+00:00","description":"Publicaciones del nuevo canal de formaci\u00f3n adaptativo de Open IEBS en medios digitales. Entra para ver en donde aparecemos.","breadcrumb":{"@id":"https:\/\/www.iebschool.com\/saladeprensa\/2016\/07\/06\/open-iebs-big-data-formacion\/#breadcrumb"},"inLanguage":"es","potentialAction":[{"@type":"ReadAction","target":["https:\/\/www.iebschool.com\/saladeprensa\/2016\/07\/06\/open-iebs-big-data-formacion\/"]}]},{"@type":"BreadcrumbList","@id":"https:\/\/www.iebschool.com\/saladeprensa\/2016\/07\/06\/open-iebs-big-data-formacion\/#breadcrumb","itemListElement":[{"@type":"ListItem","position":1,"name":"Portada","item":"https:\/\/www.iebschool.com\/saladeprensa\/"},{"@type":"ListItem","position":2,"name":"Clipping OPEN IEBS BIG DATA &#8211; Medios Digitales"}]},{"@type":"WebSite","@id":"https:\/\/www.iebschool.com\/saladeprensa\/#website","url":"https:\/\/www.iebschool.com\/saladeprensa\/","name":"Sala de Prensa","description":"IEBS","publisher":{"@id":"https:\/\/www.iebschool.com\/saladeprensa\/#organization"},"potentialAction":[{"@type":"SearchAction","target":{"@type":"EntryPoint","urlTemplate":"https:\/\/www.iebschool.com\/saladeprensa\/?s={search_term_string}"},"query-input":{"@type":"PropertyValueSpecification","valueRequired":true,"valueName":"search_term_string"}}],"inLanguage":"es"},{"@type":"Organization","@id":"https:\/\/www.iebschool.com\/saladeprensa\/#organization","name":"Sala de Prensa","url":"https:\/\/www.iebschool.com\/saladeprensa\/","logo":{"@type":"ImageObject","inLanguage":"es","@id":"https:\/\/www.iebschool.com\/saladeprensa\/#\/schema\/logo\/image\/","url":"https:\/\/www.iebschool.com\/saladeprensa\/wp-content\/uploads\/2026\/02\/IEBS_Logo_BusinessSchool_1_Hor_Violeta-scaled.png","contentUrl":"https:\/\/www.iebschool.com\/saladeprensa\/wp-content\/uploads\/2026\/02\/IEBS_Logo_BusinessSchool_1_Hor_Violeta-scaled.png","width":2560,"height":374,"caption":"Sala de Prensa"},"image":{"@id":"https:\/\/www.iebschool.com\/saladeprensa\/#\/schema\/logo\/image\/"}},{"@type":"Person","@id":"https:\/\/www.iebschool.com\/saladeprensa\/#\/schema\/person\/6c2b3f43dcb32e031f53fd155f5c2f80","name":"Rosa Ayari Rodr\u00edguez Rivas","image":{"@type":"ImageObject","inLanguage":"es","@id":"https:\/\/www.iebschool.com\/saladeprensa\/#\/schema\/person\/image\/","url":"https:\/\/secure.gravatar.com\/avatar\/348aa928e5bf2974486c25da272441801da36f71be9909334040f0cf6c75f288?s=96&d=mm&r=g","contentUrl":"https:\/\/secure.gravatar.com\/avatar\/348aa928e5bf2974486c25da272441801da36f71be9909334040f0cf6c75f288?s=96&d=mm&r=g","caption":"Rosa Ayari Rodr\u00edguez Rivas"},"url":"https:\/\/www.iebschool.com\/saladeprensa\/author\/rosarosaayari-com\/"}]}},"image_thumbnail":"https:\/\/www.iebschool.com\/saladeprensa\/wp-includes\/images\/media\/default.svg","image_full":"https:\/\/www.iebschool.com\/saladeprensa\/wp-includes\/images\/media\/default.svg","categoria":{"nombre":"IEBS en los medios","slug":"category\/iebs-en-los-medios"},"_links":{"self":[{"href":"https:\/\/www.iebschool.com\/saladeprensa\/wp-json\/wp\/v2\/posts\/3014","targetHints":{"allow":["GET"]}}],"collection":[{"href":"https:\/\/www.iebschool.com\/saladeprensa\/wp-json\/wp\/v2\/posts"}],"about":[{"href":"https:\/\/www.iebschool.com\/saladeprensa\/wp-json\/wp\/v2\/types\/post"}],"author":[{"embeddable":true,"href":"https:\/\/www.iebschool.com\/saladeprensa\/wp-json\/wp\/v2\/users\/15"}],"replies":[{"embeddable":true,"href":"https:\/\/www.iebschool.com\/saladeprensa\/wp-json\/wp\/v2\/comments?post=3014"}],"version-history":[{"count":1,"href":"https:\/\/www.iebschool.com\/saladeprensa\/wp-json\/wp\/v2\/posts\/3014\/revisions"}],"predecessor-version":[{"id":5856,"href":"https:\/\/www.iebschool.com\/saladeprensa\/wp-json\/wp\/v2\/posts\/3014\/revisions\/5856"}],"wp:attachment":[{"href":"https:\/\/www.iebschool.com\/saladeprensa\/wp-json\/wp\/v2\/media?parent=3014"}],"wp:term":[{"taxonomy":"category","embeddable":true,"href":"https:\/\/www.iebschool.com\/saladeprensa\/wp-json\/wp\/v2\/categories?post=3014"},{"taxonomy":"post_tag","embeddable":true,"href":"https:\/\/www.iebschool.com\/saladeprensa\/wp-json\/wp\/v2\/tags?post=3014"}],"curies":[{"name":"wp","href":"https:\/\/api.w.org\/{rel}","templated":true}]}}