{"id":3019,"date":"2016-07-06T13:09:20","date_gmt":"2016-07-06T11:09:20","guid":{"rendered":"http:\/\/comunidad.iebschool.com\/saladeprensa\/?p=3019"},"modified":"2025-03-03T08:40:42","modified_gmt":"2025-03-03T08:40:42","slug":"concurso-de-emprendedores-de-iebs-2016","status":"publish","type":"post","link":"https:\/\/www.iebschool.com\/saladeprensa\/2016\/07\/06\/concurso-de-emprendedores-de-iebs-2016\/","title":{"rendered":"Clipping Concurso de Emprendedores de IEBS 2016 &#8211; Medios Digitales"},"content":{"rendered":"<ul>\n \t<li><strong><strong>EL ECONOMISTA<\/strong><\/strong>\n<ul>\n \t<li><strong>Tema <\/strong><em><u>Nota de prensa CONCURSO EMPRENDEDORES<\/u><\/em><\/li>\n \t<li>Fecha de publicaci\u00f3n <strong><em>16 de junio<\/em><\/strong><\/li>\n \t<li>Secci\u00f3n <strong><em>ecoaula &gt; emprendedores<\/em><\/strong><\/li>\n \t<li><strong><em>Link a la noticia<\/em><\/strong><\/li>\n<\/ul>\n<\/li>\n<\/ul>\n<ul>\n \t<li><strong>AM\u00c9RICA ECON\u00d3MICA<\/strong>\n<ul>\n \t<li><strong>Tema <\/strong><em><u>Nota de prensa CONCURSO EMPRENDEDORES<\/u><\/em><\/li>\n \t<li>Fecha de publicaci\u00f3n <strong><em>16 de junio<\/em><\/strong><\/li>\n \t<li>Secci\u00f3n <strong><em>emprendimientos<\/em><\/strong><\/li>\n \t<li><strong><em>Link a la noticia<\/em><\/strong><\/li>\n<\/ul>\n<\/li>\n<\/ul>\n<strong>\u00a0<\/strong>\n<ul>\n \t<li><strong>CANAL MARKETING<\/strong>\n<ul>\n \t<li><strong>Tema <\/strong><em><u>Nota de prensa CONCURSO EMPRENDEDORES<\/u><\/em><\/li>\n \t<li>Fecha de publicaci\u00f3n <strong><em>16 de junio<\/em><\/strong><\/li>\n \t<li>Secci\u00f3n <strong><em>marketing<\/em><\/strong><\/li>\n \t<li><strong><em><a href=\"https:\/\/canalmarketing.wordpress.com\/2016\/06\/16\/marketing-llega-la-7a-edicion-del-concurso-de-emprendedores-de-iebs-con-el-objetivo-de-apoyar-proyectos-solidos-en-todo-el-mundo\/\">Link a la noticia<\/a><\/em><\/strong><\/li>\n<\/ul>\n<\/li>\n<\/ul>\n<strong>\u00a0<\/strong><strong>\u00a0<\/strong>\n<ul>\n \t<li><strong>EMPRENDEDORES NEWS<\/strong>\n<ul>\n \t<li><strong>Tema <\/strong><em><u>Nota de prensa CONCURSO EMPRENDEDORES<\/u><\/em><\/li>\n \t<li>Fecha de publicaci\u00f3n <strong><em>16 de junio<\/em><\/strong><\/li>\n \t<li>Secci\u00f3n <strong><em>agenda<\/em><\/strong><\/li>\n \t<li><strong><em><a href=\"http:\/\/emprendedoresnews.com\/agenda\/7a-edicion-del-concurso-de-emprendedores-de-iebs.html\">Link a la noticia<\/a><\/em><\/strong><\/li>\n<\/ul>\n<\/li>\n<\/ul>\n<strong>\u00a0<\/strong>\n<ul>\n \t<li><strong>IYMAGAZINE<\/strong>\n<ul>\n \t<li><strong>Tema <\/strong><em><u>Nota de prensa CONCURSO EMPRENDEDORES<\/u><\/em><\/li>\n \t<li>Fecha de publicaci\u00f3n <strong><em>16 de junio<\/em><\/strong><\/li>\n \t<li>Secci\u00f3n <strong><em>emprendedores<\/em><\/strong><\/li>\n \t<li><strong><em><a href=\"http:\/\/www.iymagazine.es\/noticia\/2288\/emprendedores\/comienza-la-7-edicion-del-concurso-de-emprendedores-de-iebs.html\">Link a la noticia<\/a><\/em><\/strong><\/li>\n<\/ul>\n<\/li>\n<\/ul>\n<strong>\u00a0<\/strong>\n<ul>\n \t<li><strong>MARKETING DIRECTO<\/strong>\n<ul>\n \t<li><strong>Tema <\/strong><em><u>Nota de prensa CONCURSO EMPRENDEDORES<\/u><\/em><\/li>\n \t<li>Fecha de publicaci\u00f3n <strong><em>16 de junio<\/em><\/strong><\/li>\n \t<li>Secci\u00f3n <strong><em>eventos y formaci\u00f3n<\/em><\/strong><\/li>\n \t<li><strong><em><a href=\"http:\/\/www.marketingdirecto.com\/marketing-general\/eventos-y-formacion\/llega-la-7a-edicion-del-concurso-emprendedores-iebs-objetivo-apoyar-proyectos-solidos-mundo\/\">Link a la noticia<\/a><\/em><\/strong><\/li>\n<\/ul>\n<\/li>\n<\/ul>\n<strong>\u00a0<\/strong>\n<ul>\n \t<li><strong>COMPUTER WORLD UNIVERSITY<\/strong>\n<ul>\n \t<li><strong>Tema <\/strong><em><u>Nota de prensa CONCURSO EMPRENDEDORES<\/u><\/em><\/li>\n \t<li>Fecha de publicaci\u00f3n <strong><em>20 de junio<\/em><\/strong><\/li>\n \t<li>Secci\u00f3n <strong><em>actualidad<\/em><\/strong><\/li>\n \t<li><strong><em>Link a la noticia<\/em><\/strong><\/li>\n<\/ul>\n<\/li>\n<\/ul>\n<strong>\u00a0<\/strong>\n<ul>\n \t<li><strong>ECONOM\u00cdA DE HOY<\/strong>\n<ul>\n \t<li><strong>Tema <\/strong><em><u>Nota de prensa CONCURSO EMPRENDEDORES<\/u><\/em><\/li>\n \t<li>Fecha de publicaci\u00f3n <strong><em>17 de junio<\/em><\/strong><\/li>\n \t<li>Secci\u00f3n <strong><em>formaci\u00f3n<\/em><\/strong><\/li>\n \t<li><strong><em><a href=\"http:\/\/www.economiadehoy.es\/noticia\/6035\/formacion\/llega-la-7-edicion-del-concurso-de-emprendedores-de-iebs.html\">Link a la noticia<\/a><\/em><\/strong><\/li>\n<\/ul>\n<\/li>\n<\/ul>\n<strong>\u00a0<\/strong>\n<ul>\n \t<li><strong>EL REFERENTE<\/strong>\n<ul>\n \t<li><strong>Tema <\/strong><em><u>Nota de prensa CONCURSO EMPRENDEDORES<\/u><\/em><\/li>\n \t<li>Fecha de publicaci\u00f3n <strong><em>17 de junio<\/em><\/strong><\/li>\n \t<li>Secci\u00f3n <strong><em>tecnol\u00f3gicos &gt; convocatorias<\/em><\/strong><\/li>\n \t<li><strong><em>Link a la noticia<\/em><\/strong><\/li>\n<\/ul>\n<\/li>\n<\/ul>\n<strong>\u00a0<\/strong>\n<ul>\n \t<li><strong>INDISA<\/strong>\n<ul>\n \t<li><strong>Tema <\/strong><em><u>Nota de prensa CONCURSO EMPRENDEDORES<\/u><\/em><\/li>\n \t<li>Fecha de publicaci\u00f3n <strong><em>17 de junio<\/em><\/strong><\/li>\n \t<li>Secci\u00f3n <strong><em>actualidad &gt; al d\u00eda<\/em><\/strong><\/li>\n \t<li><strong><em><a href=\"http:\/\/www.indisa.es\/frontend\/indisa\/noticia.php?id_noticia=42168&amp;sesion_idioma=1\">Link a la noticia<\/a><\/em><\/strong><\/li>\n<\/ul>\n<\/li>\n<\/ul>\n<strong>\u00a0<\/strong>\n<ul>\n \t<li><strong>RRHH DIGITAL<\/strong>\n<ul>\n \t<li><strong>Tema <\/strong><em><u>Nota de prensa CONCURSO EMPRENDEDORES<\/u><\/em><\/li>\n \t<li>Fecha de publicaci\u00f3n <strong><em>17 de junio<\/em><\/strong><\/li>\n \t<li><strong><em>Newsletter de actualidad<\/em><\/strong><\/li>\n \t<li><strong><em><a href=\"http:\/\/recursoshumanos-recursoshumanos.blogspot.com.es\/2016\/06\/boletin-rrhh-digital-20-junio-2016.html\">Link a la newsletter<\/a><\/em><\/strong><\/li>\n \t<li>Secci\u00f3n <strong><em>formaci\u00f3n<\/em><\/strong><\/li>\n \t<li><strong><em><a href=\"http:\/\/www.rrhhdigital.com\/secciones\/formacion\/118100\/IEBS-presenta-la-7%C2%AA-edicion-del-Concurso-de-Emprendedores\">Link a la noticia<\/a><\/em><\/strong><\/li>\n<\/ul>\n<\/li>\n<\/ul>\n<strong>\u00a0<\/strong>\n<ul>\n \t<li><strong>\u00cdZARO<\/strong>\n<ul>\n \t<li><strong>Tema <\/strong><em><u>Nota de prensa CONCURSO EMPRENDEDORES<\/u><\/em><\/li>\n \t<li>Fecha de publicaci\u00f3n <strong><em>20 de junio<\/em><\/strong><\/li>\n \t<li>Secci\u00f3n <strong><em>noticias &gt; gesti\u00f3n<\/em><\/strong><\/li>\n \t<li><strong><em><a href=\"http:\/\/www.izaro.com\/contenidos\/ver.php?id=es&amp;se=2&amp;su=20&amp;co=1466425547\">Link a la noticia<\/a><\/em><\/strong><\/li>\n<\/ul>\n<\/li>\n<\/ul>\n<strong>\u00a0<\/strong>\n<ul>\n \t<li><strong>PERI\u00d3DICO DEL TALENTO<\/strong>\n<ul>\n \t<li><strong>Tema <\/strong><em><u>Nota de prensa CONCURSO EMPRENDEDORES<\/u><\/em><\/li>\n \t<li>Fecha de publicaci\u00f3n <strong><em>20 de junio<\/em><\/strong><\/li>\n \t<li>Secci\u00f3n <strong><em>actualidad<\/em><\/strong><\/li>\n \t<li><strong><em>Link a la noticia<\/em><\/strong><\/li>\n<\/ul>\n<\/li>\n<\/ul>\n<strong>\u00a0<\/strong>\n<ul>\n \t<li><strong>PORTAL PARADOS<\/strong>\n<ul>\n \t<li><strong>Tema <\/strong><em><u>Nota de prensa CONCURSO EMPRENDEDORES<\/u><\/em><\/li>\n \t<li>Fecha de publicaci\u00f3n <strong><em>20 de junio<\/em><\/strong><\/li>\n \t<li>Secci\u00f3n <strong><em>iniciativas<\/em><\/strong><\/li>\n \t<li><strong><em><a href=\"http:\/\/www.portalparados.es\/iniciativa\/34207\/2016\/06\/20\/Lanzan-la-convocatoria-anual-del-Concurso-de-Emprendedores-de-IEBS-Business-School\">Link a la noticia<\/a><\/em><\/strong><\/li>\n<\/ul>\n<\/li>\n<\/ul>\n<strong>\u00a0<\/strong>\n<ul>\n \t<li><strong>SOLO MARKETING<\/strong>\n<ul>\n \t<li><strong>Tema <\/strong><em><u>Nota de prensa CONCURSO EMPRENDEDORES<\/u><\/em><\/li>\n \t<li>Fecha de publicaci\u00f3n <strong><em>21 de junio<\/em><\/strong><\/li>\n \t<li>Secci\u00f3n <strong><em>marketing &gt; noticias<\/em><\/strong><\/li>\n \t<li><strong><em>Link a la noticia<\/em><\/strong><\/li>\n<\/ul>\n<\/li>\n<\/ul>\n<strong>\u00a0<\/strong>\n<ul>\n \t<li><strong>COM<\/strong>\n<ul>\n \t<li><strong>Tema <\/strong><em><u>Nota de prensa CONCURSO EMPRENDEDORES<\/u><\/em><\/li>\n \t<li>Fecha de publicaci\u00f3n <strong><em>23 de junio<\/em><\/strong><\/li>\n \t<li>Secci\u00f3n <strong><em>notas de prensa<\/em><\/strong><\/li>\n \t<li><strong><em>Link a la noticia<\/em><\/strong><\/li>\n<\/ul>\n<\/li>\n<\/ul>\n<strong>\u00a0<\/strong>\n<ul>\n \t<li><strong>AGENCIAS DE COMUNICACI\u00d3N.ORG<\/strong>\n<ul>\n \t<li><strong>Tema <\/strong><em><u>Nota de prensa CONCURSO EMPRENDEDORES<\/u><\/em><\/li>\n \t<li>Fecha de publicaci\u00f3n <strong><em>23 de junio<\/em><\/strong><\/li>\n \t<li>Secci\u00f3n <strong><em>blog de comunicaci\u00f3n<\/em><\/strong><\/li>\n \t<li><strong><em><a href=\"http:\/\/www.agenciasdecomunicacion.org\/comunicados-de-prensa\/llega-la-7a-edicion-del-concurso-de-emprendedores-de-iebs.html\">Link a la noticia<\/a><\/em><\/strong><\/li>\n<\/ul>\n<\/li>\n<\/ul>\n<strong>\u00a0<\/strong>\n<ul>\n \t<li><strong>ASTURIAS &amp; BUSINESS<\/strong>\n<ul>\n \t<li><strong>Tema <\/strong><em><u>Nota de prensa CONCURSO EMPRENDEDORES<\/u><\/em><\/li>\n \t<li>Fecha de publicaci\u00f3n <strong><em>23 de junio<\/em><\/strong><\/li>\n \t<li>Secci\u00f3n <strong><em>emprendedores<\/em><\/strong><\/li>\n \t<li><strong><em>Link a la noticia<\/em><\/strong><\/li>\n<\/ul>\n<\/li>\n<\/ul>\n<strong>\u00a0<\/strong>\n<ul>\n \t<li><strong>BARCELONA &amp; BUSINESS<\/strong>\n<ul>\n \t<li><strong>Tema <\/strong><em><u>Nota de prensa CONCURSO EMPRENDEDORES<\/u><\/em><\/li>\n \t<li>Fecha de publicaci\u00f3n <strong><em>23 de junio<\/em><\/strong><\/li>\n \t<li>Secci\u00f3n <strong><em>emprendedores<\/em><\/strong><\/li>\n \t<li><strong><em>Link a la noticia<\/em><\/strong><\/li>\n<\/ul>\n<\/li>\n<\/ul>\n<strong>\u00a0<\/strong>\n<ul>\n \t<li><strong>COMUNICADO-PRENSA.COM<\/strong>\n<ul>\n \t<li><strong>Tema <\/strong><em><u>Nota de prensa CONCURSO EMPRENDEDORES<\/u><\/em><\/li>\n \t<li>Fecha de publicaci\u00f3n <strong><em>23 de junio<\/em><\/strong><\/li>\n \t<li>Secci\u00f3n <strong><em>actualidad<\/em><\/strong><\/li>\n \t<li><strong><em>Link a la noticia<\/em><\/strong><\/li>\n<\/ul>\n<\/li>\n<\/ul>\n<em>\u00a0<\/em>\n<ul>\n \t<li><strong>COM<\/strong>\n<ul>\n \t<li><strong>Tema <\/strong><em><u>Nota de prensa CONCURSO EMPRENDEDORES<\/u><\/em><\/li>\n \t<li>Fecha de publicaci\u00f3n <strong><em>23 de junio<\/em><\/strong><\/li>\n \t<li>Secci\u00f3n <strong><em>sociedad &gt; educaci\u00f3n &gt; m\u00e1sters y postgrados<\/em><\/strong><\/li>\n \t<li><strong><em>Link a la noticia<\/em><\/strong><\/li>\n<\/ul>\n<\/li>\n<\/ul>\n<em>\u00a0<\/em>\n<ul>\n \t<li><strong>INFOPERIODISTAS<\/strong>\n<ul>\n \t<li><strong>Tema <\/strong><em><u>Nota de prensa CONCURSO EMPRENDEDORES<\/u><\/em><\/li>\n \t<li>Fecha de publicaci\u00f3n <strong><em>23 de junio<\/em><\/strong><\/li>\n \t<li>Secci\u00f3n <strong><em>notas de prensa<\/em><\/strong><\/li>\n \t<li><strong><em><a href=\"http:\/\/www.infoperiodistas.info\/notadeprensa\/21128\/Llega-la-7-edicion-del-Concurso-de-Emprendedores-de-IEBS\">Link a la noticia<\/a><\/em><\/strong><\/li>\n<\/ul>\n<\/li>\n<\/ul>\n<strong>\u00a0<\/strong>\n<ul>\n \t<li><strong>COM<\/strong>\n<ul>\n \t<li><strong>Tema <\/strong><em><u>Nota de prensa CONCURSO EMPRENDEDORES<\/u><\/em><\/li>\n \t<li>Fecha de publicaci\u00f3n <strong><em>23 de junio<\/em><\/strong><\/li>\n \t<li>Secci\u00f3n <strong><em>emprendedores y formaci\u00f3n<\/em><\/strong><\/li>\n \t<li><strong><em>Link a la noticia<\/em><\/strong><\/li>\n<\/ul>\n<\/li>\n<\/ul>\n<strong>\u00a0<\/strong>\n<ul>\n \t<li><strong>COM<\/strong>\n<ul>\n \t<li><strong>Tema <\/strong><em><u>Nota de prensa CONCURSO EMPRENDEDORES<\/u><\/em><\/li>\n \t<li>Fecha de publicaci\u00f3n <strong><em>23 de junio<\/em><\/strong><\/li>\n \t<li>Secci\u00f3n <strong><em>tecnolog\u00eda<\/em><\/strong><\/li>\n \t<li><strong><em>Link a la noticia<\/em><\/strong><\/li>\n<\/ul>\n<\/li>\n<\/ul>\n<strong>\u00a0<\/strong>\n\n<strong>\u00a0<\/strong>\n<ul>\n \t<li><strong>MADRID &amp; BUSINESS<\/strong>\n<ul>\n \t<li><strong>Tema <\/strong><em><u>Nota de prensa CONCURSO EMPRENDEDORES<\/u><\/em><\/li>\n \t<li>Fecha de publicaci\u00f3n <strong><em>23 de junio<\/em><\/strong><\/li>\n \t<li>Secci\u00f3n <strong><em>emprendedores<\/em><\/strong><\/li>\n \t<li><strong><em><a href=\"http:\/\/madridbusiness.es\/llega-la-7a-edicion-del-concurso-de-emprendedores-de-iebs\/\">Link a la noticia<\/a><\/em><\/strong><\/li>\n<\/ul>\n<\/li>\n<\/ul>\n<strong>\u00a0<\/strong>\n<ul>\n \t<li><strong>EL REFERENTE<\/strong>\n<ul>\n \t<li><strong>Tema <\/strong><em><u>Entrevista a \u00d3scar Fuente<\/u><\/em><\/li>\n \t<li>Fecha de publicaci\u00f3n <strong><em>23 de junio<\/em><\/strong><\/li>\n \t<li>Secci\u00f3n <strong><em>innovadores<\/em><\/strong><\/li>\n \t<li><strong><em>Link a la noticia<\/em><\/strong><\/li>\n<\/ul>\n<\/li>\n<\/ul>\n<strong>\u00a0<\/strong>\n<ul>\n \t<li><strong>NET<\/strong>\n<ul>\n \t<li><strong>Tema <\/strong><em><u>Nota de prensa CONCURSO EMPRENDEDORES<\/u><\/em><\/li>\n \t<li>Fecha de publicaci\u00f3n <strong><em>23 de junio<\/em><\/strong><\/li>\n \t<li>Secci\u00f3n <strong><em>formaci\u00f3n<\/em><\/strong><\/li>\n \t<li><strong><em>Link a la noticia<\/em><\/strong><\/li>\n<\/ul>\n<\/li>\n<\/ul>\n<strong>\u00a0<\/strong>\n<ul>\n \t<li><strong>COM<\/strong>\n<ul>\n \t<li><strong>Tema <\/strong><em><u>Nota de prensa CONCURSO EMPRENDEDORES<\/u><\/em><\/li>\n \t<li>Fecha de publicaci\u00f3n <strong><em>23 de junio<\/em><\/strong><\/li>\n \t<li>Secci\u00f3n <strong><em>econom\u00eda y negocios &gt; formaci\u00f3n<\/em><\/strong><\/li>\n \t<li><strong><em>Link a la noticia<\/em><\/strong><\/li>\n<\/ul>\n<\/li>\n<\/ul>\n<strong>\u00a0<\/strong>\n<ul>\n \t<li><strong>TUS MEDIOS<\/strong>\n<ul>\n \t<li><strong>Tema <\/strong><em><u>Nota de prensa CONCURSO EMPRENDEDORES<\/u><\/em><\/li>\n \t<li>Fecha de publicaci\u00f3n <strong><em>23 de junio<\/em><\/strong><\/li>\n \t<li>Secci\u00f3n <strong><em>educaci\u00f3n<\/em><\/strong><\/li>\n \t<li><strong><em>Link a la noticia<\/em><\/strong><\/li>\n<\/ul>\n<\/li>\n<\/ul>\n<strong>\u00a0<\/strong>\n<ul>\n \t<li><strong>VALENCIA &amp; BUSINESS<\/strong>\n<ul>\n \t<li><strong>Tema <\/strong><em><u>Nota de prensa CONCURSO EMPRENDEDORES<\/u><\/em><\/li>\n \t<li>Fecha de publicaci\u00f3n <strong><em>23 de junio<\/em><\/strong><\/li>\n \t<li>Secci\u00f3n <strong><em>emprendedores<\/em><\/strong><\/li>\n \t<li><strong><em><a href=\"http:\/\/valencia-business.es\/2016\/06\/23\/llega-la-7a-edicion-del-concurso-de-emprendedores-de-iebs\/\">Link a la noticia<\/a><\/em><\/strong><\/li>\n<\/ul>\n<\/li>\n<\/ul>\n<strong>\u00a0<\/strong>\n<ul>\n \t<li><strong>COM<\/strong>\n<ul>\n \t<li><strong>Tema <\/strong><em><u>Nota de prensa CONCURSO EMPRENDEDORES<\/u><\/em><\/li>\n \t<li>Fecha de publicaci\u00f3n <strong><em>23 de junio<\/em><\/strong><\/li>\n \t<li>Secci\u00f3n <strong><em>educaci\u00f3n<\/em><\/strong><\/li>\n \t<li><strong><em>Link a la noticia<\/em><\/strong><\/li>\n<\/ul>\n<\/li>\n<\/ul>\n<strong>\u00a0<\/strong>\n<ul>\n \t<li><strong>DIARIO DE EMPRENDEDORES<\/strong>\n<ul>\n \t<li><strong>Tema <\/strong><em><u>Nota de prensa CONCURSO EMPRENDEDORES<\/u><\/em><\/li>\n \t<li>Fecha de publicaci\u00f3n <strong><em>23 de junio<\/em><\/strong><\/li>\n \t<li>Secci\u00f3n <strong><em>herramientas<\/em><\/strong><\/li>\n \t<li><strong><em><a href=\"http:\/\/diariodeemprendedores.com\/herramientas\/concurso-de-emprendedores-de-iebs.html\">Link a la noticia<\/a><\/em><\/strong><\/li>\n<\/ul>\n<\/li>\n<\/ul>\n<strong>\u00a0<\/strong>\n<ul>\n \t<li><strong>MASTERMAN\u00cdA<\/strong>\n<ul>\n \t<li><strong>Tema <\/strong><em><u>Nota de prensa CONCURSO EMPRENDEDORES<\/u><\/em><\/li>\n \t<li>Fecha de publicaci\u00f3n <strong><em>23 de junio<\/em><\/strong><\/li>\n \t<li>Secci\u00f3n <strong><em>noticias &gt; masters<\/em><\/strong><\/li>\n \t<li><strong><em><a href=\"https:\/\/www.mastermania.com\/noticias_masters\/concurso-para-emprendedores-de-iebs-business-school-org-4276.html\">Link a la noticia<\/a><\/em><\/strong><\/li>\n<\/ul>\n<\/li>\n<\/ul>","protected":false},"excerpt":{"rendered":"","protected":false},"author":15,"featured_media":0,"comment_status":"open","ping_status":"open","sticky":false,"template":"","format":"standard","meta":{"footnotes":""},"categories":[3,7],"tags":[],"class_list":["post-3019","post","type-post","status-publish","format-standard","hentry","category-clipping","category-iebs-en-los-medios"],"yoast_head":"<!-- This site is optimized with the Yoast SEO Premium plugin v23.9 (Yoast SEO v24.6) - https:\/\/yoast.com\/wordpress\/plugins\/seo\/ -->\n<title>Clipping Concurso de Emprendedores de IEBS 2016 - Medios Digitales - Sala de Prensa<\/title>\n<meta name=\"description\" content=\"EL ECONOMISTA Tema Nota de prensa CONCURSO EMPRENDEDORES Fecha de publicaci\u00f3n 16 de junio Secci\u00f3n ecoaula &gt; emprendedores Link a la noticia AM\u00c9RICA\" \/>\n<meta name=\"robots\" content=\"index, follow, max-snippet:-1, max-image-preview:large, max-video-preview:-1\" \/>\n<link rel=\"canonical\" href=\"https:\/\/www.iebschool.com\/saladeprensa\/2016\/07\/06\/concurso-de-emprendedores-de-iebs-2016\/\" \/>\n<meta property=\"og:locale\" content=\"es_ES\" \/>\n<meta property=\"og:type\" content=\"article\" \/>\n<meta property=\"og:title\" content=\"Clipping Concurso de Emprendedores de IEBS 2016 - Medios Digitales\" \/>\n<meta property=\"og:description\" content=\"EL ECONOMISTA Tema Nota de prensa CONCURSO EMPRENDEDORES Fecha de publicaci\u00f3n 16 de junio Secci\u00f3n ecoaula &gt; emprendedores Link a la noticia AM\u00c9RICA\" \/>\n<meta property=\"og:url\" content=\"https:\/\/www.iebschool.com\/saladeprensa\/2016\/07\/06\/concurso-de-emprendedores-de-iebs-2016\/\" \/>\n<meta property=\"og:site_name\" content=\"Sala de Prensa\" \/>\n<meta property=\"article:published_time\" content=\"2016-07-06T11:09:20+00:00\" \/>\n<meta property=\"article:modified_time\" content=\"2025-03-03T08:40:42+00:00\" \/>\n<meta name=\"author\" content=\"Rosa Ayari Rodr\u00edguez Rivas\" \/>\n<meta name=\"twitter:card\" content=\"summary_large_image\" \/>\n<meta name=\"twitter:label1\" content=\"Escrito por\" \/>\n\t<meta name=\"twitter:data1\" content=\"Rosa Ayari Rodr\u00edguez Rivas\" \/>\n\t<meta name=\"twitter:label2\" content=\"Tiempo de lectura\" \/>\n\t<meta name=\"twitter:data2\" content=\"4 minutos\" \/>\n<script type=\"application\/ld+json\" class=\"yoast-schema-graph\">{\"@context\":\"https:\/\/schema.org\",\"@graph\":[{\"@type\":\"Article\",\"@id\":\"https:\/\/www.iebschool.com\/saladeprensa\/2016\/07\/06\/concurso-de-emprendedores-de-iebs-2016\/#article\",\"isPartOf\":{\"@id\":\"https:\/\/www.iebschool.com\/saladeprensa\/2016\/07\/06\/concurso-de-emprendedores-de-iebs-2016\/\"},\"author\":{\"name\":\"Rosa Ayari Rodr\u00edguez Rivas\",\"@id\":\"https:\/\/www.iebschool.com\/saladeprensa\/#\/schema\/person\/6c2b3f43dcb32e031f53fd155f5c2f80\"},\"headline\":\"Clipping Concurso de Emprendedores de IEBS 2016 &#8211; Medios Digitales\",\"datePublished\":\"2016-07-06T11:09:20+00:00\",\"dateModified\":\"2025-03-03T08:40:42+00:00\",\"mainEntityOfPage\":{\"@id\":\"https:\/\/www.iebschool.com\/saladeprensa\/2016\/07\/06\/concurso-de-emprendedores-de-iebs-2016\/\"},\"wordCount\":761,\"commentCount\":0,\"publisher\":{\"@id\":\"https:\/\/www.iebschool.com\/saladeprensa\/#organization\"},\"articleSection\":[\"Clipping\",\"IEBS en los medios\"],\"inLanguage\":\"es\",\"potentialAction\":[{\"@type\":\"CommentAction\",\"name\":\"Comment\",\"target\":[\"https:\/\/www.iebschool.com\/saladeprensa\/2016\/07\/06\/concurso-de-emprendedores-de-iebs-2016\/#respond\"]}]},{\"@type\":\"WebPage\",\"@id\":\"https:\/\/www.iebschool.com\/saladeprensa\/2016\/07\/06\/concurso-de-emprendedores-de-iebs-2016\/\",\"url\":\"https:\/\/www.iebschool.com\/saladeprensa\/2016\/07\/06\/concurso-de-emprendedores-de-iebs-2016\/\",\"name\":\"Clipping Concurso de Emprendedores de IEBS 2016 - Medios Digitales - Sala de Prensa\",\"isPartOf\":{\"@id\":\"https:\/\/www.iebschool.com\/saladeprensa\/#website\"},\"datePublished\":\"2016-07-06T11:09:20+00:00\",\"dateModified\":\"2025-03-03T08:40:42+00:00\",\"description\":\"EL ECONOMISTA Tema Nota de prensa CONCURSO EMPRENDEDORES Fecha de publicaci\u00f3n 16 de junio Secci\u00f3n ecoaula &gt; emprendedores Link a la noticia AM\u00c9RICA\",\"breadcrumb\":{\"@id\":\"https:\/\/www.iebschool.com\/saladeprensa\/2016\/07\/06\/concurso-de-emprendedores-de-iebs-2016\/#breadcrumb\"},\"inLanguage\":\"es\",\"potentialAction\":[{\"@type\":\"ReadAction\",\"target\":[\"https:\/\/www.iebschool.com\/saladeprensa\/2016\/07\/06\/concurso-de-emprendedores-de-iebs-2016\/\"]}]},{\"@type\":\"BreadcrumbList\",\"@id\":\"https:\/\/www.iebschool.com\/saladeprensa\/2016\/07\/06\/concurso-de-emprendedores-de-iebs-2016\/#breadcrumb\",\"itemListElement\":[{\"@type\":\"ListItem\",\"position\":1,\"name\":\"Portada\",\"item\":\"https:\/\/www.iebschool.com\/saladeprensa\/\"},{\"@type\":\"ListItem\",\"position\":2,\"name\":\"Clipping Concurso de Emprendedores de IEBS 2016 &#8211; Medios Digitales\"}]},{\"@type\":\"WebSite\",\"@id\":\"https:\/\/www.iebschool.com\/saladeprensa\/#website\",\"url\":\"https:\/\/www.iebschool.com\/saladeprensa\/\",\"name\":\"Sala de Prensa\",\"description\":\"IEBS\",\"publisher\":{\"@id\":\"https:\/\/www.iebschool.com\/saladeprensa\/#organization\"},\"potentialAction\":[{\"@type\":\"SearchAction\",\"target\":{\"@type\":\"EntryPoint\",\"urlTemplate\":\"https:\/\/www.iebschool.com\/saladeprensa\/?s={search_term_string}\"},\"query-input\":{\"@type\":\"PropertyValueSpecification\",\"valueRequired\":true,\"valueName\":\"search_term_string\"}}],\"inLanguage\":\"es\"},{\"@type\":\"Organization\",\"@id\":\"https:\/\/www.iebschool.com\/saladeprensa\/#organization\",\"name\":\"Sala de Prensa\",\"url\":\"https:\/\/www.iebschool.com\/saladeprensa\/\",\"logo\":{\"@type\":\"ImageObject\",\"inLanguage\":\"es\",\"@id\":\"https:\/\/www.iebschool.com\/saladeprensa\/#\/schema\/logo\/image\/\",\"url\":\"https:\/\/www.iebschool.com\/saladeprensa\/wp-content\/uploads\/2026\/02\/IEBS_Logo_BusinessSchool_1_Hor_Violeta-scaled.png\",\"contentUrl\":\"https:\/\/www.iebschool.com\/saladeprensa\/wp-content\/uploads\/2026\/02\/IEBS_Logo_BusinessSchool_1_Hor_Violeta-scaled.png\",\"width\":2560,\"height\":374,\"caption\":\"Sala de Prensa\"},\"image\":{\"@id\":\"https:\/\/www.iebschool.com\/saladeprensa\/#\/schema\/logo\/image\/\"}},{\"@type\":\"Person\",\"@id\":\"https:\/\/www.iebschool.com\/saladeprensa\/#\/schema\/person\/6c2b3f43dcb32e031f53fd155f5c2f80\",\"name\":\"Rosa Ayari Rodr\u00edguez Rivas\",\"image\":{\"@type\":\"ImageObject\",\"inLanguage\":\"es\",\"@id\":\"https:\/\/www.iebschool.com\/saladeprensa\/#\/schema\/person\/image\/\",\"url\":\"https:\/\/secure.gravatar.com\/avatar\/348aa928e5bf2974486c25da272441801da36f71be9909334040f0cf6c75f288?s=96&d=mm&r=g\",\"contentUrl\":\"https:\/\/secure.gravatar.com\/avatar\/348aa928e5bf2974486c25da272441801da36f71be9909334040f0cf6c75f288?s=96&d=mm&r=g\",\"caption\":\"Rosa Ayari Rodr\u00edguez Rivas\"},\"url\":\"https:\/\/www.iebschool.com\/saladeprensa\/author\/rosarosaayari-com\/\"}]}<\/script>\n<!-- \/ Yoast SEO Premium plugin. -->","yoast_head_json":{"title":"Clipping Concurso de Emprendedores de IEBS 2016 - Medios Digitales - Sala de Prensa","description":"EL ECONOMISTA Tema Nota de prensa CONCURSO EMPRENDEDORES Fecha de publicaci\u00f3n 16 de junio Secci\u00f3n ecoaula &gt; emprendedores Link a la noticia AM\u00c9RICA","robots":{"index":"index","follow":"follow","max-snippet":"max-snippet:-1","max-image-preview":"max-image-preview:large","max-video-preview":"max-video-preview:-1"},"canonical":"https:\/\/www.iebschool.com\/saladeprensa\/2016\/07\/06\/concurso-de-emprendedores-de-iebs-2016\/","og_locale":"es_ES","og_type":"article","og_title":"Clipping Concurso de Emprendedores de IEBS 2016 - Medios Digitales","og_description":"EL ECONOMISTA Tema Nota de prensa CONCURSO EMPRENDEDORES Fecha de publicaci\u00f3n 16 de junio Secci\u00f3n ecoaula &gt; emprendedores Link a la noticia AM\u00c9RICA","og_url":"https:\/\/www.iebschool.com\/saladeprensa\/2016\/07\/06\/concurso-de-emprendedores-de-iebs-2016\/","og_site_name":"Sala de Prensa","article_published_time":"2016-07-06T11:09:20+00:00","article_modified_time":"2025-03-03T08:40:42+00:00","author":"Rosa Ayari Rodr\u00edguez Rivas","twitter_card":"summary_large_image","twitter_misc":{"Escrito por":"Rosa Ayari Rodr\u00edguez Rivas","Tiempo de lectura":"4 minutos"},"schema":{"@context":"https:\/\/schema.org","@graph":[{"@type":"Article","@id":"https:\/\/www.iebschool.com\/saladeprensa\/2016\/07\/06\/concurso-de-emprendedores-de-iebs-2016\/#article","isPartOf":{"@id":"https:\/\/www.iebschool.com\/saladeprensa\/2016\/07\/06\/concurso-de-emprendedores-de-iebs-2016\/"},"author":{"name":"Rosa Ayari Rodr\u00edguez Rivas","@id":"https:\/\/www.iebschool.com\/saladeprensa\/#\/schema\/person\/6c2b3f43dcb32e031f53fd155f5c2f80"},"headline":"Clipping Concurso de Emprendedores de IEBS 2016 &#8211; Medios Digitales","datePublished":"2016-07-06T11:09:20+00:00","dateModified":"2025-03-03T08:40:42+00:00","mainEntityOfPage":{"@id":"https:\/\/www.iebschool.com\/saladeprensa\/2016\/07\/06\/concurso-de-emprendedores-de-iebs-2016\/"},"wordCount":761,"commentCount":0,"publisher":{"@id":"https:\/\/www.iebschool.com\/saladeprensa\/#organization"},"articleSection":["Clipping","IEBS en los medios"],"inLanguage":"es","potentialAction":[{"@type":"CommentAction","name":"Comment","target":["https:\/\/www.iebschool.com\/saladeprensa\/2016\/07\/06\/concurso-de-emprendedores-de-iebs-2016\/#respond"]}]},{"@type":"WebPage","@id":"https:\/\/www.iebschool.com\/saladeprensa\/2016\/07\/06\/concurso-de-emprendedores-de-iebs-2016\/","url":"https:\/\/www.iebschool.com\/saladeprensa\/2016\/07\/06\/concurso-de-emprendedores-de-iebs-2016\/","name":"Clipping Concurso de Emprendedores de IEBS 2016 - Medios Digitales - Sala de Prensa","isPartOf":{"@id":"https:\/\/www.iebschool.com\/saladeprensa\/#website"},"datePublished":"2016-07-06T11:09:20+00:00","dateModified":"2025-03-03T08:40:42+00:00","description":"EL ECONOMISTA Tema Nota de prensa CONCURSO EMPRENDEDORES Fecha de publicaci\u00f3n 16 de junio Secci\u00f3n ecoaula &gt; emprendedores Link a la noticia AM\u00c9RICA","breadcrumb":{"@id":"https:\/\/www.iebschool.com\/saladeprensa\/2016\/07\/06\/concurso-de-emprendedores-de-iebs-2016\/#breadcrumb"},"inLanguage":"es","potentialAction":[{"@type":"ReadAction","target":["https:\/\/www.iebschool.com\/saladeprensa\/2016\/07\/06\/concurso-de-emprendedores-de-iebs-2016\/"]}]},{"@type":"BreadcrumbList","@id":"https:\/\/www.iebschool.com\/saladeprensa\/2016\/07\/06\/concurso-de-emprendedores-de-iebs-2016\/#breadcrumb","itemListElement":[{"@type":"ListItem","position":1,"name":"Portada","item":"https:\/\/www.iebschool.com\/saladeprensa\/"},{"@type":"ListItem","position":2,"name":"Clipping Concurso de Emprendedores de IEBS 2016 &#8211; Medios Digitales"}]},{"@type":"WebSite","@id":"https:\/\/www.iebschool.com\/saladeprensa\/#website","url":"https:\/\/www.iebschool.com\/saladeprensa\/","name":"Sala de Prensa","description":"IEBS","publisher":{"@id":"https:\/\/www.iebschool.com\/saladeprensa\/#organization"},"potentialAction":[{"@type":"SearchAction","target":{"@type":"EntryPoint","urlTemplate":"https:\/\/www.iebschool.com\/saladeprensa\/?s={search_term_string}"},"query-input":{"@type":"PropertyValueSpecification","valueRequired":true,"valueName":"search_term_string"}}],"inLanguage":"es"},{"@type":"Organization","@id":"https:\/\/www.iebschool.com\/saladeprensa\/#organization","name":"Sala de Prensa","url":"https:\/\/www.iebschool.com\/saladeprensa\/","logo":{"@type":"ImageObject","inLanguage":"es","@id":"https:\/\/www.iebschool.com\/saladeprensa\/#\/schema\/logo\/image\/","url":"https:\/\/www.iebschool.com\/saladeprensa\/wp-content\/uploads\/2026\/02\/IEBS_Logo_BusinessSchool_1_Hor_Violeta-scaled.png","contentUrl":"https:\/\/www.iebschool.com\/saladeprensa\/wp-content\/uploads\/2026\/02\/IEBS_Logo_BusinessSchool_1_Hor_Violeta-scaled.png","width":2560,"height":374,"caption":"Sala de Prensa"},"image":{"@id":"https:\/\/www.iebschool.com\/saladeprensa\/#\/schema\/logo\/image\/"}},{"@type":"Person","@id":"https:\/\/www.iebschool.com\/saladeprensa\/#\/schema\/person\/6c2b3f43dcb32e031f53fd155f5c2f80","name":"Rosa Ayari Rodr\u00edguez Rivas","image":{"@type":"ImageObject","inLanguage":"es","@id":"https:\/\/www.iebschool.com\/saladeprensa\/#\/schema\/person\/image\/","url":"https:\/\/secure.gravatar.com\/avatar\/348aa928e5bf2974486c25da272441801da36f71be9909334040f0cf6c75f288?s=96&d=mm&r=g","contentUrl":"https:\/\/secure.gravatar.com\/avatar\/348aa928e5bf2974486c25da272441801da36f71be9909334040f0cf6c75f288?s=96&d=mm&r=g","caption":"Rosa Ayari Rodr\u00edguez Rivas"},"url":"https:\/\/www.iebschool.com\/saladeprensa\/author\/rosarosaayari-com\/"}]}},"image_thumbnail":"https:\/\/www.iebschool.com\/saladeprensa\/wp-includes\/images\/media\/default.svg","image_full":"https:\/\/www.iebschool.com\/saladeprensa\/wp-includes\/images\/media\/default.svg","categoria":{"nombre":"Clipping","slug":"category\/clipping"},"_links":{"self":[{"href":"https:\/\/www.iebschool.com\/saladeprensa\/wp-json\/wp\/v2\/posts\/3019","targetHints":{"allow":["GET"]}}],"collection":[{"href":"https:\/\/www.iebschool.com\/saladeprensa\/wp-json\/wp\/v2\/posts"}],"about":[{"href":"https:\/\/www.iebschool.com\/saladeprensa\/wp-json\/wp\/v2\/types\/post"}],"author":[{"embeddable":true,"href":"https:\/\/www.iebschool.com\/saladeprensa\/wp-json\/wp\/v2\/users\/15"}],"replies":[{"embeddable":true,"href":"https:\/\/www.iebschool.com\/saladeprensa\/wp-json\/wp\/v2\/comments?post=3019"}],"version-history":[{"count":1,"href":"https:\/\/www.iebschool.com\/saladeprensa\/wp-json\/wp\/v2\/posts\/3019\/revisions"}],"predecessor-version":[{"id":5858,"href":"https:\/\/www.iebschool.com\/saladeprensa\/wp-json\/wp\/v2\/posts\/3019\/revisions\/5858"}],"wp:attachment":[{"href":"https:\/\/www.iebschool.com\/saladeprensa\/wp-json\/wp\/v2\/media?parent=3019"}],"wp:term":[{"taxonomy":"category","embeddable":true,"href":"https:\/\/www.iebschool.com\/saladeprensa\/wp-json\/wp\/v2\/categories?post=3019"},{"taxonomy":"post_tag","embeddable":true,"href":"https:\/\/www.iebschool.com\/saladeprensa\/wp-json\/wp\/v2\/tags?post=3019"}],"curies":[{"name":"wp","href":"https:\/\/api.w.org\/{rel}","templated":true}]}}