{"id":3030,"date":"2016-09-01T11:58:50","date_gmt":"2016-09-01T09:58:50","guid":{"rendered":"http:\/\/comunidad.iebschool.com\/saladeprensa\/?p=3030"},"modified":"2016-09-01T11:58:50","modified_gmt":"2016-09-01T09:58:50","slug":"se-amplia-el-plazo-de-inscripcion-para-el-concurso-de-emprendedores-de-iebs","status":"publish","type":"post","link":"https:\/\/www.iebschool.com\/saladeprensa\/2016\/09\/01\/se-amplia-el-plazo-de-inscripcion-para-el-concurso-de-emprendedores-de-iebs\/","title":{"rendered":"Se ampl\u00eda el plazo de inscripci\u00f3n para el Concurso de Emprendedores de IEBS"},"content":{"rendered":"&nbsp;\n<ul>\n\t<li><b>Los participantes podr\u00e1n inscribirse hasta el 15 de septiembre de 2016.<\/b><\/li>\n<\/ul>\n<ul>\n\t<li>Los ganadores recibir\u00e1n formaci\u00f3n y mentoring para el desarrollo de su proyecto y la oportunidad de incubaci\u00f3n de sus ideas.<\/li>\n<\/ul>\n&nbsp;\n\n&nbsp;\n\n<span style=\"font-weight: 400\">Barcelona, 01 de septiembre de 2016.- La escuela de negocios IEBS ampl\u00eda el plazo de inscripci\u00f3n al <\/span><b>Concurso de Emprendedores de IEBS<\/b><span style=\"font-weight: 400\">, con el que pretende apoyar a emprendedores de todo el mundo que contribuyan al desarrollo social y econ\u00f3mico, ahora los participantes podr\u00e1n inscribirse hasta el 15 de septiembre de 2016. El ganador de cada una de las categor\u00edas recibir\u00e1 una Beca Total para cursar un programa de M\u00e1ster \u00a0o Postgrado y recibir\u00e1 mentoring para sacar adelante su idea de negocio, as\u00ed como la posibilidad de que su proyecto sea incubado dentro de IEBS.<\/span>\n\n&nbsp;\n\n<span style=\"font-weight: 400\">La escuela conceder\u00e1 un total de <\/span><b>24 Becas Emprende<\/b><span style=\"font-weight: 400\"> a los proyectos vinculados a la innovaci\u00f3n emprendedora que guarden relaci\u00f3n con alguna de estas \u00e1reas de negocio: <\/span><b>e-Commerce\/Internet, Apps\/Mobile, Fintech, Gaming\/Gamificaci\u00f3n, Social Media Marketing y Big Data\/IoT<\/b><span style=\"font-weight: 400\">. <\/span>\n\n&nbsp;\n\n<span style=\"font-weight: 400\">Los interesados deber\u00e1n presentar sus ideas a trav\u00e9s de la<\/span><a href=\"http:\/\/www.iebschool.com\/conocenos\/becas-y-ayudas\/concurso-emprendedores\/\"> <span style=\"font-weight: 400\">web del Concurso de Emprendedores<\/span><\/a><span style=\"font-weight: 400\"> antes del 15 de septiembre. Los proyectos ser\u00e1n evaluados por un jurado profesional de IEBS y de las empresas colaboradoras, as\u00ed como por los votos del p\u00fablico en las redes sociales. No ser\u00e1 hasta el <\/span><b>22 de octubre <\/b><span style=\"font-weight: 400\">que podremos conocer los ganadores de esta edici\u00f3n.<\/span>\n\n&nbsp;\n\n<span style=\"font-weight: 400\">Esta edici\u00f3n del Concurso de Emprendedores de IEBS cuenta con la colaboraci\u00f3n de la <\/span><b>Revista Emprendedores, SeedRocket, Marketing Directo, eCommerce News, Loogic, Spherical Pixel, LanceTlent, Cookie Box, WWWhats New y Tecnoempleo.<\/b>\n\n&nbsp;\n\n<span style=\"font-weight: 400\">El concurso reafirma el esfuerzo que hace IEBS de apoyar a emprendedores con sus proyectos en fase inicial, fomentando el esp\u00edritu emprendedor y las iniciativas innovadoras como elementos de progreso. Una oportunidad \u00fanica para que j\u00f3venes emprendedores de todo el mundo puedan dar visibilidad a sus proyectos e ideas y formarse en un entorno innovador y vanguardista que apuesta por el impulso de nuevos negocios.<\/span>\n\n&nbsp;\n\n<b>Sobre IEBS<\/b>\n\n&nbsp;\n\n<span style=\"font-weight: 400\">IEBS nace en 2009 con el objetivo de ofrecer una alternativa real a las escuelas de negocios tradicionales, con una apuesta por la innovaci\u00f3n en el aprendizaje, los emprendedores, la \u00e9tica y la sostenibilidad. Hoy en d\u00eda, es reconocida como la escuela de negocios de nueva generaci\u00f3n m\u00e1s innovadora, habiendo sido escogida por el Fecyt como uno de los perfiles m\u00e1s innovadores, y apareciendo en el ranking de escuelas de negocios que elabora el CSIC como la 1\u00aa exclusivamente<\/span> <span style=\"font-weight: 400\">online y la 9\u00aa<\/span><a href=\"http:\/\/comunidad.iebschool.com\/iebs\/noticias\/iebs-se-reafirma-como-mejor-escuela-de-negocios-integramente-online-en-espana\/\"> <span style=\"font-weight: 400\">mejor escuela de negocios<\/span><\/a> <span style=\"font-weight: 400\">de Espa\u00f1a.<\/span>\n\n&nbsp;","protected":false},"excerpt":{"rendered":"","protected":false},"author":15,"featured_media":0,"comment_status":"open","ping_status":"open","sticky":false,"template":"","format":"standard","meta":{"footnotes":""},"categories":[8],"tags":[48],"class_list":["post-3030","post","type-post","status-publish","format-standard","hentry","category-notas-de-prensa","tag-concurso-emprendedores"],"yoast_head":"<!-- This site is optimized with the Yoast SEO Premium plugin v23.9 (Yoast SEO v24.6) - https:\/\/yoast.com\/wordpress\/plugins\/seo\/ -->\n<title>Ampliaci\u00f3n plazo Concurso de Emprendedores de IEBS<\/title>\n<meta name=\"description\" content=\"&nbsp; Los participantes podr\u00e1n inscribirse hasta el 15 de septiembre de 2016. Los ganadores recibir\u00e1n formaci\u00f3n y mentoring para el desarrollo de su\" \/>\n<meta name=\"robots\" content=\"index, follow, max-snippet:-1, max-image-preview:large, max-video-preview:-1\" \/>\n<link rel=\"canonical\" href=\"https:\/\/www.iebschool.com\/saladeprensa\/2016\/09\/01\/se-amplia-el-plazo-de-inscripcion-para-el-concurso-de-emprendedores-de-iebs\/\" \/>\n<meta property=\"og:locale\" content=\"es_ES\" \/>\n<meta property=\"og:type\" content=\"article\" \/>\n<meta property=\"og:title\" content=\"Se ampl\u00eda el plazo de inscripci\u00f3n para el Concurso de Emprendedores de IEBS\" \/>\n<meta property=\"og:description\" content=\"&nbsp; Los participantes podr\u00e1n inscribirse hasta el 15 de septiembre de 2016. Los ganadores recibir\u00e1n formaci\u00f3n y mentoring para el desarrollo de su\" \/>\n<meta property=\"og:url\" content=\"https:\/\/www.iebschool.com\/saladeprensa\/2016\/09\/01\/se-amplia-el-plazo-de-inscripcion-para-el-concurso-de-emprendedores-de-iebs\/\" \/>\n<meta property=\"og:site_name\" content=\"Sala de Prensa\" \/>\n<meta property=\"article:published_time\" content=\"2016-09-01T09:58:50+00:00\" \/>\n<meta name=\"author\" content=\"Rosa Ayari Rodr\u00edguez Rivas\" \/>\n<meta name=\"twitter:card\" content=\"summary_large_image\" \/>\n<meta name=\"twitter:label1\" content=\"Escrito por\" \/>\n\t<meta name=\"twitter:data1\" content=\"Rosa Ayari Rodr\u00edguez Rivas\" \/>\n\t<meta name=\"twitter:label2\" content=\"Tiempo de lectura\" \/>\n\t<meta name=\"twitter:data2\" content=\"2 minutos\" \/>\n<script type=\"application\/ld+json\" class=\"yoast-schema-graph\">{\"@context\":\"https:\/\/schema.org\",\"@graph\":[{\"@type\":\"Article\",\"@id\":\"https:\/\/www.iebschool.com\/saladeprensa\/2016\/09\/01\/se-amplia-el-plazo-de-inscripcion-para-el-concurso-de-emprendedores-de-iebs\/#article\",\"isPartOf\":{\"@id\":\"https:\/\/www.iebschool.com\/saladeprensa\/2016\/09\/01\/se-amplia-el-plazo-de-inscripcion-para-el-concurso-de-emprendedores-de-iebs\/\"},\"author\":{\"name\":\"Rosa Ayari Rodr\u00edguez Rivas\",\"@id\":\"https:\/\/www.iebschool.com\/saladeprensa\/#\/schema\/person\/6c2b3f43dcb32e031f53fd155f5c2f80\"},\"headline\":\"Se ampl\u00eda el plazo de inscripci\u00f3n para el Concurso de Emprendedores de IEBS\",\"datePublished\":\"2016-09-01T09:58:50+00:00\",\"mainEntityOfPage\":{\"@id\":\"https:\/\/www.iebschool.com\/saladeprensa\/2016\/09\/01\/se-amplia-el-plazo-de-inscripcion-para-el-concurso-de-emprendedores-de-iebs\/\"},\"wordCount\":457,\"commentCount\":0,\"publisher\":{\"@id\":\"https:\/\/www.iebschool.com\/saladeprensa\/#organization\"},\"keywords\":[\"Concurso Emprendedores\"],\"articleSection\":[\"Notas de Prensa\"],\"inLanguage\":\"es\",\"potentialAction\":[{\"@type\":\"CommentAction\",\"name\":\"Comment\",\"target\":[\"https:\/\/www.iebschool.com\/saladeprensa\/2016\/09\/01\/se-amplia-el-plazo-de-inscripcion-para-el-concurso-de-emprendedores-de-iebs\/#respond\"]}]},{\"@type\":\"WebPage\",\"@id\":\"https:\/\/www.iebschool.com\/saladeprensa\/2016\/09\/01\/se-amplia-el-plazo-de-inscripcion-para-el-concurso-de-emprendedores-de-iebs\/\",\"url\":\"https:\/\/www.iebschool.com\/saladeprensa\/2016\/09\/01\/se-amplia-el-plazo-de-inscripcion-para-el-concurso-de-emprendedores-de-iebs\/\",\"name\":\"Ampliaci\u00f3n plazo Concurso de Emprendedores de IEBS\",\"isPartOf\":{\"@id\":\"https:\/\/www.iebschool.com\/saladeprensa\/#website\"},\"datePublished\":\"2016-09-01T09:58:50+00:00\",\"description\":\"&nbsp; Los participantes podr\u00e1n inscribirse hasta el 15 de septiembre de 2016. Los ganadores recibir\u00e1n formaci\u00f3n y mentoring para el desarrollo de su\",\"breadcrumb\":{\"@id\":\"https:\/\/www.iebschool.com\/saladeprensa\/2016\/09\/01\/se-amplia-el-plazo-de-inscripcion-para-el-concurso-de-emprendedores-de-iebs\/#breadcrumb\"},\"inLanguage\":\"es\",\"potentialAction\":[{\"@type\":\"ReadAction\",\"target\":[\"https:\/\/www.iebschool.com\/saladeprensa\/2016\/09\/01\/se-amplia-el-plazo-de-inscripcion-para-el-concurso-de-emprendedores-de-iebs\/\"]}]},{\"@type\":\"BreadcrumbList\",\"@id\":\"https:\/\/www.iebschool.com\/saladeprensa\/2016\/09\/01\/se-amplia-el-plazo-de-inscripcion-para-el-concurso-de-emprendedores-de-iebs\/#breadcrumb\",\"itemListElement\":[{\"@type\":\"ListItem\",\"position\":1,\"name\":\"Portada\",\"item\":\"https:\/\/www.iebschool.com\/saladeprensa\/\"},{\"@type\":\"ListItem\",\"position\":2,\"name\":\"Se ampl\u00eda el plazo de inscripci\u00f3n para el Concurso de Emprendedores de IEBS\"}]},{\"@type\":\"WebSite\",\"@id\":\"https:\/\/www.iebschool.com\/saladeprensa\/#website\",\"url\":\"https:\/\/www.iebschool.com\/saladeprensa\/\",\"name\":\"Sala de Prensa\",\"description\":\"IEBS\",\"publisher\":{\"@id\":\"https:\/\/www.iebschool.com\/saladeprensa\/#organization\"},\"potentialAction\":[{\"@type\":\"SearchAction\",\"target\":{\"@type\":\"EntryPoint\",\"urlTemplate\":\"https:\/\/www.iebschool.com\/saladeprensa\/?s={search_term_string}\"},\"query-input\":{\"@type\":\"PropertyValueSpecification\",\"valueRequired\":true,\"valueName\":\"search_term_string\"}}],\"inLanguage\":\"es\"},{\"@type\":\"Organization\",\"@id\":\"https:\/\/www.iebschool.com\/saladeprensa\/#organization\",\"name\":\"Sala de Prensa\",\"url\":\"https:\/\/www.iebschool.com\/saladeprensa\/\",\"logo\":{\"@type\":\"ImageObject\",\"inLanguage\":\"es\",\"@id\":\"https:\/\/www.iebschool.com\/saladeprensa\/#\/schema\/logo\/image\/\",\"url\":\"https:\/\/www.iebschool.com\/saladeprensa\/wp-content\/uploads\/2026\/02\/IEBS_Logo_BusinessSchool_1_Hor_Violeta-scaled.png\",\"contentUrl\":\"https:\/\/www.iebschool.com\/saladeprensa\/wp-content\/uploads\/2026\/02\/IEBS_Logo_BusinessSchool_1_Hor_Violeta-scaled.png\",\"width\":2560,\"height\":374,\"caption\":\"Sala de Prensa\"},\"image\":{\"@id\":\"https:\/\/www.iebschool.com\/saladeprensa\/#\/schema\/logo\/image\/\"}},{\"@type\":\"Person\",\"@id\":\"https:\/\/www.iebschool.com\/saladeprensa\/#\/schema\/person\/6c2b3f43dcb32e031f53fd155f5c2f80\",\"name\":\"Rosa Ayari Rodr\u00edguez Rivas\",\"image\":{\"@type\":\"ImageObject\",\"inLanguage\":\"es\",\"@id\":\"https:\/\/www.iebschool.com\/saladeprensa\/#\/schema\/person\/image\/\",\"url\":\"https:\/\/secure.gravatar.com\/avatar\/348aa928e5bf2974486c25da272441801da36f71be9909334040f0cf6c75f288?s=96&d=mm&r=g\",\"contentUrl\":\"https:\/\/secure.gravatar.com\/avatar\/348aa928e5bf2974486c25da272441801da36f71be9909334040f0cf6c75f288?s=96&d=mm&r=g\",\"caption\":\"Rosa Ayari Rodr\u00edguez Rivas\"},\"url\":\"https:\/\/www.iebschool.com\/saladeprensa\/author\/rosarosaayari-com\/\"}]}<\/script>\n<!-- \/ Yoast SEO Premium plugin. -->","yoast_head_json":{"title":"Ampliaci\u00f3n plazo Concurso de Emprendedores de IEBS","description":"&nbsp; Los participantes podr\u00e1n inscribirse hasta el 15 de septiembre de 2016. Los ganadores recibir\u00e1n formaci\u00f3n y mentoring para el desarrollo de su","robots":{"index":"index","follow":"follow","max-snippet":"max-snippet:-1","max-image-preview":"max-image-preview:large","max-video-preview":"max-video-preview:-1"},"canonical":"https:\/\/www.iebschool.com\/saladeprensa\/2016\/09\/01\/se-amplia-el-plazo-de-inscripcion-para-el-concurso-de-emprendedores-de-iebs\/","og_locale":"es_ES","og_type":"article","og_title":"Se ampl\u00eda el plazo de inscripci\u00f3n para el Concurso de Emprendedores de IEBS","og_description":"&nbsp; Los participantes podr\u00e1n inscribirse hasta el 15 de septiembre de 2016. Los ganadores recibir\u00e1n formaci\u00f3n y mentoring para el desarrollo de su","og_url":"https:\/\/www.iebschool.com\/saladeprensa\/2016\/09\/01\/se-amplia-el-plazo-de-inscripcion-para-el-concurso-de-emprendedores-de-iebs\/","og_site_name":"Sala de Prensa","article_published_time":"2016-09-01T09:58:50+00:00","author":"Rosa Ayari Rodr\u00edguez Rivas","twitter_card":"summary_large_image","twitter_misc":{"Escrito por":"Rosa Ayari Rodr\u00edguez Rivas","Tiempo de lectura":"2 minutos"},"schema":{"@context":"https:\/\/schema.org","@graph":[{"@type":"Article","@id":"https:\/\/www.iebschool.com\/saladeprensa\/2016\/09\/01\/se-amplia-el-plazo-de-inscripcion-para-el-concurso-de-emprendedores-de-iebs\/#article","isPartOf":{"@id":"https:\/\/www.iebschool.com\/saladeprensa\/2016\/09\/01\/se-amplia-el-plazo-de-inscripcion-para-el-concurso-de-emprendedores-de-iebs\/"},"author":{"name":"Rosa Ayari Rodr\u00edguez Rivas","@id":"https:\/\/www.iebschool.com\/saladeprensa\/#\/schema\/person\/6c2b3f43dcb32e031f53fd155f5c2f80"},"headline":"Se ampl\u00eda el plazo de inscripci\u00f3n para el Concurso de Emprendedores de IEBS","datePublished":"2016-09-01T09:58:50+00:00","mainEntityOfPage":{"@id":"https:\/\/www.iebschool.com\/saladeprensa\/2016\/09\/01\/se-amplia-el-plazo-de-inscripcion-para-el-concurso-de-emprendedores-de-iebs\/"},"wordCount":457,"commentCount":0,"publisher":{"@id":"https:\/\/www.iebschool.com\/saladeprensa\/#organization"},"keywords":["Concurso Emprendedores"],"articleSection":["Notas de Prensa"],"inLanguage":"es","potentialAction":[{"@type":"CommentAction","name":"Comment","target":["https:\/\/www.iebschool.com\/saladeprensa\/2016\/09\/01\/se-amplia-el-plazo-de-inscripcion-para-el-concurso-de-emprendedores-de-iebs\/#respond"]}]},{"@type":"WebPage","@id":"https:\/\/www.iebschool.com\/saladeprensa\/2016\/09\/01\/se-amplia-el-plazo-de-inscripcion-para-el-concurso-de-emprendedores-de-iebs\/","url":"https:\/\/www.iebschool.com\/saladeprensa\/2016\/09\/01\/se-amplia-el-plazo-de-inscripcion-para-el-concurso-de-emprendedores-de-iebs\/","name":"Ampliaci\u00f3n plazo Concurso de Emprendedores de IEBS","isPartOf":{"@id":"https:\/\/www.iebschool.com\/saladeprensa\/#website"},"datePublished":"2016-09-01T09:58:50+00:00","description":"&nbsp; Los participantes podr\u00e1n inscribirse hasta el 15 de septiembre de 2016. Los ganadores recibir\u00e1n formaci\u00f3n y mentoring para el desarrollo de su","breadcrumb":{"@id":"https:\/\/www.iebschool.com\/saladeprensa\/2016\/09\/01\/se-amplia-el-plazo-de-inscripcion-para-el-concurso-de-emprendedores-de-iebs\/#breadcrumb"},"inLanguage":"es","potentialAction":[{"@type":"ReadAction","target":["https:\/\/www.iebschool.com\/saladeprensa\/2016\/09\/01\/se-amplia-el-plazo-de-inscripcion-para-el-concurso-de-emprendedores-de-iebs\/"]}]},{"@type":"BreadcrumbList","@id":"https:\/\/www.iebschool.com\/saladeprensa\/2016\/09\/01\/se-amplia-el-plazo-de-inscripcion-para-el-concurso-de-emprendedores-de-iebs\/#breadcrumb","itemListElement":[{"@type":"ListItem","position":1,"name":"Portada","item":"https:\/\/www.iebschool.com\/saladeprensa\/"},{"@type":"ListItem","position":2,"name":"Se ampl\u00eda el plazo de inscripci\u00f3n para el Concurso de Emprendedores de IEBS"}]},{"@type":"WebSite","@id":"https:\/\/www.iebschool.com\/saladeprensa\/#website","url":"https:\/\/www.iebschool.com\/saladeprensa\/","name":"Sala de Prensa","description":"IEBS","publisher":{"@id":"https:\/\/www.iebschool.com\/saladeprensa\/#organization"},"potentialAction":[{"@type":"SearchAction","target":{"@type":"EntryPoint","urlTemplate":"https:\/\/www.iebschool.com\/saladeprensa\/?s={search_term_string}"},"query-input":{"@type":"PropertyValueSpecification","valueRequired":true,"valueName":"search_term_string"}}],"inLanguage":"es"},{"@type":"Organization","@id":"https:\/\/www.iebschool.com\/saladeprensa\/#organization","name":"Sala de Prensa","url":"https:\/\/www.iebschool.com\/saladeprensa\/","logo":{"@type":"ImageObject","inLanguage":"es","@id":"https:\/\/www.iebschool.com\/saladeprensa\/#\/schema\/logo\/image\/","url":"https:\/\/www.iebschool.com\/saladeprensa\/wp-content\/uploads\/2026\/02\/IEBS_Logo_BusinessSchool_1_Hor_Violeta-scaled.png","contentUrl":"https:\/\/www.iebschool.com\/saladeprensa\/wp-content\/uploads\/2026\/02\/IEBS_Logo_BusinessSchool_1_Hor_Violeta-scaled.png","width":2560,"height":374,"caption":"Sala de Prensa"},"image":{"@id":"https:\/\/www.iebschool.com\/saladeprensa\/#\/schema\/logo\/image\/"}},{"@type":"Person","@id":"https:\/\/www.iebschool.com\/saladeprensa\/#\/schema\/person\/6c2b3f43dcb32e031f53fd155f5c2f80","name":"Rosa Ayari Rodr\u00edguez Rivas","image":{"@type":"ImageObject","inLanguage":"es","@id":"https:\/\/www.iebschool.com\/saladeprensa\/#\/schema\/person\/image\/","url":"https:\/\/secure.gravatar.com\/avatar\/348aa928e5bf2974486c25da272441801da36f71be9909334040f0cf6c75f288?s=96&d=mm&r=g","contentUrl":"https:\/\/secure.gravatar.com\/avatar\/348aa928e5bf2974486c25da272441801da36f71be9909334040f0cf6c75f288?s=96&d=mm&r=g","caption":"Rosa Ayari Rodr\u00edguez Rivas"},"url":"https:\/\/www.iebschool.com\/saladeprensa\/author\/rosarosaayari-com\/"}]}},"image_thumbnail":"https:\/\/www.iebschool.com\/saladeprensa\/wp-includes\/images\/media\/default.svg","image_full":"https:\/\/www.iebschool.com\/saladeprensa\/wp-includes\/images\/media\/default.svg","categoria":{"nombre":"Notas de Prensa","slug":"category\/notas-de-prensa"},"_links":{"self":[{"href":"https:\/\/www.iebschool.com\/saladeprensa\/wp-json\/wp\/v2\/posts\/3030","targetHints":{"allow":["GET"]}}],"collection":[{"href":"https:\/\/www.iebschool.com\/saladeprensa\/wp-json\/wp\/v2\/posts"}],"about":[{"href":"https:\/\/www.iebschool.com\/saladeprensa\/wp-json\/wp\/v2\/types\/post"}],"author":[{"embeddable":true,"href":"https:\/\/www.iebschool.com\/saladeprensa\/wp-json\/wp\/v2\/users\/15"}],"replies":[{"embeddable":true,"href":"https:\/\/www.iebschool.com\/saladeprensa\/wp-json\/wp\/v2\/comments?post=3030"}],"version-history":[{"count":0,"href":"https:\/\/www.iebschool.com\/saladeprensa\/wp-json\/wp\/v2\/posts\/3030\/revisions"}],"wp:attachment":[{"href":"https:\/\/www.iebschool.com\/saladeprensa\/wp-json\/wp\/v2\/media?parent=3030"}],"wp:term":[{"taxonomy":"category","embeddable":true,"href":"https:\/\/www.iebschool.com\/saladeprensa\/wp-json\/wp\/v2\/categories?post=3030"},{"taxonomy":"post_tag","embeddable":true,"href":"https:\/\/www.iebschool.com\/saladeprensa\/wp-json\/wp\/v2\/tags?post=3030"}],"curies":[{"name":"wp","href":"https:\/\/api.w.org\/{rel}","templated":true}]}}