{"id":3214,"date":"2017-09-05T16:12:53","date_gmt":"2017-09-05T14:12:53","guid":{"rendered":"http:\/\/comunidad.iebschool.com\/saladeprensa\/?p=3214"},"modified":"2017-09-05T16:12:53","modified_gmt":"2017-09-05T14:12:53","slug":"iebs-amplia-el-plazo-de-inscripcion-para-su-concurso-de-emprendedores","status":"publish","type":"post","link":"https:\/\/www.iebschool.com\/saladeprensa\/2017\/09\/05\/iebs-amplia-el-plazo-de-inscripcion-para-su-concurso-de-emprendedores\/","title":{"rendered":"IEBS ampl\u00eda el plazo de inscripci\u00f3n para su Concurso de Emprendedores"},"content":{"rendered":"<a href=\"https:\/\/www.iebschool.com\/saladeprensa\/wp-content\/uploads\/2017\/09\/concurso-emprendedores.jpg\" rel=\"attachment wp-att-3215\"><img class=\"wp-image-3215 aligncenter\" title=\"concurso emprendedores\" src=\"http:\/\/comunidad.iebschool.com\/saladeprensa\/files\/2017\/09\/concurso-emprendedores-300x179.jpg\" alt=\"concurso emprendedores\" width=\"650\" height=\"388\" \/><\/a>\n<ul>\n\t<li style=\"font-weight: 400;\"><span style=\"font-weight: 400;\">Los participantes podr\u00e1n inscribirse hasta el 15 de septiembre de 2017<\/span><\/li>\n<\/ul>\n<ul>\n\t<li style=\"font-weight: 400;\"><span style=\"font-weight: 400;\">El certamen premiar\u00e1 con 24 Becas de estudio a los ganadores adem\u00e1s de mentoring para el desarrollo de su proyecto y la oportunidad de incubaci\u00f3n de sus ideas.<\/span><\/li>\n<\/ul>\n<b>Barcelona, 5 de septiembre de 2017.-<\/b><span style=\"font-weight: 400;\"> La escuela de negocios IEBS ampl\u00eda el plazo de inscripci\u00f3n para su <\/span><a href=\"http:\/\/www.iebschool.com\/conocenos\/becas-y-ayudas\/concurso-emprendedores\/\"><b>Concurso de Emprendedores<\/b><\/a><span style=\"font-weight: 400;\">, con el que pretende apoyar a emprendedores de todo el mundo y premiar aquellas ideas que destaquen por su car\u00e1cter innovador y su contribuci\u00f3n al desarrollo social y econ\u00f3mico. Ahora, los participantes podr\u00e1n inscribirse<\/span><b> hasta el 15 de septiembre de 2017. <\/b>\n\n<span style=\"font-weight: 400;\">Los ganadores de cada una de las categor\u00edas recibir\u00e1n una <\/span><b>Beca Total<\/b><span style=\"font-weight: 400;\"> para cursar un programa de M\u00e1ster o Postgrado de IEBS y recibir\u00e1n mentoring para desarrollar su idea de negocio, as\u00ed como la posibilidad de que su proyecto sea incubado dentro de la escuela. <\/span>\n\n<span style=\"font-weight: 400;\">Las<\/span><b> seis categor\u00edas<\/b><span style=\"font-weight: 400;\"> en las que los participantes pueden presentar sus proyectos son: Digital Business, Mobile\/ IoT, Fintech, RRHH \/ Gamification, Marketing \/ Redes Sociales y Big Data \/ Machine learning. \u00a0<\/span>\n\n<a href=\"https:\/\/www.iebschool.com\/saladeprensa\/wp-content\/uploads\/2017\/09\/concurso-emprendedores-iebs.jpg\" rel=\"attachment wp-att-3216\"><img class=\"wp-image-3216 aligncenter\" title=\"concurso emprendedores iebs\" src=\"http:\/\/comunidad.iebschool.com\/saladeprensa\/files\/2017\/09\/concurso-emprendedores-iebs-300x169.jpg\" alt=\"concurso emprendedores iebs\" width=\"500\" height=\"281\" \/><\/a>\n\n<span style=\"font-weight: 400;\">Los proyectos se deben presentar a trav\u00e9s de la <\/span><a href=\"http:\/\/www.iebschool.com\/conocenos\/becas-y-ayudas\/concurso-emprendedores\/\"><span style=\"font-weight: 400;\">p\u00e1gina oficial del Concurso de Emprendedores<\/span><\/a><span style=\"font-weight: 400;\">. Seguidamente ser\u00e1n evaluados por un jurado profesional de IEBS y de las empresas colaboradoras, as\u00ed como por los votos del p\u00fablico a trav\u00e9s de redes sociales. Los ganadores se anunciar\u00e1n en directo a trav\u00e9s del canal de IEBS el 19 de octubre.<\/span>\n\n<span style=\"font-weight: 400;\">En esta edici\u00f3n, el Concurso de Emprendedores de IEBS cuenta con el apoyo de partners tecnol\u00f3gicos y de conocimiento en cada una de las categor\u00edas del concurso.<\/span>\n\n<span style=\"font-weight: 400;\">Con esta iniciativa, j\u00f3venes emprendedores de todo el mundo tienen la oportunidad de dar visibilidad a sus proyectos y de formarse en un entorno innovador y vanguardista que apuesta por el esp\u00edritu emprendedor y por el impulso de la creatividad y la innovaci\u00f3n, con el claro objetivo de identificar propuestas que puedan aportar valor a la sociedad.<\/span>","protected":false},"excerpt":{"rendered":"","protected":false},"author":4,"featured_media":0,"comment_status":"open","ping_status":"open","sticky":false,"template":"","format":"standard","meta":{"footnotes":""},"categories":[8],"tags":[48,88],"class_list":["post-3214","post","type-post","status-publish","format-standard","hentry","category-notas-de-prensa","tag-concurso-emprendedores","tag-emprendedores"],"yoast_head":"<!-- This site is optimized with the Yoast SEO Premium plugin v23.9 (Yoast SEO v24.6) - https:\/\/yoast.com\/wordpress\/plugins\/seo\/ -->\n<title>IEBS ampl\u00eda el plazo de inscripci\u00f3n para su Concurso de Emprendedores - Sala de Prensa<\/title>\n<meta name=\"description\" content=\"Los participantes podr\u00e1n inscribirse hasta el 15 de septiembre de 2017 El certamen premiar\u00e1 con 24 Becas de estudio a los ganadores adem\u00e1s de mentoring\" \/>\n<meta name=\"robots\" content=\"index, follow, max-snippet:-1, max-image-preview:large, max-video-preview:-1\" \/>\n<link rel=\"canonical\" href=\"https:\/\/www.iebschool.com\/saladeprensa\/2017\/09\/05\/iebs-amplia-el-plazo-de-inscripcion-para-su-concurso-de-emprendedores\/\" \/>\n<meta property=\"og:locale\" content=\"es_ES\" \/>\n<meta property=\"og:type\" content=\"article\" \/>\n<meta property=\"og:title\" content=\"IEBS ampl\u00eda el plazo de inscripci\u00f3n para su Concurso de Emprendedores\" \/>\n<meta property=\"og:description\" content=\"Los participantes podr\u00e1n inscribirse hasta el 15 de septiembre de 2017 El certamen premiar\u00e1 con 24 Becas de estudio a los ganadores adem\u00e1s de mentoring\" \/>\n<meta property=\"og:url\" content=\"https:\/\/www.iebschool.com\/saladeprensa\/2017\/09\/05\/iebs-amplia-el-plazo-de-inscripcion-para-su-concurso-de-emprendedores\/\" \/>\n<meta property=\"og:site_name\" content=\"Sala de Prensa\" \/>\n<meta property=\"article:published_time\" content=\"2017-09-05T14:12:53+00:00\" \/>\n<meta property=\"og:image\" content=\"http:\/\/comunidad.iebschool.com\/saladeprensa\/files\/2017\/09\/concurso-emprendedores-300x179.jpg\" \/>\n<meta name=\"author\" content=\"Cristina Juan\" \/>\n<meta name=\"twitter:card\" content=\"summary_large_image\" \/>\n<meta name=\"twitter:label1\" content=\"Escrito por\" \/>\n\t<meta name=\"twitter:data1\" content=\"Cristina Juan\" \/>\n\t<meta name=\"twitter:label2\" content=\"Tiempo de lectura\" \/>\n\t<meta name=\"twitter:data2\" content=\"2 minutos\" \/>\n<script type=\"application\/ld+json\" class=\"yoast-schema-graph\">{\"@context\":\"https:\/\/schema.org\",\"@graph\":[{\"@type\":\"Article\",\"@id\":\"https:\/\/www.iebschool.com\/saladeprensa\/2017\/09\/05\/iebs-amplia-el-plazo-de-inscripcion-para-su-concurso-de-emprendedores\/#article\",\"isPartOf\":{\"@id\":\"https:\/\/www.iebschool.com\/saladeprensa\/2017\/09\/05\/iebs-amplia-el-plazo-de-inscripcion-para-su-concurso-de-emprendedores\/\"},\"author\":{\"name\":\"Cristina Juan\",\"@id\":\"https:\/\/www.iebschool.com\/saladeprensa\/#\/schema\/person\/47e807941a3fe34149a589c6036ae645\"},\"headline\":\"IEBS ampl\u00eda el plazo de inscripci\u00f3n para su Concurso de Emprendedores\",\"datePublished\":\"2017-09-05T14:12:53+00:00\",\"mainEntityOfPage\":{\"@id\":\"https:\/\/www.iebschool.com\/saladeprensa\/2017\/09\/05\/iebs-amplia-el-plazo-de-inscripcion-para-su-concurso-de-emprendedores\/\"},\"wordCount\":348,\"commentCount\":0,\"publisher\":{\"@id\":\"https:\/\/www.iebschool.com\/saladeprensa\/#organization\"},\"image\":{\"@id\":\"https:\/\/www.iebschool.com\/saladeprensa\/2017\/09\/05\/iebs-amplia-el-plazo-de-inscripcion-para-su-concurso-de-emprendedores\/#primaryimage\"},\"thumbnailUrl\":\"http:\/\/comunidad.iebschool.com\/saladeprensa\/files\/2017\/09\/concurso-emprendedores-300x179.jpg\",\"keywords\":[\"Concurso Emprendedores\",\"Emprendedores\"],\"articleSection\":[\"Notas de Prensa\"],\"inLanguage\":\"es\",\"potentialAction\":[{\"@type\":\"CommentAction\",\"name\":\"Comment\",\"target\":[\"https:\/\/www.iebschool.com\/saladeprensa\/2017\/09\/05\/iebs-amplia-el-plazo-de-inscripcion-para-su-concurso-de-emprendedores\/#respond\"]}]},{\"@type\":\"WebPage\",\"@id\":\"https:\/\/www.iebschool.com\/saladeprensa\/2017\/09\/05\/iebs-amplia-el-plazo-de-inscripcion-para-su-concurso-de-emprendedores\/\",\"url\":\"https:\/\/www.iebschool.com\/saladeprensa\/2017\/09\/05\/iebs-amplia-el-plazo-de-inscripcion-para-su-concurso-de-emprendedores\/\",\"name\":\"IEBS ampl\u00eda el plazo de inscripci\u00f3n para su Concurso de Emprendedores - Sala de Prensa\",\"isPartOf\":{\"@id\":\"https:\/\/www.iebschool.com\/saladeprensa\/#website\"},\"primaryImageOfPage\":{\"@id\":\"https:\/\/www.iebschool.com\/saladeprensa\/2017\/09\/05\/iebs-amplia-el-plazo-de-inscripcion-para-su-concurso-de-emprendedores\/#primaryimage\"},\"image\":{\"@id\":\"https:\/\/www.iebschool.com\/saladeprensa\/2017\/09\/05\/iebs-amplia-el-plazo-de-inscripcion-para-su-concurso-de-emprendedores\/#primaryimage\"},\"thumbnailUrl\":\"http:\/\/comunidad.iebschool.com\/saladeprensa\/files\/2017\/09\/concurso-emprendedores-300x179.jpg\",\"datePublished\":\"2017-09-05T14:12:53+00:00\",\"description\":\"Los participantes podr\u00e1n inscribirse hasta el 15 de septiembre de 2017 El certamen premiar\u00e1 con 24 Becas de estudio a los ganadores adem\u00e1s de mentoring\",\"breadcrumb\":{\"@id\":\"https:\/\/www.iebschool.com\/saladeprensa\/2017\/09\/05\/iebs-amplia-el-plazo-de-inscripcion-para-su-concurso-de-emprendedores\/#breadcrumb\"},\"inLanguage\":\"es\",\"potentialAction\":[{\"@type\":\"ReadAction\",\"target\":[\"https:\/\/www.iebschool.com\/saladeprensa\/2017\/09\/05\/iebs-amplia-el-plazo-de-inscripcion-para-su-concurso-de-emprendedores\/\"]}]},{\"@type\":\"ImageObject\",\"inLanguage\":\"es\",\"@id\":\"https:\/\/www.iebschool.com\/saladeprensa\/2017\/09\/05\/iebs-amplia-el-plazo-de-inscripcion-para-su-concurso-de-emprendedores\/#primaryimage\",\"url\":\"http:\/\/comunidad.iebschool.com\/saladeprensa\/files\/2017\/09\/concurso-emprendedores-300x179.jpg\",\"contentUrl\":\"http:\/\/comunidad.iebschool.com\/saladeprensa\/files\/2017\/09\/concurso-emprendedores-300x179.jpg\"},{\"@type\":\"BreadcrumbList\",\"@id\":\"https:\/\/www.iebschool.com\/saladeprensa\/2017\/09\/05\/iebs-amplia-el-plazo-de-inscripcion-para-su-concurso-de-emprendedores\/#breadcrumb\",\"itemListElement\":[{\"@type\":\"ListItem\",\"position\":1,\"name\":\"Portada\",\"item\":\"https:\/\/www.iebschool.com\/saladeprensa\/\"},{\"@type\":\"ListItem\",\"position\":2,\"name\":\"IEBS ampl\u00eda el plazo de inscripci\u00f3n para su Concurso de Emprendedores\"}]},{\"@type\":\"WebSite\",\"@id\":\"https:\/\/www.iebschool.com\/saladeprensa\/#website\",\"url\":\"https:\/\/www.iebschool.com\/saladeprensa\/\",\"name\":\"Sala de Prensa\",\"description\":\"IEBS\",\"publisher\":{\"@id\":\"https:\/\/www.iebschool.com\/saladeprensa\/#organization\"},\"potentialAction\":[{\"@type\":\"SearchAction\",\"target\":{\"@type\":\"EntryPoint\",\"urlTemplate\":\"https:\/\/www.iebschool.com\/saladeprensa\/?s={search_term_string}\"},\"query-input\":{\"@type\":\"PropertyValueSpecification\",\"valueRequired\":true,\"valueName\":\"search_term_string\"}}],\"inLanguage\":\"es\"},{\"@type\":\"Organization\",\"@id\":\"https:\/\/www.iebschool.com\/saladeprensa\/#organization\",\"name\":\"Sala de Prensa\",\"url\":\"https:\/\/www.iebschool.com\/saladeprensa\/\",\"logo\":{\"@type\":\"ImageObject\",\"inLanguage\":\"es\",\"@id\":\"https:\/\/www.iebschool.com\/saladeprensa\/#\/schema\/logo\/image\/\",\"url\":\"https:\/\/www.iebschool.com\/saladeprensa\/wp-content\/uploads\/2026\/02\/IEBS_Logo_BusinessSchool_1_Hor_Violeta-scaled.png\",\"contentUrl\":\"https:\/\/www.iebschool.com\/saladeprensa\/wp-content\/uploads\/2026\/02\/IEBS_Logo_BusinessSchool_1_Hor_Violeta-scaled.png\",\"width\":2560,\"height\":374,\"caption\":\"Sala de Prensa\"},\"image\":{\"@id\":\"https:\/\/www.iebschool.com\/saladeprensa\/#\/schema\/logo\/image\/\"}},{\"@type\":\"Person\",\"@id\":\"https:\/\/www.iebschool.com\/saladeprensa\/#\/schema\/person\/47e807941a3fe34149a589c6036ae645\",\"name\":\"Cristina Juan\",\"image\":{\"@type\":\"ImageObject\",\"inLanguage\":\"es\",\"@id\":\"https:\/\/www.iebschool.com\/saladeprensa\/#\/schema\/person\/image\/\",\"url\":\"https:\/\/secure.gravatar.com\/avatar\/edf29badb493f8c2c53dd885b548d2fd70ce598fadf488d3a4949bbd3b80a64a?s=96&d=mm&r=g\",\"contentUrl\":\"https:\/\/secure.gravatar.com\/avatar\/edf29badb493f8c2c53dd885b548d2fd70ce598fadf488d3a4949bbd3b80a64a?s=96&d=mm&r=g\",\"caption\":\"Cristina Juan\"},\"url\":\"https:\/\/www.iebschool.com\/saladeprensa\/author\/cjuanareainteractiva-net\/\"}]}<\/script>\n<!-- \/ Yoast SEO Premium plugin. -->","yoast_head_json":{"title":"IEBS ampl\u00eda el plazo de inscripci\u00f3n para su Concurso de Emprendedores - Sala de Prensa","description":"Los participantes podr\u00e1n inscribirse hasta el 15 de septiembre de 2017 El certamen premiar\u00e1 con 24 Becas de estudio a los ganadores adem\u00e1s de mentoring","robots":{"index":"index","follow":"follow","max-snippet":"max-snippet:-1","max-image-preview":"max-image-preview:large","max-video-preview":"max-video-preview:-1"},"canonical":"https:\/\/www.iebschool.com\/saladeprensa\/2017\/09\/05\/iebs-amplia-el-plazo-de-inscripcion-para-su-concurso-de-emprendedores\/","og_locale":"es_ES","og_type":"article","og_title":"IEBS ampl\u00eda el plazo de inscripci\u00f3n para su Concurso de Emprendedores","og_description":"Los participantes podr\u00e1n inscribirse hasta el 15 de septiembre de 2017 El certamen premiar\u00e1 con 24 Becas de estudio a los ganadores adem\u00e1s de mentoring","og_url":"https:\/\/www.iebschool.com\/saladeprensa\/2017\/09\/05\/iebs-amplia-el-plazo-de-inscripcion-para-su-concurso-de-emprendedores\/","og_site_name":"Sala de Prensa","article_published_time":"2017-09-05T14:12:53+00:00","og_image":[{"url":"http:\/\/comunidad.iebschool.com\/saladeprensa\/files\/2017\/09\/concurso-emprendedores-300x179.jpg","type":"","width":"","height":""}],"author":"Cristina Juan","twitter_card":"summary_large_image","twitter_misc":{"Escrito por":"Cristina Juan","Tiempo de lectura":"2 minutos"},"schema":{"@context":"https:\/\/schema.org","@graph":[{"@type":"Article","@id":"https:\/\/www.iebschool.com\/saladeprensa\/2017\/09\/05\/iebs-amplia-el-plazo-de-inscripcion-para-su-concurso-de-emprendedores\/#article","isPartOf":{"@id":"https:\/\/www.iebschool.com\/saladeprensa\/2017\/09\/05\/iebs-amplia-el-plazo-de-inscripcion-para-su-concurso-de-emprendedores\/"},"author":{"name":"Cristina Juan","@id":"https:\/\/www.iebschool.com\/saladeprensa\/#\/schema\/person\/47e807941a3fe34149a589c6036ae645"},"headline":"IEBS ampl\u00eda el plazo de inscripci\u00f3n para su Concurso de Emprendedores","datePublished":"2017-09-05T14:12:53+00:00","mainEntityOfPage":{"@id":"https:\/\/www.iebschool.com\/saladeprensa\/2017\/09\/05\/iebs-amplia-el-plazo-de-inscripcion-para-su-concurso-de-emprendedores\/"},"wordCount":348,"commentCount":0,"publisher":{"@id":"https:\/\/www.iebschool.com\/saladeprensa\/#organization"},"image":{"@id":"https:\/\/www.iebschool.com\/saladeprensa\/2017\/09\/05\/iebs-amplia-el-plazo-de-inscripcion-para-su-concurso-de-emprendedores\/#primaryimage"},"thumbnailUrl":"http:\/\/comunidad.iebschool.com\/saladeprensa\/files\/2017\/09\/concurso-emprendedores-300x179.jpg","keywords":["Concurso Emprendedores","Emprendedores"],"articleSection":["Notas de Prensa"],"inLanguage":"es","potentialAction":[{"@type":"CommentAction","name":"Comment","target":["https:\/\/www.iebschool.com\/saladeprensa\/2017\/09\/05\/iebs-amplia-el-plazo-de-inscripcion-para-su-concurso-de-emprendedores\/#respond"]}]},{"@type":"WebPage","@id":"https:\/\/www.iebschool.com\/saladeprensa\/2017\/09\/05\/iebs-amplia-el-plazo-de-inscripcion-para-su-concurso-de-emprendedores\/","url":"https:\/\/www.iebschool.com\/saladeprensa\/2017\/09\/05\/iebs-amplia-el-plazo-de-inscripcion-para-su-concurso-de-emprendedores\/","name":"IEBS ampl\u00eda el plazo de inscripci\u00f3n para su Concurso de Emprendedores - Sala de Prensa","isPartOf":{"@id":"https:\/\/www.iebschool.com\/saladeprensa\/#website"},"primaryImageOfPage":{"@id":"https:\/\/www.iebschool.com\/saladeprensa\/2017\/09\/05\/iebs-amplia-el-plazo-de-inscripcion-para-su-concurso-de-emprendedores\/#primaryimage"},"image":{"@id":"https:\/\/www.iebschool.com\/saladeprensa\/2017\/09\/05\/iebs-amplia-el-plazo-de-inscripcion-para-su-concurso-de-emprendedores\/#primaryimage"},"thumbnailUrl":"http:\/\/comunidad.iebschool.com\/saladeprensa\/files\/2017\/09\/concurso-emprendedores-300x179.jpg","datePublished":"2017-09-05T14:12:53+00:00","description":"Los participantes podr\u00e1n inscribirse hasta el 15 de septiembre de 2017 El certamen premiar\u00e1 con 24 Becas de estudio a los ganadores adem\u00e1s de mentoring","breadcrumb":{"@id":"https:\/\/www.iebschool.com\/saladeprensa\/2017\/09\/05\/iebs-amplia-el-plazo-de-inscripcion-para-su-concurso-de-emprendedores\/#breadcrumb"},"inLanguage":"es","potentialAction":[{"@type":"ReadAction","target":["https:\/\/www.iebschool.com\/saladeprensa\/2017\/09\/05\/iebs-amplia-el-plazo-de-inscripcion-para-su-concurso-de-emprendedores\/"]}]},{"@type":"ImageObject","inLanguage":"es","@id":"https:\/\/www.iebschool.com\/saladeprensa\/2017\/09\/05\/iebs-amplia-el-plazo-de-inscripcion-para-su-concurso-de-emprendedores\/#primaryimage","url":"http:\/\/comunidad.iebschool.com\/saladeprensa\/files\/2017\/09\/concurso-emprendedores-300x179.jpg","contentUrl":"http:\/\/comunidad.iebschool.com\/saladeprensa\/files\/2017\/09\/concurso-emprendedores-300x179.jpg"},{"@type":"BreadcrumbList","@id":"https:\/\/www.iebschool.com\/saladeprensa\/2017\/09\/05\/iebs-amplia-el-plazo-de-inscripcion-para-su-concurso-de-emprendedores\/#breadcrumb","itemListElement":[{"@type":"ListItem","position":1,"name":"Portada","item":"https:\/\/www.iebschool.com\/saladeprensa\/"},{"@type":"ListItem","position":2,"name":"IEBS ampl\u00eda el plazo de inscripci\u00f3n para su Concurso de Emprendedores"}]},{"@type":"WebSite","@id":"https:\/\/www.iebschool.com\/saladeprensa\/#website","url":"https:\/\/www.iebschool.com\/saladeprensa\/","name":"Sala de Prensa","description":"IEBS","publisher":{"@id":"https:\/\/www.iebschool.com\/saladeprensa\/#organization"},"potentialAction":[{"@type":"SearchAction","target":{"@type":"EntryPoint","urlTemplate":"https:\/\/www.iebschool.com\/saladeprensa\/?s={search_term_string}"},"query-input":{"@type":"PropertyValueSpecification","valueRequired":true,"valueName":"search_term_string"}}],"inLanguage":"es"},{"@type":"Organization","@id":"https:\/\/www.iebschool.com\/saladeprensa\/#organization","name":"Sala de Prensa","url":"https:\/\/www.iebschool.com\/saladeprensa\/","logo":{"@type":"ImageObject","inLanguage":"es","@id":"https:\/\/www.iebschool.com\/saladeprensa\/#\/schema\/logo\/image\/","url":"https:\/\/www.iebschool.com\/saladeprensa\/wp-content\/uploads\/2026\/02\/IEBS_Logo_BusinessSchool_1_Hor_Violeta-scaled.png","contentUrl":"https:\/\/www.iebschool.com\/saladeprensa\/wp-content\/uploads\/2026\/02\/IEBS_Logo_BusinessSchool_1_Hor_Violeta-scaled.png","width":2560,"height":374,"caption":"Sala de Prensa"},"image":{"@id":"https:\/\/www.iebschool.com\/saladeprensa\/#\/schema\/logo\/image\/"}},{"@type":"Person","@id":"https:\/\/www.iebschool.com\/saladeprensa\/#\/schema\/person\/47e807941a3fe34149a589c6036ae645","name":"Cristina Juan","image":{"@type":"ImageObject","inLanguage":"es","@id":"https:\/\/www.iebschool.com\/saladeprensa\/#\/schema\/person\/image\/","url":"https:\/\/secure.gravatar.com\/avatar\/edf29badb493f8c2c53dd885b548d2fd70ce598fadf488d3a4949bbd3b80a64a?s=96&d=mm&r=g","contentUrl":"https:\/\/secure.gravatar.com\/avatar\/edf29badb493f8c2c53dd885b548d2fd70ce598fadf488d3a4949bbd3b80a64a?s=96&d=mm&r=g","caption":"Cristina Juan"},"url":"https:\/\/www.iebschool.com\/saladeprensa\/author\/cjuanareainteractiva-net\/"}]}},"image_thumbnail":"https:\/\/www.iebschool.com\/saladeprensa\/wp-includes\/images\/media\/default.svg","image_full":"https:\/\/www.iebschool.com\/saladeprensa\/wp-includes\/images\/media\/default.svg","categoria":{"nombre":"Notas de Prensa","slug":"category\/notas-de-prensa"},"_links":{"self":[{"href":"https:\/\/www.iebschool.com\/saladeprensa\/wp-json\/wp\/v2\/posts\/3214","targetHints":{"allow":["GET"]}}],"collection":[{"href":"https:\/\/www.iebschool.com\/saladeprensa\/wp-json\/wp\/v2\/posts"}],"about":[{"href":"https:\/\/www.iebschool.com\/saladeprensa\/wp-json\/wp\/v2\/types\/post"}],"author":[{"embeddable":true,"href":"https:\/\/www.iebschool.com\/saladeprensa\/wp-json\/wp\/v2\/users\/4"}],"replies":[{"embeddable":true,"href":"https:\/\/www.iebschool.com\/saladeprensa\/wp-json\/wp\/v2\/comments?post=3214"}],"version-history":[{"count":0,"href":"https:\/\/www.iebschool.com\/saladeprensa\/wp-json\/wp\/v2\/posts\/3214\/revisions"}],"wp:attachment":[{"href":"https:\/\/www.iebschool.com\/saladeprensa\/wp-json\/wp\/v2\/media?parent=3214"}],"wp:term":[{"taxonomy":"category","embeddable":true,"href":"https:\/\/www.iebschool.com\/saladeprensa\/wp-json\/wp\/v2\/categories?post=3214"},{"taxonomy":"post_tag","embeddable":true,"href":"https:\/\/www.iebschool.com\/saladeprensa\/wp-json\/wp\/v2\/tags?post=3214"}],"curies":[{"name":"wp","href":"https:\/\/api.w.org\/{rel}","templated":true}]}}