{"id":3550,"date":"2019-02-11T10:07:44","date_gmt":"2019-02-11T08:07:44","guid":{"rendered":"https:\/\/comunidad.iebschool.com\/saladeprensa\/?p=3550"},"modified":"2019-02-11T10:07:44","modified_gmt":"2019-02-11T08:07:44","slug":"in-memorian-jose-ramon-robinat-rivadulla","status":"publish","type":"post","link":"https:\/\/www.iebschool.com\/saladeprensa\/2019\/02\/11\/in-memorian-jose-ramon-robinat-rivadulla\/","title":{"rendered":"In Memorian de Jos\u00e9 Ram\u00f3n Robinat Rivadulla"},"content":{"rendered":"<span style=\"font-weight: 400;\">Hoy es un d\u00eda triste para nosotros porque nos ha dejado Jos\u00e9 Ram\u00f3n, JR3 como sol\u00eda llamarle cuando le mandaba Whatsapps.\u00a0 Jos\u00e9 Ram\u00f3n fue una de las personas que confi\u00f3 en IEBS cuando solo era un embri\u00f3n y nos ayud\u00f3 a hacerlo crecer.\u00a0 Hoy que ya has visto como se hac\u00eda grande, tal vez, has pensado que ya pod\u00edas dejarnos amigo mio.<\/span>\n\n<span style=\"font-weight: 400;\">No te preocupes porque todo aquello que buscamos y t\u00fa me recordabas constantemente\u00a0 sobre la calidad de la educaci\u00f3n, el mimo y el respeto al alumno y que ten\u00edamos ofrecer un proyecto distinto que formaba en las competencias reales que reclamaba el mercado, con profesionales de cada materia que supieran de lo que hablaban y que no solo lo hubieran escrito en una tesis, porque as\u00ed lo dec\u00eda una ley que no sab\u00eda nada de esto, lo vamos a seguir manteniendo.<\/span>\n\nJos\u00e9 Ram\u00f3n fue uno de los grandes del Marketing, un pionero de la escuela de Ferr\u00e9 Trenzano. Ingeniero de educaci\u00f3n, su carrera evolucion\u00f3 dentro del mundo del marketing, ocupando diversos cargos directivos en empresas de Espa\u00f1a y Latinoam\u00e9rica. Adem\u00e1s, fue consultor para un gran y variado n\u00famero de empresas de \u00e1mbito nacional e internacional. Escribi\u00f3 varios libros como \u200b<a href=\"https:\/\/books.google.es\/books\/about\/La_gesti%C3%B3n_y_relaci%C3%B3n_con_los_clientes.html?hl=es&amp;id=6P7Liov3uXsC&amp;redir_esc=y\" target=\"_blank\" rel=\"noopener\">La gesti\u00f3n y relaci\u00f3n con los clientes<\/a>\u200b y \u200b<a href=\"https:\/\/books.google.com\/books\/about\/Enciclopedia_de_marketing_y_ventas.html?hl=es&amp;id=meRqQwAACAAJ\" target=\"_blank\" rel=\"noopener\">Enciclopedia de Marketing y Ventas<\/a>.\n\nTambi\u00e9n fue profesor en diversas Universidades y Business Schools de Europa y Am\u00e9rica, a las que se dedic\u00f3 en cuerpo y alma durante los \u00faltimos a\u00f1os de su vida. Incluso estando ya muy enfermo, \u00e9l segu\u00eda dando clases. Os prometo que lo hizo hasta que ya no pudo m\u00e1s, era su pasi\u00f3n.\n\nTe has ido antes de tiempo porque a\u00fan te necesit\u00e1bamos pero te puedes ir tranquilo porque has dejado un gran legado detr\u00e1s de ti, y all\u00ed donde est\u00e9s, estoy seguro de que ya estar\u00e1s dando guerra.\n\nQuiero que estas letras sirvan de homenaje y agradecimiento en nombre de toda la comunidad de IEBS \u00a1Con todo nuestro cari\u00f1o, hasta pronto amigo!\n\n<strong> Oscar Fuente<\/strong>\n<strong> Director General de IEBS<\/strong>","protected":false},"excerpt":{"rendered":"","protected":false},"author":12,"featured_media":3562,"comment_status":"open","ping_status":"open","sticky":false,"template":"","format":"standard","meta":{"footnotes":""},"categories":[6],"tags":[],"class_list":["post-3550","post","type-post","status-publish","format-standard","has-post-thumbnail","hentry","category-entrevista-profesores"],"yoast_head":"<!-- This site is optimized with the Yoast SEO Premium plugin v23.9 (Yoast SEO v24.6) - https:\/\/yoast.com\/wordpress\/plugins\/seo\/ -->\n<title>In Memorian de Jos\u00e9 Ram\u00f3n Robinat Rivadulla - Sala de Prensa<\/title>\n<meta name=\"description\" content=\"Hoy es un d\u00eda triste para nosotros porque nos ha dejado Jos\u00e9 Ram\u00f3n, JR3 como sol\u00eda llamarle cuando le mandaba Whatsapps.\u00a0 Jos\u00e9 Ram\u00f3n fue una de las\" \/>\n<meta name=\"robots\" content=\"index, follow, max-snippet:-1, max-image-preview:large, max-video-preview:-1\" \/>\n<link rel=\"canonical\" href=\"https:\/\/www.iebschool.com\/saladeprensa\/2019\/02\/11\/in-memorian-jose-ramon-robinat-rivadulla\/\" \/>\n<meta property=\"og:locale\" content=\"es_ES\" \/>\n<meta property=\"og:type\" content=\"article\" \/>\n<meta property=\"og:title\" content=\"In Memorian de Jos\u00e9 Ram\u00f3n Robinat Rivadulla\" \/>\n<meta property=\"og:description\" content=\"Hoy es un d\u00eda triste para nosotros porque nos ha dejado Jos\u00e9 Ram\u00f3n, JR3 como sol\u00eda llamarle cuando le mandaba Whatsapps.\u00a0 Jos\u00e9 Ram\u00f3n fue una de las\" \/>\n<meta property=\"og:url\" content=\"https:\/\/www.iebschool.com\/saladeprensa\/2019\/02\/11\/in-memorian-jose-ramon-robinat-rivadulla\/\" \/>\n<meta property=\"og:site_name\" content=\"Sala de Prensa\" \/>\n<meta property=\"article:published_time\" content=\"2019-02-11T08:07:44+00:00\" \/>\n<meta property=\"og:image\" content=\"https:\/\/www.iebschool.com\/saladeprensa\/wp-content\/uploads\/2019\/02\/IMG_4942-scaled.jpg\" \/>\n\t<meta property=\"og:image:width\" content=\"2560\" \/>\n\t<meta property=\"og:image:height\" content=\"1920\" \/>\n\t<meta property=\"og:image:type\" content=\"image\/jpeg\" \/>\n<meta name=\"author\" content=\"Manuel P\u00e9rez Cardona\" \/>\n<meta name=\"twitter:card\" content=\"summary_large_image\" \/>\n<meta name=\"twitter:label1\" content=\"Escrito por\" \/>\n\t<meta name=\"twitter:data1\" content=\"Manuel P\u00e9rez Cardona\" \/>\n\t<meta name=\"twitter:label2\" content=\"Tiempo de lectura\" \/>\n\t<meta name=\"twitter:data2\" content=\"2 minutos\" \/>\n<script type=\"application\/ld+json\" class=\"yoast-schema-graph\">{\"@context\":\"https:\/\/schema.org\",\"@graph\":[{\"@type\":\"Article\",\"@id\":\"https:\/\/www.iebschool.com\/saladeprensa\/2019\/02\/11\/in-memorian-jose-ramon-robinat-rivadulla\/#article\",\"isPartOf\":{\"@id\":\"https:\/\/www.iebschool.com\/saladeprensa\/2019\/02\/11\/in-memorian-jose-ramon-robinat-rivadulla\/\"},\"author\":{\"name\":\"Manuel P\u00e9rez Cardona\",\"@id\":\"https:\/\/www.iebschool.com\/saladeprensa\/#\/schema\/person\/145704a441d419ceb318bd03f3c1f62c\"},\"headline\":\"In Memorian de Jos\u00e9 Ram\u00f3n Robinat Rivadulla\",\"datePublished\":\"2019-02-11T08:07:44+00:00\",\"mainEntityOfPage\":{\"@id\":\"https:\/\/www.iebschool.com\/saladeprensa\/2019\/02\/11\/in-memorian-jose-ramon-robinat-rivadulla\/\"},\"wordCount\":371,\"commentCount\":0,\"publisher\":{\"@id\":\"https:\/\/www.iebschool.com\/saladeprensa\/#organization\"},\"image\":{\"@id\":\"https:\/\/www.iebschool.com\/saladeprensa\/2019\/02\/11\/in-memorian-jose-ramon-robinat-rivadulla\/#primaryimage\"},\"thumbnailUrl\":\"https:\/\/www.iebschool.com\/saladeprensa\/wp-content\/uploads\/2019\/02\/IMG_4942-scaled.jpg\",\"articleSection\":[\"Hablan nuestros profesores\"],\"inLanguage\":\"es\",\"potentialAction\":[{\"@type\":\"CommentAction\",\"name\":\"Comment\",\"target\":[\"https:\/\/www.iebschool.com\/saladeprensa\/2019\/02\/11\/in-memorian-jose-ramon-robinat-rivadulla\/#respond\"]}]},{\"@type\":\"WebPage\",\"@id\":\"https:\/\/www.iebschool.com\/saladeprensa\/2019\/02\/11\/in-memorian-jose-ramon-robinat-rivadulla\/\",\"url\":\"https:\/\/www.iebschool.com\/saladeprensa\/2019\/02\/11\/in-memorian-jose-ramon-robinat-rivadulla\/\",\"name\":\"In Memorian de Jos\u00e9 Ram\u00f3n Robinat Rivadulla - Sala de Prensa\",\"isPartOf\":{\"@id\":\"https:\/\/www.iebschool.com\/saladeprensa\/#website\"},\"primaryImageOfPage\":{\"@id\":\"https:\/\/www.iebschool.com\/saladeprensa\/2019\/02\/11\/in-memorian-jose-ramon-robinat-rivadulla\/#primaryimage\"},\"image\":{\"@id\":\"https:\/\/www.iebschool.com\/saladeprensa\/2019\/02\/11\/in-memorian-jose-ramon-robinat-rivadulla\/#primaryimage\"},\"thumbnailUrl\":\"https:\/\/www.iebschool.com\/saladeprensa\/wp-content\/uploads\/2019\/02\/IMG_4942-scaled.jpg\",\"datePublished\":\"2019-02-11T08:07:44+00:00\",\"description\":\"Hoy es un d\u00eda triste para nosotros porque nos ha dejado Jos\u00e9 Ram\u00f3n, JR3 como sol\u00eda llamarle cuando le mandaba Whatsapps.\u00a0 Jos\u00e9 Ram\u00f3n fue una de las\",\"breadcrumb\":{\"@id\":\"https:\/\/www.iebschool.com\/saladeprensa\/2019\/02\/11\/in-memorian-jose-ramon-robinat-rivadulla\/#breadcrumb\"},\"inLanguage\":\"es\",\"potentialAction\":[{\"@type\":\"ReadAction\",\"target\":[\"https:\/\/www.iebschool.com\/saladeprensa\/2019\/02\/11\/in-memorian-jose-ramon-robinat-rivadulla\/\"]}]},{\"@type\":\"ImageObject\",\"inLanguage\":\"es\",\"@id\":\"https:\/\/www.iebschool.com\/saladeprensa\/2019\/02\/11\/in-memorian-jose-ramon-robinat-rivadulla\/#primaryimage\",\"url\":\"https:\/\/www.iebschool.com\/saladeprensa\/wp-content\/uploads\/2019\/02\/IMG_4942-scaled.jpg\",\"contentUrl\":\"https:\/\/www.iebschool.com\/saladeprensa\/wp-content\/uploads\/2019\/02\/IMG_4942-scaled.jpg\",\"width\":2560,\"height\":1920,\"caption\":\"In memorian jose ramon robinat ribadulla\"},{\"@type\":\"BreadcrumbList\",\"@id\":\"https:\/\/www.iebschool.com\/saladeprensa\/2019\/02\/11\/in-memorian-jose-ramon-robinat-rivadulla\/#breadcrumb\",\"itemListElement\":[{\"@type\":\"ListItem\",\"position\":1,\"name\":\"Portada\",\"item\":\"https:\/\/www.iebschool.com\/saladeprensa\/\"},{\"@type\":\"ListItem\",\"position\":2,\"name\":\"In Memorian de Jos\u00e9 Ram\u00f3n Robinat Rivadulla\"}]},{\"@type\":\"WebSite\",\"@id\":\"https:\/\/www.iebschool.com\/saladeprensa\/#website\",\"url\":\"https:\/\/www.iebschool.com\/saladeprensa\/\",\"name\":\"Sala de Prensa\",\"description\":\"IEBS\",\"publisher\":{\"@id\":\"https:\/\/www.iebschool.com\/saladeprensa\/#organization\"},\"potentialAction\":[{\"@type\":\"SearchAction\",\"target\":{\"@type\":\"EntryPoint\",\"urlTemplate\":\"https:\/\/www.iebschool.com\/saladeprensa\/?s={search_term_string}\"},\"query-input\":{\"@type\":\"PropertyValueSpecification\",\"valueRequired\":true,\"valueName\":\"search_term_string\"}}],\"inLanguage\":\"es\"},{\"@type\":\"Organization\",\"@id\":\"https:\/\/www.iebschool.com\/saladeprensa\/#organization\",\"name\":\"Sala de Prensa\",\"url\":\"https:\/\/www.iebschool.com\/saladeprensa\/\",\"logo\":{\"@type\":\"ImageObject\",\"inLanguage\":\"es\",\"@id\":\"https:\/\/www.iebschool.com\/saladeprensa\/#\/schema\/logo\/image\/\",\"url\":\"https:\/\/www.iebschool.com\/saladeprensa\/wp-content\/uploads\/2026\/02\/IEBS_Logo_BusinessSchool_1_Hor_Violeta-scaled.png\",\"contentUrl\":\"https:\/\/www.iebschool.com\/saladeprensa\/wp-content\/uploads\/2026\/02\/IEBS_Logo_BusinessSchool_1_Hor_Violeta-scaled.png\",\"width\":2560,\"height\":374,\"caption\":\"Sala de Prensa\"},\"image\":{\"@id\":\"https:\/\/www.iebschool.com\/saladeprensa\/#\/schema\/logo\/image\/\"}},{\"@type\":\"Person\",\"@id\":\"https:\/\/www.iebschool.com\/saladeprensa\/#\/schema\/person\/145704a441d419ceb318bd03f3c1f62c\",\"name\":\"Manuel P\u00e9rez Cardona\",\"image\":{\"@type\":\"ImageObject\",\"inLanguage\":\"es\",\"@id\":\"https:\/\/www.iebschool.com\/saladeprensa\/#\/schema\/person\/image\/\",\"url\":\"https:\/\/secure.gravatar.com\/avatar\/3c998c11369cf41dd9096f984e1a97f5851eb1b622c9258db4bab23753df353f?s=96&d=mm&r=g\",\"contentUrl\":\"https:\/\/secure.gravatar.com\/avatar\/3c998c11369cf41dd9096f984e1a97f5851eb1b622c9258db4bab23753df353f?s=96&d=mm&r=g\",\"caption\":\"Manuel P\u00e9rez Cardona\"},\"url\":\"https:\/\/www.iebschool.com\/saladeprensa\/author\/manuelcosme-perezgmail-com\/\"}]}<\/script>\n<!-- \/ Yoast SEO Premium plugin. -->","yoast_head_json":{"title":"In Memorian de Jos\u00e9 Ram\u00f3n Robinat Rivadulla - Sala de Prensa","description":"Hoy es un d\u00eda triste para nosotros porque nos ha dejado Jos\u00e9 Ram\u00f3n, JR3 como sol\u00eda llamarle cuando le mandaba Whatsapps.\u00a0 Jos\u00e9 Ram\u00f3n fue una de las","robots":{"index":"index","follow":"follow","max-snippet":"max-snippet:-1","max-image-preview":"max-image-preview:large","max-video-preview":"max-video-preview:-1"},"canonical":"https:\/\/www.iebschool.com\/saladeprensa\/2019\/02\/11\/in-memorian-jose-ramon-robinat-rivadulla\/","og_locale":"es_ES","og_type":"article","og_title":"In Memorian de Jos\u00e9 Ram\u00f3n Robinat Rivadulla","og_description":"Hoy es un d\u00eda triste para nosotros porque nos ha dejado Jos\u00e9 Ram\u00f3n, JR3 como sol\u00eda llamarle cuando le mandaba Whatsapps.\u00a0 Jos\u00e9 Ram\u00f3n fue una de las","og_url":"https:\/\/www.iebschool.com\/saladeprensa\/2019\/02\/11\/in-memorian-jose-ramon-robinat-rivadulla\/","og_site_name":"Sala de Prensa","article_published_time":"2019-02-11T08:07:44+00:00","og_image":[{"width":2560,"height":1920,"url":"https:\/\/www.iebschool.com\/saladeprensa\/wp-content\/uploads\/2019\/02\/IMG_4942-scaled.jpg","type":"image\/jpeg"}],"author":"Manuel P\u00e9rez Cardona","twitter_card":"summary_large_image","twitter_misc":{"Escrito por":"Manuel P\u00e9rez Cardona","Tiempo de lectura":"2 minutos"},"schema":{"@context":"https:\/\/schema.org","@graph":[{"@type":"Article","@id":"https:\/\/www.iebschool.com\/saladeprensa\/2019\/02\/11\/in-memorian-jose-ramon-robinat-rivadulla\/#article","isPartOf":{"@id":"https:\/\/www.iebschool.com\/saladeprensa\/2019\/02\/11\/in-memorian-jose-ramon-robinat-rivadulla\/"},"author":{"name":"Manuel P\u00e9rez Cardona","@id":"https:\/\/www.iebschool.com\/saladeprensa\/#\/schema\/person\/145704a441d419ceb318bd03f3c1f62c"},"headline":"In Memorian de Jos\u00e9 Ram\u00f3n Robinat Rivadulla","datePublished":"2019-02-11T08:07:44+00:00","mainEntityOfPage":{"@id":"https:\/\/www.iebschool.com\/saladeprensa\/2019\/02\/11\/in-memorian-jose-ramon-robinat-rivadulla\/"},"wordCount":371,"commentCount":0,"publisher":{"@id":"https:\/\/www.iebschool.com\/saladeprensa\/#organization"},"image":{"@id":"https:\/\/www.iebschool.com\/saladeprensa\/2019\/02\/11\/in-memorian-jose-ramon-robinat-rivadulla\/#primaryimage"},"thumbnailUrl":"https:\/\/www.iebschool.com\/saladeprensa\/wp-content\/uploads\/2019\/02\/IMG_4942-scaled.jpg","articleSection":["Hablan nuestros profesores"],"inLanguage":"es","potentialAction":[{"@type":"CommentAction","name":"Comment","target":["https:\/\/www.iebschool.com\/saladeprensa\/2019\/02\/11\/in-memorian-jose-ramon-robinat-rivadulla\/#respond"]}]},{"@type":"WebPage","@id":"https:\/\/www.iebschool.com\/saladeprensa\/2019\/02\/11\/in-memorian-jose-ramon-robinat-rivadulla\/","url":"https:\/\/www.iebschool.com\/saladeprensa\/2019\/02\/11\/in-memorian-jose-ramon-robinat-rivadulla\/","name":"In Memorian de Jos\u00e9 Ram\u00f3n Robinat Rivadulla - Sala de Prensa","isPartOf":{"@id":"https:\/\/www.iebschool.com\/saladeprensa\/#website"},"primaryImageOfPage":{"@id":"https:\/\/www.iebschool.com\/saladeprensa\/2019\/02\/11\/in-memorian-jose-ramon-robinat-rivadulla\/#primaryimage"},"image":{"@id":"https:\/\/www.iebschool.com\/saladeprensa\/2019\/02\/11\/in-memorian-jose-ramon-robinat-rivadulla\/#primaryimage"},"thumbnailUrl":"https:\/\/www.iebschool.com\/saladeprensa\/wp-content\/uploads\/2019\/02\/IMG_4942-scaled.jpg","datePublished":"2019-02-11T08:07:44+00:00","description":"Hoy es un d\u00eda triste para nosotros porque nos ha dejado Jos\u00e9 Ram\u00f3n, JR3 como sol\u00eda llamarle cuando le mandaba Whatsapps.\u00a0 Jos\u00e9 Ram\u00f3n fue una de las","breadcrumb":{"@id":"https:\/\/www.iebschool.com\/saladeprensa\/2019\/02\/11\/in-memorian-jose-ramon-robinat-rivadulla\/#breadcrumb"},"inLanguage":"es","potentialAction":[{"@type":"ReadAction","target":["https:\/\/www.iebschool.com\/saladeprensa\/2019\/02\/11\/in-memorian-jose-ramon-robinat-rivadulla\/"]}]},{"@type":"ImageObject","inLanguage":"es","@id":"https:\/\/www.iebschool.com\/saladeprensa\/2019\/02\/11\/in-memorian-jose-ramon-robinat-rivadulla\/#primaryimage","url":"https:\/\/www.iebschool.com\/saladeprensa\/wp-content\/uploads\/2019\/02\/IMG_4942-scaled.jpg","contentUrl":"https:\/\/www.iebschool.com\/saladeprensa\/wp-content\/uploads\/2019\/02\/IMG_4942-scaled.jpg","width":2560,"height":1920,"caption":"In memorian jose ramon robinat ribadulla"},{"@type":"BreadcrumbList","@id":"https:\/\/www.iebschool.com\/saladeprensa\/2019\/02\/11\/in-memorian-jose-ramon-robinat-rivadulla\/#breadcrumb","itemListElement":[{"@type":"ListItem","position":1,"name":"Portada","item":"https:\/\/www.iebschool.com\/saladeprensa\/"},{"@type":"ListItem","position":2,"name":"In Memorian de Jos\u00e9 Ram\u00f3n Robinat Rivadulla"}]},{"@type":"WebSite","@id":"https:\/\/www.iebschool.com\/saladeprensa\/#website","url":"https:\/\/www.iebschool.com\/saladeprensa\/","name":"Sala de Prensa","description":"IEBS","publisher":{"@id":"https:\/\/www.iebschool.com\/saladeprensa\/#organization"},"potentialAction":[{"@type":"SearchAction","target":{"@type":"EntryPoint","urlTemplate":"https:\/\/www.iebschool.com\/saladeprensa\/?s={search_term_string}"},"query-input":{"@type":"PropertyValueSpecification","valueRequired":true,"valueName":"search_term_string"}}],"inLanguage":"es"},{"@type":"Organization","@id":"https:\/\/www.iebschool.com\/saladeprensa\/#organization","name":"Sala de Prensa","url":"https:\/\/www.iebschool.com\/saladeprensa\/","logo":{"@type":"ImageObject","inLanguage":"es","@id":"https:\/\/www.iebschool.com\/saladeprensa\/#\/schema\/logo\/image\/","url":"https:\/\/www.iebschool.com\/saladeprensa\/wp-content\/uploads\/2026\/02\/IEBS_Logo_BusinessSchool_1_Hor_Violeta-scaled.png","contentUrl":"https:\/\/www.iebschool.com\/saladeprensa\/wp-content\/uploads\/2026\/02\/IEBS_Logo_BusinessSchool_1_Hor_Violeta-scaled.png","width":2560,"height":374,"caption":"Sala de Prensa"},"image":{"@id":"https:\/\/www.iebschool.com\/saladeprensa\/#\/schema\/logo\/image\/"}},{"@type":"Person","@id":"https:\/\/www.iebschool.com\/saladeprensa\/#\/schema\/person\/145704a441d419ceb318bd03f3c1f62c","name":"Manuel P\u00e9rez Cardona","image":{"@type":"ImageObject","inLanguage":"es","@id":"https:\/\/www.iebschool.com\/saladeprensa\/#\/schema\/person\/image\/","url":"https:\/\/secure.gravatar.com\/avatar\/3c998c11369cf41dd9096f984e1a97f5851eb1b622c9258db4bab23753df353f?s=96&d=mm&r=g","contentUrl":"https:\/\/secure.gravatar.com\/avatar\/3c998c11369cf41dd9096f984e1a97f5851eb1b622c9258db4bab23753df353f?s=96&d=mm&r=g","caption":"Manuel P\u00e9rez Cardona"},"url":"https:\/\/www.iebschool.com\/saladeprensa\/author\/manuelcosme-perezgmail-com\/"}]}},"image_thumbnail":"https:\/\/www.iebschool.com\/saladeprensa\/wp-content\/uploads\/2019\/02\/IMG_4942-300x225.jpg","image_full":"https:\/\/www.iebschool.com\/saladeprensa\/wp-content\/uploads\/2019\/02\/IMG_4942-scaled.jpg","categoria":{"nombre":"Hablan nuestros profesores","slug":"category\/entrevista-profesores"},"_links":{"self":[{"href":"https:\/\/www.iebschool.com\/saladeprensa\/wp-json\/wp\/v2\/posts\/3550","targetHints":{"allow":["GET"]}}],"collection":[{"href":"https:\/\/www.iebschool.com\/saladeprensa\/wp-json\/wp\/v2\/posts"}],"about":[{"href":"https:\/\/www.iebschool.com\/saladeprensa\/wp-json\/wp\/v2\/types\/post"}],"author":[{"embeddable":true,"href":"https:\/\/www.iebschool.com\/saladeprensa\/wp-json\/wp\/v2\/users\/12"}],"replies":[{"embeddable":true,"href":"https:\/\/www.iebschool.com\/saladeprensa\/wp-json\/wp\/v2\/comments?post=3550"}],"version-history":[{"count":0,"href":"https:\/\/www.iebschool.com\/saladeprensa\/wp-json\/wp\/v2\/posts\/3550\/revisions"}],"wp:featuredmedia":[{"embeddable":true,"href":"https:\/\/www.iebschool.com\/saladeprensa\/wp-json\/wp\/v2\/media\/3562"}],"wp:attachment":[{"href":"https:\/\/www.iebschool.com\/saladeprensa\/wp-json\/wp\/v2\/media?parent=3550"}],"wp:term":[{"taxonomy":"category","embeddable":true,"href":"https:\/\/www.iebschool.com\/saladeprensa\/wp-json\/wp\/v2\/categories?post=3550"},{"taxonomy":"post_tag","embeddable":true,"href":"https:\/\/www.iebschool.com\/saladeprensa\/wp-json\/wp\/v2\/tags?post=3550"}],"curies":[{"name":"wp","href":"https:\/\/api.w.org\/{rel}","templated":true}]}}