{"id":3644,"date":"2019-07-16T12:26:47","date_gmt":"2019-07-16T10:26:47","guid":{"rendered":"https:\/\/comunidad.iebschool.com\/saladeprensa\/?p=3644"},"modified":"2019-07-16T12:26:47","modified_gmt":"2019-07-16T10:26:47","slug":"iebs-formara-a-expertos-en-ux-design-para-cubrir-la-demanda-de-las-empresas-digitales","status":"publish","type":"post","link":"https:\/\/www.iebschool.com\/saladeprensa\/2019\/07\/16\/iebs-formara-a-expertos-en-ux-design-para-cubrir-la-demanda-de-las-empresas-digitales\/","title":{"rendered":"IEBS formar\u00e1 a expertos en UX Design para cubrir la demanda de las empresas digitales"},"content":{"rendered":"<ul>\n\t<li>Los especialistas en experiencia de usuario se encuentran entre los m\u00e1s solicitados por las empresas del sector IT<span style=\"font-weight: 400\">.<\/span><\/li>\n\t<li>Las empresas duplicar\u00e1n sus plantillas de expertos en usabilidad.<\/li>\n\t<li>La escuela de negocios IEBS recoge tres habilidades que debe tener un buen UX Design.<\/li>\n<\/ul>\n<b>Madrid, 16 de julio de 2019<\/b><span style=\"font-weight: 400\">. Los expertos en UX Design son los encargados de dise\u00f1ar y mejorar la experiencia de los usuarios en una web. Una labor fundamental para que los negocios digitales tengan \u00e9xito. \u201c<\/span><i><span style=\"font-weight: 400\">La primera impresi\u00f3n es clave para fidelizar a los usuarios. Una navegaci\u00f3n r\u00e1pida, en la que sea f\u00e1cil encontrar lo que buscamos, intuitiva y sencilla, permite captar clientes y, por ello, este\u00a0 profesional se perfila como uno de los m\u00e1s valorados por las empresas<\/span><\/i><span style=\"font-weight: 400\">\u201d, explica \u00d3scar Fuente, director de la escuela de negocios online IEBS.<\/span>\n\n<span style=\"font-weight: 400\">As\u00ed, dada la importancia que tienen los profesionales en UX Design en el \u00e9xito de una web, las empresas digitales han empezado a poner el foco en este tipo de especialista. Seg\u00fan una encuesta de Adobe, recogida por IEBS, el 87% de los directores y l\u00edderes de UX coinciden en que integrar a dise\u00f1adores de producto es una de las prioridades principales para la organizaci\u00f3n. Adem\u00e1s, el 73% mencion\u00f3 que ten\u00eda planeado duplicar el n\u00famero de estos perfiles en sus equipos en los pr\u00f3ximos cinco a\u00f1os.<\/span>\n\n<span style=\"font-weight: 400\">Ante esto, la escuela de negocios online IEBS, ha puesto en marcha el <\/span><a href=\"https:\/\/www.iebschool.com\/programas\/postgrado-experiencia-usuario-diseno-productos-digitales\/\" target=\"_blank\" rel=\"noopener\"><span style=\"font-weight: 400\">postgrado en UX &amp; UI Product Design<\/span><\/a><span style=\"font-weight: 400\">. Unos estudios con los que se busca formar a los pr\u00f3ximos expertos en usabilidad web cuya funci\u00f3n ser\u00e1 dise\u00f1ar proyectos digitales \u00fanicos, intuitivos y de \u00e9xito.\u00a0<\/span>\n\n<span style=\"font-weight: 400\">El curso est\u00e1 pensado para gestores de equipos de tecnolog\u00edas de informaci\u00f3n cuyo objetivo es crear y mejorar productos digitales, desarrolladores Front-End (web y <\/span><i><span style=\"font-weight: 400\">mobile<\/span><\/i><span style=\"font-weight: 400\">) y para aquellos profesionales del dise\u00f1o gr\u00e1fico, audiovisual, comunicaci\u00f3n y marketing que busquen dar un giro a su carrera.<\/span>\n\n<span style=\"font-weight: 400\">Desde IEBS se\u00f1alan que, entre las habilidades que debe tener un buen UX Design se encuentran:<\/span>\n\n<b>Psicolog\u00eda y habilidades interpersonales. <\/b><span style=\"font-weight: 400\">Un UX Design tiene que tener habilidades interpersonales que le permitan anticipar y prever c\u00f3mo se comportan los usuarios para usar esa informaci\u00f3n de cara a mejorar su producto.\u00a0<\/span>\n\n<b>Anal\u00edtica digital<\/b><span style=\"font-weight: 400\">. Los expertos en usabilidad tambi\u00e9n tienen que ser capaces de identificar los problemas de una web a la vez que deben detectar y adelantarse a las posibles necesidades de los usuarios. Para ello tienen que investigar, adem\u00e1s de conocer y usar correctamente las herramientas de anal\u00edtica digital que le permitan averiguar c\u00f3mo se relacionan los usuarios con la web y realizar test y pruebas para probar sus hip\u00f3tesis.\u00a0<\/span>\n\n<b>Estrategia de contenido y creatividad<\/b><span style=\"font-weight: 400\">. Un UX Design debe desarrollar estrategias creativas de contenido para resolver las necesidades de los usuarios. El objetivo es implementar las mejoras necesarias para que la web sea m\u00e1s intuitiva, sencilla y f\u00e1cil de usar.<\/span>","protected":false},"excerpt":{"rendered":"","protected":false},"author":13,"featured_media":0,"comment_status":"open","ping_status":"open","sticky":false,"template":"","format":"standard","meta":{"footnotes":""},"categories":[8],"tags":[193,236,240,241],"class_list":["post-3644","post","type-post","status-publish","format-standard","hentry","category-notas-de-prensa","tag-postgrado","tag-ui","tag-usabilidad","tag-ux"],"yoast_head":"<!-- This site is optimized with the Yoast SEO Premium plugin v23.9 (Yoast SEO v24.6) - https:\/\/yoast.com\/wordpress\/plugins\/seo\/ -->\n<title>IEBS formar\u00e1 a expertos en UX Design para cubrir la demanda de las empresas digitales - Sala de Prensa<\/title>\n<meta name=\"description\" content=\"F\u00f3rmate en UX Product Designer con nuestro postgrado y consigue suplir la demanda de las empresas \u00bfa qu\u00e9 esperas?\" \/>\n<meta name=\"robots\" content=\"index, follow, max-snippet:-1, max-image-preview:large, max-video-preview:-1\" \/>\n<link rel=\"canonical\" href=\"https:\/\/www.iebschool.com\/saladeprensa\/2019\/07\/16\/iebs-formara-a-expertos-en-ux-design-para-cubrir-la-demanda-de-las-empresas-digitales\/\" \/>\n<meta property=\"og:locale\" content=\"es_ES\" \/>\n<meta property=\"og:type\" content=\"article\" \/>\n<meta property=\"og:title\" content=\"IEBS formar\u00e1 a expertos en UX Design para cubrir la demanda de las empresas digitales\" \/>\n<meta property=\"og:description\" content=\"F\u00f3rmate en UX Product Designer con nuestro postgrado y consigue suplir la demanda de las empresas \u00bfa qu\u00e9 esperas?\" \/>\n<meta property=\"og:url\" content=\"https:\/\/www.iebschool.com\/saladeprensa\/2019\/07\/16\/iebs-formara-a-expertos-en-ux-design-para-cubrir-la-demanda-de-las-empresas-digitales\/\" \/>\n<meta property=\"og:site_name\" content=\"Sala de Prensa\" \/>\n<meta property=\"article:published_time\" content=\"2019-07-16T10:26:47+00:00\" \/>\n<meta name=\"author\" content=\"Marta Esta\u00fan\" \/>\n<meta name=\"twitter:card\" content=\"summary_large_image\" \/>\n<meta name=\"twitter:label1\" content=\"Escrito por\" \/>\n\t<meta name=\"twitter:data1\" content=\"Marta Esta\u00fan\" \/>\n\t<meta name=\"twitter:label2\" content=\"Tiempo de lectura\" \/>\n\t<meta name=\"twitter:data2\" content=\"3 minutos\" \/>\n<script type=\"application\/ld+json\" class=\"yoast-schema-graph\">{\"@context\":\"https:\/\/schema.org\",\"@graph\":[{\"@type\":\"Article\",\"@id\":\"https:\/\/www.iebschool.com\/saladeprensa\/2019\/07\/16\/iebs-formara-a-expertos-en-ux-design-para-cubrir-la-demanda-de-las-empresas-digitales\/#article\",\"isPartOf\":{\"@id\":\"https:\/\/www.iebschool.com\/saladeprensa\/2019\/07\/16\/iebs-formara-a-expertos-en-ux-design-para-cubrir-la-demanda-de-las-empresas-digitales\/\"},\"author\":{\"name\":\"Marta Esta\u00fan\",\"@id\":\"https:\/\/www.iebschool.com\/saladeprensa\/#\/schema\/person\/693cab7d5fde887d433b2920514703b6\"},\"headline\":\"IEBS formar\u00e1 a expertos en UX Design para cubrir la demanda de las empresas digitales\",\"datePublished\":\"2019-07-16T10:26:47+00:00\",\"mainEntityOfPage\":{\"@id\":\"https:\/\/www.iebschool.com\/saladeprensa\/2019\/07\/16\/iebs-formara-a-expertos-en-ux-design-para-cubrir-la-demanda-de-las-empresas-digitales\/\"},\"wordCount\":516,\"commentCount\":0,\"publisher\":{\"@id\":\"https:\/\/www.iebschool.com\/saladeprensa\/#organization\"},\"keywords\":[\"postgrado\",\"ui\",\"usabilidad\",\"ux\"],\"articleSection\":[\"Notas de Prensa\"],\"inLanguage\":\"es\",\"potentialAction\":[{\"@type\":\"CommentAction\",\"name\":\"Comment\",\"target\":[\"https:\/\/www.iebschool.com\/saladeprensa\/2019\/07\/16\/iebs-formara-a-expertos-en-ux-design-para-cubrir-la-demanda-de-las-empresas-digitales\/#respond\"]}]},{\"@type\":\"WebPage\",\"@id\":\"https:\/\/www.iebschool.com\/saladeprensa\/2019\/07\/16\/iebs-formara-a-expertos-en-ux-design-para-cubrir-la-demanda-de-las-empresas-digitales\/\",\"url\":\"https:\/\/www.iebschool.com\/saladeprensa\/2019\/07\/16\/iebs-formara-a-expertos-en-ux-design-para-cubrir-la-demanda-de-las-empresas-digitales\/\",\"name\":\"IEBS formar\u00e1 a expertos en UX Design para cubrir la demanda de las empresas digitales - Sala de Prensa\",\"isPartOf\":{\"@id\":\"https:\/\/www.iebschool.com\/saladeprensa\/#website\"},\"datePublished\":\"2019-07-16T10:26:47+00:00\",\"description\":\"F\u00f3rmate en UX Product Designer con nuestro postgrado y consigue suplir la demanda de las empresas \u00bfa qu\u00e9 esperas?\",\"breadcrumb\":{\"@id\":\"https:\/\/www.iebschool.com\/saladeprensa\/2019\/07\/16\/iebs-formara-a-expertos-en-ux-design-para-cubrir-la-demanda-de-las-empresas-digitales\/#breadcrumb\"},\"inLanguage\":\"es\",\"potentialAction\":[{\"@type\":\"ReadAction\",\"target\":[\"https:\/\/www.iebschool.com\/saladeprensa\/2019\/07\/16\/iebs-formara-a-expertos-en-ux-design-para-cubrir-la-demanda-de-las-empresas-digitales\/\"]}]},{\"@type\":\"BreadcrumbList\",\"@id\":\"https:\/\/www.iebschool.com\/saladeprensa\/2019\/07\/16\/iebs-formara-a-expertos-en-ux-design-para-cubrir-la-demanda-de-las-empresas-digitales\/#breadcrumb\",\"itemListElement\":[{\"@type\":\"ListItem\",\"position\":1,\"name\":\"Portada\",\"item\":\"https:\/\/www.iebschool.com\/saladeprensa\/\"},{\"@type\":\"ListItem\",\"position\":2,\"name\":\"IEBS formar\u00e1 a expertos en UX Design para cubrir la demanda de las empresas digitales\"}]},{\"@type\":\"WebSite\",\"@id\":\"https:\/\/www.iebschool.com\/saladeprensa\/#website\",\"url\":\"https:\/\/www.iebschool.com\/saladeprensa\/\",\"name\":\"Sala de Prensa\",\"description\":\"IEBS\",\"publisher\":{\"@id\":\"https:\/\/www.iebschool.com\/saladeprensa\/#organization\"},\"potentialAction\":[{\"@type\":\"SearchAction\",\"target\":{\"@type\":\"EntryPoint\",\"urlTemplate\":\"https:\/\/www.iebschool.com\/saladeprensa\/?s={search_term_string}\"},\"query-input\":{\"@type\":\"PropertyValueSpecification\",\"valueRequired\":true,\"valueName\":\"search_term_string\"}}],\"inLanguage\":\"es\"},{\"@type\":\"Organization\",\"@id\":\"https:\/\/www.iebschool.com\/saladeprensa\/#organization\",\"name\":\"Sala de Prensa\",\"url\":\"https:\/\/www.iebschool.com\/saladeprensa\/\",\"logo\":{\"@type\":\"ImageObject\",\"inLanguage\":\"es\",\"@id\":\"https:\/\/www.iebschool.com\/saladeprensa\/#\/schema\/logo\/image\/\",\"url\":\"https:\/\/www.iebschool.com\/saladeprensa\/wp-content\/uploads\/2026\/02\/IEBS_Logo_BusinessSchool_1_Hor_Violeta-scaled.png\",\"contentUrl\":\"https:\/\/www.iebschool.com\/saladeprensa\/wp-content\/uploads\/2026\/02\/IEBS_Logo_BusinessSchool_1_Hor_Violeta-scaled.png\",\"width\":2560,\"height\":374,\"caption\":\"Sala de Prensa\"},\"image\":{\"@id\":\"https:\/\/www.iebschool.com\/saladeprensa\/#\/schema\/logo\/image\/\"}},{\"@type\":\"Person\",\"@id\":\"https:\/\/www.iebschool.com\/saladeprensa\/#\/schema\/person\/693cab7d5fde887d433b2920514703b6\",\"name\":\"Marta Esta\u00fan\",\"image\":{\"@type\":\"ImageObject\",\"inLanguage\":\"es\",\"@id\":\"https:\/\/www.iebschool.com\/saladeprensa\/#\/schema\/person\/image\/\",\"url\":\"https:\/\/secure.gravatar.com\/avatar\/58e42a4c820dea3b04b50e61443a39362e73de8699f0ee9ec3056107ef52751d?s=96&d=mm&r=g\",\"contentUrl\":\"https:\/\/secure.gravatar.com\/avatar\/58e42a4c820dea3b04b50e61443a39362e73de8699f0ee9ec3056107ef52751d?s=96&d=mm&r=g\",\"caption\":\"Marta Esta\u00fan\"},\"url\":\"https:\/\/www.iebschool.com\/saladeprensa\/author\/martaiebschool-com\/\"}]}<\/script>\n<!-- \/ Yoast SEO Premium plugin. -->","yoast_head_json":{"title":"IEBS formar\u00e1 a expertos en UX Design para cubrir la demanda de las empresas digitales - Sala de Prensa","description":"F\u00f3rmate en UX Product Designer con nuestro postgrado y consigue suplir la demanda de las empresas \u00bfa qu\u00e9 esperas?","robots":{"index":"index","follow":"follow","max-snippet":"max-snippet:-1","max-image-preview":"max-image-preview:large","max-video-preview":"max-video-preview:-1"},"canonical":"https:\/\/www.iebschool.com\/saladeprensa\/2019\/07\/16\/iebs-formara-a-expertos-en-ux-design-para-cubrir-la-demanda-de-las-empresas-digitales\/","og_locale":"es_ES","og_type":"article","og_title":"IEBS formar\u00e1 a expertos en UX Design para cubrir la demanda de las empresas digitales","og_description":"F\u00f3rmate en UX Product Designer con nuestro postgrado y consigue suplir la demanda de las empresas \u00bfa qu\u00e9 esperas?","og_url":"https:\/\/www.iebschool.com\/saladeprensa\/2019\/07\/16\/iebs-formara-a-expertos-en-ux-design-para-cubrir-la-demanda-de-las-empresas-digitales\/","og_site_name":"Sala de Prensa","article_published_time":"2019-07-16T10:26:47+00:00","author":"Marta Esta\u00fan","twitter_card":"summary_large_image","twitter_misc":{"Escrito por":"Marta Esta\u00fan","Tiempo de lectura":"3 minutos"},"schema":{"@context":"https:\/\/schema.org","@graph":[{"@type":"Article","@id":"https:\/\/www.iebschool.com\/saladeprensa\/2019\/07\/16\/iebs-formara-a-expertos-en-ux-design-para-cubrir-la-demanda-de-las-empresas-digitales\/#article","isPartOf":{"@id":"https:\/\/www.iebschool.com\/saladeprensa\/2019\/07\/16\/iebs-formara-a-expertos-en-ux-design-para-cubrir-la-demanda-de-las-empresas-digitales\/"},"author":{"name":"Marta Esta\u00fan","@id":"https:\/\/www.iebschool.com\/saladeprensa\/#\/schema\/person\/693cab7d5fde887d433b2920514703b6"},"headline":"IEBS formar\u00e1 a expertos en UX Design para cubrir la demanda de las empresas digitales","datePublished":"2019-07-16T10:26:47+00:00","mainEntityOfPage":{"@id":"https:\/\/www.iebschool.com\/saladeprensa\/2019\/07\/16\/iebs-formara-a-expertos-en-ux-design-para-cubrir-la-demanda-de-las-empresas-digitales\/"},"wordCount":516,"commentCount":0,"publisher":{"@id":"https:\/\/www.iebschool.com\/saladeprensa\/#organization"},"keywords":["postgrado","ui","usabilidad","ux"],"articleSection":["Notas de Prensa"],"inLanguage":"es","potentialAction":[{"@type":"CommentAction","name":"Comment","target":["https:\/\/www.iebschool.com\/saladeprensa\/2019\/07\/16\/iebs-formara-a-expertos-en-ux-design-para-cubrir-la-demanda-de-las-empresas-digitales\/#respond"]}]},{"@type":"WebPage","@id":"https:\/\/www.iebschool.com\/saladeprensa\/2019\/07\/16\/iebs-formara-a-expertos-en-ux-design-para-cubrir-la-demanda-de-las-empresas-digitales\/","url":"https:\/\/www.iebschool.com\/saladeprensa\/2019\/07\/16\/iebs-formara-a-expertos-en-ux-design-para-cubrir-la-demanda-de-las-empresas-digitales\/","name":"IEBS formar\u00e1 a expertos en UX Design para cubrir la demanda de las empresas digitales - Sala de Prensa","isPartOf":{"@id":"https:\/\/www.iebschool.com\/saladeprensa\/#website"},"datePublished":"2019-07-16T10:26:47+00:00","description":"F\u00f3rmate en UX Product Designer con nuestro postgrado y consigue suplir la demanda de las empresas \u00bfa qu\u00e9 esperas?","breadcrumb":{"@id":"https:\/\/www.iebschool.com\/saladeprensa\/2019\/07\/16\/iebs-formara-a-expertos-en-ux-design-para-cubrir-la-demanda-de-las-empresas-digitales\/#breadcrumb"},"inLanguage":"es","potentialAction":[{"@type":"ReadAction","target":["https:\/\/www.iebschool.com\/saladeprensa\/2019\/07\/16\/iebs-formara-a-expertos-en-ux-design-para-cubrir-la-demanda-de-las-empresas-digitales\/"]}]},{"@type":"BreadcrumbList","@id":"https:\/\/www.iebschool.com\/saladeprensa\/2019\/07\/16\/iebs-formara-a-expertos-en-ux-design-para-cubrir-la-demanda-de-las-empresas-digitales\/#breadcrumb","itemListElement":[{"@type":"ListItem","position":1,"name":"Portada","item":"https:\/\/www.iebschool.com\/saladeprensa\/"},{"@type":"ListItem","position":2,"name":"IEBS formar\u00e1 a expertos en UX Design para cubrir la demanda de las empresas digitales"}]},{"@type":"WebSite","@id":"https:\/\/www.iebschool.com\/saladeprensa\/#website","url":"https:\/\/www.iebschool.com\/saladeprensa\/","name":"Sala de Prensa","description":"IEBS","publisher":{"@id":"https:\/\/www.iebschool.com\/saladeprensa\/#organization"},"potentialAction":[{"@type":"SearchAction","target":{"@type":"EntryPoint","urlTemplate":"https:\/\/www.iebschool.com\/saladeprensa\/?s={search_term_string}"},"query-input":{"@type":"PropertyValueSpecification","valueRequired":true,"valueName":"search_term_string"}}],"inLanguage":"es"},{"@type":"Organization","@id":"https:\/\/www.iebschool.com\/saladeprensa\/#organization","name":"Sala de Prensa","url":"https:\/\/www.iebschool.com\/saladeprensa\/","logo":{"@type":"ImageObject","inLanguage":"es","@id":"https:\/\/www.iebschool.com\/saladeprensa\/#\/schema\/logo\/image\/","url":"https:\/\/www.iebschool.com\/saladeprensa\/wp-content\/uploads\/2026\/02\/IEBS_Logo_BusinessSchool_1_Hor_Violeta-scaled.png","contentUrl":"https:\/\/www.iebschool.com\/saladeprensa\/wp-content\/uploads\/2026\/02\/IEBS_Logo_BusinessSchool_1_Hor_Violeta-scaled.png","width":2560,"height":374,"caption":"Sala de Prensa"},"image":{"@id":"https:\/\/www.iebschool.com\/saladeprensa\/#\/schema\/logo\/image\/"}},{"@type":"Person","@id":"https:\/\/www.iebschool.com\/saladeprensa\/#\/schema\/person\/693cab7d5fde887d433b2920514703b6","name":"Marta Esta\u00fan","image":{"@type":"ImageObject","inLanguage":"es","@id":"https:\/\/www.iebschool.com\/saladeprensa\/#\/schema\/person\/image\/","url":"https:\/\/secure.gravatar.com\/avatar\/58e42a4c820dea3b04b50e61443a39362e73de8699f0ee9ec3056107ef52751d?s=96&d=mm&r=g","contentUrl":"https:\/\/secure.gravatar.com\/avatar\/58e42a4c820dea3b04b50e61443a39362e73de8699f0ee9ec3056107ef52751d?s=96&d=mm&r=g","caption":"Marta Esta\u00fan"},"url":"https:\/\/www.iebschool.com\/saladeprensa\/author\/martaiebschool-com\/"}]}},"image_thumbnail":"https:\/\/www.iebschool.com\/saladeprensa\/wp-includes\/images\/media\/default.svg","image_full":"https:\/\/www.iebschool.com\/saladeprensa\/wp-includes\/images\/media\/default.svg","categoria":{"nombre":"Notas de Prensa","slug":"category\/notas-de-prensa"},"_links":{"self":[{"href":"https:\/\/www.iebschool.com\/saladeprensa\/wp-json\/wp\/v2\/posts\/3644","targetHints":{"allow":["GET"]}}],"collection":[{"href":"https:\/\/www.iebschool.com\/saladeprensa\/wp-json\/wp\/v2\/posts"}],"about":[{"href":"https:\/\/www.iebschool.com\/saladeprensa\/wp-json\/wp\/v2\/types\/post"}],"author":[{"embeddable":true,"href":"https:\/\/www.iebschool.com\/saladeprensa\/wp-json\/wp\/v2\/users\/13"}],"replies":[{"embeddable":true,"href":"https:\/\/www.iebschool.com\/saladeprensa\/wp-json\/wp\/v2\/comments?post=3644"}],"version-history":[{"count":0,"href":"https:\/\/www.iebschool.com\/saladeprensa\/wp-json\/wp\/v2\/posts\/3644\/revisions"}],"wp:attachment":[{"href":"https:\/\/www.iebschool.com\/saladeprensa\/wp-json\/wp\/v2\/media?parent=3644"}],"wp:term":[{"taxonomy":"category","embeddable":true,"href":"https:\/\/www.iebschool.com\/saladeprensa\/wp-json\/wp\/v2\/categories?post=3644"},{"taxonomy":"post_tag","embeddable":true,"href":"https:\/\/www.iebschool.com\/saladeprensa\/wp-json\/wp\/v2\/tags?post=3644"}],"curies":[{"name":"wp","href":"https:\/\/api.w.org\/{rel}","templated":true}]}}