{"id":3656,"date":"2019-09-23T17:40:21","date_gmt":"2019-09-23T15:40:21","guid":{"rendered":"https:\/\/comunidad.iebschool.com\/saladeprensa\/?p=3656"},"modified":"2019-09-23T17:40:21","modified_gmt":"2019-09-23T15:40:21","slug":"digital-leaders-llega-a-mexico-como-evento-de-referencia-en-el-sector-digital","status":"publish","type":"post","link":"https:\/\/www.iebschool.com\/saladeprensa\/2019\/09\/23\/digital-leaders-llega-a-mexico-como-evento-de-referencia-en-el-sector-digital\/","title":{"rendered":"Digital Leaders llega a M\u00e9xico como evento de referencia en el sector digital"},"content":{"rendered":"<i><span style=\"font-weight: 400;\">Llega a M\u00e9xico The Next About Digital Leaders el evento de referencia en el sector digital<\/span><\/i>\n<ul>\n\t<li style=\"font-weight: 400;\"><span style=\"font-weight: 400;\">El evento reunir\u00e1 a los l\u00edderes del sector para debatir sobre el futuro de las organizaciones y su liderazgo<\/span><\/li>\n\t<li style=\"font-weight: 400;\"><span style=\"font-weight: 400;\">Tras el \u00e9xito en Madrid y Barcelona llega a CDMX un evento en el que descubriremos el impacto de las tecnolog\u00edas exponenciales en las organizaciones del futuro<\/span><\/li>\n<\/ul>\n<b><i>Madrid, 23 septiembre de 2019.-<\/i><\/b><i><span style=\"font-weight: 400;\"> El Pr\u00f3ximo 9 de octubre tendr\u00e1 lugar en CDMX \u201c<\/span><\/i><a href=\"http:\/\/www.digital-leaders.es\/\" target=\"_blank\" rel=\"follow noopener\"><span style=\"font-weight: 400;\">The Next About Digital Leaders<\/span><\/a><span style=\"font-weight: 400;\">\u201d <\/span><i><span style=\"font-weight: 400;\">el mayor evento sobre liderazgo digital y tecnolog\u00edas exponenciales en espa\u00f1ol del mundo<\/span><\/i><span style=\"font-weight: 400;\"> y que contar\u00e1 con los mayores expertos del sector del momento.<\/span>\n\n<span style=\"font-weight: 400;\">El evento, de car\u00e1cter gratuito y divulgativo, est\u00e1 organizado por la <\/span><a href=\"https:\/\/www.iebschool.com\/es-mx\/\" target=\"_blank\" rel=\"noopener\"><span style=\"font-weight: 400;\">escuela de negocios digital IEBS<\/span><\/a><span style=\"font-weight: 400;\"> y tiene como objetivo divulgar el optimismo digital, de la mano de ponentes inspiradores como N\u00e9stor M\u00e1rquez (Top Digital Voice in Latam) y conocer de la mano de empresas como IBM las nuevas tecnolog\u00edas como la Inteligencia Artificial, el BlockChain o incluso la Computaci\u00f3n Cu\u00e1ntica.<\/span>\n\n<span style=\"font-weight: 400;\">El congreso que ya se ha celebrado con un gran \u00e9xito de audiencia en Madrid y Barcelona, llega ahora a M\u00e9xico para inspirar a las personas y debatir sobre el futuro de la organizaciones y c\u00f3mo ser\u00e1n sus nuevos l\u00edderes.<\/span>\n\n<span style=\"font-weight: 400;\">Las ponencias contar\u00e1n con expertos inmersos en proyectos de implantaci\u00f3n de tecnolog\u00eda y de transformaci\u00f3n digital en grandes empresas internacionales. Uno de ellos es <\/span><b>N\u00e9stor M\u00e1rquez<\/b><span style=\"font-weight: 400;\">, Top Voice en Linkedin, <\/span><span style=\"font-weight: 400;\">CEO de Grupouno M\u00e9xico y Presidente del Institute for Exponential Growth (INSTEG), quien, gracias a sus 20 a\u00f1os de experiencia abordar\u00e1 el liderazgo exponencial y el futuro de las organizaciones.\u00a0<\/span>\n\n<span style=\"font-weight: 400;\">Le acompa\u00f1ar\u00e1n grandes voces como <\/span><b>Emmanuel Olvera<\/b><span style=\"font-weight: 400;\">, fundador de Empleo TI; <\/span><b>Baltazar Rodr\u00edguez<\/b><span style=\"font-weight: 400;\">, consultor estrat\u00e9gico en IBM; <\/span><b>Salvador Rochin<\/b><span style=\"font-weight: 400;\">, CEO de Napify y <\/span><b>Oscar Fuente<\/b><span style=\"font-weight: 400;\">, <\/span><span style=\"font-weight: 400;\">CEO y Fundador de IEBS Business School, la escuela que cambi\u00f3 las reglas del aprendizaje.<\/span>\n\n<span style=\"font-weight: 400;\">Adem\u00e1s ser\u00e1 retransmitido por streaming, tambi\u00e9n en abierto, a todo el planeta habilitando la capacidad de acceder a este conocimiento a cualquier persona en M\u00e9xico y Latam.<\/span>\n\n<span style=\"font-weight: 400;\">The Next About Digital Leaders es un evento totalmente gratuito, dirigido a directivos y profesionales del management, que se celebra el pr\u00f3ximo 9 de octubre en Garage Cluster de Polanco, y que tambi\u00e9n podr\u00e1 ser seguido v\u00eda streaming en todo el mundo.<\/span><span style=\"font-weight: 400;\">\n<\/span><b>Para m\u00e1s informaci\u00f3n y registro:<\/b><span style=\"font-weight: 400;\">\n<\/span><a href=\"http:\/\/www.digital-leaders.es\/\" target=\"_blank\" rel=\"follow noopener\"><span style=\"font-weight: 400;\">http:\/\/www.digital-leaders.es\/<\/span><\/a>\n\n<span style=\"font-weight: 400;\">\n<\/span><b>Sobre IEBS Business School<\/b>\n\n<span style=\"font-weight: 400;\">IEBS, la escuela de negocios de la innovaci\u00f3n y los emprendedores, nace en 2009 con el objetivo de ofrecer una alternativa real a las escuelas de negocios tradicionales, con una apuesta por la innovaci\u00f3n en el aprendizaje, los emprendedores, la \u00e9tica y la sostenibilidad. Hoy en d\u00eda, es reconocida como la escuela de negocios de nueva generaci\u00f3n m\u00e1s innovadora, habiendo sido escogida por el Fecyt como uno de los perfiles m\u00e1s innovadores, y apareciendo en el ranking de escuelas de negocios que elabora el CSIC como la 1\u00aa exclusivamente<\/span> <span style=\"font-weight: 400;\">online y la 9\u00aa<\/span><a href=\"https:\/\/www.iebschool.com\/ranking-y-acreditaciones\/\" target=\"_blank\" rel=\"noopener\"> <span style=\"font-weight: 400;\">mejor escuela de negocios<\/span><\/a> <span style=\"font-weight: 400;\">de Espa\u00f1a.<\/span>","protected":false},"excerpt":{"rendered":"","protected":false},"author":17,"featured_media":0,"comment_status":"open","ping_status":"open","sticky":false,"template":"","format":"standard","meta":{"footnotes":""},"categories":[8],"tags":[69],"class_list":["post-3656","post","type-post","status-publish","format-standard","hentry","category-notas-de-prensa","tag-digital-leaders"],"yoast_head":"<!-- This site is optimized with the Yoast SEO Premium plugin v23.9 (Yoast SEO v24.6) - https:\/\/yoast.com\/wordpress\/plugins\/seo\/ -->\n<title>Digital Leaders llega a M\u00e9xico como evento de referencia en el sector digital - Sala de Prensa<\/title>\n<meta name=\"description\" content=\"Llega a M\u00e9xico The Next About Digital Leaders el evento de referencia en el sector digital El evento reunir\u00e1 a los l\u00edderes del sector para debatir sobre\" \/>\n<meta name=\"robots\" content=\"index, follow, max-snippet:-1, max-image-preview:large, max-video-preview:-1\" \/>\n<link rel=\"canonical\" href=\"https:\/\/www.iebschool.com\/saladeprensa\/2019\/09\/23\/digital-leaders-llega-a-mexico-como-evento-de-referencia-en-el-sector-digital\/\" \/>\n<meta property=\"og:locale\" content=\"es_ES\" \/>\n<meta property=\"og:type\" content=\"article\" \/>\n<meta property=\"og:title\" content=\"Digital Leaders llega a M\u00e9xico como evento de referencia en el sector digital\" \/>\n<meta property=\"og:description\" content=\"Llega a M\u00e9xico The Next About Digital Leaders el evento de referencia en el sector digital El evento reunir\u00e1 a los l\u00edderes del sector para debatir sobre\" \/>\n<meta property=\"og:url\" content=\"https:\/\/www.iebschool.com\/saladeprensa\/2019\/09\/23\/digital-leaders-llega-a-mexico-como-evento-de-referencia-en-el-sector-digital\/\" \/>\n<meta property=\"og:site_name\" content=\"Sala de Prensa\" \/>\n<meta property=\"article:published_time\" content=\"2019-09-23T15:40:21+00:00\" \/>\n<meta name=\"author\" content=\"Ylenia Garcia\" \/>\n<meta name=\"twitter:card\" content=\"summary_large_image\" \/>\n<meta name=\"twitter:label1\" content=\"Escrito por\" \/>\n\t<meta name=\"twitter:data1\" content=\"Ylenia Garcia\" \/>\n\t<meta name=\"twitter:label2\" content=\"Tiempo de lectura\" \/>\n\t<meta name=\"twitter:data2\" content=\"3 minutos\" \/>\n<script type=\"application\/ld+json\" class=\"yoast-schema-graph\">{\"@context\":\"https:\/\/schema.org\",\"@graph\":[{\"@type\":\"Article\",\"@id\":\"https:\/\/www.iebschool.com\/saladeprensa\/2019\/09\/23\/digital-leaders-llega-a-mexico-como-evento-de-referencia-en-el-sector-digital\/#article\",\"isPartOf\":{\"@id\":\"https:\/\/www.iebschool.com\/saladeprensa\/2019\/09\/23\/digital-leaders-llega-a-mexico-como-evento-de-referencia-en-el-sector-digital\/\"},\"author\":{\"name\":\"Ylenia Garcia\",\"@id\":\"https:\/\/www.iebschool.com\/saladeprensa\/#\/schema\/person\/92517e37a208ec94e5211d457cfef881\"},\"headline\":\"Digital Leaders llega a M\u00e9xico como evento de referencia en el sector digital\",\"datePublished\":\"2019-09-23T15:40:21+00:00\",\"mainEntityOfPage\":{\"@id\":\"https:\/\/www.iebschool.com\/saladeprensa\/2019\/09\/23\/digital-leaders-llega-a-mexico-como-evento-de-referencia-en-el-sector-digital\/\"},\"wordCount\":537,\"commentCount\":0,\"publisher\":{\"@id\":\"https:\/\/www.iebschool.com\/saladeprensa\/#organization\"},\"keywords\":[\"Digital Leaders\"],\"articleSection\":[\"Notas de Prensa\"],\"inLanguage\":\"es\",\"potentialAction\":[{\"@type\":\"CommentAction\",\"name\":\"Comment\",\"target\":[\"https:\/\/www.iebschool.com\/saladeprensa\/2019\/09\/23\/digital-leaders-llega-a-mexico-como-evento-de-referencia-en-el-sector-digital\/#respond\"]}]},{\"@type\":\"WebPage\",\"@id\":\"https:\/\/www.iebschool.com\/saladeprensa\/2019\/09\/23\/digital-leaders-llega-a-mexico-como-evento-de-referencia-en-el-sector-digital\/\",\"url\":\"https:\/\/www.iebschool.com\/saladeprensa\/2019\/09\/23\/digital-leaders-llega-a-mexico-como-evento-de-referencia-en-el-sector-digital\/\",\"name\":\"Digital Leaders llega a M\u00e9xico como evento de referencia en el sector digital - Sala de Prensa\",\"isPartOf\":{\"@id\":\"https:\/\/www.iebschool.com\/saladeprensa\/#website\"},\"datePublished\":\"2019-09-23T15:40:21+00:00\",\"description\":\"Llega a M\u00e9xico The Next About Digital Leaders el evento de referencia en el sector digital El evento reunir\u00e1 a los l\u00edderes del sector para debatir sobre\",\"breadcrumb\":{\"@id\":\"https:\/\/www.iebschool.com\/saladeprensa\/2019\/09\/23\/digital-leaders-llega-a-mexico-como-evento-de-referencia-en-el-sector-digital\/#breadcrumb\"},\"inLanguage\":\"es\",\"potentialAction\":[{\"@type\":\"ReadAction\",\"target\":[\"https:\/\/www.iebschool.com\/saladeprensa\/2019\/09\/23\/digital-leaders-llega-a-mexico-como-evento-de-referencia-en-el-sector-digital\/\"]}]},{\"@type\":\"BreadcrumbList\",\"@id\":\"https:\/\/www.iebschool.com\/saladeprensa\/2019\/09\/23\/digital-leaders-llega-a-mexico-como-evento-de-referencia-en-el-sector-digital\/#breadcrumb\",\"itemListElement\":[{\"@type\":\"ListItem\",\"position\":1,\"name\":\"Portada\",\"item\":\"https:\/\/www.iebschool.com\/saladeprensa\/\"},{\"@type\":\"ListItem\",\"position\":2,\"name\":\"Digital Leaders llega a M\u00e9xico como evento de referencia en el sector digital\"}]},{\"@type\":\"WebSite\",\"@id\":\"https:\/\/www.iebschool.com\/saladeprensa\/#website\",\"url\":\"https:\/\/www.iebschool.com\/saladeprensa\/\",\"name\":\"Sala de Prensa\",\"description\":\"IEBS\",\"publisher\":{\"@id\":\"https:\/\/www.iebschool.com\/saladeprensa\/#organization\"},\"potentialAction\":[{\"@type\":\"SearchAction\",\"target\":{\"@type\":\"EntryPoint\",\"urlTemplate\":\"https:\/\/www.iebschool.com\/saladeprensa\/?s={search_term_string}\"},\"query-input\":{\"@type\":\"PropertyValueSpecification\",\"valueRequired\":true,\"valueName\":\"search_term_string\"}}],\"inLanguage\":\"es\"},{\"@type\":\"Organization\",\"@id\":\"https:\/\/www.iebschool.com\/saladeprensa\/#organization\",\"name\":\"Sala de Prensa\",\"url\":\"https:\/\/www.iebschool.com\/saladeprensa\/\",\"logo\":{\"@type\":\"ImageObject\",\"inLanguage\":\"es\",\"@id\":\"https:\/\/www.iebschool.com\/saladeprensa\/#\/schema\/logo\/image\/\",\"url\":\"https:\/\/www.iebschool.com\/saladeprensa\/wp-content\/uploads\/2026\/02\/IEBS_Logo_BusinessSchool_1_Hor_Violeta-scaled.png\",\"contentUrl\":\"https:\/\/www.iebschool.com\/saladeprensa\/wp-content\/uploads\/2026\/02\/IEBS_Logo_BusinessSchool_1_Hor_Violeta-scaled.png\",\"width\":2560,\"height\":374,\"caption\":\"Sala de Prensa\"},\"image\":{\"@id\":\"https:\/\/www.iebschool.com\/saladeprensa\/#\/schema\/logo\/image\/\"}},{\"@type\":\"Person\",\"@id\":\"https:\/\/www.iebschool.com\/saladeprensa\/#\/schema\/person\/92517e37a208ec94e5211d457cfef881\",\"name\":\"Ylenia Garcia\",\"image\":{\"@type\":\"ImageObject\",\"inLanguage\":\"es\",\"@id\":\"https:\/\/www.iebschool.com\/saladeprensa\/#\/schema\/person\/image\/\",\"url\":\"https:\/\/secure.gravatar.com\/avatar\/7c62c61622c256552ca6a62ba40515ca60c7ca1e9bce7349ed64b3214cf440fe?s=96&d=mm&r=g\",\"contentUrl\":\"https:\/\/secure.gravatar.com\/avatar\/7c62c61622c256552ca6a62ba40515ca60c7ca1e9bce7349ed64b3214cf440fe?s=96&d=mm&r=g\",\"caption\":\"Ylenia Garcia\"},\"url\":\"https:\/\/www.iebschool.com\/saladeprensa\/author\/ygarciaiebschool-com\/\"}]}<\/script>\n<!-- \/ Yoast SEO Premium plugin. -->","yoast_head_json":{"title":"Digital Leaders llega a M\u00e9xico como evento de referencia en el sector digital - Sala de Prensa","description":"Llega a M\u00e9xico The Next About Digital Leaders el evento de referencia en el sector digital El evento reunir\u00e1 a los l\u00edderes del sector para debatir sobre","robots":{"index":"index","follow":"follow","max-snippet":"max-snippet:-1","max-image-preview":"max-image-preview:large","max-video-preview":"max-video-preview:-1"},"canonical":"https:\/\/www.iebschool.com\/saladeprensa\/2019\/09\/23\/digital-leaders-llega-a-mexico-como-evento-de-referencia-en-el-sector-digital\/","og_locale":"es_ES","og_type":"article","og_title":"Digital Leaders llega a M\u00e9xico como evento de referencia en el sector digital","og_description":"Llega a M\u00e9xico The Next About Digital Leaders el evento de referencia en el sector digital El evento reunir\u00e1 a los l\u00edderes del sector para debatir sobre","og_url":"https:\/\/www.iebschool.com\/saladeprensa\/2019\/09\/23\/digital-leaders-llega-a-mexico-como-evento-de-referencia-en-el-sector-digital\/","og_site_name":"Sala de Prensa","article_published_time":"2019-09-23T15:40:21+00:00","author":"Ylenia Garcia","twitter_card":"summary_large_image","twitter_misc":{"Escrito por":"Ylenia Garcia","Tiempo de lectura":"3 minutos"},"schema":{"@context":"https:\/\/schema.org","@graph":[{"@type":"Article","@id":"https:\/\/www.iebschool.com\/saladeprensa\/2019\/09\/23\/digital-leaders-llega-a-mexico-como-evento-de-referencia-en-el-sector-digital\/#article","isPartOf":{"@id":"https:\/\/www.iebschool.com\/saladeprensa\/2019\/09\/23\/digital-leaders-llega-a-mexico-como-evento-de-referencia-en-el-sector-digital\/"},"author":{"name":"Ylenia Garcia","@id":"https:\/\/www.iebschool.com\/saladeprensa\/#\/schema\/person\/92517e37a208ec94e5211d457cfef881"},"headline":"Digital Leaders llega a M\u00e9xico como evento de referencia en el sector digital","datePublished":"2019-09-23T15:40:21+00:00","mainEntityOfPage":{"@id":"https:\/\/www.iebschool.com\/saladeprensa\/2019\/09\/23\/digital-leaders-llega-a-mexico-como-evento-de-referencia-en-el-sector-digital\/"},"wordCount":537,"commentCount":0,"publisher":{"@id":"https:\/\/www.iebschool.com\/saladeprensa\/#organization"},"keywords":["Digital Leaders"],"articleSection":["Notas de Prensa"],"inLanguage":"es","potentialAction":[{"@type":"CommentAction","name":"Comment","target":["https:\/\/www.iebschool.com\/saladeprensa\/2019\/09\/23\/digital-leaders-llega-a-mexico-como-evento-de-referencia-en-el-sector-digital\/#respond"]}]},{"@type":"WebPage","@id":"https:\/\/www.iebschool.com\/saladeprensa\/2019\/09\/23\/digital-leaders-llega-a-mexico-como-evento-de-referencia-en-el-sector-digital\/","url":"https:\/\/www.iebschool.com\/saladeprensa\/2019\/09\/23\/digital-leaders-llega-a-mexico-como-evento-de-referencia-en-el-sector-digital\/","name":"Digital Leaders llega a M\u00e9xico como evento de referencia en el sector digital - Sala de Prensa","isPartOf":{"@id":"https:\/\/www.iebschool.com\/saladeprensa\/#website"},"datePublished":"2019-09-23T15:40:21+00:00","description":"Llega a M\u00e9xico The Next About Digital Leaders el evento de referencia en el sector digital El evento reunir\u00e1 a los l\u00edderes del sector para debatir sobre","breadcrumb":{"@id":"https:\/\/www.iebschool.com\/saladeprensa\/2019\/09\/23\/digital-leaders-llega-a-mexico-como-evento-de-referencia-en-el-sector-digital\/#breadcrumb"},"inLanguage":"es","potentialAction":[{"@type":"ReadAction","target":["https:\/\/www.iebschool.com\/saladeprensa\/2019\/09\/23\/digital-leaders-llega-a-mexico-como-evento-de-referencia-en-el-sector-digital\/"]}]},{"@type":"BreadcrumbList","@id":"https:\/\/www.iebschool.com\/saladeprensa\/2019\/09\/23\/digital-leaders-llega-a-mexico-como-evento-de-referencia-en-el-sector-digital\/#breadcrumb","itemListElement":[{"@type":"ListItem","position":1,"name":"Portada","item":"https:\/\/www.iebschool.com\/saladeprensa\/"},{"@type":"ListItem","position":2,"name":"Digital Leaders llega a M\u00e9xico como evento de referencia en el sector digital"}]},{"@type":"WebSite","@id":"https:\/\/www.iebschool.com\/saladeprensa\/#website","url":"https:\/\/www.iebschool.com\/saladeprensa\/","name":"Sala de Prensa","description":"IEBS","publisher":{"@id":"https:\/\/www.iebschool.com\/saladeprensa\/#organization"},"potentialAction":[{"@type":"SearchAction","target":{"@type":"EntryPoint","urlTemplate":"https:\/\/www.iebschool.com\/saladeprensa\/?s={search_term_string}"},"query-input":{"@type":"PropertyValueSpecification","valueRequired":true,"valueName":"search_term_string"}}],"inLanguage":"es"},{"@type":"Organization","@id":"https:\/\/www.iebschool.com\/saladeprensa\/#organization","name":"Sala de Prensa","url":"https:\/\/www.iebschool.com\/saladeprensa\/","logo":{"@type":"ImageObject","inLanguage":"es","@id":"https:\/\/www.iebschool.com\/saladeprensa\/#\/schema\/logo\/image\/","url":"https:\/\/www.iebschool.com\/saladeprensa\/wp-content\/uploads\/2026\/02\/IEBS_Logo_BusinessSchool_1_Hor_Violeta-scaled.png","contentUrl":"https:\/\/www.iebschool.com\/saladeprensa\/wp-content\/uploads\/2026\/02\/IEBS_Logo_BusinessSchool_1_Hor_Violeta-scaled.png","width":2560,"height":374,"caption":"Sala de Prensa"},"image":{"@id":"https:\/\/www.iebschool.com\/saladeprensa\/#\/schema\/logo\/image\/"}},{"@type":"Person","@id":"https:\/\/www.iebschool.com\/saladeprensa\/#\/schema\/person\/92517e37a208ec94e5211d457cfef881","name":"Ylenia Garcia","image":{"@type":"ImageObject","inLanguage":"es","@id":"https:\/\/www.iebschool.com\/saladeprensa\/#\/schema\/person\/image\/","url":"https:\/\/secure.gravatar.com\/avatar\/7c62c61622c256552ca6a62ba40515ca60c7ca1e9bce7349ed64b3214cf440fe?s=96&d=mm&r=g","contentUrl":"https:\/\/secure.gravatar.com\/avatar\/7c62c61622c256552ca6a62ba40515ca60c7ca1e9bce7349ed64b3214cf440fe?s=96&d=mm&r=g","caption":"Ylenia Garcia"},"url":"https:\/\/www.iebschool.com\/saladeprensa\/author\/ygarciaiebschool-com\/"}]}},"image_thumbnail":"https:\/\/www.iebschool.com\/saladeprensa\/wp-includes\/images\/media\/default.svg","image_full":"https:\/\/www.iebschool.com\/saladeprensa\/wp-includes\/images\/media\/default.svg","categoria":{"nombre":"Notas de Prensa","slug":"category\/notas-de-prensa"},"_links":{"self":[{"href":"https:\/\/www.iebschool.com\/saladeprensa\/wp-json\/wp\/v2\/posts\/3656","targetHints":{"allow":["GET"]}}],"collection":[{"href":"https:\/\/www.iebschool.com\/saladeprensa\/wp-json\/wp\/v2\/posts"}],"about":[{"href":"https:\/\/www.iebschool.com\/saladeprensa\/wp-json\/wp\/v2\/types\/post"}],"author":[{"embeddable":true,"href":"https:\/\/www.iebschool.com\/saladeprensa\/wp-json\/wp\/v2\/users\/17"}],"replies":[{"embeddable":true,"href":"https:\/\/www.iebschool.com\/saladeprensa\/wp-json\/wp\/v2\/comments?post=3656"}],"version-history":[{"count":0,"href":"https:\/\/www.iebschool.com\/saladeprensa\/wp-json\/wp\/v2\/posts\/3656\/revisions"}],"wp:attachment":[{"href":"https:\/\/www.iebschool.com\/saladeprensa\/wp-json\/wp\/v2\/media?parent=3656"}],"wp:term":[{"taxonomy":"category","embeddable":true,"href":"https:\/\/www.iebschool.com\/saladeprensa\/wp-json\/wp\/v2\/categories?post=3656"},{"taxonomy":"post_tag","embeddable":true,"href":"https:\/\/www.iebschool.com\/saladeprensa\/wp-json\/wp\/v2\/tags?post=3656"}],"curies":[{"name":"wp","href":"https:\/\/api.w.org\/{rel}","templated":true}]}}