{"id":3658,"date":"2019-09-26T12:53:48","date_gmt":"2019-09-26T10:53:48","guid":{"rendered":"https:\/\/comunidad.iebschool.com\/saladeprensa\/?p=3658"},"modified":"2019-09-26T12:53:48","modified_gmt":"2019-09-26T10:53:48","slug":"iebs-lanza-el-talent-mba-su-primera-gran-produccion-audiovisual-educativa","status":"publish","type":"post","link":"https:\/\/www.iebschool.com\/saladeprensa\/2019\/09\/26\/iebs-lanza-el-talent-mba-su-primera-gran-produccion-audiovisual-educativa\/","title":{"rendered":"IEBS lanza el Talent MBA su primera gran producci\u00f3n audiovisual educativa"},"content":{"rendered":"<b>Madrid, 25 de septiembre de 2019.\u00a0<\/b>\n\n<span style=\"font-weight: 400;\">IEBS lanza el <\/span><a href=\"https:\/\/www.talentmba.es\/inscripcion\/\" target=\"_blank\" rel=\"follow noopener\"><span style=\"font-weight: 400;\">Talent MBA<\/span><\/a><span style=\"font-weight: 400;\">, su primera gran producci\u00f3n audiovisual educativa para su canal de microlearning \u201c<\/span><a href=\"https:\/\/www.akademus.es\/\" target=\"_blank\" rel=\"follow noopener\"><span style=\"font-weight: 400;\">Akademus<\/span><\/a><span style=\"font-weight: 400;\">\u201d que estar\u00e1 disponible en pago por visi\u00f3n y por suscripci\u00f3n.<\/span>\n\n<span style=\"font-weight: 400;\">La educaci\u00f3n, el entretenimiento educativo y las plataformas m\u00f3viles van unidas de la mano y los usuarios demandan cada vez m\u00e1s este formato de educaci\u00f3n continua que les permite una <\/span><b>actualizaci\u00f3n constante, flexible, de alta calidad <\/b><span style=\"font-weight: 400;\">y que aporta gran valor en su d\u00eda a d\u00eda.<\/span>\n\n<span style=\"font-weight: 400;\">En un sector en auge al igual que otras plataformas de entretenimiento audiovisual, IEBS prepara grandes producciones en v\u00eddeo de \u201dedutaintment\u201d\u00a0 para ofrecer al mercado una alternativa de entretenimiento en este caso con el objetivo de aprender.<\/span>\n\n<span style=\"font-weight: 400;\">El Talent MBA es un programa dirigido a capacitar el talento digital que necesitan las empresas y esta dise\u00f1ado ante todo para enganchar al alumno y motivarlo a seguir aprendiendo cada d\u00eda con contenidos frescos y f\u00e1ciles de seguir con muchos ejemplos y recursos para poner en pr\u00e1ctica lo aprendido. <\/span><b>Con 10-15 minutos al d\u00eda, el alumno podr\u00e1 completar el programa en 6 meses o incluso menos.<\/b>\n\n<span style=\"font-weight: 400;\">La plataforma tecnol\u00f3gica es \u00fanica en el mundo y ha sido dise\u00f1ada bajo la filosof\u00eda \u201cMobile first\u201d y, entre otras cosas, <\/span><b>permite al alumno visualizar los videos incluso sin conexi\u00f3n a internet<\/b><span style=\"font-weight: 400;\"> mientras va al trabajo, algo que hoy en d\u00eda es imprescindible en la educaci\u00f3n a distancia.<\/span>\n\n<span style=\"font-weight: 400;\">Dise\u00f1ado por el equipo de profesores de IEBS, adem\u00e1s ha contado con la colaboraci\u00f3n de las m\u00e1s importantes empresas y emprendedores de Internet, complementando cada unidad con el estudio de casos m\u00e1s relevantes del \u00e1mbito tecnol\u00f3gico y digital.<\/span>\n\n<span style=\"font-weight: 400;\">Entre las nuevas producciones que est\u00e1 preparando IEBS y que pronto se incorporar\u00e1n al cat\u00e1logo de Akademus se encuentran el <\/span><b>IT Professional Certification, Full Stack Development, Data Analysis para la Gesti\u00f3n<\/b><span style=\"font-weight: 400;\"> y cuatro nuevas especialidades para el Talent MBA en <\/span><b>Marketing Digital, Project Management y Operaciones, Fintech y Blockchain y Recursos Humanos<\/b><span style=\"font-weight: 400;\">.<\/span>\n\n<span style=\"font-weight: 400;\">Oscar Fuente, director de IEBS comenta \u201c<\/span><i><span style=\"font-weight: 400;\">Cuando lanzamos Akademus lo hicimos con la voluntad de producir series propias de entretenimiento al igual Netflix pero enfocadas en la educaci\u00f3n. Hoy es un gran d\u00eda porque presentamos nuestra primera gran producci\u00f3n propia, que ser\u00e1 la primera a de muchas que iremos incorporando al canal<\/span><\/i><span style=\"font-weight: 400;\">\u201d<\/span>\n\n<span style=\"font-weight: 400;\">Los primeros 25 alumnos que se inscriban en el Talent MBA podr\u00e1n cursarlo totalmente gratis a cambio de compartir en redes sociales su experiencia.<\/span>\n\n<b>Sobre IEBS Business School<\/b>\n\n<span style=\"font-weight: 400;\"><a href=\"https:\/\/www.iebschool.com\/\" target=\"_blank\" rel=\"noopener\">IEBS<\/a>, la escuela de negocios que ha cambiado las reglas del aprendizaje sigue innovando desde el a\u00f1o 2009 para transformar la educaci\u00f3n en el mundo haci\u00e9ndola m\u00e1s accesible mediante el uso de la tecnolog\u00eda.<\/span>","protected":false},"excerpt":{"rendered":"","protected":false},"author":17,"featured_media":0,"comment_status":"open","ping_status":"open","sticky":false,"template":"","format":"standard","meta":{"footnotes":""},"categories":[8],"tags":[225],"class_list":["post-3658","post","type-post","status-publish","format-standard","hentry","category-notas-de-prensa","tag-talent-mba"],"yoast_head":"<!-- This site is optimized with the Yoast SEO Premium plugin v23.9 (Yoast SEO v24.6) - https:\/\/yoast.com\/wordpress\/plugins\/seo\/ -->\n<title>IEBS lanza el Talent MBA su primera gran producci\u00f3n audiovisual educativa - Sala de Prensa<\/title>\n<meta name=\"description\" content=\"Madrid, 25 de septiembre de 2019.\u00a0 IEBS lanza el Talent MBA, su primera gran producci\u00f3n audiovisual educativa para su canal de microlearning \u201cAkademus\u201d\" \/>\n<meta name=\"robots\" content=\"index, follow, max-snippet:-1, max-image-preview:large, max-video-preview:-1\" \/>\n<link rel=\"canonical\" href=\"https:\/\/www.iebschool.com\/saladeprensa\/2019\/09\/26\/iebs-lanza-el-talent-mba-su-primera-gran-produccion-audiovisual-educativa\/\" \/>\n<meta property=\"og:locale\" content=\"es_ES\" \/>\n<meta property=\"og:type\" content=\"article\" \/>\n<meta property=\"og:title\" content=\"IEBS lanza el Talent MBA su primera gran producci\u00f3n audiovisual educativa\" \/>\n<meta property=\"og:description\" content=\"Madrid, 25 de septiembre de 2019.\u00a0 IEBS lanza el Talent MBA, su primera gran producci\u00f3n audiovisual educativa para su canal de microlearning \u201cAkademus\u201d\" \/>\n<meta property=\"og:url\" content=\"https:\/\/www.iebschool.com\/saladeprensa\/2019\/09\/26\/iebs-lanza-el-talent-mba-su-primera-gran-produccion-audiovisual-educativa\/\" \/>\n<meta property=\"og:site_name\" content=\"Sala de Prensa\" \/>\n<meta property=\"article:published_time\" content=\"2019-09-26T10:53:48+00:00\" \/>\n<meta name=\"author\" content=\"Ylenia Garcia\" \/>\n<meta name=\"twitter:card\" content=\"summary_large_image\" \/>\n<meta name=\"twitter:label1\" content=\"Escrito por\" \/>\n\t<meta name=\"twitter:data1\" content=\"Ylenia Garcia\" \/>\n\t<meta name=\"twitter:label2\" content=\"Tiempo de lectura\" \/>\n\t<meta name=\"twitter:data2\" content=\"2 minutos\" \/>\n<script type=\"application\/ld+json\" class=\"yoast-schema-graph\">{\"@context\":\"https:\/\/schema.org\",\"@graph\":[{\"@type\":\"Article\",\"@id\":\"https:\/\/www.iebschool.com\/saladeprensa\/2019\/09\/26\/iebs-lanza-el-talent-mba-su-primera-gran-produccion-audiovisual-educativa\/#article\",\"isPartOf\":{\"@id\":\"https:\/\/www.iebschool.com\/saladeprensa\/2019\/09\/26\/iebs-lanza-el-talent-mba-su-primera-gran-produccion-audiovisual-educativa\/\"},\"author\":{\"name\":\"Ylenia Garcia\",\"@id\":\"https:\/\/www.iebschool.com\/saladeprensa\/#\/schema\/person\/92517e37a208ec94e5211d457cfef881\"},\"headline\":\"IEBS lanza el Talent MBA su primera gran producci\u00f3n audiovisual educativa\",\"datePublished\":\"2019-09-26T10:53:48+00:00\",\"mainEntityOfPage\":{\"@id\":\"https:\/\/www.iebschool.com\/saladeprensa\/2019\/09\/26\/iebs-lanza-el-talent-mba-su-primera-gran-produccion-audiovisual-educativa\/\"},\"wordCount\":482,\"commentCount\":0,\"publisher\":{\"@id\":\"https:\/\/www.iebschool.com\/saladeprensa\/#organization\"},\"keywords\":[\"talent mba\"],\"articleSection\":[\"Notas de Prensa\"],\"inLanguage\":\"es\",\"potentialAction\":[{\"@type\":\"CommentAction\",\"name\":\"Comment\",\"target\":[\"https:\/\/www.iebschool.com\/saladeprensa\/2019\/09\/26\/iebs-lanza-el-talent-mba-su-primera-gran-produccion-audiovisual-educativa\/#respond\"]}]},{\"@type\":\"WebPage\",\"@id\":\"https:\/\/www.iebschool.com\/saladeprensa\/2019\/09\/26\/iebs-lanza-el-talent-mba-su-primera-gran-produccion-audiovisual-educativa\/\",\"url\":\"https:\/\/www.iebschool.com\/saladeprensa\/2019\/09\/26\/iebs-lanza-el-talent-mba-su-primera-gran-produccion-audiovisual-educativa\/\",\"name\":\"IEBS lanza el Talent MBA su primera gran producci\u00f3n audiovisual educativa - Sala de Prensa\",\"isPartOf\":{\"@id\":\"https:\/\/www.iebschool.com\/saladeprensa\/#website\"},\"datePublished\":\"2019-09-26T10:53:48+00:00\",\"description\":\"Madrid, 25 de septiembre de 2019.\u00a0 IEBS lanza el Talent MBA, su primera gran producci\u00f3n audiovisual educativa para su canal de microlearning \u201cAkademus\u201d\",\"breadcrumb\":{\"@id\":\"https:\/\/www.iebschool.com\/saladeprensa\/2019\/09\/26\/iebs-lanza-el-talent-mba-su-primera-gran-produccion-audiovisual-educativa\/#breadcrumb\"},\"inLanguage\":\"es\",\"potentialAction\":[{\"@type\":\"ReadAction\",\"target\":[\"https:\/\/www.iebschool.com\/saladeprensa\/2019\/09\/26\/iebs-lanza-el-talent-mba-su-primera-gran-produccion-audiovisual-educativa\/\"]}]},{\"@type\":\"BreadcrumbList\",\"@id\":\"https:\/\/www.iebschool.com\/saladeprensa\/2019\/09\/26\/iebs-lanza-el-talent-mba-su-primera-gran-produccion-audiovisual-educativa\/#breadcrumb\",\"itemListElement\":[{\"@type\":\"ListItem\",\"position\":1,\"name\":\"Portada\",\"item\":\"https:\/\/www.iebschool.com\/saladeprensa\/\"},{\"@type\":\"ListItem\",\"position\":2,\"name\":\"IEBS lanza el Talent MBA su primera gran producci\u00f3n audiovisual educativa\"}]},{\"@type\":\"WebSite\",\"@id\":\"https:\/\/www.iebschool.com\/saladeprensa\/#website\",\"url\":\"https:\/\/www.iebschool.com\/saladeprensa\/\",\"name\":\"Sala de Prensa\",\"description\":\"IEBS\",\"publisher\":{\"@id\":\"https:\/\/www.iebschool.com\/saladeprensa\/#organization\"},\"potentialAction\":[{\"@type\":\"SearchAction\",\"target\":{\"@type\":\"EntryPoint\",\"urlTemplate\":\"https:\/\/www.iebschool.com\/saladeprensa\/?s={search_term_string}\"},\"query-input\":{\"@type\":\"PropertyValueSpecification\",\"valueRequired\":true,\"valueName\":\"search_term_string\"}}],\"inLanguage\":\"es\"},{\"@type\":\"Organization\",\"@id\":\"https:\/\/www.iebschool.com\/saladeprensa\/#organization\",\"name\":\"Sala de Prensa\",\"url\":\"https:\/\/www.iebschool.com\/saladeprensa\/\",\"logo\":{\"@type\":\"ImageObject\",\"inLanguage\":\"es\",\"@id\":\"https:\/\/www.iebschool.com\/saladeprensa\/#\/schema\/logo\/image\/\",\"url\":\"https:\/\/www.iebschool.com\/saladeprensa\/wp-content\/uploads\/2026\/02\/IEBS_Logo_BusinessSchool_1_Hor_Violeta-scaled.png\",\"contentUrl\":\"https:\/\/www.iebschool.com\/saladeprensa\/wp-content\/uploads\/2026\/02\/IEBS_Logo_BusinessSchool_1_Hor_Violeta-scaled.png\",\"width\":2560,\"height\":374,\"caption\":\"Sala de Prensa\"},\"image\":{\"@id\":\"https:\/\/www.iebschool.com\/saladeprensa\/#\/schema\/logo\/image\/\"}},{\"@type\":\"Person\",\"@id\":\"https:\/\/www.iebschool.com\/saladeprensa\/#\/schema\/person\/92517e37a208ec94e5211d457cfef881\",\"name\":\"Ylenia Garcia\",\"image\":{\"@type\":\"ImageObject\",\"inLanguage\":\"es\",\"@id\":\"https:\/\/www.iebschool.com\/saladeprensa\/#\/schema\/person\/image\/\",\"url\":\"https:\/\/secure.gravatar.com\/avatar\/7c62c61622c256552ca6a62ba40515ca60c7ca1e9bce7349ed64b3214cf440fe?s=96&d=mm&r=g\",\"contentUrl\":\"https:\/\/secure.gravatar.com\/avatar\/7c62c61622c256552ca6a62ba40515ca60c7ca1e9bce7349ed64b3214cf440fe?s=96&d=mm&r=g\",\"caption\":\"Ylenia Garcia\"},\"url\":\"https:\/\/www.iebschool.com\/saladeprensa\/author\/ygarciaiebschool-com\/\"}]}<\/script>\n<!-- \/ Yoast SEO Premium plugin. -->","yoast_head_json":{"title":"IEBS lanza el Talent MBA su primera gran producci\u00f3n audiovisual educativa - Sala de Prensa","description":"Madrid, 25 de septiembre de 2019.\u00a0 IEBS lanza el Talent MBA, su primera gran producci\u00f3n audiovisual educativa para su canal de microlearning \u201cAkademus\u201d","robots":{"index":"index","follow":"follow","max-snippet":"max-snippet:-1","max-image-preview":"max-image-preview:large","max-video-preview":"max-video-preview:-1"},"canonical":"https:\/\/www.iebschool.com\/saladeprensa\/2019\/09\/26\/iebs-lanza-el-talent-mba-su-primera-gran-produccion-audiovisual-educativa\/","og_locale":"es_ES","og_type":"article","og_title":"IEBS lanza el Talent MBA su primera gran producci\u00f3n audiovisual educativa","og_description":"Madrid, 25 de septiembre de 2019.\u00a0 IEBS lanza el Talent MBA, su primera gran producci\u00f3n audiovisual educativa para su canal de microlearning \u201cAkademus\u201d","og_url":"https:\/\/www.iebschool.com\/saladeprensa\/2019\/09\/26\/iebs-lanza-el-talent-mba-su-primera-gran-produccion-audiovisual-educativa\/","og_site_name":"Sala de Prensa","article_published_time":"2019-09-26T10:53:48+00:00","author":"Ylenia Garcia","twitter_card":"summary_large_image","twitter_misc":{"Escrito por":"Ylenia Garcia","Tiempo de lectura":"2 minutos"},"schema":{"@context":"https:\/\/schema.org","@graph":[{"@type":"Article","@id":"https:\/\/www.iebschool.com\/saladeprensa\/2019\/09\/26\/iebs-lanza-el-talent-mba-su-primera-gran-produccion-audiovisual-educativa\/#article","isPartOf":{"@id":"https:\/\/www.iebschool.com\/saladeprensa\/2019\/09\/26\/iebs-lanza-el-talent-mba-su-primera-gran-produccion-audiovisual-educativa\/"},"author":{"name":"Ylenia Garcia","@id":"https:\/\/www.iebschool.com\/saladeprensa\/#\/schema\/person\/92517e37a208ec94e5211d457cfef881"},"headline":"IEBS lanza el Talent MBA su primera gran producci\u00f3n audiovisual educativa","datePublished":"2019-09-26T10:53:48+00:00","mainEntityOfPage":{"@id":"https:\/\/www.iebschool.com\/saladeprensa\/2019\/09\/26\/iebs-lanza-el-talent-mba-su-primera-gran-produccion-audiovisual-educativa\/"},"wordCount":482,"commentCount":0,"publisher":{"@id":"https:\/\/www.iebschool.com\/saladeprensa\/#organization"},"keywords":["talent mba"],"articleSection":["Notas de Prensa"],"inLanguage":"es","potentialAction":[{"@type":"CommentAction","name":"Comment","target":["https:\/\/www.iebschool.com\/saladeprensa\/2019\/09\/26\/iebs-lanza-el-talent-mba-su-primera-gran-produccion-audiovisual-educativa\/#respond"]}]},{"@type":"WebPage","@id":"https:\/\/www.iebschool.com\/saladeprensa\/2019\/09\/26\/iebs-lanza-el-talent-mba-su-primera-gran-produccion-audiovisual-educativa\/","url":"https:\/\/www.iebschool.com\/saladeprensa\/2019\/09\/26\/iebs-lanza-el-talent-mba-su-primera-gran-produccion-audiovisual-educativa\/","name":"IEBS lanza el Talent MBA su primera gran producci\u00f3n audiovisual educativa - Sala de Prensa","isPartOf":{"@id":"https:\/\/www.iebschool.com\/saladeprensa\/#website"},"datePublished":"2019-09-26T10:53:48+00:00","description":"Madrid, 25 de septiembre de 2019.\u00a0 IEBS lanza el Talent MBA, su primera gran producci\u00f3n audiovisual educativa para su canal de microlearning \u201cAkademus\u201d","breadcrumb":{"@id":"https:\/\/www.iebschool.com\/saladeprensa\/2019\/09\/26\/iebs-lanza-el-talent-mba-su-primera-gran-produccion-audiovisual-educativa\/#breadcrumb"},"inLanguage":"es","potentialAction":[{"@type":"ReadAction","target":["https:\/\/www.iebschool.com\/saladeprensa\/2019\/09\/26\/iebs-lanza-el-talent-mba-su-primera-gran-produccion-audiovisual-educativa\/"]}]},{"@type":"BreadcrumbList","@id":"https:\/\/www.iebschool.com\/saladeprensa\/2019\/09\/26\/iebs-lanza-el-talent-mba-su-primera-gran-produccion-audiovisual-educativa\/#breadcrumb","itemListElement":[{"@type":"ListItem","position":1,"name":"Portada","item":"https:\/\/www.iebschool.com\/saladeprensa\/"},{"@type":"ListItem","position":2,"name":"IEBS lanza el Talent MBA su primera gran producci\u00f3n audiovisual educativa"}]},{"@type":"WebSite","@id":"https:\/\/www.iebschool.com\/saladeprensa\/#website","url":"https:\/\/www.iebschool.com\/saladeprensa\/","name":"Sala de Prensa","description":"IEBS","publisher":{"@id":"https:\/\/www.iebschool.com\/saladeprensa\/#organization"},"potentialAction":[{"@type":"SearchAction","target":{"@type":"EntryPoint","urlTemplate":"https:\/\/www.iebschool.com\/saladeprensa\/?s={search_term_string}"},"query-input":{"@type":"PropertyValueSpecification","valueRequired":true,"valueName":"search_term_string"}}],"inLanguage":"es"},{"@type":"Organization","@id":"https:\/\/www.iebschool.com\/saladeprensa\/#organization","name":"Sala de Prensa","url":"https:\/\/www.iebschool.com\/saladeprensa\/","logo":{"@type":"ImageObject","inLanguage":"es","@id":"https:\/\/www.iebschool.com\/saladeprensa\/#\/schema\/logo\/image\/","url":"https:\/\/www.iebschool.com\/saladeprensa\/wp-content\/uploads\/2026\/02\/IEBS_Logo_BusinessSchool_1_Hor_Violeta-scaled.png","contentUrl":"https:\/\/www.iebschool.com\/saladeprensa\/wp-content\/uploads\/2026\/02\/IEBS_Logo_BusinessSchool_1_Hor_Violeta-scaled.png","width":2560,"height":374,"caption":"Sala de Prensa"},"image":{"@id":"https:\/\/www.iebschool.com\/saladeprensa\/#\/schema\/logo\/image\/"}},{"@type":"Person","@id":"https:\/\/www.iebschool.com\/saladeprensa\/#\/schema\/person\/92517e37a208ec94e5211d457cfef881","name":"Ylenia Garcia","image":{"@type":"ImageObject","inLanguage":"es","@id":"https:\/\/www.iebschool.com\/saladeprensa\/#\/schema\/person\/image\/","url":"https:\/\/secure.gravatar.com\/avatar\/7c62c61622c256552ca6a62ba40515ca60c7ca1e9bce7349ed64b3214cf440fe?s=96&d=mm&r=g","contentUrl":"https:\/\/secure.gravatar.com\/avatar\/7c62c61622c256552ca6a62ba40515ca60c7ca1e9bce7349ed64b3214cf440fe?s=96&d=mm&r=g","caption":"Ylenia Garcia"},"url":"https:\/\/www.iebschool.com\/saladeprensa\/author\/ygarciaiebschool-com\/"}]}},"image_thumbnail":"https:\/\/www.iebschool.com\/saladeprensa\/wp-includes\/images\/media\/default.svg","image_full":"https:\/\/www.iebschool.com\/saladeprensa\/wp-includes\/images\/media\/default.svg","categoria":{"nombre":"Notas de Prensa","slug":"category\/notas-de-prensa"},"_links":{"self":[{"href":"https:\/\/www.iebschool.com\/saladeprensa\/wp-json\/wp\/v2\/posts\/3658","targetHints":{"allow":["GET"]}}],"collection":[{"href":"https:\/\/www.iebschool.com\/saladeprensa\/wp-json\/wp\/v2\/posts"}],"about":[{"href":"https:\/\/www.iebschool.com\/saladeprensa\/wp-json\/wp\/v2\/types\/post"}],"author":[{"embeddable":true,"href":"https:\/\/www.iebschool.com\/saladeprensa\/wp-json\/wp\/v2\/users\/17"}],"replies":[{"embeddable":true,"href":"https:\/\/www.iebschool.com\/saladeprensa\/wp-json\/wp\/v2\/comments?post=3658"}],"version-history":[{"count":0,"href":"https:\/\/www.iebschool.com\/saladeprensa\/wp-json\/wp\/v2\/posts\/3658\/revisions"}],"wp:attachment":[{"href":"https:\/\/www.iebschool.com\/saladeprensa\/wp-json\/wp\/v2\/media?parent=3658"}],"wp:term":[{"taxonomy":"category","embeddable":true,"href":"https:\/\/www.iebschool.com\/saladeprensa\/wp-json\/wp\/v2\/categories?post=3658"},{"taxonomy":"post_tag","embeddable":true,"href":"https:\/\/www.iebschool.com\/saladeprensa\/wp-json\/wp\/v2\/tags?post=3658"}],"curies":[{"name":"wp","href":"https:\/\/api.w.org\/{rel}","templated":true}]}}