{"id":3889,"date":"2019-12-18T11:31:13","date_gmt":"2019-12-18T09:31:13","guid":{"rendered":"https:\/\/comunidad.iebschool.com\/saladeprensa\/?p=3889"},"modified":"2019-12-18T11:31:13","modified_gmt":"2019-12-18T09:31:13","slug":"los-perfiles-tecnologicos-aumentaran-sus-salarios-el-proximo-ano","status":"publish","type":"post","link":"https:\/\/www.iebschool.com\/saladeprensa\/2019\/12\/18\/los-perfiles-tecnologicos-aumentaran-sus-salarios-el-proximo-ano\/","title":{"rendered":"Los perfiles tecnol\u00f3gicos aumentar\u00e1n sus salarios el pr\u00f3ximo a\u00f1o"},"content":{"rendered":"&nbsp;\n<ul>\n\t<li><b>Los salarios de algunos de los profesionales tecnol\u00f3gicos aumentar\u00e1n un 2,3% de cara al pr\u00f3ximo a\u00f1o.<\/b><\/li>\n\t<li><b>IEBS dispone de la formaci\u00f3n necesaria para poder optar a las cinco profesiones mejor pagadas en 2020.<\/b><\/li>\n<\/ul>\n&nbsp;\n\n<b>Madrid, 18 diciembre de 2019<\/b><span style=\"font-weight: 400;\">. La alta demanda de perfiles tecnol\u00f3gicos y la escasez de este tipo de profesionales hacen que muchas empresas, nacionales e internacionales, aumenten los salarios en el \u00e1rea tecnol\u00f3gico con el objetivo de captar talento. \u201c<\/span><i><span style=\"font-weight: 400;\">Los sueldos por encima de la media y la seguridad laboral siguen siendo algunas de las razones de peso que tienen muchos profesionales para formarse en conocimientos tecnol\u00f3gicos especializados, como el Big Data o blockchain<\/span><\/i><span style=\"font-weight: 400;\">\u201d, se\u00f1alan desde <\/span><a href=\"https:\/\/www.iebschool.com\/\" target=\"_blank\" rel=\"noopener\"><span style=\"font-weight: 400;\">IEBS<\/span><\/a><span style=\"font-weight: 400;\">, escuela de negocios online especializada en la formaci\u00f3n de profesionales tecnol\u00f3gicos.\u00a0<\/span>\n\n<span style=\"font-weight: 400;\">No obstante y, aunque la mayor\u00eda de las profesiones tecnol\u00f3gicas mejoran progresivamente sus salarios, no todas lo hacen de la misma manera. Por ello, IEBS, ha querido destacar <\/span><b>las cinco profesiones tecnol\u00f3gicas que m\u00e1s van a incrementar sus salarios aproximadamente un 2,3% <\/b><span style=\"font-weight: 400;\">de cara al pr\u00f3ximo a\u00f1o.<\/span>\n\n<a href=\"https:\/\/www.iebschool.com\/programas\/postgrado-experiencia-usuario-diseno-productos-digitales\/\" target=\"_blank\" rel=\"noopener\"><b>Experto en UX<\/b><\/a><b>.<\/b><span style=\"font-weight: 400;\"> La necesidad de las empresas por ofrecer a sus clientes una experiencia de usuario \u00f3ptima de un producto digital de una manera m\u00e1s intuitiva y eficiente hace que surja una demanda cada vez mayor de contar con expertos en UX Design en sus plantillas. De hecho, seg\u00fan una encuesta recogida por IEBS, el 73% de directores y profesionales relacionados con el sector UX apuntaron que la demanda de este perfil aumentar\u00e1 durante los pr\u00f3ximos cinco a\u00f1os. Su salario medio actual, se encuentra entorno a los 36.000 euros, una cifra que desde la escuela estiman que crecer\u00e1, en 2020, hasta los 45.000 euros anuales<\/span>\n\n<a href=\"https:\/\/www.iebschool.com\/programas\/postgrado-growth-hacking\/\" target=\"_blank\" rel=\"noopener\"><b>Profesionales en Growth Hacking<\/b><\/a><span style=\"font-weight: 400;\">. Con un salario medio, actualmente, de 35.000 euros anuales, este perfil profesional est\u00e1 especializado en aplicar t\u00e9cnicas de marketing a trav\u00e9s de estrategias creativas, con menos costes y m\u00e1s impactos. La necesidad de innovaci\u00f3n y captaci\u00f3n de clientes por parte de las empresas har\u00e1n que el sueldo de este perfil profesional con habilidades en dise\u00f1o de estrategias de Marketing Data Driven, T\u00e9cnicas de Crecimiento y Embudo de Conversi\u00f3n crezca hasta 50.000 euros anuales, seg\u00fan IEBS.<\/span>\n\n<a href=\"https:\/\/www.iebschool.com\/programas\/master-agile-project-management\/\" target=\"_blank\" rel=\"noopener\"><b>Experto en Project Management<\/b><\/a><b>.<\/b><span style=\"font-weight: 400;\"> Los promotores de negocios capaces de mejorar la competitividad y productividad de una empresa se han convertido en expertos fundamentales en materia de organizaci\u00f3n y gesti\u00f3n de cualquier negocio. A trav\u00e9s de la aplicaci\u00f3n de metodolog\u00edas \u00e1giles y entornos de trabajo altamente eficientes se consigue generar un crecimiento positivo que promueve la integraci\u00f3n de equipos de trabajo a trav\u00e9s del procedimiento del manifiesto agile. Directores y altos cargos del sector empresarial estiman que el salario medio de estos profesionales se situar\u00e1 en torno a los 45.000 euros, cuando hoy en d\u00eda se encuentra entorno a los 36.000 euros.<\/span>\n\n<a href=\"https:\/\/www.iebschool.com\/programas\/master-fintech-blockchain-banca-digital\/\" target=\"_blank\" rel=\"noopener\"><b>Experto en tecnolog\u00eda Blockchain.<\/b><\/a><span style=\"font-weight: 400;\"> Esta tecnolog\u00eda se define como una tendencia que va a marcar la transformaci\u00f3n digital de los nuevos modelos de negocio. En este sentido, las empresas necesitan de \u00e9stos consultores tecnol\u00f3gicos con un perfil econ\u00f3mico-financiero para afrontar los nuevos retos y entornos digitales que afectan a sus empresas. La industria fintech, funcionamiento blockchain o el uso de criptomonedas son alguna de las funciones que realizan estos expertos cuyo salario alcanzar\u00e1 en 2020, hasta los 90.000 euros anuales.<\/span>\n\n<a href=\"https:\/\/www.iebschool.com\/programas\/master-digital-business-analytics-big-data\/\" target=\"_blank\" rel=\"noopener\"><b>Especialista en Digital Business Analytics &amp; Big Data<\/b><\/a><b>.<\/b><span style=\"font-weight: 400;\"> En los \u00faltimos a\u00f1os el salario medio de un especialista en an\u00e1lisis de datos y Big Data se ha situado en torno a los 55.000 euros anuales, una cifra que continuar\u00e1 creciendo por la necesidad de este tipo de profesionales por parte de las empresas y por la escasez de estos expertos en el mercado laboral. Habilidades como la planificaci\u00f3n y gesti\u00f3n de estrategias y campa\u00f1as de marketing mediante el\u00a0an\u00e1lisis de datos proporcionan grandes beneficios a las empresas como la fidelizaci\u00f3n y captaci\u00f3n de clientes, desarrollo de algoritmos predictivos como solucionador de problemas y, en definitiva, para el incremento de ventas.\u00a0Desde la escuela de negocios consideran que, el pr\u00f3ximo a\u00f1o, el salario medio de este profesional se situar\u00e1 en 70.000 euros anuales.<\/span>\n\n<b>Sobre IEBS Business School<\/b>\n\n<span style=\"font-weight: 400;\">IEBS, la escuela de negocios de la innovaci\u00f3n y los emprendedores, nace en 2009 con el objetivo de ofrecer una alternativa real a las escuelas de negocios tradicionales, con una apuesta por la innovaci\u00f3n en el aprendizaje, los emprendedores, la \u00e9tica y la sostenibilidad. Hoy en d\u00eda, es reconocida como la escuela de negocios de nueva generaci\u00f3n m\u00e1s innovadora, habiendo sido escogida por el Fecyt como uno de los perfiles m\u00e1s innovadores, y apareciendo en el ranking de escuelas de negocios que elabora el CSIC como la 1\u00aa exclusivamente<\/span> <span style=\"font-weight: 400;\">online y la 9\u00aa<\/span><a href=\"https:\/\/www.iebschool.com\/ranking-y-acreditaciones\/\" target=\"_blank\" rel=\"noopener\"> <span style=\"font-weight: 400;\">mejor escuela de negocios<\/span><\/a> <span style=\"font-weight: 400;\">de Espa\u00f1a.<\/span>","protected":false},"excerpt":{"rendered":"","protected":false},"author":17,"featured_media":0,"comment_status":"open","ping_status":"open","sticky":false,"template":"","format":"standard","meta":{"footnotes":""},"categories":[8],"tags":[191,211],"class_list":["post-3889","post","type-post","status-publish","format-standard","hentry","category-notas-de-prensa","tag-perfiles-tecnologicos","tag-salario"],"yoast_head":"<!-- This site is optimized with the Yoast SEO Premium plugin v23.9 (Yoast SEO v24.6) - https:\/\/yoast.com\/wordpress\/plugins\/seo\/ -->\n<title>Los perfiles tecnol\u00f3gicos aumentar\u00e1n sus salarios el pr\u00f3ximo a\u00f1o<\/title>\n<meta name=\"description\" content=\"&nbsp; Los salarios de algunos de los profesionales tecnol\u00f3gicos aumentar\u00e1n un 2,3% de cara al pr\u00f3ximo a\u00f1o. IEBS dispone de la formaci\u00f3n necesaria para\" \/>\n<meta name=\"robots\" content=\"index, follow, max-snippet:-1, max-image-preview:large, max-video-preview:-1\" \/>\n<link rel=\"canonical\" href=\"https:\/\/www.iebschool.com\/saladeprensa\/2019\/12\/18\/los-perfiles-tecnologicos-aumentaran-sus-salarios-el-proximo-ano\/\" \/>\n<meta property=\"og:locale\" content=\"es_ES\" \/>\n<meta property=\"og:type\" content=\"article\" \/>\n<meta property=\"og:title\" content=\"Los perfiles tecnol\u00f3gicos aumentar\u00e1n sus salarios el pr\u00f3ximo a\u00f1o\" \/>\n<meta property=\"og:description\" content=\"&nbsp; Los salarios de algunos de los profesionales tecnol\u00f3gicos aumentar\u00e1n un 2,3% de cara al pr\u00f3ximo a\u00f1o. IEBS dispone de la formaci\u00f3n necesaria para\" \/>\n<meta property=\"og:url\" content=\"https:\/\/www.iebschool.com\/saladeprensa\/2019\/12\/18\/los-perfiles-tecnologicos-aumentaran-sus-salarios-el-proximo-ano\/\" \/>\n<meta property=\"og:site_name\" content=\"Sala de Prensa\" \/>\n<meta property=\"article:published_time\" content=\"2019-12-18T09:31:13+00:00\" \/>\n<meta name=\"author\" content=\"Ylenia Garcia\" \/>\n<meta name=\"twitter:card\" content=\"summary_large_image\" \/>\n<meta name=\"twitter:label1\" content=\"Escrito por\" \/>\n\t<meta name=\"twitter:data1\" content=\"Ylenia Garcia\" \/>\n\t<meta name=\"twitter:label2\" content=\"Tiempo de lectura\" \/>\n\t<meta name=\"twitter:data2\" content=\"4 minutos\" \/>\n<script type=\"application\/ld+json\" class=\"yoast-schema-graph\">{\"@context\":\"https:\/\/schema.org\",\"@graph\":[{\"@type\":\"Article\",\"@id\":\"https:\/\/www.iebschool.com\/saladeprensa\/2019\/12\/18\/los-perfiles-tecnologicos-aumentaran-sus-salarios-el-proximo-ano\/#article\",\"isPartOf\":{\"@id\":\"https:\/\/www.iebschool.com\/saladeprensa\/2019\/12\/18\/los-perfiles-tecnologicos-aumentaran-sus-salarios-el-proximo-ano\/\"},\"author\":{\"name\":\"Ylenia Garcia\",\"@id\":\"https:\/\/www.iebschool.com\/saladeprensa\/#\/schema\/person\/92517e37a208ec94e5211d457cfef881\"},\"headline\":\"Los perfiles tecnol\u00f3gicos aumentar\u00e1n sus salarios el pr\u00f3ximo a\u00f1o\",\"datePublished\":\"2019-12-18T09:31:13+00:00\",\"mainEntityOfPage\":{\"@id\":\"https:\/\/www.iebschool.com\/saladeprensa\/2019\/12\/18\/los-perfiles-tecnologicos-aumentaran-sus-salarios-el-proximo-ano\/\"},\"wordCount\":826,\"commentCount\":0,\"publisher\":{\"@id\":\"https:\/\/www.iebschool.com\/saladeprensa\/#organization\"},\"keywords\":[\"perfiles tecnol\u00f3gicos\",\"salario\"],\"articleSection\":[\"Notas de Prensa\"],\"inLanguage\":\"es\",\"potentialAction\":[{\"@type\":\"CommentAction\",\"name\":\"Comment\",\"target\":[\"https:\/\/www.iebschool.com\/saladeprensa\/2019\/12\/18\/los-perfiles-tecnologicos-aumentaran-sus-salarios-el-proximo-ano\/#respond\"]}]},{\"@type\":\"WebPage\",\"@id\":\"https:\/\/www.iebschool.com\/saladeprensa\/2019\/12\/18\/los-perfiles-tecnologicos-aumentaran-sus-salarios-el-proximo-ano\/\",\"url\":\"https:\/\/www.iebschool.com\/saladeprensa\/2019\/12\/18\/los-perfiles-tecnologicos-aumentaran-sus-salarios-el-proximo-ano\/\",\"name\":\"Los perfiles tecnol\u00f3gicos aumentar\u00e1n sus salarios el pr\u00f3ximo a\u00f1o\",\"isPartOf\":{\"@id\":\"https:\/\/www.iebschool.com\/saladeprensa\/#website\"},\"datePublished\":\"2019-12-18T09:31:13+00:00\",\"description\":\"&nbsp; Los salarios de algunos de los profesionales tecnol\u00f3gicos aumentar\u00e1n un 2,3% de cara al pr\u00f3ximo a\u00f1o. IEBS dispone de la formaci\u00f3n necesaria para\",\"breadcrumb\":{\"@id\":\"https:\/\/www.iebschool.com\/saladeprensa\/2019\/12\/18\/los-perfiles-tecnologicos-aumentaran-sus-salarios-el-proximo-ano\/#breadcrumb\"},\"inLanguage\":\"es\",\"potentialAction\":[{\"@type\":\"ReadAction\",\"target\":[\"https:\/\/www.iebschool.com\/saladeprensa\/2019\/12\/18\/los-perfiles-tecnologicos-aumentaran-sus-salarios-el-proximo-ano\/\"]}]},{\"@type\":\"BreadcrumbList\",\"@id\":\"https:\/\/www.iebschool.com\/saladeprensa\/2019\/12\/18\/los-perfiles-tecnologicos-aumentaran-sus-salarios-el-proximo-ano\/#breadcrumb\",\"itemListElement\":[{\"@type\":\"ListItem\",\"position\":1,\"name\":\"Portada\",\"item\":\"https:\/\/www.iebschool.com\/saladeprensa\/\"},{\"@type\":\"ListItem\",\"position\":2,\"name\":\"Los perfiles tecnol\u00f3gicos aumentar\u00e1n sus salarios el pr\u00f3ximo a\u00f1o\"}]},{\"@type\":\"WebSite\",\"@id\":\"https:\/\/www.iebschool.com\/saladeprensa\/#website\",\"url\":\"https:\/\/www.iebschool.com\/saladeprensa\/\",\"name\":\"Sala de Prensa\",\"description\":\"IEBS\",\"publisher\":{\"@id\":\"https:\/\/www.iebschool.com\/saladeprensa\/#organization\"},\"potentialAction\":[{\"@type\":\"SearchAction\",\"target\":{\"@type\":\"EntryPoint\",\"urlTemplate\":\"https:\/\/www.iebschool.com\/saladeprensa\/?s={search_term_string}\"},\"query-input\":{\"@type\":\"PropertyValueSpecification\",\"valueRequired\":true,\"valueName\":\"search_term_string\"}}],\"inLanguage\":\"es\"},{\"@type\":\"Organization\",\"@id\":\"https:\/\/www.iebschool.com\/saladeprensa\/#organization\",\"name\":\"Sala de Prensa\",\"url\":\"https:\/\/www.iebschool.com\/saladeprensa\/\",\"logo\":{\"@type\":\"ImageObject\",\"inLanguage\":\"es\",\"@id\":\"https:\/\/www.iebschool.com\/saladeprensa\/#\/schema\/logo\/image\/\",\"url\":\"https:\/\/www.iebschool.com\/saladeprensa\/wp-content\/uploads\/2026\/02\/IEBS_Logo_BusinessSchool_1_Hor_Violeta-scaled.png\",\"contentUrl\":\"https:\/\/www.iebschool.com\/saladeprensa\/wp-content\/uploads\/2026\/02\/IEBS_Logo_BusinessSchool_1_Hor_Violeta-scaled.png\",\"width\":2560,\"height\":374,\"caption\":\"Sala de Prensa\"},\"image\":{\"@id\":\"https:\/\/www.iebschool.com\/saladeprensa\/#\/schema\/logo\/image\/\"}},{\"@type\":\"Person\",\"@id\":\"https:\/\/www.iebschool.com\/saladeprensa\/#\/schema\/person\/92517e37a208ec94e5211d457cfef881\",\"name\":\"Ylenia Garcia\",\"image\":{\"@type\":\"ImageObject\",\"inLanguage\":\"es\",\"@id\":\"https:\/\/www.iebschool.com\/saladeprensa\/#\/schema\/person\/image\/\",\"url\":\"https:\/\/secure.gravatar.com\/avatar\/7c62c61622c256552ca6a62ba40515ca60c7ca1e9bce7349ed64b3214cf440fe?s=96&d=mm&r=g\",\"contentUrl\":\"https:\/\/secure.gravatar.com\/avatar\/7c62c61622c256552ca6a62ba40515ca60c7ca1e9bce7349ed64b3214cf440fe?s=96&d=mm&r=g\",\"caption\":\"Ylenia Garcia\"},\"url\":\"https:\/\/www.iebschool.com\/saladeprensa\/author\/ygarciaiebschool-com\/\"}]}<\/script>\n<!-- \/ Yoast SEO Premium plugin. -->","yoast_head_json":{"title":"Los perfiles tecnol\u00f3gicos aumentar\u00e1n sus salarios el pr\u00f3ximo a\u00f1o","description":"&nbsp; Los salarios de algunos de los profesionales tecnol\u00f3gicos aumentar\u00e1n un 2,3% de cara al pr\u00f3ximo a\u00f1o. IEBS dispone de la formaci\u00f3n necesaria para","robots":{"index":"index","follow":"follow","max-snippet":"max-snippet:-1","max-image-preview":"max-image-preview:large","max-video-preview":"max-video-preview:-1"},"canonical":"https:\/\/www.iebschool.com\/saladeprensa\/2019\/12\/18\/los-perfiles-tecnologicos-aumentaran-sus-salarios-el-proximo-ano\/","og_locale":"es_ES","og_type":"article","og_title":"Los perfiles tecnol\u00f3gicos aumentar\u00e1n sus salarios el pr\u00f3ximo a\u00f1o","og_description":"&nbsp; Los salarios de algunos de los profesionales tecnol\u00f3gicos aumentar\u00e1n un 2,3% de cara al pr\u00f3ximo a\u00f1o. IEBS dispone de la formaci\u00f3n necesaria para","og_url":"https:\/\/www.iebschool.com\/saladeprensa\/2019\/12\/18\/los-perfiles-tecnologicos-aumentaran-sus-salarios-el-proximo-ano\/","og_site_name":"Sala de Prensa","article_published_time":"2019-12-18T09:31:13+00:00","author":"Ylenia Garcia","twitter_card":"summary_large_image","twitter_misc":{"Escrito por":"Ylenia Garcia","Tiempo de lectura":"4 minutos"},"schema":{"@context":"https:\/\/schema.org","@graph":[{"@type":"Article","@id":"https:\/\/www.iebschool.com\/saladeprensa\/2019\/12\/18\/los-perfiles-tecnologicos-aumentaran-sus-salarios-el-proximo-ano\/#article","isPartOf":{"@id":"https:\/\/www.iebschool.com\/saladeprensa\/2019\/12\/18\/los-perfiles-tecnologicos-aumentaran-sus-salarios-el-proximo-ano\/"},"author":{"name":"Ylenia Garcia","@id":"https:\/\/www.iebschool.com\/saladeprensa\/#\/schema\/person\/92517e37a208ec94e5211d457cfef881"},"headline":"Los perfiles tecnol\u00f3gicos aumentar\u00e1n sus salarios el pr\u00f3ximo a\u00f1o","datePublished":"2019-12-18T09:31:13+00:00","mainEntityOfPage":{"@id":"https:\/\/www.iebschool.com\/saladeprensa\/2019\/12\/18\/los-perfiles-tecnologicos-aumentaran-sus-salarios-el-proximo-ano\/"},"wordCount":826,"commentCount":0,"publisher":{"@id":"https:\/\/www.iebschool.com\/saladeprensa\/#organization"},"keywords":["perfiles tecnol\u00f3gicos","salario"],"articleSection":["Notas de Prensa"],"inLanguage":"es","potentialAction":[{"@type":"CommentAction","name":"Comment","target":["https:\/\/www.iebschool.com\/saladeprensa\/2019\/12\/18\/los-perfiles-tecnologicos-aumentaran-sus-salarios-el-proximo-ano\/#respond"]}]},{"@type":"WebPage","@id":"https:\/\/www.iebschool.com\/saladeprensa\/2019\/12\/18\/los-perfiles-tecnologicos-aumentaran-sus-salarios-el-proximo-ano\/","url":"https:\/\/www.iebschool.com\/saladeprensa\/2019\/12\/18\/los-perfiles-tecnologicos-aumentaran-sus-salarios-el-proximo-ano\/","name":"Los perfiles tecnol\u00f3gicos aumentar\u00e1n sus salarios el pr\u00f3ximo a\u00f1o","isPartOf":{"@id":"https:\/\/www.iebschool.com\/saladeprensa\/#website"},"datePublished":"2019-12-18T09:31:13+00:00","description":"&nbsp; Los salarios de algunos de los profesionales tecnol\u00f3gicos aumentar\u00e1n un 2,3% de cara al pr\u00f3ximo a\u00f1o. IEBS dispone de la formaci\u00f3n necesaria para","breadcrumb":{"@id":"https:\/\/www.iebschool.com\/saladeprensa\/2019\/12\/18\/los-perfiles-tecnologicos-aumentaran-sus-salarios-el-proximo-ano\/#breadcrumb"},"inLanguage":"es","potentialAction":[{"@type":"ReadAction","target":["https:\/\/www.iebschool.com\/saladeprensa\/2019\/12\/18\/los-perfiles-tecnologicos-aumentaran-sus-salarios-el-proximo-ano\/"]}]},{"@type":"BreadcrumbList","@id":"https:\/\/www.iebschool.com\/saladeprensa\/2019\/12\/18\/los-perfiles-tecnologicos-aumentaran-sus-salarios-el-proximo-ano\/#breadcrumb","itemListElement":[{"@type":"ListItem","position":1,"name":"Portada","item":"https:\/\/www.iebschool.com\/saladeprensa\/"},{"@type":"ListItem","position":2,"name":"Los perfiles tecnol\u00f3gicos aumentar\u00e1n sus salarios el pr\u00f3ximo a\u00f1o"}]},{"@type":"WebSite","@id":"https:\/\/www.iebschool.com\/saladeprensa\/#website","url":"https:\/\/www.iebschool.com\/saladeprensa\/","name":"Sala de Prensa","description":"IEBS","publisher":{"@id":"https:\/\/www.iebschool.com\/saladeprensa\/#organization"},"potentialAction":[{"@type":"SearchAction","target":{"@type":"EntryPoint","urlTemplate":"https:\/\/www.iebschool.com\/saladeprensa\/?s={search_term_string}"},"query-input":{"@type":"PropertyValueSpecification","valueRequired":true,"valueName":"search_term_string"}}],"inLanguage":"es"},{"@type":"Organization","@id":"https:\/\/www.iebschool.com\/saladeprensa\/#organization","name":"Sala de Prensa","url":"https:\/\/www.iebschool.com\/saladeprensa\/","logo":{"@type":"ImageObject","inLanguage":"es","@id":"https:\/\/www.iebschool.com\/saladeprensa\/#\/schema\/logo\/image\/","url":"https:\/\/www.iebschool.com\/saladeprensa\/wp-content\/uploads\/2026\/02\/IEBS_Logo_BusinessSchool_1_Hor_Violeta-scaled.png","contentUrl":"https:\/\/www.iebschool.com\/saladeprensa\/wp-content\/uploads\/2026\/02\/IEBS_Logo_BusinessSchool_1_Hor_Violeta-scaled.png","width":2560,"height":374,"caption":"Sala de Prensa"},"image":{"@id":"https:\/\/www.iebschool.com\/saladeprensa\/#\/schema\/logo\/image\/"}},{"@type":"Person","@id":"https:\/\/www.iebschool.com\/saladeprensa\/#\/schema\/person\/92517e37a208ec94e5211d457cfef881","name":"Ylenia Garcia","image":{"@type":"ImageObject","inLanguage":"es","@id":"https:\/\/www.iebschool.com\/saladeprensa\/#\/schema\/person\/image\/","url":"https:\/\/secure.gravatar.com\/avatar\/7c62c61622c256552ca6a62ba40515ca60c7ca1e9bce7349ed64b3214cf440fe?s=96&d=mm&r=g","contentUrl":"https:\/\/secure.gravatar.com\/avatar\/7c62c61622c256552ca6a62ba40515ca60c7ca1e9bce7349ed64b3214cf440fe?s=96&d=mm&r=g","caption":"Ylenia Garcia"},"url":"https:\/\/www.iebschool.com\/saladeprensa\/author\/ygarciaiebschool-com\/"}]}},"image_thumbnail":"https:\/\/www.iebschool.com\/saladeprensa\/wp-includes\/images\/media\/default.svg","image_full":"https:\/\/www.iebschool.com\/saladeprensa\/wp-includes\/images\/media\/default.svg","categoria":{"nombre":"Notas de Prensa","slug":"category\/notas-de-prensa"},"_links":{"self":[{"href":"https:\/\/www.iebschool.com\/saladeprensa\/wp-json\/wp\/v2\/posts\/3889","targetHints":{"allow":["GET"]}}],"collection":[{"href":"https:\/\/www.iebschool.com\/saladeprensa\/wp-json\/wp\/v2\/posts"}],"about":[{"href":"https:\/\/www.iebschool.com\/saladeprensa\/wp-json\/wp\/v2\/types\/post"}],"author":[{"embeddable":true,"href":"https:\/\/www.iebschool.com\/saladeprensa\/wp-json\/wp\/v2\/users\/17"}],"replies":[{"embeddable":true,"href":"https:\/\/www.iebschool.com\/saladeprensa\/wp-json\/wp\/v2\/comments?post=3889"}],"version-history":[{"count":0,"href":"https:\/\/www.iebschool.com\/saladeprensa\/wp-json\/wp\/v2\/posts\/3889\/revisions"}],"wp:attachment":[{"href":"https:\/\/www.iebschool.com\/saladeprensa\/wp-json\/wp\/v2\/media?parent=3889"}],"wp:term":[{"taxonomy":"category","embeddable":true,"href":"https:\/\/www.iebschool.com\/saladeprensa\/wp-json\/wp\/v2\/categories?post=3889"},{"taxonomy":"post_tag","embeddable":true,"href":"https:\/\/www.iebschool.com\/saladeprensa\/wp-json\/wp\/v2\/tags?post=3889"}],"curies":[{"name":"wp","href":"https:\/\/api.w.org\/{rel}","templated":true}]}}