{"id":3902,"date":"2020-01-14T17:59:35","date_gmt":"2020-01-14T15:59:35","guid":{"rendered":"https:\/\/comunidad.iebschool.com\/saladeprensa\/?p=3902"},"modified":"2020-01-14T17:59:35","modified_gmt":"2020-01-14T15:59:35","slug":"iebs-formara-a-influencers-profesionales-en-la-era-digital","status":"publish","type":"post","link":"https:\/\/www.iebschool.com\/saladeprensa\/2020\/01\/14\/iebs-formara-a-influencers-profesionales-en-la-era-digital\/","title":{"rendered":"IEBS formar\u00e1 a influencers profesionales en la era Digital"},"content":{"rendered":"&nbsp;\n<ul>\n\t<li style=\"font-weight: 400;\"><i><span style=\"font-weight: 400;\">El nuevo postgrado de IEBS responde a la gran demanda que existe de este perfil digital.<\/span><\/i><\/li>\n\t<li style=\"font-weight: 400;\"><span style=\"font-weight: 400;\">Los influencers y sus opiniones se han convertido en imprescindibles en las estrategias de marketing de cualquier empresa.<\/span><\/li>\n<\/ul>\n<i><\/i>\n\n<b>Madrid, 14 de enero de 2020. <\/b><span style=\"font-weight: 400;\">Se calcula que<\/span> <span style=\"font-weight: 400;\">el negocio de los influencers en Espa\u00f1a mueve alrededor de 9 millones de euros al a\u00f1o, lo que muestra la relevancia que han conseguido como prescriptores de las marcas. Desde <\/span><a href=\"https:\/\/www.iebschool.com\/\" target=\"_blank\" rel=\"noopener\"><b>IEBS<\/b><\/a><span style=\"font-weight: 400;\">, escuela de negocios online, afirman que \u201c<\/span><i><span style=\"font-weight: 400;\">la forma en la que compramos y nos comunicamos ha cambiado, ahora escuchamos antes a un influencer que a una marca. Por ello, cada vez son m\u00e1s las compa\u00f1\u00edas que apuestan por este tipo de perfil para promocionar sus productos\u201d.<\/span><\/i>\n\n<span style=\"font-weight: 400;\">Este cambio en el modelo de consumo permite que cualquier persona, famosa o an\u00f3nima, pueda convertirse en influencer. Sin embargo, alcanzar este estatus dentro de las redes sociales no es sencillo: lograr el <\/span><i><span style=\"font-weight: 400;\">engagement<\/span><\/i><span style=\"font-weight: 400;\"> con los seguidores depende de muchos factores y es un trabajo complejo que requiere de una estrategia. Por ello, se han desarrollado cursos especializados como el<\/span><a href=\"https:\/\/www.iebschool.com\/programas\/postgrado-influencer-profesional\/\" target=\"_blank\" rel=\"noopener\"> <b>Postgrado en Influencer Profesional<\/b><\/a><b> de IEBS<\/b><span style=\"font-weight: 400;\">, en el que se ense\u00f1an las herramientas, estrategias, t\u00e9cnicas y m\u00e9tricas que deben implementar, valorar y gestionar quienes deseen encaminar su futuro laboral en este negocio.\u00a0<\/span>\n\n<span style=\"font-weight: 400;\">As\u00ed, desde la escuela se\u00f1alan que \u201c<\/span><i><span style=\"font-weight: 400;\">la capacidad de engagement y la relevancia de las opiniones de influencers son claves dentro de las estrategias de marketing de las compa\u00f1\u00edas. Por ello, si queremos generar una marca personal rentable y sostenible a largo plazo como influencers, es necesario gestionar nuestro perfil de una manera profesional, teniendo en cuenta que el contenido que publiquemos sea de calidad y acorde al p\u00fablico que tenemos<\/span><\/i><span style=\"font-weight: 400;\">\u201d.\u00a0<\/span>\n\n<span style=\"font-weight: 400;\">Seg\u00fan un estudio de Ron Brugal <\/span><b>\u2018Mam\u00e1, quiero ser influencer\u2019,<\/b><span style=\"font-weight: 400;\"> realizado por <\/span><b>EL DEPARTAMENTO<\/b><span style=\"font-weight: 400;\">, uno de cada cuatro j\u00f3venes espa\u00f1oles considera la profesi\u00f3n de influencer como uno de los trabajos m\u00e1s \u2018top\u2019. Por lo que no es de extra\u00f1ar que cada vez sean m\u00e1s quienes se interesan por profesionalizar su perfil de redes sociales y convertir su hobby en un trabajo.\u00a0<\/span>\n\n<span style=\"font-weight: 400;\">Gracias al <\/span><b>Postgrado en Influencer Profesional de IEBS,<\/b><span style=\"font-weight: 400;\"> los futuros influencers ser\u00e1n <\/span><b>capaces de establecer un modelo de negocio rentable y s\u00f3lido en base a su marca personal, <\/b><span style=\"font-weight: 400;\">gracias al aprendizaje de conocimientos propios de un experto en marketing. Y, profundizar\u00e1n en las habilidades necesarias para hacerse con una comunidad de seguidores y convertirse en prescriptores de marca en la era digital.<\/span>\n\n<span style=\"font-weight: 400;\">El claustro de profesores est\u00e1 formado por grandes profesionales del sector. <\/span><b>La directora del programa es Eva Rodriguez Alvarez,<\/b><span style=\"font-weight: 400;\"> periodista y digital manager, micro influencer profesional y autora de varios libros gastron\u00f3micos. Entre sus profesores est\u00e1n profesionales en activo de gran relevancia, como<\/span><b> Oscar Cum\u00ed, <\/b><span style=\"font-weight: 400;\">CEO en la Agencia de influencer Marketing \u201cMr.Who\u201d;<\/span><b> Alicia Ro<\/b><span style=\"font-weight: 400;\">, comunicadora experta en marca personal, adem\u00e1s de, presentadora y ganadora de #PremiosBlogs2017;<\/span><b> Eva Mu\u00f1oz<\/b><span style=\"font-weight: 400;\">, especialista en monetizaci\u00f3n en Telef\u00f3nica; <\/span><b>Caitilin O\u2019Rorke<\/b><span style=\"font-weight: 400;\">, creadora de contenidos audiovisuales para Fox y National Geographic; <\/span><b>Jose Javier Priego<\/b><span style=\"font-weight: 400;\">, Director de V\u00eddeo Marketing en Easypromos; y, <\/span><b>Herv\u00e9 Guillot<\/b><span style=\"font-weight: 400;\">, Group Marketplace Content Director en Treatwell.\u00a0<\/span>\n\n<span style=\"font-weight: 400;\">El <\/span><b>Postgrado en Influencer Profesional<\/b><span style=\"font-weight: 400;\"> dar\u00e1 comienzo el <\/span><b>30 de abril<\/b><span style=\"font-weight: 400;\"> y en su primera edici\u00f3n cuenta con un n\u00famero limitado de plazas.\u00a0<\/span>\n\n<b>Sobre IEBS Business School<\/b>\n\n<span style=\"font-weight: 400;\">IEBS, la escuela de negocios de la innovaci\u00f3n y los emprendedores, nace en 2009 con el objetivo de ofrecer una alternativa real a las escuelas de negocios tradicionales, con una apuesta por la innovaci\u00f3n en el aprendizaje, los emprendedores, la \u00e9tica y la sostenibilidad. Hoy en d\u00eda, es reconocida como la escuela de negocios de nueva generaci\u00f3n m\u00e1s innovadora, habiendo sido escogida por el Fecyt como uno de los perfiles m\u00e1s innovadores, y apareciendo en el ranking de escuelas de negocios que elabora el CSIC como la 1\u00aa exclusivamente<\/span> <span style=\"font-weight: 400;\">online y la 9\u00aa<\/span><a href=\"https:\/\/www.iebschool.com\/ranking-y-acreditaciones\/\" target=\"_blank\" rel=\"noopener\"> <span style=\"font-weight: 400;\">mejor escuela de negocios<\/span><\/a> <span style=\"font-weight: 400;\">de Espa\u00f1a.<\/span>","protected":false},"excerpt":{"rendered":"","protected":false},"author":17,"featured_media":0,"comment_status":"open","ping_status":"open","sticky":false,"template":"","format":"standard","meta":{"footnotes":""},"categories":[8],"tags":[137,197],"class_list":["post-3902","post","type-post","status-publish","format-standard","hentry","category-notas-de-prensa","tag-influencers","tag-programa"],"yoast_head":"<!-- This site is optimized with the Yoast SEO Premium plugin v23.9 (Yoast SEO v24.6) - https:\/\/yoast.com\/wordpress\/plugins\/seo\/ -->\n<title>IEBS formar\u00e1 a influencers profesionales en la era Digital - Sala de Prensa<\/title>\n<meta name=\"description\" content=\"&nbsp; El nuevo postgrado de IEBS responde a la gran demanda que existe de este perfil digital. Los influencers y sus opiniones se han convertido en\" \/>\n<meta name=\"robots\" content=\"index, follow, max-snippet:-1, max-image-preview:large, max-video-preview:-1\" \/>\n<link rel=\"canonical\" href=\"https:\/\/www.iebschool.com\/saladeprensa\/2020\/01\/14\/iebs-formara-a-influencers-profesionales-en-la-era-digital\/\" \/>\n<meta property=\"og:locale\" content=\"es_ES\" \/>\n<meta property=\"og:type\" content=\"article\" \/>\n<meta property=\"og:title\" content=\"IEBS formar\u00e1 a influencers profesionales en la era Digital\" \/>\n<meta property=\"og:description\" content=\"&nbsp; El nuevo postgrado de IEBS responde a la gran demanda que existe de este perfil digital. Los influencers y sus opiniones se han convertido en\" \/>\n<meta property=\"og:url\" content=\"https:\/\/www.iebschool.com\/saladeprensa\/2020\/01\/14\/iebs-formara-a-influencers-profesionales-en-la-era-digital\/\" \/>\n<meta property=\"og:site_name\" content=\"Sala de Prensa\" \/>\n<meta property=\"article:published_time\" content=\"2020-01-14T15:59:35+00:00\" \/>\n<meta name=\"author\" content=\"Ylenia Garcia\" \/>\n<meta name=\"twitter:card\" content=\"summary_large_image\" \/>\n<meta name=\"twitter:label1\" content=\"Escrito por\" \/>\n\t<meta name=\"twitter:data1\" content=\"Ylenia Garcia\" \/>\n\t<meta name=\"twitter:label2\" content=\"Tiempo de lectura\" \/>\n\t<meta name=\"twitter:data2\" content=\"3 minutos\" \/>\n<script type=\"application\/ld+json\" class=\"yoast-schema-graph\">{\"@context\":\"https:\/\/schema.org\",\"@graph\":[{\"@type\":\"Article\",\"@id\":\"https:\/\/www.iebschool.com\/saladeprensa\/2020\/01\/14\/iebs-formara-a-influencers-profesionales-en-la-era-digital\/#article\",\"isPartOf\":{\"@id\":\"https:\/\/www.iebschool.com\/saladeprensa\/2020\/01\/14\/iebs-formara-a-influencers-profesionales-en-la-era-digital\/\"},\"author\":{\"name\":\"Ylenia Garcia\",\"@id\":\"https:\/\/www.iebschool.com\/saladeprensa\/#\/schema\/person\/92517e37a208ec94e5211d457cfef881\"},\"headline\":\"IEBS formar\u00e1 a influencers profesionales en la era Digital\",\"datePublished\":\"2020-01-14T15:59:35+00:00\",\"mainEntityOfPage\":{\"@id\":\"https:\/\/www.iebschool.com\/saladeprensa\/2020\/01\/14\/iebs-formara-a-influencers-profesionales-en-la-era-digital\/\"},\"wordCount\":677,\"commentCount\":0,\"publisher\":{\"@id\":\"https:\/\/www.iebschool.com\/saladeprensa\/#organization\"},\"keywords\":[\"influencers\",\"programa\"],\"articleSection\":[\"Notas de Prensa\"],\"inLanguage\":\"es\",\"potentialAction\":[{\"@type\":\"CommentAction\",\"name\":\"Comment\",\"target\":[\"https:\/\/www.iebschool.com\/saladeprensa\/2020\/01\/14\/iebs-formara-a-influencers-profesionales-en-la-era-digital\/#respond\"]}]},{\"@type\":\"WebPage\",\"@id\":\"https:\/\/www.iebschool.com\/saladeprensa\/2020\/01\/14\/iebs-formara-a-influencers-profesionales-en-la-era-digital\/\",\"url\":\"https:\/\/www.iebschool.com\/saladeprensa\/2020\/01\/14\/iebs-formara-a-influencers-profesionales-en-la-era-digital\/\",\"name\":\"IEBS formar\u00e1 a influencers profesionales en la era Digital - Sala de Prensa\",\"isPartOf\":{\"@id\":\"https:\/\/www.iebschool.com\/saladeprensa\/#website\"},\"datePublished\":\"2020-01-14T15:59:35+00:00\",\"description\":\"&nbsp; El nuevo postgrado de IEBS responde a la gran demanda que existe de este perfil digital. Los influencers y sus opiniones se han convertido en\",\"breadcrumb\":{\"@id\":\"https:\/\/www.iebschool.com\/saladeprensa\/2020\/01\/14\/iebs-formara-a-influencers-profesionales-en-la-era-digital\/#breadcrumb\"},\"inLanguage\":\"es\",\"potentialAction\":[{\"@type\":\"ReadAction\",\"target\":[\"https:\/\/www.iebschool.com\/saladeprensa\/2020\/01\/14\/iebs-formara-a-influencers-profesionales-en-la-era-digital\/\"]}]},{\"@type\":\"BreadcrumbList\",\"@id\":\"https:\/\/www.iebschool.com\/saladeprensa\/2020\/01\/14\/iebs-formara-a-influencers-profesionales-en-la-era-digital\/#breadcrumb\",\"itemListElement\":[{\"@type\":\"ListItem\",\"position\":1,\"name\":\"Portada\",\"item\":\"https:\/\/www.iebschool.com\/saladeprensa\/\"},{\"@type\":\"ListItem\",\"position\":2,\"name\":\"IEBS formar\u00e1 a influencers profesionales en la era Digital\"}]},{\"@type\":\"WebSite\",\"@id\":\"https:\/\/www.iebschool.com\/saladeprensa\/#website\",\"url\":\"https:\/\/www.iebschool.com\/saladeprensa\/\",\"name\":\"Sala de Prensa\",\"description\":\"IEBS\",\"publisher\":{\"@id\":\"https:\/\/www.iebschool.com\/saladeprensa\/#organization\"},\"potentialAction\":[{\"@type\":\"SearchAction\",\"target\":{\"@type\":\"EntryPoint\",\"urlTemplate\":\"https:\/\/www.iebschool.com\/saladeprensa\/?s={search_term_string}\"},\"query-input\":{\"@type\":\"PropertyValueSpecification\",\"valueRequired\":true,\"valueName\":\"search_term_string\"}}],\"inLanguage\":\"es\"},{\"@type\":\"Organization\",\"@id\":\"https:\/\/www.iebschool.com\/saladeprensa\/#organization\",\"name\":\"Sala de Prensa\",\"url\":\"https:\/\/www.iebschool.com\/saladeprensa\/\",\"logo\":{\"@type\":\"ImageObject\",\"inLanguage\":\"es\",\"@id\":\"https:\/\/www.iebschool.com\/saladeprensa\/#\/schema\/logo\/image\/\",\"url\":\"https:\/\/www.iebschool.com\/saladeprensa\/wp-content\/uploads\/2026\/02\/IEBS_Logo_BusinessSchool_1_Hor_Violeta-scaled.png\",\"contentUrl\":\"https:\/\/www.iebschool.com\/saladeprensa\/wp-content\/uploads\/2026\/02\/IEBS_Logo_BusinessSchool_1_Hor_Violeta-scaled.png\",\"width\":2560,\"height\":374,\"caption\":\"Sala de Prensa\"},\"image\":{\"@id\":\"https:\/\/www.iebschool.com\/saladeprensa\/#\/schema\/logo\/image\/\"}},{\"@type\":\"Person\",\"@id\":\"https:\/\/www.iebschool.com\/saladeprensa\/#\/schema\/person\/92517e37a208ec94e5211d457cfef881\",\"name\":\"Ylenia Garcia\",\"image\":{\"@type\":\"ImageObject\",\"inLanguage\":\"es\",\"@id\":\"https:\/\/www.iebschool.com\/saladeprensa\/#\/schema\/person\/image\/\",\"url\":\"https:\/\/secure.gravatar.com\/avatar\/7c62c61622c256552ca6a62ba40515ca60c7ca1e9bce7349ed64b3214cf440fe?s=96&d=mm&r=g\",\"contentUrl\":\"https:\/\/secure.gravatar.com\/avatar\/7c62c61622c256552ca6a62ba40515ca60c7ca1e9bce7349ed64b3214cf440fe?s=96&d=mm&r=g\",\"caption\":\"Ylenia Garcia\"},\"url\":\"https:\/\/www.iebschool.com\/saladeprensa\/author\/ygarciaiebschool-com\/\"}]}<\/script>\n<!-- \/ Yoast SEO Premium plugin. -->","yoast_head_json":{"title":"IEBS formar\u00e1 a influencers profesionales en la era Digital - Sala de Prensa","description":"&nbsp; El nuevo postgrado de IEBS responde a la gran demanda que existe de este perfil digital. Los influencers y sus opiniones se han convertido en","robots":{"index":"index","follow":"follow","max-snippet":"max-snippet:-1","max-image-preview":"max-image-preview:large","max-video-preview":"max-video-preview:-1"},"canonical":"https:\/\/www.iebschool.com\/saladeprensa\/2020\/01\/14\/iebs-formara-a-influencers-profesionales-en-la-era-digital\/","og_locale":"es_ES","og_type":"article","og_title":"IEBS formar\u00e1 a influencers profesionales en la era Digital","og_description":"&nbsp; El nuevo postgrado de IEBS responde a la gran demanda que existe de este perfil digital. Los influencers y sus opiniones se han convertido en","og_url":"https:\/\/www.iebschool.com\/saladeprensa\/2020\/01\/14\/iebs-formara-a-influencers-profesionales-en-la-era-digital\/","og_site_name":"Sala de Prensa","article_published_time":"2020-01-14T15:59:35+00:00","author":"Ylenia Garcia","twitter_card":"summary_large_image","twitter_misc":{"Escrito por":"Ylenia Garcia","Tiempo de lectura":"3 minutos"},"schema":{"@context":"https:\/\/schema.org","@graph":[{"@type":"Article","@id":"https:\/\/www.iebschool.com\/saladeprensa\/2020\/01\/14\/iebs-formara-a-influencers-profesionales-en-la-era-digital\/#article","isPartOf":{"@id":"https:\/\/www.iebschool.com\/saladeprensa\/2020\/01\/14\/iebs-formara-a-influencers-profesionales-en-la-era-digital\/"},"author":{"name":"Ylenia Garcia","@id":"https:\/\/www.iebschool.com\/saladeprensa\/#\/schema\/person\/92517e37a208ec94e5211d457cfef881"},"headline":"IEBS formar\u00e1 a influencers profesionales en la era Digital","datePublished":"2020-01-14T15:59:35+00:00","mainEntityOfPage":{"@id":"https:\/\/www.iebschool.com\/saladeprensa\/2020\/01\/14\/iebs-formara-a-influencers-profesionales-en-la-era-digital\/"},"wordCount":677,"commentCount":0,"publisher":{"@id":"https:\/\/www.iebschool.com\/saladeprensa\/#organization"},"keywords":["influencers","programa"],"articleSection":["Notas de Prensa"],"inLanguage":"es","potentialAction":[{"@type":"CommentAction","name":"Comment","target":["https:\/\/www.iebschool.com\/saladeprensa\/2020\/01\/14\/iebs-formara-a-influencers-profesionales-en-la-era-digital\/#respond"]}]},{"@type":"WebPage","@id":"https:\/\/www.iebschool.com\/saladeprensa\/2020\/01\/14\/iebs-formara-a-influencers-profesionales-en-la-era-digital\/","url":"https:\/\/www.iebschool.com\/saladeprensa\/2020\/01\/14\/iebs-formara-a-influencers-profesionales-en-la-era-digital\/","name":"IEBS formar\u00e1 a influencers profesionales en la era Digital - Sala de Prensa","isPartOf":{"@id":"https:\/\/www.iebschool.com\/saladeprensa\/#website"},"datePublished":"2020-01-14T15:59:35+00:00","description":"&nbsp; El nuevo postgrado de IEBS responde a la gran demanda que existe de este perfil digital. Los influencers y sus opiniones se han convertido en","breadcrumb":{"@id":"https:\/\/www.iebschool.com\/saladeprensa\/2020\/01\/14\/iebs-formara-a-influencers-profesionales-en-la-era-digital\/#breadcrumb"},"inLanguage":"es","potentialAction":[{"@type":"ReadAction","target":["https:\/\/www.iebschool.com\/saladeprensa\/2020\/01\/14\/iebs-formara-a-influencers-profesionales-en-la-era-digital\/"]}]},{"@type":"BreadcrumbList","@id":"https:\/\/www.iebschool.com\/saladeprensa\/2020\/01\/14\/iebs-formara-a-influencers-profesionales-en-la-era-digital\/#breadcrumb","itemListElement":[{"@type":"ListItem","position":1,"name":"Portada","item":"https:\/\/www.iebschool.com\/saladeprensa\/"},{"@type":"ListItem","position":2,"name":"IEBS formar\u00e1 a influencers profesionales en la era Digital"}]},{"@type":"WebSite","@id":"https:\/\/www.iebschool.com\/saladeprensa\/#website","url":"https:\/\/www.iebschool.com\/saladeprensa\/","name":"Sala de Prensa","description":"IEBS","publisher":{"@id":"https:\/\/www.iebschool.com\/saladeprensa\/#organization"},"potentialAction":[{"@type":"SearchAction","target":{"@type":"EntryPoint","urlTemplate":"https:\/\/www.iebschool.com\/saladeprensa\/?s={search_term_string}"},"query-input":{"@type":"PropertyValueSpecification","valueRequired":true,"valueName":"search_term_string"}}],"inLanguage":"es"},{"@type":"Organization","@id":"https:\/\/www.iebschool.com\/saladeprensa\/#organization","name":"Sala de Prensa","url":"https:\/\/www.iebschool.com\/saladeprensa\/","logo":{"@type":"ImageObject","inLanguage":"es","@id":"https:\/\/www.iebschool.com\/saladeprensa\/#\/schema\/logo\/image\/","url":"https:\/\/www.iebschool.com\/saladeprensa\/wp-content\/uploads\/2026\/02\/IEBS_Logo_BusinessSchool_1_Hor_Violeta-scaled.png","contentUrl":"https:\/\/www.iebschool.com\/saladeprensa\/wp-content\/uploads\/2026\/02\/IEBS_Logo_BusinessSchool_1_Hor_Violeta-scaled.png","width":2560,"height":374,"caption":"Sala de Prensa"},"image":{"@id":"https:\/\/www.iebschool.com\/saladeprensa\/#\/schema\/logo\/image\/"}},{"@type":"Person","@id":"https:\/\/www.iebschool.com\/saladeprensa\/#\/schema\/person\/92517e37a208ec94e5211d457cfef881","name":"Ylenia Garcia","image":{"@type":"ImageObject","inLanguage":"es","@id":"https:\/\/www.iebschool.com\/saladeprensa\/#\/schema\/person\/image\/","url":"https:\/\/secure.gravatar.com\/avatar\/7c62c61622c256552ca6a62ba40515ca60c7ca1e9bce7349ed64b3214cf440fe?s=96&d=mm&r=g","contentUrl":"https:\/\/secure.gravatar.com\/avatar\/7c62c61622c256552ca6a62ba40515ca60c7ca1e9bce7349ed64b3214cf440fe?s=96&d=mm&r=g","caption":"Ylenia Garcia"},"url":"https:\/\/www.iebschool.com\/saladeprensa\/author\/ygarciaiebschool-com\/"}]}},"image_thumbnail":"https:\/\/www.iebschool.com\/saladeprensa\/wp-includes\/images\/media\/default.svg","image_full":"https:\/\/www.iebschool.com\/saladeprensa\/wp-includes\/images\/media\/default.svg","categoria":{"nombre":"Notas de Prensa","slug":"category\/notas-de-prensa"},"_links":{"self":[{"href":"https:\/\/www.iebschool.com\/saladeprensa\/wp-json\/wp\/v2\/posts\/3902","targetHints":{"allow":["GET"]}}],"collection":[{"href":"https:\/\/www.iebschool.com\/saladeprensa\/wp-json\/wp\/v2\/posts"}],"about":[{"href":"https:\/\/www.iebschool.com\/saladeprensa\/wp-json\/wp\/v2\/types\/post"}],"author":[{"embeddable":true,"href":"https:\/\/www.iebschool.com\/saladeprensa\/wp-json\/wp\/v2\/users\/17"}],"replies":[{"embeddable":true,"href":"https:\/\/www.iebschool.com\/saladeprensa\/wp-json\/wp\/v2\/comments?post=3902"}],"version-history":[{"count":0,"href":"https:\/\/www.iebschool.com\/saladeprensa\/wp-json\/wp\/v2\/posts\/3902\/revisions"}],"wp:attachment":[{"href":"https:\/\/www.iebschool.com\/saladeprensa\/wp-json\/wp\/v2\/media?parent=3902"}],"wp:term":[{"taxonomy":"category","embeddable":true,"href":"https:\/\/www.iebschool.com\/saladeprensa\/wp-json\/wp\/v2\/categories?post=3902"},{"taxonomy":"post_tag","embeddable":true,"href":"https:\/\/www.iebschool.com\/saladeprensa\/wp-json\/wp\/v2\/tags?post=3902"}],"curies":[{"name":"wp","href":"https:\/\/api.w.org\/{rel}","templated":true}]}}