{"id":3909,"date":"2020-02-05T12:30:58","date_gmt":"2020-02-05T10:30:58","guid":{"rendered":"https:\/\/comunidad.iebschool.com\/saladeprensa\/?p=3909"},"modified":"2020-02-05T12:30:58","modified_gmt":"2020-02-05T10:30:58","slug":"las-tendencias-empresariales-que-transformaran-el-2020","status":"publish","type":"post","link":"https:\/\/www.iebschool.com\/saladeprensa\/2020\/02\/05\/las-tendencias-empresariales-que-transformaran-el-2020\/","title":{"rendered":"Las tendencias empresariales que transformar\u00e1n el 2020"},"content":{"rendered":"&nbsp;\n<ul>\n\t<li style=\"font-weight: 400;\"><i><span style=\"font-weight: 400;\">Los trabajadores han de ser creativos, colaboradores, capaces de resolver problemas con pensamiento cr\u00edtico y adem\u00e1s, con competencias digitales.<\/span><\/i><\/li>\n\t<li style=\"font-weight: 400;\"><span style=\"font-weight: 400;\">Los l\u00edderes digitales son futuristas, tecn\u00f3logos, humanistas e innovadores.<\/span><\/li>\n<\/ul>\n<b>Madrid, 05 de Febrero 2020<\/b>. Las empresas online deben estar al d\u00eda de todas las novedades que surgen en el \u00e1mbito de la innovaci\u00f3n. Por este motivo, <b>\u00d3scar Fuente,<\/b> Director General de <a href=\"https:\/\/www.iebschool.com\/\" target=\"_blank\" rel=\"noopener\">IEBS<\/a>, <b>present\u00f3 un webinar <\/b>donde daba a conocer aquellas <a href=\"https:\/\/www.youtube.com\/watch?v=nkHeaxugW6k\" target=\"_blank\" rel=\"follow noopener\"><b>tendencias empresariales <\/b><\/a>que se deber\u00edan aplicar en cualquier organizaci\u00f3n online este 2020.\n\n<span style=\"font-weight: 400;\">Durante su presentaci\u00f3n<\/span><b> acudieron m\u00e1s de 500 personas<\/b><span style=\"font-weight: 400;\"> y fue un evento lleno de novedades importantes para este a\u00f1o. La primera tendencia global que Fuente coment\u00f3, es que <\/span><b>vivimos en tiempos l\u00edquidos<\/b><span style=\"font-weight: 400;\">, <\/span><i><span style=\"font-weight: 400;\">\u201cla\u00a0 sociedad es l\u00edquida, las empresas son l\u00edquidas y los trabajadores nos hemos convertido tambi\u00e9n en personas l\u00edquidas, la cual cosa hace que nos tengamos que adaptar a los cambios\u201d.<\/span><\/i><span style=\"font-weight: 400;\">\u00a0\u00a0<\/span>\n\n<span style=\"font-weight: 400;\">Por otro lado, recalc\u00f3 el papel de la <\/span><b>automatizaci\u00f3n y la inteligencia artificial.<\/b><span style=\"font-weight: 400;\"> Oscar Fuente explica que <\/span><b><i>\u201csi tu trabajo lo puede hacer una maquina, empieza a preocuparte <\/i><\/b><i><span style=\"font-weight: 400;\">porque lo va a hacer mejor que t\u00fa. Las m\u00e1quinas no se equivocan una vez las programan, estas son capaces de imitar el comportamiento humano\u201d.<\/span><\/i><span style=\"font-weight: 400;\"> Este es el momento en que tenemos que pensar que, si una m\u00e1quina puede hacer tu trabajo, es momento de cambiar las cosas.\u00a0<\/span>\n\n<span style=\"font-weight: 400;\">Seg\u00fan una encuesta que ha realizado la escuela IEBS Business School, entre m\u00e1s de 1.000 profesionales, el 61% acepta que su puesto de trabajo se transformar\u00e1 por completo en los pr\u00f3ximos a\u00f1os, y el 94% se capacitar\u00e1 para actualizarse en corto plazo para mejorar sus skills y adaptar su perfil. Y es que para IEBS<\/span><b> es importante que un trabajador tenga las 4C\u2019s<\/b><span style=\"font-weight: 400;\">, <\/span><i><span style=\"font-weight: 400;\">\u201cque sea creativo, colaborador, capacidad de resolver problemas y con un pensamiento cr\u00edtico y adem\u00e1s, con competencias digitales\u201d.<\/span><\/i>\n\n<span style=\"font-weight: 400;\">Las empresas buscan su prop\u00f3sito transformador, quieren ser masivas como google y transformadoras como ecoalf. Y es que <\/span><b>los l\u00edderes digitales son futuristas, tecn\u00f3logos, humanistas e innovadores,<\/b> <i><span style=\"font-weight: 400;\">\u201clos l\u00edderes digitales tienen sus focos claros, el 50% del esfuerzo se centra en iniciativas core, el 25% en testing y experimentos y el otro 25% en la innovaci\u00f3n disruptiva\u201d.<\/span><\/i>\n\n<span style=\"font-weight: 400;\">Por otro lado, otra de las tendencias de este 2020 es que <\/span><b>el humanismo volver\u00e1 a las empresas<\/b> <i><span style=\"font-weight: 400;\">\u201cel papel del ser humano y su talento cobran vida de nuevo para reflexionar y pensar sobre nuestro futuro y la soluci\u00f3n a los grandes retos a los que nos enfrentamos\u201d.<\/span><\/i>\n\n<span style=\"font-weight: 400;\">Toda empresa digital ha de tener un departamento de Marketing que sea capaz de atraer al cliente, y en este 2020, la tendencia principal del Marketing se basar\u00e1 en <\/span><b>centralizar todo el foco en el cliente<\/b><span style=\"font-weight: 400;\">, Oscar Fuente asegura que<\/span><i><span style=\"font-weight: 400;\"> \u201cel cliente exige cada vez m\u00e1s autoservicio y automatizaci\u00f3n, que quiere m\u00e1s inmediatez y personalizaci\u00f3n, decidir \u00e9l c\u00f3mo debe ser tratado. Por tanto, es muy importante conocer nuestro Buyer Persona, su Buyer Journey y la DATA, estos conocimientos ayudar\u00e1n a crear experiencias \u00fanicas\u201d.<\/span><\/i><span style=\"font-weight: 400;\"> Adem\u00e1s, el 60% de la generaci\u00f3n Z quiere cambiar el mundo y <\/span><i><span style=\"font-weight: 400;\">\u201clos j\u00f3venes conf\u00edan en marcas inclusivas y con prop\u00f3sitos, tambi\u00e9n quieren que estas sean sostenibles y comprometidas con su entorno\u201d.\u00a0<\/span><\/i>\n\n<span style=\"font-weight: 400;\">Oscar Fuente finaliz\u00f3 el evento explicando las tendencias de la tecnolog\u00eda y el data de 2020 y es que este a\u00f1o se centrar\u00e1n en los <\/span><b>sistemas Full Stack<\/b><span style=\"font-weight: 400;\">, <\/span><i><span style=\"font-weight: 400;\">\u201clos grandes proveedores tecnol\u00f3gicos consiguen soluciones f\u00e1ciles de instalar, gracias a la tecnolog\u00eda y los algoritmos necesarios y preparados para convertir tu empresa en una empresa data driven\u201d.<\/span><\/i><span style=\"font-weight: 400;\"> Por \u00faltimo, no se puede olvidar que <\/span><b>los robots inteligentes coger\u00e1n fuerza <\/b><span style=\"font-weight: 400;\">en este 2020,<\/span><i><span style=\"font-weight: 400;\"> \u201caparecer\u00e1n robots que aprenden, mejoran e interact\u00faan y son casi humanos como el caso de la robot Sof\u00eda\u201d.\u00a0<\/span><\/i>\n\n<b>Sobre IEBS Business School<\/b>\n\n<span style=\"font-weight: 400;\">IEBS, la escuela de negocios de la innovaci\u00f3n y los emprendedores, nace en 2009 con el objetivo de ofrecer una alternativa real a las escuelas de negocios tradicionales, con una apuesta por la innovaci\u00f3n en el aprendizaje, los emprendedores, la \u00e9tica y la sostenibilidad. Hoy en d\u00eda, es reconocida como la escuela de negocios de nueva generaci\u00f3n m\u00e1s innovadora, habiendo sido escogida por el Fecyt como uno de los perfiles m\u00e1s innovadores, y apareciendo en el ranking de escuelas de negocios que elabora el CSIC como la 1\u00aa exclusivamente<\/span> <span style=\"font-weight: 400;\">online y la 9\u00aa<\/span><a href=\"https:\/\/www.iebschool.com\/ranking-y-acreditaciones\/\" target=\"_blank\" rel=\"noopener\"> <span style=\"font-weight: 400;\">mejor escuela de negocios<\/span><\/a> <span style=\"font-weight: 400;\">de Espa\u00f1a.<\/span>","protected":false},"excerpt":{"rendered":"","protected":false},"author":17,"featured_media":0,"comment_status":"open","ping_status":"open","sticky":false,"template":"","format":"standard","meta":{"footnotes":""},"categories":[8],"tags":[90,227],"class_list":["post-3909","post","type-post","status-publish","format-standard","hentry","category-notas-de-prensa","tag-empresa","tag-tendencias"],"yoast_head":"<!-- This site is optimized with the Yoast SEO Premium plugin v23.9 (Yoast SEO v24.6) - https:\/\/yoast.com\/wordpress\/plugins\/seo\/ -->\n<title>Las tendencias empresariales que transformar\u00e1n el 2020 - Sala de Prensa<\/title>\n<meta name=\"description\" content=\"&nbsp; Los trabajadores han de ser creativos, colaboradores, capaces de resolver problemas con pensamiento cr\u00edtico y adem\u00e1s, con competencias digitales.\" \/>\n<meta name=\"robots\" content=\"index, follow, max-snippet:-1, max-image-preview:large, max-video-preview:-1\" \/>\n<link rel=\"canonical\" href=\"https:\/\/www.iebschool.com\/saladeprensa\/2020\/02\/05\/las-tendencias-empresariales-que-transformaran-el-2020\/\" \/>\n<meta property=\"og:locale\" content=\"es_ES\" \/>\n<meta property=\"og:type\" content=\"article\" \/>\n<meta property=\"og:title\" content=\"Las tendencias empresariales que transformar\u00e1n el 2020\" \/>\n<meta property=\"og:description\" content=\"&nbsp; Los trabajadores han de ser creativos, colaboradores, capaces de resolver problemas con pensamiento cr\u00edtico y adem\u00e1s, con competencias digitales.\" \/>\n<meta property=\"og:url\" content=\"https:\/\/www.iebschool.com\/saladeprensa\/2020\/02\/05\/las-tendencias-empresariales-que-transformaran-el-2020\/\" \/>\n<meta property=\"og:site_name\" content=\"Sala de Prensa\" \/>\n<meta property=\"article:published_time\" content=\"2020-02-05T10:30:58+00:00\" \/>\n<meta name=\"author\" content=\"Ylenia Garcia\" \/>\n<meta name=\"twitter:card\" content=\"summary_large_image\" \/>\n<meta name=\"twitter:label1\" content=\"Escrito por\" \/>\n\t<meta name=\"twitter:data1\" content=\"Ylenia Garcia\" \/>\n\t<meta name=\"twitter:label2\" content=\"Tiempo de lectura\" \/>\n\t<meta name=\"twitter:data2\" content=\"4 minutos\" \/>\n<script type=\"application\/ld+json\" class=\"yoast-schema-graph\">{\"@context\":\"https:\/\/schema.org\",\"@graph\":[{\"@type\":\"Article\",\"@id\":\"https:\/\/www.iebschool.com\/saladeprensa\/2020\/02\/05\/las-tendencias-empresariales-que-transformaran-el-2020\/#article\",\"isPartOf\":{\"@id\":\"https:\/\/www.iebschool.com\/saladeprensa\/2020\/02\/05\/las-tendencias-empresariales-que-transformaran-el-2020\/\"},\"author\":{\"name\":\"Ylenia Garcia\",\"@id\":\"https:\/\/www.iebschool.com\/saladeprensa\/#\/schema\/person\/92517e37a208ec94e5211d457cfef881\"},\"headline\":\"Las tendencias empresariales que transformar\u00e1n el 2020\",\"datePublished\":\"2020-02-05T10:30:58+00:00\",\"mainEntityOfPage\":{\"@id\":\"https:\/\/www.iebschool.com\/saladeprensa\/2020\/02\/05\/las-tendencias-empresariales-que-transformaran-el-2020\/\"},\"wordCount\":764,\"commentCount\":0,\"publisher\":{\"@id\":\"https:\/\/www.iebschool.com\/saladeprensa\/#organization\"},\"keywords\":[\"empresa\",\"tendencias\"],\"articleSection\":[\"Notas de Prensa\"],\"inLanguage\":\"es\",\"potentialAction\":[{\"@type\":\"CommentAction\",\"name\":\"Comment\",\"target\":[\"https:\/\/www.iebschool.com\/saladeprensa\/2020\/02\/05\/las-tendencias-empresariales-que-transformaran-el-2020\/#respond\"]}]},{\"@type\":\"WebPage\",\"@id\":\"https:\/\/www.iebschool.com\/saladeprensa\/2020\/02\/05\/las-tendencias-empresariales-que-transformaran-el-2020\/\",\"url\":\"https:\/\/www.iebschool.com\/saladeprensa\/2020\/02\/05\/las-tendencias-empresariales-que-transformaran-el-2020\/\",\"name\":\"Las tendencias empresariales que transformar\u00e1n el 2020 - Sala de Prensa\",\"isPartOf\":{\"@id\":\"https:\/\/www.iebschool.com\/saladeprensa\/#website\"},\"datePublished\":\"2020-02-05T10:30:58+00:00\",\"description\":\"&nbsp; Los trabajadores han de ser creativos, colaboradores, capaces de resolver problemas con pensamiento cr\u00edtico y adem\u00e1s, con competencias digitales.\",\"breadcrumb\":{\"@id\":\"https:\/\/www.iebschool.com\/saladeprensa\/2020\/02\/05\/las-tendencias-empresariales-que-transformaran-el-2020\/#breadcrumb\"},\"inLanguage\":\"es\",\"potentialAction\":[{\"@type\":\"ReadAction\",\"target\":[\"https:\/\/www.iebschool.com\/saladeprensa\/2020\/02\/05\/las-tendencias-empresariales-que-transformaran-el-2020\/\"]}]},{\"@type\":\"BreadcrumbList\",\"@id\":\"https:\/\/www.iebschool.com\/saladeprensa\/2020\/02\/05\/las-tendencias-empresariales-que-transformaran-el-2020\/#breadcrumb\",\"itemListElement\":[{\"@type\":\"ListItem\",\"position\":1,\"name\":\"Portada\",\"item\":\"https:\/\/www.iebschool.com\/saladeprensa\/\"},{\"@type\":\"ListItem\",\"position\":2,\"name\":\"Las tendencias empresariales que transformar\u00e1n el 2020\"}]},{\"@type\":\"WebSite\",\"@id\":\"https:\/\/www.iebschool.com\/saladeprensa\/#website\",\"url\":\"https:\/\/www.iebschool.com\/saladeprensa\/\",\"name\":\"Sala de Prensa\",\"description\":\"IEBS\",\"publisher\":{\"@id\":\"https:\/\/www.iebschool.com\/saladeprensa\/#organization\"},\"potentialAction\":[{\"@type\":\"SearchAction\",\"target\":{\"@type\":\"EntryPoint\",\"urlTemplate\":\"https:\/\/www.iebschool.com\/saladeprensa\/?s={search_term_string}\"},\"query-input\":{\"@type\":\"PropertyValueSpecification\",\"valueRequired\":true,\"valueName\":\"search_term_string\"}}],\"inLanguage\":\"es\"},{\"@type\":\"Organization\",\"@id\":\"https:\/\/www.iebschool.com\/saladeprensa\/#organization\",\"name\":\"Sala de Prensa\",\"url\":\"https:\/\/www.iebschool.com\/saladeprensa\/\",\"logo\":{\"@type\":\"ImageObject\",\"inLanguage\":\"es\",\"@id\":\"https:\/\/www.iebschool.com\/saladeprensa\/#\/schema\/logo\/image\/\",\"url\":\"https:\/\/www.iebschool.com\/saladeprensa\/wp-content\/uploads\/2026\/02\/IEBS_Logo_BusinessSchool_1_Hor_Violeta-scaled.png\",\"contentUrl\":\"https:\/\/www.iebschool.com\/saladeprensa\/wp-content\/uploads\/2026\/02\/IEBS_Logo_BusinessSchool_1_Hor_Violeta-scaled.png\",\"width\":2560,\"height\":374,\"caption\":\"Sala de Prensa\"},\"image\":{\"@id\":\"https:\/\/www.iebschool.com\/saladeprensa\/#\/schema\/logo\/image\/\"}},{\"@type\":\"Person\",\"@id\":\"https:\/\/www.iebschool.com\/saladeprensa\/#\/schema\/person\/92517e37a208ec94e5211d457cfef881\",\"name\":\"Ylenia Garcia\",\"image\":{\"@type\":\"ImageObject\",\"inLanguage\":\"es\",\"@id\":\"https:\/\/www.iebschool.com\/saladeprensa\/#\/schema\/person\/image\/\",\"url\":\"https:\/\/secure.gravatar.com\/avatar\/7c62c61622c256552ca6a62ba40515ca60c7ca1e9bce7349ed64b3214cf440fe?s=96&d=mm&r=g\",\"contentUrl\":\"https:\/\/secure.gravatar.com\/avatar\/7c62c61622c256552ca6a62ba40515ca60c7ca1e9bce7349ed64b3214cf440fe?s=96&d=mm&r=g\",\"caption\":\"Ylenia Garcia\"},\"url\":\"https:\/\/www.iebschool.com\/saladeprensa\/author\/ygarciaiebschool-com\/\"}]}<\/script>\n<!-- \/ Yoast SEO Premium plugin. -->","yoast_head_json":{"title":"Las tendencias empresariales que transformar\u00e1n el 2020 - Sala de Prensa","description":"&nbsp; Los trabajadores han de ser creativos, colaboradores, capaces de resolver problemas con pensamiento cr\u00edtico y adem\u00e1s, con competencias digitales.","robots":{"index":"index","follow":"follow","max-snippet":"max-snippet:-1","max-image-preview":"max-image-preview:large","max-video-preview":"max-video-preview:-1"},"canonical":"https:\/\/www.iebschool.com\/saladeprensa\/2020\/02\/05\/las-tendencias-empresariales-que-transformaran-el-2020\/","og_locale":"es_ES","og_type":"article","og_title":"Las tendencias empresariales que transformar\u00e1n el 2020","og_description":"&nbsp; Los trabajadores han de ser creativos, colaboradores, capaces de resolver problemas con pensamiento cr\u00edtico y adem\u00e1s, con competencias digitales.","og_url":"https:\/\/www.iebschool.com\/saladeprensa\/2020\/02\/05\/las-tendencias-empresariales-que-transformaran-el-2020\/","og_site_name":"Sala de Prensa","article_published_time":"2020-02-05T10:30:58+00:00","author":"Ylenia Garcia","twitter_card":"summary_large_image","twitter_misc":{"Escrito por":"Ylenia Garcia","Tiempo de lectura":"4 minutos"},"schema":{"@context":"https:\/\/schema.org","@graph":[{"@type":"Article","@id":"https:\/\/www.iebschool.com\/saladeprensa\/2020\/02\/05\/las-tendencias-empresariales-que-transformaran-el-2020\/#article","isPartOf":{"@id":"https:\/\/www.iebschool.com\/saladeprensa\/2020\/02\/05\/las-tendencias-empresariales-que-transformaran-el-2020\/"},"author":{"name":"Ylenia Garcia","@id":"https:\/\/www.iebschool.com\/saladeprensa\/#\/schema\/person\/92517e37a208ec94e5211d457cfef881"},"headline":"Las tendencias empresariales que transformar\u00e1n el 2020","datePublished":"2020-02-05T10:30:58+00:00","mainEntityOfPage":{"@id":"https:\/\/www.iebschool.com\/saladeprensa\/2020\/02\/05\/las-tendencias-empresariales-que-transformaran-el-2020\/"},"wordCount":764,"commentCount":0,"publisher":{"@id":"https:\/\/www.iebschool.com\/saladeprensa\/#organization"},"keywords":["empresa","tendencias"],"articleSection":["Notas de Prensa"],"inLanguage":"es","potentialAction":[{"@type":"CommentAction","name":"Comment","target":["https:\/\/www.iebschool.com\/saladeprensa\/2020\/02\/05\/las-tendencias-empresariales-que-transformaran-el-2020\/#respond"]}]},{"@type":"WebPage","@id":"https:\/\/www.iebschool.com\/saladeprensa\/2020\/02\/05\/las-tendencias-empresariales-que-transformaran-el-2020\/","url":"https:\/\/www.iebschool.com\/saladeprensa\/2020\/02\/05\/las-tendencias-empresariales-que-transformaran-el-2020\/","name":"Las tendencias empresariales que transformar\u00e1n el 2020 - Sala de Prensa","isPartOf":{"@id":"https:\/\/www.iebschool.com\/saladeprensa\/#website"},"datePublished":"2020-02-05T10:30:58+00:00","description":"&nbsp; Los trabajadores han de ser creativos, colaboradores, capaces de resolver problemas con pensamiento cr\u00edtico y adem\u00e1s, con competencias digitales.","breadcrumb":{"@id":"https:\/\/www.iebschool.com\/saladeprensa\/2020\/02\/05\/las-tendencias-empresariales-que-transformaran-el-2020\/#breadcrumb"},"inLanguage":"es","potentialAction":[{"@type":"ReadAction","target":["https:\/\/www.iebschool.com\/saladeprensa\/2020\/02\/05\/las-tendencias-empresariales-que-transformaran-el-2020\/"]}]},{"@type":"BreadcrumbList","@id":"https:\/\/www.iebschool.com\/saladeprensa\/2020\/02\/05\/las-tendencias-empresariales-que-transformaran-el-2020\/#breadcrumb","itemListElement":[{"@type":"ListItem","position":1,"name":"Portada","item":"https:\/\/www.iebschool.com\/saladeprensa\/"},{"@type":"ListItem","position":2,"name":"Las tendencias empresariales que transformar\u00e1n el 2020"}]},{"@type":"WebSite","@id":"https:\/\/www.iebschool.com\/saladeprensa\/#website","url":"https:\/\/www.iebschool.com\/saladeprensa\/","name":"Sala de Prensa","description":"IEBS","publisher":{"@id":"https:\/\/www.iebschool.com\/saladeprensa\/#organization"},"potentialAction":[{"@type":"SearchAction","target":{"@type":"EntryPoint","urlTemplate":"https:\/\/www.iebschool.com\/saladeprensa\/?s={search_term_string}"},"query-input":{"@type":"PropertyValueSpecification","valueRequired":true,"valueName":"search_term_string"}}],"inLanguage":"es"},{"@type":"Organization","@id":"https:\/\/www.iebschool.com\/saladeprensa\/#organization","name":"Sala de Prensa","url":"https:\/\/www.iebschool.com\/saladeprensa\/","logo":{"@type":"ImageObject","inLanguage":"es","@id":"https:\/\/www.iebschool.com\/saladeprensa\/#\/schema\/logo\/image\/","url":"https:\/\/www.iebschool.com\/saladeprensa\/wp-content\/uploads\/2026\/02\/IEBS_Logo_BusinessSchool_1_Hor_Violeta-scaled.png","contentUrl":"https:\/\/www.iebschool.com\/saladeprensa\/wp-content\/uploads\/2026\/02\/IEBS_Logo_BusinessSchool_1_Hor_Violeta-scaled.png","width":2560,"height":374,"caption":"Sala de Prensa"},"image":{"@id":"https:\/\/www.iebschool.com\/saladeprensa\/#\/schema\/logo\/image\/"}},{"@type":"Person","@id":"https:\/\/www.iebschool.com\/saladeprensa\/#\/schema\/person\/92517e37a208ec94e5211d457cfef881","name":"Ylenia Garcia","image":{"@type":"ImageObject","inLanguage":"es","@id":"https:\/\/www.iebschool.com\/saladeprensa\/#\/schema\/person\/image\/","url":"https:\/\/secure.gravatar.com\/avatar\/7c62c61622c256552ca6a62ba40515ca60c7ca1e9bce7349ed64b3214cf440fe?s=96&d=mm&r=g","contentUrl":"https:\/\/secure.gravatar.com\/avatar\/7c62c61622c256552ca6a62ba40515ca60c7ca1e9bce7349ed64b3214cf440fe?s=96&d=mm&r=g","caption":"Ylenia Garcia"},"url":"https:\/\/www.iebschool.com\/saladeprensa\/author\/ygarciaiebschool-com\/"}]}},"image_thumbnail":"https:\/\/www.iebschool.com\/saladeprensa\/wp-includes\/images\/media\/default.svg","image_full":"https:\/\/www.iebschool.com\/saladeprensa\/wp-includes\/images\/media\/default.svg","categoria":{"nombre":"Notas de Prensa","slug":"category\/notas-de-prensa"},"_links":{"self":[{"href":"https:\/\/www.iebschool.com\/saladeprensa\/wp-json\/wp\/v2\/posts\/3909","targetHints":{"allow":["GET"]}}],"collection":[{"href":"https:\/\/www.iebschool.com\/saladeprensa\/wp-json\/wp\/v2\/posts"}],"about":[{"href":"https:\/\/www.iebschool.com\/saladeprensa\/wp-json\/wp\/v2\/types\/post"}],"author":[{"embeddable":true,"href":"https:\/\/www.iebschool.com\/saladeprensa\/wp-json\/wp\/v2\/users\/17"}],"replies":[{"embeddable":true,"href":"https:\/\/www.iebschool.com\/saladeprensa\/wp-json\/wp\/v2\/comments?post=3909"}],"version-history":[{"count":0,"href":"https:\/\/www.iebschool.com\/saladeprensa\/wp-json\/wp\/v2\/posts\/3909\/revisions"}],"wp:attachment":[{"href":"https:\/\/www.iebschool.com\/saladeprensa\/wp-json\/wp\/v2\/media?parent=3909"}],"wp:term":[{"taxonomy":"category","embeddable":true,"href":"https:\/\/www.iebschool.com\/saladeprensa\/wp-json\/wp\/v2\/categories?post=3909"},{"taxonomy":"post_tag","embeddable":true,"href":"https:\/\/www.iebschool.com\/saladeprensa\/wp-json\/wp\/v2\/tags?post=3909"}],"curies":[{"name":"wp","href":"https:\/\/api.w.org\/{rel}","templated":true}]}}