{"id":3933,"date":"2020-02-20T13:07:40","date_gmt":"2020-02-20T11:07:40","guid":{"rendered":"https:\/\/comunidad.iebschool.com\/saladeprensa\/?p=3933"},"modified":"2025-03-07T08:19:21","modified_gmt":"2025-03-07T08:19:21","slug":"iebs-se-une-a-barcelonatechspirit-con-un-evento-unico-lets-talk-about-growth","status":"publish","type":"post","link":"https:\/\/www.iebschool.com\/saladeprensa\/2020\/02\/20\/iebs-se-une-a-barcelonatechspirit-con-un-evento-unico-lets-talk-about-growth\/","title":{"rendered":"IEBS se une a #BarcelonaTechSpirit con un evento \u00fanico: Let\u2019s Talk About Growth"},"content":{"rendered":"<ul>\n \t<li style=\"font-weight: 400;\"><i><span style=\"font-weight: 400;\">Barcelona se une con la iniciativa #BarcelonaTechSpirit<\/span><\/i><\/li>\n \t<li style=\"font-weight: 400;\"><em><span style=\"font-weight: 400;\">Let\u2019s Talk About Growth, el evento de Growth Marketing y Growth Strategy organizado por IEBS y Smartbrand<\/span><\/em><\/li>\n<\/ul>\n<b>Madrid, 20 de febrero de 2020.-<\/b><span style=\"font-weight: 400;\"> Tras la anunciada cancelaci\u00f3n del Mobile World Congress, Barcelona ha tenido una iniciativa muy promovida por startups e instituciones p\u00fablicas, el <\/span><b>\u00a1Barcelona Tech Spirit!<\/b><span style=\"font-weight: 400;\">. <\/span><a href=\"https:\/\/www.iebschool.com\/\" target=\"_blank\" rel=\"noopener\"><b>IEBS <\/b><\/a><span style=\"font-weight: 400;\">no se ha querido quedar atr\u00e1s y <\/span><b>se ha unido con un evento \u00fanico: <\/b><a href=\"https:\/\/www.growthdigitalday.com\/\" target=\"_blank\" rel=\"follow noopener\"><b>Let\u2019s Talk About Growth<\/b><\/a><b>.<\/b>\n\n<span style=\"font-weight: 400;\">El evento<\/span><b> organizado por IEBS y <\/b><a href=\"https:\/\/sb.digital\/\" target=\"_blank\" rel=\"noopener\"><b>Smartbrand<\/b><\/a><b>,<\/b><span style=\"font-weight: 400;\"> formar\u00e1 parte de esta iniciativa siendo un encuentro para emprendedores y startups. Tiene como objetivo descubrir el crecimiento empresarial, Marketing Automation y transformaci\u00f3n digital de la mano de grandes expertos del sector a trav\u00e9s de distintas ponencias de expertos como<\/span><b> Daniel Isern<\/b><span style=\"font-weight: 400;\">, co-founder en Brokoli; <\/span><b>Pedro Serrano<\/b><span style=\"font-weight: 400;\">, CMO, Growth Hacker y Digital Business Advisor; <\/span><b>Patrick Wind<\/b><span style=\"font-weight: 400;\">, Managing Director en Ads Accelerator; y, <\/span><b>Marcos Herrera<\/b><span style=\"font-weight: 400;\">, Growth Manager en Smartbrand y eBay. El evento <\/span><b>se realizar\u00e1 el jueves 27 de febrero a las 17:00h en Movistar Center <\/b><span style=\"font-weight: 400;\">y ser\u00e1 de car\u00e1cter totalmente <\/span><b>gratuito<\/b><span style=\"font-weight: 400;\">.\u00a0<\/span>\n\n<span style=\"font-weight: 400;\">Adem\u00e1s, la escuela de negocios <\/span><b>IEBS estar\u00e1 dando apoyo y patrocinando otros eventos <\/b><span style=\"font-weight: 400;\">durante esa semana, como por ejemplo, <\/span><a href=\"https:\/\/www.youtube.com\/watch?v=IKOXVQu4O9s\" target=\"_blank\" rel=\"noopener\"><b>The Others<\/b><\/a><b>,<\/b><span style=\"font-weight: 400;\"> un evento con el objetivo de presentar a las empresas e inversores, las grandes empresas y oportunidades que se pueden encontrar en regiones como Valencia, Euskadi, Galicia o Andaluc\u00eda. Se celebrar\u00e1 el<\/span><b> lunes 24 de febrero e IEBS grabar\u00e1 todo el evento.\u00a0<\/b>\n\n<span style=\"font-weight: 400;\">Por otro lado, el evento de<\/span><a href=\"https:\/\/www.eventbrite.es\/e\/entradas-tech4sdg-digital-transformation-towards-impact-95590093543\" target=\"_blank\" rel=\"noopener\"><b> Tech4SDG<\/b><\/a><b>, se celebrar\u00e1 durante los d\u00edas 24 y 25 de febrero<\/b><span style=\"font-weight: 400;\">, y son unas jornadas de emprendimiento tecnol\u00f3gico.<\/span><b> La escuela est\u00e1 colaborando con la difusi\u00f3n del evento <\/b><b>y el streaming <\/b><span style=\"font-weight: 400;\">y adem\u00e1s, <\/span><b>Oscar Fuente, Director General de IEBS, participar\u00e1 <\/b><span style=\"font-weight: 400;\">en el #Tech4SDG - Digital Transformation Towards Impact<\/span><b> con una ponencia sobre Revoluci\u00f3n Educativa.<\/b>\n\n<b>IEBS tambi\u00e9n est\u00e1 apoyando el evento <\/b><a href=\"https:\/\/www.eventbrite.com\/e\/edtech-spirit-barcelona-tickets-95569632343\" target=\"_blank\" rel=\"noopener\"><b>EdTech Spirit Barcelona<\/b><\/a><span style=\"font-weight: 400;\">, un encuentro dedicado a toda la comunidad emprendedora de Barcelona, dando difusi\u00f3n y realizando tambi\u00e9n el streaming. Se realizar\u00e1 una mesa redonda; los retos de las startups edtech y el moderador ser\u00e1 <\/span><b>F\u00e9lix L\u00f3pez <\/b><span style=\"font-weight: 400;\">de SEK Lab Edtech mientras que los participantes ser\u00e1n <\/span><b>Cristian Cisa <\/b><span style=\"font-weight: 400;\">de Dinantia; <\/span><b>Marc Vicente<\/b><span style=\"font-weight: 400;\"> de ABA English; <\/span><b>Oscar Fuente de IEBS<\/b><span style=\"font-weight: 400;\">, y <\/span><b>Josep Lluis Seg\u00fa<\/b><span style=\"font-weight: 400;\"> de Educaweb.\u00a0\u00a0\u00a0<\/span>\n\n<span style=\"font-weight: 400;\">Por otro lado, el <\/span><b>jueves 27 de febrero se llevar\u00e1 a cabo el evento <\/b><b>BlockChain Spirit,<\/b> <span style=\"font-weight: 400;\">un encuentro abierto que durar\u00e1 todo el d\u00eda y dirigido para profesionales de blockchain. <\/span><b>Jordi Riulas, profesor del master en Blockchain y Fintech de IEBS, dar\u00e1 una ponencia de 10 minutos a las 17:40h.<\/b>\n\n<span style=\"font-weight: 400;\">A parte de todos los eventos en los que colaborar\u00e1 IEBS, hay muchos m\u00e1s, y si no quieres perderte ninguno, es muy recomendable seguir la<\/span> <a href=\"https:\/\/techspirit.barcelona\/\" target=\"_blank\" rel=\"noopener\"><b>agenda de Tech Spirit Barcelona<\/b><\/a><b>.<\/b>\n\n<b>Para m\u00e1s informaci\u00f3n y registro de Let\u2019s Talk About Growth:<\/b>\n\n<a href=\"https:\/\/www.growthdigitalday.com\/\" target=\"_blank\" rel=\"follow noopener\"><span style=\"font-weight: 400;\">https:\/\/www.growthdigitalday.com\/<\/span><\/a>\n\n<b>Sobre IEBS Business School<\/b>\n\n<a href=\"https:\/\/www.iebschool.com\/\" target=\"_blank\" rel=\"noopener\"><span style=\"font-weight: 400;\">IEBS<\/span><\/a><span style=\"font-weight: 400;\">, es la 1\u00aa escuela nativa digital online en espa\u00f1ol del mundo. Su prop\u00f3sito es mejorar la sociedad con educaci\u00f3n de calidad a un precio justo, gracias a la tecnolog\u00eda, la automatizaci\u00f3n y el uso de la inteligencia artificial. Est\u00e1 considerada la 1\u00aa escuela de negocios online de Espa\u00f1a seg\u00fan el r\u00e1nking del CSIC y la 2\u00aa de Latinoam\u00e9rica seg\u00fan el r\u00e1nking Iberoamericano.<\/span>","protected":false},"excerpt":{"rendered":"","protected":false},"author":17,"featured_media":0,"comment_status":"open","ping_status":"open","sticky":false,"template":"","format":"standard","meta":{"footnotes":""},"categories":[8],"tags":[28,122,124],"class_list":["post-3933","post","type-post","status-publish","format-standard","hentry","category-notas-de-prensa","tag-barcelona-tech-spirit","tag-growth-hacking","tag-growth-marketng"],"yoast_head":"<!-- This site is optimized with the Yoast SEO Premium plugin v23.9 (Yoast SEO v24.6) - https:\/\/yoast.com\/wordpress\/plugins\/seo\/ -->\n<title>IEBS se une a #BarcelonaTechSpirit con un evento \u00fanico: Let\u2019s Talk About Growth - Sala de Prensa<\/title>\n<meta name=\"description\" content=\"Barcelona se une con la iniciativa #BarcelonaTechSpirit Let\u2019s Talk About Growth, el evento de Growth Marketing y Growth Strategy organizado por IEBS y\" \/>\n<meta name=\"robots\" content=\"index, follow, max-snippet:-1, max-image-preview:large, max-video-preview:-1\" \/>\n<link rel=\"canonical\" href=\"https:\/\/www.iebschool.com\/saladeprensa\/2020\/02\/20\/iebs-se-une-a-barcelonatechspirit-con-un-evento-unico-lets-talk-about-growth\/\" \/>\n<meta property=\"og:locale\" content=\"es_ES\" \/>\n<meta property=\"og:type\" content=\"article\" \/>\n<meta property=\"og:title\" content=\"IEBS se une a #BarcelonaTechSpirit con un evento \u00fanico: Let\u2019s Talk About Growth\" \/>\n<meta property=\"og:description\" content=\"Barcelona se une con la iniciativa #BarcelonaTechSpirit Let\u2019s Talk About Growth, el evento de Growth Marketing y Growth Strategy organizado por IEBS y\" \/>\n<meta property=\"og:url\" content=\"https:\/\/www.iebschool.com\/saladeprensa\/2020\/02\/20\/iebs-se-une-a-barcelonatechspirit-con-un-evento-unico-lets-talk-about-growth\/\" \/>\n<meta property=\"og:site_name\" content=\"Sala de Prensa\" \/>\n<meta property=\"article:published_time\" content=\"2020-02-20T11:07:40+00:00\" \/>\n<meta property=\"article:modified_time\" content=\"2025-03-07T08:19:21+00:00\" \/>\n<meta name=\"author\" content=\"Ylenia Garcia\" \/>\n<meta name=\"twitter:card\" content=\"summary_large_image\" \/>\n<meta name=\"twitter:label1\" content=\"Escrito por\" \/>\n\t<meta name=\"twitter:data1\" content=\"Ylenia Garcia\" \/>\n\t<meta name=\"twitter:label2\" content=\"Tiempo de lectura\" \/>\n\t<meta name=\"twitter:data2\" content=\"3 minutos\" \/>\n<script type=\"application\/ld+json\" class=\"yoast-schema-graph\">{\"@context\":\"https:\/\/schema.org\",\"@graph\":[{\"@type\":\"Article\",\"@id\":\"https:\/\/www.iebschool.com\/saladeprensa\/2020\/02\/20\/iebs-se-une-a-barcelonatechspirit-con-un-evento-unico-lets-talk-about-growth\/#article\",\"isPartOf\":{\"@id\":\"https:\/\/www.iebschool.com\/saladeprensa\/2020\/02\/20\/iebs-se-une-a-barcelonatechspirit-con-un-evento-unico-lets-talk-about-growth\/\"},\"author\":{\"name\":\"Ylenia Garcia\",\"@id\":\"https:\/\/www.iebschool.com\/saladeprensa\/#\/schema\/person\/92517e37a208ec94e5211d457cfef881\"},\"headline\":\"IEBS se une a #BarcelonaTechSpirit con un evento \u00fanico: Let\u2019s Talk About Growth\",\"datePublished\":\"2020-02-20T11:07:40+00:00\",\"dateModified\":\"2025-03-07T08:19:21+00:00\",\"mainEntityOfPage\":{\"@id\":\"https:\/\/www.iebschool.com\/saladeprensa\/2020\/02\/20\/iebs-se-une-a-barcelonatechspirit-con-un-evento-unico-lets-talk-about-growth\/\"},\"wordCount\":568,\"commentCount\":0,\"publisher\":{\"@id\":\"https:\/\/www.iebschool.com\/saladeprensa\/#organization\"},\"keywords\":[\"Barcelona Tech Spirit\",\"Growth Hacking\",\"Growth Marketng\"],\"articleSection\":[\"Notas de Prensa\"],\"inLanguage\":\"es\",\"potentialAction\":[{\"@type\":\"CommentAction\",\"name\":\"Comment\",\"target\":[\"https:\/\/www.iebschool.com\/saladeprensa\/2020\/02\/20\/iebs-se-une-a-barcelonatechspirit-con-un-evento-unico-lets-talk-about-growth\/#respond\"]}]},{\"@type\":\"WebPage\",\"@id\":\"https:\/\/www.iebschool.com\/saladeprensa\/2020\/02\/20\/iebs-se-une-a-barcelonatechspirit-con-un-evento-unico-lets-talk-about-growth\/\",\"url\":\"https:\/\/www.iebschool.com\/saladeprensa\/2020\/02\/20\/iebs-se-une-a-barcelonatechspirit-con-un-evento-unico-lets-talk-about-growth\/\",\"name\":\"IEBS se une a #BarcelonaTechSpirit con un evento \u00fanico: Let\u2019s Talk About Growth - Sala de Prensa\",\"isPartOf\":{\"@id\":\"https:\/\/www.iebschool.com\/saladeprensa\/#website\"},\"datePublished\":\"2020-02-20T11:07:40+00:00\",\"dateModified\":\"2025-03-07T08:19:21+00:00\",\"description\":\"Barcelona se une con la iniciativa #BarcelonaTechSpirit Let\u2019s Talk About Growth, el evento de Growth Marketing y Growth Strategy organizado por IEBS y\",\"breadcrumb\":{\"@id\":\"https:\/\/www.iebschool.com\/saladeprensa\/2020\/02\/20\/iebs-se-une-a-barcelonatechspirit-con-un-evento-unico-lets-talk-about-growth\/#breadcrumb\"},\"inLanguage\":\"es\",\"potentialAction\":[{\"@type\":\"ReadAction\",\"target\":[\"https:\/\/www.iebschool.com\/saladeprensa\/2020\/02\/20\/iebs-se-une-a-barcelonatechspirit-con-un-evento-unico-lets-talk-about-growth\/\"]}]},{\"@type\":\"BreadcrumbList\",\"@id\":\"https:\/\/www.iebschool.com\/saladeprensa\/2020\/02\/20\/iebs-se-une-a-barcelonatechspirit-con-un-evento-unico-lets-talk-about-growth\/#breadcrumb\",\"itemListElement\":[{\"@type\":\"ListItem\",\"position\":1,\"name\":\"Portada\",\"item\":\"https:\/\/www.iebschool.com\/saladeprensa\/\"},{\"@type\":\"ListItem\",\"position\":2,\"name\":\"IEBS se une a #BarcelonaTechSpirit con un evento \u00fanico: Let\u2019s Talk About Growth\"}]},{\"@type\":\"WebSite\",\"@id\":\"https:\/\/www.iebschool.com\/saladeprensa\/#website\",\"url\":\"https:\/\/www.iebschool.com\/saladeprensa\/\",\"name\":\"Sala de Prensa\",\"description\":\"IEBS\",\"publisher\":{\"@id\":\"https:\/\/www.iebschool.com\/saladeprensa\/#organization\"},\"potentialAction\":[{\"@type\":\"SearchAction\",\"target\":{\"@type\":\"EntryPoint\",\"urlTemplate\":\"https:\/\/www.iebschool.com\/saladeprensa\/?s={search_term_string}\"},\"query-input\":{\"@type\":\"PropertyValueSpecification\",\"valueRequired\":true,\"valueName\":\"search_term_string\"}}],\"inLanguage\":\"es\"},{\"@type\":\"Organization\",\"@id\":\"https:\/\/www.iebschool.com\/saladeprensa\/#organization\",\"name\":\"Sala de Prensa\",\"url\":\"https:\/\/www.iebschool.com\/saladeprensa\/\",\"logo\":{\"@type\":\"ImageObject\",\"inLanguage\":\"es\",\"@id\":\"https:\/\/www.iebschool.com\/saladeprensa\/#\/schema\/logo\/image\/\",\"url\":\"https:\/\/www.iebschool.com\/saladeprensa\/wp-content\/uploads\/2026\/02\/IEBS_Logo_BusinessSchool_1_Hor_Violeta-scaled.png\",\"contentUrl\":\"https:\/\/www.iebschool.com\/saladeprensa\/wp-content\/uploads\/2026\/02\/IEBS_Logo_BusinessSchool_1_Hor_Violeta-scaled.png\",\"width\":2560,\"height\":374,\"caption\":\"Sala de Prensa\"},\"image\":{\"@id\":\"https:\/\/www.iebschool.com\/saladeprensa\/#\/schema\/logo\/image\/\"}},{\"@type\":\"Person\",\"@id\":\"https:\/\/www.iebschool.com\/saladeprensa\/#\/schema\/person\/92517e37a208ec94e5211d457cfef881\",\"name\":\"Ylenia Garcia\",\"image\":{\"@type\":\"ImageObject\",\"inLanguage\":\"es\",\"@id\":\"https:\/\/www.iebschool.com\/saladeprensa\/#\/schema\/person\/image\/\",\"url\":\"https:\/\/secure.gravatar.com\/avatar\/7c62c61622c256552ca6a62ba40515ca60c7ca1e9bce7349ed64b3214cf440fe?s=96&d=mm&r=g\",\"contentUrl\":\"https:\/\/secure.gravatar.com\/avatar\/7c62c61622c256552ca6a62ba40515ca60c7ca1e9bce7349ed64b3214cf440fe?s=96&d=mm&r=g\",\"caption\":\"Ylenia Garcia\"},\"url\":\"https:\/\/www.iebschool.com\/saladeprensa\/author\/ygarciaiebschool-com\/\"}]}<\/script>\n<!-- \/ Yoast SEO Premium plugin. -->","yoast_head_json":{"title":"IEBS se une a #BarcelonaTechSpirit con un evento \u00fanico: Let\u2019s Talk About Growth - Sala de Prensa","description":"Barcelona se une con la iniciativa #BarcelonaTechSpirit Let\u2019s Talk About Growth, el evento de Growth Marketing y Growth Strategy organizado por IEBS y","robots":{"index":"index","follow":"follow","max-snippet":"max-snippet:-1","max-image-preview":"max-image-preview:large","max-video-preview":"max-video-preview:-1"},"canonical":"https:\/\/www.iebschool.com\/saladeprensa\/2020\/02\/20\/iebs-se-une-a-barcelonatechspirit-con-un-evento-unico-lets-talk-about-growth\/","og_locale":"es_ES","og_type":"article","og_title":"IEBS se une a #BarcelonaTechSpirit con un evento \u00fanico: Let\u2019s Talk About Growth","og_description":"Barcelona se une con la iniciativa #BarcelonaTechSpirit Let\u2019s Talk About Growth, el evento de Growth Marketing y Growth Strategy organizado por IEBS y","og_url":"https:\/\/www.iebschool.com\/saladeprensa\/2020\/02\/20\/iebs-se-une-a-barcelonatechspirit-con-un-evento-unico-lets-talk-about-growth\/","og_site_name":"Sala de Prensa","article_published_time":"2020-02-20T11:07:40+00:00","article_modified_time":"2025-03-07T08:19:21+00:00","author":"Ylenia Garcia","twitter_card":"summary_large_image","twitter_misc":{"Escrito por":"Ylenia Garcia","Tiempo de lectura":"3 minutos"},"schema":{"@context":"https:\/\/schema.org","@graph":[{"@type":"Article","@id":"https:\/\/www.iebschool.com\/saladeprensa\/2020\/02\/20\/iebs-se-une-a-barcelonatechspirit-con-un-evento-unico-lets-talk-about-growth\/#article","isPartOf":{"@id":"https:\/\/www.iebschool.com\/saladeprensa\/2020\/02\/20\/iebs-se-une-a-barcelonatechspirit-con-un-evento-unico-lets-talk-about-growth\/"},"author":{"name":"Ylenia Garcia","@id":"https:\/\/www.iebschool.com\/saladeprensa\/#\/schema\/person\/92517e37a208ec94e5211d457cfef881"},"headline":"IEBS se une a #BarcelonaTechSpirit con un evento \u00fanico: Let\u2019s Talk About Growth","datePublished":"2020-02-20T11:07:40+00:00","dateModified":"2025-03-07T08:19:21+00:00","mainEntityOfPage":{"@id":"https:\/\/www.iebschool.com\/saladeprensa\/2020\/02\/20\/iebs-se-une-a-barcelonatechspirit-con-un-evento-unico-lets-talk-about-growth\/"},"wordCount":568,"commentCount":0,"publisher":{"@id":"https:\/\/www.iebschool.com\/saladeprensa\/#organization"},"keywords":["Barcelona Tech Spirit","Growth Hacking","Growth Marketng"],"articleSection":["Notas de Prensa"],"inLanguage":"es","potentialAction":[{"@type":"CommentAction","name":"Comment","target":["https:\/\/www.iebschool.com\/saladeprensa\/2020\/02\/20\/iebs-se-une-a-barcelonatechspirit-con-un-evento-unico-lets-talk-about-growth\/#respond"]}]},{"@type":"WebPage","@id":"https:\/\/www.iebschool.com\/saladeprensa\/2020\/02\/20\/iebs-se-une-a-barcelonatechspirit-con-un-evento-unico-lets-talk-about-growth\/","url":"https:\/\/www.iebschool.com\/saladeprensa\/2020\/02\/20\/iebs-se-une-a-barcelonatechspirit-con-un-evento-unico-lets-talk-about-growth\/","name":"IEBS se une a #BarcelonaTechSpirit con un evento \u00fanico: Let\u2019s Talk About Growth - Sala de Prensa","isPartOf":{"@id":"https:\/\/www.iebschool.com\/saladeprensa\/#website"},"datePublished":"2020-02-20T11:07:40+00:00","dateModified":"2025-03-07T08:19:21+00:00","description":"Barcelona se une con la iniciativa #BarcelonaTechSpirit Let\u2019s Talk About Growth, el evento de Growth Marketing y Growth Strategy organizado por IEBS y","breadcrumb":{"@id":"https:\/\/www.iebschool.com\/saladeprensa\/2020\/02\/20\/iebs-se-une-a-barcelonatechspirit-con-un-evento-unico-lets-talk-about-growth\/#breadcrumb"},"inLanguage":"es","potentialAction":[{"@type":"ReadAction","target":["https:\/\/www.iebschool.com\/saladeprensa\/2020\/02\/20\/iebs-se-une-a-barcelonatechspirit-con-un-evento-unico-lets-talk-about-growth\/"]}]},{"@type":"BreadcrumbList","@id":"https:\/\/www.iebschool.com\/saladeprensa\/2020\/02\/20\/iebs-se-une-a-barcelonatechspirit-con-un-evento-unico-lets-talk-about-growth\/#breadcrumb","itemListElement":[{"@type":"ListItem","position":1,"name":"Portada","item":"https:\/\/www.iebschool.com\/saladeprensa\/"},{"@type":"ListItem","position":2,"name":"IEBS se une a #BarcelonaTechSpirit con un evento \u00fanico: Let\u2019s Talk About Growth"}]},{"@type":"WebSite","@id":"https:\/\/www.iebschool.com\/saladeprensa\/#website","url":"https:\/\/www.iebschool.com\/saladeprensa\/","name":"Sala de Prensa","description":"IEBS","publisher":{"@id":"https:\/\/www.iebschool.com\/saladeprensa\/#organization"},"potentialAction":[{"@type":"SearchAction","target":{"@type":"EntryPoint","urlTemplate":"https:\/\/www.iebschool.com\/saladeprensa\/?s={search_term_string}"},"query-input":{"@type":"PropertyValueSpecification","valueRequired":true,"valueName":"search_term_string"}}],"inLanguage":"es"},{"@type":"Organization","@id":"https:\/\/www.iebschool.com\/saladeprensa\/#organization","name":"Sala de Prensa","url":"https:\/\/www.iebschool.com\/saladeprensa\/","logo":{"@type":"ImageObject","inLanguage":"es","@id":"https:\/\/www.iebschool.com\/saladeprensa\/#\/schema\/logo\/image\/","url":"https:\/\/www.iebschool.com\/saladeprensa\/wp-content\/uploads\/2026\/02\/IEBS_Logo_BusinessSchool_1_Hor_Violeta-scaled.png","contentUrl":"https:\/\/www.iebschool.com\/saladeprensa\/wp-content\/uploads\/2026\/02\/IEBS_Logo_BusinessSchool_1_Hor_Violeta-scaled.png","width":2560,"height":374,"caption":"Sala de Prensa"},"image":{"@id":"https:\/\/www.iebschool.com\/saladeprensa\/#\/schema\/logo\/image\/"}},{"@type":"Person","@id":"https:\/\/www.iebschool.com\/saladeprensa\/#\/schema\/person\/92517e37a208ec94e5211d457cfef881","name":"Ylenia Garcia","image":{"@type":"ImageObject","inLanguage":"es","@id":"https:\/\/www.iebschool.com\/saladeprensa\/#\/schema\/person\/image\/","url":"https:\/\/secure.gravatar.com\/avatar\/7c62c61622c256552ca6a62ba40515ca60c7ca1e9bce7349ed64b3214cf440fe?s=96&d=mm&r=g","contentUrl":"https:\/\/secure.gravatar.com\/avatar\/7c62c61622c256552ca6a62ba40515ca60c7ca1e9bce7349ed64b3214cf440fe?s=96&d=mm&r=g","caption":"Ylenia Garcia"},"url":"https:\/\/www.iebschool.com\/saladeprensa\/author\/ygarciaiebschool-com\/"}]}},"image_thumbnail":"https:\/\/www.iebschool.com\/saladeprensa\/wp-includes\/images\/media\/default.svg","image_full":"https:\/\/www.iebschool.com\/saladeprensa\/wp-includes\/images\/media\/default.svg","categoria":{"nombre":"Notas de Prensa","slug":"category\/notas-de-prensa"},"_links":{"self":[{"href":"https:\/\/www.iebschool.com\/saladeprensa\/wp-json\/wp\/v2\/posts\/3933","targetHints":{"allow":["GET"]}}],"collection":[{"href":"https:\/\/www.iebschool.com\/saladeprensa\/wp-json\/wp\/v2\/posts"}],"about":[{"href":"https:\/\/www.iebschool.com\/saladeprensa\/wp-json\/wp\/v2\/types\/post"}],"author":[{"embeddable":true,"href":"https:\/\/www.iebschool.com\/saladeprensa\/wp-json\/wp\/v2\/users\/17"}],"replies":[{"embeddable":true,"href":"https:\/\/www.iebschool.com\/saladeprensa\/wp-json\/wp\/v2\/comments?post=3933"}],"version-history":[{"count":1,"href":"https:\/\/www.iebschool.com\/saladeprensa\/wp-json\/wp\/v2\/posts\/3933\/revisions"}],"predecessor-version":[{"id":5874,"href":"https:\/\/www.iebschool.com\/saladeprensa\/wp-json\/wp\/v2\/posts\/3933\/revisions\/5874"}],"wp:attachment":[{"href":"https:\/\/www.iebschool.com\/saladeprensa\/wp-json\/wp\/v2\/media?parent=3933"}],"wp:term":[{"taxonomy":"category","embeddable":true,"href":"https:\/\/www.iebschool.com\/saladeprensa\/wp-json\/wp\/v2\/categories?post=3933"},{"taxonomy":"post_tag","embeddable":true,"href":"https:\/\/www.iebschool.com\/saladeprensa\/wp-json\/wp\/v2\/tags?post=3933"}],"curies":[{"name":"wp","href":"https:\/\/api.w.org\/{rel}","templated":true}]}}