{"id":4135,"date":"2020-11-17T12:17:44","date_gmt":"2020-11-17T10:17:44","guid":{"rendered":"https:\/\/comunidad.iebschool.com\/saladeprensa\/?p=4135"},"modified":"2020-11-17T12:17:44","modified_gmt":"2020-11-17T10:17:44","slug":"acuerdo-entre-iebs-e-itsmf-espana-para-la-difusion-de-buenas-practicas-en-las-nuevas-tecnologias","status":"publish","type":"post","link":"https:\/\/www.iebschool.com\/saladeprensa\/2020\/11\/17\/acuerdo-entre-iebs-e-itsmf-espana-para-la-difusion-de-buenas-practicas-en-las-nuevas-tecnologias\/","title":{"rendered":"Acuerdo entre IEBS e itSMF Espa\u00f1a para la difusi\u00f3n de buenas pr\u00e1cticas en las nuevas tecnolog\u00edas"},"content":{"rendered":"<ul>\n\t<li style=\"font-weight: 400\"><i><span style=\"font-weight: 400\">El Congreso Nacional #Vision2020, evento digital que se celebrar\u00e1 el 25 de noviembre, supone el punto de partida de la colaboraci\u00f3n entre ambas instituciones<\/span><\/i><\/li>\n<\/ul>\n<a href=\"https:\/\/www.iebschool.com\/\"><b>IEBS<\/b><\/a><span style=\"font-weight: 400\">, la escuela de negocios digital l\u00edder en formaci\u00f3n online, ha firmado un acuerdo de colaboraci\u00f3n con <\/span><a href=\"https:\/\/news.itsmf.es\/\"><span style=\"font-weight: 400\">itSMF<\/span><\/a><span style=\"font-weight: 400\"> Espa\u00f1a por el cual ambas instituciones van a velar por la difusi\u00f3n de buenas pr\u00e1cticas ligadas al uso de las nuevas tecnolog\u00edas, sobre todo en esta era post-pandemia. De esta forma, a trav\u00e9s de este acuerdo, tanto IEBS como itSMF se comprometen a establecer el marco y cauces adecuados para la realizaci\u00f3n en com\u00fan de actividades de divulgaci\u00f3n, de formaci\u00f3n y de investigaci\u00f3n en el entorno tecnol\u00f3gico y digital.<\/span>\n\n<span style=\"font-weight: 400\">Gracias a este acuerdo de colaboraci\u00f3n, ambas entidades podr\u00e1n organizar y promover de forma conjunta seminarios, congresos acad\u00e9micos, cursos y otro tipo de actividades centrados en la gesti\u00f3n y gobierno de TI. Esta uni\u00f3n demuestra el compromiso de IEBS para con el desarrollo tecnol\u00f3gico, as\u00ed como a la hora de aportar todo su expertise en pro de un uso responsable de la tecnolog\u00eda en todos los \u00e1mbitos.<\/span>\n\n<span style=\"font-weight: 400\">Como primer paso de este acuerdo, IEBS va a colaborar en la organizaci\u00f3n del <\/span><a href=\"https:\/\/vision.itsmf.es\/\"><span style=\"font-weight: 400\">Congreso Nacional #Vision2020<\/span><\/a><span style=\"font-weight: 400\"> como partner acad\u00e9mico, evento en el que los expertos debatir\u00e1n sobre la realidad que estamos viviendo y la necesidad de adquirir una nueva actitud para ver m\u00e1s all\u00e1 de las amenazas y poder captar las nuevas oportunidades digitales que nos presenta la era post covid. En el evento se presentar\u00e1n las propuestas de los expertos de itSMF que durante este complicado a\u00f1o han destinado sus esfuerzos a trabajar en generar contenido y difusi\u00f3n de c\u00f3mo la Gesti\u00f3n de Servicios de Tecnolog\u00edas de la Informaci\u00f3n interact\u00faa con Normas ISO, Robot Process Automation RPA, Inteligencia Artificial IA, Privacidad, Business Process Management BPM, Seguridad, Agilidad, Gobierno, etc.<\/span>\n\n<span style=\"font-weight: 400\">La jornada se llevar\u00e1 a cabo el pr\u00f3ximo 25 de noviembre v\u00eda streaming, desde las 9h y finalizando a las 19h con la \u00faltima ponencia. Es posible registrarse de forma completamente gratuita desde <\/span><span style=\"font-weight: 400\"><a href=\"https:\/\/vision.itsmf.es\/\">https:\/\/vision.itsmf.es\/<\/a>\u00a0<\/span>","protected":false},"excerpt":{"rendered":"","protected":false},"author":5,"featured_media":0,"comment_status":"open","ping_status":"open","sticky":false,"template":"","format":"standard","meta":{"footnotes":""},"categories":[8],"tags":[],"class_list":["post-4135","post","type-post","status-publish","format-standard","hentry","category-notas-de-prensa"],"yoast_head":"<!-- This site is optimized with the Yoast SEO Premium plugin v23.9 (Yoast SEO v24.6) - https:\/\/yoast.com\/wordpress\/plugins\/seo\/ -->\n<title>Acuerdo entre IEBS e itSMF Espa\u00f1a para la difusi\u00f3n de buenas pr\u00e1cticas en las nuevas tecnolog\u00edas - Sala de Prensa<\/title>\n<meta name=\"description\" content=\"El Congreso Nacional #Vision2020, evento digital que se celebrar\u00e1 el 25 de noviembre, supone el punto de partida de la colaboraci\u00f3n entre ambas\" \/>\n<meta name=\"robots\" content=\"index, follow, max-snippet:-1, max-image-preview:large, max-video-preview:-1\" \/>\n<link rel=\"canonical\" href=\"https:\/\/www.iebschool.com\/saladeprensa\/2020\/11\/17\/acuerdo-entre-iebs-e-itsmf-espana-para-la-difusion-de-buenas-practicas-en-las-nuevas-tecnologias\/\" \/>\n<meta property=\"og:locale\" content=\"es_ES\" \/>\n<meta property=\"og:type\" content=\"article\" \/>\n<meta property=\"og:title\" content=\"Acuerdo entre IEBS e itSMF Espa\u00f1a para la difusi\u00f3n de buenas pr\u00e1cticas en las nuevas tecnolog\u00edas\" \/>\n<meta property=\"og:description\" content=\"El Congreso Nacional #Vision2020, evento digital que se celebrar\u00e1 el 25 de noviembre, supone el punto de partida de la colaboraci\u00f3n entre ambas\" \/>\n<meta property=\"og:url\" content=\"https:\/\/www.iebschool.com\/saladeprensa\/2020\/11\/17\/acuerdo-entre-iebs-e-itsmf-espana-para-la-difusion-de-buenas-practicas-en-las-nuevas-tecnologias\/\" \/>\n<meta property=\"og:site_name\" content=\"Sala de Prensa\" \/>\n<meta property=\"article:published_time\" content=\"2020-11-17T10:17:44+00:00\" \/>\n<meta name=\"author\" content=\"Helena Rengel\" \/>\n<meta name=\"twitter:card\" content=\"summary_large_image\" \/>\n<meta name=\"twitter:label1\" content=\"Escrito por\" \/>\n\t<meta name=\"twitter:data1\" content=\"Helena Rengel\" \/>\n\t<meta name=\"twitter:label2\" content=\"Tiempo de lectura\" \/>\n\t<meta name=\"twitter:data2\" content=\"2 minutos\" \/>\n<script type=\"application\/ld+json\" class=\"yoast-schema-graph\">{\"@context\":\"https:\/\/schema.org\",\"@graph\":[{\"@type\":\"Article\",\"@id\":\"https:\/\/www.iebschool.com\/saladeprensa\/2020\/11\/17\/acuerdo-entre-iebs-e-itsmf-espana-para-la-difusion-de-buenas-practicas-en-las-nuevas-tecnologias\/#article\",\"isPartOf\":{\"@id\":\"https:\/\/www.iebschool.com\/saladeprensa\/2020\/11\/17\/acuerdo-entre-iebs-e-itsmf-espana-para-la-difusion-de-buenas-practicas-en-las-nuevas-tecnologias\/\"},\"author\":{\"name\":\"Helena Rengel\",\"@id\":\"https:\/\/www.iebschool.com\/saladeprensa\/#\/schema\/person\/4e37795e61afec781e763d9c6044229b\"},\"headline\":\"Acuerdo entre IEBS e itSMF Espa\u00f1a para la difusi\u00f3n de buenas pr\u00e1cticas en las nuevas tecnolog\u00edas\",\"datePublished\":\"2020-11-17T10:17:44+00:00\",\"mainEntityOfPage\":{\"@id\":\"https:\/\/www.iebschool.com\/saladeprensa\/2020\/11\/17\/acuerdo-entre-iebs-e-itsmf-espana-para-la-difusion-de-buenas-practicas-en-las-nuevas-tecnologias\/\"},\"wordCount\":390,\"commentCount\":0,\"publisher\":{\"@id\":\"https:\/\/www.iebschool.com\/saladeprensa\/#organization\"},\"articleSection\":[\"Notas de Prensa\"],\"inLanguage\":\"es\",\"potentialAction\":[{\"@type\":\"CommentAction\",\"name\":\"Comment\",\"target\":[\"https:\/\/www.iebschool.com\/saladeprensa\/2020\/11\/17\/acuerdo-entre-iebs-e-itsmf-espana-para-la-difusion-de-buenas-practicas-en-las-nuevas-tecnologias\/#respond\"]}]},{\"@type\":\"WebPage\",\"@id\":\"https:\/\/www.iebschool.com\/saladeprensa\/2020\/11\/17\/acuerdo-entre-iebs-e-itsmf-espana-para-la-difusion-de-buenas-practicas-en-las-nuevas-tecnologias\/\",\"url\":\"https:\/\/www.iebschool.com\/saladeprensa\/2020\/11\/17\/acuerdo-entre-iebs-e-itsmf-espana-para-la-difusion-de-buenas-practicas-en-las-nuevas-tecnologias\/\",\"name\":\"Acuerdo entre IEBS e itSMF Espa\u00f1a para la difusi\u00f3n de buenas pr\u00e1cticas en las nuevas tecnolog\u00edas - Sala de Prensa\",\"isPartOf\":{\"@id\":\"https:\/\/www.iebschool.com\/saladeprensa\/#website\"},\"datePublished\":\"2020-11-17T10:17:44+00:00\",\"description\":\"El Congreso Nacional #Vision2020, evento digital que se celebrar\u00e1 el 25 de noviembre, supone el punto de partida de la colaboraci\u00f3n entre ambas\",\"breadcrumb\":{\"@id\":\"https:\/\/www.iebschool.com\/saladeprensa\/2020\/11\/17\/acuerdo-entre-iebs-e-itsmf-espana-para-la-difusion-de-buenas-practicas-en-las-nuevas-tecnologias\/#breadcrumb\"},\"inLanguage\":\"es\",\"potentialAction\":[{\"@type\":\"ReadAction\",\"target\":[\"https:\/\/www.iebschool.com\/saladeprensa\/2020\/11\/17\/acuerdo-entre-iebs-e-itsmf-espana-para-la-difusion-de-buenas-practicas-en-las-nuevas-tecnologias\/\"]}]},{\"@type\":\"BreadcrumbList\",\"@id\":\"https:\/\/www.iebschool.com\/saladeprensa\/2020\/11\/17\/acuerdo-entre-iebs-e-itsmf-espana-para-la-difusion-de-buenas-practicas-en-las-nuevas-tecnologias\/#breadcrumb\",\"itemListElement\":[{\"@type\":\"ListItem\",\"position\":1,\"name\":\"Portada\",\"item\":\"https:\/\/www.iebschool.com\/saladeprensa\/\"},{\"@type\":\"ListItem\",\"position\":2,\"name\":\"Acuerdo entre IEBS e itSMF Espa\u00f1a para la difusi\u00f3n de buenas pr\u00e1cticas en las nuevas tecnolog\u00edas\"}]},{\"@type\":\"WebSite\",\"@id\":\"https:\/\/www.iebschool.com\/saladeprensa\/#website\",\"url\":\"https:\/\/www.iebschool.com\/saladeprensa\/\",\"name\":\"Sala de Prensa\",\"description\":\"IEBS\",\"publisher\":{\"@id\":\"https:\/\/www.iebschool.com\/saladeprensa\/#organization\"},\"potentialAction\":[{\"@type\":\"SearchAction\",\"target\":{\"@type\":\"EntryPoint\",\"urlTemplate\":\"https:\/\/www.iebschool.com\/saladeprensa\/?s={search_term_string}\"},\"query-input\":{\"@type\":\"PropertyValueSpecification\",\"valueRequired\":true,\"valueName\":\"search_term_string\"}}],\"inLanguage\":\"es\"},{\"@type\":\"Organization\",\"@id\":\"https:\/\/www.iebschool.com\/saladeprensa\/#organization\",\"name\":\"Sala de Prensa\",\"url\":\"https:\/\/www.iebschool.com\/saladeprensa\/\",\"logo\":{\"@type\":\"ImageObject\",\"inLanguage\":\"es\",\"@id\":\"https:\/\/www.iebschool.com\/saladeprensa\/#\/schema\/logo\/image\/\",\"url\":\"https:\/\/www.iebschool.com\/saladeprensa\/wp-content\/uploads\/2026\/02\/IEBS_Logo_BusinessSchool_1_Hor_Violeta-scaled.png\",\"contentUrl\":\"https:\/\/www.iebschool.com\/saladeprensa\/wp-content\/uploads\/2026\/02\/IEBS_Logo_BusinessSchool_1_Hor_Violeta-scaled.png\",\"width\":2560,\"height\":374,\"caption\":\"Sala de Prensa\"},\"image\":{\"@id\":\"https:\/\/www.iebschool.com\/saladeprensa\/#\/schema\/logo\/image\/\"}},{\"@type\":\"Person\",\"@id\":\"https:\/\/www.iebschool.com\/saladeprensa\/#\/schema\/person\/4e37795e61afec781e763d9c6044229b\",\"name\":\"Helena Rengel\",\"image\":{\"@type\":\"ImageObject\",\"inLanguage\":\"es\",\"@id\":\"https:\/\/www.iebschool.com\/saladeprensa\/#\/schema\/person\/image\/\",\"url\":\"https:\/\/secure.gravatar.com\/avatar\/c76a402d49e5378cb8df395b267df14695c634009e89eff37a723561a4c44af7?s=96&d=mm&r=g\",\"contentUrl\":\"https:\/\/secure.gravatar.com\/avatar\/c76a402d49e5378cb8df395b267df14695c634009e89eff37a723561a4c44af7?s=96&d=mm&r=g\",\"caption\":\"Helena Rengel\"},\"url\":\"https:\/\/www.iebschool.com\/saladeprensa\/author\/comunicacioniebschool-com\/\"}]}<\/script>\n<!-- \/ Yoast SEO Premium plugin. -->","yoast_head_json":{"title":"Acuerdo entre IEBS e itSMF Espa\u00f1a para la difusi\u00f3n de buenas pr\u00e1cticas en las nuevas tecnolog\u00edas - Sala de Prensa","description":"El Congreso Nacional #Vision2020, evento digital que se celebrar\u00e1 el 25 de noviembre, supone el punto de partida de la colaboraci\u00f3n entre ambas","robots":{"index":"index","follow":"follow","max-snippet":"max-snippet:-1","max-image-preview":"max-image-preview:large","max-video-preview":"max-video-preview:-1"},"canonical":"https:\/\/www.iebschool.com\/saladeprensa\/2020\/11\/17\/acuerdo-entre-iebs-e-itsmf-espana-para-la-difusion-de-buenas-practicas-en-las-nuevas-tecnologias\/","og_locale":"es_ES","og_type":"article","og_title":"Acuerdo entre IEBS e itSMF Espa\u00f1a para la difusi\u00f3n de buenas pr\u00e1cticas en las nuevas tecnolog\u00edas","og_description":"El Congreso Nacional #Vision2020, evento digital que se celebrar\u00e1 el 25 de noviembre, supone el punto de partida de la colaboraci\u00f3n entre ambas","og_url":"https:\/\/www.iebschool.com\/saladeprensa\/2020\/11\/17\/acuerdo-entre-iebs-e-itsmf-espana-para-la-difusion-de-buenas-practicas-en-las-nuevas-tecnologias\/","og_site_name":"Sala de Prensa","article_published_time":"2020-11-17T10:17:44+00:00","author":"Helena Rengel","twitter_card":"summary_large_image","twitter_misc":{"Escrito por":"Helena Rengel","Tiempo de lectura":"2 minutos"},"schema":{"@context":"https:\/\/schema.org","@graph":[{"@type":"Article","@id":"https:\/\/www.iebschool.com\/saladeprensa\/2020\/11\/17\/acuerdo-entre-iebs-e-itsmf-espana-para-la-difusion-de-buenas-practicas-en-las-nuevas-tecnologias\/#article","isPartOf":{"@id":"https:\/\/www.iebschool.com\/saladeprensa\/2020\/11\/17\/acuerdo-entre-iebs-e-itsmf-espana-para-la-difusion-de-buenas-practicas-en-las-nuevas-tecnologias\/"},"author":{"name":"Helena Rengel","@id":"https:\/\/www.iebschool.com\/saladeprensa\/#\/schema\/person\/4e37795e61afec781e763d9c6044229b"},"headline":"Acuerdo entre IEBS e itSMF Espa\u00f1a para la difusi\u00f3n de buenas pr\u00e1cticas en las nuevas tecnolog\u00edas","datePublished":"2020-11-17T10:17:44+00:00","mainEntityOfPage":{"@id":"https:\/\/www.iebschool.com\/saladeprensa\/2020\/11\/17\/acuerdo-entre-iebs-e-itsmf-espana-para-la-difusion-de-buenas-practicas-en-las-nuevas-tecnologias\/"},"wordCount":390,"commentCount":0,"publisher":{"@id":"https:\/\/www.iebschool.com\/saladeprensa\/#organization"},"articleSection":["Notas de Prensa"],"inLanguage":"es","potentialAction":[{"@type":"CommentAction","name":"Comment","target":["https:\/\/www.iebschool.com\/saladeprensa\/2020\/11\/17\/acuerdo-entre-iebs-e-itsmf-espana-para-la-difusion-de-buenas-practicas-en-las-nuevas-tecnologias\/#respond"]}]},{"@type":"WebPage","@id":"https:\/\/www.iebschool.com\/saladeprensa\/2020\/11\/17\/acuerdo-entre-iebs-e-itsmf-espana-para-la-difusion-de-buenas-practicas-en-las-nuevas-tecnologias\/","url":"https:\/\/www.iebschool.com\/saladeprensa\/2020\/11\/17\/acuerdo-entre-iebs-e-itsmf-espana-para-la-difusion-de-buenas-practicas-en-las-nuevas-tecnologias\/","name":"Acuerdo entre IEBS e itSMF Espa\u00f1a para la difusi\u00f3n de buenas pr\u00e1cticas en las nuevas tecnolog\u00edas - Sala de Prensa","isPartOf":{"@id":"https:\/\/www.iebschool.com\/saladeprensa\/#website"},"datePublished":"2020-11-17T10:17:44+00:00","description":"El Congreso Nacional #Vision2020, evento digital que se celebrar\u00e1 el 25 de noviembre, supone el punto de partida de la colaboraci\u00f3n entre ambas","breadcrumb":{"@id":"https:\/\/www.iebschool.com\/saladeprensa\/2020\/11\/17\/acuerdo-entre-iebs-e-itsmf-espana-para-la-difusion-de-buenas-practicas-en-las-nuevas-tecnologias\/#breadcrumb"},"inLanguage":"es","potentialAction":[{"@type":"ReadAction","target":["https:\/\/www.iebschool.com\/saladeprensa\/2020\/11\/17\/acuerdo-entre-iebs-e-itsmf-espana-para-la-difusion-de-buenas-practicas-en-las-nuevas-tecnologias\/"]}]},{"@type":"BreadcrumbList","@id":"https:\/\/www.iebschool.com\/saladeprensa\/2020\/11\/17\/acuerdo-entre-iebs-e-itsmf-espana-para-la-difusion-de-buenas-practicas-en-las-nuevas-tecnologias\/#breadcrumb","itemListElement":[{"@type":"ListItem","position":1,"name":"Portada","item":"https:\/\/www.iebschool.com\/saladeprensa\/"},{"@type":"ListItem","position":2,"name":"Acuerdo entre IEBS e itSMF Espa\u00f1a para la difusi\u00f3n de buenas pr\u00e1cticas en las nuevas tecnolog\u00edas"}]},{"@type":"WebSite","@id":"https:\/\/www.iebschool.com\/saladeprensa\/#website","url":"https:\/\/www.iebschool.com\/saladeprensa\/","name":"Sala de Prensa","description":"IEBS","publisher":{"@id":"https:\/\/www.iebschool.com\/saladeprensa\/#organization"},"potentialAction":[{"@type":"SearchAction","target":{"@type":"EntryPoint","urlTemplate":"https:\/\/www.iebschool.com\/saladeprensa\/?s={search_term_string}"},"query-input":{"@type":"PropertyValueSpecification","valueRequired":true,"valueName":"search_term_string"}}],"inLanguage":"es"},{"@type":"Organization","@id":"https:\/\/www.iebschool.com\/saladeprensa\/#organization","name":"Sala de Prensa","url":"https:\/\/www.iebschool.com\/saladeprensa\/","logo":{"@type":"ImageObject","inLanguage":"es","@id":"https:\/\/www.iebschool.com\/saladeprensa\/#\/schema\/logo\/image\/","url":"https:\/\/www.iebschool.com\/saladeprensa\/wp-content\/uploads\/2026\/02\/IEBS_Logo_BusinessSchool_1_Hor_Violeta-scaled.png","contentUrl":"https:\/\/www.iebschool.com\/saladeprensa\/wp-content\/uploads\/2026\/02\/IEBS_Logo_BusinessSchool_1_Hor_Violeta-scaled.png","width":2560,"height":374,"caption":"Sala de Prensa"},"image":{"@id":"https:\/\/www.iebschool.com\/saladeprensa\/#\/schema\/logo\/image\/"}},{"@type":"Person","@id":"https:\/\/www.iebschool.com\/saladeprensa\/#\/schema\/person\/4e37795e61afec781e763d9c6044229b","name":"Helena Rengel","image":{"@type":"ImageObject","inLanguage":"es","@id":"https:\/\/www.iebschool.com\/saladeprensa\/#\/schema\/person\/image\/","url":"https:\/\/secure.gravatar.com\/avatar\/c76a402d49e5378cb8df395b267df14695c634009e89eff37a723561a4c44af7?s=96&d=mm&r=g","contentUrl":"https:\/\/secure.gravatar.com\/avatar\/c76a402d49e5378cb8df395b267df14695c634009e89eff37a723561a4c44af7?s=96&d=mm&r=g","caption":"Helena Rengel"},"url":"https:\/\/www.iebschool.com\/saladeprensa\/author\/comunicacioniebschool-com\/"}]}},"image_thumbnail":"https:\/\/www.iebschool.com\/saladeprensa\/wp-includes\/images\/media\/default.svg","image_full":"https:\/\/www.iebschool.com\/saladeprensa\/wp-includes\/images\/media\/default.svg","categoria":{"nombre":"Notas de Prensa","slug":"category\/notas-de-prensa"},"_links":{"self":[{"href":"https:\/\/www.iebschool.com\/saladeprensa\/wp-json\/wp\/v2\/posts\/4135","targetHints":{"allow":["GET"]}}],"collection":[{"href":"https:\/\/www.iebschool.com\/saladeprensa\/wp-json\/wp\/v2\/posts"}],"about":[{"href":"https:\/\/www.iebschool.com\/saladeprensa\/wp-json\/wp\/v2\/types\/post"}],"author":[{"embeddable":true,"href":"https:\/\/www.iebschool.com\/saladeprensa\/wp-json\/wp\/v2\/users\/5"}],"replies":[{"embeddable":true,"href":"https:\/\/www.iebschool.com\/saladeprensa\/wp-json\/wp\/v2\/comments?post=4135"}],"version-history":[{"count":0,"href":"https:\/\/www.iebschool.com\/saladeprensa\/wp-json\/wp\/v2\/posts\/4135\/revisions"}],"wp:attachment":[{"href":"https:\/\/www.iebschool.com\/saladeprensa\/wp-json\/wp\/v2\/media?parent=4135"}],"wp:term":[{"taxonomy":"category","embeddable":true,"href":"https:\/\/www.iebschool.com\/saladeprensa\/wp-json\/wp\/v2\/categories?post=4135"},{"taxonomy":"post_tag","embeddable":true,"href":"https:\/\/www.iebschool.com\/saladeprensa\/wp-json\/wp\/v2\/tags?post=4135"}],"curies":[{"name":"wp","href":"https:\/\/api.w.org\/{rel}","templated":true}]}}