{"id":4165,"date":"2020-12-15T12:00:51","date_gmt":"2020-12-15T10:00:51","guid":{"rendered":"https:\/\/comunidad.iebschool.com\/saladeprensa\/?p=4165"},"modified":"2020-12-15T12:00:51","modified_gmt":"2020-12-15T10:00:51","slug":"7-claves-imprescindibles-para-comenzar-tu-propio-negocio","status":"publish","type":"post","link":"https:\/\/www.iebschool.com\/saladeprensa\/2020\/12\/15\/7-claves-imprescindibles-para-comenzar-tu-propio-negocio\/","title":{"rendered":"7 claves imprescindibles para comenzar tu propio negocio"},"content":{"rendered":"<span style=\"font-weight: 400\">El 63% de los emprendedores se ha lanzado a crear un negocio durante la pandemia. En su mayor\u00eda, son personas que ya hab\u00edan emprendido anteriormente, seg\u00fan datos del Mapa del Emprendimiento 2020 elaborado por Spain Startup-South Summit. Este estudio tambi\u00e9n se\u00f1ala que con un solo proyecto a las espaldas el \u00edndice de fracaso es del 56%, con tres lanzamientos desciende al 12%, y al 8% con cuatro o m\u00e1s startups lanzadas. Para aquellos que tienen en mente comenzar su propio negocio, <\/span><a href=\"https:\/\/www.iebschool.com\/\"><b>IEBS Business School<\/b><\/a><span style=\"font-weight: 400\">, la escuela de negocios digital l\u00edder en formaci\u00f3n online, se\u00f1ala las siete claves imprescindibles para hacerlo exitosamente.<\/span>\n<ol>\n\t<li><b><b>Ofrecer la soluci\u00f3n a un problema: <\/b><span style=\"font-weight: 400\">las empresas nacen con el objetivo de responder a necesidades. Es decir, existe un problema y las organizaciones ofrecen productos o servicios para hacerle frente. Esa soluci\u00f3n que se propone para resolver ese problema ser\u00e1 la idea de negocio. La clave de este punto no es pensar solo en el retorno econ\u00f3mico. Hay que buscar un tema que uno domine y que le apasione.<\/span><\/b><\/li>\n\t<li><b><b>Aprender a emprender:<\/b><span style=\"font-weight: 400\"> se pueden tener muy buenas ideas pero, sin los conocimientos adecuados, no podr\u00e1n salir bien. Formarse es fundamental para saber a lo que se va a enfrentar uno, a c\u00f3mo funciona el mercado y al dif\u00edcil camino y a las distintas etapas de las que se compone lanzar un proyecto nuevo.<\/span><\/b><\/li>\n\t<li><b><b>Pruebas y estudios de mercado: <\/b><span style=\"font-weight: 400\">la \u00fanica forma de saber si un negocio tiene sentido es poni\u00e9ndolo en marcha a trav\u00e9s de peque\u00f1as pruebas. Estas pueden ser desde crear una simple p\u00e1gina web a promocionar y vender un prototipo del producto para ver las reacciones del p\u00fablico.<\/span><\/b><\/li>\n\t<li><b><b>Formaliza la propuesta: <\/b><span style=\"font-weight: 400\">una vez validadas las hip\u00f3tesis m\u00e1s arriesgadas en el paso anterior, es hora de formalizar toda la informaci\u00f3n y de crear <\/span><i><span style=\"font-weight: 400\">pitch decks<\/span><\/i><span style=\"font-weight: 400\">. Es fundamental construir una buena presentaci\u00f3n de ventas para mostrar el proyecto a potenciales inversores o clientes. La habilidad de venta es esencial en el mundo del emprendimiento.<\/span><\/b><\/li>\n\t<li><b><b>Creaci\u00f3n de branding:<\/b><span style=\"font-weight: 400\"> cada d\u00eda estamos sometidos a una gran cantidad de est\u00edmulos. Por eso, para alcanzar el \u00e9xito una empresa debe llamar la atenci\u00f3n y destacar sobre el resto. Darle forma al branding deber\u00e1 hacerse independientemente de qu\u00e9 estrategia de diferenciaci\u00f3n se quiera seguir, ya sea la de precios bajos, propuesta de valor, exclusividad, etc.\u00a0<\/span><\/b><\/li>\n\t<li><b><b>Establecer una estructura legal:<\/b><span style=\"font-weight: 400\"> si se han validado las hip\u00f3tesis necesarias para comenzar un negocio, o incluso habiendo generado ya las primeras ventas, es el momento de formalizar una estructura legal. Tener una forma jur\u00eddica ayudar\u00e1 al emprendedor a separar su responsabilidad legal de la responsabilidad de la empresa.<\/span><\/b><\/li>\n\t<li><b><b>En busca de financiaci\u00f3n externa:<\/b><span style=\"font-weight: 400\"> Ha llegado el momento de crecer y de escalar en las operaciones. Hay modelos de negocio que requieren de una gran inversi\u00f3n inicial y necesitan capital de terceros, como las empresas de hardware o \u201chard tech\u201d. Sin embargo, este paso es siempre mejor evitarlo, ya que lo ideal es poder autofinanciarse con las ventas para conseguir un crecimiento sano y sostenido.<\/span><\/b><\/li>\n<\/ol>\n<i><span style=\"font-weight: 400\">\u201cEmprender, innovar y formarse van de la mano. El sector de la empresa evoluciona a pasos agigantados y el aprendizaje es la materia prima del emprendedor. M\u00e1s all\u00e1 del campo en el que se quiera desarrollar un negocio, hacen falta una base de conocimientos t\u00e9cnicos y unas habilidades personales que hay que adquirir para poder emprender con \u00e9xito\u201d<\/span><\/i><span style=\"font-weight: 400\">, explica <\/span><b>\u00d3scar Fuente, Director y fundador de IEBS<\/b><span style=\"font-weight: 400\">.<\/span>\n\n<span style=\"font-weight: 400\">En este sentido, IEBS Business School cuenta con un programa adaptado a estas caracter\u00edsticas, el <\/span><a href=\"https:\/\/www.iebschool.com\/programas\/master-direccion-empresas-emprendedores\/\"><b>MBA en Emprendimiento Digital<\/b><\/a><span style=\"font-weight: 400\">, dise\u00f1ado para ayudar a aquellas personas que est\u00e1n emprendiendo o desean hacerlo, y quieran aprender los fundamentos de la gesti\u00f3n de la empresa de la mano de grandes profesionales del sector.<\/span>","protected":false},"excerpt":{"rendered":"","protected":false},"author":5,"featured_media":0,"comment_status":"open","ping_status":"open","sticky":false,"template":"","format":"standard","meta":{"footnotes":""},"categories":[8],"tags":[],"class_list":["post-4165","post","type-post","status-publish","format-standard","hentry","category-notas-de-prensa"],"yoast_head":"<!-- This site is optimized with the Yoast SEO Premium plugin v23.9 (Yoast SEO v24.6) - https:\/\/yoast.com\/wordpress\/plugins\/seo\/ -->\n<title>7 claves imprescindibles para comenzar tu propio negocio - Sala de Prensa<\/title>\n<meta name=\"description\" content=\"El 63% de los emprendedores se ha lanzado a crear un negocio durante la pandemia. En su mayor\u00eda, son personas que ya hab\u00edan emprendido anteriormente,\" \/>\n<meta name=\"robots\" content=\"index, follow, max-snippet:-1, max-image-preview:large, max-video-preview:-1\" \/>\n<link rel=\"canonical\" href=\"https:\/\/www.iebschool.com\/saladeprensa\/2020\/12\/15\/7-claves-imprescindibles-para-comenzar-tu-propio-negocio\/\" \/>\n<meta property=\"og:locale\" content=\"es_ES\" \/>\n<meta property=\"og:type\" content=\"article\" \/>\n<meta property=\"og:title\" content=\"7 claves imprescindibles para comenzar tu propio negocio\" \/>\n<meta property=\"og:description\" content=\"El 63% de los emprendedores se ha lanzado a crear un negocio durante la pandemia. En su mayor\u00eda, son personas que ya hab\u00edan emprendido anteriormente,\" \/>\n<meta property=\"og:url\" content=\"https:\/\/www.iebschool.com\/saladeprensa\/2020\/12\/15\/7-claves-imprescindibles-para-comenzar-tu-propio-negocio\/\" \/>\n<meta property=\"og:site_name\" content=\"Sala de Prensa\" \/>\n<meta property=\"article:published_time\" content=\"2020-12-15T10:00:51+00:00\" \/>\n<meta name=\"author\" content=\"Helena Rengel\" \/>\n<meta name=\"twitter:card\" content=\"summary_large_image\" \/>\n<meta name=\"twitter:label1\" content=\"Escrito por\" \/>\n\t<meta name=\"twitter:data1\" content=\"Helena Rengel\" \/>\n\t<meta name=\"twitter:label2\" content=\"Tiempo de lectura\" \/>\n\t<meta name=\"twitter:data2\" content=\"3 minutos\" \/>\n<script type=\"application\/ld+json\" class=\"yoast-schema-graph\">{\"@context\":\"https:\/\/schema.org\",\"@graph\":[{\"@type\":\"Article\",\"@id\":\"https:\/\/www.iebschool.com\/saladeprensa\/2020\/12\/15\/7-claves-imprescindibles-para-comenzar-tu-propio-negocio\/#article\",\"isPartOf\":{\"@id\":\"https:\/\/www.iebschool.com\/saladeprensa\/2020\/12\/15\/7-claves-imprescindibles-para-comenzar-tu-propio-negocio\/\"},\"author\":{\"name\":\"Helena Rengel\",\"@id\":\"https:\/\/www.iebschool.com\/saladeprensa\/#\/schema\/person\/4e37795e61afec781e763d9c6044229b\"},\"headline\":\"7 claves imprescindibles para comenzar tu propio negocio\",\"datePublished\":\"2020-12-15T10:00:51+00:00\",\"mainEntityOfPage\":{\"@id\":\"https:\/\/www.iebschool.com\/saladeprensa\/2020\/12\/15\/7-claves-imprescindibles-para-comenzar-tu-propio-negocio\/\"},\"wordCount\":654,\"commentCount\":0,\"publisher\":{\"@id\":\"https:\/\/www.iebschool.com\/saladeprensa\/#organization\"},\"articleSection\":[\"Notas de Prensa\"],\"inLanguage\":\"es\",\"potentialAction\":[{\"@type\":\"CommentAction\",\"name\":\"Comment\",\"target\":[\"https:\/\/www.iebschool.com\/saladeprensa\/2020\/12\/15\/7-claves-imprescindibles-para-comenzar-tu-propio-negocio\/#respond\"]}]},{\"@type\":\"WebPage\",\"@id\":\"https:\/\/www.iebschool.com\/saladeprensa\/2020\/12\/15\/7-claves-imprescindibles-para-comenzar-tu-propio-negocio\/\",\"url\":\"https:\/\/www.iebschool.com\/saladeprensa\/2020\/12\/15\/7-claves-imprescindibles-para-comenzar-tu-propio-negocio\/\",\"name\":\"7 claves imprescindibles para comenzar tu propio negocio - Sala de Prensa\",\"isPartOf\":{\"@id\":\"https:\/\/www.iebschool.com\/saladeprensa\/#website\"},\"datePublished\":\"2020-12-15T10:00:51+00:00\",\"description\":\"El 63% de los emprendedores se ha lanzado a crear un negocio durante la pandemia. En su mayor\u00eda, son personas que ya hab\u00edan emprendido anteriormente,\",\"breadcrumb\":{\"@id\":\"https:\/\/www.iebschool.com\/saladeprensa\/2020\/12\/15\/7-claves-imprescindibles-para-comenzar-tu-propio-negocio\/#breadcrumb\"},\"inLanguage\":\"es\",\"potentialAction\":[{\"@type\":\"ReadAction\",\"target\":[\"https:\/\/www.iebschool.com\/saladeprensa\/2020\/12\/15\/7-claves-imprescindibles-para-comenzar-tu-propio-negocio\/\"]}]},{\"@type\":\"BreadcrumbList\",\"@id\":\"https:\/\/www.iebschool.com\/saladeprensa\/2020\/12\/15\/7-claves-imprescindibles-para-comenzar-tu-propio-negocio\/#breadcrumb\",\"itemListElement\":[{\"@type\":\"ListItem\",\"position\":1,\"name\":\"Portada\",\"item\":\"https:\/\/www.iebschool.com\/saladeprensa\/\"},{\"@type\":\"ListItem\",\"position\":2,\"name\":\"7 claves imprescindibles para comenzar tu propio negocio\"}]},{\"@type\":\"WebSite\",\"@id\":\"https:\/\/www.iebschool.com\/saladeprensa\/#website\",\"url\":\"https:\/\/www.iebschool.com\/saladeprensa\/\",\"name\":\"Sala de Prensa\",\"description\":\"IEBS\",\"publisher\":{\"@id\":\"https:\/\/www.iebschool.com\/saladeprensa\/#organization\"},\"potentialAction\":[{\"@type\":\"SearchAction\",\"target\":{\"@type\":\"EntryPoint\",\"urlTemplate\":\"https:\/\/www.iebschool.com\/saladeprensa\/?s={search_term_string}\"},\"query-input\":{\"@type\":\"PropertyValueSpecification\",\"valueRequired\":true,\"valueName\":\"search_term_string\"}}],\"inLanguage\":\"es\"},{\"@type\":\"Organization\",\"@id\":\"https:\/\/www.iebschool.com\/saladeprensa\/#organization\",\"name\":\"Sala de Prensa\",\"url\":\"https:\/\/www.iebschool.com\/saladeprensa\/\",\"logo\":{\"@type\":\"ImageObject\",\"inLanguage\":\"es\",\"@id\":\"https:\/\/www.iebschool.com\/saladeprensa\/#\/schema\/logo\/image\/\",\"url\":\"https:\/\/www.iebschool.com\/saladeprensa\/wp-content\/uploads\/2026\/02\/IEBS_Logo_BusinessSchool_1_Hor_Violeta-scaled.png\",\"contentUrl\":\"https:\/\/www.iebschool.com\/saladeprensa\/wp-content\/uploads\/2026\/02\/IEBS_Logo_BusinessSchool_1_Hor_Violeta-scaled.png\",\"width\":2560,\"height\":374,\"caption\":\"Sala de Prensa\"},\"image\":{\"@id\":\"https:\/\/www.iebschool.com\/saladeprensa\/#\/schema\/logo\/image\/\"}},{\"@type\":\"Person\",\"@id\":\"https:\/\/www.iebschool.com\/saladeprensa\/#\/schema\/person\/4e37795e61afec781e763d9c6044229b\",\"name\":\"Helena Rengel\",\"image\":{\"@type\":\"ImageObject\",\"inLanguage\":\"es\",\"@id\":\"https:\/\/www.iebschool.com\/saladeprensa\/#\/schema\/person\/image\/\",\"url\":\"https:\/\/secure.gravatar.com\/avatar\/c76a402d49e5378cb8df395b267df14695c634009e89eff37a723561a4c44af7?s=96&d=mm&r=g\",\"contentUrl\":\"https:\/\/secure.gravatar.com\/avatar\/c76a402d49e5378cb8df395b267df14695c634009e89eff37a723561a4c44af7?s=96&d=mm&r=g\",\"caption\":\"Helena Rengel\"},\"url\":\"https:\/\/www.iebschool.com\/saladeprensa\/author\/comunicacioniebschool-com\/\"}]}<\/script>\n<!-- \/ Yoast SEO Premium plugin. -->","yoast_head_json":{"title":"7 claves imprescindibles para comenzar tu propio negocio - Sala de Prensa","description":"El 63% de los emprendedores se ha lanzado a crear un negocio durante la pandemia. En su mayor\u00eda, son personas que ya hab\u00edan emprendido anteriormente,","robots":{"index":"index","follow":"follow","max-snippet":"max-snippet:-1","max-image-preview":"max-image-preview:large","max-video-preview":"max-video-preview:-1"},"canonical":"https:\/\/www.iebschool.com\/saladeprensa\/2020\/12\/15\/7-claves-imprescindibles-para-comenzar-tu-propio-negocio\/","og_locale":"es_ES","og_type":"article","og_title":"7 claves imprescindibles para comenzar tu propio negocio","og_description":"El 63% de los emprendedores se ha lanzado a crear un negocio durante la pandemia. En su mayor\u00eda, son personas que ya hab\u00edan emprendido anteriormente,","og_url":"https:\/\/www.iebschool.com\/saladeprensa\/2020\/12\/15\/7-claves-imprescindibles-para-comenzar-tu-propio-negocio\/","og_site_name":"Sala de Prensa","article_published_time":"2020-12-15T10:00:51+00:00","author":"Helena Rengel","twitter_card":"summary_large_image","twitter_misc":{"Escrito por":"Helena Rengel","Tiempo de lectura":"3 minutos"},"schema":{"@context":"https:\/\/schema.org","@graph":[{"@type":"Article","@id":"https:\/\/www.iebschool.com\/saladeprensa\/2020\/12\/15\/7-claves-imprescindibles-para-comenzar-tu-propio-negocio\/#article","isPartOf":{"@id":"https:\/\/www.iebschool.com\/saladeprensa\/2020\/12\/15\/7-claves-imprescindibles-para-comenzar-tu-propio-negocio\/"},"author":{"name":"Helena Rengel","@id":"https:\/\/www.iebschool.com\/saladeprensa\/#\/schema\/person\/4e37795e61afec781e763d9c6044229b"},"headline":"7 claves imprescindibles para comenzar tu propio negocio","datePublished":"2020-12-15T10:00:51+00:00","mainEntityOfPage":{"@id":"https:\/\/www.iebschool.com\/saladeprensa\/2020\/12\/15\/7-claves-imprescindibles-para-comenzar-tu-propio-negocio\/"},"wordCount":654,"commentCount":0,"publisher":{"@id":"https:\/\/www.iebschool.com\/saladeprensa\/#organization"},"articleSection":["Notas de Prensa"],"inLanguage":"es","potentialAction":[{"@type":"CommentAction","name":"Comment","target":["https:\/\/www.iebschool.com\/saladeprensa\/2020\/12\/15\/7-claves-imprescindibles-para-comenzar-tu-propio-negocio\/#respond"]}]},{"@type":"WebPage","@id":"https:\/\/www.iebschool.com\/saladeprensa\/2020\/12\/15\/7-claves-imprescindibles-para-comenzar-tu-propio-negocio\/","url":"https:\/\/www.iebschool.com\/saladeprensa\/2020\/12\/15\/7-claves-imprescindibles-para-comenzar-tu-propio-negocio\/","name":"7 claves imprescindibles para comenzar tu propio negocio - Sala de Prensa","isPartOf":{"@id":"https:\/\/www.iebschool.com\/saladeprensa\/#website"},"datePublished":"2020-12-15T10:00:51+00:00","description":"El 63% de los emprendedores se ha lanzado a crear un negocio durante la pandemia. En su mayor\u00eda, son personas que ya hab\u00edan emprendido anteriormente,","breadcrumb":{"@id":"https:\/\/www.iebschool.com\/saladeprensa\/2020\/12\/15\/7-claves-imprescindibles-para-comenzar-tu-propio-negocio\/#breadcrumb"},"inLanguage":"es","potentialAction":[{"@type":"ReadAction","target":["https:\/\/www.iebschool.com\/saladeprensa\/2020\/12\/15\/7-claves-imprescindibles-para-comenzar-tu-propio-negocio\/"]}]},{"@type":"BreadcrumbList","@id":"https:\/\/www.iebschool.com\/saladeprensa\/2020\/12\/15\/7-claves-imprescindibles-para-comenzar-tu-propio-negocio\/#breadcrumb","itemListElement":[{"@type":"ListItem","position":1,"name":"Portada","item":"https:\/\/www.iebschool.com\/saladeprensa\/"},{"@type":"ListItem","position":2,"name":"7 claves imprescindibles para comenzar tu propio negocio"}]},{"@type":"WebSite","@id":"https:\/\/www.iebschool.com\/saladeprensa\/#website","url":"https:\/\/www.iebschool.com\/saladeprensa\/","name":"Sala de Prensa","description":"IEBS","publisher":{"@id":"https:\/\/www.iebschool.com\/saladeprensa\/#organization"},"potentialAction":[{"@type":"SearchAction","target":{"@type":"EntryPoint","urlTemplate":"https:\/\/www.iebschool.com\/saladeprensa\/?s={search_term_string}"},"query-input":{"@type":"PropertyValueSpecification","valueRequired":true,"valueName":"search_term_string"}}],"inLanguage":"es"},{"@type":"Organization","@id":"https:\/\/www.iebschool.com\/saladeprensa\/#organization","name":"Sala de Prensa","url":"https:\/\/www.iebschool.com\/saladeprensa\/","logo":{"@type":"ImageObject","inLanguage":"es","@id":"https:\/\/www.iebschool.com\/saladeprensa\/#\/schema\/logo\/image\/","url":"https:\/\/www.iebschool.com\/saladeprensa\/wp-content\/uploads\/2026\/02\/IEBS_Logo_BusinessSchool_1_Hor_Violeta-scaled.png","contentUrl":"https:\/\/www.iebschool.com\/saladeprensa\/wp-content\/uploads\/2026\/02\/IEBS_Logo_BusinessSchool_1_Hor_Violeta-scaled.png","width":2560,"height":374,"caption":"Sala de Prensa"},"image":{"@id":"https:\/\/www.iebschool.com\/saladeprensa\/#\/schema\/logo\/image\/"}},{"@type":"Person","@id":"https:\/\/www.iebschool.com\/saladeprensa\/#\/schema\/person\/4e37795e61afec781e763d9c6044229b","name":"Helena Rengel","image":{"@type":"ImageObject","inLanguage":"es","@id":"https:\/\/www.iebschool.com\/saladeprensa\/#\/schema\/person\/image\/","url":"https:\/\/secure.gravatar.com\/avatar\/c76a402d49e5378cb8df395b267df14695c634009e89eff37a723561a4c44af7?s=96&d=mm&r=g","contentUrl":"https:\/\/secure.gravatar.com\/avatar\/c76a402d49e5378cb8df395b267df14695c634009e89eff37a723561a4c44af7?s=96&d=mm&r=g","caption":"Helena Rengel"},"url":"https:\/\/www.iebschool.com\/saladeprensa\/author\/comunicacioniebschool-com\/"}]}},"image_thumbnail":"https:\/\/www.iebschool.com\/saladeprensa\/wp-includes\/images\/media\/default.svg","image_full":"https:\/\/www.iebschool.com\/saladeprensa\/wp-includes\/images\/media\/default.svg","categoria":{"nombre":"Notas de Prensa","slug":"category\/notas-de-prensa"},"_links":{"self":[{"href":"https:\/\/www.iebschool.com\/saladeprensa\/wp-json\/wp\/v2\/posts\/4165","targetHints":{"allow":["GET"]}}],"collection":[{"href":"https:\/\/www.iebschool.com\/saladeprensa\/wp-json\/wp\/v2\/posts"}],"about":[{"href":"https:\/\/www.iebschool.com\/saladeprensa\/wp-json\/wp\/v2\/types\/post"}],"author":[{"embeddable":true,"href":"https:\/\/www.iebschool.com\/saladeprensa\/wp-json\/wp\/v2\/users\/5"}],"replies":[{"embeddable":true,"href":"https:\/\/www.iebschool.com\/saladeprensa\/wp-json\/wp\/v2\/comments?post=4165"}],"version-history":[{"count":0,"href":"https:\/\/www.iebschool.com\/saladeprensa\/wp-json\/wp\/v2\/posts\/4165\/revisions"}],"wp:attachment":[{"href":"https:\/\/www.iebschool.com\/saladeprensa\/wp-json\/wp\/v2\/media?parent=4165"}],"wp:term":[{"taxonomy":"category","embeddable":true,"href":"https:\/\/www.iebschool.com\/saladeprensa\/wp-json\/wp\/v2\/categories?post=4165"},{"taxonomy":"post_tag","embeddable":true,"href":"https:\/\/www.iebschool.com\/saladeprensa\/wp-json\/wp\/v2\/tags?post=4165"}],"curies":[{"name":"wp","href":"https:\/\/api.w.org\/{rel}","templated":true}]}}