{"id":4475,"date":"2021-12-09T10:59:19","date_gmt":"2021-12-09T08:59:19","guid":{"rendered":"https:\/\/comunidad.iebschool.com\/saladeprensa\/?p=4475"},"modified":"2021-12-09T10:59:19","modified_gmt":"2021-12-09T08:59:19","slug":"iebs-reunira-a-grandes-expertos-de-las-redes-sociales-en-el-evento-the-future-of-social-media","status":"publish","type":"post","link":"https:\/\/www.iebschool.com\/saladeprensa\/2021\/12\/09\/iebs-reunira-a-grandes-expertos-de-las-redes-sociales-en-el-evento-the-future-of-social-media\/","title":{"rendered":"IEBS reunir\u00e1 a grandes expertos de las redes sociales en el evento The Future of Social Media"},"content":{"rendered":"<ul>\n\t<li style=\"font-weight: 400;\"><i><span style=\"font-weight: 400;\">Se celebrar\u00e1 el 16 de diciembre v\u00eda streaming y el acceso ser\u00e1 libre y gratuito<\/span><\/i><\/li>\n\t<li style=\"font-weight: 400;\"><em><span style=\"font-weight: 400;\">La cita contar\u00e1 con ponentes del nivel de Bel\u00e9n Pueyo, Digital Manager de Operaci\u00f3n Triunfo, Jorge Ballester, Global Digital &amp; Social Media Marketing Manager en Loewe Perfumes y Carlos Fern\u00e1ndez, Director Digital &amp; Social Media en Iberdrola, entre otros<\/span><\/em><\/li>\n<\/ul>\n<a href=\"https:\/\/www.iebschool.com\/\"><b>IEBS Business School<\/b><\/a><span style=\"font-weight: 400;\">, la escuela de negocios digital l\u00edder en formaci\u00f3n online, presenta <\/span><a href=\"https:\/\/www.thefutureofsocialmedia.es\/\"><b>The Future of Social Media<\/b><\/a><span style=\"font-weight: 400;\">, un evento global y online que reunir\u00e1 a expertos de referencia del mundo de las redes sociales. Durante la jornada, contar\u00e1n sus experiencias en cuanto a anal\u00edtica, contenidos, campa\u00f1as y plataformas, as\u00ed como distintas t\u00e9cnicas aplicables en el d\u00eda a d\u00eda de un Community Manager.<\/span>\n\n<span style=\"font-weight: 400;\">En un contexto social en plena transformaci\u00f3n ha nacido en las empresas la necesidad de conseguir una comunicaci\u00f3n m\u00e1s efectiva con su p\u00fablico. Por eso, las estrategias de redes sociales de las marcas siguen evolucionando constantemente profesionalizando el perfil del Community Manager.\u00a0<\/span>\n\n<span style=\"font-weight: 400;\">Con m\u00e1s del 53% de la poblaci\u00f3n mundial en las redes sociales, las marcas han encontrado en estas plataformas un aliado estrat\u00e9gico para llegar a un p\u00fablico mayor y de forma m\u00e1s directa. De hecho, seg\u00fan un estudio de HubSpot, las redes sociales son el canal n\u00famero uno usado en marketing, con m\u00e1s de un 80%. Adem\u00e1s, los n\u00fameros no dejan de aumentar ya que, seg\u00fan datos de We Are Social, el 45% de los usuarios de internet en el mundo recurren a las redes sociales cuando buscan productos o servicios y la cifra es mayor con la generaci\u00f3n Z.<\/span>\n\n<span style=\"font-weight: 400;\">Esta necesidad de estratificar las redes sociales corporativas ha disparado el n\u00famero de vacantes relacionadas con el \u00e1mbito y ha convertido la figura del Community Manager como una de las m\u00e1s demandadas. Por este motivo nace <\/span><a href=\"https:\/\/www.thefutureofsocialmedia.es\/\"><b>The Future of Social Media<\/b><\/a><span style=\"font-weight: 400;\">, una jornada dirigida tanto a profesionales como a aspirantes o personas que se est\u00e1n introduciendo en el mundo de las redes sociales y quieran conocer c\u00f3mo sacar partido y generar beneficios a partir de estas plataformas de la mano de grandes profesionales.<\/span>\n\n<span style=\"font-weight: 400;\">En el evento se tratar\u00e1n temas tan relevantes en la actualidad como el nuevo enfoque disruptivo en la comunicaci\u00f3n de marca de con TikTok y Twitch, c\u00f3mo generar conversaci\u00f3n en las redes sociales con t\u00e9cnicas de Narrativa Transmedia, el presente y futuro en el uso de las redes sociales para las marcas, la evoluci\u00f3n de las estrategias de marca con influencers o la innovaci\u00f3n en contenidos para consumir en redes sociales, entre otros.<\/span>\n\n<span style=\"font-weight: 400;\">Por otro lado, el programa de ponencias est\u00e1 compuesto por expertos del nivel de <\/span><b>Bel\u00e9n Pueyo<\/b><span style=\"font-weight: 400;\">, Digital Manager de Operaci\u00f3n Triunfo, <\/span><b>Jorge Ballester<\/b><span style=\"font-weight: 400;\">, Global Digital &amp; Social Media Marketing Manager en Loewe Perfumes, <\/span><b>Eveline Hollands<\/b><span style=\"font-weight: 400;\">, Founder &amp; Ceo en Luxdots, <\/span><b>Carlos Fernandez<\/b><span style=\"font-weight: 400;\">, Director Digital &amp; Social Media en Iberdrola y <\/span><b>Mauricio Cabrera<\/b><span style=\"font-weight: 400;\">, Founder y CEO de Story Baker, entre otros.<\/span>\n\n<span style=\"font-weight: 400;\">La jornada se llevar\u00e1 a cabo el pr\u00f3ximo 16 de diciembre v\u00eda streaming desde las 18h y finalizando a las 20:10h. Es posible registrarse de forma completamente gratuita desde: <\/span><a href=\"https:\/\/www.thefutureofsocialmedia.es\/\"><span style=\"font-weight: 400;\">https:\/\/www.thefutureofsocialmedia.es\/<\/span><\/a>\n\n<span style=\"font-weight: 400;\">Por \u00faltimo, el perfil del Community Manager exige una formaci\u00f3n en competencias digitales y destrezas t\u00e9cnicas que le permitan saber dise\u00f1ar, ejecutar y medir planes de social media desde una visi\u00f3n integral de la organizaci\u00f3n y as\u00ed poder desempe\u00f1ar con \u00e9xito una de las profesiones que m\u00e1s se ha desarrollado en los \u00faltimos a\u00f1os. Por eso, para aquellos que quieran profesionalizarse en el \u00e1mbito, IEBS Business School ofrece el <\/span><a href=\"https:\/\/www.iebschool.com\/programas\/master-community-management-empresa-2-0-redes-sociales\/\"><span style=\"font-weight: 400;\">Master en Community Management<\/span><\/a><span style=\"font-weight: 400;\">.<\/span>\n\n<img class=\"aligncenter size-full wp-image-4478\" src=\"https:\/\/www.iebschool.com\/saladeprensa\/wp-content\/uploads\/2021\/12\/FUTUREOFSOCIAL21.png\" alt=\"#FUTUREOFSOCIAL21\" width=\"1200\" height=\"900\" \/>","protected":false},"excerpt":{"rendered":"","protected":false},"author":6,"featured_media":4478,"comment_status":"open","ping_status":"open","sticky":false,"template":"","format":"standard","meta":{"footnotes":""},"categories":[2],"tags":[],"class_list":["post-4475","post","type-post","status-publish","format-standard","has-post-thumbnail","hentry","category-somosiebs"],"yoast_head":"<!-- This site is optimized with the Yoast SEO Premium plugin v23.9 (Yoast SEO v24.6) - https:\/\/yoast.com\/wordpress\/plugins\/seo\/ -->\n<title>IEBS reunir\u00e1 a grandes expertos de las redes sociales en el evento The Future of Social Media - Sala de Prensa<\/title>\n<meta name=\"description\" content=\"Se celebrar\u00e1 el 16 de diciembre v\u00eda streaming y el acceso ser\u00e1 libre y gratuito La cita contar\u00e1 con ponentes del nivel de Bel\u00e9n Pueyo, Digital Manager de\" \/>\n<meta name=\"robots\" content=\"index, follow, max-snippet:-1, max-image-preview:large, max-video-preview:-1\" \/>\n<link rel=\"canonical\" href=\"https:\/\/www.iebschool.com\/saladeprensa\/2021\/12\/09\/iebs-reunira-a-grandes-expertos-de-las-redes-sociales-en-el-evento-the-future-of-social-media\/\" \/>\n<meta property=\"og:locale\" content=\"es_ES\" \/>\n<meta property=\"og:type\" content=\"article\" \/>\n<meta property=\"og:title\" content=\"IEBS reunir\u00e1 a grandes expertos de las redes sociales en el evento The Future of Social Media\" \/>\n<meta property=\"og:description\" content=\"Se celebrar\u00e1 el 16 de diciembre v\u00eda streaming y el acceso ser\u00e1 libre y gratuito La cita contar\u00e1 con ponentes del nivel de Bel\u00e9n Pueyo, Digital Manager de\" \/>\n<meta property=\"og:url\" content=\"https:\/\/www.iebschool.com\/saladeprensa\/2021\/12\/09\/iebs-reunira-a-grandes-expertos-de-las-redes-sociales-en-el-evento-the-future-of-social-media\/\" \/>\n<meta property=\"og:site_name\" content=\"Sala de Prensa\" \/>\n<meta property=\"article:published_time\" content=\"2021-12-09T08:59:19+00:00\" \/>\n<meta property=\"og:image\" content=\"https:\/\/www.iebschool.com\/saladeprensa\/wp-content\/uploads\/2021\/12\/FUTUREOFSOCIAL21.png\" \/>\n\t<meta property=\"og:image:width\" content=\"1200\" \/>\n\t<meta property=\"og:image:height\" content=\"900\" \/>\n\t<meta property=\"og:image:type\" content=\"image\/png\" \/>\n<meta name=\"author\" content=\"Elena Bello Garc\u00eda-Herrero\" \/>\n<meta name=\"twitter:card\" content=\"summary_large_image\" \/>\n<meta name=\"twitter:label1\" content=\"Escrito por\" \/>\n\t<meta name=\"twitter:data1\" content=\"Elena Bello Garc\u00eda-Herrero\" \/>\n\t<meta name=\"twitter:label2\" content=\"Tiempo de lectura\" \/>\n\t<meta name=\"twitter:data2\" content=\"3 minutos\" \/>\n<script type=\"application\/ld+json\" class=\"yoast-schema-graph\">{\"@context\":\"https:\/\/schema.org\",\"@graph\":[{\"@type\":\"Article\",\"@id\":\"https:\/\/www.iebschool.com\/saladeprensa\/2021\/12\/09\/iebs-reunira-a-grandes-expertos-de-las-redes-sociales-en-el-evento-the-future-of-social-media\/#article\",\"isPartOf\":{\"@id\":\"https:\/\/www.iebschool.com\/saladeprensa\/2021\/12\/09\/iebs-reunira-a-grandes-expertos-de-las-redes-sociales-en-el-evento-the-future-of-social-media\/\"},\"author\":{\"name\":\"Elena Bello Garc\u00eda-Herrero\",\"@id\":\"https:\/\/www.iebschool.com\/saladeprensa\/#\/schema\/person\/4a3de2c8103f95bc5fcb0bbf7cb2aaad\"},\"headline\":\"IEBS reunir\u00e1 a grandes expertos de las redes sociales en el evento The Future of Social Media\",\"datePublished\":\"2021-12-09T08:59:19+00:00\",\"mainEntityOfPage\":{\"@id\":\"https:\/\/www.iebschool.com\/saladeprensa\/2021\/12\/09\/iebs-reunira-a-grandes-expertos-de-las-redes-sociales-en-el-evento-the-future-of-social-media\/\"},\"wordCount\":644,\"commentCount\":0,\"publisher\":{\"@id\":\"https:\/\/www.iebschool.com\/saladeprensa\/#organization\"},\"image\":{\"@id\":\"https:\/\/www.iebschool.com\/saladeprensa\/2021\/12\/09\/iebs-reunira-a-grandes-expertos-de-las-redes-sociales-en-el-evento-the-future-of-social-media\/#primaryimage\"},\"thumbnailUrl\":\"https:\/\/www.iebschool.com\/saladeprensa\/wp-content\/uploads\/2021\/12\/FUTUREOFSOCIAL21.png\",\"articleSection\":[\"#SomosIEBS\"],\"inLanguage\":\"es\",\"potentialAction\":[{\"@type\":\"CommentAction\",\"name\":\"Comment\",\"target\":[\"https:\/\/www.iebschool.com\/saladeprensa\/2021\/12\/09\/iebs-reunira-a-grandes-expertos-de-las-redes-sociales-en-el-evento-the-future-of-social-media\/#respond\"]}]},{\"@type\":\"WebPage\",\"@id\":\"https:\/\/www.iebschool.com\/saladeprensa\/2021\/12\/09\/iebs-reunira-a-grandes-expertos-de-las-redes-sociales-en-el-evento-the-future-of-social-media\/\",\"url\":\"https:\/\/www.iebschool.com\/saladeprensa\/2021\/12\/09\/iebs-reunira-a-grandes-expertos-de-las-redes-sociales-en-el-evento-the-future-of-social-media\/\",\"name\":\"IEBS reunir\u00e1 a grandes expertos de las redes sociales en el evento The Future of Social Media - Sala de Prensa\",\"isPartOf\":{\"@id\":\"https:\/\/www.iebschool.com\/saladeprensa\/#website\"},\"primaryImageOfPage\":{\"@id\":\"https:\/\/www.iebschool.com\/saladeprensa\/2021\/12\/09\/iebs-reunira-a-grandes-expertos-de-las-redes-sociales-en-el-evento-the-future-of-social-media\/#primaryimage\"},\"image\":{\"@id\":\"https:\/\/www.iebschool.com\/saladeprensa\/2021\/12\/09\/iebs-reunira-a-grandes-expertos-de-las-redes-sociales-en-el-evento-the-future-of-social-media\/#primaryimage\"},\"thumbnailUrl\":\"https:\/\/www.iebschool.com\/saladeprensa\/wp-content\/uploads\/2021\/12\/FUTUREOFSOCIAL21.png\",\"datePublished\":\"2021-12-09T08:59:19+00:00\",\"description\":\"Se celebrar\u00e1 el 16 de diciembre v\u00eda streaming y el acceso ser\u00e1 libre y gratuito La cita contar\u00e1 con ponentes del nivel de Bel\u00e9n Pueyo, Digital Manager de\",\"breadcrumb\":{\"@id\":\"https:\/\/www.iebschool.com\/saladeprensa\/2021\/12\/09\/iebs-reunira-a-grandes-expertos-de-las-redes-sociales-en-el-evento-the-future-of-social-media\/#breadcrumb\"},\"inLanguage\":\"es\",\"potentialAction\":[{\"@type\":\"ReadAction\",\"target\":[\"https:\/\/www.iebschool.com\/saladeprensa\/2021\/12\/09\/iebs-reunira-a-grandes-expertos-de-las-redes-sociales-en-el-evento-the-future-of-social-media\/\"]}]},{\"@type\":\"ImageObject\",\"inLanguage\":\"es\",\"@id\":\"https:\/\/www.iebschool.com\/saladeprensa\/2021\/12\/09\/iebs-reunira-a-grandes-expertos-de-las-redes-sociales-en-el-evento-the-future-of-social-media\/#primaryimage\",\"url\":\"https:\/\/www.iebschool.com\/saladeprensa\/wp-content\/uploads\/2021\/12\/FUTUREOFSOCIAL21.png\",\"contentUrl\":\"https:\/\/www.iebschool.com\/saladeprensa\/wp-content\/uploads\/2021\/12\/FUTUREOFSOCIAL21.png\",\"width\":1200,\"height\":900},{\"@type\":\"BreadcrumbList\",\"@id\":\"https:\/\/www.iebschool.com\/saladeprensa\/2021\/12\/09\/iebs-reunira-a-grandes-expertos-de-las-redes-sociales-en-el-evento-the-future-of-social-media\/#breadcrumb\",\"itemListElement\":[{\"@type\":\"ListItem\",\"position\":1,\"name\":\"Portada\",\"item\":\"https:\/\/www.iebschool.com\/saladeprensa\/\"},{\"@type\":\"ListItem\",\"position\":2,\"name\":\"IEBS reunir\u00e1 a grandes expertos de las redes sociales en el evento The Future of Social Media\"}]},{\"@type\":\"WebSite\",\"@id\":\"https:\/\/www.iebschool.com\/saladeprensa\/#website\",\"url\":\"https:\/\/www.iebschool.com\/saladeprensa\/\",\"name\":\"Sala de Prensa\",\"description\":\"IEBS\",\"publisher\":{\"@id\":\"https:\/\/www.iebschool.com\/saladeprensa\/#organization\"},\"potentialAction\":[{\"@type\":\"SearchAction\",\"target\":{\"@type\":\"EntryPoint\",\"urlTemplate\":\"https:\/\/www.iebschool.com\/saladeprensa\/?s={search_term_string}\"},\"query-input\":{\"@type\":\"PropertyValueSpecification\",\"valueRequired\":true,\"valueName\":\"search_term_string\"}}],\"inLanguage\":\"es\"},{\"@type\":\"Organization\",\"@id\":\"https:\/\/www.iebschool.com\/saladeprensa\/#organization\",\"name\":\"Sala de Prensa\",\"url\":\"https:\/\/www.iebschool.com\/saladeprensa\/\",\"logo\":{\"@type\":\"ImageObject\",\"inLanguage\":\"es\",\"@id\":\"https:\/\/www.iebschool.com\/saladeprensa\/#\/schema\/logo\/image\/\",\"url\":\"https:\/\/www.iebschool.com\/saladeprensa\/wp-content\/uploads\/2026\/02\/IEBS_Logo_BusinessSchool_1_Hor_Violeta-scaled.png\",\"contentUrl\":\"https:\/\/www.iebschool.com\/saladeprensa\/wp-content\/uploads\/2026\/02\/IEBS_Logo_BusinessSchool_1_Hor_Violeta-scaled.png\",\"width\":2560,\"height\":374,\"caption\":\"Sala de Prensa\"},\"image\":{\"@id\":\"https:\/\/www.iebschool.com\/saladeprensa\/#\/schema\/logo\/image\/\"}},{\"@type\":\"Person\",\"@id\":\"https:\/\/www.iebschool.com\/saladeprensa\/#\/schema\/person\/4a3de2c8103f95bc5fcb0bbf7cb2aaad\",\"name\":\"Elena Bello Garc\u00eda-Herrero\",\"image\":{\"@type\":\"ImageObject\",\"inLanguage\":\"es\",\"@id\":\"https:\/\/www.iebschool.com\/saladeprensa\/#\/schema\/person\/image\/\",\"url\":\"https:\/\/secure.gravatar.com\/avatar\/8e066e7cf81bb35760e42a91c6ff520d5d16171bd3f7dba412223f0a53c98006?s=96&d=mm&r=g\",\"contentUrl\":\"https:\/\/secure.gravatar.com\/avatar\/8e066e7cf81bb35760e42a91c6ff520d5d16171bd3f7dba412223f0a53c98006?s=96&d=mm&r=g\",\"caption\":\"Elena Bello Garc\u00eda-Herrero\"},\"url\":\"https:\/\/www.iebschool.com\/saladeprensa\/author\/ebelloiebschool-com\/\"}]}<\/script>\n<!-- \/ Yoast SEO Premium plugin. -->","yoast_head_json":{"title":"IEBS reunir\u00e1 a grandes expertos de las redes sociales en el evento The Future of Social Media - Sala de Prensa","description":"Se celebrar\u00e1 el 16 de diciembre v\u00eda streaming y el acceso ser\u00e1 libre y gratuito La cita contar\u00e1 con ponentes del nivel de Bel\u00e9n Pueyo, Digital Manager de","robots":{"index":"index","follow":"follow","max-snippet":"max-snippet:-1","max-image-preview":"max-image-preview:large","max-video-preview":"max-video-preview:-1"},"canonical":"https:\/\/www.iebschool.com\/saladeprensa\/2021\/12\/09\/iebs-reunira-a-grandes-expertos-de-las-redes-sociales-en-el-evento-the-future-of-social-media\/","og_locale":"es_ES","og_type":"article","og_title":"IEBS reunir\u00e1 a grandes expertos de las redes sociales en el evento The Future of Social Media","og_description":"Se celebrar\u00e1 el 16 de diciembre v\u00eda streaming y el acceso ser\u00e1 libre y gratuito La cita contar\u00e1 con ponentes del nivel de Bel\u00e9n Pueyo, Digital Manager de","og_url":"https:\/\/www.iebschool.com\/saladeprensa\/2021\/12\/09\/iebs-reunira-a-grandes-expertos-de-las-redes-sociales-en-el-evento-the-future-of-social-media\/","og_site_name":"Sala de Prensa","article_published_time":"2021-12-09T08:59:19+00:00","og_image":[{"width":1200,"height":900,"url":"https:\/\/www.iebschool.com\/saladeprensa\/wp-content\/uploads\/2021\/12\/FUTUREOFSOCIAL21.png","type":"image\/png"}],"author":"Elena Bello Garc\u00eda-Herrero","twitter_card":"summary_large_image","twitter_misc":{"Escrito por":"Elena Bello Garc\u00eda-Herrero","Tiempo de lectura":"3 minutos"},"schema":{"@context":"https:\/\/schema.org","@graph":[{"@type":"Article","@id":"https:\/\/www.iebschool.com\/saladeprensa\/2021\/12\/09\/iebs-reunira-a-grandes-expertos-de-las-redes-sociales-en-el-evento-the-future-of-social-media\/#article","isPartOf":{"@id":"https:\/\/www.iebschool.com\/saladeprensa\/2021\/12\/09\/iebs-reunira-a-grandes-expertos-de-las-redes-sociales-en-el-evento-the-future-of-social-media\/"},"author":{"name":"Elena Bello Garc\u00eda-Herrero","@id":"https:\/\/www.iebschool.com\/saladeprensa\/#\/schema\/person\/4a3de2c8103f95bc5fcb0bbf7cb2aaad"},"headline":"IEBS reunir\u00e1 a grandes expertos de las redes sociales en el evento The Future of Social Media","datePublished":"2021-12-09T08:59:19+00:00","mainEntityOfPage":{"@id":"https:\/\/www.iebschool.com\/saladeprensa\/2021\/12\/09\/iebs-reunira-a-grandes-expertos-de-las-redes-sociales-en-el-evento-the-future-of-social-media\/"},"wordCount":644,"commentCount":0,"publisher":{"@id":"https:\/\/www.iebschool.com\/saladeprensa\/#organization"},"image":{"@id":"https:\/\/www.iebschool.com\/saladeprensa\/2021\/12\/09\/iebs-reunira-a-grandes-expertos-de-las-redes-sociales-en-el-evento-the-future-of-social-media\/#primaryimage"},"thumbnailUrl":"https:\/\/www.iebschool.com\/saladeprensa\/wp-content\/uploads\/2021\/12\/FUTUREOFSOCIAL21.png","articleSection":["#SomosIEBS"],"inLanguage":"es","potentialAction":[{"@type":"CommentAction","name":"Comment","target":["https:\/\/www.iebschool.com\/saladeprensa\/2021\/12\/09\/iebs-reunira-a-grandes-expertos-de-las-redes-sociales-en-el-evento-the-future-of-social-media\/#respond"]}]},{"@type":"WebPage","@id":"https:\/\/www.iebschool.com\/saladeprensa\/2021\/12\/09\/iebs-reunira-a-grandes-expertos-de-las-redes-sociales-en-el-evento-the-future-of-social-media\/","url":"https:\/\/www.iebschool.com\/saladeprensa\/2021\/12\/09\/iebs-reunira-a-grandes-expertos-de-las-redes-sociales-en-el-evento-the-future-of-social-media\/","name":"IEBS reunir\u00e1 a grandes expertos de las redes sociales en el evento The Future of Social Media - Sala de Prensa","isPartOf":{"@id":"https:\/\/www.iebschool.com\/saladeprensa\/#website"},"primaryImageOfPage":{"@id":"https:\/\/www.iebschool.com\/saladeprensa\/2021\/12\/09\/iebs-reunira-a-grandes-expertos-de-las-redes-sociales-en-el-evento-the-future-of-social-media\/#primaryimage"},"image":{"@id":"https:\/\/www.iebschool.com\/saladeprensa\/2021\/12\/09\/iebs-reunira-a-grandes-expertos-de-las-redes-sociales-en-el-evento-the-future-of-social-media\/#primaryimage"},"thumbnailUrl":"https:\/\/www.iebschool.com\/saladeprensa\/wp-content\/uploads\/2021\/12\/FUTUREOFSOCIAL21.png","datePublished":"2021-12-09T08:59:19+00:00","description":"Se celebrar\u00e1 el 16 de diciembre v\u00eda streaming y el acceso ser\u00e1 libre y gratuito La cita contar\u00e1 con ponentes del nivel de Bel\u00e9n Pueyo, Digital Manager de","breadcrumb":{"@id":"https:\/\/www.iebschool.com\/saladeprensa\/2021\/12\/09\/iebs-reunira-a-grandes-expertos-de-las-redes-sociales-en-el-evento-the-future-of-social-media\/#breadcrumb"},"inLanguage":"es","potentialAction":[{"@type":"ReadAction","target":["https:\/\/www.iebschool.com\/saladeprensa\/2021\/12\/09\/iebs-reunira-a-grandes-expertos-de-las-redes-sociales-en-el-evento-the-future-of-social-media\/"]}]},{"@type":"ImageObject","inLanguage":"es","@id":"https:\/\/www.iebschool.com\/saladeprensa\/2021\/12\/09\/iebs-reunira-a-grandes-expertos-de-las-redes-sociales-en-el-evento-the-future-of-social-media\/#primaryimage","url":"https:\/\/www.iebschool.com\/saladeprensa\/wp-content\/uploads\/2021\/12\/FUTUREOFSOCIAL21.png","contentUrl":"https:\/\/www.iebschool.com\/saladeprensa\/wp-content\/uploads\/2021\/12\/FUTUREOFSOCIAL21.png","width":1200,"height":900},{"@type":"BreadcrumbList","@id":"https:\/\/www.iebschool.com\/saladeprensa\/2021\/12\/09\/iebs-reunira-a-grandes-expertos-de-las-redes-sociales-en-el-evento-the-future-of-social-media\/#breadcrumb","itemListElement":[{"@type":"ListItem","position":1,"name":"Portada","item":"https:\/\/www.iebschool.com\/saladeprensa\/"},{"@type":"ListItem","position":2,"name":"IEBS reunir\u00e1 a grandes expertos de las redes sociales en el evento The Future of Social Media"}]},{"@type":"WebSite","@id":"https:\/\/www.iebschool.com\/saladeprensa\/#website","url":"https:\/\/www.iebschool.com\/saladeprensa\/","name":"Sala de Prensa","description":"IEBS","publisher":{"@id":"https:\/\/www.iebschool.com\/saladeprensa\/#organization"},"potentialAction":[{"@type":"SearchAction","target":{"@type":"EntryPoint","urlTemplate":"https:\/\/www.iebschool.com\/saladeprensa\/?s={search_term_string}"},"query-input":{"@type":"PropertyValueSpecification","valueRequired":true,"valueName":"search_term_string"}}],"inLanguage":"es"},{"@type":"Organization","@id":"https:\/\/www.iebschool.com\/saladeprensa\/#organization","name":"Sala de Prensa","url":"https:\/\/www.iebschool.com\/saladeprensa\/","logo":{"@type":"ImageObject","inLanguage":"es","@id":"https:\/\/www.iebschool.com\/saladeprensa\/#\/schema\/logo\/image\/","url":"https:\/\/www.iebschool.com\/saladeprensa\/wp-content\/uploads\/2026\/02\/IEBS_Logo_BusinessSchool_1_Hor_Violeta-scaled.png","contentUrl":"https:\/\/www.iebschool.com\/saladeprensa\/wp-content\/uploads\/2026\/02\/IEBS_Logo_BusinessSchool_1_Hor_Violeta-scaled.png","width":2560,"height":374,"caption":"Sala de Prensa"},"image":{"@id":"https:\/\/www.iebschool.com\/saladeprensa\/#\/schema\/logo\/image\/"}},{"@type":"Person","@id":"https:\/\/www.iebschool.com\/saladeprensa\/#\/schema\/person\/4a3de2c8103f95bc5fcb0bbf7cb2aaad","name":"Elena Bello Garc\u00eda-Herrero","image":{"@type":"ImageObject","inLanguage":"es","@id":"https:\/\/www.iebschool.com\/saladeprensa\/#\/schema\/person\/image\/","url":"https:\/\/secure.gravatar.com\/avatar\/8e066e7cf81bb35760e42a91c6ff520d5d16171bd3f7dba412223f0a53c98006?s=96&d=mm&r=g","contentUrl":"https:\/\/secure.gravatar.com\/avatar\/8e066e7cf81bb35760e42a91c6ff520d5d16171bd3f7dba412223f0a53c98006?s=96&d=mm&r=g","caption":"Elena Bello Garc\u00eda-Herrero"},"url":"https:\/\/www.iebschool.com\/saladeprensa\/author\/ebelloiebschool-com\/"}]}},"image_thumbnail":"https:\/\/www.iebschool.com\/saladeprensa\/wp-content\/uploads\/2021\/12\/FUTUREOFSOCIAL21-300x225.png","image_full":"https:\/\/www.iebschool.com\/saladeprensa\/wp-content\/uploads\/2021\/12\/FUTUREOFSOCIAL21.png","categoria":{"nombre":"#SomosIEBS","slug":"category\/somosiebs"},"_links":{"self":[{"href":"https:\/\/www.iebschool.com\/saladeprensa\/wp-json\/wp\/v2\/posts\/4475","targetHints":{"allow":["GET"]}}],"collection":[{"href":"https:\/\/www.iebschool.com\/saladeprensa\/wp-json\/wp\/v2\/posts"}],"about":[{"href":"https:\/\/www.iebschool.com\/saladeprensa\/wp-json\/wp\/v2\/types\/post"}],"author":[{"embeddable":true,"href":"https:\/\/www.iebschool.com\/saladeprensa\/wp-json\/wp\/v2\/users\/6"}],"replies":[{"embeddable":true,"href":"https:\/\/www.iebschool.com\/saladeprensa\/wp-json\/wp\/v2\/comments?post=4475"}],"version-history":[{"count":0,"href":"https:\/\/www.iebschool.com\/saladeprensa\/wp-json\/wp\/v2\/posts\/4475\/revisions"}],"wp:featuredmedia":[{"embeddable":true,"href":"https:\/\/www.iebschool.com\/saladeprensa\/wp-json\/wp\/v2\/media\/4478"}],"wp:attachment":[{"href":"https:\/\/www.iebschool.com\/saladeprensa\/wp-json\/wp\/v2\/media?parent=4475"}],"wp:term":[{"taxonomy":"category","embeddable":true,"href":"https:\/\/www.iebschool.com\/saladeprensa\/wp-json\/wp\/v2\/categories?post=4475"},{"taxonomy":"post_tag","embeddable":true,"href":"https:\/\/www.iebschool.com\/saladeprensa\/wp-json\/wp\/v2\/tags?post=4475"}],"curies":[{"name":"wp","href":"https:\/\/api.w.org\/{rel}","templated":true}]}}