{"id":4593,"date":"2022-01-24T10:07:54","date_gmt":"2022-01-24T10:07:54","guid":{"rendered":"https:\/\/www.iebschool.com\/saladeprensa\/?p=4593"},"modified":"2022-01-24T10:07:54","modified_gmt":"2022-01-24T10:07:54","slug":"diez-tendencias-educativas-para-2022","status":"publish","type":"post","link":"https:\/\/www.iebschool.com\/saladeprensa\/2022\/01\/24\/diez-tendencias-educativas-para-2022\/","title":{"rendered":"Diez tendencias educativas para 2022"},"content":{"rendered":"<!-- wp:paragraph -->\n<p>Cada 24 de enero se celebra el D\u00eda Internacional de la Educaci\u00f3n, una fecha proclamada por la ONU y que este a\u00f1o llevar\u00e1 el lema \u201cCambiar el rumbo, transformar la educaci\u00f3n\u201d, con el objetivo de reflexionar sobre los cambios que hay que hacer para que la educaci\u00f3n sea universal y de calidad. En este sentido y para conmemorar un d\u00eda tan relevante a la hora de concienciar a la poblaci\u00f3n de la importancia de la educaci\u00f3n, <a href=\"https:\/\/www.iebschool.com\/\"><strong>IEBS Business School<\/strong><\/a>, la escuela digital l\u00edder en formaci\u00f3n online, se\u00f1ala diez tendencias en educaci\u00f3n y elearning para 2022:<\/p>\n<!-- \/wp:paragraph -->\n\n<!-- wp:list -->\n<ul><li><strong>Entornos virtuales: <\/strong>Muchos expertos aseguran que la formaci\u00f3n en l\u00ednea ha llegado para quedarse. Las ventajas de este formato han dejado en evidencia a la educaci\u00f3n convencional y han demostrado que todos los procesos que hasta ahora se hab\u00edan restringido al espacio f\u00edsico pueden ser trasladados online. Adem\u00e1s, las cifras muestran que los estudiantes han empezado a mostrar mayor inter\u00e9s por estudiar a distancia desde el estado de alarma, quedando patente la consolidaci\u00f3n del elearning en el mercado.<\/li><\/ul>\n<!-- \/wp:list -->\n\n<!-- wp:list -->\n<ul><li><strong>Educaci\u00f3n STEAM:<\/strong> La formaci\u00f3n actual debe estar adaptada a las necesidades del mercado y del entorno que vivimos. En plena era digital, la educaci\u00f3n deber\u00e1 basarse en el uso de las nuevas tecnolog\u00edas poniendo especial \u00e9nfasis en las competencias STEM o STEAM (Ciencias, Tecnolog\u00eda, Ingenier\u00eda y Matem\u00e1ticas). Educar a las nuevas generaciones en este \u00e1mbito es cada vez m\u00e1s necesario y surge un nuevo reto: aunar las materias educativas y el paradigma tecnol\u00f3gico.&nbsp;<\/li><\/ul>\n<!-- \/wp:list -->\n\n<!-- wp:list -->\n<ul><li><strong>Learning Loops o Espirales de aprendizaje: <\/strong>El mundo ha cambiado, la sociedad y las personas tambi\u00e9n, Es por eso que este a\u00f1o viviremos una evoluci\u00f3n de la impartici\u00f3n unidireccional a la construcciones de espirales de aprendizaje, donde la impartici\u00f3n es solo una parte del proceso integradas con comunidades de pr\u00e1ctica y colaboraci\u00f3n donde aplicamos los conocimientos que recibimos, aprendemos, compartimos y detectamos nuevas necesidades que nos llevan de nuevo al inicio del proceso.<\/li><\/ul>\n<!-- \/wp:list -->\n\n<!-- wp:list -->\n<ul><li><strong>Metaverso, realidad virtual y aumentada:<\/strong> Una de las tendencias de elearning m\u00e1s fuertes que vuelven de la mano de la apuesta de grandes corporaciones como Meta o Facebook y Microsoft, es las aplicaciones del metaverso al aprendizaje. Las aplicaciones son infinitas, desde clases \u00abpresenciales\u00bb en un mundo virtual, hasta el entrenamiento y desarrollo de habilidades en grupo, algo que siempre ha costado para el elearning, hasta el entrenamiento y la simulaci\u00f3n de manejo de aplicaciones.<\/li><\/ul>\n<!-- \/wp:list -->\n\n<!-- wp:list -->\n<ul><li><strong>Cursos m\u00e1s enfocados y cada vez m\u00e1s cortos:<\/strong> La necesidad de actualizaci\u00f3n permanente y la urgencia, combinada con la aparici\u00f3n del fen\u00f3meno \u00abbootcamp\u00bb que busca llevar las pr\u00e1cticas de entrenamiento intensivo a la formaci\u00f3n en periodos cada vez m\u00e1s cortos, ha provocado que el mercado demande este tipo de formaci\u00f3n. Las formaciones generalistas pierden fuerza a favor de cursos m\u00e1s cortos, m\u00e1s intensivos y m\u00e1s enfocados al aprendizaje de competencias y habilidades espec\u00edficas que capacitan al alumno en el desempe\u00f1o de nuevas profesiones o profesiones de alta demanda.<\/li><\/ul>\n<!-- \/wp:list -->\n\n<!-- wp:list -->\n<ul><li><strong>Descentralizaci\u00f3n del conocimiento:<\/strong> Las grandes plataformas ofrecen soluciones cada vez m\u00e1s f\u00e1ciles de usar, para que los que est\u00e1n en posesi\u00f3n del conocimiento lo compartan y consigan ingresos con ello. Esto ha provocado una abundancia de conocimiento, que cada vez es m\u00e1s accesible y en gran medida libre y gratuito. Existe una saturaci\u00f3n de contenidos online, webinars, videos de youtube (edutubers) que nos ense\u00f1an c\u00f3mo aplicar, hacer o crear algo.<\/li><\/ul>\n<!-- \/wp:list -->\n\n<!-- wp:list -->\n<ul><li><strong>Microformaci\u00f3n y microcontenidos:<\/strong> Tenemos m\u00e1s tiempo que nunca y el aprendizaje instant\u00e1neo nos aporta una alternativa provechosa a otro tipo de ocio. A diferencia de lo que antes suced\u00eda, ahora el usuario quiere aprender algo y lo quiere hacer ya porque tiene tiempo y no va a invertir mucho dinero. Adem\u00e1s, cuenta con un elemento catalizador que lo hace diferente y es que es entretenido. Tambi\u00e9n es conocido como edutaitment.<\/li><\/ul>\n<!-- \/wp:list -->\n\n<!-- wp:list -->\n<ul><li><strong>e-Learning gratuito:<\/strong> El modelo de negocio de los MOOC cada vez adquiere m\u00e1s relevancia y se presenta como un formato que las mejores escuelas del mundo est\u00e1n usando. Hemos pasado de MOOC de todo tipo a MOOC de calidad donde merece la pena invertir unos euros m\u00e1s por conseguir un t\u00edtulo de Stanford, Wharton o MIT. Por otro lado, nos encontramos con propuestas que directamente te ofrecen una formaci\u00f3n profesional de primera calidad y no pagas por ella hasta que encuentres trabajo. Este modelo de negocio est\u00e1 costando que arraigue en el mercado hispanoparlante.<\/li><\/ul>\n<!-- \/wp:list -->\n\n<!-- wp:list -->\n<ul><li><strong>Tokenizaci\u00f3n y blockchain para elearning:<\/strong> Gracias al blockchain, ser\u00eda posible tokenizar el progreso de un alumno y crear un bloque que certifique una calificaci\u00f3n de un trabajo o un TFM. Tambi\u00e9n se podr\u00eda emitir t\u00edtulos mediante \u00absmart contracts\u00bb que den una mayor seguridad a la hora de verificar un certificado cuando selecciona alumnos de una escuela como IEBS y as\u00ed evitar falsificaciones.<\/li><\/ul>\n<!-- \/wp:list -->\n\n<!-- wp:list -->\n<ul><li><strong>Aprendizaje personalizado:<\/strong> Por ejemplo, en IEBS se utiliza para conocer los h\u00e1bitos de estudio del alumno, sus rutinas, su ritmo de aprendizaje, el tiempo dedicado a cada pr\u00e1ctica, etc. De esta manera, es posible adaptarse a sus necesidades, ofreci\u00e9ndole la ayuda o apoyo que necesita, mediante profesores y mentores, que en todo momento hacen seguimiento de sus avances.<\/li><\/ul>\n<!-- \/wp:list -->\n\n<!-- wp:paragraph -->\n<p><em>\u201cAhora que ya ha quedado patente la consolidaci\u00f3n del elearning en el mercado, hay que seguir avanzando\u201d<\/em>, explica <strong>Oscar Fuente, Director y Fundador de IEBS<\/strong>. <em>\u201cLa digitalizaci\u00f3n nos ofrece grandes oportunidades para seguir creciendo y mejorando la formaci\u00f3n online gracias a los nuevos modelos de aprendizaje interactivos y a la aplicaci\u00f3n de herramientas tecnol\u00f3gicas. Sin duda, 2022 ser\u00e1 un a\u00f1o clave para el elearning\u201d<\/em>, a\u00f1ade.<\/p>\n<!-- \/wp:paragraph -->\n\n<!-- wp:paragraph -->\n<p>En este sentido, la escuela digital IEBS ofrece programas de formaci\u00f3n adaptados al mundo actual en \u00e1mbitos de vanguardia como Transformaci\u00f3n Digital, Big Data, Blockchain, Fintech, Marketing Digital o Ciberseguridad con el objetivo de impulsar el uso de las nuevas tecnolog\u00edas y la innovaci\u00f3n en el aprendizaje para que sean la base de la formaci\u00f3n.<\/p>\n<!-- \/wp:paragraph -->","protected":false},"excerpt":{"rendered":"","protected":false},"author":6,"featured_media":0,"comment_status":"open","ping_status":"open","sticky":false,"template":"","format":"standard","meta":{"footnotes":""},"categories":[8],"tags":[],"class_list":["post-4593","post","type-post","status-publish","format-standard","hentry","category-notas-de-prensa"],"yoast_head":"<!-- This site is optimized with the Yoast SEO Premium plugin v23.9 (Yoast SEO v24.6) - https:\/\/yoast.com\/wordpress\/plugins\/seo\/ -->\n<title>Diez tendencias educativas para 2022 - Sala de Prensa<\/title>\n<meta name=\"description\" content=\"Cada 24 de enero se celebra el D\u00eda Internacional de la Educaci\u00f3n, una fecha proclamada por la ONU y que este a\u00f1o llevar\u00e1 el lema \u201cCambiar el rumbo,\" \/>\n<meta name=\"robots\" content=\"index, follow, max-snippet:-1, max-image-preview:large, max-video-preview:-1\" \/>\n<link rel=\"canonical\" href=\"https:\/\/www.iebschool.com\/saladeprensa\/2022\/01\/24\/diez-tendencias-educativas-para-2022\/\" \/>\n<meta property=\"og:locale\" content=\"es_ES\" \/>\n<meta property=\"og:type\" content=\"article\" \/>\n<meta property=\"og:title\" content=\"Diez tendencias educativas para 2022\" \/>\n<meta property=\"og:description\" content=\"Cada 24 de enero se celebra el D\u00eda Internacional de la Educaci\u00f3n, una fecha proclamada por la ONU y que este a\u00f1o llevar\u00e1 el lema \u201cCambiar el rumbo,\" \/>\n<meta property=\"og:url\" content=\"https:\/\/www.iebschool.com\/saladeprensa\/2022\/01\/24\/diez-tendencias-educativas-para-2022\/\" \/>\n<meta property=\"og:site_name\" content=\"Sala de Prensa\" \/>\n<meta property=\"article:published_time\" content=\"2022-01-24T10:07:54+00:00\" \/>\n<meta name=\"author\" content=\"Elena Bello Garc\u00eda-Herrero\" \/>\n<meta name=\"twitter:card\" content=\"summary_large_image\" \/>\n<meta name=\"twitter:label1\" content=\"Escrito por\" \/>\n\t<meta name=\"twitter:data1\" content=\"Elena Bello Garc\u00eda-Herrero\" \/>\n\t<meta name=\"twitter:label2\" content=\"Tiempo de lectura\" \/>\n\t<meta name=\"twitter:data2\" content=\"5 minutos\" \/>\n<script type=\"application\/ld+json\" class=\"yoast-schema-graph\">{\"@context\":\"https:\/\/schema.org\",\"@graph\":[{\"@type\":\"Article\",\"@id\":\"https:\/\/www.iebschool.com\/saladeprensa\/2022\/01\/24\/diez-tendencias-educativas-para-2022\/#article\",\"isPartOf\":{\"@id\":\"https:\/\/www.iebschool.com\/saladeprensa\/2022\/01\/24\/diez-tendencias-educativas-para-2022\/\"},\"author\":{\"name\":\"Elena Bello Garc\u00eda-Herrero\",\"@id\":\"https:\/\/www.iebschool.com\/saladeprensa\/#\/schema\/person\/4a3de2c8103f95bc5fcb0bbf7cb2aaad\"},\"headline\":\"Diez tendencias educativas para 2022\",\"datePublished\":\"2022-01-24T10:07:54+00:00\",\"mainEntityOfPage\":{\"@id\":\"https:\/\/www.iebschool.com\/saladeprensa\/2022\/01\/24\/diez-tendencias-educativas-para-2022\/\"},\"wordCount\":1051,\"commentCount\":0,\"publisher\":{\"@id\":\"https:\/\/www.iebschool.com\/saladeprensa\/#organization\"},\"articleSection\":[\"Notas de Prensa\"],\"inLanguage\":\"es\",\"potentialAction\":[{\"@type\":\"CommentAction\",\"name\":\"Comment\",\"target\":[\"https:\/\/www.iebschool.com\/saladeprensa\/2022\/01\/24\/diez-tendencias-educativas-para-2022\/#respond\"]}]},{\"@type\":\"WebPage\",\"@id\":\"https:\/\/www.iebschool.com\/saladeprensa\/2022\/01\/24\/diez-tendencias-educativas-para-2022\/\",\"url\":\"https:\/\/www.iebschool.com\/saladeprensa\/2022\/01\/24\/diez-tendencias-educativas-para-2022\/\",\"name\":\"Diez tendencias educativas para 2022 - Sala de Prensa\",\"isPartOf\":{\"@id\":\"https:\/\/www.iebschool.com\/saladeprensa\/#website\"},\"datePublished\":\"2022-01-24T10:07:54+00:00\",\"description\":\"Cada 24 de enero se celebra el D\u00eda Internacional de la Educaci\u00f3n, una fecha proclamada por la ONU y que este a\u00f1o llevar\u00e1 el lema \u201cCambiar el rumbo,\",\"breadcrumb\":{\"@id\":\"https:\/\/www.iebschool.com\/saladeprensa\/2022\/01\/24\/diez-tendencias-educativas-para-2022\/#breadcrumb\"},\"inLanguage\":\"es\",\"potentialAction\":[{\"@type\":\"ReadAction\",\"target\":[\"https:\/\/www.iebschool.com\/saladeprensa\/2022\/01\/24\/diez-tendencias-educativas-para-2022\/\"]}]},{\"@type\":\"BreadcrumbList\",\"@id\":\"https:\/\/www.iebschool.com\/saladeprensa\/2022\/01\/24\/diez-tendencias-educativas-para-2022\/#breadcrumb\",\"itemListElement\":[{\"@type\":\"ListItem\",\"position\":1,\"name\":\"Portada\",\"item\":\"https:\/\/www.iebschool.com\/saladeprensa\/\"},{\"@type\":\"ListItem\",\"position\":2,\"name\":\"Diez tendencias educativas para 2022\"}]},{\"@type\":\"WebSite\",\"@id\":\"https:\/\/www.iebschool.com\/saladeprensa\/#website\",\"url\":\"https:\/\/www.iebschool.com\/saladeprensa\/\",\"name\":\"Sala de Prensa\",\"description\":\"IEBS\",\"publisher\":{\"@id\":\"https:\/\/www.iebschool.com\/saladeprensa\/#organization\"},\"potentialAction\":[{\"@type\":\"SearchAction\",\"target\":{\"@type\":\"EntryPoint\",\"urlTemplate\":\"https:\/\/www.iebschool.com\/saladeprensa\/?s={search_term_string}\"},\"query-input\":{\"@type\":\"PropertyValueSpecification\",\"valueRequired\":true,\"valueName\":\"search_term_string\"}}],\"inLanguage\":\"es\"},{\"@type\":\"Organization\",\"@id\":\"https:\/\/www.iebschool.com\/saladeprensa\/#organization\",\"name\":\"Sala de Prensa\",\"url\":\"https:\/\/www.iebschool.com\/saladeprensa\/\",\"logo\":{\"@type\":\"ImageObject\",\"inLanguage\":\"es\",\"@id\":\"https:\/\/www.iebschool.com\/saladeprensa\/#\/schema\/logo\/image\/\",\"url\":\"https:\/\/www.iebschool.com\/saladeprensa\/wp-content\/uploads\/2026\/02\/IEBS_Logo_BusinessSchool_1_Hor_Violeta-scaled.png\",\"contentUrl\":\"https:\/\/www.iebschool.com\/saladeprensa\/wp-content\/uploads\/2026\/02\/IEBS_Logo_BusinessSchool_1_Hor_Violeta-scaled.png\",\"width\":2560,\"height\":374,\"caption\":\"Sala de Prensa\"},\"image\":{\"@id\":\"https:\/\/www.iebschool.com\/saladeprensa\/#\/schema\/logo\/image\/\"}},{\"@type\":\"Person\",\"@id\":\"https:\/\/www.iebschool.com\/saladeprensa\/#\/schema\/person\/4a3de2c8103f95bc5fcb0bbf7cb2aaad\",\"name\":\"Elena Bello Garc\u00eda-Herrero\",\"image\":{\"@type\":\"ImageObject\",\"inLanguage\":\"es\",\"@id\":\"https:\/\/www.iebschool.com\/saladeprensa\/#\/schema\/person\/image\/\",\"url\":\"https:\/\/secure.gravatar.com\/avatar\/8e066e7cf81bb35760e42a91c6ff520d5d16171bd3f7dba412223f0a53c98006?s=96&d=mm&r=g\",\"contentUrl\":\"https:\/\/secure.gravatar.com\/avatar\/8e066e7cf81bb35760e42a91c6ff520d5d16171bd3f7dba412223f0a53c98006?s=96&d=mm&r=g\",\"caption\":\"Elena Bello Garc\u00eda-Herrero\"},\"url\":\"https:\/\/www.iebschool.com\/saladeprensa\/author\/ebelloiebschool-com\/\"}]}<\/script>\n<!-- \/ Yoast SEO Premium plugin. -->","yoast_head_json":{"title":"Diez tendencias educativas para 2022 - Sala de Prensa","description":"Cada 24 de enero se celebra el D\u00eda Internacional de la Educaci\u00f3n, una fecha proclamada por la ONU y que este a\u00f1o llevar\u00e1 el lema \u201cCambiar el rumbo,","robots":{"index":"index","follow":"follow","max-snippet":"max-snippet:-1","max-image-preview":"max-image-preview:large","max-video-preview":"max-video-preview:-1"},"canonical":"https:\/\/www.iebschool.com\/saladeprensa\/2022\/01\/24\/diez-tendencias-educativas-para-2022\/","og_locale":"es_ES","og_type":"article","og_title":"Diez tendencias educativas para 2022","og_description":"Cada 24 de enero se celebra el D\u00eda Internacional de la Educaci\u00f3n, una fecha proclamada por la ONU y que este a\u00f1o llevar\u00e1 el lema \u201cCambiar el rumbo,","og_url":"https:\/\/www.iebschool.com\/saladeprensa\/2022\/01\/24\/diez-tendencias-educativas-para-2022\/","og_site_name":"Sala de Prensa","article_published_time":"2022-01-24T10:07:54+00:00","author":"Elena Bello Garc\u00eda-Herrero","twitter_card":"summary_large_image","twitter_misc":{"Escrito por":"Elena Bello Garc\u00eda-Herrero","Tiempo de lectura":"5 minutos"},"schema":{"@context":"https:\/\/schema.org","@graph":[{"@type":"Article","@id":"https:\/\/www.iebschool.com\/saladeprensa\/2022\/01\/24\/diez-tendencias-educativas-para-2022\/#article","isPartOf":{"@id":"https:\/\/www.iebschool.com\/saladeprensa\/2022\/01\/24\/diez-tendencias-educativas-para-2022\/"},"author":{"name":"Elena Bello Garc\u00eda-Herrero","@id":"https:\/\/www.iebschool.com\/saladeprensa\/#\/schema\/person\/4a3de2c8103f95bc5fcb0bbf7cb2aaad"},"headline":"Diez tendencias educativas para 2022","datePublished":"2022-01-24T10:07:54+00:00","mainEntityOfPage":{"@id":"https:\/\/www.iebschool.com\/saladeprensa\/2022\/01\/24\/diez-tendencias-educativas-para-2022\/"},"wordCount":1051,"commentCount":0,"publisher":{"@id":"https:\/\/www.iebschool.com\/saladeprensa\/#organization"},"articleSection":["Notas de Prensa"],"inLanguage":"es","potentialAction":[{"@type":"CommentAction","name":"Comment","target":["https:\/\/www.iebschool.com\/saladeprensa\/2022\/01\/24\/diez-tendencias-educativas-para-2022\/#respond"]}]},{"@type":"WebPage","@id":"https:\/\/www.iebschool.com\/saladeprensa\/2022\/01\/24\/diez-tendencias-educativas-para-2022\/","url":"https:\/\/www.iebschool.com\/saladeprensa\/2022\/01\/24\/diez-tendencias-educativas-para-2022\/","name":"Diez tendencias educativas para 2022 - Sala de Prensa","isPartOf":{"@id":"https:\/\/www.iebschool.com\/saladeprensa\/#website"},"datePublished":"2022-01-24T10:07:54+00:00","description":"Cada 24 de enero se celebra el D\u00eda Internacional de la Educaci\u00f3n, una fecha proclamada por la ONU y que este a\u00f1o llevar\u00e1 el lema \u201cCambiar el rumbo,","breadcrumb":{"@id":"https:\/\/www.iebschool.com\/saladeprensa\/2022\/01\/24\/diez-tendencias-educativas-para-2022\/#breadcrumb"},"inLanguage":"es","potentialAction":[{"@type":"ReadAction","target":["https:\/\/www.iebschool.com\/saladeprensa\/2022\/01\/24\/diez-tendencias-educativas-para-2022\/"]}]},{"@type":"BreadcrumbList","@id":"https:\/\/www.iebschool.com\/saladeprensa\/2022\/01\/24\/diez-tendencias-educativas-para-2022\/#breadcrumb","itemListElement":[{"@type":"ListItem","position":1,"name":"Portada","item":"https:\/\/www.iebschool.com\/saladeprensa\/"},{"@type":"ListItem","position":2,"name":"Diez tendencias educativas para 2022"}]},{"@type":"WebSite","@id":"https:\/\/www.iebschool.com\/saladeprensa\/#website","url":"https:\/\/www.iebschool.com\/saladeprensa\/","name":"Sala de Prensa","description":"IEBS","publisher":{"@id":"https:\/\/www.iebschool.com\/saladeprensa\/#organization"},"potentialAction":[{"@type":"SearchAction","target":{"@type":"EntryPoint","urlTemplate":"https:\/\/www.iebschool.com\/saladeprensa\/?s={search_term_string}"},"query-input":{"@type":"PropertyValueSpecification","valueRequired":true,"valueName":"search_term_string"}}],"inLanguage":"es"},{"@type":"Organization","@id":"https:\/\/www.iebschool.com\/saladeprensa\/#organization","name":"Sala de Prensa","url":"https:\/\/www.iebschool.com\/saladeprensa\/","logo":{"@type":"ImageObject","inLanguage":"es","@id":"https:\/\/www.iebschool.com\/saladeprensa\/#\/schema\/logo\/image\/","url":"https:\/\/www.iebschool.com\/saladeprensa\/wp-content\/uploads\/2026\/02\/IEBS_Logo_BusinessSchool_1_Hor_Violeta-scaled.png","contentUrl":"https:\/\/www.iebschool.com\/saladeprensa\/wp-content\/uploads\/2026\/02\/IEBS_Logo_BusinessSchool_1_Hor_Violeta-scaled.png","width":2560,"height":374,"caption":"Sala de Prensa"},"image":{"@id":"https:\/\/www.iebschool.com\/saladeprensa\/#\/schema\/logo\/image\/"}},{"@type":"Person","@id":"https:\/\/www.iebschool.com\/saladeprensa\/#\/schema\/person\/4a3de2c8103f95bc5fcb0bbf7cb2aaad","name":"Elena Bello Garc\u00eda-Herrero","image":{"@type":"ImageObject","inLanguage":"es","@id":"https:\/\/www.iebschool.com\/saladeprensa\/#\/schema\/person\/image\/","url":"https:\/\/secure.gravatar.com\/avatar\/8e066e7cf81bb35760e42a91c6ff520d5d16171bd3f7dba412223f0a53c98006?s=96&d=mm&r=g","contentUrl":"https:\/\/secure.gravatar.com\/avatar\/8e066e7cf81bb35760e42a91c6ff520d5d16171bd3f7dba412223f0a53c98006?s=96&d=mm&r=g","caption":"Elena Bello Garc\u00eda-Herrero"},"url":"https:\/\/www.iebschool.com\/saladeprensa\/author\/ebelloiebschool-com\/"}]}},"image_thumbnail":"https:\/\/www.iebschool.com\/saladeprensa\/wp-includes\/images\/media\/default.svg","image_full":"https:\/\/www.iebschool.com\/saladeprensa\/wp-includes\/images\/media\/default.svg","categoria":{"nombre":"Notas de Prensa","slug":"category\/notas-de-prensa"},"_links":{"self":[{"href":"https:\/\/www.iebschool.com\/saladeprensa\/wp-json\/wp\/v2\/posts\/4593","targetHints":{"allow":["GET"]}}],"collection":[{"href":"https:\/\/www.iebschool.com\/saladeprensa\/wp-json\/wp\/v2\/posts"}],"about":[{"href":"https:\/\/www.iebschool.com\/saladeprensa\/wp-json\/wp\/v2\/types\/post"}],"author":[{"embeddable":true,"href":"https:\/\/www.iebschool.com\/saladeprensa\/wp-json\/wp\/v2\/users\/6"}],"replies":[{"embeddable":true,"href":"https:\/\/www.iebschool.com\/saladeprensa\/wp-json\/wp\/v2\/comments?post=4593"}],"version-history":[{"count":1,"href":"https:\/\/www.iebschool.com\/saladeprensa\/wp-json\/wp\/v2\/posts\/4593\/revisions"}],"predecessor-version":[{"id":4594,"href":"https:\/\/www.iebschool.com\/saladeprensa\/wp-json\/wp\/v2\/posts\/4593\/revisions\/4594"}],"wp:attachment":[{"href":"https:\/\/www.iebschool.com\/saladeprensa\/wp-json\/wp\/v2\/media?parent=4593"}],"wp:term":[{"taxonomy":"category","embeddable":true,"href":"https:\/\/www.iebschool.com\/saladeprensa\/wp-json\/wp\/v2\/categories?post=4593"},{"taxonomy":"post_tag","embeddable":true,"href":"https:\/\/www.iebschool.com\/saladeprensa\/wp-json\/wp\/v2\/tags?post=4593"}],"curies":[{"name":"wp","href":"https:\/\/api.w.org\/{rel}","templated":true}]}}