{"id":4948,"date":"2022-03-17T08:45:49","date_gmt":"2022-03-17T08:45:49","guid":{"rendered":"https:\/\/www.iebschool.com\/saladeprensa\/?p=4948"},"modified":"2022-03-17T08:45:50","modified_gmt":"2022-03-17T08:45:50","slug":"8-de-cada-10-profesionales-creen-que-los-emprendedores-son-mas-felices-que-los-asalariados","status":"publish","type":"post","link":"https:\/\/www.iebschool.com\/saladeprensa\/2022\/03\/17\/8-de-cada-10-profesionales-creen-que-los-emprendedores-son-mas-felices-que-los-asalariados\/","title":{"rendered":"8 de cada 10 profesionales creen que los emprendedores son m\u00e1s felices que los asalariados"},"content":{"rendered":"<!-- wp:list -->\n<ul><li><em>La autonom\u00eda y libertad, la satisfacci\u00f3n personal y ver nacer un proyecto, las principales razones a la hora de emprender<\/em><\/li><li><em>El 44% de los profesionales asegura que siempre ha querido emprender y el 74,2% cree que cualquiera puede hacerlo<\/em><\/li><\/ul>\n<!-- \/wp:list -->\n\n<!-- wp:paragraph -->\n<p>Para conmemorar la importancia de ser feliz como parte fundamental en el desarrollo y bienestar de las personas, cada 20 de marzo se celebra el D\u00eda Internacional de la Felicidad, una fecha simb\u00f3lica proclamada por la ONU. En este sentido y teniendo en cuenta el tiempo que pasamos en el puesto de trabajo, encontrar un empleo que haga feliz a sus trabajadores ha sido uno de los principales motivos por los que muchos profesionales se han decantado por emprender. De hecho, seg\u00fan el <a href=\"https:\/\/www.iebschool.com\/recursos\/informe-ecosistema-emprendedor-2021\/\">Informe Ecosistema Emprendedor<\/a> de <a href=\"https:\/\/www.iebschool.com\/blog\/\"><strong>IEBS Digital School<\/strong><\/a>, la escuela digital l\u00edder en formaci\u00f3n online, 8 de cada 10 profesionales creen que los emprendedores son m\u00e1s felices que los asalariados.<\/p>\n<!-- \/wp:paragraph -->\n\n<!-- wp:paragraph -->\n<p>El estudio, realizado entre m\u00e1s de 1.500 profesionales espa\u00f1oles, destaca la autonom\u00eda y libertad (69,4%), la satisfacci\u00f3n personal (69,4%) y ver nacer y crecer un proyecto (61,3%) como las principales razones que pueden tener estos profesionales para lanzarse a la aventura del emprendimiento. Y es que, seg\u00fan los datos del estudio, el 44% de los profesionales asegura que siempre ha querido emprender y el 74,2% cree que cualquiera puede hacerlo aunque es necesario contar con un m\u00ednimo de experiencia en el sector y conocimientos en gesti\u00f3n empresarial.&nbsp;<\/p>\n<!-- \/wp:paragraph -->\n\n<!-- wp:paragraph -->\n<p>Seg\u00fan Oscar Fuente, Director y Fundador de IEBS Business School, <em>\u201cel ecosistema emprendedor en Espa\u00f1a est\u00e1 muy maduro y se ha convertido en un sector muy innovador y una gran alternativa profesional. Sin embargo, se trata de un camino complicado. M\u00e1s all\u00e1 del nicho en el que se quiera desarrollar un negocio, hacen falta una buena base de conocimientos t\u00e9cnicos y unas habilidades personales para tener \u00e9xito. Uno de los errores m\u00e1s comunes que cometen los emprendedores es desconocer los riesgos y no estar preparados para enfrentarse a los problemas que surgen. Por eso, formarse es fundamental\u201d<\/em>, explica.<\/p>\n<!-- \/wp:paragraph -->\n\n<!-- wp:paragraph -->\n<p>Para todos aquellos que quieren ser capaces de desarrollar y validar una idea y modelo de negocio, plantear una estrategia de crecimiento empresarial y aprender las competencias y habilidades imprescindibles para tener \u00e9xito en un emprendimiento de base tecnol\u00f3gica y de internet, IEBS ofrece programas como el <a href=\"https:\/\/www.iebschool.com\/programas\/master-direccion-empresas-emprendedores\/\">MBA en Emprendimiento Digital<\/a>.<\/p>\n<!-- \/wp:paragraph -->","protected":false},"excerpt":{"rendered":"","protected":false},"author":6,"featured_media":0,"comment_status":"open","ping_status":"open","sticky":false,"template":"","format":"standard","meta":{"footnotes":""},"categories":[8],"tags":[],"class_list":["post-4948","post","type-post","status-publish","format-standard","hentry","category-notas-de-prensa"],"yoast_head":"<!-- This site is optimized with the Yoast SEO Premium plugin v23.9 (Yoast SEO v24.6) - https:\/\/yoast.com\/wordpress\/plugins\/seo\/ -->\n<title>8 de cada 10 profesionales creen que los emprendedores son m\u00e1s felices que los asalariados - Sala de Prensa<\/title>\n<meta name=\"description\" content=\"La autonom\u00eda y libertad, la satisfacci\u00f3n personal y ver nacer un proyecto, las principales razones a la hora de emprenderEl 44% de los profesionales\" \/>\n<meta name=\"robots\" content=\"index, follow, max-snippet:-1, max-image-preview:large, max-video-preview:-1\" \/>\n<link rel=\"canonical\" href=\"https:\/\/www.iebschool.com\/saladeprensa\/2022\/03\/17\/8-de-cada-10-profesionales-creen-que-los-emprendedores-son-mas-felices-que-los-asalariados\/\" \/>\n<meta property=\"og:locale\" content=\"es_ES\" \/>\n<meta property=\"og:type\" content=\"article\" \/>\n<meta property=\"og:title\" content=\"8 de cada 10 profesionales creen que los emprendedores son m\u00e1s felices que los asalariados\" \/>\n<meta property=\"og:description\" content=\"La autonom\u00eda y libertad, la satisfacci\u00f3n personal y ver nacer un proyecto, las principales razones a la hora de emprenderEl 44% de los profesionales\" \/>\n<meta property=\"og:url\" content=\"https:\/\/www.iebschool.com\/saladeprensa\/2022\/03\/17\/8-de-cada-10-profesionales-creen-que-los-emprendedores-son-mas-felices-que-los-asalariados\/\" \/>\n<meta property=\"og:site_name\" content=\"Sala de Prensa\" \/>\n<meta property=\"article:published_time\" content=\"2022-03-17T08:45:49+00:00\" \/>\n<meta property=\"article:modified_time\" content=\"2022-03-17T08:45:50+00:00\" \/>\n<meta name=\"author\" content=\"Elena Bello Garc\u00eda-Herrero\" \/>\n<meta name=\"twitter:card\" content=\"summary_large_image\" \/>\n<meta name=\"twitter:label1\" content=\"Escrito por\" \/>\n\t<meta name=\"twitter:data1\" content=\"Elena Bello Garc\u00eda-Herrero\" \/>\n\t<meta name=\"twitter:label2\" content=\"Tiempo de lectura\" \/>\n\t<meta name=\"twitter:data2\" content=\"2 minutos\" \/>\n<script type=\"application\/ld+json\" class=\"yoast-schema-graph\">{\"@context\":\"https:\/\/schema.org\",\"@graph\":[{\"@type\":\"Article\",\"@id\":\"https:\/\/www.iebschool.com\/saladeprensa\/2022\/03\/17\/8-de-cada-10-profesionales-creen-que-los-emprendedores-son-mas-felices-que-los-asalariados\/#article\",\"isPartOf\":{\"@id\":\"https:\/\/www.iebschool.com\/saladeprensa\/2022\/03\/17\/8-de-cada-10-profesionales-creen-que-los-emprendedores-son-mas-felices-que-los-asalariados\/\"},\"author\":{\"name\":\"Elena Bello Garc\u00eda-Herrero\",\"@id\":\"https:\/\/www.iebschool.com\/saladeprensa\/#\/schema\/person\/4a3de2c8103f95bc5fcb0bbf7cb2aaad\"},\"headline\":\"8 de cada 10 profesionales creen que los emprendedores son m\u00e1s felices que los asalariados\",\"datePublished\":\"2022-03-17T08:45:49+00:00\",\"dateModified\":\"2022-03-17T08:45:50+00:00\",\"mainEntityOfPage\":{\"@id\":\"https:\/\/www.iebschool.com\/saladeprensa\/2022\/03\/17\/8-de-cada-10-profesionales-creen-que-los-emprendedores-son-mas-felices-que-los-asalariados\/\"},\"wordCount\":412,\"commentCount\":0,\"publisher\":{\"@id\":\"https:\/\/www.iebschool.com\/saladeprensa\/#organization\"},\"articleSection\":[\"Notas de Prensa\"],\"inLanguage\":\"es\",\"potentialAction\":[{\"@type\":\"CommentAction\",\"name\":\"Comment\",\"target\":[\"https:\/\/www.iebschool.com\/saladeprensa\/2022\/03\/17\/8-de-cada-10-profesionales-creen-que-los-emprendedores-son-mas-felices-que-los-asalariados\/#respond\"]}]},{\"@type\":\"WebPage\",\"@id\":\"https:\/\/www.iebschool.com\/saladeprensa\/2022\/03\/17\/8-de-cada-10-profesionales-creen-que-los-emprendedores-son-mas-felices-que-los-asalariados\/\",\"url\":\"https:\/\/www.iebschool.com\/saladeprensa\/2022\/03\/17\/8-de-cada-10-profesionales-creen-que-los-emprendedores-son-mas-felices-que-los-asalariados\/\",\"name\":\"8 de cada 10 profesionales creen que los emprendedores son m\u00e1s felices que los asalariados - Sala de Prensa\",\"isPartOf\":{\"@id\":\"https:\/\/www.iebschool.com\/saladeprensa\/#website\"},\"datePublished\":\"2022-03-17T08:45:49+00:00\",\"dateModified\":\"2022-03-17T08:45:50+00:00\",\"description\":\"La autonom\u00eda y libertad, la satisfacci\u00f3n personal y ver nacer un proyecto, las principales razones a la hora de emprenderEl 44% de los profesionales\",\"breadcrumb\":{\"@id\":\"https:\/\/www.iebschool.com\/saladeprensa\/2022\/03\/17\/8-de-cada-10-profesionales-creen-que-los-emprendedores-son-mas-felices-que-los-asalariados\/#breadcrumb\"},\"inLanguage\":\"es\",\"potentialAction\":[{\"@type\":\"ReadAction\",\"target\":[\"https:\/\/www.iebschool.com\/saladeprensa\/2022\/03\/17\/8-de-cada-10-profesionales-creen-que-los-emprendedores-son-mas-felices-que-los-asalariados\/\"]}]},{\"@type\":\"BreadcrumbList\",\"@id\":\"https:\/\/www.iebschool.com\/saladeprensa\/2022\/03\/17\/8-de-cada-10-profesionales-creen-que-los-emprendedores-son-mas-felices-que-los-asalariados\/#breadcrumb\",\"itemListElement\":[{\"@type\":\"ListItem\",\"position\":1,\"name\":\"Portada\",\"item\":\"https:\/\/www.iebschool.com\/saladeprensa\/\"},{\"@type\":\"ListItem\",\"position\":2,\"name\":\"8 de cada 10 profesionales creen que los emprendedores son m\u00e1s felices que los asalariados\"}]},{\"@type\":\"WebSite\",\"@id\":\"https:\/\/www.iebschool.com\/saladeprensa\/#website\",\"url\":\"https:\/\/www.iebschool.com\/saladeprensa\/\",\"name\":\"Sala de Prensa\",\"description\":\"IEBS\",\"publisher\":{\"@id\":\"https:\/\/www.iebschool.com\/saladeprensa\/#organization\"},\"potentialAction\":[{\"@type\":\"SearchAction\",\"target\":{\"@type\":\"EntryPoint\",\"urlTemplate\":\"https:\/\/www.iebschool.com\/saladeprensa\/?s={search_term_string}\"},\"query-input\":{\"@type\":\"PropertyValueSpecification\",\"valueRequired\":true,\"valueName\":\"search_term_string\"}}],\"inLanguage\":\"es\"},{\"@type\":\"Organization\",\"@id\":\"https:\/\/www.iebschool.com\/saladeprensa\/#organization\",\"name\":\"Sala de Prensa\",\"url\":\"https:\/\/www.iebschool.com\/saladeprensa\/\",\"logo\":{\"@type\":\"ImageObject\",\"inLanguage\":\"es\",\"@id\":\"https:\/\/www.iebschool.com\/saladeprensa\/#\/schema\/logo\/image\/\",\"url\":\"https:\/\/www.iebschool.com\/saladeprensa\/wp-content\/uploads\/2026\/02\/IEBS_Logo_BusinessSchool_1_Hor_Violeta-scaled.png\",\"contentUrl\":\"https:\/\/www.iebschool.com\/saladeprensa\/wp-content\/uploads\/2026\/02\/IEBS_Logo_BusinessSchool_1_Hor_Violeta-scaled.png\",\"width\":2560,\"height\":374,\"caption\":\"Sala de Prensa\"},\"image\":{\"@id\":\"https:\/\/www.iebschool.com\/saladeprensa\/#\/schema\/logo\/image\/\"}},{\"@type\":\"Person\",\"@id\":\"https:\/\/www.iebschool.com\/saladeprensa\/#\/schema\/person\/4a3de2c8103f95bc5fcb0bbf7cb2aaad\",\"name\":\"Elena Bello Garc\u00eda-Herrero\",\"image\":{\"@type\":\"ImageObject\",\"inLanguage\":\"es\",\"@id\":\"https:\/\/www.iebschool.com\/saladeprensa\/#\/schema\/person\/image\/\",\"url\":\"https:\/\/secure.gravatar.com\/avatar\/8e066e7cf81bb35760e42a91c6ff520d5d16171bd3f7dba412223f0a53c98006?s=96&d=mm&r=g\",\"contentUrl\":\"https:\/\/secure.gravatar.com\/avatar\/8e066e7cf81bb35760e42a91c6ff520d5d16171bd3f7dba412223f0a53c98006?s=96&d=mm&r=g\",\"caption\":\"Elena Bello Garc\u00eda-Herrero\"},\"url\":\"https:\/\/www.iebschool.com\/saladeprensa\/author\/ebelloiebschool-com\/\"}]}<\/script>\n<!-- \/ Yoast SEO Premium plugin. -->","yoast_head_json":{"title":"8 de cada 10 profesionales creen que los emprendedores son m\u00e1s felices que los asalariados - Sala de Prensa","description":"La autonom\u00eda y libertad, la satisfacci\u00f3n personal y ver nacer un proyecto, las principales razones a la hora de emprenderEl 44% de los profesionales","robots":{"index":"index","follow":"follow","max-snippet":"max-snippet:-1","max-image-preview":"max-image-preview:large","max-video-preview":"max-video-preview:-1"},"canonical":"https:\/\/www.iebschool.com\/saladeprensa\/2022\/03\/17\/8-de-cada-10-profesionales-creen-que-los-emprendedores-son-mas-felices-que-los-asalariados\/","og_locale":"es_ES","og_type":"article","og_title":"8 de cada 10 profesionales creen que los emprendedores son m\u00e1s felices que los asalariados","og_description":"La autonom\u00eda y libertad, la satisfacci\u00f3n personal y ver nacer un proyecto, las principales razones a la hora de emprenderEl 44% de los profesionales","og_url":"https:\/\/www.iebschool.com\/saladeprensa\/2022\/03\/17\/8-de-cada-10-profesionales-creen-que-los-emprendedores-son-mas-felices-que-los-asalariados\/","og_site_name":"Sala de Prensa","article_published_time":"2022-03-17T08:45:49+00:00","article_modified_time":"2022-03-17T08:45:50+00:00","author":"Elena Bello Garc\u00eda-Herrero","twitter_card":"summary_large_image","twitter_misc":{"Escrito por":"Elena Bello Garc\u00eda-Herrero","Tiempo de lectura":"2 minutos"},"schema":{"@context":"https:\/\/schema.org","@graph":[{"@type":"Article","@id":"https:\/\/www.iebschool.com\/saladeprensa\/2022\/03\/17\/8-de-cada-10-profesionales-creen-que-los-emprendedores-son-mas-felices-que-los-asalariados\/#article","isPartOf":{"@id":"https:\/\/www.iebschool.com\/saladeprensa\/2022\/03\/17\/8-de-cada-10-profesionales-creen-que-los-emprendedores-son-mas-felices-que-los-asalariados\/"},"author":{"name":"Elena Bello Garc\u00eda-Herrero","@id":"https:\/\/www.iebschool.com\/saladeprensa\/#\/schema\/person\/4a3de2c8103f95bc5fcb0bbf7cb2aaad"},"headline":"8 de cada 10 profesionales creen que los emprendedores son m\u00e1s felices que los asalariados","datePublished":"2022-03-17T08:45:49+00:00","dateModified":"2022-03-17T08:45:50+00:00","mainEntityOfPage":{"@id":"https:\/\/www.iebschool.com\/saladeprensa\/2022\/03\/17\/8-de-cada-10-profesionales-creen-que-los-emprendedores-son-mas-felices-que-los-asalariados\/"},"wordCount":412,"commentCount":0,"publisher":{"@id":"https:\/\/www.iebschool.com\/saladeprensa\/#organization"},"articleSection":["Notas de Prensa"],"inLanguage":"es","potentialAction":[{"@type":"CommentAction","name":"Comment","target":["https:\/\/www.iebschool.com\/saladeprensa\/2022\/03\/17\/8-de-cada-10-profesionales-creen-que-los-emprendedores-son-mas-felices-que-los-asalariados\/#respond"]}]},{"@type":"WebPage","@id":"https:\/\/www.iebschool.com\/saladeprensa\/2022\/03\/17\/8-de-cada-10-profesionales-creen-que-los-emprendedores-son-mas-felices-que-los-asalariados\/","url":"https:\/\/www.iebschool.com\/saladeprensa\/2022\/03\/17\/8-de-cada-10-profesionales-creen-que-los-emprendedores-son-mas-felices-que-los-asalariados\/","name":"8 de cada 10 profesionales creen que los emprendedores son m\u00e1s felices que los asalariados - Sala de Prensa","isPartOf":{"@id":"https:\/\/www.iebschool.com\/saladeprensa\/#website"},"datePublished":"2022-03-17T08:45:49+00:00","dateModified":"2022-03-17T08:45:50+00:00","description":"La autonom\u00eda y libertad, la satisfacci\u00f3n personal y ver nacer un proyecto, las principales razones a la hora de emprenderEl 44% de los profesionales","breadcrumb":{"@id":"https:\/\/www.iebschool.com\/saladeprensa\/2022\/03\/17\/8-de-cada-10-profesionales-creen-que-los-emprendedores-son-mas-felices-que-los-asalariados\/#breadcrumb"},"inLanguage":"es","potentialAction":[{"@type":"ReadAction","target":["https:\/\/www.iebschool.com\/saladeprensa\/2022\/03\/17\/8-de-cada-10-profesionales-creen-que-los-emprendedores-son-mas-felices-que-los-asalariados\/"]}]},{"@type":"BreadcrumbList","@id":"https:\/\/www.iebschool.com\/saladeprensa\/2022\/03\/17\/8-de-cada-10-profesionales-creen-que-los-emprendedores-son-mas-felices-que-los-asalariados\/#breadcrumb","itemListElement":[{"@type":"ListItem","position":1,"name":"Portada","item":"https:\/\/www.iebschool.com\/saladeprensa\/"},{"@type":"ListItem","position":2,"name":"8 de cada 10 profesionales creen que los emprendedores son m\u00e1s felices que los asalariados"}]},{"@type":"WebSite","@id":"https:\/\/www.iebschool.com\/saladeprensa\/#website","url":"https:\/\/www.iebschool.com\/saladeprensa\/","name":"Sala de Prensa","description":"IEBS","publisher":{"@id":"https:\/\/www.iebschool.com\/saladeprensa\/#organization"},"potentialAction":[{"@type":"SearchAction","target":{"@type":"EntryPoint","urlTemplate":"https:\/\/www.iebschool.com\/saladeprensa\/?s={search_term_string}"},"query-input":{"@type":"PropertyValueSpecification","valueRequired":true,"valueName":"search_term_string"}}],"inLanguage":"es"},{"@type":"Organization","@id":"https:\/\/www.iebschool.com\/saladeprensa\/#organization","name":"Sala de Prensa","url":"https:\/\/www.iebschool.com\/saladeprensa\/","logo":{"@type":"ImageObject","inLanguage":"es","@id":"https:\/\/www.iebschool.com\/saladeprensa\/#\/schema\/logo\/image\/","url":"https:\/\/www.iebschool.com\/saladeprensa\/wp-content\/uploads\/2026\/02\/IEBS_Logo_BusinessSchool_1_Hor_Violeta-scaled.png","contentUrl":"https:\/\/www.iebschool.com\/saladeprensa\/wp-content\/uploads\/2026\/02\/IEBS_Logo_BusinessSchool_1_Hor_Violeta-scaled.png","width":2560,"height":374,"caption":"Sala de Prensa"},"image":{"@id":"https:\/\/www.iebschool.com\/saladeprensa\/#\/schema\/logo\/image\/"}},{"@type":"Person","@id":"https:\/\/www.iebschool.com\/saladeprensa\/#\/schema\/person\/4a3de2c8103f95bc5fcb0bbf7cb2aaad","name":"Elena Bello Garc\u00eda-Herrero","image":{"@type":"ImageObject","inLanguage":"es","@id":"https:\/\/www.iebschool.com\/saladeprensa\/#\/schema\/person\/image\/","url":"https:\/\/secure.gravatar.com\/avatar\/8e066e7cf81bb35760e42a91c6ff520d5d16171bd3f7dba412223f0a53c98006?s=96&d=mm&r=g","contentUrl":"https:\/\/secure.gravatar.com\/avatar\/8e066e7cf81bb35760e42a91c6ff520d5d16171bd3f7dba412223f0a53c98006?s=96&d=mm&r=g","caption":"Elena Bello Garc\u00eda-Herrero"},"url":"https:\/\/www.iebschool.com\/saladeprensa\/author\/ebelloiebschool-com\/"}]}},"image_thumbnail":"https:\/\/www.iebschool.com\/saladeprensa\/wp-includes\/images\/media\/default.svg","image_full":"https:\/\/www.iebschool.com\/saladeprensa\/wp-includes\/images\/media\/default.svg","categoria":{"nombre":"Notas de Prensa","slug":"category\/notas-de-prensa"},"_links":{"self":[{"href":"https:\/\/www.iebschool.com\/saladeprensa\/wp-json\/wp\/v2\/posts\/4948","targetHints":{"allow":["GET"]}}],"collection":[{"href":"https:\/\/www.iebschool.com\/saladeprensa\/wp-json\/wp\/v2\/posts"}],"about":[{"href":"https:\/\/www.iebschool.com\/saladeprensa\/wp-json\/wp\/v2\/types\/post"}],"author":[{"embeddable":true,"href":"https:\/\/www.iebschool.com\/saladeprensa\/wp-json\/wp\/v2\/users\/6"}],"replies":[{"embeddable":true,"href":"https:\/\/www.iebschool.com\/saladeprensa\/wp-json\/wp\/v2\/comments?post=4948"}],"version-history":[{"count":1,"href":"https:\/\/www.iebschool.com\/saladeprensa\/wp-json\/wp\/v2\/posts\/4948\/revisions"}],"predecessor-version":[{"id":4949,"href":"https:\/\/www.iebschool.com\/saladeprensa\/wp-json\/wp\/v2\/posts\/4948\/revisions\/4949"}],"wp:attachment":[{"href":"https:\/\/www.iebschool.com\/saladeprensa\/wp-json\/wp\/v2\/media?parent=4948"}],"wp:term":[{"taxonomy":"category","embeddable":true,"href":"https:\/\/www.iebschool.com\/saladeprensa\/wp-json\/wp\/v2\/categories?post=4948"},{"taxonomy":"post_tag","embeddable":true,"href":"https:\/\/www.iebschool.com\/saladeprensa\/wp-json\/wp\/v2\/tags?post=4948"}],"curies":[{"name":"wp","href":"https:\/\/api.w.org\/{rel}","templated":true}]}}