{"id":5151,"date":"2022-06-15T08:28:13","date_gmt":"2022-06-15T08:28:13","guid":{"rendered":"https:\/\/www.iebschool.com\/saladeprensa\/?p=5151"},"modified":"2022-06-15T08:28:14","modified_gmt":"2022-06-15T08:28:14","slug":"llega-el-primer-concurso-de-emprendedores-para-impulsar-la-web-3-0","status":"publish","type":"post","link":"https:\/\/www.iebschool.com\/saladeprensa\/2022\/06\/15\/llega-el-primer-concurso-de-emprendedores-para-impulsar-la-web-3-0\/","title":{"rendered":"Llega el primer concurso de emprendedores para impulsar la Web 3.0"},"content":{"rendered":"<!-- wp:list -->\n<ul><li><em>Los participantes podr\u00e1n inscribir sus proyectos hasta el 31 de agosto<\/em><\/li><li><em>El ganador podr\u00e1 cursar un M\u00e1ster o MBA de forma gratuita y recibir\u00e1 apoyo y mentoring para la puesta en marcha de su idea o proyecto y tendr\u00e1 acceso a inversores para la aceleraci\u00f3n del proyecto<\/em><\/li><li><em>Tambi\u00e9n un finalista por categor\u00eda y un ganador elegido por los usuarios<\/em><\/li><\/ul>\n<!-- \/wp:list -->\n\n<!-- wp:paragraph -->\n<p><a href=\"https:\/\/www.iebschool.com\/\"><strong>IEBS Digital School<\/strong><\/a> presenta una nueva edici\u00f3n del <a href=\"https:\/\/www.iebschool.com\/conocenos\/becas-y-ayudas\/concurso-emprendedores\/\"><strong>Concurso de Emprendedores<\/strong><\/a>, dirigido a startups en fase semilla o inicial, con el objetivo de impulsar el desarrollo econ\u00f3mico que trae la Web 3.0 y apoyar las iniciativas con mayor potencial de impacto.<\/p>\n<!-- \/wp:paragraph -->\n\n<!-- wp:paragraph -->\n<p>El ganador podr\u00e1 cursar un M\u00e1ster o MBA de forma gratuita y recibir\u00e1 apoyo y mentoring para acelerar el proyecto y tendr\u00e1 acceso a los foros de inversi\u00f3n de IEBS. Adem\u00e1s todos los que superen el proceso de selecci\u00f3n inicial tendr\u00e1n derecho a una beca del 50% y los ganadores de cada categor\u00eda recibir\u00e1n una beca del 100% y los segundos clasificados una beca del 70%. Asimismo, el p\u00fablico podr\u00e1 elegir su proyecto favorito, que recibir\u00e1 una beca del 70% y la posibilidad de ser incubado en IEBS.<\/p>\n<!-- \/wp:paragraph -->\n\n<!-- wp:paragraph -->\n<p>Los participantes podr\u00e1n inscribir sus proyectos hasta el<strong> 31 de agosto <\/strong>en las siguientes categor\u00edas:<\/p>\n<!-- \/wp:paragraph -->\n\n<!-- wp:list -->\n<ul><li>Ecommerce<\/li><li>Turistech<\/li><li>Blockchain, Metaverso y NFTs<\/li><li>Big Data<\/li><li>Fintech y DEFI<\/li><li>Rob\u00f3tica, RPA e Industria 4.0<\/li><li>Gaming Esports<\/li><li>Edtech<\/li><li>Transmedia<\/li><li>Innovaci\u00f3n Digital y DAOS<\/li><\/ul>\n<!-- \/wp:list -->\n\n<!-- wp:paragraph -->\n<p>El Concurso de Emprendedores permite a sus participantes dar a conocer sus ideas ante profesionales del sector, que valorar\u00e1n diferentes aspectos de cada proyecto, como su car\u00e1cter innovador o su contribuci\u00f3n al desarrollo social y econ\u00f3mico del territorio. Se admite cualquier proyecto que est\u00e9 en fase embrionaria o de aceleraci\u00f3n, por lo que un mismo emprendedor puede presentar tantas ideas como desee, de forma individual o en grupo.&nbsp;<\/p>\n<!-- \/wp:paragraph -->\n\n<!-- wp:paragraph -->\n<p>Los interesados en participar deber\u00e1n presentar su candidatura a trav\u00e9s de la <a href=\"https:\/\/www.iebschool.com\/conocenos\/becas-y-ayudas\/concurso-emprendedores\/\">web del concurso<\/a>. Los proyectos ser\u00e1n evaluados por un jurado profesional formado por mentores, inversores y business angels, y aceleradoras e incubadoras del ecosistema. Los finalistas se publicar\u00e1n el 29 de septiembre.<\/p>\n<!-- \/wp:paragraph -->\n\n<!-- wp:paragraph -->\n<p><strong>Material gr\u00e1fico:<\/strong><\/p>\n<!-- \/wp:paragraph -->\n\n<!-- wp:paragraph -->\n<p><a href=\"https:\/\/drive.google.com\/drive\/folders\/1b5eHHMjuI0dkHnXfyduXaGCHUtZ9dyPT\">https:\/\/drive.google.com\/drive\/folders\/1b5eHHMjuI0dkHnXfyduXaGCHUtZ9dyPT<\/a><\/p>\n<!-- \/wp:paragraph -->\n\n<!-- wp:gallery {\"linkTo\":\"none\"} -->\n<figure class=\"wp-block-gallery has-nested-images columns-default is-cropped\"><!-- wp:image {\"id\":5153,\"sizeSlug\":\"large\",\"linkDestination\":\"none\"} -->\n<figure class=\"wp-block-image size-large\"><img src=\"https:\/\/www.iebschool.com\/saladeprensa\/wp-content\/uploads\/2022\/06\/IG-Stories-1080-x-1920-1.jpg\" alt=\"\" class=\"wp-image-5153\"\/><\/figure>\n<!-- \/wp:image -->\n\n<!-- wp:image {\"id\":5154,\"sizeSlug\":\"large\",\"linkDestination\":\"none\"} -->\n<figure class=\"wp-block-image size-large\"><img src=\"https:\/\/www.iebschool.com\/saladeprensa\/wp-content\/uploads\/2022\/06\/IG-Stories-1080-x-1920.jpg\" alt=\"\" class=\"wp-image-5154\"\/><\/figure>\n<!-- \/wp:image -->\n\n<!-- wp:image {\"id\":5155,\"sizeSlug\":\"large\",\"linkDestination\":\"none\"} -->\n<figure class=\"wp-block-image size-large\"><img src=\"https:\/\/www.iebschool.com\/saladeprensa\/wp-content\/uploads\/2022\/06\/Post-IG-y-Linkedin-1080x1080-1.png\" alt=\"\" class=\"wp-image-5155\"\/><\/figure>\n<!-- \/wp:image -->\n\n<!-- wp:image {\"id\":5156,\"sizeSlug\":\"large\",\"linkDestination\":\"none\"} -->\n<figure class=\"wp-block-image size-large\"><img src=\"https:\/\/www.iebschool.com\/saladeprensa\/wp-content\/uploads\/2022\/06\/Post-IG-y-Linkedin-1080x1080-2.png\" alt=\"\" class=\"wp-image-5156\"\/><\/figure>\n<!-- \/wp:image -->\n\n<!-- wp:image {\"id\":5157,\"sizeSlug\":\"large\",\"linkDestination\":\"none\"} -->\n<figure class=\"wp-block-image size-large\"><img src=\"https:\/\/www.iebschool.com\/saladeprensa\/wp-content\/uploads\/2022\/06\/Post-Twitter-1600-x-900-1.jpg\" alt=\"\" class=\"wp-image-5157\"\/><\/figure>\n<!-- \/wp:image --><\/figure>\n<!-- \/wp:gallery -->","protected":false},"excerpt":{"rendered":"","protected":false},"author":6,"featured_media":5152,"comment_status":"open","ping_status":"open","sticky":false,"template":"","format":"standard","meta":{"footnotes":""},"categories":[2],"tags":[],"class_list":["post-5151","post","type-post","status-publish","format-standard","has-post-thumbnail","hentry","category-somosiebs"],"yoast_head":"<!-- This site is optimized with the Yoast SEO Premium plugin v23.9 (Yoast SEO v24.6) - https:\/\/yoast.com\/wordpress\/plugins\/seo\/ -->\n<title>Llega el primer concurso de emprendedores para impulsar la Web 3.0 - Sala de Prensa<\/title>\n<meta name=\"description\" content=\"Los participantes podr\u00e1n inscribir sus proyectos hasta el 31 de agostoEl ganador podr\u00e1 cursar un M\u00e1ster o MBA de forma gratuita y recibir\u00e1 apoyo y\" \/>\n<meta name=\"robots\" content=\"index, follow, max-snippet:-1, max-image-preview:large, max-video-preview:-1\" \/>\n<link rel=\"canonical\" href=\"https:\/\/www.iebschool.com\/saladeprensa\/2022\/06\/15\/llega-el-primer-concurso-de-emprendedores-para-impulsar-la-web-3-0\/\" \/>\n<meta property=\"og:locale\" content=\"es_ES\" \/>\n<meta property=\"og:type\" content=\"article\" \/>\n<meta property=\"og:title\" content=\"Llega el primer concurso de emprendedores para impulsar la Web 3.0\" \/>\n<meta property=\"og:description\" content=\"Los participantes podr\u00e1n inscribir sus proyectos hasta el 31 de agostoEl ganador podr\u00e1 cursar un M\u00e1ster o MBA de forma gratuita y recibir\u00e1 apoyo y\" \/>\n<meta property=\"og:url\" content=\"https:\/\/www.iebschool.com\/saladeprensa\/2022\/06\/15\/llega-el-primer-concurso-de-emprendedores-para-impulsar-la-web-3-0\/\" \/>\n<meta property=\"og:site_name\" content=\"Sala de Prensa\" \/>\n<meta property=\"article:published_time\" content=\"2022-06-15T08:28:13+00:00\" \/>\n<meta property=\"article:modified_time\" content=\"2022-06-15T08:28:14+00:00\" \/>\n<meta property=\"og:image\" content=\"https:\/\/www.iebschool.com\/saladeprensa\/wp-content\/uploads\/2022\/06\/Post-Twitter-1600-x-900.jpg\" \/>\n\t<meta property=\"og:image:width\" content=\"1600\" \/>\n\t<meta property=\"og:image:height\" content=\"900\" \/>\n\t<meta property=\"og:image:type\" content=\"image\/jpeg\" \/>\n<meta name=\"author\" content=\"Elena Bello Garc\u00eda-Herrero\" \/>\n<meta name=\"twitter:card\" content=\"summary_large_image\" \/>\n<meta name=\"twitter:label1\" content=\"Escrito por\" \/>\n\t<meta name=\"twitter:data1\" content=\"Elena Bello Garc\u00eda-Herrero\" \/>\n\t<meta name=\"twitter:label2\" content=\"Tiempo de lectura\" \/>\n\t<meta name=\"twitter:data2\" content=\"2 minutos\" \/>\n<script type=\"application\/ld+json\" class=\"yoast-schema-graph\">{\"@context\":\"https:\/\/schema.org\",\"@graph\":[{\"@type\":\"Article\",\"@id\":\"https:\/\/www.iebschool.com\/saladeprensa\/2022\/06\/15\/llega-el-primer-concurso-de-emprendedores-para-impulsar-la-web-3-0\/#article\",\"isPartOf\":{\"@id\":\"https:\/\/www.iebschool.com\/saladeprensa\/2022\/06\/15\/llega-el-primer-concurso-de-emprendedores-para-impulsar-la-web-3-0\/\"},\"author\":{\"name\":\"Elena Bello Garc\u00eda-Herrero\",\"@id\":\"https:\/\/www.iebschool.com\/saladeprensa\/#\/schema\/person\/4a3de2c8103f95bc5fcb0bbf7cb2aaad\"},\"headline\":\"Llega el primer concurso de emprendedores para impulsar la Web 3.0\",\"datePublished\":\"2022-06-15T08:28:13+00:00\",\"dateModified\":\"2022-06-15T08:28:14+00:00\",\"mainEntityOfPage\":{\"@id\":\"https:\/\/www.iebschool.com\/saladeprensa\/2022\/06\/15\/llega-el-primer-concurso-de-emprendedores-para-impulsar-la-web-3-0\/\"},\"wordCount\":382,\"commentCount\":0,\"publisher\":{\"@id\":\"https:\/\/www.iebschool.com\/saladeprensa\/#organization\"},\"image\":{\"@id\":\"https:\/\/www.iebschool.com\/saladeprensa\/2022\/06\/15\/llega-el-primer-concurso-de-emprendedores-para-impulsar-la-web-3-0\/#primaryimage\"},\"thumbnailUrl\":\"https:\/\/www.iebschool.com\/saladeprensa\/wp-content\/uploads\/2022\/06\/Post-Twitter-1600-x-900.jpg\",\"articleSection\":[\"#SomosIEBS\"],\"inLanguage\":\"es\",\"potentialAction\":[{\"@type\":\"CommentAction\",\"name\":\"Comment\",\"target\":[\"https:\/\/www.iebschool.com\/saladeprensa\/2022\/06\/15\/llega-el-primer-concurso-de-emprendedores-para-impulsar-la-web-3-0\/#respond\"]}]},{\"@type\":\"WebPage\",\"@id\":\"https:\/\/www.iebschool.com\/saladeprensa\/2022\/06\/15\/llega-el-primer-concurso-de-emprendedores-para-impulsar-la-web-3-0\/\",\"url\":\"https:\/\/www.iebschool.com\/saladeprensa\/2022\/06\/15\/llega-el-primer-concurso-de-emprendedores-para-impulsar-la-web-3-0\/\",\"name\":\"Llega el primer concurso de emprendedores para impulsar la Web 3.0 - Sala de Prensa\",\"isPartOf\":{\"@id\":\"https:\/\/www.iebschool.com\/saladeprensa\/#website\"},\"primaryImageOfPage\":{\"@id\":\"https:\/\/www.iebschool.com\/saladeprensa\/2022\/06\/15\/llega-el-primer-concurso-de-emprendedores-para-impulsar-la-web-3-0\/#primaryimage\"},\"image\":{\"@id\":\"https:\/\/www.iebschool.com\/saladeprensa\/2022\/06\/15\/llega-el-primer-concurso-de-emprendedores-para-impulsar-la-web-3-0\/#primaryimage\"},\"thumbnailUrl\":\"https:\/\/www.iebschool.com\/saladeprensa\/wp-content\/uploads\/2022\/06\/Post-Twitter-1600-x-900.jpg\",\"datePublished\":\"2022-06-15T08:28:13+00:00\",\"dateModified\":\"2022-06-15T08:28:14+00:00\",\"description\":\"Los participantes podr\u00e1n inscribir sus proyectos hasta el 31 de agostoEl ganador podr\u00e1 cursar un M\u00e1ster o MBA de forma gratuita y recibir\u00e1 apoyo y\",\"breadcrumb\":{\"@id\":\"https:\/\/www.iebschool.com\/saladeprensa\/2022\/06\/15\/llega-el-primer-concurso-de-emprendedores-para-impulsar-la-web-3-0\/#breadcrumb\"},\"inLanguage\":\"es\",\"potentialAction\":[{\"@type\":\"ReadAction\",\"target\":[\"https:\/\/www.iebschool.com\/saladeprensa\/2022\/06\/15\/llega-el-primer-concurso-de-emprendedores-para-impulsar-la-web-3-0\/\"]}]},{\"@type\":\"ImageObject\",\"inLanguage\":\"es\",\"@id\":\"https:\/\/www.iebschool.com\/saladeprensa\/2022\/06\/15\/llega-el-primer-concurso-de-emprendedores-para-impulsar-la-web-3-0\/#primaryimage\",\"url\":\"https:\/\/www.iebschool.com\/saladeprensa\/wp-content\/uploads\/2022\/06\/Post-Twitter-1600-x-900.jpg\",\"contentUrl\":\"https:\/\/www.iebschool.com\/saladeprensa\/wp-content\/uploads\/2022\/06\/Post-Twitter-1600-x-900.jpg\",\"width\":1600,\"height\":900},{\"@type\":\"BreadcrumbList\",\"@id\":\"https:\/\/www.iebschool.com\/saladeprensa\/2022\/06\/15\/llega-el-primer-concurso-de-emprendedores-para-impulsar-la-web-3-0\/#breadcrumb\",\"itemListElement\":[{\"@type\":\"ListItem\",\"position\":1,\"name\":\"Portada\",\"item\":\"https:\/\/www.iebschool.com\/saladeprensa\/\"},{\"@type\":\"ListItem\",\"position\":2,\"name\":\"Llega el primer concurso de emprendedores para impulsar la Web 3.0\"}]},{\"@type\":\"WebSite\",\"@id\":\"https:\/\/www.iebschool.com\/saladeprensa\/#website\",\"url\":\"https:\/\/www.iebschool.com\/saladeprensa\/\",\"name\":\"Sala de Prensa\",\"description\":\"IEBS\",\"publisher\":{\"@id\":\"https:\/\/www.iebschool.com\/saladeprensa\/#organization\"},\"potentialAction\":[{\"@type\":\"SearchAction\",\"target\":{\"@type\":\"EntryPoint\",\"urlTemplate\":\"https:\/\/www.iebschool.com\/saladeprensa\/?s={search_term_string}\"},\"query-input\":{\"@type\":\"PropertyValueSpecification\",\"valueRequired\":true,\"valueName\":\"search_term_string\"}}],\"inLanguage\":\"es\"},{\"@type\":\"Organization\",\"@id\":\"https:\/\/www.iebschool.com\/saladeprensa\/#organization\",\"name\":\"Sala de Prensa\",\"url\":\"https:\/\/www.iebschool.com\/saladeprensa\/\",\"logo\":{\"@type\":\"ImageObject\",\"inLanguage\":\"es\",\"@id\":\"https:\/\/www.iebschool.com\/saladeprensa\/#\/schema\/logo\/image\/\",\"url\":\"https:\/\/www.iebschool.com\/saladeprensa\/wp-content\/uploads\/2026\/02\/IEBS_Logo_BusinessSchool_1_Hor_Violeta-scaled.png\",\"contentUrl\":\"https:\/\/www.iebschool.com\/saladeprensa\/wp-content\/uploads\/2026\/02\/IEBS_Logo_BusinessSchool_1_Hor_Violeta-scaled.png\",\"width\":2560,\"height\":374,\"caption\":\"Sala de Prensa\"},\"image\":{\"@id\":\"https:\/\/www.iebschool.com\/saladeprensa\/#\/schema\/logo\/image\/\"}},{\"@type\":\"Person\",\"@id\":\"https:\/\/www.iebschool.com\/saladeprensa\/#\/schema\/person\/4a3de2c8103f95bc5fcb0bbf7cb2aaad\",\"name\":\"Elena Bello Garc\u00eda-Herrero\",\"image\":{\"@type\":\"ImageObject\",\"inLanguage\":\"es\",\"@id\":\"https:\/\/www.iebschool.com\/saladeprensa\/#\/schema\/person\/image\/\",\"url\":\"https:\/\/secure.gravatar.com\/avatar\/8e066e7cf81bb35760e42a91c6ff520d5d16171bd3f7dba412223f0a53c98006?s=96&d=mm&r=g\",\"contentUrl\":\"https:\/\/secure.gravatar.com\/avatar\/8e066e7cf81bb35760e42a91c6ff520d5d16171bd3f7dba412223f0a53c98006?s=96&d=mm&r=g\",\"caption\":\"Elena Bello Garc\u00eda-Herrero\"},\"url\":\"https:\/\/www.iebschool.com\/saladeprensa\/author\/ebelloiebschool-com\/\"}]}<\/script>\n<!-- \/ Yoast SEO Premium plugin. -->","yoast_head_json":{"title":"Llega el primer concurso de emprendedores para impulsar la Web 3.0 - Sala de Prensa","description":"Los participantes podr\u00e1n inscribir sus proyectos hasta el 31 de agostoEl ganador podr\u00e1 cursar un M\u00e1ster o MBA de forma gratuita y recibir\u00e1 apoyo y","robots":{"index":"index","follow":"follow","max-snippet":"max-snippet:-1","max-image-preview":"max-image-preview:large","max-video-preview":"max-video-preview:-1"},"canonical":"https:\/\/www.iebschool.com\/saladeprensa\/2022\/06\/15\/llega-el-primer-concurso-de-emprendedores-para-impulsar-la-web-3-0\/","og_locale":"es_ES","og_type":"article","og_title":"Llega el primer concurso de emprendedores para impulsar la Web 3.0","og_description":"Los participantes podr\u00e1n inscribir sus proyectos hasta el 31 de agostoEl ganador podr\u00e1 cursar un M\u00e1ster o MBA de forma gratuita y recibir\u00e1 apoyo y","og_url":"https:\/\/www.iebschool.com\/saladeprensa\/2022\/06\/15\/llega-el-primer-concurso-de-emprendedores-para-impulsar-la-web-3-0\/","og_site_name":"Sala de Prensa","article_published_time":"2022-06-15T08:28:13+00:00","article_modified_time":"2022-06-15T08:28:14+00:00","og_image":[{"width":1600,"height":900,"url":"https:\/\/www.iebschool.com\/saladeprensa\/wp-content\/uploads\/2022\/06\/Post-Twitter-1600-x-900.jpg","type":"image\/jpeg"}],"author":"Elena Bello Garc\u00eda-Herrero","twitter_card":"summary_large_image","twitter_misc":{"Escrito por":"Elena Bello Garc\u00eda-Herrero","Tiempo de lectura":"2 minutos"},"schema":{"@context":"https:\/\/schema.org","@graph":[{"@type":"Article","@id":"https:\/\/www.iebschool.com\/saladeprensa\/2022\/06\/15\/llega-el-primer-concurso-de-emprendedores-para-impulsar-la-web-3-0\/#article","isPartOf":{"@id":"https:\/\/www.iebschool.com\/saladeprensa\/2022\/06\/15\/llega-el-primer-concurso-de-emprendedores-para-impulsar-la-web-3-0\/"},"author":{"name":"Elena Bello Garc\u00eda-Herrero","@id":"https:\/\/www.iebschool.com\/saladeprensa\/#\/schema\/person\/4a3de2c8103f95bc5fcb0bbf7cb2aaad"},"headline":"Llega el primer concurso de emprendedores para impulsar la Web 3.0","datePublished":"2022-06-15T08:28:13+00:00","dateModified":"2022-06-15T08:28:14+00:00","mainEntityOfPage":{"@id":"https:\/\/www.iebschool.com\/saladeprensa\/2022\/06\/15\/llega-el-primer-concurso-de-emprendedores-para-impulsar-la-web-3-0\/"},"wordCount":382,"commentCount":0,"publisher":{"@id":"https:\/\/www.iebschool.com\/saladeprensa\/#organization"},"image":{"@id":"https:\/\/www.iebschool.com\/saladeprensa\/2022\/06\/15\/llega-el-primer-concurso-de-emprendedores-para-impulsar-la-web-3-0\/#primaryimage"},"thumbnailUrl":"https:\/\/www.iebschool.com\/saladeprensa\/wp-content\/uploads\/2022\/06\/Post-Twitter-1600-x-900.jpg","articleSection":["#SomosIEBS"],"inLanguage":"es","potentialAction":[{"@type":"CommentAction","name":"Comment","target":["https:\/\/www.iebschool.com\/saladeprensa\/2022\/06\/15\/llega-el-primer-concurso-de-emprendedores-para-impulsar-la-web-3-0\/#respond"]}]},{"@type":"WebPage","@id":"https:\/\/www.iebschool.com\/saladeprensa\/2022\/06\/15\/llega-el-primer-concurso-de-emprendedores-para-impulsar-la-web-3-0\/","url":"https:\/\/www.iebschool.com\/saladeprensa\/2022\/06\/15\/llega-el-primer-concurso-de-emprendedores-para-impulsar-la-web-3-0\/","name":"Llega el primer concurso de emprendedores para impulsar la Web 3.0 - Sala de Prensa","isPartOf":{"@id":"https:\/\/www.iebschool.com\/saladeprensa\/#website"},"primaryImageOfPage":{"@id":"https:\/\/www.iebschool.com\/saladeprensa\/2022\/06\/15\/llega-el-primer-concurso-de-emprendedores-para-impulsar-la-web-3-0\/#primaryimage"},"image":{"@id":"https:\/\/www.iebschool.com\/saladeprensa\/2022\/06\/15\/llega-el-primer-concurso-de-emprendedores-para-impulsar-la-web-3-0\/#primaryimage"},"thumbnailUrl":"https:\/\/www.iebschool.com\/saladeprensa\/wp-content\/uploads\/2022\/06\/Post-Twitter-1600-x-900.jpg","datePublished":"2022-06-15T08:28:13+00:00","dateModified":"2022-06-15T08:28:14+00:00","description":"Los participantes podr\u00e1n inscribir sus proyectos hasta el 31 de agostoEl ganador podr\u00e1 cursar un M\u00e1ster o MBA de forma gratuita y recibir\u00e1 apoyo y","breadcrumb":{"@id":"https:\/\/www.iebschool.com\/saladeprensa\/2022\/06\/15\/llega-el-primer-concurso-de-emprendedores-para-impulsar-la-web-3-0\/#breadcrumb"},"inLanguage":"es","potentialAction":[{"@type":"ReadAction","target":["https:\/\/www.iebschool.com\/saladeprensa\/2022\/06\/15\/llega-el-primer-concurso-de-emprendedores-para-impulsar-la-web-3-0\/"]}]},{"@type":"ImageObject","inLanguage":"es","@id":"https:\/\/www.iebschool.com\/saladeprensa\/2022\/06\/15\/llega-el-primer-concurso-de-emprendedores-para-impulsar-la-web-3-0\/#primaryimage","url":"https:\/\/www.iebschool.com\/saladeprensa\/wp-content\/uploads\/2022\/06\/Post-Twitter-1600-x-900.jpg","contentUrl":"https:\/\/www.iebschool.com\/saladeprensa\/wp-content\/uploads\/2022\/06\/Post-Twitter-1600-x-900.jpg","width":1600,"height":900},{"@type":"BreadcrumbList","@id":"https:\/\/www.iebschool.com\/saladeprensa\/2022\/06\/15\/llega-el-primer-concurso-de-emprendedores-para-impulsar-la-web-3-0\/#breadcrumb","itemListElement":[{"@type":"ListItem","position":1,"name":"Portada","item":"https:\/\/www.iebschool.com\/saladeprensa\/"},{"@type":"ListItem","position":2,"name":"Llega el primer concurso de emprendedores para impulsar la Web 3.0"}]},{"@type":"WebSite","@id":"https:\/\/www.iebschool.com\/saladeprensa\/#website","url":"https:\/\/www.iebschool.com\/saladeprensa\/","name":"Sala de Prensa","description":"IEBS","publisher":{"@id":"https:\/\/www.iebschool.com\/saladeprensa\/#organization"},"potentialAction":[{"@type":"SearchAction","target":{"@type":"EntryPoint","urlTemplate":"https:\/\/www.iebschool.com\/saladeprensa\/?s={search_term_string}"},"query-input":{"@type":"PropertyValueSpecification","valueRequired":true,"valueName":"search_term_string"}}],"inLanguage":"es"},{"@type":"Organization","@id":"https:\/\/www.iebschool.com\/saladeprensa\/#organization","name":"Sala de Prensa","url":"https:\/\/www.iebschool.com\/saladeprensa\/","logo":{"@type":"ImageObject","inLanguage":"es","@id":"https:\/\/www.iebschool.com\/saladeprensa\/#\/schema\/logo\/image\/","url":"https:\/\/www.iebschool.com\/saladeprensa\/wp-content\/uploads\/2026\/02\/IEBS_Logo_BusinessSchool_1_Hor_Violeta-scaled.png","contentUrl":"https:\/\/www.iebschool.com\/saladeprensa\/wp-content\/uploads\/2026\/02\/IEBS_Logo_BusinessSchool_1_Hor_Violeta-scaled.png","width":2560,"height":374,"caption":"Sala de Prensa"},"image":{"@id":"https:\/\/www.iebschool.com\/saladeprensa\/#\/schema\/logo\/image\/"}},{"@type":"Person","@id":"https:\/\/www.iebschool.com\/saladeprensa\/#\/schema\/person\/4a3de2c8103f95bc5fcb0bbf7cb2aaad","name":"Elena Bello Garc\u00eda-Herrero","image":{"@type":"ImageObject","inLanguage":"es","@id":"https:\/\/www.iebschool.com\/saladeprensa\/#\/schema\/person\/image\/","url":"https:\/\/secure.gravatar.com\/avatar\/8e066e7cf81bb35760e42a91c6ff520d5d16171bd3f7dba412223f0a53c98006?s=96&d=mm&r=g","contentUrl":"https:\/\/secure.gravatar.com\/avatar\/8e066e7cf81bb35760e42a91c6ff520d5d16171bd3f7dba412223f0a53c98006?s=96&d=mm&r=g","caption":"Elena Bello Garc\u00eda-Herrero"},"url":"https:\/\/www.iebschool.com\/saladeprensa\/author\/ebelloiebschool-com\/"}]}},"image_thumbnail":"https:\/\/www.iebschool.com\/saladeprensa\/wp-content\/uploads\/2022\/06\/Post-Twitter-1600-x-900-300x169.jpg","image_full":"https:\/\/www.iebschool.com\/saladeprensa\/wp-content\/uploads\/2022\/06\/Post-Twitter-1600-x-900.jpg","categoria":{"nombre":"#SomosIEBS","slug":"category\/somosiebs"},"_links":{"self":[{"href":"https:\/\/www.iebschool.com\/saladeprensa\/wp-json\/wp\/v2\/posts\/5151","targetHints":{"allow":["GET"]}}],"collection":[{"href":"https:\/\/www.iebschool.com\/saladeprensa\/wp-json\/wp\/v2\/posts"}],"about":[{"href":"https:\/\/www.iebschool.com\/saladeprensa\/wp-json\/wp\/v2\/types\/post"}],"author":[{"embeddable":true,"href":"https:\/\/www.iebschool.com\/saladeprensa\/wp-json\/wp\/v2\/users\/6"}],"replies":[{"embeddable":true,"href":"https:\/\/www.iebschool.com\/saladeprensa\/wp-json\/wp\/v2\/comments?post=5151"}],"version-history":[{"count":1,"href":"https:\/\/www.iebschool.com\/saladeprensa\/wp-json\/wp\/v2\/posts\/5151\/revisions"}],"predecessor-version":[{"id":5158,"href":"https:\/\/www.iebschool.com\/saladeprensa\/wp-json\/wp\/v2\/posts\/5151\/revisions\/5158"}],"wp:featuredmedia":[{"embeddable":true,"href":"https:\/\/www.iebschool.com\/saladeprensa\/wp-json\/wp\/v2\/media\/5152"}],"wp:attachment":[{"href":"https:\/\/www.iebschool.com\/saladeprensa\/wp-json\/wp\/v2\/media?parent=5151"}],"wp:term":[{"taxonomy":"category","embeddable":true,"href":"https:\/\/www.iebschool.com\/saladeprensa\/wp-json\/wp\/v2\/categories?post=5151"},{"taxonomy":"post_tag","embeddable":true,"href":"https:\/\/www.iebschool.com\/saladeprensa\/wp-json\/wp\/v2\/tags?post=5151"}],"curies":[{"name":"wp","href":"https:\/\/api.w.org\/{rel}","templated":true}]}}