{"id":5164,"date":"2022-06-21T15:58:36","date_gmt":"2022-06-21T15:58:36","guid":{"rendered":"https:\/\/www.iebschool.com\/saladeprensa\/?p=5164"},"modified":"2022-06-21T16:07:55","modified_gmt":"2022-06-21T16:07:55","slug":"iebs-y-oracle-organizan-el-cybersecurity-day-para-analizar-la-situacion-actual-de-la-seguridad-informatica","status":"publish","type":"post","link":"https:\/\/www.iebschool.com\/saladeprensa\/2022\/06\/21\/iebs-y-oracle-organizan-el-cybersecurity-day-para-analizar-la-situacion-actual-de-la-seguridad-informatica\/","title":{"rendered":"IEBS y Oracle organizan el Cybersecurity Day para analizar la situaci\u00f3n actual de la seguridad inform\u00e1tica"},"content":{"rendered":"<!-- wp:list -->\n<ul><li><em>El evento se celebrar\u00e1 el 30 de junio v\u00eda streaming y en el metaverso, y el acceso ser\u00e1 libre y gratuito<\/em><\/li><li><em>La cita contar\u00e1 con ponentes del nivel de Lorena Bravo, Head de Tecnolog\u00eda y Transformaci\u00f3n para Oracle M\u00e9xico, Oriol Sol\u00e0, CISO de WeFox y Emilio Rojas, Solution Engineer, Oracle LATAM Knowledge and Security<\/em><\/li><\/ul>\n<!-- \/wp:list -->\n\n<!-- wp:paragraph -->\n<p>La <a href=\"https:\/\/www.iebschool.com\/\"><strong>Escuela Digital IEBS<\/strong><\/a> presenta, junto a <a href=\"https:\/\/www.oracle.com\/\"><strong>Oracle<\/strong><\/a>, una nueva edici\u00f3n del <a href=\"https:\/\/www.cybersecurityday.es\/\"><strong>Cybersecurity Day<\/strong><\/a>, un evento online y gratuito en el que l\u00edderes expertos en seguridad inform\u00e1tica y ciberamenazas compartir\u00e1n sus experiencias en el desarrollo de acciones de prevenci\u00f3n y respuesta ante ciberdelincuentes cada vez m\u00e1s especializados y organizados. Este evento se llevar\u00e1 a cabo en el metaverso, para que los asistentes puedan experimentar de primera mano el uso de esta nueva tecnolog\u00eda.<\/p>\n<!-- \/wp:paragraph -->\n\n<!-- wp:paragraph -->\n<p>Los ciberataques est\u00e1n volviendo a registrar en 2022 cifras r\u00e9cord y son cada vez m\u00e1s sofisticados. Las consecuencias de un ciberataque a una empresa pueden ser letales, pero muchos de los riesgos pueden prevenirse con las herramientas necesarias. De hecho, seg\u00fan un estudio de PWC, el 69% de las compa\u00f1\u00edas en el mundo prev\u00e9 aumentar sus inversiones en ciberseguridad, frente al 55% del a\u00f1o anterior. Datos de este mismo informe se\u00f1alan que el 50% de las organizaciones entrevistadas espera que los ataques cibern\u00e9ticos sigan aumentando este a\u00f1o.<\/p>\n<!-- \/wp:paragraph -->\n\n<!-- wp:paragraph -->\n<p>Por todo esto, se hace fundamental aumentar las medidas de seguridad inform\u00e1tica sobre los sistemas de cualquier organizaci\u00f3n, as\u00ed como conocer las principales ciberamenazas que permita identificarlas y evitarlas, y contar con especialistas en el \u00e1mbito. Un estudio del Instituto Nacional de Ciberseguridad (INCIBE), se\u00f1alaba que la demanda de profesionales expertos en ciberseguridad duplicar\u00e1 la oferta disponible en 2024, para el que se requerir\u00e1n alrededor de 83.000 profesionales.<\/p>\n<!-- \/wp:paragraph -->\n\n<!-- wp:paragraph -->\n<p>En este sentido, <a href=\"https:\/\/www.cybersecurityday.es\/\"><strong>Cybersecurity Day<\/strong><\/a> es un evento que nace con el objetivo de divulgar, con ejemplos y casos de \u00e9xito, c\u00f3mo algunas organizaciones han logrado superar los retos de la seguridad inform\u00e1tica. Las ponencias tratar\u00e1n temas tan relevantes en la actualidad como la privacidad de datos en el metaverso y los distintos tipos de ataques cibern\u00e9ticos. Adem\u00e1s, tambi\u00e9n se celebrar\u00e1 una mesa redonda sobre por d\u00f3nde empezar un proyecto de ciberseguridad.<\/p>\n<!-- \/wp:paragraph -->\n\n<!-- wp:paragraph -->\n<p>El evento contar\u00e1 con ponentes del nivel de <strong>Lorena Bravo<\/strong>, Head de Tecnolog\u00eda y Transformaci\u00f3n para Oracle M\u00e9xico, <strong>Oriol Sol\u00e0<\/strong>, CISO de WeFox, <strong>Clara Ferreiro<\/strong>, EMEA Business Development Manager en Netscout y <strong>Emilio Rojas<\/strong>, Solution Engineer, Oracle LATAM Knowledge and Security, entre otros.<\/p>\n<!-- \/wp:paragraph -->\n\n<!-- wp:paragraph -->\n<p>Como indica <strong>Oscar Fuente, Director y Fundador de IEBS<\/strong>: <em>\u201cOrganizamos esta edici\u00f3n del Cybersecurity Day con la colaboraci\u00f3n del gigante tecnol\u00f3gico Oracle para dar un paso m\u00e1s en nuestro compromiso por el desarrollo tecnol\u00f3gico, ofreciendo un programa espec\u00edficamente dise\u00f1ado para impulsar la concienciaci\u00f3n en el uso responsable de las nuevas tecnolog\u00edas\u201d<\/em>.<\/p>\n<!-- \/wp:paragraph -->\n\n<!-- wp:paragraph -->\n<p>La jornada se llevar\u00e1 a cabo el pr\u00f3ximo 30 de junio v\u00eda streaming y en el metaverso, desde las 16.00h (CEST), 9:00 h. de CDMX, y finalizando a las 17.40h con una mesa redonda. Es posible registrarse de forma completamente gratuita desde <a href=\"https:\/\/www.cybersecurityday.es\/\">https:\/\/www.cybersecurityday.es\/<\/a><\/p>\n<!-- \/wp:paragraph -->","protected":false},"excerpt":{"rendered":"","protected":false},"author":6,"featured_media":5166,"comment_status":"open","ping_status":"open","sticky":false,"template":"","format":"standard","meta":{"footnotes":""},"categories":[2],"tags":[],"class_list":["post-5164","post","type-post","status-publish","format-standard","has-post-thumbnail","hentry","category-somosiebs"],"yoast_head":"<!-- This site is optimized with the Yoast SEO Premium plugin v23.9 (Yoast SEO v24.6) - https:\/\/yoast.com\/wordpress\/plugins\/seo\/ -->\n<title>IEBS y Oracle organizan el Cybersecurity Day para analizar la situaci\u00f3n actual de la seguridad inform\u00e1tica - Sala de Prensa<\/title>\n<meta name=\"description\" content=\"El evento se celebrar\u00e1 el 30 de junio v\u00eda streaming y en el metaverso, y el acceso ser\u00e1 libre y gratuitoLa cita contar\u00e1 con ponentes del nivel de Lorena\" \/>\n<meta name=\"robots\" content=\"index, follow, max-snippet:-1, max-image-preview:large, max-video-preview:-1\" \/>\n<link rel=\"canonical\" href=\"https:\/\/www.iebschool.com\/saladeprensa\/2022\/06\/21\/iebs-y-oracle-organizan-el-cybersecurity-day-para-analizar-la-situacion-actual-de-la-seguridad-informatica\/\" \/>\n<meta property=\"og:locale\" content=\"es_ES\" \/>\n<meta property=\"og:type\" content=\"article\" \/>\n<meta property=\"og:title\" content=\"IEBS y Oracle organizan el Cybersecurity Day para analizar la situaci\u00f3n actual de la seguridad inform\u00e1tica\" \/>\n<meta property=\"og:description\" content=\"El evento se celebrar\u00e1 el 30 de junio v\u00eda streaming y en el metaverso, y el acceso ser\u00e1 libre y gratuitoLa cita contar\u00e1 con ponentes del nivel de Lorena\" \/>\n<meta property=\"og:url\" content=\"https:\/\/www.iebschool.com\/saladeprensa\/2022\/06\/21\/iebs-y-oracle-organizan-el-cybersecurity-day-para-analizar-la-situacion-actual-de-la-seguridad-informatica\/\" \/>\n<meta property=\"og:site_name\" content=\"Sala de Prensa\" \/>\n<meta property=\"article:published_time\" content=\"2022-06-21T15:58:36+00:00\" \/>\n<meta property=\"article:modified_time\" content=\"2022-06-21T16:07:55+00:00\" \/>\n<meta property=\"og:image\" content=\"https:\/\/www.iebschool.com\/saladeprensa\/wp-content\/uploads\/2022\/06\/Diseno-Cybersecurity-Day-1200-x-627-4.jpg\" \/>\n\t<meta property=\"og:image:width\" content=\"1200\" \/>\n\t<meta property=\"og:image:height\" content=\"627\" \/>\n\t<meta property=\"og:image:type\" content=\"image\/jpeg\" \/>\n<meta name=\"author\" content=\"Elena Bello Garc\u00eda-Herrero\" \/>\n<meta name=\"twitter:card\" content=\"summary_large_image\" \/>\n<meta name=\"twitter:label1\" content=\"Escrito por\" \/>\n\t<meta name=\"twitter:data1\" content=\"Elena Bello Garc\u00eda-Herrero\" \/>\n\t<meta name=\"twitter:label2\" content=\"Tiempo de lectura\" \/>\n\t<meta name=\"twitter:data2\" content=\"3 minutos\" \/>\n<script type=\"application\/ld+json\" class=\"yoast-schema-graph\">{\"@context\":\"https:\/\/schema.org\",\"@graph\":[{\"@type\":\"Article\",\"@id\":\"https:\/\/www.iebschool.com\/saladeprensa\/2022\/06\/21\/iebs-y-oracle-organizan-el-cybersecurity-day-para-analizar-la-situacion-actual-de-la-seguridad-informatica\/#article\",\"isPartOf\":{\"@id\":\"https:\/\/www.iebschool.com\/saladeprensa\/2022\/06\/21\/iebs-y-oracle-organizan-el-cybersecurity-day-para-analizar-la-situacion-actual-de-la-seguridad-informatica\/\"},\"author\":{\"name\":\"Elena Bello Garc\u00eda-Herrero\",\"@id\":\"https:\/\/www.iebschool.com\/saladeprensa\/#\/schema\/person\/4a3de2c8103f95bc5fcb0bbf7cb2aaad\"},\"headline\":\"IEBS y Oracle organizan el Cybersecurity Day para analizar la situaci\u00f3n actual de la seguridad inform\u00e1tica\",\"datePublished\":\"2022-06-21T15:58:36+00:00\",\"dateModified\":\"2022-06-21T16:07:55+00:00\",\"mainEntityOfPage\":{\"@id\":\"https:\/\/www.iebschool.com\/saladeprensa\/2022\/06\/21\/iebs-y-oracle-organizan-el-cybersecurity-day-para-analizar-la-situacion-actual-de-la-seguridad-informatica\/\"},\"wordCount\":548,\"commentCount\":0,\"publisher\":{\"@id\":\"https:\/\/www.iebschool.com\/saladeprensa\/#organization\"},\"image\":{\"@id\":\"https:\/\/www.iebschool.com\/saladeprensa\/2022\/06\/21\/iebs-y-oracle-organizan-el-cybersecurity-day-para-analizar-la-situacion-actual-de-la-seguridad-informatica\/#primaryimage\"},\"thumbnailUrl\":\"https:\/\/www.iebschool.com\/saladeprensa\/wp-content\/uploads\/2022\/06\/Diseno-Cybersecurity-Day-1200-x-627-4.jpg\",\"articleSection\":[\"#SomosIEBS\"],\"inLanguage\":\"es\",\"potentialAction\":[{\"@type\":\"CommentAction\",\"name\":\"Comment\",\"target\":[\"https:\/\/www.iebschool.com\/saladeprensa\/2022\/06\/21\/iebs-y-oracle-organizan-el-cybersecurity-day-para-analizar-la-situacion-actual-de-la-seguridad-informatica\/#respond\"]}]},{\"@type\":\"WebPage\",\"@id\":\"https:\/\/www.iebschool.com\/saladeprensa\/2022\/06\/21\/iebs-y-oracle-organizan-el-cybersecurity-day-para-analizar-la-situacion-actual-de-la-seguridad-informatica\/\",\"url\":\"https:\/\/www.iebschool.com\/saladeprensa\/2022\/06\/21\/iebs-y-oracle-organizan-el-cybersecurity-day-para-analizar-la-situacion-actual-de-la-seguridad-informatica\/\",\"name\":\"IEBS y Oracle organizan el Cybersecurity Day para analizar la situaci\u00f3n actual de la seguridad inform\u00e1tica - Sala de Prensa\",\"isPartOf\":{\"@id\":\"https:\/\/www.iebschool.com\/saladeprensa\/#website\"},\"primaryImageOfPage\":{\"@id\":\"https:\/\/www.iebschool.com\/saladeprensa\/2022\/06\/21\/iebs-y-oracle-organizan-el-cybersecurity-day-para-analizar-la-situacion-actual-de-la-seguridad-informatica\/#primaryimage\"},\"image\":{\"@id\":\"https:\/\/www.iebschool.com\/saladeprensa\/2022\/06\/21\/iebs-y-oracle-organizan-el-cybersecurity-day-para-analizar-la-situacion-actual-de-la-seguridad-informatica\/#primaryimage\"},\"thumbnailUrl\":\"https:\/\/www.iebschool.com\/saladeprensa\/wp-content\/uploads\/2022\/06\/Diseno-Cybersecurity-Day-1200-x-627-4.jpg\",\"datePublished\":\"2022-06-21T15:58:36+00:00\",\"dateModified\":\"2022-06-21T16:07:55+00:00\",\"description\":\"El evento se celebrar\u00e1 el 30 de junio v\u00eda streaming y en el metaverso, y el acceso ser\u00e1 libre y gratuitoLa cita contar\u00e1 con ponentes del nivel de Lorena\",\"breadcrumb\":{\"@id\":\"https:\/\/www.iebschool.com\/saladeprensa\/2022\/06\/21\/iebs-y-oracle-organizan-el-cybersecurity-day-para-analizar-la-situacion-actual-de-la-seguridad-informatica\/#breadcrumb\"},\"inLanguage\":\"es\",\"potentialAction\":[{\"@type\":\"ReadAction\",\"target\":[\"https:\/\/www.iebschool.com\/saladeprensa\/2022\/06\/21\/iebs-y-oracle-organizan-el-cybersecurity-day-para-analizar-la-situacion-actual-de-la-seguridad-informatica\/\"]}]},{\"@type\":\"ImageObject\",\"inLanguage\":\"es\",\"@id\":\"https:\/\/www.iebschool.com\/saladeprensa\/2022\/06\/21\/iebs-y-oracle-organizan-el-cybersecurity-day-para-analizar-la-situacion-actual-de-la-seguridad-informatica\/#primaryimage\",\"url\":\"https:\/\/www.iebschool.com\/saladeprensa\/wp-content\/uploads\/2022\/06\/Diseno-Cybersecurity-Day-1200-x-627-4.jpg\",\"contentUrl\":\"https:\/\/www.iebschool.com\/saladeprensa\/wp-content\/uploads\/2022\/06\/Diseno-Cybersecurity-Day-1200-x-627-4.jpg\",\"width\":1200,\"height\":627},{\"@type\":\"BreadcrumbList\",\"@id\":\"https:\/\/www.iebschool.com\/saladeprensa\/2022\/06\/21\/iebs-y-oracle-organizan-el-cybersecurity-day-para-analizar-la-situacion-actual-de-la-seguridad-informatica\/#breadcrumb\",\"itemListElement\":[{\"@type\":\"ListItem\",\"position\":1,\"name\":\"Portada\",\"item\":\"https:\/\/www.iebschool.com\/saladeprensa\/\"},{\"@type\":\"ListItem\",\"position\":2,\"name\":\"IEBS y Oracle organizan el Cybersecurity Day para analizar la situaci\u00f3n actual de la seguridad inform\u00e1tica\"}]},{\"@type\":\"WebSite\",\"@id\":\"https:\/\/www.iebschool.com\/saladeprensa\/#website\",\"url\":\"https:\/\/www.iebschool.com\/saladeprensa\/\",\"name\":\"Sala de Prensa\",\"description\":\"IEBS\",\"publisher\":{\"@id\":\"https:\/\/www.iebschool.com\/saladeprensa\/#organization\"},\"potentialAction\":[{\"@type\":\"SearchAction\",\"target\":{\"@type\":\"EntryPoint\",\"urlTemplate\":\"https:\/\/www.iebschool.com\/saladeprensa\/?s={search_term_string}\"},\"query-input\":{\"@type\":\"PropertyValueSpecification\",\"valueRequired\":true,\"valueName\":\"search_term_string\"}}],\"inLanguage\":\"es\"},{\"@type\":\"Organization\",\"@id\":\"https:\/\/www.iebschool.com\/saladeprensa\/#organization\",\"name\":\"Sala de Prensa\",\"url\":\"https:\/\/www.iebschool.com\/saladeprensa\/\",\"logo\":{\"@type\":\"ImageObject\",\"inLanguage\":\"es\",\"@id\":\"https:\/\/www.iebschool.com\/saladeprensa\/#\/schema\/logo\/image\/\",\"url\":\"https:\/\/www.iebschool.com\/saladeprensa\/wp-content\/uploads\/2026\/02\/IEBS_Logo_BusinessSchool_1_Hor_Violeta-scaled.png\",\"contentUrl\":\"https:\/\/www.iebschool.com\/saladeprensa\/wp-content\/uploads\/2026\/02\/IEBS_Logo_BusinessSchool_1_Hor_Violeta-scaled.png\",\"width\":2560,\"height\":374,\"caption\":\"Sala de Prensa\"},\"image\":{\"@id\":\"https:\/\/www.iebschool.com\/saladeprensa\/#\/schema\/logo\/image\/\"}},{\"@type\":\"Person\",\"@id\":\"https:\/\/www.iebschool.com\/saladeprensa\/#\/schema\/person\/4a3de2c8103f95bc5fcb0bbf7cb2aaad\",\"name\":\"Elena Bello Garc\u00eda-Herrero\",\"image\":{\"@type\":\"ImageObject\",\"inLanguage\":\"es\",\"@id\":\"https:\/\/www.iebschool.com\/saladeprensa\/#\/schema\/person\/image\/\",\"url\":\"https:\/\/secure.gravatar.com\/avatar\/8e066e7cf81bb35760e42a91c6ff520d5d16171bd3f7dba412223f0a53c98006?s=96&d=mm&r=g\",\"contentUrl\":\"https:\/\/secure.gravatar.com\/avatar\/8e066e7cf81bb35760e42a91c6ff520d5d16171bd3f7dba412223f0a53c98006?s=96&d=mm&r=g\",\"caption\":\"Elena Bello Garc\u00eda-Herrero\"},\"url\":\"https:\/\/www.iebschool.com\/saladeprensa\/author\/ebelloiebschool-com\/\"}]}<\/script>\n<!-- \/ Yoast SEO Premium plugin. -->","yoast_head_json":{"title":"IEBS y Oracle organizan el Cybersecurity Day para analizar la situaci\u00f3n actual de la seguridad inform\u00e1tica - Sala de Prensa","description":"El evento se celebrar\u00e1 el 30 de junio v\u00eda streaming y en el metaverso, y el acceso ser\u00e1 libre y gratuitoLa cita contar\u00e1 con ponentes del nivel de Lorena","robots":{"index":"index","follow":"follow","max-snippet":"max-snippet:-1","max-image-preview":"max-image-preview:large","max-video-preview":"max-video-preview:-1"},"canonical":"https:\/\/www.iebschool.com\/saladeprensa\/2022\/06\/21\/iebs-y-oracle-organizan-el-cybersecurity-day-para-analizar-la-situacion-actual-de-la-seguridad-informatica\/","og_locale":"es_ES","og_type":"article","og_title":"IEBS y Oracle organizan el Cybersecurity Day para analizar la situaci\u00f3n actual de la seguridad inform\u00e1tica","og_description":"El evento se celebrar\u00e1 el 30 de junio v\u00eda streaming y en el metaverso, y el acceso ser\u00e1 libre y gratuitoLa cita contar\u00e1 con ponentes del nivel de Lorena","og_url":"https:\/\/www.iebschool.com\/saladeprensa\/2022\/06\/21\/iebs-y-oracle-organizan-el-cybersecurity-day-para-analizar-la-situacion-actual-de-la-seguridad-informatica\/","og_site_name":"Sala de Prensa","article_published_time":"2022-06-21T15:58:36+00:00","article_modified_time":"2022-06-21T16:07:55+00:00","og_image":[{"width":1200,"height":627,"url":"https:\/\/www.iebschool.com\/saladeprensa\/wp-content\/uploads\/2022\/06\/Diseno-Cybersecurity-Day-1200-x-627-4.jpg","type":"image\/jpeg"}],"author":"Elena Bello Garc\u00eda-Herrero","twitter_card":"summary_large_image","twitter_misc":{"Escrito por":"Elena Bello Garc\u00eda-Herrero","Tiempo de lectura":"3 minutos"},"schema":{"@context":"https:\/\/schema.org","@graph":[{"@type":"Article","@id":"https:\/\/www.iebschool.com\/saladeprensa\/2022\/06\/21\/iebs-y-oracle-organizan-el-cybersecurity-day-para-analizar-la-situacion-actual-de-la-seguridad-informatica\/#article","isPartOf":{"@id":"https:\/\/www.iebschool.com\/saladeprensa\/2022\/06\/21\/iebs-y-oracle-organizan-el-cybersecurity-day-para-analizar-la-situacion-actual-de-la-seguridad-informatica\/"},"author":{"name":"Elena Bello Garc\u00eda-Herrero","@id":"https:\/\/www.iebschool.com\/saladeprensa\/#\/schema\/person\/4a3de2c8103f95bc5fcb0bbf7cb2aaad"},"headline":"IEBS y Oracle organizan el Cybersecurity Day para analizar la situaci\u00f3n actual de la seguridad inform\u00e1tica","datePublished":"2022-06-21T15:58:36+00:00","dateModified":"2022-06-21T16:07:55+00:00","mainEntityOfPage":{"@id":"https:\/\/www.iebschool.com\/saladeprensa\/2022\/06\/21\/iebs-y-oracle-organizan-el-cybersecurity-day-para-analizar-la-situacion-actual-de-la-seguridad-informatica\/"},"wordCount":548,"commentCount":0,"publisher":{"@id":"https:\/\/www.iebschool.com\/saladeprensa\/#organization"},"image":{"@id":"https:\/\/www.iebschool.com\/saladeprensa\/2022\/06\/21\/iebs-y-oracle-organizan-el-cybersecurity-day-para-analizar-la-situacion-actual-de-la-seguridad-informatica\/#primaryimage"},"thumbnailUrl":"https:\/\/www.iebschool.com\/saladeprensa\/wp-content\/uploads\/2022\/06\/Diseno-Cybersecurity-Day-1200-x-627-4.jpg","articleSection":["#SomosIEBS"],"inLanguage":"es","potentialAction":[{"@type":"CommentAction","name":"Comment","target":["https:\/\/www.iebschool.com\/saladeprensa\/2022\/06\/21\/iebs-y-oracle-organizan-el-cybersecurity-day-para-analizar-la-situacion-actual-de-la-seguridad-informatica\/#respond"]}]},{"@type":"WebPage","@id":"https:\/\/www.iebschool.com\/saladeprensa\/2022\/06\/21\/iebs-y-oracle-organizan-el-cybersecurity-day-para-analizar-la-situacion-actual-de-la-seguridad-informatica\/","url":"https:\/\/www.iebschool.com\/saladeprensa\/2022\/06\/21\/iebs-y-oracle-organizan-el-cybersecurity-day-para-analizar-la-situacion-actual-de-la-seguridad-informatica\/","name":"IEBS y Oracle organizan el Cybersecurity Day para analizar la situaci\u00f3n actual de la seguridad inform\u00e1tica - Sala de Prensa","isPartOf":{"@id":"https:\/\/www.iebschool.com\/saladeprensa\/#website"},"primaryImageOfPage":{"@id":"https:\/\/www.iebschool.com\/saladeprensa\/2022\/06\/21\/iebs-y-oracle-organizan-el-cybersecurity-day-para-analizar-la-situacion-actual-de-la-seguridad-informatica\/#primaryimage"},"image":{"@id":"https:\/\/www.iebschool.com\/saladeprensa\/2022\/06\/21\/iebs-y-oracle-organizan-el-cybersecurity-day-para-analizar-la-situacion-actual-de-la-seguridad-informatica\/#primaryimage"},"thumbnailUrl":"https:\/\/www.iebschool.com\/saladeprensa\/wp-content\/uploads\/2022\/06\/Diseno-Cybersecurity-Day-1200-x-627-4.jpg","datePublished":"2022-06-21T15:58:36+00:00","dateModified":"2022-06-21T16:07:55+00:00","description":"El evento se celebrar\u00e1 el 30 de junio v\u00eda streaming y en el metaverso, y el acceso ser\u00e1 libre y gratuitoLa cita contar\u00e1 con ponentes del nivel de Lorena","breadcrumb":{"@id":"https:\/\/www.iebschool.com\/saladeprensa\/2022\/06\/21\/iebs-y-oracle-organizan-el-cybersecurity-day-para-analizar-la-situacion-actual-de-la-seguridad-informatica\/#breadcrumb"},"inLanguage":"es","potentialAction":[{"@type":"ReadAction","target":["https:\/\/www.iebschool.com\/saladeprensa\/2022\/06\/21\/iebs-y-oracle-organizan-el-cybersecurity-day-para-analizar-la-situacion-actual-de-la-seguridad-informatica\/"]}]},{"@type":"ImageObject","inLanguage":"es","@id":"https:\/\/www.iebschool.com\/saladeprensa\/2022\/06\/21\/iebs-y-oracle-organizan-el-cybersecurity-day-para-analizar-la-situacion-actual-de-la-seguridad-informatica\/#primaryimage","url":"https:\/\/www.iebschool.com\/saladeprensa\/wp-content\/uploads\/2022\/06\/Diseno-Cybersecurity-Day-1200-x-627-4.jpg","contentUrl":"https:\/\/www.iebschool.com\/saladeprensa\/wp-content\/uploads\/2022\/06\/Diseno-Cybersecurity-Day-1200-x-627-4.jpg","width":1200,"height":627},{"@type":"BreadcrumbList","@id":"https:\/\/www.iebschool.com\/saladeprensa\/2022\/06\/21\/iebs-y-oracle-organizan-el-cybersecurity-day-para-analizar-la-situacion-actual-de-la-seguridad-informatica\/#breadcrumb","itemListElement":[{"@type":"ListItem","position":1,"name":"Portada","item":"https:\/\/www.iebschool.com\/saladeprensa\/"},{"@type":"ListItem","position":2,"name":"IEBS y Oracle organizan el Cybersecurity Day para analizar la situaci\u00f3n actual de la seguridad inform\u00e1tica"}]},{"@type":"WebSite","@id":"https:\/\/www.iebschool.com\/saladeprensa\/#website","url":"https:\/\/www.iebschool.com\/saladeprensa\/","name":"Sala de Prensa","description":"IEBS","publisher":{"@id":"https:\/\/www.iebschool.com\/saladeprensa\/#organization"},"potentialAction":[{"@type":"SearchAction","target":{"@type":"EntryPoint","urlTemplate":"https:\/\/www.iebschool.com\/saladeprensa\/?s={search_term_string}"},"query-input":{"@type":"PropertyValueSpecification","valueRequired":true,"valueName":"search_term_string"}}],"inLanguage":"es"},{"@type":"Organization","@id":"https:\/\/www.iebschool.com\/saladeprensa\/#organization","name":"Sala de Prensa","url":"https:\/\/www.iebschool.com\/saladeprensa\/","logo":{"@type":"ImageObject","inLanguage":"es","@id":"https:\/\/www.iebschool.com\/saladeprensa\/#\/schema\/logo\/image\/","url":"https:\/\/www.iebschool.com\/saladeprensa\/wp-content\/uploads\/2026\/02\/IEBS_Logo_BusinessSchool_1_Hor_Violeta-scaled.png","contentUrl":"https:\/\/www.iebschool.com\/saladeprensa\/wp-content\/uploads\/2026\/02\/IEBS_Logo_BusinessSchool_1_Hor_Violeta-scaled.png","width":2560,"height":374,"caption":"Sala de Prensa"},"image":{"@id":"https:\/\/www.iebschool.com\/saladeprensa\/#\/schema\/logo\/image\/"}},{"@type":"Person","@id":"https:\/\/www.iebschool.com\/saladeprensa\/#\/schema\/person\/4a3de2c8103f95bc5fcb0bbf7cb2aaad","name":"Elena Bello Garc\u00eda-Herrero","image":{"@type":"ImageObject","inLanguage":"es","@id":"https:\/\/www.iebschool.com\/saladeprensa\/#\/schema\/person\/image\/","url":"https:\/\/secure.gravatar.com\/avatar\/8e066e7cf81bb35760e42a91c6ff520d5d16171bd3f7dba412223f0a53c98006?s=96&d=mm&r=g","contentUrl":"https:\/\/secure.gravatar.com\/avatar\/8e066e7cf81bb35760e42a91c6ff520d5d16171bd3f7dba412223f0a53c98006?s=96&d=mm&r=g","caption":"Elena Bello Garc\u00eda-Herrero"},"url":"https:\/\/www.iebschool.com\/saladeprensa\/author\/ebelloiebschool-com\/"}]}},"image_thumbnail":"https:\/\/www.iebschool.com\/saladeprensa\/wp-content\/uploads\/2022\/06\/Diseno-Cybersecurity-Day-1200-x-627-4-300x157.jpg","image_full":"https:\/\/www.iebschool.com\/saladeprensa\/wp-content\/uploads\/2022\/06\/Diseno-Cybersecurity-Day-1200-x-627-4.jpg","categoria":{"nombre":"#SomosIEBS","slug":"category\/somosiebs"},"_links":{"self":[{"href":"https:\/\/www.iebschool.com\/saladeprensa\/wp-json\/wp\/v2\/posts\/5164","targetHints":{"allow":["GET"]}}],"collection":[{"href":"https:\/\/www.iebschool.com\/saladeprensa\/wp-json\/wp\/v2\/posts"}],"about":[{"href":"https:\/\/www.iebschool.com\/saladeprensa\/wp-json\/wp\/v2\/types\/post"}],"author":[{"embeddable":true,"href":"https:\/\/www.iebschool.com\/saladeprensa\/wp-json\/wp\/v2\/users\/6"}],"replies":[{"embeddable":true,"href":"https:\/\/www.iebschool.com\/saladeprensa\/wp-json\/wp\/v2\/comments?post=5164"}],"version-history":[{"count":2,"href":"https:\/\/www.iebschool.com\/saladeprensa\/wp-json\/wp\/v2\/posts\/5164\/revisions"}],"predecessor-version":[{"id":5167,"href":"https:\/\/www.iebschool.com\/saladeprensa\/wp-json\/wp\/v2\/posts\/5164\/revisions\/5167"}],"wp:featuredmedia":[{"embeddable":true,"href":"https:\/\/www.iebschool.com\/saladeprensa\/wp-json\/wp\/v2\/media\/5166"}],"wp:attachment":[{"href":"https:\/\/www.iebschool.com\/saladeprensa\/wp-json\/wp\/v2\/media?parent=5164"}],"wp:term":[{"taxonomy":"category","embeddable":true,"href":"https:\/\/www.iebschool.com\/saladeprensa\/wp-json\/wp\/v2\/categories?post=5164"},{"taxonomy":"post_tag","embeddable":true,"href":"https:\/\/www.iebschool.com\/saladeprensa\/wp-json\/wp\/v2\/tags?post=5164"}],"curies":[{"name":"wp","href":"https:\/\/api.w.org\/{rel}","templated":true}]}}