{"id":5674,"date":"2024-02-12T12:47:58","date_gmt":"2024-02-12T12:47:58","guid":{"rendered":"https:\/\/www.iebschool.com\/saladeprensa\/?p=5674"},"modified":"2024-04-05T11:52:35","modified_gmt":"2024-04-05T11:52:35","slug":"iebs-digital-school-celebrara-la-primera-edicion-de-ai-generative-day-para-analizar-las-ultimas-novedades-y-avances-de-esta-tecnologia","status":"publish","type":"post","link":"https:\/\/www.iebschool.com\/saladeprensa\/2024\/02\/12\/iebs-digital-school-celebrara-la-primera-edicion-de-ai-generative-day-para-analizar-las-ultimas-novedades-y-avances-de-esta-tecnologia\/","title":{"rendered":"IEBS Digital School celebrar\u00e1 la primera edici\u00f3n de AI Generative Day para analizar las \u00faltimas novedades y avances de esta tecnolog\u00eda"},"content":{"rendered":"<!-- wp:list -->\n<ul><!-- wp:list-item -->\n<li><em>El evento se celebrar\u00e1 el 29 de febrero a las 18h v\u00eda streaming y en el metaverso de la escuela de forma gratuita&nbsp;&nbsp;<\/em><\/li>\n<!-- \/wp:list-item -->\n\n<!-- wp:list-item -->\n<li><em>Contar\u00e1 con ponentes del nivel d<\/em><em>e <\/em><strong><em>Esther Souto<\/em><\/strong><em> (Dise\u00f1adora de moda, artista maquilladora y creadora digital), <\/em><strong><em>Pascual Parada<\/em><\/strong><em> (Director Acad\u00e9mico y de Innovaci\u00f3n de IEBS), <\/em><strong><em>Adri\u00e1n Lig\u00fcerre<\/em><\/strong><em> (Co-founder &amp; CEO AIBeatz), <\/em><strong><em>Federico Caro del Moral<\/em><\/strong><em> (Experto en tecnolog\u00edas de vanguardia y su impacto en el negocio), <\/em><strong><em>Daniel Moreno <\/em><\/strong><em>(Director y animador en Moreno Films) y <\/em><strong><em>Jes\u00fas Plaza<\/em><\/strong><em> (Film &amp; Creative Director).<\/em><\/li>\n<!-- \/wp:list-item --><\/ul>\n<!-- \/wp:list -->\n\n<!-- wp:paragraph -->\n<p><strong>Barcelona, 12 de febrero de 2024.-<\/strong> La inteligencia artificial (IA) est\u00e1 experimentando un crecimiento significativo a nivel mundial. Este avance tecnol\u00f3gico no solo est\u00e1 mejorando los procesos comerciales, sino que tambi\u00e9n se ha convertido en un factor de cambio para diversas industrias, con la capacidad de optimizar procesos, mejorar la experiencia del cliente, aumentar la eficiencia y proporcionar perspectivas predictivas. Adem\u00e1s, seg\u00fan afirma <a href=\"https:\/\/www.pwc.com\/gx\/en\/issues\/data-and-analytics\/publications\/artificial-intelligence-study.html\">PWC<\/a>, la IA contribuir\u00e1 con m\u00e1s de 15 billones de d\u00f3lares a la econom\u00eda global para 2030. Esta cifra refleja el impacto actual y futuro de la IA en el mundo empresarial.<\/p>\n<!-- \/wp:paragraph -->\n\n<!-- wp:paragraph -->\n<p>Por ello, <a href=\"https:\/\/www.iebschool.com\/\"><strong>IEBS Digital School<\/strong><\/a> organiza el pr\u00f3ximo <strong>29 de febrero<\/strong> la primera edici\u00f3n de <a href=\"https:\/\/www.iebschool.com\/eventos\/ai-generative-day\/?utm_source=sprensa&amp;utm_campaign=eventos&amp;utm_content=EVAION24\"><strong>AI Generative Day<\/strong><\/a>, el mayor evento online que analiza el impacto de la inteligencia artificial generativa en negocios digitales. Durante esta jornada, se analizar\u00e1 c\u00f3mo la IA generativa est\u00e1 transformando la forma en que se crea contenido digital, y se presentar\u00e1n las \u00faltimas herramientas y tendencias en este campo. Adem\u00e1s, el evento ofrecer\u00e1 a los asistentes la oportunidad de comprender c\u00f3mo la IA generativa est\u00e1 revolucionando industrias como el marketing, el cine, la m\u00fasica y la moda, y c\u00f3mo pueden aprovechar estas herramientas para aumentar su productividad y creatividad.<\/p>\n<!-- \/wp:paragraph -->\n\n<!-- wp:paragraph -->\n<p>Las ponencias tratar\u00e1n temas tan relevantes como la disrupci\u00f3n de la IA Generativa en el mundo de la moda, c\u00f3mo crear tu propio GPT y monetizarlo, la revoluci\u00f3n de la m\u00fasica urbana a trav\u00e9s de la Inteligencia Artificial, el impacto de la IA generativa en el negocio y el futuro presente de la IA Generativa de v\u00eddeo (Pika, Runway, MagicVideo-V2 de Tik Tok).<\/p>\n<!-- \/wp:paragraph -->\n\n<!-- wp:paragraph -->\n<p><strong>AI Generative Day<\/strong> contar\u00e1 con ponentes del nivel de <strong><em>Esther Souto<\/em><\/strong><em> (Dise\u00f1adora de moda, artista maquilladora y creadora digital), <\/em><strong><em>Pascual Parada<\/em><\/strong><em> (Director Acad\u00e9mico y de Innovaci\u00f3n de IEBS), <\/em><strong><em>Adri\u00e1n Lig\u00fcerre<\/em><\/strong><em> (Co-founder &amp; CEO AIBeatz), <\/em><strong><em>Federico Caro del Moral <\/em><\/strong><em>(Experto en tecnolog\u00edas de vanguardia y su impacto en el negocio), <\/em><strong><em>Daniel Moreno <\/em><\/strong><em>(Director y animador en Moreno Films) <\/em>y<em> <\/em><strong><em>Jes\u00fas Plaza<\/em><\/strong><em> (Film &amp; Creative Director).<\/em><\/p>\n<!-- \/wp:paragraph -->\n\n<!-- wp:paragraph -->\n<p>La jornada se llevar\u00e1 a cabo el pr\u00f3ximo 29 de febrero v\u00eda streaming y en el metaverso, desde las 18.00h (CEST) y finalizando a las 20:00h tras la mesa redonda. Es posible registrarse de forma completamente gratuita desde <a href=\"https:\/\/www.iebschool.com\/eventos\/ai-generative-day\/?utm_source=sprensa&amp;utm_campaign=eventos&amp;utm_content=EVAION24\"><strong>AQU\u00cd<\/strong>.<\/a><\/p>\n<!-- \/wp:paragraph -->\n\n<!-- wp:paragraph -->\n<p>IEBS ofrece diferentes programas de formaci\u00f3n en marketing, c\u00f3mo el <a href=\"https:\/\/www.iebschool.com\/programas\/postgrado-ia-generativa-creadores-contenido-digital\/\">Postgrado en Inteligencia Artificial generativa para creadores de contenido<\/a>, el <a href=\"https:\/\/www.iebschool.com\/programas\/master-inteligencia-artificial-generativa-inbound-marketing\/\">M\u00e1ster en IA Generativa e Inbound Marketing<\/a>, el <a href=\"https:\/\/www.iebschool.com\/programas\/master-inteligencia-artificial-generativa-seo\/\">M\u00e1ster en SEO e Inteligencia Artificial Generativa<\/a>, <a href=\"https:\/\/www.iebschool.com\/programas\/master-ia-generativa-community-management\/\">M\u00e1ster en Community Management &amp; IA generativa<\/a> o el <a href=\"https:\/\/www.iebschool.com\/programas\/curso-profesional-ia-for-developers\/\">Curso Profesional de IA for developers<\/a>. Estos programas est\u00e1n dise\u00f1ados para brindar a nuestros alumnos las habilidades y conocimientos necesarios para destacar en un entorno digital en constante evoluci\u00f3n donde la Inteligencia Artificial se sit\u00faa en el foco de todo.<\/p>\n<!-- \/wp:paragraph -->\n\n<!-- wp:paragraph -->\n<p><strong>Material gr\u00e1fico:<\/strong><\/p>\n<!-- \/wp:paragraph -->\n\n<!-- wp:paragraph -->\n<p><a href=\"https:\/\/drive.google.com\/drive\/folders\/1TfFbb7QSOf-I6tPBqULA9KLRSmST4dht?usp=sharing\">https:\/\/drive.google.com\/drive\/folders\/1TfFbb7QSOf-I6tPBqULA9KLRSmST4dht?usp=sharing<\/a><\/p>\n<!-- \/wp:paragraph -->\n\n<!-- wp:paragraph -->\n<p><strong>Sobre IEBS Digital School<\/strong><\/p>\n<!-- \/wp:paragraph -->\n\n<!-- wp:paragraph -->\n<p><a href=\"https:\/\/www.iebschool.com\/\">IEBS<\/a> es la 1\u00aa escuela nativa digital online en espa\u00f1ol del mundo. Naci\u00f3 en 2010 con el prop\u00f3sito de mejorar la sociedad con educaci\u00f3n de calidad a un precio justo, gracias a la tecnolog\u00eda, la automatizaci\u00f3n y el uso de la inteligencia artificial. Desde sus inicios IEBS ha formado a m\u00e1s de 175.000 alumnos en 60 pa\u00edses con sus m\u00e1s de 350 programas a la vanguardia de la innovaci\u00f3n. Est\u00e1 considerada la 1\u00aa escuela de negocios online de Espa\u00f1a seg\u00fan el r\u00e1nking del CSIC y la 2\u00aa de Latinoam\u00e9rica seg\u00fan el r\u00e1nking Iberoamericano.<\/p>\n<!-- \/wp:paragraph -->\n\n<!-- wp:paragraph -->\n<p><em><strong>Contacto de Prensa:<\/strong><\/em><\/p>\n<!-- \/wp:paragraph -->\n\n<!-- wp:paragraph -->\n<p>Sara Ferrer<\/p>\n<!-- \/wp:paragraph -->\n\n<!-- wp:paragraph -->\n<p>comunicacion@iebschool.com<\/p>\n<!-- \/wp:paragraph -->\n\n<!-- wp:paragraph -->\n<p>+34 935 035 579<\/p>\n<!-- \/wp:paragraph -->","protected":false},"excerpt":{"rendered":"","protected":false},"author":31,"featured_media":5687,"comment_status":"open","ping_status":"open","sticky":false,"template":"","format":"standard","meta":{"footnotes":""},"categories":[2],"tags":[98,105,106,130],"class_list":["post-5674","post","type-post","status-publish","format-standard","has-post-thumbnail","hentry","category-somosiebs","tag-escuela-de-negocios","tag-evento","tag-eventos","tag-iebs"],"yoast_head":"<!-- This site is optimized with the Yoast SEO Premium plugin v23.9 (Yoast SEO v24.6) - https:\/\/yoast.com\/wordpress\/plugins\/seo\/ -->\n<title>IEBS Digital School celebrar\u00e1 la primera edici\u00f3n de AI Generative Day para analizar las \u00faltimas novedades y avances de esta tecnolog\u00eda - Sala de Prensa<\/title>\n<meta name=\"description\" content=\"El evento se celebrar\u00e1 el 29 de febrero a las 18h v\u00eda streaming y en el metaverso de la escuela de forma gratuita&nbsp;&nbsp; Contar\u00e1 con ponentes del\" \/>\n<meta name=\"robots\" content=\"index, follow, max-snippet:-1, max-image-preview:large, max-video-preview:-1\" \/>\n<link rel=\"canonical\" href=\"https:\/\/www.iebschool.com\/saladeprensa\/2024\/02\/12\/iebs-digital-school-celebrara-la-primera-edicion-de-ai-generative-day-para-analizar-las-ultimas-novedades-y-avances-de-esta-tecnologia\/\" \/>\n<meta property=\"og:locale\" content=\"es_ES\" \/>\n<meta property=\"og:type\" content=\"article\" \/>\n<meta property=\"og:title\" content=\"IEBS Digital School celebrar\u00e1 la primera edici\u00f3n de AI Generative Day para analizar las \u00faltimas novedades y avances de esta tecnolog\u00eda\" \/>\n<meta property=\"og:description\" content=\"El evento se celebrar\u00e1 el 29 de febrero a las 18h v\u00eda streaming y en el metaverso de la escuela de forma gratuita&nbsp;&nbsp; Contar\u00e1 con ponentes del\" \/>\n<meta property=\"og:url\" content=\"https:\/\/www.iebschool.com\/saladeprensa\/2024\/02\/12\/iebs-digital-school-celebrara-la-primera-edicion-de-ai-generative-day-para-analizar-las-ultimas-novedades-y-avances-de-esta-tecnologia\/\" \/>\n<meta property=\"og:site_name\" content=\"Sala de Prensa\" \/>\n<meta property=\"article:published_time\" content=\"2024-02-12T12:47:58+00:00\" \/>\n<meta property=\"article:modified_time\" content=\"2024-04-05T11:52:35+00:00\" \/>\n<meta property=\"og:image\" content=\"https:\/\/www.iebschool.com\/saladeprensa\/wp-content\/uploads\/2024\/02\/9.-Banner-300x250-Post-de-Twitter-11-1.png\" \/>\n\t<meta property=\"og:image:width\" content=\"1600\" \/>\n\t<meta property=\"og:image:height\" content=\"900\" \/>\n\t<meta property=\"og:image:type\" content=\"image\/png\" \/>\n<meta name=\"author\" content=\"Sara Ferrer\" \/>\n<meta name=\"twitter:card\" content=\"summary_large_image\" \/>\n<meta name=\"twitter:label1\" content=\"Escrito por\" \/>\n\t<meta name=\"twitter:data1\" content=\"Sara Ferrer\" \/>\n\t<meta name=\"twitter:label2\" content=\"Tiempo de lectura\" \/>\n\t<meta name=\"twitter:data2\" content=\"4 minutos\" \/>\n<script type=\"application\/ld+json\" class=\"yoast-schema-graph\">{\"@context\":\"https:\/\/schema.org\",\"@graph\":[{\"@type\":\"Article\",\"@id\":\"https:\/\/www.iebschool.com\/saladeprensa\/2024\/02\/12\/iebs-digital-school-celebrara-la-primera-edicion-de-ai-generative-day-para-analizar-las-ultimas-novedades-y-avances-de-esta-tecnologia\/#article\",\"isPartOf\":{\"@id\":\"https:\/\/www.iebschool.com\/saladeprensa\/2024\/02\/12\/iebs-digital-school-celebrara-la-primera-edicion-de-ai-generative-day-para-analizar-las-ultimas-novedades-y-avances-de-esta-tecnologia\/\"},\"author\":{\"name\":\"Sara Ferrer\",\"@id\":\"https:\/\/www.iebschool.com\/saladeprensa\/#\/schema\/person\/ca18872cd34dc38132867bb8f1881f68\"},\"headline\":\"IEBS Digital School celebrar\u00e1 la primera edici\u00f3n de AI Generative Day para analizar las \u00faltimas novedades y avances de esta tecnolog\u00eda\",\"datePublished\":\"2024-02-12T12:47:58+00:00\",\"dateModified\":\"2024-04-05T11:52:35+00:00\",\"mainEntityOfPage\":{\"@id\":\"https:\/\/www.iebschool.com\/saladeprensa\/2024\/02\/12\/iebs-digital-school-celebrara-la-primera-edicion-de-ai-generative-day-para-analizar-las-ultimas-novedades-y-avances-de-esta-tecnologia\/\"},\"wordCount\":730,\"commentCount\":0,\"publisher\":{\"@id\":\"https:\/\/www.iebschool.com\/saladeprensa\/#organization\"},\"image\":{\"@id\":\"https:\/\/www.iebschool.com\/saladeprensa\/2024\/02\/12\/iebs-digital-school-celebrara-la-primera-edicion-de-ai-generative-day-para-analizar-las-ultimas-novedades-y-avances-de-esta-tecnologia\/#primaryimage\"},\"thumbnailUrl\":\"https:\/\/www.iebschool.com\/saladeprensa\/wp-content\/uploads\/2024\/02\/9.-Banner-300x250-Post-de-Twitter-11-1.png\",\"keywords\":[\"Escuela de Negocios\",\"evento\",\"eventos\",\"IEBS\"],\"articleSection\":[\"#SomosIEBS\"],\"inLanguage\":\"es\",\"potentialAction\":[{\"@type\":\"CommentAction\",\"name\":\"Comment\",\"target\":[\"https:\/\/www.iebschool.com\/saladeprensa\/2024\/02\/12\/iebs-digital-school-celebrara-la-primera-edicion-de-ai-generative-day-para-analizar-las-ultimas-novedades-y-avances-de-esta-tecnologia\/#respond\"]}]},{\"@type\":\"WebPage\",\"@id\":\"https:\/\/www.iebschool.com\/saladeprensa\/2024\/02\/12\/iebs-digital-school-celebrara-la-primera-edicion-de-ai-generative-day-para-analizar-las-ultimas-novedades-y-avances-de-esta-tecnologia\/\",\"url\":\"https:\/\/www.iebschool.com\/saladeprensa\/2024\/02\/12\/iebs-digital-school-celebrara-la-primera-edicion-de-ai-generative-day-para-analizar-las-ultimas-novedades-y-avances-de-esta-tecnologia\/\",\"name\":\"IEBS Digital School celebrar\u00e1 la primera edici\u00f3n de AI Generative Day para analizar las \u00faltimas novedades y avances de esta tecnolog\u00eda - Sala de Prensa\",\"isPartOf\":{\"@id\":\"https:\/\/www.iebschool.com\/saladeprensa\/#website\"},\"primaryImageOfPage\":{\"@id\":\"https:\/\/www.iebschool.com\/saladeprensa\/2024\/02\/12\/iebs-digital-school-celebrara-la-primera-edicion-de-ai-generative-day-para-analizar-las-ultimas-novedades-y-avances-de-esta-tecnologia\/#primaryimage\"},\"image\":{\"@id\":\"https:\/\/www.iebschool.com\/saladeprensa\/2024\/02\/12\/iebs-digital-school-celebrara-la-primera-edicion-de-ai-generative-day-para-analizar-las-ultimas-novedades-y-avances-de-esta-tecnologia\/#primaryimage\"},\"thumbnailUrl\":\"https:\/\/www.iebschool.com\/saladeprensa\/wp-content\/uploads\/2024\/02\/9.-Banner-300x250-Post-de-Twitter-11-1.png\",\"datePublished\":\"2024-02-12T12:47:58+00:00\",\"dateModified\":\"2024-04-05T11:52:35+00:00\",\"description\":\"El evento se celebrar\u00e1 el 29 de febrero a las 18h v\u00eda streaming y en el metaverso de la escuela de forma gratuita&nbsp;&nbsp; Contar\u00e1 con ponentes del\",\"breadcrumb\":{\"@id\":\"https:\/\/www.iebschool.com\/saladeprensa\/2024\/02\/12\/iebs-digital-school-celebrara-la-primera-edicion-de-ai-generative-day-para-analizar-las-ultimas-novedades-y-avances-de-esta-tecnologia\/#breadcrumb\"},\"inLanguage\":\"es\",\"potentialAction\":[{\"@type\":\"ReadAction\",\"target\":[\"https:\/\/www.iebschool.com\/saladeprensa\/2024\/02\/12\/iebs-digital-school-celebrara-la-primera-edicion-de-ai-generative-day-para-analizar-las-ultimas-novedades-y-avances-de-esta-tecnologia\/\"]}]},{\"@type\":\"ImageObject\",\"inLanguage\":\"es\",\"@id\":\"https:\/\/www.iebschool.com\/saladeprensa\/2024\/02\/12\/iebs-digital-school-celebrara-la-primera-edicion-de-ai-generative-day-para-analizar-las-ultimas-novedades-y-avances-de-esta-tecnologia\/#primaryimage\",\"url\":\"https:\/\/www.iebschool.com\/saladeprensa\/wp-content\/uploads\/2024\/02\/9.-Banner-300x250-Post-de-Twitter-11-1.png\",\"contentUrl\":\"https:\/\/www.iebschool.com\/saladeprensa\/wp-content\/uploads\/2024\/02\/9.-Banner-300x250-Post-de-Twitter-11-1.png\",\"width\":1600,\"height\":900},{\"@type\":\"BreadcrumbList\",\"@id\":\"https:\/\/www.iebschool.com\/saladeprensa\/2024\/02\/12\/iebs-digital-school-celebrara-la-primera-edicion-de-ai-generative-day-para-analizar-las-ultimas-novedades-y-avances-de-esta-tecnologia\/#breadcrumb\",\"itemListElement\":[{\"@type\":\"ListItem\",\"position\":1,\"name\":\"Portada\",\"item\":\"https:\/\/www.iebschool.com\/saladeprensa\/\"},{\"@type\":\"ListItem\",\"position\":2,\"name\":\"IEBS Digital School celebrar\u00e1 la primera edici\u00f3n de AI Generative Day para analizar las \u00faltimas novedades y avances de esta tecnolog\u00eda\"}]},{\"@type\":\"WebSite\",\"@id\":\"https:\/\/www.iebschool.com\/saladeprensa\/#website\",\"url\":\"https:\/\/www.iebschool.com\/saladeprensa\/\",\"name\":\"Sala de Prensa\",\"description\":\"IEBS\",\"publisher\":{\"@id\":\"https:\/\/www.iebschool.com\/saladeprensa\/#organization\"},\"potentialAction\":[{\"@type\":\"SearchAction\",\"target\":{\"@type\":\"EntryPoint\",\"urlTemplate\":\"https:\/\/www.iebschool.com\/saladeprensa\/?s={search_term_string}\"},\"query-input\":{\"@type\":\"PropertyValueSpecification\",\"valueRequired\":true,\"valueName\":\"search_term_string\"}}],\"inLanguage\":\"es\"},{\"@type\":\"Organization\",\"@id\":\"https:\/\/www.iebschool.com\/saladeprensa\/#organization\",\"name\":\"Sala de Prensa\",\"url\":\"https:\/\/www.iebschool.com\/saladeprensa\/\",\"logo\":{\"@type\":\"ImageObject\",\"inLanguage\":\"es\",\"@id\":\"https:\/\/www.iebschool.com\/saladeprensa\/#\/schema\/logo\/image\/\",\"url\":\"https:\/\/www.iebschool.com\/saladeprensa\/wp-content\/uploads\/2026\/02\/IEBS_Logo_BusinessSchool_1_Hor_Violeta-scaled.png\",\"contentUrl\":\"https:\/\/www.iebschool.com\/saladeprensa\/wp-content\/uploads\/2026\/02\/IEBS_Logo_BusinessSchool_1_Hor_Violeta-scaled.png\",\"width\":2560,\"height\":374,\"caption\":\"Sala de Prensa\"},\"image\":{\"@id\":\"https:\/\/www.iebschool.com\/saladeprensa\/#\/schema\/logo\/image\/\"}},{\"@type\":\"Person\",\"@id\":\"https:\/\/www.iebschool.com\/saladeprensa\/#\/schema\/person\/ca18872cd34dc38132867bb8f1881f68\",\"name\":\"Sara Ferrer\",\"image\":{\"@type\":\"ImageObject\",\"inLanguage\":\"es\",\"@id\":\"https:\/\/www.iebschool.com\/saladeprensa\/#\/schema\/person\/image\/\",\"url\":\"https:\/\/secure.gravatar.com\/avatar\/ba483bfcd833fda00be365bd4646027036e8272686e410fe6ead4f67f6b15b51?s=96&d=mm&r=g\",\"contentUrl\":\"https:\/\/secure.gravatar.com\/avatar\/ba483bfcd833fda00be365bd4646027036e8272686e410fe6ead4f67f6b15b51?s=96&d=mm&r=g\",\"caption\":\"Sara Ferrer\"},\"url\":\"https:\/\/www.iebschool.com\/saladeprensa\/author\/sferreriebschool-com\/\"}]}<\/script>\n<!-- \/ Yoast SEO Premium plugin. -->","yoast_head_json":{"title":"IEBS Digital School celebrar\u00e1 la primera edici\u00f3n de AI Generative Day para analizar las \u00faltimas novedades y avances de esta tecnolog\u00eda - Sala de Prensa","description":"El evento se celebrar\u00e1 el 29 de febrero a las 18h v\u00eda streaming y en el metaverso de la escuela de forma gratuita&nbsp;&nbsp; Contar\u00e1 con ponentes del","robots":{"index":"index","follow":"follow","max-snippet":"max-snippet:-1","max-image-preview":"max-image-preview:large","max-video-preview":"max-video-preview:-1"},"canonical":"https:\/\/www.iebschool.com\/saladeprensa\/2024\/02\/12\/iebs-digital-school-celebrara-la-primera-edicion-de-ai-generative-day-para-analizar-las-ultimas-novedades-y-avances-de-esta-tecnologia\/","og_locale":"es_ES","og_type":"article","og_title":"IEBS Digital School celebrar\u00e1 la primera edici\u00f3n de AI Generative Day para analizar las \u00faltimas novedades y avances de esta tecnolog\u00eda","og_description":"El evento se celebrar\u00e1 el 29 de febrero a las 18h v\u00eda streaming y en el metaverso de la escuela de forma gratuita&nbsp;&nbsp; Contar\u00e1 con ponentes del","og_url":"https:\/\/www.iebschool.com\/saladeprensa\/2024\/02\/12\/iebs-digital-school-celebrara-la-primera-edicion-de-ai-generative-day-para-analizar-las-ultimas-novedades-y-avances-de-esta-tecnologia\/","og_site_name":"Sala de Prensa","article_published_time":"2024-02-12T12:47:58+00:00","article_modified_time":"2024-04-05T11:52:35+00:00","og_image":[{"width":1600,"height":900,"url":"https:\/\/www.iebschool.com\/saladeprensa\/wp-content\/uploads\/2024\/02\/9.-Banner-300x250-Post-de-Twitter-11-1.png","type":"image\/png"}],"author":"Sara Ferrer","twitter_card":"summary_large_image","twitter_misc":{"Escrito por":"Sara Ferrer","Tiempo de lectura":"4 minutos"},"schema":{"@context":"https:\/\/schema.org","@graph":[{"@type":"Article","@id":"https:\/\/www.iebschool.com\/saladeprensa\/2024\/02\/12\/iebs-digital-school-celebrara-la-primera-edicion-de-ai-generative-day-para-analizar-las-ultimas-novedades-y-avances-de-esta-tecnologia\/#article","isPartOf":{"@id":"https:\/\/www.iebschool.com\/saladeprensa\/2024\/02\/12\/iebs-digital-school-celebrara-la-primera-edicion-de-ai-generative-day-para-analizar-las-ultimas-novedades-y-avances-de-esta-tecnologia\/"},"author":{"name":"Sara Ferrer","@id":"https:\/\/www.iebschool.com\/saladeprensa\/#\/schema\/person\/ca18872cd34dc38132867bb8f1881f68"},"headline":"IEBS Digital School celebrar\u00e1 la primera edici\u00f3n de AI Generative Day para analizar las \u00faltimas novedades y avances de esta tecnolog\u00eda","datePublished":"2024-02-12T12:47:58+00:00","dateModified":"2024-04-05T11:52:35+00:00","mainEntityOfPage":{"@id":"https:\/\/www.iebschool.com\/saladeprensa\/2024\/02\/12\/iebs-digital-school-celebrara-la-primera-edicion-de-ai-generative-day-para-analizar-las-ultimas-novedades-y-avances-de-esta-tecnologia\/"},"wordCount":730,"commentCount":0,"publisher":{"@id":"https:\/\/www.iebschool.com\/saladeprensa\/#organization"},"image":{"@id":"https:\/\/www.iebschool.com\/saladeprensa\/2024\/02\/12\/iebs-digital-school-celebrara-la-primera-edicion-de-ai-generative-day-para-analizar-las-ultimas-novedades-y-avances-de-esta-tecnologia\/#primaryimage"},"thumbnailUrl":"https:\/\/www.iebschool.com\/saladeprensa\/wp-content\/uploads\/2024\/02\/9.-Banner-300x250-Post-de-Twitter-11-1.png","keywords":["Escuela de Negocios","evento","eventos","IEBS"],"articleSection":["#SomosIEBS"],"inLanguage":"es","potentialAction":[{"@type":"CommentAction","name":"Comment","target":["https:\/\/www.iebschool.com\/saladeprensa\/2024\/02\/12\/iebs-digital-school-celebrara-la-primera-edicion-de-ai-generative-day-para-analizar-las-ultimas-novedades-y-avances-de-esta-tecnologia\/#respond"]}]},{"@type":"WebPage","@id":"https:\/\/www.iebschool.com\/saladeprensa\/2024\/02\/12\/iebs-digital-school-celebrara-la-primera-edicion-de-ai-generative-day-para-analizar-las-ultimas-novedades-y-avances-de-esta-tecnologia\/","url":"https:\/\/www.iebschool.com\/saladeprensa\/2024\/02\/12\/iebs-digital-school-celebrara-la-primera-edicion-de-ai-generative-day-para-analizar-las-ultimas-novedades-y-avances-de-esta-tecnologia\/","name":"IEBS Digital School celebrar\u00e1 la primera edici\u00f3n de AI Generative Day para analizar las \u00faltimas novedades y avances de esta tecnolog\u00eda - Sala de Prensa","isPartOf":{"@id":"https:\/\/www.iebschool.com\/saladeprensa\/#website"},"primaryImageOfPage":{"@id":"https:\/\/www.iebschool.com\/saladeprensa\/2024\/02\/12\/iebs-digital-school-celebrara-la-primera-edicion-de-ai-generative-day-para-analizar-las-ultimas-novedades-y-avances-de-esta-tecnologia\/#primaryimage"},"image":{"@id":"https:\/\/www.iebschool.com\/saladeprensa\/2024\/02\/12\/iebs-digital-school-celebrara-la-primera-edicion-de-ai-generative-day-para-analizar-las-ultimas-novedades-y-avances-de-esta-tecnologia\/#primaryimage"},"thumbnailUrl":"https:\/\/www.iebschool.com\/saladeprensa\/wp-content\/uploads\/2024\/02\/9.-Banner-300x250-Post-de-Twitter-11-1.png","datePublished":"2024-02-12T12:47:58+00:00","dateModified":"2024-04-05T11:52:35+00:00","description":"El evento se celebrar\u00e1 el 29 de febrero a las 18h v\u00eda streaming y en el metaverso de la escuela de forma gratuita&nbsp;&nbsp; Contar\u00e1 con ponentes del","breadcrumb":{"@id":"https:\/\/www.iebschool.com\/saladeprensa\/2024\/02\/12\/iebs-digital-school-celebrara-la-primera-edicion-de-ai-generative-day-para-analizar-las-ultimas-novedades-y-avances-de-esta-tecnologia\/#breadcrumb"},"inLanguage":"es","potentialAction":[{"@type":"ReadAction","target":["https:\/\/www.iebschool.com\/saladeprensa\/2024\/02\/12\/iebs-digital-school-celebrara-la-primera-edicion-de-ai-generative-day-para-analizar-las-ultimas-novedades-y-avances-de-esta-tecnologia\/"]}]},{"@type":"ImageObject","inLanguage":"es","@id":"https:\/\/www.iebschool.com\/saladeprensa\/2024\/02\/12\/iebs-digital-school-celebrara-la-primera-edicion-de-ai-generative-day-para-analizar-las-ultimas-novedades-y-avances-de-esta-tecnologia\/#primaryimage","url":"https:\/\/www.iebschool.com\/saladeprensa\/wp-content\/uploads\/2024\/02\/9.-Banner-300x250-Post-de-Twitter-11-1.png","contentUrl":"https:\/\/www.iebschool.com\/saladeprensa\/wp-content\/uploads\/2024\/02\/9.-Banner-300x250-Post-de-Twitter-11-1.png","width":1600,"height":900},{"@type":"BreadcrumbList","@id":"https:\/\/www.iebschool.com\/saladeprensa\/2024\/02\/12\/iebs-digital-school-celebrara-la-primera-edicion-de-ai-generative-day-para-analizar-las-ultimas-novedades-y-avances-de-esta-tecnologia\/#breadcrumb","itemListElement":[{"@type":"ListItem","position":1,"name":"Portada","item":"https:\/\/www.iebschool.com\/saladeprensa\/"},{"@type":"ListItem","position":2,"name":"IEBS Digital School celebrar\u00e1 la primera edici\u00f3n de AI Generative Day para analizar las \u00faltimas novedades y avances de esta tecnolog\u00eda"}]},{"@type":"WebSite","@id":"https:\/\/www.iebschool.com\/saladeprensa\/#website","url":"https:\/\/www.iebschool.com\/saladeprensa\/","name":"Sala de Prensa","description":"IEBS","publisher":{"@id":"https:\/\/www.iebschool.com\/saladeprensa\/#organization"},"potentialAction":[{"@type":"SearchAction","target":{"@type":"EntryPoint","urlTemplate":"https:\/\/www.iebschool.com\/saladeprensa\/?s={search_term_string}"},"query-input":{"@type":"PropertyValueSpecification","valueRequired":true,"valueName":"search_term_string"}}],"inLanguage":"es"},{"@type":"Organization","@id":"https:\/\/www.iebschool.com\/saladeprensa\/#organization","name":"Sala de Prensa","url":"https:\/\/www.iebschool.com\/saladeprensa\/","logo":{"@type":"ImageObject","inLanguage":"es","@id":"https:\/\/www.iebschool.com\/saladeprensa\/#\/schema\/logo\/image\/","url":"https:\/\/www.iebschool.com\/saladeprensa\/wp-content\/uploads\/2026\/02\/IEBS_Logo_BusinessSchool_1_Hor_Violeta-scaled.png","contentUrl":"https:\/\/www.iebschool.com\/saladeprensa\/wp-content\/uploads\/2026\/02\/IEBS_Logo_BusinessSchool_1_Hor_Violeta-scaled.png","width":2560,"height":374,"caption":"Sala de Prensa"},"image":{"@id":"https:\/\/www.iebschool.com\/saladeprensa\/#\/schema\/logo\/image\/"}},{"@type":"Person","@id":"https:\/\/www.iebschool.com\/saladeprensa\/#\/schema\/person\/ca18872cd34dc38132867bb8f1881f68","name":"Sara Ferrer","image":{"@type":"ImageObject","inLanguage":"es","@id":"https:\/\/www.iebschool.com\/saladeprensa\/#\/schema\/person\/image\/","url":"https:\/\/secure.gravatar.com\/avatar\/ba483bfcd833fda00be365bd4646027036e8272686e410fe6ead4f67f6b15b51?s=96&d=mm&r=g","contentUrl":"https:\/\/secure.gravatar.com\/avatar\/ba483bfcd833fda00be365bd4646027036e8272686e410fe6ead4f67f6b15b51?s=96&d=mm&r=g","caption":"Sara Ferrer"},"url":"https:\/\/www.iebschool.com\/saladeprensa\/author\/sferreriebschool-com\/"}]}},"image_thumbnail":"https:\/\/www.iebschool.com\/saladeprensa\/wp-content\/uploads\/2024\/02\/9.-Banner-300x250-Post-de-Twitter-11-1-300x169.png","image_full":"https:\/\/www.iebschool.com\/saladeprensa\/wp-content\/uploads\/2024\/02\/9.-Banner-300x250-Post-de-Twitter-11-1.png","categoria":{"nombre":"#SomosIEBS","slug":"category\/somosiebs"},"_links":{"self":[{"href":"https:\/\/www.iebschool.com\/saladeprensa\/wp-json\/wp\/v2\/posts\/5674","targetHints":{"allow":["GET"]}}],"collection":[{"href":"https:\/\/www.iebschool.com\/saladeprensa\/wp-json\/wp\/v2\/posts"}],"about":[{"href":"https:\/\/www.iebschool.com\/saladeprensa\/wp-json\/wp\/v2\/types\/post"}],"author":[{"embeddable":true,"href":"https:\/\/www.iebschool.com\/saladeprensa\/wp-json\/wp\/v2\/users\/31"}],"replies":[{"embeddable":true,"href":"https:\/\/www.iebschool.com\/saladeprensa\/wp-json\/wp\/v2\/comments?post=5674"}],"version-history":[{"count":8,"href":"https:\/\/www.iebschool.com\/saladeprensa\/wp-json\/wp\/v2\/posts\/5674\/revisions"}],"predecessor-version":[{"id":5718,"href":"https:\/\/www.iebschool.com\/saladeprensa\/wp-json\/wp\/v2\/posts\/5674\/revisions\/5718"}],"wp:featuredmedia":[{"embeddable":true,"href":"https:\/\/www.iebschool.com\/saladeprensa\/wp-json\/wp\/v2\/media\/5687"}],"wp:attachment":[{"href":"https:\/\/www.iebschool.com\/saladeprensa\/wp-json\/wp\/v2\/media?parent=5674"}],"wp:term":[{"taxonomy":"category","embeddable":true,"href":"https:\/\/www.iebschool.com\/saladeprensa\/wp-json\/wp\/v2\/categories?post=5674"},{"taxonomy":"post_tag","embeddable":true,"href":"https:\/\/www.iebschool.com\/saladeprensa\/wp-json\/wp\/v2\/tags?post=5674"}],"curies":[{"name":"wp","href":"https:\/\/api.w.org\/{rel}","templated":true}]}}