{"id":580,"date":"2011-06-21T16:07:55","date_gmt":"2011-06-21T16:07:55","guid":{"rendered":"http:\/\/comunidad.iebschool.com\/saladeprensa\/?p=580"},"modified":"2011-06-21T16:07:55","modified_gmt":"2011-06-21T16:07:55","slug":"mas-de-650-alumnos-se-forman-con-iebs-en-su-primer-ano-de-vida","status":"publish","type":"post","link":"https:\/\/www.iebschool.com\/saladeprensa\/2011\/06\/21\/mas-de-650-alumnos-se-forman-con-iebs-en-su-primer-ano-de-vida\/","title":{"rendered":"M\u00e1s de 650 alumnos se forman con IEBS en su primer a\u00f1o de vida"},"content":{"rendered":"<table cellspacing=\"0\" cellpadding=\"0\">\n<tbody>\n<tr>\n<td><img src=\"http:\/\/static.iebschool.com\/11\/mailing_generico\/v3\/img\/logo_azul.png\" alt=\"\" width=\"212\" height=\"67\" \/><\/td>\n<\/tr>\n<tr>\n<td>\n<h2>M\u00e1s de 650 alumnos se forman con IEBS en su primer a\u00f1o de vida<\/h2>\n<table border=\"0\" cellspacing=\"0\" cellpadding=\"0\" width=\"500\">\n<tbody>\n<tr>\n<td width=\"25\" valign=\"top\"><img src=\"http:\/\/static.iebschool.com\/11\/mailing_generico\/v3\/img\/dest_azul.png\" alt=\"\" width=\"17\" height=\"16\" \/><\/td>\n<td valign=\"top\"><em>La escuela de negocios ofrece formaci\u00f3n  especializada para las nuevas profesiones que est\u00e1n surgiendo en el  \u00e1mbito de la tecnolog\u00eda y los negocios<\/em><\/td>\n<\/tr>\n<tr>\n<td width=\"25\" valign=\"top\"><img src=\"http:\/\/static.iebschool.com\/11\/mailing_generico\/v3\/img\/dest_azul.png\" alt=\"\" width=\"17\" height=\"16\" \/><\/td>\n<td valign=\"top\"><em>La segunda convocatoria de sus\u00a0programas acaba de arrancar con un lleno total en las aulas<\/em><\/td>\n<\/tr>\n<tr>\n<td width=\"25\" valign=\"top\"><img src=\"http:\/\/static.iebschool.com\/11\/mailing_generico\/v3\/img\/dest_azul.png\" alt=\"\" width=\"17\" height=\"16\" \/><\/td>\n<td valign=\"top\"><em>La facturaci\u00f3n actual de la escuela de negocios  asciende a 800.000 \u20ac y prev\u00e9 facturar 2.000.000 \u20ac en 2011 gracias a su  expansi\u00f3n internacional<\/em><\/td>\n<\/tr>\n<\/tbody>\n<\/table>\n<em>Barcelona, 21 de junio de 2011<\/em> - La <a href=\"http:\/\/www.iebschool.com\/\">escuela de negocios IEBS<\/a> acaba de finalizar la matriculaci\u00f3n de su convocatoria de mayo, con un  lleno total en las aulas. Durante su primer a\u00f1o de vida, <strong>m\u00e1s de 650 alumnos se han formado ya en la escuela<\/strong>.\n\nIEBS ha apoyado su \u00e9xito en<strong> tres pilares fundamentales<\/strong>:  programas siempre actualizados que evolucionan seg\u00fan las necesidades del  mercado, profesores vinculados con el mundo de la innovaci\u00f3n y el  emprendimiento, y la <strong>incorporaci\u00f3n de las TIC y las herramientas 2.0<\/strong> en el propio proceso de aprendizaje.\n\nEl mundo de los negocios est\u00e1 sometido a\u00a0constantes cambios que  suceden a una velocidad cada vez mayor y esto exige\u00a0que las\u00a0Escuelas de  Negocios sean capaces de adaptarse a este nuevo entorno. IEBS ha  desarrollado un\u00a0sistema que responde a estas necesidades al<strong> <\/strong>integrar la <strong>innovaci\u00f3n en su modelo\u00a0acad\u00e9mico y de\u00a0gesti\u00f3n<\/strong>. Gracias a su alianza estrat\u00e9gica con <a href=\"http:\/\/www.seedrocket.com\/\">SeedRocket<\/a> y\u00a0un claustro de profesores que\u00a0destacan por su car\u00e1cter emprendedor,  IEBS\u00a0mantiene un estrecho v\u00ednculo con\u00a0la innovaci\u00f3n y las\u00a0\u00faltimas  tendencias del mundo empresarial.\n\n<em>\u201cNos apoyamos en un <strong>claustro de profesores, emprendedores e innovadores<\/strong> <strong>en sus empresas<\/strong>,  que provienen del mundo de las nuevas tecnolog\u00edas e Internet. Nadie  como ellos para transmitir una formaci\u00f3n de calidad gracias a la  experiencia que acumulan\u201d<\/em> declara Juan Antonio de la Cruz, Director de IEBS.\n\nOtra de sus claves de \u00e9xito es su <strong>modelo de<\/strong> <strong>aprendizaje 2.0<\/strong>, donde prima la capacidad de aprender a aprender, resolver problemas y tomar decisiones. Gracias a una <strong>metodolog\u00eda pr\u00e1ctica, <\/strong>los alumnos adquieren competencias y habilidades decisivas para su desarrollo profesional. Juan Antonio de la Cruz asegura que <em>\u201cInternet  tiene cada vez m\u00e1s presencia en nuestras vidas y nuestro trabajo. Por  eso, un modelo que utiliza la red como eje del aprendizaje es el m\u00e1s  adecuado para este tipo de formaci\u00f3n\u201d.<\/em>\n\nLos <strong>programas que m\u00e1s \u00e9xito han registrado<\/strong> han sido los  relacionados con las nuevas tecnolog\u00edas y el entorno 2.0, como el  Postgrado en Marketing Digital y Community Management o el <a href=\"http:\/\/www.iebschool.com\/programas\/curso-web-2-0-herramientas-community-manager\/\">Curso en Web 2.0 y Herramientas para el Community Manager<\/a>. Adem\u00e1s el <strong>programa estrella<\/strong> de la escuela, el Master en Direcci\u00f3n de Empresas para Emprendedores,  ha cubierto todas las plazas y agrupa a un excelente grupo de  emprendedores que aprenden e intercambian experiencias dentro del campus  virtual.\n\nSalvador Zapata, ganador del Concurso Idea Emprendedora 2010 declara: <em>\"tienes  una idea y el hecho de ver casos pr\u00e1cticos de \u00e9xito te permite  aplicarlos en tu proyecto. Hay cantidad de cosas que estoy aprendiendo y  aplicando y que ni hab\u00eda tenido en cuenta lo importantes que son para  mi proyecto. Incluso se me ha ocurrido plantear colaboraciones con mis  propios compa\u00f1eros\"<\/em>.\n\nIEBS ha sido adem\u00e1s la primera <strong>escuela de negocios en impartir la \u00e9tica<\/strong> en todos sus programas, para formar a profesionales socialmente  responsables y defendiendo un modelo de negocio sostenible como  estrategia. El enfoque a la hora de entender los problemas, analizarlos y  reflexionar ha hecho que los alumnos valoren la enorme utilidad de esta  disciplina, en la que se <strong>plantean dilemas \u00e9ticos y morales y se ense\u00f1a a identificar los problemas<\/strong>.\n\nDesde su presentaci\u00f3n en junio de 2010, IEBS ha matriculado a m\u00e1s de 650 alumnos, llegando a una facturaci\u00f3n de 800.000 \u20ac. As\u00ed <strong>consolida su presencia en el mercado <\/strong>con un modelo de formaci\u00f3n<strong> <\/strong>basado  en la innovaci\u00f3n, el emprendimiento, la \u00e9tica y la sostenibilidad. Tras  la gran acogida entre el p\u00fablico, IEBS prev\u00e9 facturar 2.000.000 \u20ac en  2011, gracias a sus planes de expansi\u00f3n internacional.\n\n<strong>Sobre IEBS<\/strong>\n\n<strong>IEBS<\/strong> nace en el a\u00f1o 2010 como una <a href=\"http:\/\/www.iebschool.com\/\">escuela de negocios<\/a> basada en la innovaci\u00f3n, el apoyo a los emprendedores, la \u00e9tica y la sostenibilidad. Su objetivo es crear un <strong>trampol\u00edn para emprendedores<\/strong> que ofrezca formaci\u00f3n, apoyo y financiaci\u00f3n para acelerar al m\u00e1ximo start-ups de base tecnol\u00f3gica.\n\nIEBS cuenta con la colaboraci\u00f3n de SeedRocket, catalizador para  emprendedores con el que adem\u00e1s ha puesto en marcha la Escuela de  Emprendedores, un \u00e1rea de formaci\u00f3n para personas que quieran llevar a  cabo sus propios proyectos.\n\nIEBS apuesta por <strong>la formaci\u00f3n de los profesionales del futuro<\/strong> y  l\u00edderes en la gesti\u00f3n de las nuevas empresas, en valores que les  permitan afrontar con seguridad el camino hacia un modelo financiero,  econ\u00f3mico y empresarial basado en una nueva forma de hacer negocios.<\/td>\n<\/tr>\n<\/tbody>\n<\/table>","protected":false},"excerpt":{"rendered":"","protected":false},"author":8,"featured_media":0,"comment_status":"open","ping_status":"open","sticky":false,"template":"","format":"standard","meta":{"footnotes":""},"categories":[8],"tags":[88,98,115,130],"class_list":["post-580","post","type-post","status-publish","format-standard","hentry","category-notas-de-prensa","tag-emprendedores","tag-escuela-de-negocios","tag-formacion-online","tag-iebs"],"yoast_head":"<!-- This site is optimized with the Yoast SEO Premium plugin v23.9 (Yoast SEO v24.6) - https:\/\/yoast.com\/wordpress\/plugins\/seo\/ -->\n<title>M\u00e1s de 650 alumnos se forman con IEBS en su primer a\u00f1o de vida - Sala de Prensa<\/title>\n<meta name=\"description\" content=\"M\u00e1s de 650 alumnos se forman con IEBS en su primer a\u00f1o de vida La escuela de negocios ofrece formaci\u00f3n especializada para las nuevas profesiones que est\u00e1n\" \/>\n<meta name=\"robots\" content=\"index, follow, max-snippet:-1, max-image-preview:large, max-video-preview:-1\" \/>\n<link rel=\"canonical\" href=\"https:\/\/www.iebschool.com\/saladeprensa\/2011\/06\/21\/mas-de-650-alumnos-se-forman-con-iebs-en-su-primer-ano-de-vida\/\" \/>\n<meta property=\"og:locale\" content=\"es_ES\" \/>\n<meta property=\"og:type\" content=\"article\" \/>\n<meta property=\"og:title\" content=\"M\u00e1s de 650 alumnos se forman con IEBS en su primer a\u00f1o de vida\" \/>\n<meta property=\"og:description\" content=\"M\u00e1s de 650 alumnos se forman con IEBS en su primer a\u00f1o de vida La escuela de negocios ofrece formaci\u00f3n especializada para las nuevas profesiones que est\u00e1n\" \/>\n<meta property=\"og:url\" content=\"https:\/\/www.iebschool.com\/saladeprensa\/2011\/06\/21\/mas-de-650-alumnos-se-forman-con-iebs-en-su-primer-ano-de-vida\/\" \/>\n<meta property=\"og:site_name\" content=\"Sala de Prensa\" \/>\n<meta property=\"article:published_time\" content=\"2011-06-21T16:07:55+00:00\" \/>\n<meta property=\"og:image\" content=\"http:\/\/static.iebschool.com\/11\/mailing_generico\/v3\/img\/logo_azul.png\" \/>\n<meta name=\"author\" content=\"Eva Rodriguez Alvarez\" \/>\n<meta name=\"twitter:card\" content=\"summary_large_image\" \/>\n<meta name=\"twitter:label1\" content=\"Escrito por\" \/>\n\t<meta name=\"twitter:data1\" content=\"Eva Rodriguez Alvarez\" \/>\n\t<meta name=\"twitter:label2\" content=\"Tiempo de lectura\" \/>\n\t<meta name=\"twitter:data2\" content=\"4 minutos\" \/>\n<script type=\"application\/ld+json\" class=\"yoast-schema-graph\">{\"@context\":\"https:\/\/schema.org\",\"@graph\":[{\"@type\":\"Article\",\"@id\":\"https:\/\/www.iebschool.com\/saladeprensa\/2011\/06\/21\/mas-de-650-alumnos-se-forman-con-iebs-en-su-primer-ano-de-vida\/#article\",\"isPartOf\":{\"@id\":\"https:\/\/www.iebschool.com\/saladeprensa\/2011\/06\/21\/mas-de-650-alumnos-se-forman-con-iebs-en-su-primer-ano-de-vida\/\"},\"author\":{\"name\":\"Eva Rodriguez Alvarez\",\"@id\":\"https:\/\/www.iebschool.com\/saladeprensa\/#\/schema\/person\/9cca6e566c12dfa24b322fbb1cf5296a\"},\"headline\":\"M\u00e1s de 650 alumnos se forman con IEBS en su primer a\u00f1o de vida\",\"datePublished\":\"2011-06-21T16:07:55+00:00\",\"mainEntityOfPage\":{\"@id\":\"https:\/\/www.iebschool.com\/saladeprensa\/2011\/06\/21\/mas-de-650-alumnos-se-forman-con-iebs-en-su-primer-ano-de-vida\/\"},\"wordCount\":840,\"commentCount\":0,\"publisher\":{\"@id\":\"https:\/\/www.iebschool.com\/saladeprensa\/#organization\"},\"image\":{\"@id\":\"https:\/\/www.iebschool.com\/saladeprensa\/2011\/06\/21\/mas-de-650-alumnos-se-forman-con-iebs-en-su-primer-ano-de-vida\/#primaryimage\"},\"thumbnailUrl\":\"http:\/\/static.iebschool.com\/11\/mailing_generico\/v3\/img\/logo_azul.png\",\"keywords\":[\"Emprendedores\",\"Escuela de Negocios\",\"Formaci\u00f3n Online\",\"IEBS\"],\"articleSection\":[\"Notas de Prensa\"],\"inLanguage\":\"es\",\"potentialAction\":[{\"@type\":\"CommentAction\",\"name\":\"Comment\",\"target\":[\"https:\/\/www.iebschool.com\/saladeprensa\/2011\/06\/21\/mas-de-650-alumnos-se-forman-con-iebs-en-su-primer-ano-de-vida\/#respond\"]}]},{\"@type\":\"WebPage\",\"@id\":\"https:\/\/www.iebschool.com\/saladeprensa\/2011\/06\/21\/mas-de-650-alumnos-se-forman-con-iebs-en-su-primer-ano-de-vida\/\",\"url\":\"https:\/\/www.iebschool.com\/saladeprensa\/2011\/06\/21\/mas-de-650-alumnos-se-forman-con-iebs-en-su-primer-ano-de-vida\/\",\"name\":\"M\u00e1s de 650 alumnos se forman con IEBS en su primer a\u00f1o de vida - Sala de Prensa\",\"isPartOf\":{\"@id\":\"https:\/\/www.iebschool.com\/saladeprensa\/#website\"},\"primaryImageOfPage\":{\"@id\":\"https:\/\/www.iebschool.com\/saladeprensa\/2011\/06\/21\/mas-de-650-alumnos-se-forman-con-iebs-en-su-primer-ano-de-vida\/#primaryimage\"},\"image\":{\"@id\":\"https:\/\/www.iebschool.com\/saladeprensa\/2011\/06\/21\/mas-de-650-alumnos-se-forman-con-iebs-en-su-primer-ano-de-vida\/#primaryimage\"},\"thumbnailUrl\":\"http:\/\/static.iebschool.com\/11\/mailing_generico\/v3\/img\/logo_azul.png\",\"datePublished\":\"2011-06-21T16:07:55+00:00\",\"description\":\"M\u00e1s de 650 alumnos se forman con IEBS en su primer a\u00f1o de vida La escuela de negocios ofrece formaci\u00f3n especializada para las nuevas profesiones que est\u00e1n\",\"breadcrumb\":{\"@id\":\"https:\/\/www.iebschool.com\/saladeprensa\/2011\/06\/21\/mas-de-650-alumnos-se-forman-con-iebs-en-su-primer-ano-de-vida\/#breadcrumb\"},\"inLanguage\":\"es\",\"potentialAction\":[{\"@type\":\"ReadAction\",\"target\":[\"https:\/\/www.iebschool.com\/saladeprensa\/2011\/06\/21\/mas-de-650-alumnos-se-forman-con-iebs-en-su-primer-ano-de-vida\/\"]}]},{\"@type\":\"ImageObject\",\"inLanguage\":\"es\",\"@id\":\"https:\/\/www.iebschool.com\/saladeprensa\/2011\/06\/21\/mas-de-650-alumnos-se-forman-con-iebs-en-su-primer-ano-de-vida\/#primaryimage\",\"url\":\"http:\/\/static.iebschool.com\/11\/mailing_generico\/v3\/img\/logo_azul.png\",\"contentUrl\":\"http:\/\/static.iebschool.com\/11\/mailing_generico\/v3\/img\/logo_azul.png\"},{\"@type\":\"BreadcrumbList\",\"@id\":\"https:\/\/www.iebschool.com\/saladeprensa\/2011\/06\/21\/mas-de-650-alumnos-se-forman-con-iebs-en-su-primer-ano-de-vida\/#breadcrumb\",\"itemListElement\":[{\"@type\":\"ListItem\",\"position\":1,\"name\":\"Portada\",\"item\":\"https:\/\/www.iebschool.com\/saladeprensa\/\"},{\"@type\":\"ListItem\",\"position\":2,\"name\":\"M\u00e1s de 650 alumnos se forman con IEBS en su primer a\u00f1o de vida\"}]},{\"@type\":\"WebSite\",\"@id\":\"https:\/\/www.iebschool.com\/saladeprensa\/#website\",\"url\":\"https:\/\/www.iebschool.com\/saladeprensa\/\",\"name\":\"Sala de Prensa\",\"description\":\"IEBS\",\"publisher\":{\"@id\":\"https:\/\/www.iebschool.com\/saladeprensa\/#organization\"},\"potentialAction\":[{\"@type\":\"SearchAction\",\"target\":{\"@type\":\"EntryPoint\",\"urlTemplate\":\"https:\/\/www.iebschool.com\/saladeprensa\/?s={search_term_string}\"},\"query-input\":{\"@type\":\"PropertyValueSpecification\",\"valueRequired\":true,\"valueName\":\"search_term_string\"}}],\"inLanguage\":\"es\"},{\"@type\":\"Organization\",\"@id\":\"https:\/\/www.iebschool.com\/saladeprensa\/#organization\",\"name\":\"Sala de Prensa\",\"url\":\"https:\/\/www.iebschool.com\/saladeprensa\/\",\"logo\":{\"@type\":\"ImageObject\",\"inLanguage\":\"es\",\"@id\":\"https:\/\/www.iebschool.com\/saladeprensa\/#\/schema\/logo\/image\/\",\"url\":\"https:\/\/www.iebschool.com\/saladeprensa\/wp-content\/uploads\/2026\/02\/IEBS_Logo_BusinessSchool_1_Hor_Violeta-scaled.png\",\"contentUrl\":\"https:\/\/www.iebschool.com\/saladeprensa\/wp-content\/uploads\/2026\/02\/IEBS_Logo_BusinessSchool_1_Hor_Violeta-scaled.png\",\"width\":2560,\"height\":374,\"caption\":\"Sala de Prensa\"},\"image\":{\"@id\":\"https:\/\/www.iebschool.com\/saladeprensa\/#\/schema\/logo\/image\/\"}},{\"@type\":\"Person\",\"@id\":\"https:\/\/www.iebschool.com\/saladeprensa\/#\/schema\/person\/9cca6e566c12dfa24b322fbb1cf5296a\",\"name\":\"Eva Rodriguez Alvarez\",\"image\":{\"@type\":\"ImageObject\",\"inLanguage\":\"es\",\"@id\":\"https:\/\/www.iebschool.com\/saladeprensa\/#\/schema\/person\/image\/\",\"url\":\"https:\/\/secure.gravatar.com\/avatar\/426bf2aca95ba540998e613554bc6cc611691f74af0502a51dbceefbf44178b4?s=96&d=mm&r=g\",\"contentUrl\":\"https:\/\/secure.gravatar.com\/avatar\/426bf2aca95ba540998e613554bc6cc611691f74af0502a51dbceefbf44178b4?s=96&d=mm&r=g\",\"caption\":\"Eva Rodriguez Alvarez\"},\"url\":\"https:\/\/www.iebschool.com\/saladeprensa\/author\/evarodrialgmail-com\/\"}]}<\/script>\n<!-- \/ Yoast SEO Premium plugin. -->","yoast_head_json":{"title":"M\u00e1s de 650 alumnos se forman con IEBS en su primer a\u00f1o de vida - Sala de Prensa","description":"M\u00e1s de 650 alumnos se forman con IEBS en su primer a\u00f1o de vida La escuela de negocios ofrece formaci\u00f3n especializada para las nuevas profesiones que est\u00e1n","robots":{"index":"index","follow":"follow","max-snippet":"max-snippet:-1","max-image-preview":"max-image-preview:large","max-video-preview":"max-video-preview:-1"},"canonical":"https:\/\/www.iebschool.com\/saladeprensa\/2011\/06\/21\/mas-de-650-alumnos-se-forman-con-iebs-en-su-primer-ano-de-vida\/","og_locale":"es_ES","og_type":"article","og_title":"M\u00e1s de 650 alumnos se forman con IEBS en su primer a\u00f1o de vida","og_description":"M\u00e1s de 650 alumnos se forman con IEBS en su primer a\u00f1o de vida La escuela de negocios ofrece formaci\u00f3n especializada para las nuevas profesiones que est\u00e1n","og_url":"https:\/\/www.iebschool.com\/saladeprensa\/2011\/06\/21\/mas-de-650-alumnos-se-forman-con-iebs-en-su-primer-ano-de-vida\/","og_site_name":"Sala de Prensa","article_published_time":"2011-06-21T16:07:55+00:00","og_image":[{"url":"http:\/\/static.iebschool.com\/11\/mailing_generico\/v3\/img\/logo_azul.png","type":"","width":"","height":""}],"author":"Eva Rodriguez Alvarez","twitter_card":"summary_large_image","twitter_misc":{"Escrito por":"Eva Rodriguez Alvarez","Tiempo de lectura":"4 minutos"},"schema":{"@context":"https:\/\/schema.org","@graph":[{"@type":"Article","@id":"https:\/\/www.iebschool.com\/saladeprensa\/2011\/06\/21\/mas-de-650-alumnos-se-forman-con-iebs-en-su-primer-ano-de-vida\/#article","isPartOf":{"@id":"https:\/\/www.iebschool.com\/saladeprensa\/2011\/06\/21\/mas-de-650-alumnos-se-forman-con-iebs-en-su-primer-ano-de-vida\/"},"author":{"name":"Eva Rodriguez Alvarez","@id":"https:\/\/www.iebschool.com\/saladeprensa\/#\/schema\/person\/9cca6e566c12dfa24b322fbb1cf5296a"},"headline":"M\u00e1s de 650 alumnos se forman con IEBS en su primer a\u00f1o de vida","datePublished":"2011-06-21T16:07:55+00:00","mainEntityOfPage":{"@id":"https:\/\/www.iebschool.com\/saladeprensa\/2011\/06\/21\/mas-de-650-alumnos-se-forman-con-iebs-en-su-primer-ano-de-vida\/"},"wordCount":840,"commentCount":0,"publisher":{"@id":"https:\/\/www.iebschool.com\/saladeprensa\/#organization"},"image":{"@id":"https:\/\/www.iebschool.com\/saladeprensa\/2011\/06\/21\/mas-de-650-alumnos-se-forman-con-iebs-en-su-primer-ano-de-vida\/#primaryimage"},"thumbnailUrl":"http:\/\/static.iebschool.com\/11\/mailing_generico\/v3\/img\/logo_azul.png","keywords":["Emprendedores","Escuela de Negocios","Formaci\u00f3n Online","IEBS"],"articleSection":["Notas de Prensa"],"inLanguage":"es","potentialAction":[{"@type":"CommentAction","name":"Comment","target":["https:\/\/www.iebschool.com\/saladeprensa\/2011\/06\/21\/mas-de-650-alumnos-se-forman-con-iebs-en-su-primer-ano-de-vida\/#respond"]}]},{"@type":"WebPage","@id":"https:\/\/www.iebschool.com\/saladeprensa\/2011\/06\/21\/mas-de-650-alumnos-se-forman-con-iebs-en-su-primer-ano-de-vida\/","url":"https:\/\/www.iebschool.com\/saladeprensa\/2011\/06\/21\/mas-de-650-alumnos-se-forman-con-iebs-en-su-primer-ano-de-vida\/","name":"M\u00e1s de 650 alumnos se forman con IEBS en su primer a\u00f1o de vida - Sala de Prensa","isPartOf":{"@id":"https:\/\/www.iebschool.com\/saladeprensa\/#website"},"primaryImageOfPage":{"@id":"https:\/\/www.iebschool.com\/saladeprensa\/2011\/06\/21\/mas-de-650-alumnos-se-forman-con-iebs-en-su-primer-ano-de-vida\/#primaryimage"},"image":{"@id":"https:\/\/www.iebschool.com\/saladeprensa\/2011\/06\/21\/mas-de-650-alumnos-se-forman-con-iebs-en-su-primer-ano-de-vida\/#primaryimage"},"thumbnailUrl":"http:\/\/static.iebschool.com\/11\/mailing_generico\/v3\/img\/logo_azul.png","datePublished":"2011-06-21T16:07:55+00:00","description":"M\u00e1s de 650 alumnos se forman con IEBS en su primer a\u00f1o de vida La escuela de negocios ofrece formaci\u00f3n especializada para las nuevas profesiones que est\u00e1n","breadcrumb":{"@id":"https:\/\/www.iebschool.com\/saladeprensa\/2011\/06\/21\/mas-de-650-alumnos-se-forman-con-iebs-en-su-primer-ano-de-vida\/#breadcrumb"},"inLanguage":"es","potentialAction":[{"@type":"ReadAction","target":["https:\/\/www.iebschool.com\/saladeprensa\/2011\/06\/21\/mas-de-650-alumnos-se-forman-con-iebs-en-su-primer-ano-de-vida\/"]}]},{"@type":"ImageObject","inLanguage":"es","@id":"https:\/\/www.iebschool.com\/saladeprensa\/2011\/06\/21\/mas-de-650-alumnos-se-forman-con-iebs-en-su-primer-ano-de-vida\/#primaryimage","url":"http:\/\/static.iebschool.com\/11\/mailing_generico\/v3\/img\/logo_azul.png","contentUrl":"http:\/\/static.iebschool.com\/11\/mailing_generico\/v3\/img\/logo_azul.png"},{"@type":"BreadcrumbList","@id":"https:\/\/www.iebschool.com\/saladeprensa\/2011\/06\/21\/mas-de-650-alumnos-se-forman-con-iebs-en-su-primer-ano-de-vida\/#breadcrumb","itemListElement":[{"@type":"ListItem","position":1,"name":"Portada","item":"https:\/\/www.iebschool.com\/saladeprensa\/"},{"@type":"ListItem","position":2,"name":"M\u00e1s de 650 alumnos se forman con IEBS en su primer a\u00f1o de vida"}]},{"@type":"WebSite","@id":"https:\/\/www.iebschool.com\/saladeprensa\/#website","url":"https:\/\/www.iebschool.com\/saladeprensa\/","name":"Sala de Prensa","description":"IEBS","publisher":{"@id":"https:\/\/www.iebschool.com\/saladeprensa\/#organization"},"potentialAction":[{"@type":"SearchAction","target":{"@type":"EntryPoint","urlTemplate":"https:\/\/www.iebschool.com\/saladeprensa\/?s={search_term_string}"},"query-input":{"@type":"PropertyValueSpecification","valueRequired":true,"valueName":"search_term_string"}}],"inLanguage":"es"},{"@type":"Organization","@id":"https:\/\/www.iebschool.com\/saladeprensa\/#organization","name":"Sala de Prensa","url":"https:\/\/www.iebschool.com\/saladeprensa\/","logo":{"@type":"ImageObject","inLanguage":"es","@id":"https:\/\/www.iebschool.com\/saladeprensa\/#\/schema\/logo\/image\/","url":"https:\/\/www.iebschool.com\/saladeprensa\/wp-content\/uploads\/2026\/02\/IEBS_Logo_BusinessSchool_1_Hor_Violeta-scaled.png","contentUrl":"https:\/\/www.iebschool.com\/saladeprensa\/wp-content\/uploads\/2026\/02\/IEBS_Logo_BusinessSchool_1_Hor_Violeta-scaled.png","width":2560,"height":374,"caption":"Sala de Prensa"},"image":{"@id":"https:\/\/www.iebschool.com\/saladeprensa\/#\/schema\/logo\/image\/"}},{"@type":"Person","@id":"https:\/\/www.iebschool.com\/saladeprensa\/#\/schema\/person\/9cca6e566c12dfa24b322fbb1cf5296a","name":"Eva Rodriguez Alvarez","image":{"@type":"ImageObject","inLanguage":"es","@id":"https:\/\/www.iebschool.com\/saladeprensa\/#\/schema\/person\/image\/","url":"https:\/\/secure.gravatar.com\/avatar\/426bf2aca95ba540998e613554bc6cc611691f74af0502a51dbceefbf44178b4?s=96&d=mm&r=g","contentUrl":"https:\/\/secure.gravatar.com\/avatar\/426bf2aca95ba540998e613554bc6cc611691f74af0502a51dbceefbf44178b4?s=96&d=mm&r=g","caption":"Eva Rodriguez Alvarez"},"url":"https:\/\/www.iebschool.com\/saladeprensa\/author\/evarodrialgmail-com\/"}]}},"image_thumbnail":"https:\/\/www.iebschool.com\/saladeprensa\/wp-includes\/images\/media\/default.svg","image_full":"https:\/\/www.iebschool.com\/saladeprensa\/wp-includes\/images\/media\/default.svg","categoria":{"nombre":"Notas de Prensa","slug":"category\/notas-de-prensa"},"_links":{"self":[{"href":"https:\/\/www.iebschool.com\/saladeprensa\/wp-json\/wp\/v2\/posts\/580","targetHints":{"allow":["GET"]}}],"collection":[{"href":"https:\/\/www.iebschool.com\/saladeprensa\/wp-json\/wp\/v2\/posts"}],"about":[{"href":"https:\/\/www.iebschool.com\/saladeprensa\/wp-json\/wp\/v2\/types\/post"}],"author":[{"embeddable":true,"href":"https:\/\/www.iebschool.com\/saladeprensa\/wp-json\/wp\/v2\/users\/8"}],"replies":[{"embeddable":true,"href":"https:\/\/www.iebschool.com\/saladeprensa\/wp-json\/wp\/v2\/comments?post=580"}],"version-history":[{"count":0,"href":"https:\/\/www.iebschool.com\/saladeprensa\/wp-json\/wp\/v2\/posts\/580\/revisions"}],"wp:attachment":[{"href":"https:\/\/www.iebschool.com\/saladeprensa\/wp-json\/wp\/v2\/media?parent=580"}],"wp:term":[{"taxonomy":"category","embeddable":true,"href":"https:\/\/www.iebschool.com\/saladeprensa\/wp-json\/wp\/v2\/categories?post=580"},{"taxonomy":"post_tag","embeddable":true,"href":"https:\/\/www.iebschool.com\/saladeprensa\/wp-json\/wp\/v2\/tags?post=580"}],"curies":[{"name":"wp","href":"https:\/\/api.w.org\/{rel}","templated":true}]}}