{"id":589,"date":"2011-03-22T13:03:07","date_gmt":"2011-03-22T13:03:07","guid":{"rendered":"http:\/\/comunidad.iebschool.com\/saladeprensa\/?p=589"},"modified":"2025-03-06T16:22:29","modified_gmt":"2025-03-06T16:22:29","slug":"entrevista-a-oscar-fuente-en-aefol-tv","status":"publish","type":"post","link":"https:\/\/www.iebschool.com\/saladeprensa\/2011\/03\/22\/entrevista-a-oscar-fuente-en-aefol-tv\/","title":{"rendered":"Entrevista a Oscar Fuente en AEFOL TV"},"content":{"rendered":"Aqu\u00ed podr\u00e1s ver la entrevista que AEFOL realiz\u00f3 a nuestro Oscar Fuente, que se hizo con el Premio AEFOL al emprendedor del a\u00f1o.\n\nEnlace a Entrevista en v\u00eddeo a Oscar Fuente en AEFOL TV","protected":false},"excerpt":{"rendered":"","protected":false},"author":8,"featured_media":0,"comment_status":"open","ping_status":"open","sticky":false,"template":"","format":"standard","meta":{"footnotes":""},"categories":[6],"tags":[15,94,196],"class_list":["post-589","post","type-post","status-publish","format-standard","hentry","category-entrevista-profesores","tag-aefol","tag-entrevista","tag-profesores-iebs"],"yoast_head":"<!-- This site is optimized with the Yoast SEO Premium plugin v23.9 (Yoast SEO v24.6) - https:\/\/yoast.com\/wordpress\/plugins\/seo\/ -->\n<title>Entrevista a Oscar Fuente en AEFOL TV - Sala de Prensa<\/title>\n<meta name=\"description\" content=\"Aqu\u00ed podr\u00e1s ver la entrevista que AEFOL realiz\u00f3 a nuestro Oscar Fuente, que se hizo con el Premio AEFOL al emprendedor del a\u00f1o. Enlace a Entrevista en\" \/>\n<meta name=\"robots\" content=\"index, follow, max-snippet:-1, max-image-preview:large, max-video-preview:-1\" \/>\n<link rel=\"canonical\" href=\"https:\/\/www.iebschool.com\/saladeprensa\/2011\/03\/22\/entrevista-a-oscar-fuente-en-aefol-tv\/\" \/>\n<meta property=\"og:locale\" content=\"es_ES\" \/>\n<meta property=\"og:type\" content=\"article\" \/>\n<meta property=\"og:title\" content=\"Entrevista a Oscar Fuente en AEFOL TV\" \/>\n<meta property=\"og:description\" content=\"Aqu\u00ed podr\u00e1s ver la entrevista que AEFOL realiz\u00f3 a nuestro Oscar Fuente, que se hizo con el Premio AEFOL al emprendedor del a\u00f1o. Enlace a Entrevista en\" \/>\n<meta property=\"og:url\" content=\"https:\/\/www.iebschool.com\/saladeprensa\/2011\/03\/22\/entrevista-a-oscar-fuente-en-aefol-tv\/\" \/>\n<meta property=\"og:site_name\" content=\"Sala de Prensa\" \/>\n<meta property=\"article:published_time\" content=\"2011-03-22T13:03:07+00:00\" \/>\n<meta property=\"article:modified_time\" content=\"2025-03-06T16:22:29+00:00\" \/>\n<meta name=\"author\" content=\"Eva Rodriguez Alvarez\" \/>\n<meta name=\"twitter:card\" content=\"summary_large_image\" \/>\n<meta name=\"twitter:label1\" content=\"Escrito por\" \/>\n\t<meta name=\"twitter:data1\" content=\"Eva Rodriguez Alvarez\" \/>\n\t<meta name=\"twitter:label2\" content=\"Tiempo de lectura\" \/>\n\t<meta name=\"twitter:data2\" content=\"1 minuto\" \/>\n<script type=\"application\/ld+json\" class=\"yoast-schema-graph\">{\"@context\":\"https:\/\/schema.org\",\"@graph\":[{\"@type\":\"Article\",\"@id\":\"https:\/\/www.iebschool.com\/saladeprensa\/2011\/03\/22\/entrevista-a-oscar-fuente-en-aefol-tv\/#article\",\"isPartOf\":{\"@id\":\"https:\/\/www.iebschool.com\/saladeprensa\/2011\/03\/22\/entrevista-a-oscar-fuente-en-aefol-tv\/\"},\"author\":{\"name\":\"Eva Rodriguez Alvarez\",\"@id\":\"https:\/\/www.iebschool.com\/saladeprensa\/#\/schema\/person\/9cca6e566c12dfa24b322fbb1cf5296a\"},\"headline\":\"Entrevista a Oscar Fuente en AEFOL TV\",\"datePublished\":\"2011-03-22T13:03:07+00:00\",\"dateModified\":\"2025-03-06T16:22:29+00:00\",\"mainEntityOfPage\":{\"@id\":\"https:\/\/www.iebschool.com\/saladeprensa\/2011\/03\/22\/entrevista-a-oscar-fuente-en-aefol-tv\/\"},\"wordCount\":44,\"commentCount\":0,\"publisher\":{\"@id\":\"https:\/\/www.iebschool.com\/saladeprensa\/#organization\"},\"keywords\":[\"AEFOL\",\"Entrevista\",\"Profesores IEBS\"],\"articleSection\":[\"Hablan nuestros profesores\"],\"inLanguage\":\"es\",\"potentialAction\":[{\"@type\":\"CommentAction\",\"name\":\"Comment\",\"target\":[\"https:\/\/www.iebschool.com\/saladeprensa\/2011\/03\/22\/entrevista-a-oscar-fuente-en-aefol-tv\/#respond\"]}]},{\"@type\":\"WebPage\",\"@id\":\"https:\/\/www.iebschool.com\/saladeprensa\/2011\/03\/22\/entrevista-a-oscar-fuente-en-aefol-tv\/\",\"url\":\"https:\/\/www.iebschool.com\/saladeprensa\/2011\/03\/22\/entrevista-a-oscar-fuente-en-aefol-tv\/\",\"name\":\"Entrevista a Oscar Fuente en AEFOL TV - Sala de Prensa\",\"isPartOf\":{\"@id\":\"https:\/\/www.iebschool.com\/saladeprensa\/#website\"},\"datePublished\":\"2011-03-22T13:03:07+00:00\",\"dateModified\":\"2025-03-06T16:22:29+00:00\",\"description\":\"Aqu\u00ed podr\u00e1s ver la entrevista que AEFOL realiz\u00f3 a nuestro Oscar Fuente, que se hizo con el Premio AEFOL al emprendedor del a\u00f1o. Enlace a Entrevista en\",\"breadcrumb\":{\"@id\":\"https:\/\/www.iebschool.com\/saladeprensa\/2011\/03\/22\/entrevista-a-oscar-fuente-en-aefol-tv\/#breadcrumb\"},\"inLanguage\":\"es\",\"potentialAction\":[{\"@type\":\"ReadAction\",\"target\":[\"https:\/\/www.iebschool.com\/saladeprensa\/2011\/03\/22\/entrevista-a-oscar-fuente-en-aefol-tv\/\"]}]},{\"@type\":\"BreadcrumbList\",\"@id\":\"https:\/\/www.iebschool.com\/saladeprensa\/2011\/03\/22\/entrevista-a-oscar-fuente-en-aefol-tv\/#breadcrumb\",\"itemListElement\":[{\"@type\":\"ListItem\",\"position\":1,\"name\":\"Portada\",\"item\":\"https:\/\/www.iebschool.com\/saladeprensa\/\"},{\"@type\":\"ListItem\",\"position\":2,\"name\":\"Entrevista a Oscar Fuente en AEFOL TV\"}]},{\"@type\":\"WebSite\",\"@id\":\"https:\/\/www.iebschool.com\/saladeprensa\/#website\",\"url\":\"https:\/\/www.iebschool.com\/saladeprensa\/\",\"name\":\"Sala de Prensa\",\"description\":\"IEBS\",\"publisher\":{\"@id\":\"https:\/\/www.iebschool.com\/saladeprensa\/#organization\"},\"potentialAction\":[{\"@type\":\"SearchAction\",\"target\":{\"@type\":\"EntryPoint\",\"urlTemplate\":\"https:\/\/www.iebschool.com\/saladeprensa\/?s={search_term_string}\"},\"query-input\":{\"@type\":\"PropertyValueSpecification\",\"valueRequired\":true,\"valueName\":\"search_term_string\"}}],\"inLanguage\":\"es\"},{\"@type\":\"Organization\",\"@id\":\"https:\/\/www.iebschool.com\/saladeprensa\/#organization\",\"name\":\"Sala de Prensa\",\"url\":\"https:\/\/www.iebschool.com\/saladeprensa\/\",\"logo\":{\"@type\":\"ImageObject\",\"inLanguage\":\"es\",\"@id\":\"https:\/\/www.iebschool.com\/saladeprensa\/#\/schema\/logo\/image\/\",\"url\":\"https:\/\/www.iebschool.com\/saladeprensa\/wp-content\/uploads\/2026\/02\/IEBS_Logo_BusinessSchool_1_Hor_Violeta-scaled.png\",\"contentUrl\":\"https:\/\/www.iebschool.com\/saladeprensa\/wp-content\/uploads\/2026\/02\/IEBS_Logo_BusinessSchool_1_Hor_Violeta-scaled.png\",\"width\":2560,\"height\":374,\"caption\":\"Sala de Prensa\"},\"image\":{\"@id\":\"https:\/\/www.iebschool.com\/saladeprensa\/#\/schema\/logo\/image\/\"}},{\"@type\":\"Person\",\"@id\":\"https:\/\/www.iebschool.com\/saladeprensa\/#\/schema\/person\/9cca6e566c12dfa24b322fbb1cf5296a\",\"name\":\"Eva Rodriguez Alvarez\",\"image\":{\"@type\":\"ImageObject\",\"inLanguage\":\"es\",\"@id\":\"https:\/\/www.iebschool.com\/saladeprensa\/#\/schema\/person\/image\/\",\"url\":\"https:\/\/secure.gravatar.com\/avatar\/426bf2aca95ba540998e613554bc6cc611691f74af0502a51dbceefbf44178b4?s=96&d=mm&r=g\",\"contentUrl\":\"https:\/\/secure.gravatar.com\/avatar\/426bf2aca95ba540998e613554bc6cc611691f74af0502a51dbceefbf44178b4?s=96&d=mm&r=g\",\"caption\":\"Eva Rodriguez Alvarez\"},\"url\":\"https:\/\/www.iebschool.com\/saladeprensa\/author\/evarodrialgmail-com\/\"}]}<\/script>\n<!-- \/ Yoast SEO Premium plugin. -->","yoast_head_json":{"title":"Entrevista a Oscar Fuente en AEFOL TV - Sala de Prensa","description":"Aqu\u00ed podr\u00e1s ver la entrevista que AEFOL realiz\u00f3 a nuestro Oscar Fuente, que se hizo con el Premio AEFOL al emprendedor del a\u00f1o. Enlace a Entrevista en","robots":{"index":"index","follow":"follow","max-snippet":"max-snippet:-1","max-image-preview":"max-image-preview:large","max-video-preview":"max-video-preview:-1"},"canonical":"https:\/\/www.iebschool.com\/saladeprensa\/2011\/03\/22\/entrevista-a-oscar-fuente-en-aefol-tv\/","og_locale":"es_ES","og_type":"article","og_title":"Entrevista a Oscar Fuente en AEFOL TV","og_description":"Aqu\u00ed podr\u00e1s ver la entrevista que AEFOL realiz\u00f3 a nuestro Oscar Fuente, que se hizo con el Premio AEFOL al emprendedor del a\u00f1o. Enlace a Entrevista en","og_url":"https:\/\/www.iebschool.com\/saladeprensa\/2011\/03\/22\/entrevista-a-oscar-fuente-en-aefol-tv\/","og_site_name":"Sala de Prensa","article_published_time":"2011-03-22T13:03:07+00:00","article_modified_time":"2025-03-06T16:22:29+00:00","author":"Eva Rodriguez Alvarez","twitter_card":"summary_large_image","twitter_misc":{"Escrito por":"Eva Rodriguez Alvarez","Tiempo de lectura":"1 minuto"},"schema":{"@context":"https:\/\/schema.org","@graph":[{"@type":"Article","@id":"https:\/\/www.iebschool.com\/saladeprensa\/2011\/03\/22\/entrevista-a-oscar-fuente-en-aefol-tv\/#article","isPartOf":{"@id":"https:\/\/www.iebschool.com\/saladeprensa\/2011\/03\/22\/entrevista-a-oscar-fuente-en-aefol-tv\/"},"author":{"name":"Eva Rodriguez Alvarez","@id":"https:\/\/www.iebschool.com\/saladeprensa\/#\/schema\/person\/9cca6e566c12dfa24b322fbb1cf5296a"},"headline":"Entrevista a Oscar Fuente en AEFOL TV","datePublished":"2011-03-22T13:03:07+00:00","dateModified":"2025-03-06T16:22:29+00:00","mainEntityOfPage":{"@id":"https:\/\/www.iebschool.com\/saladeprensa\/2011\/03\/22\/entrevista-a-oscar-fuente-en-aefol-tv\/"},"wordCount":44,"commentCount":0,"publisher":{"@id":"https:\/\/www.iebschool.com\/saladeprensa\/#organization"},"keywords":["AEFOL","Entrevista","Profesores IEBS"],"articleSection":["Hablan nuestros profesores"],"inLanguage":"es","potentialAction":[{"@type":"CommentAction","name":"Comment","target":["https:\/\/www.iebschool.com\/saladeprensa\/2011\/03\/22\/entrevista-a-oscar-fuente-en-aefol-tv\/#respond"]}]},{"@type":"WebPage","@id":"https:\/\/www.iebschool.com\/saladeprensa\/2011\/03\/22\/entrevista-a-oscar-fuente-en-aefol-tv\/","url":"https:\/\/www.iebschool.com\/saladeprensa\/2011\/03\/22\/entrevista-a-oscar-fuente-en-aefol-tv\/","name":"Entrevista a Oscar Fuente en AEFOL TV - Sala de Prensa","isPartOf":{"@id":"https:\/\/www.iebschool.com\/saladeprensa\/#website"},"datePublished":"2011-03-22T13:03:07+00:00","dateModified":"2025-03-06T16:22:29+00:00","description":"Aqu\u00ed podr\u00e1s ver la entrevista que AEFOL realiz\u00f3 a nuestro Oscar Fuente, que se hizo con el Premio AEFOL al emprendedor del a\u00f1o. Enlace a Entrevista en","breadcrumb":{"@id":"https:\/\/www.iebschool.com\/saladeprensa\/2011\/03\/22\/entrevista-a-oscar-fuente-en-aefol-tv\/#breadcrumb"},"inLanguage":"es","potentialAction":[{"@type":"ReadAction","target":["https:\/\/www.iebschool.com\/saladeprensa\/2011\/03\/22\/entrevista-a-oscar-fuente-en-aefol-tv\/"]}]},{"@type":"BreadcrumbList","@id":"https:\/\/www.iebschool.com\/saladeprensa\/2011\/03\/22\/entrevista-a-oscar-fuente-en-aefol-tv\/#breadcrumb","itemListElement":[{"@type":"ListItem","position":1,"name":"Portada","item":"https:\/\/www.iebschool.com\/saladeprensa\/"},{"@type":"ListItem","position":2,"name":"Entrevista a Oscar Fuente en AEFOL TV"}]},{"@type":"WebSite","@id":"https:\/\/www.iebschool.com\/saladeprensa\/#website","url":"https:\/\/www.iebschool.com\/saladeprensa\/","name":"Sala de Prensa","description":"IEBS","publisher":{"@id":"https:\/\/www.iebschool.com\/saladeprensa\/#organization"},"potentialAction":[{"@type":"SearchAction","target":{"@type":"EntryPoint","urlTemplate":"https:\/\/www.iebschool.com\/saladeprensa\/?s={search_term_string}"},"query-input":{"@type":"PropertyValueSpecification","valueRequired":true,"valueName":"search_term_string"}}],"inLanguage":"es"},{"@type":"Organization","@id":"https:\/\/www.iebschool.com\/saladeprensa\/#organization","name":"Sala de Prensa","url":"https:\/\/www.iebschool.com\/saladeprensa\/","logo":{"@type":"ImageObject","inLanguage":"es","@id":"https:\/\/www.iebschool.com\/saladeprensa\/#\/schema\/logo\/image\/","url":"https:\/\/www.iebschool.com\/saladeprensa\/wp-content\/uploads\/2026\/02\/IEBS_Logo_BusinessSchool_1_Hor_Violeta-scaled.png","contentUrl":"https:\/\/www.iebschool.com\/saladeprensa\/wp-content\/uploads\/2026\/02\/IEBS_Logo_BusinessSchool_1_Hor_Violeta-scaled.png","width":2560,"height":374,"caption":"Sala de Prensa"},"image":{"@id":"https:\/\/www.iebschool.com\/saladeprensa\/#\/schema\/logo\/image\/"}},{"@type":"Person","@id":"https:\/\/www.iebschool.com\/saladeprensa\/#\/schema\/person\/9cca6e566c12dfa24b322fbb1cf5296a","name":"Eva Rodriguez Alvarez","image":{"@type":"ImageObject","inLanguage":"es","@id":"https:\/\/www.iebschool.com\/saladeprensa\/#\/schema\/person\/image\/","url":"https:\/\/secure.gravatar.com\/avatar\/426bf2aca95ba540998e613554bc6cc611691f74af0502a51dbceefbf44178b4?s=96&d=mm&r=g","contentUrl":"https:\/\/secure.gravatar.com\/avatar\/426bf2aca95ba540998e613554bc6cc611691f74af0502a51dbceefbf44178b4?s=96&d=mm&r=g","caption":"Eva Rodriguez Alvarez"},"url":"https:\/\/www.iebschool.com\/saladeprensa\/author\/evarodrialgmail-com\/"}]}},"image_thumbnail":"https:\/\/www.iebschool.com\/saladeprensa\/wp-includes\/images\/media\/default.svg","image_full":"https:\/\/www.iebschool.com\/saladeprensa\/wp-includes\/images\/media\/default.svg","categoria":{"nombre":"Hablan nuestros profesores","slug":"category\/entrevista-profesores"},"_links":{"self":[{"href":"https:\/\/www.iebschool.com\/saladeprensa\/wp-json\/wp\/v2\/posts\/589","targetHints":{"allow":["GET"]}}],"collection":[{"href":"https:\/\/www.iebschool.com\/saladeprensa\/wp-json\/wp\/v2\/posts"}],"about":[{"href":"https:\/\/www.iebschool.com\/saladeprensa\/wp-json\/wp\/v2\/types\/post"}],"author":[{"embeddable":true,"href":"https:\/\/www.iebschool.com\/saladeprensa\/wp-json\/wp\/v2\/users\/8"}],"replies":[{"embeddable":true,"href":"https:\/\/www.iebschool.com\/saladeprensa\/wp-json\/wp\/v2\/comments?post=589"}],"version-history":[{"count":1,"href":"https:\/\/www.iebschool.com\/saladeprensa\/wp-json\/wp\/v2\/posts\/589\/revisions"}],"predecessor-version":[{"id":5872,"href":"https:\/\/www.iebschool.com\/saladeprensa\/wp-json\/wp\/v2\/posts\/589\/revisions\/5872"}],"wp:attachment":[{"href":"https:\/\/www.iebschool.com\/saladeprensa\/wp-json\/wp\/v2\/media?parent=589"}],"wp:term":[{"taxonomy":"category","embeddable":true,"href":"https:\/\/www.iebschool.com\/saladeprensa\/wp-json\/wp\/v2\/categories?post=589"},{"taxonomy":"post_tag","embeddable":true,"href":"https:\/\/www.iebschool.com\/saladeprensa\/wp-json\/wp\/v2\/tags?post=589"}],"curies":[{"name":"wp","href":"https:\/\/api.w.org\/{rel}","templated":true}]}}