{"id":5899,"date":"2025-07-14T09:49:47","date_gmt":"2025-07-14T09:49:47","guid":{"rendered":"https:\/\/www.iebschool.com\/saladeprensa\/?p=5899"},"modified":"2025-07-14T11:36:21","modified_gmt":"2025-07-14T11:36:21","slug":"cyber-security-day-por-que-la-ciberseguridad-y-la-continuidad-del-negocio-se-han-convertido-en-una-de-las-prioridades-de-las-empresas","status":"publish","type":"post","link":"https:\/\/www.iebschool.com\/saladeprensa\/2025\/07\/14\/cyber-security-day-por-que-la-ciberseguridad-y-la-continuidad-del-negocio-se-han-convertido-en-una-de-las-prioridades-de-las-empresas\/","title":{"rendered":"Cyber Security Day: \u00bfPor qu\u00e9 la ciberseguridad y la continuidad del negocio se han convertido en una de las prioridades de las empresas?"},"content":{"rendered":"<!-- wp:spacer {\"height\":\"30px\"} -->\n<div style=\"height:30px\" aria-hidden=\"true\" class=\"wp-block-spacer\"><\/div>\n<!-- \/wp:spacer -->\n\n<!-- wp:list -->\n<ul class=\"wp-block-list\"><!-- wp:list-item {\"fontSize\":\"medium\"} -->\n<li class=\"has-medium-font-size\">Los ciberataques aumentaron un 47% en el primer trimestre de 2025 comparado con el mismo periodo de 2024.<\/li>\n<!-- \/wp:list-item -->\n\n<!-- wp:list-item {\"fontSize\":\"medium\"} -->\n<li class=\"has-medium-font-size\">El evento gratuito y online de IEBS Business School reflexiona sobre la prevenci\u00f3n y respuesta ante ciberdelincuentes cada vez m\u00e1s especializados.\u00a0<\/li>\n<!-- \/wp:list-item -->\n\n<!-- wp:list-item {\"fontSize\":\"medium\"} -->\n<li class=\"has-medium-font-size\">L\u00edderes en ciberseguridad, seguridad y ciberinteligencia compartir\u00e1n su visi\u00f3n sobre c\u00f3mo conocer, identificar y evitar las ciberamenazas.<\/li>\n<!-- \/wp:list-item --><\/ul>\n<!-- \/wp:list -->\n\n<!-- wp:spacer {\"height\":\"30px\"} -->\n<div style=\"height:30px\" aria-hidden=\"true\" class=\"wp-block-spacer\"><\/div>\n<!-- \/wp:spacer -->\n\n<!-- wp:paragraph -->\n<p><strong>Barcelona, 14 de julio de 2025<\/strong> - IEBS presenta la nueva edici\u00f3n del Cyber Security Day, un evento dise\u00f1ado para aumentar las medidas de seguridad inform\u00e1tica sobre los sistemas de cualquier organizaci\u00f3n, as\u00ed como conocer las principales ciberamenazas que permita identificarlas y evitarlas.&nbsp;<\/p>\n<!-- \/wp:paragraph -->\n\n<!-- wp:paragraph -->\n<p>En esta jornada, l\u00edderes expertos en ciberataques y ciberamenazas nos compartir\u00e1n sus experiencias en el desarrollo de acciones de prevenci\u00f3n y respuesta ante ciberdelincuentes cada vez m\u00e1s especializados y organizados. Este evento es de acceso libre y gratuito y se realizar\u00e1 el <strong>17 de julio a las 18:00 horas v\u00eda streaming<\/strong>.&nbsp;<\/p>\n<!-- \/wp:paragraph -->\n\n<!-- wp:paragraph -->\n<p>Seg\u00fan el especialista en seguridad inform\u00e1tica <strong>Sergio Oro\u00f1a \u201ctodos vamos a ser atacados\u201d <\/strong>y por ello es fundamental aumentar las medidas de ciberseguridad y evitar que la desconfianza del usuario siga creciendo y paliar el sentimiento de que empresas no garantizan la protecci\u00f3n de datos personales.<\/p>\n<!-- \/wp:paragraph -->\n\n<!-- wp:spacer {\"height\":\"30px\"} -->\n<div style=\"height:30px\" aria-hidden=\"true\" class=\"wp-block-spacer\"><\/div>\n<!-- \/wp:spacer -->\n\n<!-- wp:heading {\"level\":3} -->\n<h3 class=\"wp-block-heading\" id=\"h-algunos-datos-sobre-el-crecimiento-de-ciberataques-y-la-importancia-de-la-ciberseguridad\">Algunos datos sobre el crecimiento de ciberataques y la importancia de la ciberseguridad.<\/h3>\n<!-- \/wp:heading -->\n\n<!-- wp:spacer {\"height\":\"30px\"} -->\n<div style=\"height:30px\" aria-hidden=\"true\" class=\"wp-block-spacer\"><\/div>\n<!-- \/wp:spacer -->\n\n<!-- wp:list -->\n<ul class=\"wp-block-list\"><!-- wp:list-item -->\n<li>Los ciberataques evidencian un crecimiento sin precedentes no solo aumentando la cantidad de ciberamenazas sino tambi\u00e9n por el aumento de los distintos tipos de las mismas que podr\u00edan afectar a la confianza de la empresa e incluso a su continuidad.&nbsp;<\/li>\n<!-- \/wp:list-item -->\n\n<!-- wp:list-item -->\n<li>A nivel global, los ciberataques aumentaron un 47% en el primer trimestre de 2025 en comparaci\u00f3n al mismo periodo en 2024.&nbsp;<\/li>\n<!-- \/wp:list-item -->\n\n<!-- wp:list-item -->\n<li>Hoy en d\u00eda es una tarea fundamental aumentar las medidas de seguridad inform\u00e1tica sobre los sistemas de cualquier organizaci\u00f3n, as\u00ed como conocer las principales ciberamenazas, identificarlas y evitarlas.&nbsp;<\/li>\n<!-- \/wp:list-item -->\n\n<!-- wp:list-item -->\n<li>La desconfianza del usuario aumenta y es estrictamente necesario garantizar la protecci\u00f3n de los datos personales de los usuarios.&nbsp;<\/li>\n<!-- \/wp:list-item --><\/ul>\n<!-- \/wp:list -->\n\n<!-- wp:spacer {\"height\":\"30px\"} -->\n<div style=\"height:30px\" aria-hidden=\"true\" class=\"wp-block-spacer\"><\/div>\n<!-- \/wp:spacer -->\n\n<!-- wp:heading {\"level\":3} -->\n<h3 class=\"wp-block-heading\" id=\"h-lo-que-se-debatira-en-el-cyber-security-day-expertos-y-tematicas-clave\">Lo que se debatir\u00e1 en el Cyber Security Day: expertos y tem\u00e1ticas clave<\/h3>\n<!-- \/wp:heading -->\n\n<!-- wp:spacer {\"height\":\"30px\"} -->\n<div style=\"height:30px\" aria-hidden=\"true\" class=\"wp-block-spacer\"><\/div>\n<!-- \/wp:spacer -->\n\n<!-- wp:paragraph -->\n<p>Esta jornada, presentada por <strong>Sonia Fern\u00e1ndez Palma<\/strong>, docente de IEBS y analista de inteligencia Certified Cyber Security Professional, re\u00fane a l\u00edderes expertos en ciberataques y ciberamenazas para que compartan sus experiencias tratando estos temas destacados:<\/p>\n<!-- \/wp:paragraph -->\n\n<!-- wp:list -->\n<ul class=\"wp-block-list\"><!-- wp:list-item -->\n<li><strong>Gobernanza de ciberseguridad en las empresas<\/strong>, un tema que abordar\u00e1 en profundidad <strong>Desiree Rodriguez<\/strong>, Cybersecurity expert en Ineco.<\/li>\n<!-- \/wp:list-item -->\n\n<!-- wp:list-item -->\n<li><strong>\u00bfY si entren\u00e1ramos la ciberseguridad como se entrena un m\u00fasculo? <\/strong>conducido por <strong>Izary Rod\u00f3n<\/strong>, responsable de seguridad en el sector p\u00fablico Inetum.<\/li>\n<!-- \/wp:list-item -->\n\n<!-- wp:list-item -->\n<li><strong>Computaci\u00f3n cu\u00e1ntica e IA, no es magia, son los humanos jugando a ser Dios<\/strong>, un tema que desarrollar\u00e1 en profundidad <strong>Albert Gago<\/strong>, Director t\u00e9cnico en InLine Sistemas de Seguridad y Ciberinteligencia.<\/li>\n<!-- \/wp:list-item -->\n\n<!-- wp:list-item -->\n<li><strong>Hoy toca contraataque; ante narrativas t\u00f3xicas, respuestas inteligentes. Tecnolog\u00eda, \u00e9tica y acci\u00f3n consciente<\/strong>, a cargo de <strong>Hugo Zunzarren,<\/strong> CISO en Bravent y Director de Operaciones de Inteligencia Corporativa.<\/li>\n<!-- \/wp:list-item -->\n\n<!-- wp:list-item -->\n<li><strong>Mesa redonda sobre la cultura de la ciberseguridad y el reto de la Directiva NIS2:<\/strong> de la teor\u00eda a la acci\u00f3n, en la que debatir\u00e1n <strong>Rafa Lopez<\/strong>, ingeniero de seguridad en Check Point Software, <strong>Washington Gomez<\/strong>, CISO de Global Exchange Group y <strong>Eduvigis Ortiz<\/strong>, Cybersecurity Head Iberia en Eraneos.<\/li>\n<!-- \/wp:list-item --><\/ul>\n<!-- \/wp:list -->\n\n<!-- wp:spacer {\"height\":\"30px\"} -->\n<div style=\"height:30px\" aria-hidden=\"true\" class=\"wp-block-spacer\"><\/div>\n<!-- \/wp:spacer -->\n\n<!-- wp:heading {\"level\":3} -->\n<h3 class=\"wp-block-heading\" id=\"h-un-espacio-para-profesionales-emprendedores-y-directores-con-proyectos-de-seguridad-en-sus-organizaciones\">Un espacio para profesionales, emprendedores y directores con proyectos de seguridad en sus organizaciones.<\/h3>\n<!-- \/wp:heading -->\n\n<!-- wp:spacer {\"height\":\"30px\"} -->\n<div style=\"height:30px\" aria-hidden=\"true\" class=\"wp-block-spacer\"><\/div>\n<!-- \/wp:spacer -->\n\n<!-- wp:paragraph -->\n<p>El <strong>Cyber Security Day 2025<\/strong> est\u00e1 abierto a todo el p\u00fablico y especialmente dirigido a <strong>ingenieros, t\u00e9cnicos inform\u00e1ticos, programadores, analistas de datos, directores de riesgos y emprendedores<\/strong> que quieran iniciar o mejorar proyectos de seguridad en sus organizaciones.&nbsp;<\/p>\n<!-- \/wp:paragraph -->\n\n<!-- wp:paragraph -->\n<p>La jornada se llevar\u00e1 a cabo el pr\u00f3ximo 17 de julio de enero v\u00eda streaming y en el metaverso, desde las 18.00h. La inscripci\u00f3n es gratuita y puede realizarse a trav\u00e9s de la web oficial del evento:<\/p>\n<!-- \/wp:paragraph -->\n\n<!-- wp:list -->\n<ul class=\"wp-block-list\"><!-- wp:list-item -->\n<li><a href=\"https:\/\/www.iebschool.com\/eventos\/cybersecurity-day\/\">https:\/\/www.iebschool.com\/eventos\/cybersecurity-day\/<\/a>&nbsp;<\/li>\n<!-- \/wp:list-item --><\/ul>\n<!-- \/wp:list -->\n\n<!-- wp:spacer {\"height\":\"30px\"} -->\n<div style=\"height:30px\" aria-hidden=\"true\" class=\"wp-block-spacer\"><\/div>\n<!-- \/wp:spacer -->\n\n<!-- wp:heading {\"level\":3} -->\n<h3 class=\"wp-block-heading\" id=\"h-sobre-iebs-business-school\">Sobre IEBS Business School<\/h3>\n<!-- \/wp:heading -->\n\n<!-- wp:spacer {\"height\":\"30px\"} -->\n<div style=\"height:30px\" aria-hidden=\"true\" class=\"wp-block-spacer\"><\/div>\n<!-- \/wp:spacer -->\n\n<!-- wp:paragraph -->\n<p>IEBS Business School es la escuela de negocios digital que impulsa un nuevo modelo de educaci\u00f3n basado en valores como la sostenibilidad, la innovaci\u00f3n y el compromiso social. A trav\u00e9s de sus programas formativos y eventos abiertos, forma a los profesionales que liderar\u00e1n la econom\u00eda digital con conciencia humana.<\/p>\n<!-- \/wp:paragraph -->\n\n<!-- wp:image {\"id\":5841,\"sizeSlug\":\"full\",\"linkDestination\":\"none\"} -->\n<figure class=\"wp-block-image size-full\"><img src=\"https:\/\/www.iebschool.com\/saladeprensa\/wp-content\/uploads\/2024\/11\/sala-de-prensa.png.webp\" alt=\"\" class=\"wp-image-5841\"\/><\/figure>\n<!-- \/wp:image -->","protected":false},"excerpt":{"rendered":"","protected":false},"author":42,"featured_media":0,"comment_status":"open","ping_status":"open","sticky":false,"template":"","format":"standard","meta":{"footnotes":""},"categories":[2,8],"tags":[294,293,88,98,105,295,115,130,185],"class_list":["post-5899","post","type-post","status-publish","format-standard","hentry","category-somosiebs","category-notas-de-prensa","tag-ciberseguridad","tag-cybersecurityday","tag-emprendedores","tag-escuela-de-negocios","tag-evento","tag-evento-online","tag-formacion-online","tag-iebs","tag-open-iebs"],"yoast_head":"<!-- This site is optimized with the Yoast SEO Premium plugin v23.9 (Yoast SEO v24.6) - https:\/\/yoast.com\/wordpress\/plugins\/seo\/ -->\n<title>Cyber Security Day: \u00bfPor qu\u00e9 la ciberseguridad y la continuidad del negocio se han convertido en una de las prioridades de las empresas? - Sala de Prensa<\/title>\n<meta name=\"description\" content=\"Los ciberataques aumentaron un 47% en el primer trimestre de 2025 comparado con el mismo periodo de 2024. El evento gratuito y online de IEBS Business Los ciberataques aumentaron un 47% en el primer trimestre de 2025 comparado con el mismo periodo de 2024.El evento gratuito y online de IEBS Business School reflexiona sobre la prevenci\u00f3n y respuesta ante ciberdelincuentes cada vez m\u00e1s especializados.\" \/>\n<meta name=\"robots\" content=\"index, follow, max-snippet:-1, max-image-preview:large, max-video-preview:-1\" \/>\n<link rel=\"canonical\" href=\"https:\/\/www.iebschool.com\/saladeprensa\/2025\/07\/14\/cyber-security-day-por-que-la-ciberseguridad-y-la-continuidad-del-negocio-se-han-convertido-en-una-de-las-prioridades-de-las-empresas\/\" \/>\n<meta property=\"og:locale\" content=\"es_ES\" \/>\n<meta property=\"og:type\" content=\"article\" \/>\n<meta property=\"og:title\" content=\"Cyber Security Day: \u00bfPor qu\u00e9 la ciberseguridad y la continuidad del negocio se han convertido en una de las prioridades de las empresas?\" \/>\n<meta property=\"og:description\" content=\"Los ciberataques aumentaron un 47% en el primer trimestre de 2025 comparado con el mismo periodo de 2024. El evento gratuito y online de IEBS Business Los ciberataques aumentaron un 47% en el primer trimestre de 2025 comparado con el mismo periodo de 2024.El evento gratuito y online de IEBS Business School reflexiona sobre la prevenci\u00f3n y respuesta ante ciberdelincuentes cada vez m\u00e1s especializados.\" \/>\n<meta property=\"og:url\" content=\"https:\/\/www.iebschool.com\/saladeprensa\/2025\/07\/14\/cyber-security-day-por-que-la-ciberseguridad-y-la-continuidad-del-negocio-se-han-convertido-en-una-de-las-prioridades-de-las-empresas\/\" \/>\n<meta property=\"og:site_name\" content=\"Sala de Prensa\" \/>\n<meta property=\"article:published_time\" content=\"2025-07-14T09:49:47+00:00\" \/>\n<meta property=\"article:modified_time\" content=\"2025-07-14T11:36:21+00:00\" \/>\n<meta property=\"og:image\" content=\"https:\/\/www.iebschool.com\/saladeprensa\/wp-content\/uploads\/2024\/11\/sala-de-prensa.png.webp\" \/>\n<meta name=\"author\" content=\"Vanina Campanila\" \/>\n<meta name=\"twitter:card\" content=\"summary_large_image\" \/>\n<meta name=\"twitter:label1\" content=\"Escrito por\" \/>\n\t<meta name=\"twitter:data1\" content=\"Vanina Campanila\" \/>\n\t<meta name=\"twitter:label2\" content=\"Tiempo de lectura\" \/>\n\t<meta name=\"twitter:data2\" content=\"4 minutos\" \/>\n<script type=\"application\/ld+json\" class=\"yoast-schema-graph\">{\"@context\":\"https:\/\/schema.org\",\"@graph\":[{\"@type\":\"Article\",\"@id\":\"https:\/\/www.iebschool.com\/saladeprensa\/2025\/07\/14\/cyber-security-day-por-que-la-ciberseguridad-y-la-continuidad-del-negocio-se-han-convertido-en-una-de-las-prioridades-de-las-empresas\/#article\",\"isPartOf\":{\"@id\":\"https:\/\/www.iebschool.com\/saladeprensa\/2025\/07\/14\/cyber-security-day-por-que-la-ciberseguridad-y-la-continuidad-del-negocio-se-han-convertido-en-una-de-las-prioridades-de-las-empresas\/\"},\"author\":{\"name\":\"Vanina Campanila\",\"@id\":\"https:\/\/www.iebschool.com\/saladeprensa\/#\/schema\/person\/9cceed912f26eb8e93191d26bd03545e\"},\"headline\":\"Cyber Security Day: \u00bfPor qu\u00e9 la ciberseguridad y la continuidad del negocio se han convertido en una de las prioridades de las empresas?\",\"datePublished\":\"2025-07-14T09:49:47+00:00\",\"dateModified\":\"2025-07-14T11:36:21+00:00\",\"mainEntityOfPage\":{\"@id\":\"https:\/\/www.iebschool.com\/saladeprensa\/2025\/07\/14\/cyber-security-day-por-que-la-ciberseguridad-y-la-continuidad-del-negocio-se-han-convertido-en-una-de-las-prioridades-de-las-empresas\/\"},\"wordCount\":735,\"commentCount\":0,\"publisher\":{\"@id\":\"https:\/\/www.iebschool.com\/saladeprensa\/#organization\"},\"image\":{\"@id\":\"https:\/\/www.iebschool.com\/saladeprensa\/2025\/07\/14\/cyber-security-day-por-que-la-ciberseguridad-y-la-continuidad-del-negocio-se-han-convertido-en-una-de-las-prioridades-de-las-empresas\/#primaryimage\"},\"thumbnailUrl\":\"https:\/\/www.iebschool.com\/saladeprensa\/wp-content\/uploads\/2024\/11\/sala-de-prensa.png.webp\",\"keywords\":[\"ciberseguridad\",\"cybersecurityday\",\"Emprendedores\",\"Escuela de Negocios\",\"evento\",\"evento online\",\"Formaci\u00f3n Online\",\"IEBS\",\"Open IEBS\"],\"articleSection\":[\"#SomosIEBS\",\"Notas de Prensa\"],\"inLanguage\":\"es\",\"potentialAction\":[{\"@type\":\"CommentAction\",\"name\":\"Comment\",\"target\":[\"https:\/\/www.iebschool.com\/saladeprensa\/2025\/07\/14\/cyber-security-day-por-que-la-ciberseguridad-y-la-continuidad-del-negocio-se-han-convertido-en-una-de-las-prioridades-de-las-empresas\/#respond\"]}]},{\"@type\":\"WebPage\",\"@id\":\"https:\/\/www.iebschool.com\/saladeprensa\/2025\/07\/14\/cyber-security-day-por-que-la-ciberseguridad-y-la-continuidad-del-negocio-se-han-convertido-en-una-de-las-prioridades-de-las-empresas\/\",\"url\":\"https:\/\/www.iebschool.com\/saladeprensa\/2025\/07\/14\/cyber-security-day-por-que-la-ciberseguridad-y-la-continuidad-del-negocio-se-han-convertido-en-una-de-las-prioridades-de-las-empresas\/\",\"name\":\"Cyber Security Day: \u00bfPor qu\u00e9 la ciberseguridad y la continuidad del negocio se han convertido en una de las prioridades de las empresas? - Sala de Prensa\",\"isPartOf\":{\"@id\":\"https:\/\/www.iebschool.com\/saladeprensa\/#website\"},\"primaryImageOfPage\":{\"@id\":\"https:\/\/www.iebschool.com\/saladeprensa\/2025\/07\/14\/cyber-security-day-por-que-la-ciberseguridad-y-la-continuidad-del-negocio-se-han-convertido-en-una-de-las-prioridades-de-las-empresas\/#primaryimage\"},\"image\":{\"@id\":\"https:\/\/www.iebschool.com\/saladeprensa\/2025\/07\/14\/cyber-security-day-por-que-la-ciberseguridad-y-la-continuidad-del-negocio-se-han-convertido-en-una-de-las-prioridades-de-las-empresas\/#primaryimage\"},\"thumbnailUrl\":\"https:\/\/www.iebschool.com\/saladeprensa\/wp-content\/uploads\/2024\/11\/sala-de-prensa.png.webp\",\"datePublished\":\"2025-07-14T09:49:47+00:00\",\"dateModified\":\"2025-07-14T11:36:21+00:00\",\"description\":\"Los ciberataques aumentaron un 47% en el primer trimestre de 2025 comparado con el mismo periodo de 2024. El evento gratuito y online de IEBS Business Los ciberataques aumentaron un 47% en el primer trimestre de 2025 comparado con el mismo periodo de 2024.El evento gratuito y online de IEBS Business School reflexiona sobre la prevenci\u00f3n y respuesta ante ciberdelincuentes cada vez m\u00e1s especializados.\",\"breadcrumb\":{\"@id\":\"https:\/\/www.iebschool.com\/saladeprensa\/2025\/07\/14\/cyber-security-day-por-que-la-ciberseguridad-y-la-continuidad-del-negocio-se-han-convertido-en-una-de-las-prioridades-de-las-empresas\/#breadcrumb\"},\"inLanguage\":\"es\",\"potentialAction\":[{\"@type\":\"ReadAction\",\"target\":[\"https:\/\/www.iebschool.com\/saladeprensa\/2025\/07\/14\/cyber-security-day-por-que-la-ciberseguridad-y-la-continuidad-del-negocio-se-han-convertido-en-una-de-las-prioridades-de-las-empresas\/\"]}]},{\"@type\":\"ImageObject\",\"inLanguage\":\"es\",\"@id\":\"https:\/\/www.iebschool.com\/saladeprensa\/2025\/07\/14\/cyber-security-day-por-que-la-ciberseguridad-y-la-continuidad-del-negocio-se-han-convertido-en-una-de-las-prioridades-de-las-empresas\/#primaryimage\",\"url\":\"https:\/\/www.iebschool.com\/saladeprensa\/wp-content\/uploads\/2024\/11\/sala-de-prensa.png.webp\",\"contentUrl\":\"https:\/\/www.iebschool.com\/saladeprensa\/wp-content\/uploads\/2024\/11\/sala-de-prensa.png.webp\",\"width\":500,\"height\":108},{\"@type\":\"BreadcrumbList\",\"@id\":\"https:\/\/www.iebschool.com\/saladeprensa\/2025\/07\/14\/cyber-security-day-por-que-la-ciberseguridad-y-la-continuidad-del-negocio-se-han-convertido-en-una-de-las-prioridades-de-las-empresas\/#breadcrumb\",\"itemListElement\":[{\"@type\":\"ListItem\",\"position\":1,\"name\":\"Portada\",\"item\":\"https:\/\/www.iebschool.com\/saladeprensa\/\"},{\"@type\":\"ListItem\",\"position\":2,\"name\":\"Cyber Security Day: \u00bfPor qu\u00e9 la ciberseguridad y la continuidad del negocio se han convertido en una de las prioridades de las empresas?\"}]},{\"@type\":\"WebSite\",\"@id\":\"https:\/\/www.iebschool.com\/saladeprensa\/#website\",\"url\":\"https:\/\/www.iebschool.com\/saladeprensa\/\",\"name\":\"Sala de Prensa\",\"description\":\"IEBS\",\"publisher\":{\"@id\":\"https:\/\/www.iebschool.com\/saladeprensa\/#organization\"},\"potentialAction\":[{\"@type\":\"SearchAction\",\"target\":{\"@type\":\"EntryPoint\",\"urlTemplate\":\"https:\/\/www.iebschool.com\/saladeprensa\/?s={search_term_string}\"},\"query-input\":{\"@type\":\"PropertyValueSpecification\",\"valueRequired\":true,\"valueName\":\"search_term_string\"}}],\"inLanguage\":\"es\"},{\"@type\":\"Organization\",\"@id\":\"https:\/\/www.iebschool.com\/saladeprensa\/#organization\",\"name\":\"Sala de Prensa\",\"url\":\"https:\/\/www.iebschool.com\/saladeprensa\/\",\"logo\":{\"@type\":\"ImageObject\",\"inLanguage\":\"es\",\"@id\":\"https:\/\/www.iebschool.com\/saladeprensa\/#\/schema\/logo\/image\/\",\"url\":\"https:\/\/www.iebschool.com\/saladeprensa\/wp-content\/uploads\/2026\/02\/IEBS_Logo_BusinessSchool_1_Hor_Violeta-scaled.png\",\"contentUrl\":\"https:\/\/www.iebschool.com\/saladeprensa\/wp-content\/uploads\/2026\/02\/IEBS_Logo_BusinessSchool_1_Hor_Violeta-scaled.png\",\"width\":2560,\"height\":374,\"caption\":\"Sala de Prensa\"},\"image\":{\"@id\":\"https:\/\/www.iebschool.com\/saladeprensa\/#\/schema\/logo\/image\/\"}},{\"@type\":\"Person\",\"@id\":\"https:\/\/www.iebschool.com\/saladeprensa\/#\/schema\/person\/9cceed912f26eb8e93191d26bd03545e\",\"name\":\"Vanina Campanila\",\"image\":{\"@type\":\"ImageObject\",\"inLanguage\":\"es\",\"@id\":\"https:\/\/www.iebschool.com\/saladeprensa\/#\/schema\/person\/image\/\",\"url\":\"https:\/\/secure.gravatar.com\/avatar\/4cf0ebd077c4cf9000cb167c880afd49629438ecd2f597a1624cfc03bc2c4e16?s=96&d=mm&r=g\",\"contentUrl\":\"https:\/\/secure.gravatar.com\/avatar\/4cf0ebd077c4cf9000cb167c880afd49629438ecd2f597a1624cfc03bc2c4e16?s=96&d=mm&r=g\",\"caption\":\"Vanina Campanila\"},\"sameAs\":[\"https:\/\/www.iebschool.com\"],\"url\":\"https:\/\/www.iebschool.com\/saladeprensa\/author\/vcampanileiebschool-com\/\"}]}<\/script>\n<!-- \/ Yoast SEO Premium plugin. -->","yoast_head_json":{"title":"Cyber Security Day: \u00bfPor qu\u00e9 la ciberseguridad y la continuidad del negocio se han convertido en una de las prioridades de las empresas? - Sala de Prensa","description":"Los ciberataques aumentaron un 47% en el primer trimestre de 2025 comparado con el mismo periodo de 2024. El evento gratuito y online de IEBS Business Los ciberataques aumentaron un 47% en el primer trimestre de 2025 comparado con el mismo periodo de 2024.El evento gratuito y online de IEBS Business School reflexiona sobre la prevenci\u00f3n y respuesta ante ciberdelincuentes cada vez m\u00e1s especializados.","robots":{"index":"index","follow":"follow","max-snippet":"max-snippet:-1","max-image-preview":"max-image-preview:large","max-video-preview":"max-video-preview:-1"},"canonical":"https:\/\/www.iebschool.com\/saladeprensa\/2025\/07\/14\/cyber-security-day-por-que-la-ciberseguridad-y-la-continuidad-del-negocio-se-han-convertido-en-una-de-las-prioridades-de-las-empresas\/","og_locale":"es_ES","og_type":"article","og_title":"Cyber Security Day: \u00bfPor qu\u00e9 la ciberseguridad y la continuidad del negocio se han convertido en una de las prioridades de las empresas?","og_description":"Los ciberataques aumentaron un 47% en el primer trimestre de 2025 comparado con el mismo periodo de 2024. El evento gratuito y online de IEBS Business Los ciberataques aumentaron un 47% en el primer trimestre de 2025 comparado con el mismo periodo de 2024.El evento gratuito y online de IEBS Business School reflexiona sobre la prevenci\u00f3n y respuesta ante ciberdelincuentes cada vez m\u00e1s especializados.","og_url":"https:\/\/www.iebschool.com\/saladeprensa\/2025\/07\/14\/cyber-security-day-por-que-la-ciberseguridad-y-la-continuidad-del-negocio-se-han-convertido-en-una-de-las-prioridades-de-las-empresas\/","og_site_name":"Sala de Prensa","article_published_time":"2025-07-14T09:49:47+00:00","article_modified_time":"2025-07-14T11:36:21+00:00","og_image":[{"url":"https:\/\/www.iebschool.com\/saladeprensa\/wp-content\/uploads\/2024\/11\/sala-de-prensa.png.webp","type":"","width":"","height":""}],"author":"Vanina Campanila","twitter_card":"summary_large_image","twitter_misc":{"Escrito por":"Vanina Campanila","Tiempo de lectura":"4 minutos"},"schema":{"@context":"https:\/\/schema.org","@graph":[{"@type":"Article","@id":"https:\/\/www.iebschool.com\/saladeprensa\/2025\/07\/14\/cyber-security-day-por-que-la-ciberseguridad-y-la-continuidad-del-negocio-se-han-convertido-en-una-de-las-prioridades-de-las-empresas\/#article","isPartOf":{"@id":"https:\/\/www.iebschool.com\/saladeprensa\/2025\/07\/14\/cyber-security-day-por-que-la-ciberseguridad-y-la-continuidad-del-negocio-se-han-convertido-en-una-de-las-prioridades-de-las-empresas\/"},"author":{"name":"Vanina Campanila","@id":"https:\/\/www.iebschool.com\/saladeprensa\/#\/schema\/person\/9cceed912f26eb8e93191d26bd03545e"},"headline":"Cyber Security Day: \u00bfPor qu\u00e9 la ciberseguridad y la continuidad del negocio se han convertido en una de las prioridades de las empresas?","datePublished":"2025-07-14T09:49:47+00:00","dateModified":"2025-07-14T11:36:21+00:00","mainEntityOfPage":{"@id":"https:\/\/www.iebschool.com\/saladeprensa\/2025\/07\/14\/cyber-security-day-por-que-la-ciberseguridad-y-la-continuidad-del-negocio-se-han-convertido-en-una-de-las-prioridades-de-las-empresas\/"},"wordCount":735,"commentCount":0,"publisher":{"@id":"https:\/\/www.iebschool.com\/saladeprensa\/#organization"},"image":{"@id":"https:\/\/www.iebschool.com\/saladeprensa\/2025\/07\/14\/cyber-security-day-por-que-la-ciberseguridad-y-la-continuidad-del-negocio-se-han-convertido-en-una-de-las-prioridades-de-las-empresas\/#primaryimage"},"thumbnailUrl":"https:\/\/www.iebschool.com\/saladeprensa\/wp-content\/uploads\/2024\/11\/sala-de-prensa.png.webp","keywords":["ciberseguridad","cybersecurityday","Emprendedores","Escuela de Negocios","evento","evento online","Formaci\u00f3n Online","IEBS","Open IEBS"],"articleSection":["#SomosIEBS","Notas de Prensa"],"inLanguage":"es","potentialAction":[{"@type":"CommentAction","name":"Comment","target":["https:\/\/www.iebschool.com\/saladeprensa\/2025\/07\/14\/cyber-security-day-por-que-la-ciberseguridad-y-la-continuidad-del-negocio-se-han-convertido-en-una-de-las-prioridades-de-las-empresas\/#respond"]}]},{"@type":"WebPage","@id":"https:\/\/www.iebschool.com\/saladeprensa\/2025\/07\/14\/cyber-security-day-por-que-la-ciberseguridad-y-la-continuidad-del-negocio-se-han-convertido-en-una-de-las-prioridades-de-las-empresas\/","url":"https:\/\/www.iebschool.com\/saladeprensa\/2025\/07\/14\/cyber-security-day-por-que-la-ciberseguridad-y-la-continuidad-del-negocio-se-han-convertido-en-una-de-las-prioridades-de-las-empresas\/","name":"Cyber Security Day: \u00bfPor qu\u00e9 la ciberseguridad y la continuidad del negocio se han convertido en una de las prioridades de las empresas? - Sala de Prensa","isPartOf":{"@id":"https:\/\/www.iebschool.com\/saladeprensa\/#website"},"primaryImageOfPage":{"@id":"https:\/\/www.iebschool.com\/saladeprensa\/2025\/07\/14\/cyber-security-day-por-que-la-ciberseguridad-y-la-continuidad-del-negocio-se-han-convertido-en-una-de-las-prioridades-de-las-empresas\/#primaryimage"},"image":{"@id":"https:\/\/www.iebschool.com\/saladeprensa\/2025\/07\/14\/cyber-security-day-por-que-la-ciberseguridad-y-la-continuidad-del-negocio-se-han-convertido-en-una-de-las-prioridades-de-las-empresas\/#primaryimage"},"thumbnailUrl":"https:\/\/www.iebschool.com\/saladeprensa\/wp-content\/uploads\/2024\/11\/sala-de-prensa.png.webp","datePublished":"2025-07-14T09:49:47+00:00","dateModified":"2025-07-14T11:36:21+00:00","description":"Los ciberataques aumentaron un 47% en el primer trimestre de 2025 comparado con el mismo periodo de 2024. El evento gratuito y online de IEBS Business Los ciberataques aumentaron un 47% en el primer trimestre de 2025 comparado con el mismo periodo de 2024.El evento gratuito y online de IEBS Business School reflexiona sobre la prevenci\u00f3n y respuesta ante ciberdelincuentes cada vez m\u00e1s especializados.","breadcrumb":{"@id":"https:\/\/www.iebschool.com\/saladeprensa\/2025\/07\/14\/cyber-security-day-por-que-la-ciberseguridad-y-la-continuidad-del-negocio-se-han-convertido-en-una-de-las-prioridades-de-las-empresas\/#breadcrumb"},"inLanguage":"es","potentialAction":[{"@type":"ReadAction","target":["https:\/\/www.iebschool.com\/saladeprensa\/2025\/07\/14\/cyber-security-day-por-que-la-ciberseguridad-y-la-continuidad-del-negocio-se-han-convertido-en-una-de-las-prioridades-de-las-empresas\/"]}]},{"@type":"ImageObject","inLanguage":"es","@id":"https:\/\/www.iebschool.com\/saladeprensa\/2025\/07\/14\/cyber-security-day-por-que-la-ciberseguridad-y-la-continuidad-del-negocio-se-han-convertido-en-una-de-las-prioridades-de-las-empresas\/#primaryimage","url":"https:\/\/www.iebschool.com\/saladeprensa\/wp-content\/uploads\/2024\/11\/sala-de-prensa.png.webp","contentUrl":"https:\/\/www.iebschool.com\/saladeprensa\/wp-content\/uploads\/2024\/11\/sala-de-prensa.png.webp","width":500,"height":108},{"@type":"BreadcrumbList","@id":"https:\/\/www.iebschool.com\/saladeprensa\/2025\/07\/14\/cyber-security-day-por-que-la-ciberseguridad-y-la-continuidad-del-negocio-se-han-convertido-en-una-de-las-prioridades-de-las-empresas\/#breadcrumb","itemListElement":[{"@type":"ListItem","position":1,"name":"Portada","item":"https:\/\/www.iebschool.com\/saladeprensa\/"},{"@type":"ListItem","position":2,"name":"Cyber Security Day: \u00bfPor qu\u00e9 la ciberseguridad y la continuidad del negocio se han convertido en una de las prioridades de las empresas?"}]},{"@type":"WebSite","@id":"https:\/\/www.iebschool.com\/saladeprensa\/#website","url":"https:\/\/www.iebschool.com\/saladeprensa\/","name":"Sala de Prensa","description":"IEBS","publisher":{"@id":"https:\/\/www.iebschool.com\/saladeprensa\/#organization"},"potentialAction":[{"@type":"SearchAction","target":{"@type":"EntryPoint","urlTemplate":"https:\/\/www.iebschool.com\/saladeprensa\/?s={search_term_string}"},"query-input":{"@type":"PropertyValueSpecification","valueRequired":true,"valueName":"search_term_string"}}],"inLanguage":"es"},{"@type":"Organization","@id":"https:\/\/www.iebschool.com\/saladeprensa\/#organization","name":"Sala de Prensa","url":"https:\/\/www.iebschool.com\/saladeprensa\/","logo":{"@type":"ImageObject","inLanguage":"es","@id":"https:\/\/www.iebschool.com\/saladeprensa\/#\/schema\/logo\/image\/","url":"https:\/\/www.iebschool.com\/saladeprensa\/wp-content\/uploads\/2026\/02\/IEBS_Logo_BusinessSchool_1_Hor_Violeta-scaled.png","contentUrl":"https:\/\/www.iebschool.com\/saladeprensa\/wp-content\/uploads\/2026\/02\/IEBS_Logo_BusinessSchool_1_Hor_Violeta-scaled.png","width":2560,"height":374,"caption":"Sala de Prensa"},"image":{"@id":"https:\/\/www.iebschool.com\/saladeprensa\/#\/schema\/logo\/image\/"}},{"@type":"Person","@id":"https:\/\/www.iebschool.com\/saladeprensa\/#\/schema\/person\/9cceed912f26eb8e93191d26bd03545e","name":"Vanina Campanila","image":{"@type":"ImageObject","inLanguage":"es","@id":"https:\/\/www.iebschool.com\/saladeprensa\/#\/schema\/person\/image\/","url":"https:\/\/secure.gravatar.com\/avatar\/4cf0ebd077c4cf9000cb167c880afd49629438ecd2f597a1624cfc03bc2c4e16?s=96&d=mm&r=g","contentUrl":"https:\/\/secure.gravatar.com\/avatar\/4cf0ebd077c4cf9000cb167c880afd49629438ecd2f597a1624cfc03bc2c4e16?s=96&d=mm&r=g","caption":"Vanina Campanila"},"sameAs":["https:\/\/www.iebschool.com"],"url":"https:\/\/www.iebschool.com\/saladeprensa\/author\/vcampanileiebschool-com\/"}]}},"image_thumbnail":"https:\/\/www.iebschool.com\/saladeprensa\/wp-includes\/images\/media\/default.svg","image_full":"https:\/\/www.iebschool.com\/saladeprensa\/wp-includes\/images\/media\/default.svg","categoria":{"nombre":"#SomosIEBS","slug":"category\/somosiebs"},"_links":{"self":[{"href":"https:\/\/www.iebschool.com\/saladeprensa\/wp-json\/wp\/v2\/posts\/5899","targetHints":{"allow":["GET"]}}],"collection":[{"href":"https:\/\/www.iebschool.com\/saladeprensa\/wp-json\/wp\/v2\/posts"}],"about":[{"href":"https:\/\/www.iebschool.com\/saladeprensa\/wp-json\/wp\/v2\/types\/post"}],"author":[{"embeddable":true,"href":"https:\/\/www.iebschool.com\/saladeprensa\/wp-json\/wp\/v2\/users\/42"}],"replies":[{"embeddable":true,"href":"https:\/\/www.iebschool.com\/saladeprensa\/wp-json\/wp\/v2\/comments?post=5899"}],"version-history":[{"count":8,"href":"https:\/\/www.iebschool.com\/saladeprensa\/wp-json\/wp\/v2\/posts\/5899\/revisions"}],"predecessor-version":[{"id":5909,"href":"https:\/\/www.iebschool.com\/saladeprensa\/wp-json\/wp\/v2\/posts\/5899\/revisions\/5909"}],"wp:attachment":[{"href":"https:\/\/www.iebschool.com\/saladeprensa\/wp-json\/wp\/v2\/media?parent=5899"}],"wp:term":[{"taxonomy":"category","embeddable":true,"href":"https:\/\/www.iebschool.com\/saladeprensa\/wp-json\/wp\/v2\/categories?post=5899"},{"taxonomy":"post_tag","embeddable":true,"href":"https:\/\/www.iebschool.com\/saladeprensa\/wp-json\/wp\/v2\/tags?post=5899"}],"curies":[{"name":"wp","href":"https:\/\/api.w.org\/{rel}","templated":true}]}}