{"id":5958,"date":"2025-10-15T13:47:17","date_gmt":"2025-10-15T13:47:17","guid":{"rendered":"https:\/\/www.iebschool.com\/saladeprensa\/?p=5958"},"modified":"2025-10-15T13:51:06","modified_gmt":"2025-10-15T13:51:06","slug":"iebs-business-school-presenta-una-nueva-edicion-del-entrepreneur-day-2025","status":"publish","type":"post","link":"https:\/\/www.iebschool.com\/saladeprensa\/2025\/10\/15\/iebs-business-school-presenta-una-nueva-edicion-del-entrepreneur-day-2025\/","title":{"rendered":"IEBS Business School presenta una nueva edici\u00f3n del\u00a0Entrepreneur Day 2025"},"content":{"rendered":"<!-- wp:paragraph -->\n<p><strong>Barcelona, 16 de octubre de 2025. IEBS Business School<\/strong> celebra el pr\u00f3ximo <strong>23 de octubre de 2025<\/strong>, a las <strong>18:00h<\/strong> (GMT+2), una nueva edici\u00f3n del <strong>Entrepreneur Day<\/strong>, un evento dise\u00f1ado para inspirar, conectar y potenciar a emprendedores, startups y l\u00edderes del ecosistema innovador. El encuentro se llevar\u00e1 a cabo online y en el metaverso, ofreciendo una experiencia inmersiva y accesible a profesionales de todo el mundo.<\/p>\n<!-- \/wp:paragraph -->\n\n<!-- wp:image {\"id\":5959,\"sizeSlug\":\"large\",\"linkDestination\":\"none\"} -->\n<figure class=\"wp-block-image size-large\"><img src=\"https:\/\/www.iebschool.com\/saladeprensa\/wp-content\/uploads\/2025\/10\/Evento-LinkedIn-1024x535.png\" alt=\"\" class=\"wp-image-5959\"\/><\/figure>\n<!-- \/wp:image -->\n\n<!-- wp:heading {\"level\":3} -->\n<h3 class=\"wp-block-heading\" id=\"h-emprender-en-tiempos-de-cambio-inspiracion-y-colaboracion-para-crear-impacto\"><strong>Emprender en tiempos de cambio: inspiraci\u00f3n y colaboraci\u00f3n para crear impacto<\/strong><\/h3>\n<!-- \/wp:heading -->\n\n<!-- wp:paragraph -->\n<p>En un contexto donde la innovaci\u00f3n y la agilidad marcan la diferencia, el emprendimiento se consolida como motor de transformaci\u00f3n econ\u00f3mica y social. Por ello, <strong>IEBS<\/strong> organiza el <strong><em>Entrepreneur Day<\/em><\/strong>, una jornada que re\u00fane a mentes inquietas, emprendedores, CEOs y fundadores que se atrevieron a transformar una idea en impacto, compartiendo aprendizajes, tendencias y casos reales de \u00e9xito.<\/p>\n<!-- \/wp:paragraph -->\n\n<!-- wp:paragraph -->\n<p>Durante el evento, los asistentes podr\u00e1n <strong>descubrir nuevas oportunidades de crecimiento, escuchar historias inspiradoras y conectar con profesionales<\/strong> que, como ellos, buscan impulsar proyectos con prop\u00f3sito y visi\u00f3n de futuro.<\/p>\n<!-- \/wp:paragraph -->\n\n<!-- wp:paragraph -->\n<p>El encuentro est\u00e1 dirigido a <strong>emprendedores, CEOs, co-founders, aut\u00f3nomos y profesionales<\/strong> interesados en crear o escalar sus negocios. Su objetivo es <strong>formar e inspirar a los l\u00edderes que est\u00e1n transformando las organizaciones desde la innovaci\u00f3n, la sostenibilidad y la colaboraci\u00f3n<\/strong>.<\/p>\n<!-- \/wp:paragraph -->\n\n<!-- wp:heading {\"level\":3} -->\n<h3 class=\"wp-block-heading\" id=\"h-lo-que-se-debatira-en-el-entrepreneur-day-2025-expertos-y-tematicas-clave\"><strong>Lo que se debatir\u00e1 en el Entrepreneur Day 2025: expertos y tem\u00e1ticas clave<\/strong><\/h3>\n<!-- \/wp:heading -->\n\n<!-- wp:paragraph -->\n<p>Esta jornada, <strong>presentada por Rub\u00e9n Calvo, fundador y CEO de Matraz y profesor del MBA in Digital Business de IEBS<\/strong>, reunir\u00e1 a destacados profesionales del \u00e1mbito del emprendimiento, la innovaci\u00f3n, la financiaci\u00f3n y la transformaci\u00f3n empresarial. Todos ellos compartir\u00e1n su visi\u00f3n sobre los retos y oportunidades que est\u00e1n marcando el presente y el futuro del ecosistema emprendedor.<\/p>\n<!-- \/wp:paragraph -->\n\n<!-- wp:paragraph -->\n<p><strong>Las 3 Dimensiones de la Innovaci\u00f3n Abierta<\/strong> ser\u00e1 el tema que abordar\u00e1 <strong>Marisol Men\u00e9ndez<\/strong>, fundadora y CEO de <strong>Bilakatu<\/strong> y <strong>WITH<\/strong>. Men\u00e9ndez explorar\u00e1 c\u00f3mo las organizaciones pueden integrar la colaboraci\u00f3n y la co-creaci\u00f3n como pilares estrat\u00e9gicos para impulsar la innovaci\u00f3n sostenible y generar impacto real.<\/p>\n<!-- \/wp:paragraph -->\n\n<!-- wp:paragraph -->\n<p><strong>El Emprendedor Aumentado: El Modelo Make<\/strong> ser\u00e1 la ponencia a cargo de <strong>Francisco de Brito<\/strong>, <strong>Business Automation Expert en Make<\/strong>. De Brito explicar\u00e1 c\u00f3mo la automatizaci\u00f3n y las herramientas tecnol\u00f3gicas est\u00e1n redefiniendo la figura del emprendedor, permiti\u00e9ndole multiplicar su capacidad de acci\u00f3n y eficiencia.<\/p>\n<!-- \/wp:paragraph -->\n\n<!-- wp:paragraph -->\n<p>En <strong>Financiaci\u00f3n 3.0: El Modelo de Capital del Futuro<\/strong>, <strong>Carlos Fern\u00e1ndez<\/strong>, <strong>Doctor en Econom\u00eda y Founder Partner de Tritemius<\/strong>, analizar\u00e1 c\u00f3mo una startup o PYME puede tokenizar una parte de su negocio o sus activos (facturas, inventario, futuros ingresos, etc.) para conseguir capital de forma directa y eficiente.<\/p>\n<!-- \/wp:paragraph -->\n\n<!-- wp:paragraph -->\n<p>La sesi\u00f3n <strong>Del logo al negocio: C\u00f3mo el Branding impulsa el crecimiento<\/strong> estar\u00e1 a cargo de <strong>Carmen Alberola<\/strong>, <strong>Associate Director, Strategy en Interbrand<\/strong>, quien explicar\u00e1 c\u00f3mo una estrategia de marca s\u00f3lida puede convertirse en un motor de crecimiento y diferenciaci\u00f3n en un mercado cada vez m\u00e1s competitivo.<\/p>\n<!-- \/wp:paragraph -->\n\n<!-- wp:paragraph -->\n<p>El evento concluir\u00e1 con la mesa redonda <strong>De la idea al crecimiento. Lecciones reales<\/strong>, en la que participar\u00e1n <strong>Nico Bignu<\/strong>, cofundador de <strong>LLMo Metrics<\/strong>; <strong>Javier Hern\u00e1ndez<\/strong>, CEO y cofundador de <strong>Venturest<\/strong>; <strong>Gisela Ortiz<\/strong>, cofundadora de <strong>Wavext<\/strong>; y <strong>Mar\u00eda Lozano<\/strong>, gerente de <strong>La Terminal (Hiberus)<\/strong>. En este espacio, los expertos compartir\u00e1n experiencias reales sobre el proceso de transformar una idea en un negocio rentable, los desaf\u00edos del crecimiento y las claves para construir empresas resilientes y con prop\u00f3sito.<\/p>\n<!-- \/wp:paragraph -->\n\n<!-- wp:heading {\"level\":3} -->\n<h3 class=\"wp-block-heading\" id=\"h-un-espacio-donde-los-emprendedores-y-startups-conectan-colaboran-y-crecen\"><strong>Un espacio donde los emprendedores y startups conectan, colaboran y crecen<\/strong><\/h3>\n<!-- \/wp:heading -->\n\n<!-- wp:paragraph -->\n<p>El Entrepreneur Day 2025 es un evento gratuito y abierto al p\u00fablico, pensado para quienes buscan impulsar sus proyectos, ampliar su red y descubrir las tendencias que marcar\u00e1n el futuro del emprendimiento. La inscripci\u00f3n es gratuita y puede realizarse a trav\u00e9s de la web oficial del evento:&nbsp;<\/p>\n<!-- \/wp:paragraph -->\n\n<!-- wp:list -->\n<ul class=\"wp-block-list\"><!-- wp:list-item -->\n<li><a href=\"https:\/\/www.iebschool.com\/eventos\/entrepreneur-day\">https:\/\/www.iebschool.com\/eventos\/entrepreneur-day<\/a><\/li>\n<!-- \/wp:list-item --><\/ul>\n<!-- \/wp:list -->\n\n<!-- wp:paragraph -->\n<p><\/p>\n<!-- \/wp:paragraph -->\n\n<!-- wp:paragraph -->\n<p><\/p>\n<!-- \/wp:paragraph -->","protected":false},"excerpt":{"rendered":"","protected":false},"author":42,"featured_media":5959,"comment_status":"open","ping_status":"open","sticky":false,"template":"","format":"standard","meta":{"footnotes":""},"categories":[2,7,8],"tags":[],"class_list":["post-5958","post","type-post","status-publish","format-standard","has-post-thumbnail","hentry","category-somosiebs","category-iebs-en-los-medios","category-notas-de-prensa"],"yoast_head":"<!-- This site is optimized with the Yoast SEO Premium plugin v23.9 (Yoast SEO v24.6) - https:\/\/yoast.com\/wordpress\/plugins\/seo\/ -->\n<title>IEBS Business School presenta una nueva edici\u00f3n del\u00a0Entrepreneur Day 2025 - Sala de Prensa<\/title>\n<meta name=\"description\" content=\"Barcelona, 16 de octubre de 2025. IEBS Business School celebra el pr\u00f3ximo 23 de octubre de 2025, a las 18:00h (GMT+2), una nueva edici\u00f3n del Entrepreneur\" \/>\n<meta name=\"robots\" content=\"index, follow, max-snippet:-1, max-image-preview:large, max-video-preview:-1\" \/>\n<link rel=\"canonical\" href=\"https:\/\/www.iebschool.com\/saladeprensa\/2025\/10\/15\/iebs-business-school-presenta-una-nueva-edicion-del-entrepreneur-day-2025\/\" \/>\n<meta property=\"og:locale\" content=\"es_ES\" \/>\n<meta property=\"og:type\" content=\"article\" \/>\n<meta property=\"og:title\" content=\"IEBS Business School presenta una nueva edici\u00f3n del\u00a0Entrepreneur Day 2025\" \/>\n<meta property=\"og:description\" content=\"Barcelona, 16 de octubre de 2025. IEBS Business School celebra el pr\u00f3ximo 23 de octubre de 2025, a las 18:00h (GMT+2), una nueva edici\u00f3n del Entrepreneur\" \/>\n<meta property=\"og:url\" content=\"https:\/\/www.iebschool.com\/saladeprensa\/2025\/10\/15\/iebs-business-school-presenta-una-nueva-edicion-del-entrepreneur-day-2025\/\" \/>\n<meta property=\"og:site_name\" content=\"Sala de Prensa\" \/>\n<meta property=\"article:published_time\" content=\"2025-10-15T13:47:17+00:00\" \/>\n<meta property=\"article:modified_time\" content=\"2025-10-15T13:51:06+00:00\" \/>\n<meta property=\"og:image\" content=\"https:\/\/www.iebschool.com\/saladeprensa\/wp-content\/uploads\/2025\/10\/Evento-LinkedIn.png\" \/>\n\t<meta property=\"og:image:width\" content=\"1200\" \/>\n\t<meta property=\"og:image:height\" content=\"627\" \/>\n\t<meta property=\"og:image:type\" content=\"image\/png\" \/>\n<meta name=\"author\" content=\"Vanina Campanila\" \/>\n<meta name=\"twitter:card\" content=\"summary_large_image\" \/>\n<meta name=\"twitter:label1\" content=\"Escrito por\" \/>\n\t<meta name=\"twitter:data1\" content=\"Vanina Campanila\" \/>\n\t<meta name=\"twitter:label2\" content=\"Tiempo de lectura\" \/>\n\t<meta name=\"twitter:data2\" content=\"4 minutos\" \/>\n<script type=\"application\/ld+json\" class=\"yoast-schema-graph\">{\"@context\":\"https:\/\/schema.org\",\"@graph\":[{\"@type\":\"Article\",\"@id\":\"https:\/\/www.iebschool.com\/saladeprensa\/2025\/10\/15\/iebs-business-school-presenta-una-nueva-edicion-del-entrepreneur-day-2025\/#article\",\"isPartOf\":{\"@id\":\"https:\/\/www.iebschool.com\/saladeprensa\/2025\/10\/15\/iebs-business-school-presenta-una-nueva-edicion-del-entrepreneur-day-2025\/\"},\"author\":{\"name\":\"Vanina Campanila\",\"@id\":\"https:\/\/www.iebschool.com\/saladeprensa\/#\/schema\/person\/9cceed912f26eb8e93191d26bd03545e\"},\"headline\":\"IEBS Business School presenta una nueva edici\u00f3n del\u00a0Entrepreneur Day 2025\",\"datePublished\":\"2025-10-15T13:47:17+00:00\",\"dateModified\":\"2025-10-15T13:51:06+00:00\",\"mainEntityOfPage\":{\"@id\":\"https:\/\/www.iebschool.com\/saladeprensa\/2025\/10\/15\/iebs-business-school-presenta-una-nueva-edicion-del-entrepreneur-day-2025\/\"},\"wordCount\":664,\"commentCount\":0,\"publisher\":{\"@id\":\"https:\/\/www.iebschool.com\/saladeprensa\/#organization\"},\"image\":{\"@id\":\"https:\/\/www.iebschool.com\/saladeprensa\/2025\/10\/15\/iebs-business-school-presenta-una-nueva-edicion-del-entrepreneur-day-2025\/#primaryimage\"},\"thumbnailUrl\":\"https:\/\/www.iebschool.com\/saladeprensa\/wp-content\/uploads\/2025\/10\/Evento-LinkedIn.png\",\"articleSection\":[\"#SomosIEBS\",\"IEBS en los medios\",\"Notas de Prensa\"],\"inLanguage\":\"es\",\"potentialAction\":[{\"@type\":\"CommentAction\",\"name\":\"Comment\",\"target\":[\"https:\/\/www.iebschool.com\/saladeprensa\/2025\/10\/15\/iebs-business-school-presenta-una-nueva-edicion-del-entrepreneur-day-2025\/#respond\"]}]},{\"@type\":\"WebPage\",\"@id\":\"https:\/\/www.iebschool.com\/saladeprensa\/2025\/10\/15\/iebs-business-school-presenta-una-nueva-edicion-del-entrepreneur-day-2025\/\",\"url\":\"https:\/\/www.iebschool.com\/saladeprensa\/2025\/10\/15\/iebs-business-school-presenta-una-nueva-edicion-del-entrepreneur-day-2025\/\",\"name\":\"IEBS Business School presenta una nueva edici\u00f3n del\u00a0Entrepreneur Day 2025 - Sala de Prensa\",\"isPartOf\":{\"@id\":\"https:\/\/www.iebschool.com\/saladeprensa\/#website\"},\"primaryImageOfPage\":{\"@id\":\"https:\/\/www.iebschool.com\/saladeprensa\/2025\/10\/15\/iebs-business-school-presenta-una-nueva-edicion-del-entrepreneur-day-2025\/#primaryimage\"},\"image\":{\"@id\":\"https:\/\/www.iebschool.com\/saladeprensa\/2025\/10\/15\/iebs-business-school-presenta-una-nueva-edicion-del-entrepreneur-day-2025\/#primaryimage\"},\"thumbnailUrl\":\"https:\/\/www.iebschool.com\/saladeprensa\/wp-content\/uploads\/2025\/10\/Evento-LinkedIn.png\",\"datePublished\":\"2025-10-15T13:47:17+00:00\",\"dateModified\":\"2025-10-15T13:51:06+00:00\",\"description\":\"Barcelona, 16 de octubre de 2025. IEBS Business School celebra el pr\u00f3ximo 23 de octubre de 2025, a las 18:00h (GMT+2), una nueva edici\u00f3n del Entrepreneur\",\"breadcrumb\":{\"@id\":\"https:\/\/www.iebschool.com\/saladeprensa\/2025\/10\/15\/iebs-business-school-presenta-una-nueva-edicion-del-entrepreneur-day-2025\/#breadcrumb\"},\"inLanguage\":\"es\",\"potentialAction\":[{\"@type\":\"ReadAction\",\"target\":[\"https:\/\/www.iebschool.com\/saladeprensa\/2025\/10\/15\/iebs-business-school-presenta-una-nueva-edicion-del-entrepreneur-day-2025\/\"]}]},{\"@type\":\"ImageObject\",\"inLanguage\":\"es\",\"@id\":\"https:\/\/www.iebschool.com\/saladeprensa\/2025\/10\/15\/iebs-business-school-presenta-una-nueva-edicion-del-entrepreneur-day-2025\/#primaryimage\",\"url\":\"https:\/\/www.iebschool.com\/saladeprensa\/wp-content\/uploads\/2025\/10\/Evento-LinkedIn.png\",\"contentUrl\":\"https:\/\/www.iebschool.com\/saladeprensa\/wp-content\/uploads\/2025\/10\/Evento-LinkedIn.png\",\"width\":1200,\"height\":627},{\"@type\":\"BreadcrumbList\",\"@id\":\"https:\/\/www.iebschool.com\/saladeprensa\/2025\/10\/15\/iebs-business-school-presenta-una-nueva-edicion-del-entrepreneur-day-2025\/#breadcrumb\",\"itemListElement\":[{\"@type\":\"ListItem\",\"position\":1,\"name\":\"Portada\",\"item\":\"https:\/\/www.iebschool.com\/saladeprensa\/\"},{\"@type\":\"ListItem\",\"position\":2,\"name\":\"IEBS Business School presenta una nueva edici\u00f3n del\u00a0Entrepreneur Day 2025\"}]},{\"@type\":\"WebSite\",\"@id\":\"https:\/\/www.iebschool.com\/saladeprensa\/#website\",\"url\":\"https:\/\/www.iebschool.com\/saladeprensa\/\",\"name\":\"Sala de Prensa\",\"description\":\"IEBS\",\"publisher\":{\"@id\":\"https:\/\/www.iebschool.com\/saladeprensa\/#organization\"},\"potentialAction\":[{\"@type\":\"SearchAction\",\"target\":{\"@type\":\"EntryPoint\",\"urlTemplate\":\"https:\/\/www.iebschool.com\/saladeprensa\/?s={search_term_string}\"},\"query-input\":{\"@type\":\"PropertyValueSpecification\",\"valueRequired\":true,\"valueName\":\"search_term_string\"}}],\"inLanguage\":\"es\"},{\"@type\":\"Organization\",\"@id\":\"https:\/\/www.iebschool.com\/saladeprensa\/#organization\",\"name\":\"Sala de Prensa\",\"url\":\"https:\/\/www.iebschool.com\/saladeprensa\/\",\"logo\":{\"@type\":\"ImageObject\",\"inLanguage\":\"es\",\"@id\":\"https:\/\/www.iebschool.com\/saladeprensa\/#\/schema\/logo\/image\/\",\"url\":\"https:\/\/www.iebschool.com\/saladeprensa\/wp-content\/uploads\/2026\/02\/IEBS_Logo_BusinessSchool_1_Hor_Violeta-scaled.png\",\"contentUrl\":\"https:\/\/www.iebschool.com\/saladeprensa\/wp-content\/uploads\/2026\/02\/IEBS_Logo_BusinessSchool_1_Hor_Violeta-scaled.png\",\"width\":2560,\"height\":374,\"caption\":\"Sala de Prensa\"},\"image\":{\"@id\":\"https:\/\/www.iebschool.com\/saladeprensa\/#\/schema\/logo\/image\/\"}},{\"@type\":\"Person\",\"@id\":\"https:\/\/www.iebschool.com\/saladeprensa\/#\/schema\/person\/9cceed912f26eb8e93191d26bd03545e\",\"name\":\"Vanina Campanila\",\"image\":{\"@type\":\"ImageObject\",\"inLanguage\":\"es\",\"@id\":\"https:\/\/www.iebschool.com\/saladeprensa\/#\/schema\/person\/image\/\",\"url\":\"https:\/\/secure.gravatar.com\/avatar\/4cf0ebd077c4cf9000cb167c880afd49629438ecd2f597a1624cfc03bc2c4e16?s=96&d=mm&r=g\",\"contentUrl\":\"https:\/\/secure.gravatar.com\/avatar\/4cf0ebd077c4cf9000cb167c880afd49629438ecd2f597a1624cfc03bc2c4e16?s=96&d=mm&r=g\",\"caption\":\"Vanina Campanila\"},\"sameAs\":[\"https:\/\/www.iebschool.com\"],\"url\":\"https:\/\/www.iebschool.com\/saladeprensa\/author\/vcampanileiebschool-com\/\"}]}<\/script>\n<!-- \/ Yoast SEO Premium plugin. -->","yoast_head_json":{"title":"IEBS Business School presenta una nueva edici\u00f3n del\u00a0Entrepreneur Day 2025 - Sala de Prensa","description":"Barcelona, 16 de octubre de 2025. IEBS Business School celebra el pr\u00f3ximo 23 de octubre de 2025, a las 18:00h (GMT+2), una nueva edici\u00f3n del Entrepreneur","robots":{"index":"index","follow":"follow","max-snippet":"max-snippet:-1","max-image-preview":"max-image-preview:large","max-video-preview":"max-video-preview:-1"},"canonical":"https:\/\/www.iebschool.com\/saladeprensa\/2025\/10\/15\/iebs-business-school-presenta-una-nueva-edicion-del-entrepreneur-day-2025\/","og_locale":"es_ES","og_type":"article","og_title":"IEBS Business School presenta una nueva edici\u00f3n del\u00a0Entrepreneur Day 2025","og_description":"Barcelona, 16 de octubre de 2025. IEBS Business School celebra el pr\u00f3ximo 23 de octubre de 2025, a las 18:00h (GMT+2), una nueva edici\u00f3n del Entrepreneur","og_url":"https:\/\/www.iebschool.com\/saladeprensa\/2025\/10\/15\/iebs-business-school-presenta-una-nueva-edicion-del-entrepreneur-day-2025\/","og_site_name":"Sala de Prensa","article_published_time":"2025-10-15T13:47:17+00:00","article_modified_time":"2025-10-15T13:51:06+00:00","og_image":[{"width":1200,"height":627,"url":"https:\/\/www.iebschool.com\/saladeprensa\/wp-content\/uploads\/2025\/10\/Evento-LinkedIn.png","type":"image\/png"}],"author":"Vanina Campanila","twitter_card":"summary_large_image","twitter_misc":{"Escrito por":"Vanina Campanila","Tiempo de lectura":"4 minutos"},"schema":{"@context":"https:\/\/schema.org","@graph":[{"@type":"Article","@id":"https:\/\/www.iebschool.com\/saladeprensa\/2025\/10\/15\/iebs-business-school-presenta-una-nueva-edicion-del-entrepreneur-day-2025\/#article","isPartOf":{"@id":"https:\/\/www.iebschool.com\/saladeprensa\/2025\/10\/15\/iebs-business-school-presenta-una-nueva-edicion-del-entrepreneur-day-2025\/"},"author":{"name":"Vanina Campanila","@id":"https:\/\/www.iebschool.com\/saladeprensa\/#\/schema\/person\/9cceed912f26eb8e93191d26bd03545e"},"headline":"IEBS Business School presenta una nueva edici\u00f3n del\u00a0Entrepreneur Day 2025","datePublished":"2025-10-15T13:47:17+00:00","dateModified":"2025-10-15T13:51:06+00:00","mainEntityOfPage":{"@id":"https:\/\/www.iebschool.com\/saladeprensa\/2025\/10\/15\/iebs-business-school-presenta-una-nueva-edicion-del-entrepreneur-day-2025\/"},"wordCount":664,"commentCount":0,"publisher":{"@id":"https:\/\/www.iebschool.com\/saladeprensa\/#organization"},"image":{"@id":"https:\/\/www.iebschool.com\/saladeprensa\/2025\/10\/15\/iebs-business-school-presenta-una-nueva-edicion-del-entrepreneur-day-2025\/#primaryimage"},"thumbnailUrl":"https:\/\/www.iebschool.com\/saladeprensa\/wp-content\/uploads\/2025\/10\/Evento-LinkedIn.png","articleSection":["#SomosIEBS","IEBS en los medios","Notas de Prensa"],"inLanguage":"es","potentialAction":[{"@type":"CommentAction","name":"Comment","target":["https:\/\/www.iebschool.com\/saladeprensa\/2025\/10\/15\/iebs-business-school-presenta-una-nueva-edicion-del-entrepreneur-day-2025\/#respond"]}]},{"@type":"WebPage","@id":"https:\/\/www.iebschool.com\/saladeprensa\/2025\/10\/15\/iebs-business-school-presenta-una-nueva-edicion-del-entrepreneur-day-2025\/","url":"https:\/\/www.iebschool.com\/saladeprensa\/2025\/10\/15\/iebs-business-school-presenta-una-nueva-edicion-del-entrepreneur-day-2025\/","name":"IEBS Business School presenta una nueva edici\u00f3n del\u00a0Entrepreneur Day 2025 - Sala de Prensa","isPartOf":{"@id":"https:\/\/www.iebschool.com\/saladeprensa\/#website"},"primaryImageOfPage":{"@id":"https:\/\/www.iebschool.com\/saladeprensa\/2025\/10\/15\/iebs-business-school-presenta-una-nueva-edicion-del-entrepreneur-day-2025\/#primaryimage"},"image":{"@id":"https:\/\/www.iebschool.com\/saladeprensa\/2025\/10\/15\/iebs-business-school-presenta-una-nueva-edicion-del-entrepreneur-day-2025\/#primaryimage"},"thumbnailUrl":"https:\/\/www.iebschool.com\/saladeprensa\/wp-content\/uploads\/2025\/10\/Evento-LinkedIn.png","datePublished":"2025-10-15T13:47:17+00:00","dateModified":"2025-10-15T13:51:06+00:00","description":"Barcelona, 16 de octubre de 2025. IEBS Business School celebra el pr\u00f3ximo 23 de octubre de 2025, a las 18:00h (GMT+2), una nueva edici\u00f3n del Entrepreneur","breadcrumb":{"@id":"https:\/\/www.iebschool.com\/saladeprensa\/2025\/10\/15\/iebs-business-school-presenta-una-nueva-edicion-del-entrepreneur-day-2025\/#breadcrumb"},"inLanguage":"es","potentialAction":[{"@type":"ReadAction","target":["https:\/\/www.iebschool.com\/saladeprensa\/2025\/10\/15\/iebs-business-school-presenta-una-nueva-edicion-del-entrepreneur-day-2025\/"]}]},{"@type":"ImageObject","inLanguage":"es","@id":"https:\/\/www.iebschool.com\/saladeprensa\/2025\/10\/15\/iebs-business-school-presenta-una-nueva-edicion-del-entrepreneur-day-2025\/#primaryimage","url":"https:\/\/www.iebschool.com\/saladeprensa\/wp-content\/uploads\/2025\/10\/Evento-LinkedIn.png","contentUrl":"https:\/\/www.iebschool.com\/saladeprensa\/wp-content\/uploads\/2025\/10\/Evento-LinkedIn.png","width":1200,"height":627},{"@type":"BreadcrumbList","@id":"https:\/\/www.iebschool.com\/saladeprensa\/2025\/10\/15\/iebs-business-school-presenta-una-nueva-edicion-del-entrepreneur-day-2025\/#breadcrumb","itemListElement":[{"@type":"ListItem","position":1,"name":"Portada","item":"https:\/\/www.iebschool.com\/saladeprensa\/"},{"@type":"ListItem","position":2,"name":"IEBS Business School presenta una nueva edici\u00f3n del\u00a0Entrepreneur Day 2025"}]},{"@type":"WebSite","@id":"https:\/\/www.iebschool.com\/saladeprensa\/#website","url":"https:\/\/www.iebschool.com\/saladeprensa\/","name":"Sala de Prensa","description":"IEBS","publisher":{"@id":"https:\/\/www.iebschool.com\/saladeprensa\/#organization"},"potentialAction":[{"@type":"SearchAction","target":{"@type":"EntryPoint","urlTemplate":"https:\/\/www.iebschool.com\/saladeprensa\/?s={search_term_string}"},"query-input":{"@type":"PropertyValueSpecification","valueRequired":true,"valueName":"search_term_string"}}],"inLanguage":"es"},{"@type":"Organization","@id":"https:\/\/www.iebschool.com\/saladeprensa\/#organization","name":"Sala de Prensa","url":"https:\/\/www.iebschool.com\/saladeprensa\/","logo":{"@type":"ImageObject","inLanguage":"es","@id":"https:\/\/www.iebschool.com\/saladeprensa\/#\/schema\/logo\/image\/","url":"https:\/\/www.iebschool.com\/saladeprensa\/wp-content\/uploads\/2026\/02\/IEBS_Logo_BusinessSchool_1_Hor_Violeta-scaled.png","contentUrl":"https:\/\/www.iebschool.com\/saladeprensa\/wp-content\/uploads\/2026\/02\/IEBS_Logo_BusinessSchool_1_Hor_Violeta-scaled.png","width":2560,"height":374,"caption":"Sala de Prensa"},"image":{"@id":"https:\/\/www.iebschool.com\/saladeprensa\/#\/schema\/logo\/image\/"}},{"@type":"Person","@id":"https:\/\/www.iebschool.com\/saladeprensa\/#\/schema\/person\/9cceed912f26eb8e93191d26bd03545e","name":"Vanina Campanila","image":{"@type":"ImageObject","inLanguage":"es","@id":"https:\/\/www.iebschool.com\/saladeprensa\/#\/schema\/person\/image\/","url":"https:\/\/secure.gravatar.com\/avatar\/4cf0ebd077c4cf9000cb167c880afd49629438ecd2f597a1624cfc03bc2c4e16?s=96&d=mm&r=g","contentUrl":"https:\/\/secure.gravatar.com\/avatar\/4cf0ebd077c4cf9000cb167c880afd49629438ecd2f597a1624cfc03bc2c4e16?s=96&d=mm&r=g","caption":"Vanina Campanila"},"sameAs":["https:\/\/www.iebschool.com"],"url":"https:\/\/www.iebschool.com\/saladeprensa\/author\/vcampanileiebschool-com\/"}]}},"image_thumbnail":"https:\/\/www.iebschool.com\/saladeprensa\/wp-content\/uploads\/2025\/10\/Evento-LinkedIn-300x157.png","image_full":"https:\/\/www.iebschool.com\/saladeprensa\/wp-content\/uploads\/2025\/10\/Evento-LinkedIn.png","categoria":{"nombre":"#SomosIEBS","slug":"category\/somosiebs"},"_links":{"self":[{"href":"https:\/\/www.iebschool.com\/saladeprensa\/wp-json\/wp\/v2\/posts\/5958","targetHints":{"allow":["GET"]}}],"collection":[{"href":"https:\/\/www.iebschool.com\/saladeprensa\/wp-json\/wp\/v2\/posts"}],"about":[{"href":"https:\/\/www.iebschool.com\/saladeprensa\/wp-json\/wp\/v2\/types\/post"}],"author":[{"embeddable":true,"href":"https:\/\/www.iebschool.com\/saladeprensa\/wp-json\/wp\/v2\/users\/42"}],"replies":[{"embeddable":true,"href":"https:\/\/www.iebschool.com\/saladeprensa\/wp-json\/wp\/v2\/comments?post=5958"}],"version-history":[{"count":2,"href":"https:\/\/www.iebschool.com\/saladeprensa\/wp-json\/wp\/v2\/posts\/5958\/revisions"}],"predecessor-version":[{"id":5961,"href":"https:\/\/www.iebschool.com\/saladeprensa\/wp-json\/wp\/v2\/posts\/5958\/revisions\/5961"}],"wp:featuredmedia":[{"embeddable":true,"href":"https:\/\/www.iebschool.com\/saladeprensa\/wp-json\/wp\/v2\/media\/5959"}],"wp:attachment":[{"href":"https:\/\/www.iebschool.com\/saladeprensa\/wp-json\/wp\/v2\/media?parent=5958"}],"wp:term":[{"taxonomy":"category","embeddable":true,"href":"https:\/\/www.iebschool.com\/saladeprensa\/wp-json\/wp\/v2\/categories?post=5958"},{"taxonomy":"post_tag","embeddable":true,"href":"https:\/\/www.iebschool.com\/saladeprensa\/wp-json\/wp\/v2\/tags?post=5958"}],"curies":[{"name":"wp","href":"https:\/\/api.w.org\/{rel}","templated":true}]}}