{"id":6003,"date":"2026-03-12T16:53:31","date_gmt":"2026-03-12T16:53:31","guid":{"rendered":"https:\/\/www.iebschool.com\/saladeprensa\/?p=6003"},"modified":"2026-03-13T10:17:44","modified_gmt":"2026-03-13T10:17:44","slug":"women-in-tech-day-celebra-su-5a-edicion-reuniendo-a-mujeres-lideres","status":"publish","type":"post","link":"https:\/\/www.iebschool.com\/saladeprensa\/2026\/03\/12\/women-in-tech-day-celebra-su-5a-edicion-reuniendo-a-mujeres-lideres\/","title":{"rendered":"Women in Tech Day celebra su 5\u00aa edici\u00f3n reuniendo a mujeres l\u00edderes que est\u00e1n impulsando la innovaci\u00f3n en IA y datos"},"content":{"rendered":"<!-- wp:image {\"id\":6004,\"sizeSlug\":\"large\",\"linkDestination\":\"none\"} -->\n<figure class=\"wp-block-image size-large\"><img src=\"https:\/\/www.iebschool.com\/saladeprensa\/wp-content\/uploads\/2026\/03\/Evento-LinkedIn-2-1024x535.png\" alt=\"\" class=\"wp-image-6004\"\/><\/figure>\n<!-- \/wp:image -->\n\n<!-- wp:paragraph -->\n<p><strong>Barcelona, 11 de marzo de 2026.<\/strong> <\/p>\n<!-- \/wp:paragraph -->\n\n<!-- wp:paragraph -->\n<p>IEBS Business School organiza la quinta edici\u00f3n de <strong>Women in Tech Day<\/strong>, un evento online que reunir\u00e1 a profesionales del ecosistema tecnol\u00f3gico para compartir su experiencia y visi\u00f3n sobre inteligencia artificial, data, innovaci\u00f3n y liderazgo.<\/p>\n<!-- \/wp:paragraph -->\n\n<!-- wp:paragraph -->\n<p>La jornada, que se celebrar\u00e1 el <strong>jueves 26 de marzo a las 18:00 (hora Espa\u00f1a)<\/strong>, reunir\u00e1 a expertas que actualmente lideran proyectos tecnol\u00f3gicos y que compartir\u00e1n con los asistentes sus aprendizajes, retos y decisiones estrat\u00e9gicas.<\/p>\n<!-- \/wp:paragraph -->\n\n<!-- wp:paragraph -->\n<p><em>\u201cWomen in Tech Day nace con el objetivo de poner en valor a profesionales que est\u00e1n liderando proyectos tecnol\u00f3gicos de alto impacto y compartir sus aprendizajes con la comunidad, generando referentes que inspiren a las nuevas generaciones\u201d<\/em>, se\u00f1ala Noelia L\u00f3pez G\u00f3mez, Directora de Operaciones de IEBS.\u00a0<br><\/p>\n<!-- \/wp:paragraph -->\n\n<!-- wp:paragraph -->\n<p><strong>Un encuentro pensado para reunir voces femeninas que lideran el futuro<\/strong><\/p>\n<!-- \/wp:paragraph -->\n\n<!-- wp:paragraph -->\n<p>En el marco del D\u00eda Internacional de la Mujer, Women in Tech Day se presenta como un espacio para compartir experiencias reales, analizar tendencias y conocer c\u00f3mo se est\u00e1n construyendo hoy en d\u00eda, proyectos tecnol\u00f3gicos en \u00e1mbitos como la inteligencia artificial, la anal\u00edtica de datos o el emprendimiento digital.<\/p>\n<!-- \/wp:paragraph -->\n\n<!-- wp:paragraph -->\n<p>A lo largo de la jornada, distintas profesionales del ecosistema tecnol\u00f3gico compartir\u00e1n su visi\u00f3n sobre c\u00f3mo la tecnolog\u00eda est\u00e1 transformando empresas, industrias y modelos de negocio.<\/p>\n<!-- \/wp:paragraph -->\n\n<!-- wp:paragraph -->\n<p>La presentaci\u00f3n del evento estar\u00e1 a cargo de <strong>Zaira Vicente Adame<\/strong>, Directora de Innovaci\u00f3n Estrat\u00e9gica y BI en <strong>BZMK Creative Contents<\/strong>.<\/p>\n<!-- \/wp:paragraph -->\n\n<!-- wp:paragraph -->\n<p>Entre las ponentes destacadas participar\u00e1n:<\/p>\n<!-- \/wp:paragraph -->\n\n<!-- wp:list -->\n<ul class=\"wp-block-list\"><!-- wp:list-item -->\n<li><strong>Carmen Reina<\/strong>, Founder &amp; CEO de <strong>DataQuantum<\/strong>, quien analizar\u00e1 el impacto del emprendimiento basado en inteligencia artificial y an\u00e1lisis de datos.<br><\/li>\n<!-- \/wp:list-item -->\n\n<!-- wp:list-item -->\n<li><strong>Victoria Hermida<\/strong>, CEO &amp; Co-Founder de <strong>Orygen<\/strong>, que explicar\u00e1 c\u00f3mo la inteligencia artificial puede aplicarse en sectores tradicionales para impulsar su transformaci\u00f3n.<br><\/li>\n<!-- \/wp:list-item -->\n\n<!-- wp:list-item -->\n<li><strong>Dolores Mart\u00edn<\/strong>, del <strong>HP AI Innovation Hub<\/strong>, quien compartir\u00e1 su experiencia liderando equipos tecnol\u00f3gicos orientados a generar impacto a trav\u00e9s de la innovaci\u00f3n.<br><\/li>\n<!-- \/wp:list-item --><\/ul>\n<!-- \/wp:list -->\n\n<!-- wp:paragraph -->\n<p>El evento culminar\u00e1 con una <strong>mesa redonda titulada \u201cMujeres liderando la innovaci\u00f3n\u201d<\/strong>, en la que participar\u00e1n <strong>Andrea Escobar<\/strong>, Cofundadora de <strong>Experiencia IA<\/strong>; <strong>Mar Bujons<\/strong>, Chief Operations Officer en <strong>UNIFIT<\/strong>; <strong>Rosa Siles<\/strong>, Directora Ejecutiva en <strong>Founders Andaluc\u00eda; <\/strong>y<strong> Beatriz Arias, <\/strong>Digital Transformation Director en DigitalES. Durante este espacio se debatir\u00e1 sobre liderazgo, toma de decisiones y el papel de la tecnolog\u00eda en la creaci\u00f3n de nuevos proyectos y oportunidades empresariales.<\/p>\n<!-- \/wp:paragraph -->\n\n<!-- wp:paragraph -->\n<p><strong>Inscripci\u00f3n<\/strong><\/p>\n<!-- \/wp:paragraph -->\n\n<!-- wp:paragraph -->\n<p>El evento es <strong>gratuito y abierto al p\u00fablico<\/strong>, con inscripci\u00f3n previa.<br>Las personas interesadas pueden registrarse a trav\u00e9s de la web oficial de\u00a0 <a href=\"https:\/\/www.iebschool.com\/eventos\/women-in-tech-day\/?utm_source=nota%20de%20prensa&amp;utm_campaign=eventos\">IEBS Business School<\/a>.\u00a0<\/p>\n<!-- \/wp:paragraph -->\n\n<!-- wp:paragraph -->\n<p><strong>Sobre IEBS Business School<\/strong><\/p>\n<!-- \/wp:paragraph -->\n\n<!-- wp:paragraph -->\n<p>IEBS es la escuela de negocios online de referencia y pionera en formaci\u00f3n en innovaci\u00f3n, tecnolog\u00eda y transformaci\u00f3n digital. Su modelo educativo apuesta por una formaci\u00f3n pr\u00e1ctica, flexible y conectada con las necesidades reales del mercado, con el objetivo de formar a los profesionales que liderar\u00e1n la econom\u00eda digital.<\/p>\n<!-- \/wp:paragraph -->\n\n<!-- wp:paragraph -->\n<p><strong>Contacto de prensa<\/strong><\/p>\n<!-- \/wp:paragraph -->\n\n<!-- wp:paragraph -->\n<p>Vanina Campanile | Julieta Erba | <a href=\"mailto:comunicacion@iebschool.com\">comunicaci\u00f3n@iebschool.com<\/a><\/p>\n<!-- \/wp:paragraph -->\n\n<!-- wp:paragraph -->\n<p><\/p>\n<!-- \/wp:paragraph -->","protected":false},"excerpt":{"rendered":"","protected":false},"author":45,"featured_media":0,"comment_status":"open","ping_status":"open","sticky":false,"template":"","format":"standard","meta":{"footnotes":""},"categories":[2,7,8,1],"tags":[],"class_list":["post-6003","post","type-post","status-publish","format-standard","hentry","category-somosiebs","category-iebs-en-los-medios","category-notas-de-prensa","category-sin-categoria"],"yoast_head":"<!-- This site is optimized with the Yoast SEO Premium plugin v23.9 (Yoast SEO v24.6) - https:\/\/yoast.com\/wordpress\/plugins\/seo\/ -->\n<title>Llega la quinta edici\u00f3n de Women in Tech Day<\/title>\n<meta name=\"description\" content=\"Barcelona, 11 de marzo de 2026. IEBS Business School organiza la quinta edici\u00f3n de Women in Tech Day, un evento online que reunir\u00e1 a profesionales del Descubre las \u00faltimas tendencias en innovaci\u00f3n y tecnolog\u00eda, de la mano de expertas y l\u00edderes que est\u00e1n cambiando el futuro\" \/>\n<meta name=\"robots\" content=\"index, follow, max-snippet:-1, max-image-preview:large, max-video-preview:-1\" \/>\n<link rel=\"canonical\" href=\"https:\/\/www.iebschool.com\/saladeprensa\/2026\/03\/12\/women-in-tech-day-celebra-su-5a-edicion-reuniendo-a-mujeres-lideres\/\" \/>\n<meta property=\"og:locale\" content=\"es_ES\" \/>\n<meta property=\"og:type\" content=\"article\" \/>\n<meta property=\"og:title\" content=\"Women in Tech Day celebra su 5\u00aa edici\u00f3n reuniendo a mujeres l\u00edderes que est\u00e1n impulsando la innovaci\u00f3n en IA y datos\" \/>\n<meta property=\"og:description\" content=\"Barcelona, 11 de marzo de 2026. IEBS Business School organiza la quinta edici\u00f3n de Women in Tech Day, un evento online que reunir\u00e1 a profesionales del Descubre las \u00faltimas tendencias en innovaci\u00f3n y tecnolog\u00eda, de la mano de expertas y l\u00edderes que est\u00e1n cambiando el futuro\" \/>\n<meta property=\"og:url\" content=\"https:\/\/www.iebschool.com\/saladeprensa\/2026\/03\/12\/women-in-tech-day-celebra-su-5a-edicion-reuniendo-a-mujeres-lideres\/\" \/>\n<meta property=\"og:site_name\" content=\"Sala de Prensa\" \/>\n<meta property=\"article:published_time\" content=\"2026-03-12T16:53:31+00:00\" \/>\n<meta property=\"article:modified_time\" content=\"2026-03-13T10:17:44+00:00\" \/>\n<meta property=\"og:image\" content=\"https:\/\/www.iebschool.com\/saladeprensa\/wp-content\/uploads\/2026\/03\/Evento-LinkedIn-2-1024x535.png\" \/>\n<meta name=\"author\" content=\"Julieta Erba\" \/>\n<meta name=\"twitter:card\" content=\"summary_large_image\" \/>\n<meta name=\"twitter:label1\" content=\"Escrito por\" \/>\n\t<meta name=\"twitter:data1\" content=\"Julieta Erba\" \/>\n\t<meta name=\"twitter:label2\" content=\"Tiempo de lectura\" \/>\n\t<meta name=\"twitter:data2\" content=\"3 minutos\" \/>\n<script type=\"application\/ld+json\" class=\"yoast-schema-graph\">{\"@context\":\"https:\/\/schema.org\",\"@graph\":[{\"@type\":\"Article\",\"@id\":\"https:\/\/www.iebschool.com\/saladeprensa\/2026\/03\/12\/women-in-tech-day-celebra-su-5a-edicion-reuniendo-a-mujeres-lideres\/#article\",\"isPartOf\":{\"@id\":\"https:\/\/www.iebschool.com\/saladeprensa\/2026\/03\/12\/women-in-tech-day-celebra-su-5a-edicion-reuniendo-a-mujeres-lideres\/\"},\"author\":{\"name\":\"Julieta Erba\",\"@id\":\"https:\/\/www.iebschool.com\/saladeprensa\/#\/schema\/person\/31f11f317b554f3ac899bea43a55e879\"},\"headline\":\"Women in Tech Day celebra su 5\u00aa edici\u00f3n reuniendo a mujeres l\u00edderes que est\u00e1n impulsando la innovaci\u00f3n en IA y datos\",\"datePublished\":\"2026-03-12T16:53:31+00:00\",\"dateModified\":\"2026-03-13T10:17:44+00:00\",\"mainEntityOfPage\":{\"@id\":\"https:\/\/www.iebschool.com\/saladeprensa\/2026\/03\/12\/women-in-tech-day-celebra-su-5a-edicion-reuniendo-a-mujeres-lideres\/\"},\"wordCount\":532,\"commentCount\":0,\"publisher\":{\"@id\":\"https:\/\/www.iebschool.com\/saladeprensa\/#organization\"},\"image\":{\"@id\":\"https:\/\/www.iebschool.com\/saladeprensa\/2026\/03\/12\/women-in-tech-day-celebra-su-5a-edicion-reuniendo-a-mujeres-lideres\/#primaryimage\"},\"thumbnailUrl\":\"https:\/\/www.iebschool.com\/saladeprensa\/wp-content\/uploads\/2026\/03\/Evento-LinkedIn-2-1024x535.png\",\"articleSection\":[\"#SomosIEBS\",\"IEBS en los medios\",\"Notas de Prensa\"],\"inLanguage\":\"es\",\"potentialAction\":[{\"@type\":\"CommentAction\",\"name\":\"Comment\",\"target\":[\"https:\/\/www.iebschool.com\/saladeprensa\/2026\/03\/12\/women-in-tech-day-celebra-su-5a-edicion-reuniendo-a-mujeres-lideres\/#respond\"]}]},{\"@type\":\"WebPage\",\"@id\":\"https:\/\/www.iebschool.com\/saladeprensa\/2026\/03\/12\/women-in-tech-day-celebra-su-5a-edicion-reuniendo-a-mujeres-lideres\/\",\"url\":\"https:\/\/www.iebschool.com\/saladeprensa\/2026\/03\/12\/women-in-tech-day-celebra-su-5a-edicion-reuniendo-a-mujeres-lideres\/\",\"name\":\"Llega la quinta edici\u00f3n de Women in Tech Day\",\"isPartOf\":{\"@id\":\"https:\/\/www.iebschool.com\/saladeprensa\/#website\"},\"primaryImageOfPage\":{\"@id\":\"https:\/\/www.iebschool.com\/saladeprensa\/2026\/03\/12\/women-in-tech-day-celebra-su-5a-edicion-reuniendo-a-mujeres-lideres\/#primaryimage\"},\"image\":{\"@id\":\"https:\/\/www.iebschool.com\/saladeprensa\/2026\/03\/12\/women-in-tech-day-celebra-su-5a-edicion-reuniendo-a-mujeres-lideres\/#primaryimage\"},\"thumbnailUrl\":\"https:\/\/www.iebschool.com\/saladeprensa\/wp-content\/uploads\/2026\/03\/Evento-LinkedIn-2-1024x535.png\",\"datePublished\":\"2026-03-12T16:53:31+00:00\",\"dateModified\":\"2026-03-13T10:17:44+00:00\",\"description\":\"Barcelona, 11 de marzo de 2026. IEBS Business School organiza la quinta edici\u00f3n de Women in Tech Day, un evento online que reunir\u00e1 a profesionales del Descubre las \u00faltimas tendencias en innovaci\u00f3n y tecnolog\u00eda, de la mano de expertas y l\u00edderes que est\u00e1n cambiando el futuro\",\"breadcrumb\":{\"@id\":\"https:\/\/www.iebschool.com\/saladeprensa\/2026\/03\/12\/women-in-tech-day-celebra-su-5a-edicion-reuniendo-a-mujeres-lideres\/#breadcrumb\"},\"inLanguage\":\"es\",\"potentialAction\":[{\"@type\":\"ReadAction\",\"target\":[\"https:\/\/www.iebschool.com\/saladeprensa\/2026\/03\/12\/women-in-tech-day-celebra-su-5a-edicion-reuniendo-a-mujeres-lideres\/\"]}]},{\"@type\":\"ImageObject\",\"inLanguage\":\"es\",\"@id\":\"https:\/\/www.iebschool.com\/saladeprensa\/2026\/03\/12\/women-in-tech-day-celebra-su-5a-edicion-reuniendo-a-mujeres-lideres\/#primaryimage\",\"url\":\"https:\/\/www.iebschool.com\/saladeprensa\/wp-content\/uploads\/2026\/03\/Evento-LinkedIn-2.png\",\"contentUrl\":\"https:\/\/www.iebschool.com\/saladeprensa\/wp-content\/uploads\/2026\/03\/Evento-LinkedIn-2.png\",\"width\":1200,\"height\":627},{\"@type\":\"BreadcrumbList\",\"@id\":\"https:\/\/www.iebschool.com\/saladeprensa\/2026\/03\/12\/women-in-tech-day-celebra-su-5a-edicion-reuniendo-a-mujeres-lideres\/#breadcrumb\",\"itemListElement\":[{\"@type\":\"ListItem\",\"position\":1,\"name\":\"Portada\",\"item\":\"https:\/\/www.iebschool.com\/saladeprensa\/\"},{\"@type\":\"ListItem\",\"position\":2,\"name\":\"Women in Tech Day celebra su 5\u00aa edici\u00f3n reuniendo a mujeres l\u00edderes que est\u00e1n impulsando la innovaci\u00f3n en IA y datos\"}]},{\"@type\":\"WebSite\",\"@id\":\"https:\/\/www.iebschool.com\/saladeprensa\/#website\",\"url\":\"https:\/\/www.iebschool.com\/saladeprensa\/\",\"name\":\"Sala de Prensa\",\"description\":\"IEBS\",\"publisher\":{\"@id\":\"https:\/\/www.iebschool.com\/saladeprensa\/#organization\"},\"potentialAction\":[{\"@type\":\"SearchAction\",\"target\":{\"@type\":\"EntryPoint\",\"urlTemplate\":\"https:\/\/www.iebschool.com\/saladeprensa\/?s={search_term_string}\"},\"query-input\":{\"@type\":\"PropertyValueSpecification\",\"valueRequired\":true,\"valueName\":\"search_term_string\"}}],\"inLanguage\":\"es\"},{\"@type\":\"Organization\",\"@id\":\"https:\/\/www.iebschool.com\/saladeprensa\/#organization\",\"name\":\"Sala de Prensa\",\"url\":\"https:\/\/www.iebschool.com\/saladeprensa\/\",\"logo\":{\"@type\":\"ImageObject\",\"inLanguage\":\"es\",\"@id\":\"https:\/\/www.iebschool.com\/saladeprensa\/#\/schema\/logo\/image\/\",\"url\":\"https:\/\/www.iebschool.com\/saladeprensa\/wp-content\/uploads\/2026\/02\/IEBS_Logo_BusinessSchool_1_Hor_Violeta-scaled.png\",\"contentUrl\":\"https:\/\/www.iebschool.com\/saladeprensa\/wp-content\/uploads\/2026\/02\/IEBS_Logo_BusinessSchool_1_Hor_Violeta-scaled.png\",\"width\":2560,\"height\":374,\"caption\":\"Sala de Prensa\"},\"image\":{\"@id\":\"https:\/\/www.iebschool.com\/saladeprensa\/#\/schema\/logo\/image\/\"}},{\"@type\":\"Person\",\"@id\":\"https:\/\/www.iebschool.com\/saladeprensa\/#\/schema\/person\/31f11f317b554f3ac899bea43a55e879\",\"name\":\"Julieta Erba\",\"image\":{\"@type\":\"ImageObject\",\"inLanguage\":\"es\",\"@id\":\"https:\/\/www.iebschool.com\/saladeprensa\/#\/schema\/person\/image\/\",\"url\":\"https:\/\/secure.gravatar.com\/avatar\/90870d3087fe7801c7185516e8c6b0dffab3d86955520478e555e38b3b4311b8?s=96&d=mm&r=g\",\"contentUrl\":\"https:\/\/secure.gravatar.com\/avatar\/90870d3087fe7801c7185516e8c6b0dffab3d86955520478e555e38b3b4311b8?s=96&d=mm&r=g\",\"caption\":\"Julieta Erba\"},\"url\":\"https:\/\/www.iebschool.com\/saladeprensa\/author\/jerbaiebschool-com\/\"}]}<\/script>\n<!-- \/ Yoast SEO Premium plugin. -->","yoast_head_json":{"title":"Llega la quinta edici\u00f3n de Women in Tech Day","description":"Barcelona, 11 de marzo de 2026. IEBS Business School organiza la quinta edici\u00f3n de Women in Tech Day, un evento online que reunir\u00e1 a profesionales del Descubre las \u00faltimas tendencias en innovaci\u00f3n y tecnolog\u00eda, de la mano de expertas y l\u00edderes que est\u00e1n cambiando el futuro","robots":{"index":"index","follow":"follow","max-snippet":"max-snippet:-1","max-image-preview":"max-image-preview:large","max-video-preview":"max-video-preview:-1"},"canonical":"https:\/\/www.iebschool.com\/saladeprensa\/2026\/03\/12\/women-in-tech-day-celebra-su-5a-edicion-reuniendo-a-mujeres-lideres\/","og_locale":"es_ES","og_type":"article","og_title":"Women in Tech Day celebra su 5\u00aa edici\u00f3n reuniendo a mujeres l\u00edderes que est\u00e1n impulsando la innovaci\u00f3n en IA y datos","og_description":"Barcelona, 11 de marzo de 2026. IEBS Business School organiza la quinta edici\u00f3n de Women in Tech Day, un evento online que reunir\u00e1 a profesionales del Descubre las \u00faltimas tendencias en innovaci\u00f3n y tecnolog\u00eda, de la mano de expertas y l\u00edderes que est\u00e1n cambiando el futuro","og_url":"https:\/\/www.iebschool.com\/saladeprensa\/2026\/03\/12\/women-in-tech-day-celebra-su-5a-edicion-reuniendo-a-mujeres-lideres\/","og_site_name":"Sala de Prensa","article_published_time":"2026-03-12T16:53:31+00:00","article_modified_time":"2026-03-13T10:17:44+00:00","og_image":[{"url":"https:\/\/www.iebschool.com\/saladeprensa\/wp-content\/uploads\/2026\/03\/Evento-LinkedIn-2-1024x535.png","type":"","width":"","height":""}],"author":"Julieta Erba","twitter_card":"summary_large_image","twitter_misc":{"Escrito por":"Julieta Erba","Tiempo de lectura":"3 minutos"},"schema":{"@context":"https:\/\/schema.org","@graph":[{"@type":"Article","@id":"https:\/\/www.iebschool.com\/saladeprensa\/2026\/03\/12\/women-in-tech-day-celebra-su-5a-edicion-reuniendo-a-mujeres-lideres\/#article","isPartOf":{"@id":"https:\/\/www.iebschool.com\/saladeprensa\/2026\/03\/12\/women-in-tech-day-celebra-su-5a-edicion-reuniendo-a-mujeres-lideres\/"},"author":{"name":"Julieta Erba","@id":"https:\/\/www.iebschool.com\/saladeprensa\/#\/schema\/person\/31f11f317b554f3ac899bea43a55e879"},"headline":"Women in Tech Day celebra su 5\u00aa edici\u00f3n reuniendo a mujeres l\u00edderes que est\u00e1n impulsando la innovaci\u00f3n en IA y datos","datePublished":"2026-03-12T16:53:31+00:00","dateModified":"2026-03-13T10:17:44+00:00","mainEntityOfPage":{"@id":"https:\/\/www.iebschool.com\/saladeprensa\/2026\/03\/12\/women-in-tech-day-celebra-su-5a-edicion-reuniendo-a-mujeres-lideres\/"},"wordCount":532,"commentCount":0,"publisher":{"@id":"https:\/\/www.iebschool.com\/saladeprensa\/#organization"},"image":{"@id":"https:\/\/www.iebschool.com\/saladeprensa\/2026\/03\/12\/women-in-tech-day-celebra-su-5a-edicion-reuniendo-a-mujeres-lideres\/#primaryimage"},"thumbnailUrl":"https:\/\/www.iebschool.com\/saladeprensa\/wp-content\/uploads\/2026\/03\/Evento-LinkedIn-2-1024x535.png","articleSection":["#SomosIEBS","IEBS en los medios","Notas de Prensa"],"inLanguage":"es","potentialAction":[{"@type":"CommentAction","name":"Comment","target":["https:\/\/www.iebschool.com\/saladeprensa\/2026\/03\/12\/women-in-tech-day-celebra-su-5a-edicion-reuniendo-a-mujeres-lideres\/#respond"]}]},{"@type":"WebPage","@id":"https:\/\/www.iebschool.com\/saladeprensa\/2026\/03\/12\/women-in-tech-day-celebra-su-5a-edicion-reuniendo-a-mujeres-lideres\/","url":"https:\/\/www.iebschool.com\/saladeprensa\/2026\/03\/12\/women-in-tech-day-celebra-su-5a-edicion-reuniendo-a-mujeres-lideres\/","name":"Llega la quinta edici\u00f3n de Women in Tech Day","isPartOf":{"@id":"https:\/\/www.iebschool.com\/saladeprensa\/#website"},"primaryImageOfPage":{"@id":"https:\/\/www.iebschool.com\/saladeprensa\/2026\/03\/12\/women-in-tech-day-celebra-su-5a-edicion-reuniendo-a-mujeres-lideres\/#primaryimage"},"image":{"@id":"https:\/\/www.iebschool.com\/saladeprensa\/2026\/03\/12\/women-in-tech-day-celebra-su-5a-edicion-reuniendo-a-mujeres-lideres\/#primaryimage"},"thumbnailUrl":"https:\/\/www.iebschool.com\/saladeprensa\/wp-content\/uploads\/2026\/03\/Evento-LinkedIn-2-1024x535.png","datePublished":"2026-03-12T16:53:31+00:00","dateModified":"2026-03-13T10:17:44+00:00","description":"Barcelona, 11 de marzo de 2026. IEBS Business School organiza la quinta edici\u00f3n de Women in Tech Day, un evento online que reunir\u00e1 a profesionales del Descubre las \u00faltimas tendencias en innovaci\u00f3n y tecnolog\u00eda, de la mano de expertas y l\u00edderes que est\u00e1n cambiando el futuro","breadcrumb":{"@id":"https:\/\/www.iebschool.com\/saladeprensa\/2026\/03\/12\/women-in-tech-day-celebra-su-5a-edicion-reuniendo-a-mujeres-lideres\/#breadcrumb"},"inLanguage":"es","potentialAction":[{"@type":"ReadAction","target":["https:\/\/www.iebschool.com\/saladeprensa\/2026\/03\/12\/women-in-tech-day-celebra-su-5a-edicion-reuniendo-a-mujeres-lideres\/"]}]},{"@type":"ImageObject","inLanguage":"es","@id":"https:\/\/www.iebschool.com\/saladeprensa\/2026\/03\/12\/women-in-tech-day-celebra-su-5a-edicion-reuniendo-a-mujeres-lideres\/#primaryimage","url":"https:\/\/www.iebschool.com\/saladeprensa\/wp-content\/uploads\/2026\/03\/Evento-LinkedIn-2.png","contentUrl":"https:\/\/www.iebschool.com\/saladeprensa\/wp-content\/uploads\/2026\/03\/Evento-LinkedIn-2.png","width":1200,"height":627},{"@type":"BreadcrumbList","@id":"https:\/\/www.iebschool.com\/saladeprensa\/2026\/03\/12\/women-in-tech-day-celebra-su-5a-edicion-reuniendo-a-mujeres-lideres\/#breadcrumb","itemListElement":[{"@type":"ListItem","position":1,"name":"Portada","item":"https:\/\/www.iebschool.com\/saladeprensa\/"},{"@type":"ListItem","position":2,"name":"Women in Tech Day celebra su 5\u00aa edici\u00f3n reuniendo a mujeres l\u00edderes que est\u00e1n impulsando la innovaci\u00f3n en IA y datos"}]},{"@type":"WebSite","@id":"https:\/\/www.iebschool.com\/saladeprensa\/#website","url":"https:\/\/www.iebschool.com\/saladeprensa\/","name":"Sala de Prensa","description":"IEBS","publisher":{"@id":"https:\/\/www.iebschool.com\/saladeprensa\/#organization"},"potentialAction":[{"@type":"SearchAction","target":{"@type":"EntryPoint","urlTemplate":"https:\/\/www.iebschool.com\/saladeprensa\/?s={search_term_string}"},"query-input":{"@type":"PropertyValueSpecification","valueRequired":true,"valueName":"search_term_string"}}],"inLanguage":"es"},{"@type":"Organization","@id":"https:\/\/www.iebschool.com\/saladeprensa\/#organization","name":"Sala de Prensa","url":"https:\/\/www.iebschool.com\/saladeprensa\/","logo":{"@type":"ImageObject","inLanguage":"es","@id":"https:\/\/www.iebschool.com\/saladeprensa\/#\/schema\/logo\/image\/","url":"https:\/\/www.iebschool.com\/saladeprensa\/wp-content\/uploads\/2026\/02\/IEBS_Logo_BusinessSchool_1_Hor_Violeta-scaled.png","contentUrl":"https:\/\/www.iebschool.com\/saladeprensa\/wp-content\/uploads\/2026\/02\/IEBS_Logo_BusinessSchool_1_Hor_Violeta-scaled.png","width":2560,"height":374,"caption":"Sala de Prensa"},"image":{"@id":"https:\/\/www.iebschool.com\/saladeprensa\/#\/schema\/logo\/image\/"}},{"@type":"Person","@id":"https:\/\/www.iebschool.com\/saladeprensa\/#\/schema\/person\/31f11f317b554f3ac899bea43a55e879","name":"Julieta Erba","image":{"@type":"ImageObject","inLanguage":"es","@id":"https:\/\/www.iebschool.com\/saladeprensa\/#\/schema\/person\/image\/","url":"https:\/\/secure.gravatar.com\/avatar\/90870d3087fe7801c7185516e8c6b0dffab3d86955520478e555e38b3b4311b8?s=96&d=mm&r=g","contentUrl":"https:\/\/secure.gravatar.com\/avatar\/90870d3087fe7801c7185516e8c6b0dffab3d86955520478e555e38b3b4311b8?s=96&d=mm&r=g","caption":"Julieta Erba"},"url":"https:\/\/www.iebschool.com\/saladeprensa\/author\/jerbaiebschool-com\/"}]}},"image_thumbnail":"https:\/\/www.iebschool.com\/saladeprensa\/wp-includes\/images\/media\/default.svg","image_full":"https:\/\/www.iebschool.com\/saladeprensa\/wp-includes\/images\/media\/default.svg","categoria":{"nombre":"#SomosIEBS","slug":"category\/somosiebs"},"_links":{"self":[{"href":"https:\/\/www.iebschool.com\/saladeprensa\/wp-json\/wp\/v2\/posts\/6003","targetHints":{"allow":["GET"]}}],"collection":[{"href":"https:\/\/www.iebschool.com\/saladeprensa\/wp-json\/wp\/v2\/posts"}],"about":[{"href":"https:\/\/www.iebschool.com\/saladeprensa\/wp-json\/wp\/v2\/types\/post"}],"author":[{"embeddable":true,"href":"https:\/\/www.iebschool.com\/saladeprensa\/wp-json\/wp\/v2\/users\/45"}],"replies":[{"embeddable":true,"href":"https:\/\/www.iebschool.com\/saladeprensa\/wp-json\/wp\/v2\/comments?post=6003"}],"version-history":[{"count":1,"href":"https:\/\/www.iebschool.com\/saladeprensa\/wp-json\/wp\/v2\/posts\/6003\/revisions"}],"predecessor-version":[{"id":6006,"href":"https:\/\/www.iebschool.com\/saladeprensa\/wp-json\/wp\/v2\/posts\/6003\/revisions\/6006"}],"wp:attachment":[{"href":"https:\/\/www.iebschool.com\/saladeprensa\/wp-json\/wp\/v2\/media?parent=6003"}],"wp:term":[{"taxonomy":"category","embeddable":true,"href":"https:\/\/www.iebschool.com\/saladeprensa\/wp-json\/wp\/v2\/categories?post=6003"},{"taxonomy":"post_tag","embeddable":true,"href":"https:\/\/www.iebschool.com\/saladeprensa\/wp-json\/wp\/v2\/tags?post=6003"}],"curies":[{"name":"wp","href":"https:\/\/api.w.org\/{rel}","templated":true}]}}