{"id":69,"date":"2010-11-18T11:06:48","date_gmt":"2010-11-18T11:06:48","guid":{"rendered":"http:\/\/comunidad.iebschool.com\/saladeprensa\/?p=69"},"modified":"2010-11-18T11:06:48","modified_gmt":"2010-11-18T11:06:48","slug":"seed-rocket-colabora-con-la-escuela-de-negocios-iebs-en-la-formacion-de-profesionales-de-espiritu-emprendedor","status":"publish","type":"post","link":"https:\/\/www.iebschool.com\/saladeprensa\/2010\/11\/18\/seed-rocket-colabora-con-la-escuela-de-negocios-iebs-en-la-formacion-de-profesionales-de-espiritu-emprendedor\/","title":{"rendered":"Seed Rocket colabora con la escuela de negocios IEBS en la formaci\u00f3n de profesionales de esp\u00edritu emprendedor"},"content":{"rendered":"16 de junio de 2010 \u2013 El apoyo a los emprendedores es un factor fundamental para actuar contra la crisis econ\u00f3mica vigente. La formaci\u00f3n de estos profesionales debe facilitarles las herramientas necesarias para que dirijan proyectos con un <strong>Esp\u00edritu Emprendedor<\/strong> desde la <strong>Innovaci\u00f3n<\/strong>, la <strong>\u00c9tica<\/strong> y la <strong>Sostenibilidad<\/strong>.\n\n<strong>Seed Rocket<\/strong> y la escuela de negocios<strong> IEBS<\/strong> han establecido un acuerdo de colaboraci\u00f3n para el desarrollo de programas de formaci\u00f3n para Emprendedores mediante el uso de las nuevas tecnolog\u00edas.\n\nEl objetivo de este acuerdo es ofrecer formaci\u00f3n a personas emprendedoras que quieran poner en marcha sus propios proyectos. Para ello se dispondr\u00e1 de una red de profesionales que pondr\u00e1n su experiencia al servicio de los alumnos de la escuela\n\nGracias a la alianza entre IEBS y SeedRocket se pone en marcha la <a title=\"http:\/\/www.iebschool.com\/programas\/emprendedores\/ escuela de emprendedores\" href=\"http:\/\/www.iebschool.com\/programas\/emprendedores\/\"><strong>Escuela<\/strong><strong> de  Emprendedores<\/strong><\/a>, un \u00e1rea de formaci\u00f3n para Emprendedores y  Pymes que quieran llevar a cabo sus propios proyectos. La escuela imparte  formaci\u00f3n a alumnos con iniciativas que combinen atractivo y viabilidad, todo  ello dentro de la <strong>Aceleradora<\/strong><strong> de Empresas<\/strong>, unas instalaciones especialmente destinadas al  desarrollo de proyectos de la Escuela de Emprendedores.\n\n* <a title=\"Descargar NP Seed Rocket colabora IEBS\" href=\"https:\/\/www.iebschool.com\/saladeprensa\/wp-content\/uploads\/2010\/11\/NP-SeedRocket-colabora-con-IEBS.pdf\" target=\"_blank\" rel=\"noopener\">Descargar nota completa<\/a>","protected":false},"excerpt":{"rendered":"<p>Seed Rocket y la escuela de negocios IEBS han establecido un acuerdo de colaboraci\u00f3n para el desarrollo de programas de formaci\u00f3n para Emprendedores mediante el uso de las nuevas tecnolog\u00edas. El objetivo es ofrecer formaci\u00f3n a personas emprendedoras que quieran poner en marcha sus propios proyectos. Para ello se dispondr\u00e1 de una red de profesionales que pondr\u00e1n su experiencia al servicio de los alumnos de la escuela<\/p>\n","protected":false},"author":8,"featured_media":0,"comment_status":"open","ping_status":"open","sticky":false,"template":"","format":"standard","meta":{"footnotes":""},"categories":[8],"tags":[12,88,98,130,179,214],"class_list":["post-69","post","type-post","status-publish","format-standard","hentry","category-notas-de-prensa","tag-aceleradora-de-empresas","tag-emprendedores","tag-escuela-de-negocios","tag-iebs","tag-notas-de-prensa","tag-seed-rocket"],"yoast_head":"<!-- This site is optimized with the Yoast SEO Premium plugin v23.9 (Yoast SEO v24.6) - https:\/\/yoast.com\/wordpress\/plugins\/seo\/ -->\n<title>Seed Rocket colabora con la escuela de negocios IEBS en la formaci\u00f3n de profesionales de esp\u00edritu emprendedor - Sala de Prensa<\/title>\n<meta name=\"description\" content=\"Seed Rocket y la escuela de negocios IEBS han establecido un acuerdo de colaboraci\u00f3n para el desarrollo de programas de formaci\u00f3n para Emprendedores mediante el uso de las nuevas tecnolog\u00edas. El objetivo es ofrecer formaci\u00f3n a personas emprendedoras que quieran poner en marcha sus propios proyectos. Para ello se dispondr\u00e1 de una red de profesionales que pondr\u00e1n su experiencia al servicio de los alumnos de la escuela\" \/>\n<meta name=\"robots\" content=\"index, follow, max-snippet:-1, max-image-preview:large, max-video-preview:-1\" \/>\n<link rel=\"canonical\" href=\"https:\/\/www.iebschool.com\/saladeprensa\/2010\/11\/18\/seed-rocket-colabora-con-la-escuela-de-negocios-iebs-en-la-formacion-de-profesionales-de-espiritu-emprendedor\/\" \/>\n<meta property=\"og:locale\" content=\"es_ES\" \/>\n<meta property=\"og:type\" content=\"article\" \/>\n<meta property=\"og:title\" content=\"Seed Rocket colabora con la escuela de negocios IEBS en la formaci\u00f3n de profesionales de esp\u00edritu emprendedor\" \/>\n<meta property=\"og:description\" content=\"Seed Rocket y la escuela de negocios IEBS han establecido un acuerdo de colaboraci\u00f3n para el desarrollo de programas de formaci\u00f3n para Emprendedores mediante el uso de las nuevas tecnolog\u00edas. El objetivo es ofrecer formaci\u00f3n a personas emprendedoras que quieran poner en marcha sus propios proyectos. Para ello se dispondr\u00e1 de una red de profesionales que pondr\u00e1n su experiencia al servicio de los alumnos de la escuela\" \/>\n<meta property=\"og:url\" content=\"https:\/\/www.iebschool.com\/saladeprensa\/2010\/11\/18\/seed-rocket-colabora-con-la-escuela-de-negocios-iebs-en-la-formacion-de-profesionales-de-espiritu-emprendedor\/\" \/>\n<meta property=\"og:site_name\" content=\"Sala de Prensa\" \/>\n<meta property=\"article:published_time\" content=\"2010-11-18T11:06:48+00:00\" \/>\n<meta name=\"author\" content=\"Eva Rodriguez Alvarez\" \/>\n<meta name=\"twitter:card\" content=\"summary_large_image\" \/>\n<meta name=\"twitter:label1\" content=\"Escrito por\" \/>\n\t<meta name=\"twitter:data1\" content=\"Eva Rodriguez Alvarez\" \/>\n\t<meta name=\"twitter:label2\" content=\"Tiempo de lectura\" \/>\n\t<meta name=\"twitter:data2\" content=\"1 minuto\" \/>\n<script type=\"application\/ld+json\" class=\"yoast-schema-graph\">{\"@context\":\"https:\/\/schema.org\",\"@graph\":[{\"@type\":\"Article\",\"@id\":\"https:\/\/www.iebschool.com\/saladeprensa\/2010\/11\/18\/seed-rocket-colabora-con-la-escuela-de-negocios-iebs-en-la-formacion-de-profesionales-de-espiritu-emprendedor\/#article\",\"isPartOf\":{\"@id\":\"https:\/\/www.iebschool.com\/saladeprensa\/2010\/11\/18\/seed-rocket-colabora-con-la-escuela-de-negocios-iebs-en-la-formacion-de-profesionales-de-espiritu-emprendedor\/\"},\"author\":{\"name\":\"Eva Rodriguez Alvarez\",\"@id\":\"https:\/\/www.iebschool.com\/saladeprensa\/#\/schema\/person\/9cca6e566c12dfa24b322fbb1cf5296a\"},\"headline\":\"Seed Rocket colabora con la escuela de negocios IEBS en la formaci\u00f3n de profesionales de esp\u00edritu emprendedor\",\"datePublished\":\"2010-11-18T11:06:48+00:00\",\"mainEntityOfPage\":{\"@id\":\"https:\/\/www.iebschool.com\/saladeprensa\/2010\/11\/18\/seed-rocket-colabora-con-la-escuela-de-negocios-iebs-en-la-formacion-de-profesionales-de-espiritu-emprendedor\/\"},\"wordCount\":214,\"commentCount\":0,\"publisher\":{\"@id\":\"https:\/\/www.iebschool.com\/saladeprensa\/#organization\"},\"keywords\":[\"Aceleradora de Empresas\",\"Emprendedores\",\"Escuela de Negocios\",\"IEBS\",\"Notas de Prensa\",\"Seed Rocket\"],\"articleSection\":[\"Notas de Prensa\"],\"inLanguage\":\"es\",\"potentialAction\":[{\"@type\":\"CommentAction\",\"name\":\"Comment\",\"target\":[\"https:\/\/www.iebschool.com\/saladeprensa\/2010\/11\/18\/seed-rocket-colabora-con-la-escuela-de-negocios-iebs-en-la-formacion-de-profesionales-de-espiritu-emprendedor\/#respond\"]}]},{\"@type\":\"WebPage\",\"@id\":\"https:\/\/www.iebschool.com\/saladeprensa\/2010\/11\/18\/seed-rocket-colabora-con-la-escuela-de-negocios-iebs-en-la-formacion-de-profesionales-de-espiritu-emprendedor\/\",\"url\":\"https:\/\/www.iebschool.com\/saladeprensa\/2010\/11\/18\/seed-rocket-colabora-con-la-escuela-de-negocios-iebs-en-la-formacion-de-profesionales-de-espiritu-emprendedor\/\",\"name\":\"Seed Rocket colabora con la escuela de negocios IEBS en la formaci\u00f3n de profesionales de esp\u00edritu emprendedor - Sala de Prensa\",\"isPartOf\":{\"@id\":\"https:\/\/www.iebschool.com\/saladeprensa\/#website\"},\"datePublished\":\"2010-11-18T11:06:48+00:00\",\"description\":\"Seed Rocket y la escuela de negocios IEBS han establecido un acuerdo de colaboraci\u00f3n para el desarrollo de programas de formaci\u00f3n para Emprendedores mediante el uso de las nuevas tecnolog\u00edas. El objetivo es ofrecer formaci\u00f3n a personas emprendedoras que quieran poner en marcha sus propios proyectos. Para ello se dispondr\u00e1 de una red de profesionales que pondr\u00e1n su experiencia al servicio de los alumnos de la escuela\",\"breadcrumb\":{\"@id\":\"https:\/\/www.iebschool.com\/saladeprensa\/2010\/11\/18\/seed-rocket-colabora-con-la-escuela-de-negocios-iebs-en-la-formacion-de-profesionales-de-espiritu-emprendedor\/#breadcrumb\"},\"inLanguage\":\"es\",\"potentialAction\":[{\"@type\":\"ReadAction\",\"target\":[\"https:\/\/www.iebschool.com\/saladeprensa\/2010\/11\/18\/seed-rocket-colabora-con-la-escuela-de-negocios-iebs-en-la-formacion-de-profesionales-de-espiritu-emprendedor\/\"]}]},{\"@type\":\"BreadcrumbList\",\"@id\":\"https:\/\/www.iebschool.com\/saladeprensa\/2010\/11\/18\/seed-rocket-colabora-con-la-escuela-de-negocios-iebs-en-la-formacion-de-profesionales-de-espiritu-emprendedor\/#breadcrumb\",\"itemListElement\":[{\"@type\":\"ListItem\",\"position\":1,\"name\":\"Portada\",\"item\":\"https:\/\/www.iebschool.com\/saladeprensa\/\"},{\"@type\":\"ListItem\",\"position\":2,\"name\":\"Seed Rocket colabora con la escuela de negocios IEBS en la formaci\u00f3n de profesionales de esp\u00edritu emprendedor\"}]},{\"@type\":\"WebSite\",\"@id\":\"https:\/\/www.iebschool.com\/saladeprensa\/#website\",\"url\":\"https:\/\/www.iebschool.com\/saladeprensa\/\",\"name\":\"Sala de Prensa\",\"description\":\"IEBS\",\"publisher\":{\"@id\":\"https:\/\/www.iebschool.com\/saladeprensa\/#organization\"},\"potentialAction\":[{\"@type\":\"SearchAction\",\"target\":{\"@type\":\"EntryPoint\",\"urlTemplate\":\"https:\/\/www.iebschool.com\/saladeprensa\/?s={search_term_string}\"},\"query-input\":{\"@type\":\"PropertyValueSpecification\",\"valueRequired\":true,\"valueName\":\"search_term_string\"}}],\"inLanguage\":\"es\"},{\"@type\":\"Organization\",\"@id\":\"https:\/\/www.iebschool.com\/saladeprensa\/#organization\",\"name\":\"Sala de Prensa\",\"url\":\"https:\/\/www.iebschool.com\/saladeprensa\/\",\"logo\":{\"@type\":\"ImageObject\",\"inLanguage\":\"es\",\"@id\":\"https:\/\/www.iebschool.com\/saladeprensa\/#\/schema\/logo\/image\/\",\"url\":\"https:\/\/www.iebschool.com\/saladeprensa\/wp-content\/uploads\/2026\/02\/IEBS_Logo_BusinessSchool_1_Hor_Violeta-scaled.png\",\"contentUrl\":\"https:\/\/www.iebschool.com\/saladeprensa\/wp-content\/uploads\/2026\/02\/IEBS_Logo_BusinessSchool_1_Hor_Violeta-scaled.png\",\"width\":2560,\"height\":374,\"caption\":\"Sala de Prensa\"},\"image\":{\"@id\":\"https:\/\/www.iebschool.com\/saladeprensa\/#\/schema\/logo\/image\/\"}},{\"@type\":\"Person\",\"@id\":\"https:\/\/www.iebschool.com\/saladeprensa\/#\/schema\/person\/9cca6e566c12dfa24b322fbb1cf5296a\",\"name\":\"Eva Rodriguez Alvarez\",\"image\":{\"@type\":\"ImageObject\",\"inLanguage\":\"es\",\"@id\":\"https:\/\/www.iebschool.com\/saladeprensa\/#\/schema\/person\/image\/\",\"url\":\"https:\/\/secure.gravatar.com\/avatar\/426bf2aca95ba540998e613554bc6cc611691f74af0502a51dbceefbf44178b4?s=96&d=mm&r=g\",\"contentUrl\":\"https:\/\/secure.gravatar.com\/avatar\/426bf2aca95ba540998e613554bc6cc611691f74af0502a51dbceefbf44178b4?s=96&d=mm&r=g\",\"caption\":\"Eva Rodriguez Alvarez\"},\"url\":\"https:\/\/www.iebschool.com\/saladeprensa\/author\/evarodrialgmail-com\/\"}]}<\/script>\n<!-- \/ Yoast SEO Premium plugin. -->","yoast_head_json":{"title":"Seed Rocket colabora con la escuela de negocios IEBS en la formaci\u00f3n de profesionales de esp\u00edritu emprendedor - Sala de Prensa","description":"Seed Rocket y la escuela de negocios IEBS han establecido un acuerdo de colaboraci\u00f3n para el desarrollo de programas de formaci\u00f3n para Emprendedores mediante el uso de las nuevas tecnolog\u00edas. El objetivo es ofrecer formaci\u00f3n a personas emprendedoras que quieran poner en marcha sus propios proyectos. Para ello se dispondr\u00e1 de una red de profesionales que pondr\u00e1n su experiencia al servicio de los alumnos de la escuela","robots":{"index":"index","follow":"follow","max-snippet":"max-snippet:-1","max-image-preview":"max-image-preview:large","max-video-preview":"max-video-preview:-1"},"canonical":"https:\/\/www.iebschool.com\/saladeprensa\/2010\/11\/18\/seed-rocket-colabora-con-la-escuela-de-negocios-iebs-en-la-formacion-de-profesionales-de-espiritu-emprendedor\/","og_locale":"es_ES","og_type":"article","og_title":"Seed Rocket colabora con la escuela de negocios IEBS en la formaci\u00f3n de profesionales de esp\u00edritu emprendedor","og_description":"Seed Rocket y la escuela de negocios IEBS han establecido un acuerdo de colaboraci\u00f3n para el desarrollo de programas de formaci\u00f3n para Emprendedores mediante el uso de las nuevas tecnolog\u00edas. El objetivo es ofrecer formaci\u00f3n a personas emprendedoras que quieran poner en marcha sus propios proyectos. Para ello se dispondr\u00e1 de una red de profesionales que pondr\u00e1n su experiencia al servicio de los alumnos de la escuela","og_url":"https:\/\/www.iebschool.com\/saladeprensa\/2010\/11\/18\/seed-rocket-colabora-con-la-escuela-de-negocios-iebs-en-la-formacion-de-profesionales-de-espiritu-emprendedor\/","og_site_name":"Sala de Prensa","article_published_time":"2010-11-18T11:06:48+00:00","author":"Eva Rodriguez Alvarez","twitter_card":"summary_large_image","twitter_misc":{"Escrito por":"Eva Rodriguez Alvarez","Tiempo de lectura":"1 minuto"},"schema":{"@context":"https:\/\/schema.org","@graph":[{"@type":"Article","@id":"https:\/\/www.iebschool.com\/saladeprensa\/2010\/11\/18\/seed-rocket-colabora-con-la-escuela-de-negocios-iebs-en-la-formacion-de-profesionales-de-espiritu-emprendedor\/#article","isPartOf":{"@id":"https:\/\/www.iebschool.com\/saladeprensa\/2010\/11\/18\/seed-rocket-colabora-con-la-escuela-de-negocios-iebs-en-la-formacion-de-profesionales-de-espiritu-emprendedor\/"},"author":{"name":"Eva Rodriguez Alvarez","@id":"https:\/\/www.iebschool.com\/saladeprensa\/#\/schema\/person\/9cca6e566c12dfa24b322fbb1cf5296a"},"headline":"Seed Rocket colabora con la escuela de negocios IEBS en la formaci\u00f3n de profesionales de esp\u00edritu emprendedor","datePublished":"2010-11-18T11:06:48+00:00","mainEntityOfPage":{"@id":"https:\/\/www.iebschool.com\/saladeprensa\/2010\/11\/18\/seed-rocket-colabora-con-la-escuela-de-negocios-iebs-en-la-formacion-de-profesionales-de-espiritu-emprendedor\/"},"wordCount":214,"commentCount":0,"publisher":{"@id":"https:\/\/www.iebschool.com\/saladeprensa\/#organization"},"keywords":["Aceleradora de Empresas","Emprendedores","Escuela de Negocios","IEBS","Notas de Prensa","Seed Rocket"],"articleSection":["Notas de Prensa"],"inLanguage":"es","potentialAction":[{"@type":"CommentAction","name":"Comment","target":["https:\/\/www.iebschool.com\/saladeprensa\/2010\/11\/18\/seed-rocket-colabora-con-la-escuela-de-negocios-iebs-en-la-formacion-de-profesionales-de-espiritu-emprendedor\/#respond"]}]},{"@type":"WebPage","@id":"https:\/\/www.iebschool.com\/saladeprensa\/2010\/11\/18\/seed-rocket-colabora-con-la-escuela-de-negocios-iebs-en-la-formacion-de-profesionales-de-espiritu-emprendedor\/","url":"https:\/\/www.iebschool.com\/saladeprensa\/2010\/11\/18\/seed-rocket-colabora-con-la-escuela-de-negocios-iebs-en-la-formacion-de-profesionales-de-espiritu-emprendedor\/","name":"Seed Rocket colabora con la escuela de negocios IEBS en la formaci\u00f3n de profesionales de esp\u00edritu emprendedor - Sala de Prensa","isPartOf":{"@id":"https:\/\/www.iebschool.com\/saladeprensa\/#website"},"datePublished":"2010-11-18T11:06:48+00:00","description":"Seed Rocket y la escuela de negocios IEBS han establecido un acuerdo de colaboraci\u00f3n para el desarrollo de programas de formaci\u00f3n para Emprendedores mediante el uso de las nuevas tecnolog\u00edas. El objetivo es ofrecer formaci\u00f3n a personas emprendedoras que quieran poner en marcha sus propios proyectos. Para ello se dispondr\u00e1 de una red de profesionales que pondr\u00e1n su experiencia al servicio de los alumnos de la escuela","breadcrumb":{"@id":"https:\/\/www.iebschool.com\/saladeprensa\/2010\/11\/18\/seed-rocket-colabora-con-la-escuela-de-negocios-iebs-en-la-formacion-de-profesionales-de-espiritu-emprendedor\/#breadcrumb"},"inLanguage":"es","potentialAction":[{"@type":"ReadAction","target":["https:\/\/www.iebschool.com\/saladeprensa\/2010\/11\/18\/seed-rocket-colabora-con-la-escuela-de-negocios-iebs-en-la-formacion-de-profesionales-de-espiritu-emprendedor\/"]}]},{"@type":"BreadcrumbList","@id":"https:\/\/www.iebschool.com\/saladeprensa\/2010\/11\/18\/seed-rocket-colabora-con-la-escuela-de-negocios-iebs-en-la-formacion-de-profesionales-de-espiritu-emprendedor\/#breadcrumb","itemListElement":[{"@type":"ListItem","position":1,"name":"Portada","item":"https:\/\/www.iebschool.com\/saladeprensa\/"},{"@type":"ListItem","position":2,"name":"Seed Rocket colabora con la escuela de negocios IEBS en la formaci\u00f3n de profesionales de esp\u00edritu emprendedor"}]},{"@type":"WebSite","@id":"https:\/\/www.iebschool.com\/saladeprensa\/#website","url":"https:\/\/www.iebschool.com\/saladeprensa\/","name":"Sala de Prensa","description":"IEBS","publisher":{"@id":"https:\/\/www.iebschool.com\/saladeprensa\/#organization"},"potentialAction":[{"@type":"SearchAction","target":{"@type":"EntryPoint","urlTemplate":"https:\/\/www.iebschool.com\/saladeprensa\/?s={search_term_string}"},"query-input":{"@type":"PropertyValueSpecification","valueRequired":true,"valueName":"search_term_string"}}],"inLanguage":"es"},{"@type":"Organization","@id":"https:\/\/www.iebschool.com\/saladeprensa\/#organization","name":"Sala de Prensa","url":"https:\/\/www.iebschool.com\/saladeprensa\/","logo":{"@type":"ImageObject","inLanguage":"es","@id":"https:\/\/www.iebschool.com\/saladeprensa\/#\/schema\/logo\/image\/","url":"https:\/\/www.iebschool.com\/saladeprensa\/wp-content\/uploads\/2026\/02\/IEBS_Logo_BusinessSchool_1_Hor_Violeta-scaled.png","contentUrl":"https:\/\/www.iebschool.com\/saladeprensa\/wp-content\/uploads\/2026\/02\/IEBS_Logo_BusinessSchool_1_Hor_Violeta-scaled.png","width":2560,"height":374,"caption":"Sala de Prensa"},"image":{"@id":"https:\/\/www.iebschool.com\/saladeprensa\/#\/schema\/logo\/image\/"}},{"@type":"Person","@id":"https:\/\/www.iebschool.com\/saladeprensa\/#\/schema\/person\/9cca6e566c12dfa24b322fbb1cf5296a","name":"Eva Rodriguez Alvarez","image":{"@type":"ImageObject","inLanguage":"es","@id":"https:\/\/www.iebschool.com\/saladeprensa\/#\/schema\/person\/image\/","url":"https:\/\/secure.gravatar.com\/avatar\/426bf2aca95ba540998e613554bc6cc611691f74af0502a51dbceefbf44178b4?s=96&d=mm&r=g","contentUrl":"https:\/\/secure.gravatar.com\/avatar\/426bf2aca95ba540998e613554bc6cc611691f74af0502a51dbceefbf44178b4?s=96&d=mm&r=g","caption":"Eva Rodriguez Alvarez"},"url":"https:\/\/www.iebschool.com\/saladeprensa\/author\/evarodrialgmail-com\/"}]}},"image_thumbnail":"https:\/\/www.iebschool.com\/saladeprensa\/wp-includes\/images\/media\/default.svg","image_full":"https:\/\/www.iebschool.com\/saladeprensa\/wp-includes\/images\/media\/default.svg","categoria":{"nombre":"Notas de Prensa","slug":"category\/notas-de-prensa"},"_links":{"self":[{"href":"https:\/\/www.iebschool.com\/saladeprensa\/wp-json\/wp\/v2\/posts\/69","targetHints":{"allow":["GET"]}}],"collection":[{"href":"https:\/\/www.iebschool.com\/saladeprensa\/wp-json\/wp\/v2\/posts"}],"about":[{"href":"https:\/\/www.iebschool.com\/saladeprensa\/wp-json\/wp\/v2\/types\/post"}],"author":[{"embeddable":true,"href":"https:\/\/www.iebschool.com\/saladeprensa\/wp-json\/wp\/v2\/users\/8"}],"replies":[{"embeddable":true,"href":"https:\/\/www.iebschool.com\/saladeprensa\/wp-json\/wp\/v2\/comments?post=69"}],"version-history":[{"count":0,"href":"https:\/\/www.iebschool.com\/saladeprensa\/wp-json\/wp\/v2\/posts\/69\/revisions"}],"wp:attachment":[{"href":"https:\/\/www.iebschool.com\/saladeprensa\/wp-json\/wp\/v2\/media?parent=69"}],"wp:term":[{"taxonomy":"category","embeddable":true,"href":"https:\/\/www.iebschool.com\/saladeprensa\/wp-json\/wp\/v2\/categories?post=69"},{"taxonomy":"post_tag","embeddable":true,"href":"https:\/\/www.iebschool.com\/saladeprensa\/wp-json\/wp\/v2\/tags?post=69"}],"curies":[{"name":"wp","href":"https:\/\/api.w.org\/{rel}","templated":true}]}}