{"id":888,"date":"2011-01-20T13:25:20","date_gmt":"2011-01-20T11:25:20","guid":{"rendered":"http:\/\/comunidad.iebschool.com\/saladeprensa\/?p=888"},"modified":"2024-10-08T10:04:38","modified_gmt":"2024-10-08T10:04:38","slug":"iebs-pone-en-marcha-el-primer-master-que-integra-empresa-2-0-y-redes-sociales-2","status":"publish","type":"post","link":"https:\/\/www.iebschool.com\/saladeprensa\/2011\/01\/20\/iebs-pone-en-marcha-el-primer-master-que-integra-empresa-2-0-y-redes-sociales-2\/","title":{"rendered":"IEBS pone en marcha el primer master que integra empresa 2.0 y redes sociales"},"content":{"rendered":"<table cellspacing=\"0\" cellpadding=\"0\">\n<tbody>\n<tr>\n<td><img class=\"alignnone size-medium wp-image-5805\" src=\"https:\/\/www.iebschool.com\/saladeprensa\/wp-content\/uploads\/2022\/07\/logo-IEBS-Biztech-School-1-300x105.png\" alt=\"\" width=\"300\" height=\"105\" \/><\/td>\n<\/tr>\n<tr>\n<td>\n<h2><strong>IEBS pone en marcha el primer master que integra empresa 2.0 y redes sociales<\/strong><\/h2>\n<table border=\"0\" width=\"500\" cellspacing=\"0\" cellpadding=\"0\">\n<tbody>\n<tr>\n<td valign=\"top\" width=\"25\"><img src=\"http:\/\/static.iebschool.com\/11\/mailing_generico\/v3\/img\/dest_azul.png\" alt=\"\" width=\"17\" height=\"16\" \/><\/td>\n<td valign=\"top\"><strong><em>Se trata del primer programa que incluye el Social Media como una funci\u00f3n estrat\u00e9gica en la organizaci\u00f3ns<\/em><\/strong><\/td>\n<\/tr>\n<tr>\n<td valign=\"top\" width=\"25\"><img src=\"http:\/\/static.iebschool.com\/11\/mailing_generico\/v3\/img\/dest_azul.png\" alt=\"\" width=\"17\" height=\"16\" \/><\/td>\n<td valign=\"top\"><strong><em>Los cambios en el comportamiento de los consumidores y un mercado cada vez m\u00e1s digital obligan a las empresas a adaptarse a este nuevo entorno<\/em><\/strong><\/td>\n<\/tr>\n<tr>\n<td valign=\"top\" width=\"25\"><img src=\"http:\/\/static.iebschool.com\/11\/mailing_generico\/v3\/img\/dest_azul.png\" alt=\"\" width=\"17\" height=\"16\" \/><\/td>\n<td valign=\"top\"><strong><em>El programa ha sido elaborado con la direcci\u00f3n de AEFOL e importantes profesionales dentro del mundo del Social Media<\/em><\/strong><\/td>\n<\/tr>\n<\/tbody>\n<\/table>\n<em>Barcelona, 20 de enero de 2011<\/em> - La escuela de negocios IEBS impartir\u00e1 este a\u00f1o acad\u00e9mico el nuevo \u201c<strong><a href=\"http:\/\/www.iebschool.com\/programas\/master-community-management-empresa-2-0-redes-sociales\">Master en Community Management: Empresa 2.0 y Redes Sociales<\/a><\/strong>\u201d apostando por la relaci\u00f3n entre la empresa, las personas, las redes sociales y las nuevas tecnolog\u00edas.\n\nLa web 2.0 y las redes sociales no s\u00f3lo suponen un \u201cmix\u201d entre comunicaci\u00f3n y marketing, sino que <strong>repercuten en la estrategia general de la empresa y de todas sus \u00e1reas<\/strong>. Desde el Departamento de Comunicaci\u00f3n, al de Recursos Humanos, Marketing, Finanzas o la Direcci\u00f3n; todos se ven impactados por estas herramientas.\n\nEl master aportar\u00e1 al alumno una visi\u00f3n estrat\u00e9gica en la que se remarca la importancia de la web 2.0 como un <strong>nuevo entorno b\u00e1sico para las organizaciones<\/strong>.\n\n<em>\u201cEl master no s\u00f3lo ense\u00f1a a manejar las redes sociales, quiere ir mucho m\u00e1s all\u00e1. Queremos ense\u00f1ar que las viejas empresas no est\u00e1n preparadas para dar respuesta a los problemas actuales y no van a saber aprovecharse de las nuevas oportunidades. El programa ense\u00f1ar\u00e1 al alumno a analizar su organizaci\u00f3n y liderar la e-transformaci\u00f3n para integrar estas disciplinas en la estrategia de la empresa y todas sus \u00e1reas funcionales, convirti\u00e9ndola en una empresa 2.0\u201d remarca Jos\u00e9 Lozano, Director del Master y Presidente de AEFOL.<\/em>\n\nLos antiguos modelos empresariales han dado paso a un <strong>nuevo concepto de empresa 2.0,<\/strong> en donde los consumidores demandan organizaciones transparentes y dialogantes. Por otro lado, los empleados prefieren empresas m\u00e1s abiertas y flexibles. La presencia en la red y el uso estrat\u00e9gico del Social Media dentro y fuera de la organizaci\u00f3n responden a estas demandas y aportan m\u00faltiples ventajas.\n\nAdem\u00e1s de mejorar la imagen y la reputaci\u00f3n de la empresa entre su p\u00fablico interno y externo,<em> \u201cpermiten crear redes de conocimiento bajo la pr\u00e1ctica del crowdsourcing, que fomenta los circuitos de innovaci\u00f3n y permite captar y atraer el talento. De este modo se transmite una imagen de \u201cexpertise\u201d ante el mercado, lo que ayuda a incrementar las ventas. Por eso es necesario darse cuenta de que <strong>no se trata de una moda pasajera<\/strong>, sino que se ha ido consolidando como un requisito b\u00e1sico para el desarrollo y crecimiento de una compa\u00f1\u00eda\u201d <\/em>tal y como afirma Jos\u00e9 Lozano.\n\nEl <strong>\u201cMaster en Community Management: Empresa 2.0 y Redes Sociales\u201d <\/strong>est\u00e1 dirigido a profesionales del \u00e1mbito de la gesti\u00f3n, marketing, comunicaci\u00f3n, periodismo, recursos humanos, formaci\u00f3n y otras \u00e1reas; que quieran adquirir las competencias y habilidades para convertirse en profesionales imprescindibles de la empresa actual. Ante la poca variedad de formaci\u00f3n dedicada a esta \u00e1rea, IEBS quiere ofrecer un temario serio, completo y orientado a trabajar de una manera profesional en este \u00e1mbito.\n\nEl programa tendr\u00e1 una duraci\u00f3n de un a\u00f1o y comenzar\u00e1 el pr\u00f3ximo <strong>26 de mayo de 2011<\/strong>. Se impartir\u00e1 \u00edntegramente de forma online. Los interesados pueden informarse sobre este master en la web de la <strong><a href=\"http:\/\/www.iebschool.com\/programas\/master-community-management-empresa-2-0-redes-sociales\">escuela de negocios<\/a>.<\/strong>\n\n<strong>Sobre IEBS<\/strong>\n\n<strong>IEBS<\/strong> nace en 2010 como una <a href=\"http:\/\/www.iebschool.com\/\">escuela de negocios<\/a> basada en la innovaci\u00f3n, el apoyo a los emprendedores, la \u00e9tica y la sostenibilidad. Su objetivo es crear un <strong>trampol\u00edn para emprendedores<\/strong> que ofrezca formaci\u00f3n, apoyo y financiaci\u00f3n para acelerar al m\u00e1ximo start-ups de base tecnol\u00f3gica.\n\nIEBS cuenta con la colaboraci\u00f3n de SeedRocket, catalizador para emprendedores, con el que adem\u00e1s ha puesto en marcha la <a title=\"escuela de emprendedores\" href=\"http:\/\/www.iebschool.com\/\"><strong>Escuela<\/strong><strong> de Emprendedores<\/strong><\/a>, un \u00e1rea de formaci\u00f3n para personas que quieran llevar a cabo sus propios proyectos. La escuela apuesta as\u00ed por <strong>la formaci\u00f3n de los profesionales del futuro<\/strong> bas\u00e1ndose en una nueva forma de hacer negocios.\n\n<strong>Sobre AEFOL<\/strong>\n\n<strong>AEFOL <\/strong>se ha posicionado como una de las organizaciones m\u00e1s importantes en el desarrollo de eventos e-learning y ofrece sus servicios para empresas de e-learning y RRHH de todo el mundo. Sus actividades se centran en el mundo de la empresa, aunque est\u00e1n muy pr\u00f3ximas al \u00e1rea de la educaci\u00f3n y la tecnolog\u00eda aplicada al aprendizaje. Su principal foco de actuaci\u00f3n es <strong>EXPOELEARNING<\/strong>, la mayor feria e-learning del mundo, que expone las novedades en formaci\u00f3n online y es una cita obligada para los profesionales y empresas del sector.<\/td>\n<\/tr>\n<\/tbody>\n<\/table>\n<table width=\"550\" cellspacing=\"0\" cellpadding=\"0\">\n<tbody>\n<tr>\n<td height=\"7\"><\/td>\n<\/tr>\n<tr>\n<td>\n<table width=\"100%\" cellspacing=\"0\" cellpadding=\"0\" bgcolor=\"#67BEE7\">\n<tbody>\n<tr>\n<td height=\"5\"><\/td>\n<\/tr>\n<\/tbody>\n<\/table>\n<\/td>\n<\/tr>\n<tr>\n<td height=\"15\"><\/td>\n<\/tr>\n<tr>\n<td>\n<table cellspacing=\"0\" cellpadding=\"0\">\n<tbody>\n<tr>\n<td width=\"50%\"><strong>Eva Rodr\u00edguez<\/strong>, Responsable de Prensa<\/td>\n<td width=\"50%\"><strong>\u00a0<\/strong><\/td>\n<\/tr>\n<\/tbody>\n<\/table>\n<\/td>\n<\/tr>\n<tr>\n<td height=\"10\"><strong>Encu\u00e9ntrame en:<\/strong><\/td>\n<\/tr>\n<tr>\n<td>\n<table width=\"100%\" cellspacing=\"0\" cellpadding=\"0\">\n<tbody>\n<tr>\n<td width=\"50%\">\n<table cellspacing=\"0\" cellpadding=\"0\">\n<tbody>\n<tr>\n<td width=\"10\" height=\"14\">email<\/td>\n<td width=\"15\">\u00b7<\/td>\n<td><a href=\"mailto:eva@iebschool.com\">eva@iebschool.com<\/a><\/td>\n<\/tr>\n<tr>\n<td width=\"10\" height=\"14\">tlf<\/td>\n<td width=\"15\">\u00b7<\/td>\n<td>+34 93 1833 199<\/td>\n<\/tr>\n<tr>\n<td width=\"10\" height=\"14\">web<\/td>\n<td width=\"15\">\u00b7<\/td>\n<td><a href=\"http:\/\/www.iebschool.com\/\">www.iebschool.com<\/a><\/td>\n<\/tr>\n<\/tbody>\n<\/table>\n<\/td>\n<td align=\"right\" valign=\"top\" width=\"50%\">\n<table cellspacing=\"0\" cellpadding=\"0\">\n<tbody>\n<tr>\n<td width=\"3\" height=\"26\"><\/td>\n<td width=\"26\" height=\"26\"><a href=\"http:\/\/es.linkedin.com\/in\/iebschool\"><img src=\"http:\/\/static.iebschool.com\/11\/mailing_generico\/v3\/img\/linkedin.png\" alt=\"\" width=\"26\" height=\"26\" border=\"0\" \/><\/a><\/td>\n<td width=\"3\" height=\"26\"><\/td>\n<td width=\"26\" height=\"26\"><a href=\"http:\/\/www.facebook.com\/iebschool\"><img src=\"http:\/\/static.iebschool.com\/11\/mailing_generico\/v3\/img\/facebook.png\" alt=\"\" border=\"0\" \/><\/a><\/td>\n<td width=\"3\" height=\"26\"><\/td>\n<td width=\"26\" height=\"26\"><a href=\"http:\/\/twitter.com\/iebschool\"><img src=\"http:\/\/static.iebschool.com\/11\/mailing_generico\/v3\/img\/twitter.png\" alt=\"\" border=\"0\" \/><\/a><\/td>\n<\/tr>\n<\/tbody>\n<\/table>\n<\/td>\n<\/tr>\n<\/tbody>\n<\/table>\n<\/td>\n<\/tr>\n<tr>\n<td><\/td>\n<\/tr>\n<\/tbody>\n<\/table>","protected":false},"excerpt":{"rendered":"","protected":false},"author":8,"featured_media":0,"comment_status":"open","ping_status":"open","sticky":false,"template":"","format":"standard","meta":{"footnotes":""},"categories":[8],"tags":[43,88,179,203,242],"class_list":["post-888","post","type-post","status-publish","format-standard","hentry","category-notas-de-prensa","tag-community-management","tag-emprendedores","tag-notas-de-prensa","tag-redes-sociales","tag-web-2-0"],"yoast_head":"<!-- This site is optimized with the Yoast SEO Premium plugin v23.9 (Yoast SEO v24.6) - https:\/\/yoast.com\/wordpress\/plugins\/seo\/ -->\n<title>IEBS pone en marcha el primer master que integra empresa 2.0 y redes sociales - Sala de Prensa<\/title>\n<meta name=\"description\" content=\"IEBS pone en marcha el primer master que integra empresa 2.0 y redes sociales Se trata del primer programa que incluye el Social Media como una funci\u00f3n\" \/>\n<meta name=\"robots\" content=\"index, follow, max-snippet:-1, max-image-preview:large, max-video-preview:-1\" \/>\n<link rel=\"canonical\" href=\"https:\/\/www.iebschool.com\/saladeprensa\/2011\/01\/20\/iebs-pone-en-marcha-el-primer-master-que-integra-empresa-2-0-y-redes-sociales-2\/\" \/>\n<meta property=\"og:locale\" content=\"es_ES\" \/>\n<meta property=\"og:type\" content=\"article\" \/>\n<meta property=\"og:title\" content=\"IEBS pone en marcha el primer master que integra empresa 2.0 y redes sociales\" \/>\n<meta property=\"og:description\" content=\"IEBS pone en marcha el primer master que integra empresa 2.0 y redes sociales Se trata del primer programa que incluye el Social Media como una funci\u00f3n\" \/>\n<meta property=\"og:url\" content=\"https:\/\/www.iebschool.com\/saladeprensa\/2011\/01\/20\/iebs-pone-en-marcha-el-primer-master-que-integra-empresa-2-0-y-redes-sociales-2\/\" \/>\n<meta property=\"og:site_name\" content=\"Sala de Prensa\" \/>\n<meta property=\"article:published_time\" content=\"2011-01-20T11:25:20+00:00\" \/>\n<meta property=\"article:modified_time\" content=\"2024-10-08T10:04:38+00:00\" \/>\n<meta property=\"og:image\" content=\"https:\/\/www.iebschool.com\/saladeprensa\/wp-content\/uploads\/2022\/07\/logo-IEBS-Biztech-School-1-300x105.png\" \/>\n<meta name=\"author\" content=\"Eva Rodriguez Alvarez\" \/>\n<meta name=\"twitter:card\" content=\"summary_large_image\" \/>\n<meta name=\"twitter:label1\" content=\"Escrito por\" \/>\n\t<meta name=\"twitter:data1\" content=\"Eva Rodriguez Alvarez\" \/>\n\t<meta name=\"twitter:label2\" content=\"Tiempo de lectura\" \/>\n\t<meta name=\"twitter:data2\" content=\"4 minutos\" \/>\n<script type=\"application\/ld+json\" class=\"yoast-schema-graph\">{\"@context\":\"https:\/\/schema.org\",\"@graph\":[{\"@type\":\"Article\",\"@id\":\"https:\/\/www.iebschool.com\/saladeprensa\/2011\/01\/20\/iebs-pone-en-marcha-el-primer-master-que-integra-empresa-2-0-y-redes-sociales-2\/#article\",\"isPartOf\":{\"@id\":\"https:\/\/www.iebschool.com\/saladeprensa\/2011\/01\/20\/iebs-pone-en-marcha-el-primer-master-que-integra-empresa-2-0-y-redes-sociales-2\/\"},\"author\":{\"name\":\"Eva Rodriguez Alvarez\",\"@id\":\"https:\/\/www.iebschool.com\/saladeprensa\/#\/schema\/person\/9cca6e566c12dfa24b322fbb1cf5296a\"},\"headline\":\"IEBS pone en marcha el primer master que integra empresa 2.0 y redes sociales\",\"datePublished\":\"2011-01-20T11:25:20+00:00\",\"dateModified\":\"2024-10-08T10:04:38+00:00\",\"mainEntityOfPage\":{\"@id\":\"https:\/\/www.iebschool.com\/saladeprensa\/2011\/01\/20\/iebs-pone-en-marcha-el-primer-master-que-integra-empresa-2-0-y-redes-sociales-2\/\"},\"wordCount\":822,\"commentCount\":0,\"publisher\":{\"@id\":\"https:\/\/www.iebschool.com\/saladeprensa\/#organization\"},\"image\":{\"@id\":\"https:\/\/www.iebschool.com\/saladeprensa\/2011\/01\/20\/iebs-pone-en-marcha-el-primer-master-que-integra-empresa-2-0-y-redes-sociales-2\/#primaryimage\"},\"thumbnailUrl\":\"https:\/\/www.iebschool.com\/saladeprensa\/wp-content\/uploads\/2022\/07\/logo-IEBS-Biztech-School-1-300x105.png\",\"keywords\":[\"Community Management\",\"Emprendedores\",\"Notas de Prensa\",\"Redes Sociales\",\"Web 2.0\"],\"articleSection\":[\"Notas de Prensa\"],\"inLanguage\":\"es\",\"potentialAction\":[{\"@type\":\"CommentAction\",\"name\":\"Comment\",\"target\":[\"https:\/\/www.iebschool.com\/saladeprensa\/2011\/01\/20\/iebs-pone-en-marcha-el-primer-master-que-integra-empresa-2-0-y-redes-sociales-2\/#respond\"]}]},{\"@type\":\"WebPage\",\"@id\":\"https:\/\/www.iebschool.com\/saladeprensa\/2011\/01\/20\/iebs-pone-en-marcha-el-primer-master-que-integra-empresa-2-0-y-redes-sociales-2\/\",\"url\":\"https:\/\/www.iebschool.com\/saladeprensa\/2011\/01\/20\/iebs-pone-en-marcha-el-primer-master-que-integra-empresa-2-0-y-redes-sociales-2\/\",\"name\":\"IEBS pone en marcha el primer master que integra empresa 2.0 y redes sociales - Sala de Prensa\",\"isPartOf\":{\"@id\":\"https:\/\/www.iebschool.com\/saladeprensa\/#website\"},\"primaryImageOfPage\":{\"@id\":\"https:\/\/www.iebschool.com\/saladeprensa\/2011\/01\/20\/iebs-pone-en-marcha-el-primer-master-que-integra-empresa-2-0-y-redes-sociales-2\/#primaryimage\"},\"image\":{\"@id\":\"https:\/\/www.iebschool.com\/saladeprensa\/2011\/01\/20\/iebs-pone-en-marcha-el-primer-master-que-integra-empresa-2-0-y-redes-sociales-2\/#primaryimage\"},\"thumbnailUrl\":\"https:\/\/www.iebschool.com\/saladeprensa\/wp-content\/uploads\/2022\/07\/logo-IEBS-Biztech-School-1-300x105.png\",\"datePublished\":\"2011-01-20T11:25:20+00:00\",\"dateModified\":\"2024-10-08T10:04:38+00:00\",\"description\":\"IEBS pone en marcha el primer master que integra empresa 2.0 y redes sociales Se trata del primer programa que incluye el Social Media como una funci\u00f3n\",\"breadcrumb\":{\"@id\":\"https:\/\/www.iebschool.com\/saladeprensa\/2011\/01\/20\/iebs-pone-en-marcha-el-primer-master-que-integra-empresa-2-0-y-redes-sociales-2\/#breadcrumb\"},\"inLanguage\":\"es\",\"potentialAction\":[{\"@type\":\"ReadAction\",\"target\":[\"https:\/\/www.iebschool.com\/saladeprensa\/2011\/01\/20\/iebs-pone-en-marcha-el-primer-master-que-integra-empresa-2-0-y-redes-sociales-2\/\"]}]},{\"@type\":\"ImageObject\",\"inLanguage\":\"es\",\"@id\":\"https:\/\/www.iebschool.com\/saladeprensa\/2011\/01\/20\/iebs-pone-en-marcha-el-primer-master-que-integra-empresa-2-0-y-redes-sociales-2\/#primaryimage\",\"url\":\"https:\/\/www.iebschool.com\/saladeprensa\/wp-content\/uploads\/2022\/07\/logo-IEBS-Biztech-School-1.png\",\"contentUrl\":\"https:\/\/www.iebschool.com\/saladeprensa\/wp-content\/uploads\/2022\/07\/logo-IEBS-Biztech-School-1.png\",\"width\":1744,\"height\":612},{\"@type\":\"BreadcrumbList\",\"@id\":\"https:\/\/www.iebschool.com\/saladeprensa\/2011\/01\/20\/iebs-pone-en-marcha-el-primer-master-que-integra-empresa-2-0-y-redes-sociales-2\/#breadcrumb\",\"itemListElement\":[{\"@type\":\"ListItem\",\"position\":1,\"name\":\"Portada\",\"item\":\"https:\/\/www.iebschool.com\/saladeprensa\/\"},{\"@type\":\"ListItem\",\"position\":2,\"name\":\"IEBS pone en marcha el primer master que integra empresa 2.0 y redes sociales\"}]},{\"@type\":\"WebSite\",\"@id\":\"https:\/\/www.iebschool.com\/saladeprensa\/#website\",\"url\":\"https:\/\/www.iebschool.com\/saladeprensa\/\",\"name\":\"Sala de Prensa\",\"description\":\"IEBS\",\"publisher\":{\"@id\":\"https:\/\/www.iebschool.com\/saladeprensa\/#organization\"},\"potentialAction\":[{\"@type\":\"SearchAction\",\"target\":{\"@type\":\"EntryPoint\",\"urlTemplate\":\"https:\/\/www.iebschool.com\/saladeprensa\/?s={search_term_string}\"},\"query-input\":{\"@type\":\"PropertyValueSpecification\",\"valueRequired\":true,\"valueName\":\"search_term_string\"}}],\"inLanguage\":\"es\"},{\"@type\":\"Organization\",\"@id\":\"https:\/\/www.iebschool.com\/saladeprensa\/#organization\",\"name\":\"Sala de Prensa\",\"url\":\"https:\/\/www.iebschool.com\/saladeprensa\/\",\"logo\":{\"@type\":\"ImageObject\",\"inLanguage\":\"es\",\"@id\":\"https:\/\/www.iebschool.com\/saladeprensa\/#\/schema\/logo\/image\/\",\"url\":\"https:\/\/www.iebschool.com\/saladeprensa\/wp-content\/uploads\/2026\/02\/IEBS_Logo_BusinessSchool_1_Hor_Violeta-scaled.png\",\"contentUrl\":\"https:\/\/www.iebschool.com\/saladeprensa\/wp-content\/uploads\/2026\/02\/IEBS_Logo_BusinessSchool_1_Hor_Violeta-scaled.png\",\"width\":2560,\"height\":374,\"caption\":\"Sala de Prensa\"},\"image\":{\"@id\":\"https:\/\/www.iebschool.com\/saladeprensa\/#\/schema\/logo\/image\/\"}},{\"@type\":\"Person\",\"@id\":\"https:\/\/www.iebschool.com\/saladeprensa\/#\/schema\/person\/9cca6e566c12dfa24b322fbb1cf5296a\",\"name\":\"Eva Rodriguez Alvarez\",\"image\":{\"@type\":\"ImageObject\",\"inLanguage\":\"es\",\"@id\":\"https:\/\/www.iebschool.com\/saladeprensa\/#\/schema\/person\/image\/\",\"url\":\"https:\/\/secure.gravatar.com\/avatar\/426bf2aca95ba540998e613554bc6cc611691f74af0502a51dbceefbf44178b4?s=96&d=mm&r=g\",\"contentUrl\":\"https:\/\/secure.gravatar.com\/avatar\/426bf2aca95ba540998e613554bc6cc611691f74af0502a51dbceefbf44178b4?s=96&d=mm&r=g\",\"caption\":\"Eva Rodriguez Alvarez\"},\"url\":\"https:\/\/www.iebschool.com\/saladeprensa\/author\/evarodrialgmail-com\/\"}]}<\/script>\n<!-- \/ Yoast SEO Premium plugin. -->","yoast_head_json":{"title":"IEBS pone en marcha el primer master que integra empresa 2.0 y redes sociales - Sala de Prensa","description":"IEBS pone en marcha el primer master que integra empresa 2.0 y redes sociales Se trata del primer programa que incluye el Social Media como una funci\u00f3n","robots":{"index":"index","follow":"follow","max-snippet":"max-snippet:-1","max-image-preview":"max-image-preview:large","max-video-preview":"max-video-preview:-1"},"canonical":"https:\/\/www.iebschool.com\/saladeprensa\/2011\/01\/20\/iebs-pone-en-marcha-el-primer-master-que-integra-empresa-2-0-y-redes-sociales-2\/","og_locale":"es_ES","og_type":"article","og_title":"IEBS pone en marcha el primer master que integra empresa 2.0 y redes sociales","og_description":"IEBS pone en marcha el primer master que integra empresa 2.0 y redes sociales Se trata del primer programa que incluye el Social Media como una funci\u00f3n","og_url":"https:\/\/www.iebschool.com\/saladeprensa\/2011\/01\/20\/iebs-pone-en-marcha-el-primer-master-que-integra-empresa-2-0-y-redes-sociales-2\/","og_site_name":"Sala de Prensa","article_published_time":"2011-01-20T11:25:20+00:00","article_modified_time":"2024-10-08T10:04:38+00:00","og_image":[{"url":"https:\/\/www.iebschool.com\/saladeprensa\/wp-content\/uploads\/2022\/07\/logo-IEBS-Biztech-School-1-300x105.png","type":"","width":"","height":""}],"author":"Eva Rodriguez Alvarez","twitter_card":"summary_large_image","twitter_misc":{"Escrito por":"Eva Rodriguez Alvarez","Tiempo de lectura":"4 minutos"},"schema":{"@context":"https:\/\/schema.org","@graph":[{"@type":"Article","@id":"https:\/\/www.iebschool.com\/saladeprensa\/2011\/01\/20\/iebs-pone-en-marcha-el-primer-master-que-integra-empresa-2-0-y-redes-sociales-2\/#article","isPartOf":{"@id":"https:\/\/www.iebschool.com\/saladeprensa\/2011\/01\/20\/iebs-pone-en-marcha-el-primer-master-que-integra-empresa-2-0-y-redes-sociales-2\/"},"author":{"name":"Eva Rodriguez Alvarez","@id":"https:\/\/www.iebschool.com\/saladeprensa\/#\/schema\/person\/9cca6e566c12dfa24b322fbb1cf5296a"},"headline":"IEBS pone en marcha el primer master que integra empresa 2.0 y redes sociales","datePublished":"2011-01-20T11:25:20+00:00","dateModified":"2024-10-08T10:04:38+00:00","mainEntityOfPage":{"@id":"https:\/\/www.iebschool.com\/saladeprensa\/2011\/01\/20\/iebs-pone-en-marcha-el-primer-master-que-integra-empresa-2-0-y-redes-sociales-2\/"},"wordCount":822,"commentCount":0,"publisher":{"@id":"https:\/\/www.iebschool.com\/saladeprensa\/#organization"},"image":{"@id":"https:\/\/www.iebschool.com\/saladeprensa\/2011\/01\/20\/iebs-pone-en-marcha-el-primer-master-que-integra-empresa-2-0-y-redes-sociales-2\/#primaryimage"},"thumbnailUrl":"https:\/\/www.iebschool.com\/saladeprensa\/wp-content\/uploads\/2022\/07\/logo-IEBS-Biztech-School-1-300x105.png","keywords":["Community Management","Emprendedores","Notas de Prensa","Redes Sociales","Web 2.0"],"articleSection":["Notas de Prensa"],"inLanguage":"es","potentialAction":[{"@type":"CommentAction","name":"Comment","target":["https:\/\/www.iebschool.com\/saladeprensa\/2011\/01\/20\/iebs-pone-en-marcha-el-primer-master-que-integra-empresa-2-0-y-redes-sociales-2\/#respond"]}]},{"@type":"WebPage","@id":"https:\/\/www.iebschool.com\/saladeprensa\/2011\/01\/20\/iebs-pone-en-marcha-el-primer-master-que-integra-empresa-2-0-y-redes-sociales-2\/","url":"https:\/\/www.iebschool.com\/saladeprensa\/2011\/01\/20\/iebs-pone-en-marcha-el-primer-master-que-integra-empresa-2-0-y-redes-sociales-2\/","name":"IEBS pone en marcha el primer master que integra empresa 2.0 y redes sociales - Sala de Prensa","isPartOf":{"@id":"https:\/\/www.iebschool.com\/saladeprensa\/#website"},"primaryImageOfPage":{"@id":"https:\/\/www.iebschool.com\/saladeprensa\/2011\/01\/20\/iebs-pone-en-marcha-el-primer-master-que-integra-empresa-2-0-y-redes-sociales-2\/#primaryimage"},"image":{"@id":"https:\/\/www.iebschool.com\/saladeprensa\/2011\/01\/20\/iebs-pone-en-marcha-el-primer-master-que-integra-empresa-2-0-y-redes-sociales-2\/#primaryimage"},"thumbnailUrl":"https:\/\/www.iebschool.com\/saladeprensa\/wp-content\/uploads\/2022\/07\/logo-IEBS-Biztech-School-1-300x105.png","datePublished":"2011-01-20T11:25:20+00:00","dateModified":"2024-10-08T10:04:38+00:00","description":"IEBS pone en marcha el primer master que integra empresa 2.0 y redes sociales Se trata del primer programa que incluye el Social Media como una funci\u00f3n","breadcrumb":{"@id":"https:\/\/www.iebschool.com\/saladeprensa\/2011\/01\/20\/iebs-pone-en-marcha-el-primer-master-que-integra-empresa-2-0-y-redes-sociales-2\/#breadcrumb"},"inLanguage":"es","potentialAction":[{"@type":"ReadAction","target":["https:\/\/www.iebschool.com\/saladeprensa\/2011\/01\/20\/iebs-pone-en-marcha-el-primer-master-que-integra-empresa-2-0-y-redes-sociales-2\/"]}]},{"@type":"ImageObject","inLanguage":"es","@id":"https:\/\/www.iebschool.com\/saladeprensa\/2011\/01\/20\/iebs-pone-en-marcha-el-primer-master-que-integra-empresa-2-0-y-redes-sociales-2\/#primaryimage","url":"https:\/\/www.iebschool.com\/saladeprensa\/wp-content\/uploads\/2022\/07\/logo-IEBS-Biztech-School-1.png","contentUrl":"https:\/\/www.iebschool.com\/saladeprensa\/wp-content\/uploads\/2022\/07\/logo-IEBS-Biztech-School-1.png","width":1744,"height":612},{"@type":"BreadcrumbList","@id":"https:\/\/www.iebschool.com\/saladeprensa\/2011\/01\/20\/iebs-pone-en-marcha-el-primer-master-que-integra-empresa-2-0-y-redes-sociales-2\/#breadcrumb","itemListElement":[{"@type":"ListItem","position":1,"name":"Portada","item":"https:\/\/www.iebschool.com\/saladeprensa\/"},{"@type":"ListItem","position":2,"name":"IEBS pone en marcha el primer master que integra empresa 2.0 y redes sociales"}]},{"@type":"WebSite","@id":"https:\/\/www.iebschool.com\/saladeprensa\/#website","url":"https:\/\/www.iebschool.com\/saladeprensa\/","name":"Sala de Prensa","description":"IEBS","publisher":{"@id":"https:\/\/www.iebschool.com\/saladeprensa\/#organization"},"potentialAction":[{"@type":"SearchAction","target":{"@type":"EntryPoint","urlTemplate":"https:\/\/www.iebschool.com\/saladeprensa\/?s={search_term_string}"},"query-input":{"@type":"PropertyValueSpecification","valueRequired":true,"valueName":"search_term_string"}}],"inLanguage":"es"},{"@type":"Organization","@id":"https:\/\/www.iebschool.com\/saladeprensa\/#organization","name":"Sala de Prensa","url":"https:\/\/www.iebschool.com\/saladeprensa\/","logo":{"@type":"ImageObject","inLanguage":"es","@id":"https:\/\/www.iebschool.com\/saladeprensa\/#\/schema\/logo\/image\/","url":"https:\/\/www.iebschool.com\/saladeprensa\/wp-content\/uploads\/2026\/02\/IEBS_Logo_BusinessSchool_1_Hor_Violeta-scaled.png","contentUrl":"https:\/\/www.iebschool.com\/saladeprensa\/wp-content\/uploads\/2026\/02\/IEBS_Logo_BusinessSchool_1_Hor_Violeta-scaled.png","width":2560,"height":374,"caption":"Sala de Prensa"},"image":{"@id":"https:\/\/www.iebschool.com\/saladeprensa\/#\/schema\/logo\/image\/"}},{"@type":"Person","@id":"https:\/\/www.iebschool.com\/saladeprensa\/#\/schema\/person\/9cca6e566c12dfa24b322fbb1cf5296a","name":"Eva Rodriguez Alvarez","image":{"@type":"ImageObject","inLanguage":"es","@id":"https:\/\/www.iebschool.com\/saladeprensa\/#\/schema\/person\/image\/","url":"https:\/\/secure.gravatar.com\/avatar\/426bf2aca95ba540998e613554bc6cc611691f74af0502a51dbceefbf44178b4?s=96&d=mm&r=g","contentUrl":"https:\/\/secure.gravatar.com\/avatar\/426bf2aca95ba540998e613554bc6cc611691f74af0502a51dbceefbf44178b4?s=96&d=mm&r=g","caption":"Eva Rodriguez Alvarez"},"url":"https:\/\/www.iebschool.com\/saladeprensa\/author\/evarodrialgmail-com\/"}]}},"image_thumbnail":"https:\/\/www.iebschool.com\/saladeprensa\/wp-includes\/images\/media\/default.svg","image_full":"https:\/\/www.iebschool.com\/saladeprensa\/wp-includes\/images\/media\/default.svg","categoria":{"nombre":"Notas de Prensa","slug":"category\/notas-de-prensa"},"_links":{"self":[{"href":"https:\/\/www.iebschool.com\/saladeprensa\/wp-json\/wp\/v2\/posts\/888","targetHints":{"allow":["GET"]}}],"collection":[{"href":"https:\/\/www.iebschool.com\/saladeprensa\/wp-json\/wp\/v2\/posts"}],"about":[{"href":"https:\/\/www.iebschool.com\/saladeprensa\/wp-json\/wp\/v2\/types\/post"}],"author":[{"embeddable":true,"href":"https:\/\/www.iebschool.com\/saladeprensa\/wp-json\/wp\/v2\/users\/8"}],"replies":[{"embeddable":true,"href":"https:\/\/www.iebschool.com\/saladeprensa\/wp-json\/wp\/v2\/comments?post=888"}],"version-history":[{"count":1,"href":"https:\/\/www.iebschool.com\/saladeprensa\/wp-json\/wp\/v2\/posts\/888\/revisions"}],"predecessor-version":[{"id":5826,"href":"https:\/\/www.iebschool.com\/saladeprensa\/wp-json\/wp\/v2\/posts\/888\/revisions\/5826"}],"wp:attachment":[{"href":"https:\/\/www.iebschool.com\/saladeprensa\/wp-json\/wp\/v2\/media?parent=888"}],"wp:term":[{"taxonomy":"category","embeddable":true,"href":"https:\/\/www.iebschool.com\/saladeprensa\/wp-json\/wp\/v2\/categories?post=888"},{"taxonomy":"post_tag","embeddable":true,"href":"https:\/\/www.iebschool.com\/saladeprensa\/wp-json\/wp\/v2\/tags?post=888"}],"curies":[{"name":"wp","href":"https:\/\/api.w.org\/{rel}","templated":true}]}}