{"id":903,"date":"2011-09-20T15:51:13","date_gmt":"2011-09-20T13:51:13","guid":{"rendered":"http:\/\/comunidad.iebschool.com\/saladeprensa\/?p=903"},"modified":"2024-10-02T19:33:46","modified_gmt":"2024-10-02T19:33:46","slug":"david-vaquero-director-tecnico-de-laexperiencia-com-la-formacion-especializada-para-emprendedores-es-basica-para-que-el-proyecto-llegue-a-dar-fruto","status":"publish","type":"post","link":"https:\/\/www.iebschool.com\/saladeprensa\/2011\/09\/20\/david-vaquero-director-tecnico-de-laexperiencia-com-la-formacion-especializada-para-emprendedores-es-basica-para-que-el-proyecto-llegue-a-dar-fruto\/","title":{"rendered":"David Vaquero, director t\u00e9cnico de LaExperiencia.com: \u00abla formaci\u00f3n especializada para emprendedores es b\u00e1sica para que el proyecto llegue a dar fruto\u00bb"},"content":{"rendered":"<img class=\"alignleft size-full wp-image-1500\" title=\"david vaquero\" src=\"https:\/\/www.iebschool.com\/blog\/wp-content\/uploads\/2011\/09\/david-vaquero.jpg\" alt=\"\" width=\"293\" height=\"216\" \/>Hoy entrevistamos a <strong>David Vaquero<\/strong>, ex alumno de IEBS y una de las caras t\u00e9cnicas de <strong>LaExperiencia.com<\/strong>, un proyecto innovador a trav\u00e9s del cual los usuarios pueden comunicar directamente sus <strong>experiencias de compra a las propias empresas.<\/strong> Quejas, Alabanzas, Preguntas y\/o Sugerencias que ahora cuentan con un canal de comunicaci\u00f3n ordenado y directo entre empresa\/instituci\u00f3n y consumidor.\n\nDavid se incorpora en 2009 al proyecto como Director T\u00e9cnico, para potenciar <a href=\"http:\/\/www.laexperiencia.com\/\" target=\"_blank\" rel=\"noopener\">LaExperiencia.com<\/a> tomando una participaci\u00f3n accionarial en el mismo. <strong>Como emprendedor comienza un apasionante camino<\/strong> prestando atenci\u00f3n no s\u00f3lo a la innovaci\u00f3n t\u00e9cnica, sino a la innovaci\u00f3n funcional en este sector tan rico y din\u00e1mico como es la Red de redes.<strong> <\/strong>\n<h3><strong>1. <\/strong><strong>\u00bfQu\u00e9 es LaExperiencia.com y c\u00f3mo surge el proyecto?<\/strong><\/h3>\nLaExperiencia.com es un portal web que sirve para <strong>comunicar de forma gratuita experiencias de compra a empresas<\/strong> e instituciones de todo el mundo. Facilitamos la redacci\u00f3n (por Internet o tel\u00e9fono) y el env\u00edo de cartas de queja, felicitaci\u00f3n, pregunta o sugerencia de forma gratuita por correo postal, email o fax.\n\nEl proyecto surge por la necesidad que detectamos para que los consumidores pudieran comunicar sus experiencias de compra a las empresas y que por otra parte estas empresas recuperasen esa informaci\u00f3n \u00fatil para <strong>fidelizar o recuperar a sus clientes<\/strong>, adem\u00e1s de conocer los resultados de sus propios procesos, procedimientos y\/o productos. En  definitiva, una idea para mejorar el mundo a trav\u00e9s de las opiniones de los consumidores, que en definitiva, somos todos.<strong> <\/strong>\n<h3><strong>2. <\/strong><strong>Las redes sociales se han convertido en un lugar muy propicio para quejarse de marcas y empresas. \u00bfQu\u00e9 papel cumple y c\u00f3mo complementa vuestra web a estos soportes?<\/strong><\/h3>\nLaExperiencia.com no es una red social en s\u00ed, de momento, pero s\u00ed est\u00e1 relacionada con ellas. LaExperiencia.com es una herramienta que le <strong>permite al usuario organizar, gestionar y enviar cartas a trav\u00e9s de correo electr\u00f3nico, fax y\/o correo postal <\/strong>con una important\u00edsima ayuda en la redacci\u00f3n de la carta.  De esta forma el usuario no tendr\u00e1 que pensar en c\u00f3mo redactar la carta formal, ya que le aportamos modelos en los que s\u00f3lo necesita concretar el asunto de la carta. Despu\u00e9s solamente hay que seleccionar algunas opciones en desplegables, lo que se simplifica enormemente el proceso.\n\nEl usuario, a la vez que env\u00eda la carta, podr\u00e1 comentar o <strong>enlazar su modelo de carta a trav\u00e9s de las redes sociales<\/strong> m\u00e1s conocidas. Nuestra herramienta sirve para que los consumidores hagan fuerza de manera transparente a la empresa, porque para nosotros es tan importante proveer de medios de comunicaci\u00f3n a los usuarios\/consumidores como ofrecer un medio de recepci\u00f3n y capacidad de r\u00e9plica a las empresas. Al fin y al cabo es una transparencia mutua.<strong> <\/strong>\n<h3><strong>3. <\/strong><strong>A veces subestimamos el poder del usuario y no intervenimos en situaciones en las que se habla mal de nuestra marca. \u00bfCrees que las empresas a\u00fan no se dan cuenta de lo que esto supone o quiz\u00e1 el problema es que no saben c\u00f3mo acceder a estas opiniones?<\/strong><\/h3>\nCreo que poco a poco \u2018todos\u2019 <strong>somos m\u00e1s conscientes del poder de la opini\u00f3n de los usuarios<\/strong> y consumidores. A trav\u00e9s de las redes sociales, tenemos varios ejemplos significantes. Las empresas comienzan a darse cuenta de lo que puede suponer y supone, pero el gran problema es que en muchos casos, <strong>ni saben ni tienen medios para recuperar esa informaci\u00f3n <\/strong>a base de opiniones, quejas, preguntas o incluso alabanzas.\n\nPor eso, nacemos en el momento m\u00e1s oportuno para dar este servicio, en el que <strong>las empresas necesitan m\u00e1s que nunca saber qu\u00e9 opinan sus clientes<\/strong> sobre sus productos y servicios, para fidelizarlos y evitar que se vayan a la competencia, especialmente en momentos crisis como en el vivimos.\n<h3><strong> <\/strong><strong>4. \u00bfCu\u00e1l      ha sido la mayor dificultad con la que os hab\u00e9is encontrado al lanzar este      proyecto?<\/strong><\/h3>\n<strong> <\/strong>\n\nFinanciaci\u00f3n, tiempo y recursos. Obviamente los tres est\u00e1n estrechamente relacionados, pero dadas las caracter\u00edsticas del proyecto, se necesita una financiaci\u00f3n suficiente para poder conseguir los recursos necesarios para llevar a cabo el proyecto en el menor tiempo posible, y todo ello en los tiempos que corren es complicado, pero poco a poco lo estamos consiguiendo.\n\n<strong> <\/strong>\n<h3><strong> <\/strong><strong>5. Siendo      una web de experiencias \u00bfdispon\u00e9is de un servicio en el que se pueda      opinar de vuestro portal?<\/strong><\/h3>\n<strong> <\/strong>\n\nPor supuesto, nosotros somos una empresa o servicio m\u00e1s, de manera que los usuarios pueden enviarnos una carta de QAPS (Queja, Alabanza, Pregunta o Sugerencia) desde el propio portal, directamente a trav\u00e9s de la secci\u00f3n \u00a8Contacto\u00a8, donde incluimos nuestros contactos en las diferentes redes sociales as\u00ed como un modelo predeterminado de carta dependiendo del tipo de carta seleccionada, o redactando una carta con el modelo gen\u00e9rico correspondiente como una empresa m\u00e1s.<strong> <\/strong>\n<h3><strong>6. \u00bfCrees      que la formaci\u00f3n es importante para que un emprendedor se sienta m\u00e1s      seguro de s\u00ed mismo y saque adelante sus proyectos?<\/strong><\/h3>\nSin duda, <strong>a priori un emprendedor s\u00f3lo piensa y se centra en su idea<\/strong>, pero alrededor de \u00e9sta existe un determinado sector, una sociedad, modelo de negocio, mercado, tendencias, situaciones sociales, econ\u00f3micas, pol\u00edticas, funcionales, etc. que pueden condicionar tu proyecto. Por otro lado hay que tener en cuenta todo aquello relevante para la consecuci\u00f3n del proyecto, y que no tiene que ver directamente con \u00e9l como son tramitaciones, asuntos fiscales, jur\u00eddicos o empresariales, de manera que <strong>la <a href=\"http:\/\/www.iebschool.com\/programas\/emprendedores\/\" target=\"_blank\" rel=\"noopener\">formaci\u00f3n especializada para emprendedores<\/a> creo que es importante para que, la idea y posteriomente el proyecto llegue a dar fruto<\/strong> de manera satisfactoria. Por supuesto no hace falta llegar a ser experto en cada una de las materias, pero s\u00ed tener el suficiente background para saber qu\u00e9 quieres, qu\u00e9 tienes y qu\u00e9 necesitas para conseguirlo.","protected":false},"excerpt":{"rendered":"","protected":false},"author":8,"featured_media":0,"comment_status":"open","ping_status":"open","sticky":false,"template":"","format":"standard","meta":{"footnotes":""},"categories":[5],"tags":[19,95],"class_list":["post-903","post","type-post","status-publish","format-standard","hentry","category-entrevista-alumnos","tag-alumnos-emprendedores","tag-entrevista-alumnos-2"],"yoast_head":"<!-- This site is optimized with the Yoast SEO Premium plugin v23.9 (Yoast SEO v24.6) - https:\/\/yoast.com\/wordpress\/plugins\/seo\/ -->\n<title>David Vaquero, director t\u00e9cnico de LaExperiencia.com: &quot;la formaci\u00f3n especializada para emprendedores es b\u00e1sica para que el proyecto llegue a dar fruto&quot; - Sala de Prensa<\/title>\n<meta name=\"description\" content=\"Hoy entrevistamos a David Vaquero, ex alumno de IEBS y una de las caras t\u00e9cnicas de LaExperiencia.com, un proyecto innovador a trav\u00e9s del cual los\" \/>\n<meta name=\"robots\" content=\"index, follow, max-snippet:-1, max-image-preview:large, max-video-preview:-1\" \/>\n<link rel=\"canonical\" href=\"https:\/\/www.iebschool.com\/saladeprensa\/2011\/09\/20\/david-vaquero-director-tecnico-de-laexperiencia-com-la-formacion-especializada-para-emprendedores-es-basica-para-que-el-proyecto-llegue-a-dar-fruto\/\" \/>\n<meta property=\"og:locale\" content=\"es_ES\" \/>\n<meta property=\"og:type\" content=\"article\" \/>\n<meta property=\"og:title\" content=\"David Vaquero, director t\u00e9cnico de LaExperiencia.com: &quot;la formaci\u00f3n especializada para emprendedores es b\u00e1sica para que el proyecto llegue a dar fruto&quot;\" \/>\n<meta property=\"og:description\" content=\"Hoy entrevistamos a David Vaquero, ex alumno de IEBS y una de las caras t\u00e9cnicas de LaExperiencia.com, un proyecto innovador a trav\u00e9s del cual los\" \/>\n<meta property=\"og:url\" content=\"https:\/\/www.iebschool.com\/saladeprensa\/2011\/09\/20\/david-vaquero-director-tecnico-de-laexperiencia-com-la-formacion-especializada-para-emprendedores-es-basica-para-que-el-proyecto-llegue-a-dar-fruto\/\" \/>\n<meta property=\"og:site_name\" content=\"Sala de Prensa\" \/>\n<meta property=\"article:published_time\" content=\"2011-09-20T13:51:13+00:00\" \/>\n<meta property=\"article:modified_time\" content=\"2024-10-02T19:33:46+00:00\" \/>\n<meta property=\"og:image\" content=\"https:\/\/www.iebschool.com\/blog\/wp-content\/uploads\/2011\/09\/david-vaquero.jpg\" \/>\n<meta name=\"author\" content=\"Eva Rodriguez Alvarez\" \/>\n<meta name=\"twitter:card\" content=\"summary_large_image\" \/>\n<meta name=\"twitter:label1\" content=\"Escrito por\" \/>\n\t<meta name=\"twitter:data1\" content=\"Eva Rodriguez Alvarez\" \/>\n\t<meta name=\"twitter:label2\" content=\"Tiempo de lectura\" \/>\n\t<meta name=\"twitter:data2\" content=\"5 minutos\" \/>\n<script type=\"application\/ld+json\" class=\"yoast-schema-graph\">{\"@context\":\"https:\/\/schema.org\",\"@graph\":[{\"@type\":\"Article\",\"@id\":\"https:\/\/www.iebschool.com\/saladeprensa\/2011\/09\/20\/david-vaquero-director-tecnico-de-laexperiencia-com-la-formacion-especializada-para-emprendedores-es-basica-para-que-el-proyecto-llegue-a-dar-fruto\/#article\",\"isPartOf\":{\"@id\":\"https:\/\/www.iebschool.com\/saladeprensa\/2011\/09\/20\/david-vaquero-director-tecnico-de-laexperiencia-com-la-formacion-especializada-para-emprendedores-es-basica-para-que-el-proyecto-llegue-a-dar-fruto\/\"},\"author\":{\"name\":\"Eva Rodriguez Alvarez\",\"@id\":\"https:\/\/www.iebschool.com\/saladeprensa\/#\/schema\/person\/9cca6e566c12dfa24b322fbb1cf5296a\"},\"headline\":\"David Vaquero, director t\u00e9cnico de LaExperiencia.com: \u00abla formaci\u00f3n especializada para emprendedores es b\u00e1sica para que el proyecto llegue a dar fruto\u00bb\",\"datePublished\":\"2011-09-20T13:51:13+00:00\",\"dateModified\":\"2024-10-02T19:33:46+00:00\",\"mainEntityOfPage\":{\"@id\":\"https:\/\/www.iebschool.com\/saladeprensa\/2011\/09\/20\/david-vaquero-director-tecnico-de-laexperiencia-com-la-formacion-especializada-para-emprendedores-es-basica-para-que-el-proyecto-llegue-a-dar-fruto\/\"},\"wordCount\":1016,\"commentCount\":0,\"publisher\":{\"@id\":\"https:\/\/www.iebschool.com\/saladeprensa\/#organization\"},\"image\":{\"@id\":\"https:\/\/www.iebschool.com\/saladeprensa\/2011\/09\/20\/david-vaquero-director-tecnico-de-laexperiencia-com-la-formacion-especializada-para-emprendedores-es-basica-para-que-el-proyecto-llegue-a-dar-fruto\/#primaryimage\"},\"thumbnailUrl\":\"https:\/\/www.iebschool.com\/blog\/wp-content\/uploads\/2011\/09\/david-vaquero.jpg\",\"keywords\":[\"Alumnos Emprendedores\",\"Entrevista Alumnos\"],\"articleSection\":[\"Hablan nuestros alumnos\"],\"inLanguage\":\"es\",\"potentialAction\":[{\"@type\":\"CommentAction\",\"name\":\"Comment\",\"target\":[\"https:\/\/www.iebschool.com\/saladeprensa\/2011\/09\/20\/david-vaquero-director-tecnico-de-laexperiencia-com-la-formacion-especializada-para-emprendedores-es-basica-para-que-el-proyecto-llegue-a-dar-fruto\/#respond\"]}]},{\"@type\":\"WebPage\",\"@id\":\"https:\/\/www.iebschool.com\/saladeprensa\/2011\/09\/20\/david-vaquero-director-tecnico-de-laexperiencia-com-la-formacion-especializada-para-emprendedores-es-basica-para-que-el-proyecto-llegue-a-dar-fruto\/\",\"url\":\"https:\/\/www.iebschool.com\/saladeprensa\/2011\/09\/20\/david-vaquero-director-tecnico-de-laexperiencia-com-la-formacion-especializada-para-emprendedores-es-basica-para-que-el-proyecto-llegue-a-dar-fruto\/\",\"name\":\"David Vaquero, director t\u00e9cnico de LaExperiencia.com: \\\"la formaci\u00f3n especializada para emprendedores es b\u00e1sica para que el proyecto llegue a dar fruto\\\" - Sala de Prensa\",\"isPartOf\":{\"@id\":\"https:\/\/www.iebschool.com\/saladeprensa\/#website\"},\"primaryImageOfPage\":{\"@id\":\"https:\/\/www.iebschool.com\/saladeprensa\/2011\/09\/20\/david-vaquero-director-tecnico-de-laexperiencia-com-la-formacion-especializada-para-emprendedores-es-basica-para-que-el-proyecto-llegue-a-dar-fruto\/#primaryimage\"},\"image\":{\"@id\":\"https:\/\/www.iebschool.com\/saladeprensa\/2011\/09\/20\/david-vaquero-director-tecnico-de-laexperiencia-com-la-formacion-especializada-para-emprendedores-es-basica-para-que-el-proyecto-llegue-a-dar-fruto\/#primaryimage\"},\"thumbnailUrl\":\"https:\/\/www.iebschool.com\/blog\/wp-content\/uploads\/2011\/09\/david-vaquero.jpg\",\"datePublished\":\"2011-09-20T13:51:13+00:00\",\"dateModified\":\"2024-10-02T19:33:46+00:00\",\"description\":\"Hoy entrevistamos a David Vaquero, ex alumno de IEBS y una de las caras t\u00e9cnicas de LaExperiencia.com, un proyecto innovador a trav\u00e9s del cual los\",\"breadcrumb\":{\"@id\":\"https:\/\/www.iebschool.com\/saladeprensa\/2011\/09\/20\/david-vaquero-director-tecnico-de-laexperiencia-com-la-formacion-especializada-para-emprendedores-es-basica-para-que-el-proyecto-llegue-a-dar-fruto\/#breadcrumb\"},\"inLanguage\":\"es\",\"potentialAction\":[{\"@type\":\"ReadAction\",\"target\":[\"https:\/\/www.iebschool.com\/saladeprensa\/2011\/09\/20\/david-vaquero-director-tecnico-de-laexperiencia-com-la-formacion-especializada-para-emprendedores-es-basica-para-que-el-proyecto-llegue-a-dar-fruto\/\"]}]},{\"@type\":\"ImageObject\",\"inLanguage\":\"es\",\"@id\":\"https:\/\/www.iebschool.com\/saladeprensa\/2011\/09\/20\/david-vaquero-director-tecnico-de-laexperiencia-com-la-formacion-especializada-para-emprendedores-es-basica-para-que-el-proyecto-llegue-a-dar-fruto\/#primaryimage\",\"url\":\"https:\/\/www.iebschool.com\/blog\/wp-content\/uploads\/2011\/09\/david-vaquero.jpg\",\"contentUrl\":\"https:\/\/www.iebschool.com\/blog\/wp-content\/uploads\/2011\/09\/david-vaquero.jpg\"},{\"@type\":\"BreadcrumbList\",\"@id\":\"https:\/\/www.iebschool.com\/saladeprensa\/2011\/09\/20\/david-vaquero-director-tecnico-de-laexperiencia-com-la-formacion-especializada-para-emprendedores-es-basica-para-que-el-proyecto-llegue-a-dar-fruto\/#breadcrumb\",\"itemListElement\":[{\"@type\":\"ListItem\",\"position\":1,\"name\":\"Portada\",\"item\":\"https:\/\/www.iebschool.com\/saladeprensa\/\"},{\"@type\":\"ListItem\",\"position\":2,\"name\":\"David Vaquero, director t\u00e9cnico de LaExperiencia.com: \u00abla formaci\u00f3n especializada para emprendedores es b\u00e1sica para que el proyecto llegue a dar fruto\u00bb\"}]},{\"@type\":\"WebSite\",\"@id\":\"https:\/\/www.iebschool.com\/saladeprensa\/#website\",\"url\":\"https:\/\/www.iebschool.com\/saladeprensa\/\",\"name\":\"Sala de Prensa\",\"description\":\"IEBS\",\"publisher\":{\"@id\":\"https:\/\/www.iebschool.com\/saladeprensa\/#organization\"},\"potentialAction\":[{\"@type\":\"SearchAction\",\"target\":{\"@type\":\"EntryPoint\",\"urlTemplate\":\"https:\/\/www.iebschool.com\/saladeprensa\/?s={search_term_string}\"},\"query-input\":{\"@type\":\"PropertyValueSpecification\",\"valueRequired\":true,\"valueName\":\"search_term_string\"}}],\"inLanguage\":\"es\"},{\"@type\":\"Organization\",\"@id\":\"https:\/\/www.iebschool.com\/saladeprensa\/#organization\",\"name\":\"Sala de Prensa\",\"url\":\"https:\/\/www.iebschool.com\/saladeprensa\/\",\"logo\":{\"@type\":\"ImageObject\",\"inLanguage\":\"es\",\"@id\":\"https:\/\/www.iebschool.com\/saladeprensa\/#\/schema\/logo\/image\/\",\"url\":\"https:\/\/www.iebschool.com\/saladeprensa\/wp-content\/uploads\/2026\/02\/IEBS_Logo_BusinessSchool_1_Hor_Violeta-scaled.png\",\"contentUrl\":\"https:\/\/www.iebschool.com\/saladeprensa\/wp-content\/uploads\/2026\/02\/IEBS_Logo_BusinessSchool_1_Hor_Violeta-scaled.png\",\"width\":2560,\"height\":374,\"caption\":\"Sala de Prensa\"},\"image\":{\"@id\":\"https:\/\/www.iebschool.com\/saladeprensa\/#\/schema\/logo\/image\/\"}},{\"@type\":\"Person\",\"@id\":\"https:\/\/www.iebschool.com\/saladeprensa\/#\/schema\/person\/9cca6e566c12dfa24b322fbb1cf5296a\",\"name\":\"Eva Rodriguez Alvarez\",\"image\":{\"@type\":\"ImageObject\",\"inLanguage\":\"es\",\"@id\":\"https:\/\/www.iebschool.com\/saladeprensa\/#\/schema\/person\/image\/\",\"url\":\"https:\/\/secure.gravatar.com\/avatar\/426bf2aca95ba540998e613554bc6cc611691f74af0502a51dbceefbf44178b4?s=96&d=mm&r=g\",\"contentUrl\":\"https:\/\/secure.gravatar.com\/avatar\/426bf2aca95ba540998e613554bc6cc611691f74af0502a51dbceefbf44178b4?s=96&d=mm&r=g\",\"caption\":\"Eva Rodriguez Alvarez\"},\"url\":\"https:\/\/www.iebschool.com\/saladeprensa\/author\/evarodrialgmail-com\/\"}]}<\/script>\n<!-- \/ Yoast SEO Premium plugin. -->","yoast_head_json":{"title":"David Vaquero, director t\u00e9cnico de LaExperiencia.com: \"la formaci\u00f3n especializada para emprendedores es b\u00e1sica para que el proyecto llegue a dar fruto\" - Sala de Prensa","description":"Hoy entrevistamos a David Vaquero, ex alumno de IEBS y una de las caras t\u00e9cnicas de LaExperiencia.com, un proyecto innovador a trav\u00e9s del cual los","robots":{"index":"index","follow":"follow","max-snippet":"max-snippet:-1","max-image-preview":"max-image-preview:large","max-video-preview":"max-video-preview:-1"},"canonical":"https:\/\/www.iebschool.com\/saladeprensa\/2011\/09\/20\/david-vaquero-director-tecnico-de-laexperiencia-com-la-formacion-especializada-para-emprendedores-es-basica-para-que-el-proyecto-llegue-a-dar-fruto\/","og_locale":"es_ES","og_type":"article","og_title":"David Vaquero, director t\u00e9cnico de LaExperiencia.com: \"la formaci\u00f3n especializada para emprendedores es b\u00e1sica para que el proyecto llegue a dar fruto\"","og_description":"Hoy entrevistamos a David Vaquero, ex alumno de IEBS y una de las caras t\u00e9cnicas de LaExperiencia.com, un proyecto innovador a trav\u00e9s del cual los","og_url":"https:\/\/www.iebschool.com\/saladeprensa\/2011\/09\/20\/david-vaquero-director-tecnico-de-laexperiencia-com-la-formacion-especializada-para-emprendedores-es-basica-para-que-el-proyecto-llegue-a-dar-fruto\/","og_site_name":"Sala de Prensa","article_published_time":"2011-09-20T13:51:13+00:00","article_modified_time":"2024-10-02T19:33:46+00:00","og_image":[{"url":"https:\/\/www.iebschool.com\/blog\/wp-content\/uploads\/2011\/09\/david-vaquero.jpg","type":"","width":"","height":""}],"author":"Eva Rodriguez Alvarez","twitter_card":"summary_large_image","twitter_misc":{"Escrito por":"Eva Rodriguez Alvarez","Tiempo de lectura":"5 minutos"},"schema":{"@context":"https:\/\/schema.org","@graph":[{"@type":"Article","@id":"https:\/\/www.iebschool.com\/saladeprensa\/2011\/09\/20\/david-vaquero-director-tecnico-de-laexperiencia-com-la-formacion-especializada-para-emprendedores-es-basica-para-que-el-proyecto-llegue-a-dar-fruto\/#article","isPartOf":{"@id":"https:\/\/www.iebschool.com\/saladeprensa\/2011\/09\/20\/david-vaquero-director-tecnico-de-laexperiencia-com-la-formacion-especializada-para-emprendedores-es-basica-para-que-el-proyecto-llegue-a-dar-fruto\/"},"author":{"name":"Eva Rodriguez Alvarez","@id":"https:\/\/www.iebschool.com\/saladeprensa\/#\/schema\/person\/9cca6e566c12dfa24b322fbb1cf5296a"},"headline":"David Vaquero, director t\u00e9cnico de LaExperiencia.com: \u00abla formaci\u00f3n especializada para emprendedores es b\u00e1sica para que el proyecto llegue a dar fruto\u00bb","datePublished":"2011-09-20T13:51:13+00:00","dateModified":"2024-10-02T19:33:46+00:00","mainEntityOfPage":{"@id":"https:\/\/www.iebschool.com\/saladeprensa\/2011\/09\/20\/david-vaquero-director-tecnico-de-laexperiencia-com-la-formacion-especializada-para-emprendedores-es-basica-para-que-el-proyecto-llegue-a-dar-fruto\/"},"wordCount":1016,"commentCount":0,"publisher":{"@id":"https:\/\/www.iebschool.com\/saladeprensa\/#organization"},"image":{"@id":"https:\/\/www.iebschool.com\/saladeprensa\/2011\/09\/20\/david-vaquero-director-tecnico-de-laexperiencia-com-la-formacion-especializada-para-emprendedores-es-basica-para-que-el-proyecto-llegue-a-dar-fruto\/#primaryimage"},"thumbnailUrl":"https:\/\/www.iebschool.com\/blog\/wp-content\/uploads\/2011\/09\/david-vaquero.jpg","keywords":["Alumnos Emprendedores","Entrevista Alumnos"],"articleSection":["Hablan nuestros alumnos"],"inLanguage":"es","potentialAction":[{"@type":"CommentAction","name":"Comment","target":["https:\/\/www.iebschool.com\/saladeprensa\/2011\/09\/20\/david-vaquero-director-tecnico-de-laexperiencia-com-la-formacion-especializada-para-emprendedores-es-basica-para-que-el-proyecto-llegue-a-dar-fruto\/#respond"]}]},{"@type":"WebPage","@id":"https:\/\/www.iebschool.com\/saladeprensa\/2011\/09\/20\/david-vaquero-director-tecnico-de-laexperiencia-com-la-formacion-especializada-para-emprendedores-es-basica-para-que-el-proyecto-llegue-a-dar-fruto\/","url":"https:\/\/www.iebschool.com\/saladeprensa\/2011\/09\/20\/david-vaquero-director-tecnico-de-laexperiencia-com-la-formacion-especializada-para-emprendedores-es-basica-para-que-el-proyecto-llegue-a-dar-fruto\/","name":"David Vaquero, director t\u00e9cnico de LaExperiencia.com: \"la formaci\u00f3n especializada para emprendedores es b\u00e1sica para que el proyecto llegue a dar fruto\" - Sala de Prensa","isPartOf":{"@id":"https:\/\/www.iebschool.com\/saladeprensa\/#website"},"primaryImageOfPage":{"@id":"https:\/\/www.iebschool.com\/saladeprensa\/2011\/09\/20\/david-vaquero-director-tecnico-de-laexperiencia-com-la-formacion-especializada-para-emprendedores-es-basica-para-que-el-proyecto-llegue-a-dar-fruto\/#primaryimage"},"image":{"@id":"https:\/\/www.iebschool.com\/saladeprensa\/2011\/09\/20\/david-vaquero-director-tecnico-de-laexperiencia-com-la-formacion-especializada-para-emprendedores-es-basica-para-que-el-proyecto-llegue-a-dar-fruto\/#primaryimage"},"thumbnailUrl":"https:\/\/www.iebschool.com\/blog\/wp-content\/uploads\/2011\/09\/david-vaquero.jpg","datePublished":"2011-09-20T13:51:13+00:00","dateModified":"2024-10-02T19:33:46+00:00","description":"Hoy entrevistamos a David Vaquero, ex alumno de IEBS y una de las caras t\u00e9cnicas de LaExperiencia.com, un proyecto innovador a trav\u00e9s del cual los","breadcrumb":{"@id":"https:\/\/www.iebschool.com\/saladeprensa\/2011\/09\/20\/david-vaquero-director-tecnico-de-laexperiencia-com-la-formacion-especializada-para-emprendedores-es-basica-para-que-el-proyecto-llegue-a-dar-fruto\/#breadcrumb"},"inLanguage":"es","potentialAction":[{"@type":"ReadAction","target":["https:\/\/www.iebschool.com\/saladeprensa\/2011\/09\/20\/david-vaquero-director-tecnico-de-laexperiencia-com-la-formacion-especializada-para-emprendedores-es-basica-para-que-el-proyecto-llegue-a-dar-fruto\/"]}]},{"@type":"ImageObject","inLanguage":"es","@id":"https:\/\/www.iebschool.com\/saladeprensa\/2011\/09\/20\/david-vaquero-director-tecnico-de-laexperiencia-com-la-formacion-especializada-para-emprendedores-es-basica-para-que-el-proyecto-llegue-a-dar-fruto\/#primaryimage","url":"https:\/\/www.iebschool.com\/blog\/wp-content\/uploads\/2011\/09\/david-vaquero.jpg","contentUrl":"https:\/\/www.iebschool.com\/blog\/wp-content\/uploads\/2011\/09\/david-vaquero.jpg"},{"@type":"BreadcrumbList","@id":"https:\/\/www.iebschool.com\/saladeprensa\/2011\/09\/20\/david-vaquero-director-tecnico-de-laexperiencia-com-la-formacion-especializada-para-emprendedores-es-basica-para-que-el-proyecto-llegue-a-dar-fruto\/#breadcrumb","itemListElement":[{"@type":"ListItem","position":1,"name":"Portada","item":"https:\/\/www.iebschool.com\/saladeprensa\/"},{"@type":"ListItem","position":2,"name":"David Vaquero, director t\u00e9cnico de LaExperiencia.com: \u00abla formaci\u00f3n especializada para emprendedores es b\u00e1sica para que el proyecto llegue a dar fruto\u00bb"}]},{"@type":"WebSite","@id":"https:\/\/www.iebschool.com\/saladeprensa\/#website","url":"https:\/\/www.iebschool.com\/saladeprensa\/","name":"Sala de Prensa","description":"IEBS","publisher":{"@id":"https:\/\/www.iebschool.com\/saladeprensa\/#organization"},"potentialAction":[{"@type":"SearchAction","target":{"@type":"EntryPoint","urlTemplate":"https:\/\/www.iebschool.com\/saladeprensa\/?s={search_term_string}"},"query-input":{"@type":"PropertyValueSpecification","valueRequired":true,"valueName":"search_term_string"}}],"inLanguage":"es"},{"@type":"Organization","@id":"https:\/\/www.iebschool.com\/saladeprensa\/#organization","name":"Sala de Prensa","url":"https:\/\/www.iebschool.com\/saladeprensa\/","logo":{"@type":"ImageObject","inLanguage":"es","@id":"https:\/\/www.iebschool.com\/saladeprensa\/#\/schema\/logo\/image\/","url":"https:\/\/www.iebschool.com\/saladeprensa\/wp-content\/uploads\/2026\/02\/IEBS_Logo_BusinessSchool_1_Hor_Violeta-scaled.png","contentUrl":"https:\/\/www.iebschool.com\/saladeprensa\/wp-content\/uploads\/2026\/02\/IEBS_Logo_BusinessSchool_1_Hor_Violeta-scaled.png","width":2560,"height":374,"caption":"Sala de Prensa"},"image":{"@id":"https:\/\/www.iebschool.com\/saladeprensa\/#\/schema\/logo\/image\/"}},{"@type":"Person","@id":"https:\/\/www.iebschool.com\/saladeprensa\/#\/schema\/person\/9cca6e566c12dfa24b322fbb1cf5296a","name":"Eva Rodriguez Alvarez","image":{"@type":"ImageObject","inLanguage":"es","@id":"https:\/\/www.iebschool.com\/saladeprensa\/#\/schema\/person\/image\/","url":"https:\/\/secure.gravatar.com\/avatar\/426bf2aca95ba540998e613554bc6cc611691f74af0502a51dbceefbf44178b4?s=96&d=mm&r=g","contentUrl":"https:\/\/secure.gravatar.com\/avatar\/426bf2aca95ba540998e613554bc6cc611691f74af0502a51dbceefbf44178b4?s=96&d=mm&r=g","caption":"Eva Rodriguez Alvarez"},"url":"https:\/\/www.iebschool.com\/saladeprensa\/author\/evarodrialgmail-com\/"}]}},"image_thumbnail":"https:\/\/www.iebschool.com\/saladeprensa\/wp-includes\/images\/media\/default.svg","image_full":"https:\/\/www.iebschool.com\/saladeprensa\/wp-includes\/images\/media\/default.svg","categoria":{"nombre":"Hablan nuestros alumnos","slug":"category\/entrevista-alumnos"},"_links":{"self":[{"href":"https:\/\/www.iebschool.com\/saladeprensa\/wp-json\/wp\/v2\/posts\/903","targetHints":{"allow":["GET"]}}],"collection":[{"href":"https:\/\/www.iebschool.com\/saladeprensa\/wp-json\/wp\/v2\/posts"}],"about":[{"href":"https:\/\/www.iebschool.com\/saladeprensa\/wp-json\/wp\/v2\/types\/post"}],"author":[{"embeddable":true,"href":"https:\/\/www.iebschool.com\/saladeprensa\/wp-json\/wp\/v2\/users\/8"}],"replies":[{"embeddable":true,"href":"https:\/\/www.iebschool.com\/saladeprensa\/wp-json\/wp\/v2\/comments?post=903"}],"version-history":[{"count":1,"href":"https:\/\/www.iebschool.com\/saladeprensa\/wp-json\/wp\/v2\/posts\/903\/revisions"}],"predecessor-version":[{"id":5798,"href":"https:\/\/www.iebschool.com\/saladeprensa\/wp-json\/wp\/v2\/posts\/903\/revisions\/5798"}],"wp:attachment":[{"href":"https:\/\/www.iebschool.com\/saladeprensa\/wp-json\/wp\/v2\/media?parent=903"}],"wp:term":[{"taxonomy":"category","embeddable":true,"href":"https:\/\/www.iebschool.com\/saladeprensa\/wp-json\/wp\/v2\/categories?post=903"},{"taxonomy":"post_tag","embeddable":true,"href":"https:\/\/www.iebschool.com\/saladeprensa\/wp-json\/wp\/v2\/tags?post=903"}],"curies":[{"name":"wp","href":"https:\/\/api.w.org\/{rel}","templated":true}]}}