{"id":915,"date":"2011-12-20T15:56:12","date_gmt":"2011-12-20T13:56:12","guid":{"rendered":"http:\/\/comunidad.iebschool.com\/saladeprensa\/?p=915"},"modified":"2025-03-07T10:35:46","modified_gmt":"2025-03-07T10:35:46","slug":"alejandro-caballero-fundador-de-ebook-teca-y-premio-iebs-aje-no-todos-pueden-ser-funcionarios-el-autoempleo-es-una-buena-opcion","status":"publish","type":"post","link":"https:\/\/www.iebschool.com\/saladeprensa\/2011\/12\/20\/alejandro-caballero-fundador-de-ebook-teca-y-premio-iebs-aje-no-todos-pueden-ser-funcionarios-el-autoempleo-es-una-buena-opcion\/","title":{"rendered":"Alejandro Caballero, fundador de Ebook-teca y premio IEBS-AJE: \u00abno todos pueden ser funcionarios, el autoempleo es una buena opci\u00f3n\u00bb"},"content":{"rendered":"<img class=\"alignleft size-full wp-image-1901\" title=\"Alejandro Caballero AJE\" src=\"https:\/\/www.iebschool.com\/blog\/wp-content\/uploads\/2011\/12\/Alejandro-Caballero-AJE.jpg\" alt=\"\" width=\"300\" height=\"250\" \/>Emprender es algo que cada vez <em>s<\/em>e hace m\u00e1s temprano. Las nuevas generaciones se van abriendo paso y ya <strong>no tienen miedo de arriesgarse<\/strong> para poner en marcha proyectos propios. No hace falta haber acabado la universidad, ni los estudios.\n\n<strong>Alejandro Caballero<\/strong> es uno de los que ha comenzado pronto y a pesar de haber obtenido hace s\u00f3lo un a\u00f1o la Doble titulaci\u00f3n de Derecho y Empresariales, ya tiene su propia empresa: eBook-teca<strong>, una librer\u00eda online de ebooks<\/strong>, que re\u00fane publicaciones acad\u00e9micas para facilitar el acceso a estudiantes y lectores en general. En reconocimiento a su labor, IEBS y AJE Andaluc\u00eda le otorgaron el Premio al Emprendedor Universitario, por el que <strong>cursar\u00e1 el Master de Emprendedores<\/strong> en neustra escuela de negocios.\n<ul>\n \t<li><strong>\u00bfC\u00f3mo naci\u00f3 eBook-teca y cu\u00e1l es su prop\u00f3sito?<\/strong><\/li>\n<\/ul>\neBook-teca naci\u00f3 como un proyecto de la asignatura Creaci\u00f3n de Empresas, de la Doble Titulaci\u00f3n Derecho y Empresariales de la Universidad de C\u00e1diz, en la que se ped\u00eda que se realizara un plan de empresa de una idea novedosa. Al equipo de eBook-teca, que \u00e9ramos alumnos y compa\u00f1eros de la carrera, nos pareci\u00f3 buena idea aunar las nuevas tecnolog\u00edas junto con la lectura, d\u00e1ndole el punto diferenciador de la plataforma universitaria.\n\nNuestro prop\u00f3sito es aglutinar en nuestra plataforma universitaria las publicaciones digitales de todas las universidades espa\u00f1olas y la mayor cantidad posible de universidades latinoamericanas. A d\u00eda de hoy contamos con las publicaciones de 16 universidades espa\u00f1olas y varias de las universidades de M\u00e9xico y Colombia.\n<ul>\n \t<li><strong>\u00bfS\u00f3lo reun\u00eds publicaciones de tipo acad\u00e9mico o trabaj\u00e1is otros g\u00e9neros?<\/strong><\/li>\n<\/ul>\nA parte de la plataforma universitaria tambi\u00e9n disponemos de los ebooks que se pueden encontrar en cualquier librer\u00eda generalista, es decir, bestsellers, cuentos, novelas, gu\u00edas de viaje, etc.\n<ul>\n \t<li><strong>Vuestro equipo fundador est\u00e1 formado por tres j\u00f3venes emprendedores. \u00bfEscasean los emprendedores entre el colectivo universitario?<\/strong><\/li>\n<\/ul>\nLa verdad es que la situaci\u00f3n actual hace que las personas den un paso hacia atr\u00e1s ante la cantidad de impedimentos que hay a la hora de emprender, sobre todo en materia de financiaci\u00f3n. Muchos compa\u00f1eros de carrera han optado por estudiar para una oposici\u00f3n, pero la realidad es que no todo el mundo puede ser funcionario y ante la escasez de empleo que hay creo que una de las opciones que cada d\u00eda cobra m\u00e1s fuerza es el autoempleo.\n<ul>\n \t<li><strong>La implantaci\u00f3n del ebook est\u00e1 siendo lenta en el \u00e1mbito acad\u00e9mico. \u00bfQu\u00e9 pueden hacer las universidades para fomentar el uso del libro electr\u00f3nico?<\/strong><\/li>\n<\/ul>\nLo que podr\u00edan hacer las universidades ser\u00eda digitalizar su fondo bibliogr\u00e1fico y ofrecerlo a los alumnos en pr\u00e9stamo como los libros f\u00edsicos, al estilo de c\u00f3mo lo est\u00e1 haciendo la Universidad de M\u00e1laga.\n<ul>\n \t<li><strong>eBook-teca incluye un directorio de universidades donde podemos adquirir libros acad\u00e9micos en versi\u00f3n ebook. \u00bfQu\u00e9 acogida est\u00e1 teniendo este servicio?<\/strong><\/li>\n<\/ul>\nEste servicio ha tenido una t\u00edmida acogida en el primer a\u00f1o de vida de nuestra web, puesto que aun no est\u00e1 muy implantada la filosof\u00eda ebook entre los estudiantes. A pesar de ello, hemos tenido bastantes usuarios interesados en nuestra plataforma de cara al futuro.\n<ul>\n \t<li><strong>Es dif\u00edcil hacerse una idea de qu\u00e9 implica formar una empresa, hasta que intentamos crear una \u00bfCrees que esa falta de formaci\u00f3n es uno de los problemas a la hora de iniciar un proyecto?<\/strong><\/li>\n<\/ul>\nHoy en d\u00eda, el principal problema a la hora de iniciar un proyecto empresarial es la falta de financiaci\u00f3n. El contexto social y econ\u00f3mico actual hace que haya una necesidad grande en cuanto a financiaci\u00f3n que las entidades bancarias no est\u00e1n cubriendo del todo.\n\nAun as\u00ed, con la crisis se est\u00e1 afianzando la posibilidad del autoempleo como una v\u00eda muy buena de crear puestos de trabajo. Ya hay asociaciones como AJE o instituciones como los CADE que suplen esa posible falta de formaci\u00f3n emprendedora.\n<ul>\n \t<li><strong>Hab\u00e9is ganado el premio de IEBS y AJE Andaluc\u00eda al Emprendedor Universitario y por ello, uno de vosotros cursar\u00e1 el Master de Emprendedores en nuestra escuela de negocios. \u00bfC\u00f3mo crees que puede ayudar este hecho en vuestra carrera y en la evoluci\u00f3n de eBook-teca?<\/strong><\/li>\n<\/ul>\nNos licenciamos el a\u00f1o pasado en Derecho y Empresariales y poseemos una formaci\u00f3n bastante amplia en todos los aspectos empresariales. Ahora bien, el master nos har\u00e1 profundizar nuestro conocimiento de estos temas y poder mejorar nuestra gesti\u00f3n al frente de eBook-teca. Por lo tanto, es innegable que el master supone una gran oportunidad para seguir creciendo como emprendedores y gestores de empresas.","protected":false},"excerpt":{"rendered":"","protected":false},"author":8,"featured_media":0,"comment_status":"open","ping_status":"open","sticky":false,"template":"","format":"standard","meta":{"footnotes":""},"categories":[5],"tags":[19,95],"class_list":["post-915","post","type-post","status-publish","format-standard","hentry","category-entrevista-alumnos","tag-alumnos-emprendedores","tag-entrevista-alumnos-2"],"yoast_head":"<!-- This site is optimized with the Yoast SEO Premium plugin v23.9 (Yoast SEO v24.6) - https:\/\/yoast.com\/wordpress\/plugins\/seo\/ -->\n<title>Alejandro Caballero, fundador de Ebook-teca y premio IEBS-AJE: &quot;no todos pueden ser funcionarios, el autoempleo es una buena opci\u00f3n&quot; - Sala de Prensa<\/title>\n<meta name=\"description\" content=\"Emprender es algo que cada vez se hace m\u00e1s temprano. Las nuevas generaciones se van abriendo paso y ya no tienen miedo de arriesgarse para poner en marcha\" \/>\n<meta name=\"robots\" content=\"index, follow, max-snippet:-1, max-image-preview:large, max-video-preview:-1\" \/>\n<link rel=\"canonical\" href=\"https:\/\/www.iebschool.com\/saladeprensa\/2011\/12\/20\/alejandro-caballero-fundador-de-ebook-teca-y-premio-iebs-aje-no-todos-pueden-ser-funcionarios-el-autoempleo-es-una-buena-opcion\/\" \/>\n<meta property=\"og:locale\" content=\"es_ES\" \/>\n<meta property=\"og:type\" content=\"article\" \/>\n<meta property=\"og:title\" content=\"Alejandro Caballero, fundador de Ebook-teca y premio IEBS-AJE: &quot;no todos pueden ser funcionarios, el autoempleo es una buena opci\u00f3n&quot;\" \/>\n<meta property=\"og:description\" content=\"Emprender es algo que cada vez se hace m\u00e1s temprano. Las nuevas generaciones se van abriendo paso y ya no tienen miedo de arriesgarse para poner en marcha\" \/>\n<meta property=\"og:url\" content=\"https:\/\/www.iebschool.com\/saladeprensa\/2011\/12\/20\/alejandro-caballero-fundador-de-ebook-teca-y-premio-iebs-aje-no-todos-pueden-ser-funcionarios-el-autoempleo-es-una-buena-opcion\/\" \/>\n<meta property=\"og:site_name\" content=\"Sala de Prensa\" \/>\n<meta property=\"article:published_time\" content=\"2011-12-20T13:56:12+00:00\" \/>\n<meta property=\"article:modified_time\" content=\"2025-03-07T10:35:46+00:00\" \/>\n<meta property=\"og:image\" content=\"https:\/\/www.iebschool.com\/blog\/wp-content\/uploads\/2011\/12\/Alejandro-Caballero-AJE.jpg\" \/>\n<meta name=\"author\" content=\"Eva Rodriguez Alvarez\" \/>\n<meta name=\"twitter:card\" content=\"summary_large_image\" \/>\n<meta name=\"twitter:label1\" content=\"Escrito por\" \/>\n\t<meta name=\"twitter:data1\" content=\"Eva Rodriguez Alvarez\" \/>\n\t<meta name=\"twitter:label2\" content=\"Tiempo de lectura\" \/>\n\t<meta name=\"twitter:data2\" content=\"4 minutos\" \/>\n<script type=\"application\/ld+json\" class=\"yoast-schema-graph\">{\"@context\":\"https:\/\/schema.org\",\"@graph\":[{\"@type\":\"Article\",\"@id\":\"https:\/\/www.iebschool.com\/saladeprensa\/2011\/12\/20\/alejandro-caballero-fundador-de-ebook-teca-y-premio-iebs-aje-no-todos-pueden-ser-funcionarios-el-autoempleo-es-una-buena-opcion\/#article\",\"isPartOf\":{\"@id\":\"https:\/\/www.iebschool.com\/saladeprensa\/2011\/12\/20\/alejandro-caballero-fundador-de-ebook-teca-y-premio-iebs-aje-no-todos-pueden-ser-funcionarios-el-autoempleo-es-una-buena-opcion\/\"},\"author\":{\"name\":\"Eva Rodriguez Alvarez\",\"@id\":\"https:\/\/www.iebschool.com\/saladeprensa\/#\/schema\/person\/9cca6e566c12dfa24b322fbb1cf5296a\"},\"headline\":\"Alejandro Caballero, fundador de Ebook-teca y premio IEBS-AJE: \u00abno todos pueden ser funcionarios, el autoempleo es una buena opci\u00f3n\u00bb\",\"datePublished\":\"2011-12-20T13:56:12+00:00\",\"dateModified\":\"2025-03-07T10:35:46+00:00\",\"mainEntityOfPage\":{\"@id\":\"https:\/\/www.iebschool.com\/saladeprensa\/2011\/12\/20\/alejandro-caballero-fundador-de-ebook-teca-y-premio-iebs-aje-no-todos-pueden-ser-funcionarios-el-autoempleo-es-una-buena-opcion\/\"},\"wordCount\":813,\"commentCount\":0,\"publisher\":{\"@id\":\"https:\/\/www.iebschool.com\/saladeprensa\/#organization\"},\"image\":{\"@id\":\"https:\/\/www.iebschool.com\/saladeprensa\/2011\/12\/20\/alejandro-caballero-fundador-de-ebook-teca-y-premio-iebs-aje-no-todos-pueden-ser-funcionarios-el-autoempleo-es-una-buena-opcion\/#primaryimage\"},\"thumbnailUrl\":\"https:\/\/www.iebschool.com\/blog\/wp-content\/uploads\/2011\/12\/Alejandro-Caballero-AJE.jpg\",\"keywords\":[\"Alumnos Emprendedores\",\"Entrevista Alumnos\"],\"articleSection\":[\"Hablan nuestros alumnos\"],\"inLanguage\":\"es\",\"potentialAction\":[{\"@type\":\"CommentAction\",\"name\":\"Comment\",\"target\":[\"https:\/\/www.iebschool.com\/saladeprensa\/2011\/12\/20\/alejandro-caballero-fundador-de-ebook-teca-y-premio-iebs-aje-no-todos-pueden-ser-funcionarios-el-autoempleo-es-una-buena-opcion\/#respond\"]}]},{\"@type\":\"WebPage\",\"@id\":\"https:\/\/www.iebschool.com\/saladeprensa\/2011\/12\/20\/alejandro-caballero-fundador-de-ebook-teca-y-premio-iebs-aje-no-todos-pueden-ser-funcionarios-el-autoempleo-es-una-buena-opcion\/\",\"url\":\"https:\/\/www.iebschool.com\/saladeprensa\/2011\/12\/20\/alejandro-caballero-fundador-de-ebook-teca-y-premio-iebs-aje-no-todos-pueden-ser-funcionarios-el-autoempleo-es-una-buena-opcion\/\",\"name\":\"Alejandro Caballero, fundador de Ebook-teca y premio IEBS-AJE: \\\"no todos pueden ser funcionarios, el autoempleo es una buena opci\u00f3n\\\" - Sala de Prensa\",\"isPartOf\":{\"@id\":\"https:\/\/www.iebschool.com\/saladeprensa\/#website\"},\"primaryImageOfPage\":{\"@id\":\"https:\/\/www.iebschool.com\/saladeprensa\/2011\/12\/20\/alejandro-caballero-fundador-de-ebook-teca-y-premio-iebs-aje-no-todos-pueden-ser-funcionarios-el-autoempleo-es-una-buena-opcion\/#primaryimage\"},\"image\":{\"@id\":\"https:\/\/www.iebschool.com\/saladeprensa\/2011\/12\/20\/alejandro-caballero-fundador-de-ebook-teca-y-premio-iebs-aje-no-todos-pueden-ser-funcionarios-el-autoempleo-es-una-buena-opcion\/#primaryimage\"},\"thumbnailUrl\":\"https:\/\/www.iebschool.com\/blog\/wp-content\/uploads\/2011\/12\/Alejandro-Caballero-AJE.jpg\",\"datePublished\":\"2011-12-20T13:56:12+00:00\",\"dateModified\":\"2025-03-07T10:35:46+00:00\",\"description\":\"Emprender es algo que cada vez se hace m\u00e1s temprano. Las nuevas generaciones se van abriendo paso y ya no tienen miedo de arriesgarse para poner en marcha\",\"breadcrumb\":{\"@id\":\"https:\/\/www.iebschool.com\/saladeprensa\/2011\/12\/20\/alejandro-caballero-fundador-de-ebook-teca-y-premio-iebs-aje-no-todos-pueden-ser-funcionarios-el-autoempleo-es-una-buena-opcion\/#breadcrumb\"},\"inLanguage\":\"es\",\"potentialAction\":[{\"@type\":\"ReadAction\",\"target\":[\"https:\/\/www.iebschool.com\/saladeprensa\/2011\/12\/20\/alejandro-caballero-fundador-de-ebook-teca-y-premio-iebs-aje-no-todos-pueden-ser-funcionarios-el-autoempleo-es-una-buena-opcion\/\"]}]},{\"@type\":\"ImageObject\",\"inLanguage\":\"es\",\"@id\":\"https:\/\/www.iebschool.com\/saladeprensa\/2011\/12\/20\/alejandro-caballero-fundador-de-ebook-teca-y-premio-iebs-aje-no-todos-pueden-ser-funcionarios-el-autoempleo-es-una-buena-opcion\/#primaryimage\",\"url\":\"https:\/\/www.iebschool.com\/blog\/wp-content\/uploads\/2011\/12\/Alejandro-Caballero-AJE.jpg\",\"contentUrl\":\"https:\/\/www.iebschool.com\/blog\/wp-content\/uploads\/2011\/12\/Alejandro-Caballero-AJE.jpg\"},{\"@type\":\"BreadcrumbList\",\"@id\":\"https:\/\/www.iebschool.com\/saladeprensa\/2011\/12\/20\/alejandro-caballero-fundador-de-ebook-teca-y-premio-iebs-aje-no-todos-pueden-ser-funcionarios-el-autoempleo-es-una-buena-opcion\/#breadcrumb\",\"itemListElement\":[{\"@type\":\"ListItem\",\"position\":1,\"name\":\"Portada\",\"item\":\"https:\/\/www.iebschool.com\/saladeprensa\/\"},{\"@type\":\"ListItem\",\"position\":2,\"name\":\"Alejandro Caballero, fundador de Ebook-teca y premio IEBS-AJE: \u00abno todos pueden ser funcionarios, el autoempleo es una buena opci\u00f3n\u00bb\"}]},{\"@type\":\"WebSite\",\"@id\":\"https:\/\/www.iebschool.com\/saladeprensa\/#website\",\"url\":\"https:\/\/www.iebschool.com\/saladeprensa\/\",\"name\":\"Sala de Prensa\",\"description\":\"IEBS\",\"publisher\":{\"@id\":\"https:\/\/www.iebschool.com\/saladeprensa\/#organization\"},\"potentialAction\":[{\"@type\":\"SearchAction\",\"target\":{\"@type\":\"EntryPoint\",\"urlTemplate\":\"https:\/\/www.iebschool.com\/saladeprensa\/?s={search_term_string}\"},\"query-input\":{\"@type\":\"PropertyValueSpecification\",\"valueRequired\":true,\"valueName\":\"search_term_string\"}}],\"inLanguage\":\"es\"},{\"@type\":\"Organization\",\"@id\":\"https:\/\/www.iebschool.com\/saladeprensa\/#organization\",\"name\":\"Sala de Prensa\",\"url\":\"https:\/\/www.iebschool.com\/saladeprensa\/\",\"logo\":{\"@type\":\"ImageObject\",\"inLanguage\":\"es\",\"@id\":\"https:\/\/www.iebschool.com\/saladeprensa\/#\/schema\/logo\/image\/\",\"url\":\"https:\/\/www.iebschool.com\/saladeprensa\/wp-content\/uploads\/2026\/02\/IEBS_Logo_BusinessSchool_1_Hor_Violeta-scaled.png\",\"contentUrl\":\"https:\/\/www.iebschool.com\/saladeprensa\/wp-content\/uploads\/2026\/02\/IEBS_Logo_BusinessSchool_1_Hor_Violeta-scaled.png\",\"width\":2560,\"height\":374,\"caption\":\"Sala de Prensa\"},\"image\":{\"@id\":\"https:\/\/www.iebschool.com\/saladeprensa\/#\/schema\/logo\/image\/\"}},{\"@type\":\"Person\",\"@id\":\"https:\/\/www.iebschool.com\/saladeprensa\/#\/schema\/person\/9cca6e566c12dfa24b322fbb1cf5296a\",\"name\":\"Eva Rodriguez Alvarez\",\"image\":{\"@type\":\"ImageObject\",\"inLanguage\":\"es\",\"@id\":\"https:\/\/www.iebschool.com\/saladeprensa\/#\/schema\/person\/image\/\",\"url\":\"https:\/\/secure.gravatar.com\/avatar\/426bf2aca95ba540998e613554bc6cc611691f74af0502a51dbceefbf44178b4?s=96&d=mm&r=g\",\"contentUrl\":\"https:\/\/secure.gravatar.com\/avatar\/426bf2aca95ba540998e613554bc6cc611691f74af0502a51dbceefbf44178b4?s=96&d=mm&r=g\",\"caption\":\"Eva Rodriguez Alvarez\"},\"url\":\"https:\/\/www.iebschool.com\/saladeprensa\/author\/evarodrialgmail-com\/\"}]}<\/script>\n<!-- \/ Yoast SEO Premium plugin. -->","yoast_head_json":{"title":"Alejandro Caballero, fundador de Ebook-teca y premio IEBS-AJE: \"no todos pueden ser funcionarios, el autoempleo es una buena opci\u00f3n\" - Sala de Prensa","description":"Emprender es algo que cada vez se hace m\u00e1s temprano. Las nuevas generaciones se van abriendo paso y ya no tienen miedo de arriesgarse para poner en marcha","robots":{"index":"index","follow":"follow","max-snippet":"max-snippet:-1","max-image-preview":"max-image-preview:large","max-video-preview":"max-video-preview:-1"},"canonical":"https:\/\/www.iebschool.com\/saladeprensa\/2011\/12\/20\/alejandro-caballero-fundador-de-ebook-teca-y-premio-iebs-aje-no-todos-pueden-ser-funcionarios-el-autoempleo-es-una-buena-opcion\/","og_locale":"es_ES","og_type":"article","og_title":"Alejandro Caballero, fundador de Ebook-teca y premio IEBS-AJE: \"no todos pueden ser funcionarios, el autoempleo es una buena opci\u00f3n\"","og_description":"Emprender es algo que cada vez se hace m\u00e1s temprano. Las nuevas generaciones se van abriendo paso y ya no tienen miedo de arriesgarse para poner en marcha","og_url":"https:\/\/www.iebschool.com\/saladeprensa\/2011\/12\/20\/alejandro-caballero-fundador-de-ebook-teca-y-premio-iebs-aje-no-todos-pueden-ser-funcionarios-el-autoempleo-es-una-buena-opcion\/","og_site_name":"Sala de Prensa","article_published_time":"2011-12-20T13:56:12+00:00","article_modified_time":"2025-03-07T10:35:46+00:00","og_image":[{"url":"https:\/\/www.iebschool.com\/blog\/wp-content\/uploads\/2011\/12\/Alejandro-Caballero-AJE.jpg","type":"","width":"","height":""}],"author":"Eva Rodriguez Alvarez","twitter_card":"summary_large_image","twitter_misc":{"Escrito por":"Eva Rodriguez Alvarez","Tiempo de lectura":"4 minutos"},"schema":{"@context":"https:\/\/schema.org","@graph":[{"@type":"Article","@id":"https:\/\/www.iebschool.com\/saladeprensa\/2011\/12\/20\/alejandro-caballero-fundador-de-ebook-teca-y-premio-iebs-aje-no-todos-pueden-ser-funcionarios-el-autoempleo-es-una-buena-opcion\/#article","isPartOf":{"@id":"https:\/\/www.iebschool.com\/saladeprensa\/2011\/12\/20\/alejandro-caballero-fundador-de-ebook-teca-y-premio-iebs-aje-no-todos-pueden-ser-funcionarios-el-autoempleo-es-una-buena-opcion\/"},"author":{"name":"Eva Rodriguez Alvarez","@id":"https:\/\/www.iebschool.com\/saladeprensa\/#\/schema\/person\/9cca6e566c12dfa24b322fbb1cf5296a"},"headline":"Alejandro Caballero, fundador de Ebook-teca y premio IEBS-AJE: \u00abno todos pueden ser funcionarios, el autoempleo es una buena opci\u00f3n\u00bb","datePublished":"2011-12-20T13:56:12+00:00","dateModified":"2025-03-07T10:35:46+00:00","mainEntityOfPage":{"@id":"https:\/\/www.iebschool.com\/saladeprensa\/2011\/12\/20\/alejandro-caballero-fundador-de-ebook-teca-y-premio-iebs-aje-no-todos-pueden-ser-funcionarios-el-autoempleo-es-una-buena-opcion\/"},"wordCount":813,"commentCount":0,"publisher":{"@id":"https:\/\/www.iebschool.com\/saladeprensa\/#organization"},"image":{"@id":"https:\/\/www.iebschool.com\/saladeprensa\/2011\/12\/20\/alejandro-caballero-fundador-de-ebook-teca-y-premio-iebs-aje-no-todos-pueden-ser-funcionarios-el-autoempleo-es-una-buena-opcion\/#primaryimage"},"thumbnailUrl":"https:\/\/www.iebschool.com\/blog\/wp-content\/uploads\/2011\/12\/Alejandro-Caballero-AJE.jpg","keywords":["Alumnos Emprendedores","Entrevista Alumnos"],"articleSection":["Hablan nuestros alumnos"],"inLanguage":"es","potentialAction":[{"@type":"CommentAction","name":"Comment","target":["https:\/\/www.iebschool.com\/saladeprensa\/2011\/12\/20\/alejandro-caballero-fundador-de-ebook-teca-y-premio-iebs-aje-no-todos-pueden-ser-funcionarios-el-autoempleo-es-una-buena-opcion\/#respond"]}]},{"@type":"WebPage","@id":"https:\/\/www.iebschool.com\/saladeprensa\/2011\/12\/20\/alejandro-caballero-fundador-de-ebook-teca-y-premio-iebs-aje-no-todos-pueden-ser-funcionarios-el-autoempleo-es-una-buena-opcion\/","url":"https:\/\/www.iebschool.com\/saladeprensa\/2011\/12\/20\/alejandro-caballero-fundador-de-ebook-teca-y-premio-iebs-aje-no-todos-pueden-ser-funcionarios-el-autoempleo-es-una-buena-opcion\/","name":"Alejandro Caballero, fundador de Ebook-teca y premio IEBS-AJE: \"no todos pueden ser funcionarios, el autoempleo es una buena opci\u00f3n\" - Sala de Prensa","isPartOf":{"@id":"https:\/\/www.iebschool.com\/saladeprensa\/#website"},"primaryImageOfPage":{"@id":"https:\/\/www.iebschool.com\/saladeprensa\/2011\/12\/20\/alejandro-caballero-fundador-de-ebook-teca-y-premio-iebs-aje-no-todos-pueden-ser-funcionarios-el-autoempleo-es-una-buena-opcion\/#primaryimage"},"image":{"@id":"https:\/\/www.iebschool.com\/saladeprensa\/2011\/12\/20\/alejandro-caballero-fundador-de-ebook-teca-y-premio-iebs-aje-no-todos-pueden-ser-funcionarios-el-autoempleo-es-una-buena-opcion\/#primaryimage"},"thumbnailUrl":"https:\/\/www.iebschool.com\/blog\/wp-content\/uploads\/2011\/12\/Alejandro-Caballero-AJE.jpg","datePublished":"2011-12-20T13:56:12+00:00","dateModified":"2025-03-07T10:35:46+00:00","description":"Emprender es algo que cada vez se hace m\u00e1s temprano. Las nuevas generaciones se van abriendo paso y ya no tienen miedo de arriesgarse para poner en marcha","breadcrumb":{"@id":"https:\/\/www.iebschool.com\/saladeprensa\/2011\/12\/20\/alejandro-caballero-fundador-de-ebook-teca-y-premio-iebs-aje-no-todos-pueden-ser-funcionarios-el-autoempleo-es-una-buena-opcion\/#breadcrumb"},"inLanguage":"es","potentialAction":[{"@type":"ReadAction","target":["https:\/\/www.iebschool.com\/saladeprensa\/2011\/12\/20\/alejandro-caballero-fundador-de-ebook-teca-y-premio-iebs-aje-no-todos-pueden-ser-funcionarios-el-autoempleo-es-una-buena-opcion\/"]}]},{"@type":"ImageObject","inLanguage":"es","@id":"https:\/\/www.iebschool.com\/saladeprensa\/2011\/12\/20\/alejandro-caballero-fundador-de-ebook-teca-y-premio-iebs-aje-no-todos-pueden-ser-funcionarios-el-autoempleo-es-una-buena-opcion\/#primaryimage","url":"https:\/\/www.iebschool.com\/blog\/wp-content\/uploads\/2011\/12\/Alejandro-Caballero-AJE.jpg","contentUrl":"https:\/\/www.iebschool.com\/blog\/wp-content\/uploads\/2011\/12\/Alejandro-Caballero-AJE.jpg"},{"@type":"BreadcrumbList","@id":"https:\/\/www.iebschool.com\/saladeprensa\/2011\/12\/20\/alejandro-caballero-fundador-de-ebook-teca-y-premio-iebs-aje-no-todos-pueden-ser-funcionarios-el-autoempleo-es-una-buena-opcion\/#breadcrumb","itemListElement":[{"@type":"ListItem","position":1,"name":"Portada","item":"https:\/\/www.iebschool.com\/saladeprensa\/"},{"@type":"ListItem","position":2,"name":"Alejandro Caballero, fundador de Ebook-teca y premio IEBS-AJE: \u00abno todos pueden ser funcionarios, el autoempleo es una buena opci\u00f3n\u00bb"}]},{"@type":"WebSite","@id":"https:\/\/www.iebschool.com\/saladeprensa\/#website","url":"https:\/\/www.iebschool.com\/saladeprensa\/","name":"Sala de Prensa","description":"IEBS","publisher":{"@id":"https:\/\/www.iebschool.com\/saladeprensa\/#organization"},"potentialAction":[{"@type":"SearchAction","target":{"@type":"EntryPoint","urlTemplate":"https:\/\/www.iebschool.com\/saladeprensa\/?s={search_term_string}"},"query-input":{"@type":"PropertyValueSpecification","valueRequired":true,"valueName":"search_term_string"}}],"inLanguage":"es"},{"@type":"Organization","@id":"https:\/\/www.iebschool.com\/saladeprensa\/#organization","name":"Sala de Prensa","url":"https:\/\/www.iebschool.com\/saladeprensa\/","logo":{"@type":"ImageObject","inLanguage":"es","@id":"https:\/\/www.iebschool.com\/saladeprensa\/#\/schema\/logo\/image\/","url":"https:\/\/www.iebschool.com\/saladeprensa\/wp-content\/uploads\/2026\/02\/IEBS_Logo_BusinessSchool_1_Hor_Violeta-scaled.png","contentUrl":"https:\/\/www.iebschool.com\/saladeprensa\/wp-content\/uploads\/2026\/02\/IEBS_Logo_BusinessSchool_1_Hor_Violeta-scaled.png","width":2560,"height":374,"caption":"Sala de Prensa"},"image":{"@id":"https:\/\/www.iebschool.com\/saladeprensa\/#\/schema\/logo\/image\/"}},{"@type":"Person","@id":"https:\/\/www.iebschool.com\/saladeprensa\/#\/schema\/person\/9cca6e566c12dfa24b322fbb1cf5296a","name":"Eva Rodriguez Alvarez","image":{"@type":"ImageObject","inLanguage":"es","@id":"https:\/\/www.iebschool.com\/saladeprensa\/#\/schema\/person\/image\/","url":"https:\/\/secure.gravatar.com\/avatar\/426bf2aca95ba540998e613554bc6cc611691f74af0502a51dbceefbf44178b4?s=96&d=mm&r=g","contentUrl":"https:\/\/secure.gravatar.com\/avatar\/426bf2aca95ba540998e613554bc6cc611691f74af0502a51dbceefbf44178b4?s=96&d=mm&r=g","caption":"Eva Rodriguez Alvarez"},"url":"https:\/\/www.iebschool.com\/saladeprensa\/author\/evarodrialgmail-com\/"}]}},"image_thumbnail":"https:\/\/www.iebschool.com\/saladeprensa\/wp-includes\/images\/media\/default.svg","image_full":"https:\/\/www.iebschool.com\/saladeprensa\/wp-includes\/images\/media\/default.svg","categoria":{"nombre":"Hablan nuestros alumnos","slug":"category\/entrevista-alumnos"},"_links":{"self":[{"href":"https:\/\/www.iebschool.com\/saladeprensa\/wp-json\/wp\/v2\/posts\/915","targetHints":{"allow":["GET"]}}],"collection":[{"href":"https:\/\/www.iebschool.com\/saladeprensa\/wp-json\/wp\/v2\/posts"}],"about":[{"href":"https:\/\/www.iebschool.com\/saladeprensa\/wp-json\/wp\/v2\/types\/post"}],"author":[{"embeddable":true,"href":"https:\/\/www.iebschool.com\/saladeprensa\/wp-json\/wp\/v2\/users\/8"}],"replies":[{"embeddable":true,"href":"https:\/\/www.iebschool.com\/saladeprensa\/wp-json\/wp\/v2\/comments?post=915"}],"version-history":[{"count":2,"href":"https:\/\/www.iebschool.com\/saladeprensa\/wp-json\/wp\/v2\/posts\/915\/revisions"}],"predecessor-version":[{"id":5875,"href":"https:\/\/www.iebschool.com\/saladeprensa\/wp-json\/wp\/v2\/posts\/915\/revisions\/5875"}],"wp:attachment":[{"href":"https:\/\/www.iebschool.com\/saladeprensa\/wp-json\/wp\/v2\/media?parent=915"}],"wp:term":[{"taxonomy":"category","embeddable":true,"href":"https:\/\/www.iebschool.com\/saladeprensa\/wp-json\/wp\/v2\/categories?post=915"},{"taxonomy":"post_tag","embeddable":true,"href":"https:\/\/www.iebschool.com\/saladeprensa\/wp-json\/wp\/v2\/tags?post=915"}],"curies":[{"name":"wp","href":"https:\/\/api.w.org\/{rel}","templated":true}]}}